{"id":44297,"date":"2021-03-24T10:47:42","date_gmt":"2021-03-24T13:47:42","guid":{"rendered":"https:\/\/regiaonews.net.br\/2022\/?p=44297"},"modified":"2021-03-24T12:33:41","modified_gmt":"2021-03-24T15:33:41","slug":"operacao-dia-mundial-da-agua-resulta-em-quase-500-infracoes-ambientais","status":"publish","type":"post","link":"https:\/\/regiaonews.net.br\/2022\/2021\/03\/24\/operacao-dia-mundial-da-agua-resulta-em-quase-500-infracoes-ambientais\/","title":{"rendered":"Opera\u00e7\u00e3o Dia Mundial da \u00c1gua resulta em quase 500 infra\u00e7\u00f5es ambientais"},"content":{"rendered":"<div>\n<h1 class=\"chapeu2 ng-binding\"><a href=\"https:\/\/regiaonews.net.br\/2022\/wp-content\/uploads\/2021\/03\/00044351.jpeg\"><img loading=\"lazy\" decoding=\"async\" class=\"alignnone size-medium wp-image-44298\" src=\"https:\/\/regiaonews.net.br\/2022\/wp-content\/uploads\/2021\/03\/00044351-300x300.jpeg\" alt=\"\" width=\"300\" height=\"300\" \/><\/a><\/h1>\n<p class=\"titulopreto ng-binding\">A a\u00e7\u00e3o foi realizada em todo o Estado, ao longo dos dias 22 e 23 de mar\u00e7o<\/p>\n<p>&nbsp;<\/p>\n<p class=\"titulopreto ng-binding\"><span style=\"font-size: 16px;\">A Pol\u00edcia Militar deflagrou, entre os dias 22 e 23 de mar\u00e7o, a Opera\u00e7\u00e3o #DiaMundialDa\u00c1gua com o objetivo de combater os crimes ambientais que colocam em risco a qualidade de vida, sa\u00fade e seguran\u00e7a p\u00fablica, em todo o Estado de S\u00e3o Paulo.<\/span><\/p>\n<p>&nbsp;<\/p>\n<\/div>\n<div id=\"notCorpo\" class=\"ng-binding\">\n<p>Mais de 1,2 mil policiais militares integrados ao Comando de Policiamento Ambiental (CPAmb) e 450 viaturas, entre quatro rodas, n\u00e1uticas e drones, foram empenhados nas atividades e realizaram o policiamento ostensivo mar\u00edtimo e terrestre.<\/p>\n<p>Os trabalhos, que marcaram a comemora\u00e7\u00e3o do Dia Mundial da \u00c1gua, registraram a\u00e7\u00f5es contra o tr\u00e1fico, a ca\u00e7a e cativeiro ilegal da fauna silvestre, o combate ao desmatamento e a minera\u00e7\u00e3o clandestina. Como resultado, 11 armas foram apreendidas.<\/p>\n<p>Al\u00e9m disso, ainda foram elaborados 497 Autos de Infra\u00e7\u00f5es Ambientais (AIA), resultando na pris\u00e3o em flagrante de quatro pessoas. Tamb\u00e9m foram realizados flagrantes de loteamentos clandestinos em 899 mil m\u00b2 de \u00e1rea de manancial e de Preserva\u00e7\u00e3o Permanente representando o equivalente a 125 campos de futebol.<\/p>\n<p>&nbsp;<\/p>\n<\/div>\n","protected":false},"excerpt":{"rendered":"<p>A a\u00e7\u00e3o foi realizada em todo o Estado, ao longo<\/p>\n","protected":false},"author":2,"featured_media":44298,"comment_status":"open","ping_status":"open","sticky":false,"template":"","format":"standard","meta":{"footnotes":""},"categories":[25,7,23],"tags":[],"class_list":["post-44297","post","type-post","status-publish","format-standard","has-post-thumbnail","hentry","category-cidades","category-estado-de-sao-paulo","category-policia"],"yoast_head":"<!-- This site is optimized with the Yoast SEO plugin v27.4 - https:\/\/yoast.com\/product\/yoast-seo-wordpress\/ -->\n<title>Opera\u00e7\u00e3o Dia Mundial da \u00c1gua resulta em quase 500 infra\u00e7\u00f5es ambientais - Regi\u00e3o News<\/title>\n<meta name=\"robots\" content=\"index, follow, max-snippet:-1, max-image-preview:large, max-video-preview:-1\" \/>\n<link rel=\"canonical\" href=\"https:\/\/regiaonews.net.br\/2022\/2021\/03\/24\/operacao-dia-mundial-da-agua-resulta-em-quase-500-infracoes-ambientais\/\" \/>\n<meta property=\"og:locale\" content=\"pt_BR\" \/>\n<meta property=\"og:type\" content=\"article\" \/>\n<meta property=\"og:title\" content=\"Opera\u00e7\u00e3o Dia Mundial da \u00c1gua resulta em quase 500 infra\u00e7\u00f5es ambientais - Regi\u00e3o News\" \/>\n<meta property=\"og:description\" content=\"A a\u00e7\u00e3o foi realizada em todo o Estado, ao longo\" \/>\n<meta property=\"og:url\" content=\"https:\/\/regiaonews.net.br\/2022\/2021\/03\/24\/operacao-dia-mundial-da-agua-resulta-em-quase-500-infracoes-ambientais\/\" \/>\n<meta property=\"og:site_name\" content=\"Regi\u00e3o News\" \/>\n<meta property=\"article:published_time\" content=\"2021-03-24T13:47:42+00:00\" \/>\n<meta property=\"article:modified_time\" content=\"2021-03-24T15:33:41+00:00\" \/>\n<meta property=\"og:image\" content=\"https:\/\/regiaonews.net.br\/2022\/wp-content\/uploads\/2021\/03\/00044351.jpeg\" \/>\n\t<meta property=\"og:image:width\" content=\"1080\" \/>\n\t<meta property=\"og:image:height\" content=\"1080\" \/>\n\t<meta property=\"og:image:type\" content=\"image\/jpeg\" \/>\n<meta name=\"author\" content=\"Roberto\" \/>\n<meta name=\"twitter:card\" content=\"summary_large_image\" \/>\n<meta name=\"twitter:label1\" content=\"Escrito por\" \/>\n\t<meta name=\"twitter:data1\" content=\"Roberto\" \/>\n\t<meta name=\"twitter:label2\" content=\"Est. tempo de leitura\" \/>\n\t<meta name=\"twitter:data2\" content=\"1 minuto\" \/>\n<script type=\"application\/ld+json\" class=\"yoast-schema-graph\">{\"@context\":\"https:\\\/\\\/schema.org\",\"@graph\":[{\"@type\":\"Article\",\"@id\":\"https:\\\/\\\/regiaonews.net.br\\\/2022\\\/2021\\\/03\\\/24\\\/operacao-dia-mundial-da-agua-resulta-em-quase-500-infracoes-ambientais\\\/#article\",\"isPartOf\":{\"@id\":\"https:\\\/\\\/regiaonews.net.br\\\/2022\\\/2021\\\/03\\\/24\\\/operacao-dia-mundial-da-agua-resulta-em-quase-500-infracoes-ambientais\\\/\"},\"author\":{\"name\":\"Roberto\",\"@id\":\"https:\\\/\\\/regiaonews.net.br\\\/2022\\\/#\\\/schema\\\/person\\\/2d205a608a5aa97ac279d7a5e6d89ad8\"},\"headline\":\"Opera\u00e7\u00e3o Dia Mundial da \u00c1gua resulta em quase 500 infra\u00e7\u00f5es ambientais\",\"datePublished\":\"2021-03-24T13:47:42+00:00\",\"dateModified\":\"2021-03-24T15:33:41+00:00\",\"mainEntityOfPage\":{\"@id\":\"https:\\\/\\\/regiaonews.net.br\\\/2022\\\/2021\\\/03\\\/24\\\/operacao-dia-mundial-da-agua-resulta-em-quase-500-infracoes-ambientais\\\/\"},\"wordCount\":204,\"commentCount\":0,\"publisher\":{\"@id\":\"https:\\\/\\\/regiaonews.net.br\\\/2022\\\/#organization\"},\"image\":{\"@id\":\"https:\\\/\\\/regiaonews.net.br\\\/2022\\\/2021\\\/03\\\/24\\\/operacao-dia-mundial-da-agua-resulta-em-quase-500-infracoes-ambientais\\\/#primaryimage\"},\"thumbnailUrl\":\"https:\\\/\\\/regiaonews.net.br\\\/2022\\\/wp-content\\\/uploads\\\/2021\\\/03\\\/00044351.jpeg\",\"articleSection\":[\"Cidades\",\"Estado de S\u00e3o Paulo\",\"Policia\"],\"inLanguage\":\"pt-BR\",\"potentialAction\":[{\"@type\":\"CommentAction\",\"name\":\"Comment\",\"target\":[\"https:\\\/\\\/regiaonews.net.br\\\/2022\\\/2021\\\/03\\\/24\\\/operacao-dia-mundial-da-agua-resulta-em-quase-500-infracoes-ambientais\\\/#respond\"]}]},{\"@type\":\"WebPage\",\"@id\":\"https:\\\/\\\/regiaonews.net.br\\\/2022\\\/2021\\\/03\\\/24\\\/operacao-dia-mundial-da-agua-resulta-em-quase-500-infracoes-ambientais\\\/\",\"url\":\"https:\\\/\\\/regiaonews.net.br\\\/2022\\\/2021\\\/03\\\/24\\\/operacao-dia-mundial-da-agua-resulta-em-quase-500-infracoes-ambientais\\\/\",\"name\":\"Opera\u00e7\u00e3o Dia Mundial da \u00c1gua resulta em quase 500 infra\u00e7\u00f5es ambientais - Regi\u00e3o News\",\"isPartOf\":{\"@id\":\"https:\\\/\\\/regiaonews.net.br\\\/2022\\\/#website\"},\"primaryImageOfPage\":{\"@id\":\"https:\\\/\\\/regiaonews.net.br\\\/2022\\\/2021\\\/03\\\/24\\\/operacao-dia-mundial-da-agua-resulta-em-quase-500-infracoes-ambientais\\\/#primaryimage\"},\"image\":{\"@id\":\"https:\\\/\\\/regiaonews.net.br\\\/2022\\\/2021\\\/03\\\/24\\\/operacao-dia-mundial-da-agua-resulta-em-quase-500-infracoes-ambientais\\\/#primaryimage\"},\"thumbnailUrl\":\"https:\\\/\\\/regiaonews.net.br\\\/2022\\\/wp-content\\\/uploads\\\/2021\\\/03\\\/00044351.jpeg\",\"datePublished\":\"2021-03-24T13:47:42+00:00\",\"dateModified\":\"2021-03-24T15:33:41+00:00\",\"breadcrumb\":{\"@id\":\"https:\\\/\\\/regiaonews.net.br\\\/2022\\\/2021\\\/03\\\/24\\\/operacao-dia-mundial-da-agua-resulta-em-quase-500-infracoes-ambientais\\\/#breadcrumb\"},\"inLanguage\":\"pt-BR\",\"potentialAction\":[{\"@type\":\"ReadAction\",\"target\":[\"https:\\\/\\\/regiaonews.net.br\\\/2022\\\/2021\\\/03\\\/24\\\/operacao-dia-mundial-da-agua-resulta-em-quase-500-infracoes-ambientais\\\/\"]}]},{\"@type\":\"ImageObject\",\"inLanguage\":\"pt-BR\",\"@id\":\"https:\\\/\\\/regiaonews.net.br\\\/2022\\\/2021\\\/03\\\/24\\\/operacao-dia-mundial-da-agua-resulta-em-quase-500-infracoes-ambientais\\\/#primaryimage\",\"url\":\"https:\\\/\\\/regiaonews.net.br\\\/2022\\\/wp-content\\\/uploads\\\/2021\\\/03\\\/00044351.jpeg\",\"contentUrl\":\"https:\\\/\\\/regiaonews.net.br\\\/2022\\\/wp-content\\\/uploads\\\/2021\\\/03\\\/00044351.jpeg\",\"width\":1080,\"height\":1080},{\"@type\":\"BreadcrumbList\",\"@id\":\"https:\\\/\\\/regiaonews.net.br\\\/2022\\\/2021\\\/03\\\/24\\\/operacao-dia-mundial-da-agua-resulta-em-quase-500-infracoes-ambientais\\\/#breadcrumb\",\"itemListElement\":[{\"@type\":\"ListItem\",\"position\":1,\"name\":\"In\u00edcio\",\"item\":\"https:\\\/\\\/regiaonews.net.br\\\/2022\\\/\"},{\"@type\":\"ListItem\",\"position\":2,\"name\":\"Opera\u00e7\u00e3o Dia Mundial da \u00c1gua resulta em quase 500 infra\u00e7\u00f5es ambientais\"}]},{\"@type\":\"WebSite\",\"@id\":\"https:\\\/\\\/regiaonews.net.br\\\/2022\\\/#website\",\"url\":\"https:\\\/\\\/regiaonews.net.br\\\/2022\\\/\",\"name\":\"Regi\u00e3o News\",\"description\":\"Site de Not\u00edcias de Barretos e regi\u00e3o\",\"publisher\":{\"@id\":\"https:\\\/\\\/regiaonews.net.br\\\/2022\\\/#organization\"},\"potentialAction\":[{\"@type\":\"SearchAction\",\"target\":{\"@type\":\"EntryPoint\",\"urlTemplate\":\"https:\\\/\\\/regiaonews.net.br\\\/2022\\\/?s={search_term_string}\"},\"query-input\":{\"@type\":\"PropertyValueSpecification\",\"valueRequired\":true,\"valueName\":\"search_term_string\"}}],\"inLanguage\":\"pt-BR\"},{\"@type\":\"Organization\",\"@id\":\"https:\\\/\\\/regiaonews.net.br\\\/2022\\\/#organization\",\"name\":\"Regi\u00e3o News\",\"url\":\"https:\\\/\\\/regiaonews.net.br\\\/2022\\\/\",\"logo\":{\"@type\":\"ImageObject\",\"inLanguage\":\"pt-BR\",\"@id\":\"https:\\\/\\\/regiaonews.net.br\\\/2022\\\/#\\\/schema\\\/logo\\\/image\\\/\",\"url\":\"https:\\\/\\\/regiaonews.net.br\\\/2022\\\/wp-content\\\/uploads\\\/2026\\\/03\\\/regiao-13-anos-scaled.jpg\",\"contentUrl\":\"https:\\\/\\\/regiaonews.net.br\\\/2022\\\/wp-content\\\/uploads\\\/2026\\\/03\\\/regiao-13-anos-scaled.jpg\",\"width\":2560,\"height\":635,\"caption\":\"Regi\u00e3o News\"},\"image\":{\"@id\":\"https:\\\/\\\/regiaonews.net.br\\\/2022\\\/#\\\/schema\\\/logo\\\/image\\\/\"}},{\"@type\":\"Person\",\"@id\":\"https:\\\/\\\/regiaonews.net.br\\\/2022\\\/#\\\/schema\\\/person\\\/2d205a608a5aa97ac279d7a5e6d89ad8\",\"name\":\"Roberto\",\"image\":{\"@type\":\"ImageObject\",\"inLanguage\":\"pt-BR\",\"@id\":\"https:\\\/\\\/secure.gravatar.com\\\/avatar\\\/42749d8b712ff9d59ca93dc150494e5b55a44134482993f5baeb97e61b7ecc89?s=96&d=mm&r=g\",\"url\":\"https:\\\/\\\/secure.gravatar.com\\\/avatar\\\/42749d8b712ff9d59ca93dc150494e5b55a44134482993f5baeb97e61b7ecc89?s=96&d=mm&r=g\",\"contentUrl\":\"https:\\\/\\\/secure.gravatar.com\\\/avatar\\\/42749d8b712ff9d59ca93dc150494e5b55a44134482993f5baeb97e61b7ecc89?s=96&d=mm&r=g\",\"caption\":\"Roberto\"},\"url\":\"https:\\\/\\\/regiaonews.net.br\\\/2022\\\/author\\\/roberto\\\/\"}]}<\/script>\n<!-- \/ Yoast SEO plugin. -->","yoast_head_json":{"title":"Opera\u00e7\u00e3o Dia Mundial da \u00c1gua resulta em quase 500 infra\u00e7\u00f5es ambientais - Regi\u00e3o News","robots":{"index":"index","follow":"follow","max-snippet":"max-snippet:-1","max-image-preview":"max-image-preview:large","max-video-preview":"max-video-preview:-1"},"canonical":"https:\/\/regiaonews.net.br\/2022\/2021\/03\/24\/operacao-dia-mundial-da-agua-resulta-em-quase-500-infracoes-ambientais\/","og_locale":"pt_BR","og_type":"article","og_title":"Opera\u00e7\u00e3o Dia Mundial da \u00c1gua resulta em quase 500 infra\u00e7\u00f5es ambientais - Regi\u00e3o News","og_description":"A a\u00e7\u00e3o foi realizada em todo o Estado, ao longo","og_url":"https:\/\/regiaonews.net.br\/2022\/2021\/03\/24\/operacao-dia-mundial-da-agua-resulta-em-quase-500-infracoes-ambientais\/","og_site_name":"Regi\u00e3o News","article_published_time":"2021-03-24T13:47:42+00:00","article_modified_time":"2021-03-24T15:33:41+00:00","og_image":[{"width":1080,"height":1080,"url":"https:\/\/regiaonews.net.br\/2022\/wp-content\/uploads\/2021\/03\/00044351.jpeg","type":"image\/jpeg"}],"author":"Roberto","twitter_card":"summary_large_image","twitter_misc":{"Escrito por":"Roberto","Est. tempo de leitura":"1 minuto"},"schema":{"@context":"https:\/\/schema.org","@graph":[{"@type":"Article","@id":"https:\/\/regiaonews.net.br\/2022\/2021\/03\/24\/operacao-dia-mundial-da-agua-resulta-em-quase-500-infracoes-ambientais\/#article","isPartOf":{"@id":"https:\/\/regiaonews.net.br\/2022\/2021\/03\/24\/operacao-dia-mundial-da-agua-resulta-em-quase-500-infracoes-ambientais\/"},"author":{"name":"Roberto","@id":"https:\/\/regiaonews.net.br\/2022\/#\/schema\/person\/2d205a608a5aa97ac279d7a5e6d89ad8"},"headline":"Opera\u00e7\u00e3o Dia Mundial da \u00c1gua resulta em quase 500 infra\u00e7\u00f5es ambientais","datePublished":"2021-03-24T13:47:42+00:00","dateModified":"2021-03-24T15:33:41+00:00","mainEntityOfPage":{"@id":"https:\/\/regiaonews.net.br\/2022\/2021\/03\/24\/operacao-dia-mundial-da-agua-resulta-em-quase-500-infracoes-ambientais\/"},"wordCount":204,"commentCount":0,"publisher":{"@id":"https:\/\/regiaonews.net.br\/2022\/#organization"},"image":{"@id":"https:\/\/regiaonews.net.br\/2022\/2021\/03\/24\/operacao-dia-mundial-da-agua-resulta-em-quase-500-infracoes-ambientais\/#primaryimage"},"thumbnailUrl":"https:\/\/regiaonews.net.br\/2022\/wp-content\/uploads\/2021\/03\/00044351.jpeg","articleSection":["Cidades","Estado de S\u00e3o Paulo","Policia"],"inLanguage":"pt-BR","potentialAction":[{"@type":"CommentAction","name":"Comment","target":["https:\/\/regiaonews.net.br\/2022\/2021\/03\/24\/operacao-dia-mundial-da-agua-resulta-em-quase-500-infracoes-ambientais\/#respond"]}]},{"@type":"WebPage","@id":"https:\/\/regiaonews.net.br\/2022\/2021\/03\/24\/operacao-dia-mundial-da-agua-resulta-em-quase-500-infracoes-ambientais\/","url":"https:\/\/regiaonews.net.br\/2022\/2021\/03\/24\/operacao-dia-mundial-da-agua-resulta-em-quase-500-infracoes-ambientais\/","name":"Opera\u00e7\u00e3o Dia Mundial da \u00c1gua resulta em quase 500 infra\u00e7\u00f5es ambientais - Regi\u00e3o News","isPartOf":{"@id":"https:\/\/regiaonews.net.br\/2022\/#website"},"primaryImageOfPage":{"@id":"https:\/\/regiaonews.net.br\/2022\/2021\/03\/24\/operacao-dia-mundial-da-agua-resulta-em-quase-500-infracoes-ambientais\/#primaryimage"},"image":{"@id":"https:\/\/regiaonews.net.br\/2022\/2021\/03\/24\/operacao-dia-mundial-da-agua-resulta-em-quase-500-infracoes-ambientais\/#primaryimage"},"thumbnailUrl":"https:\/\/regiaonews.net.br\/2022\/wp-content\/uploads\/2021\/03\/00044351.jpeg","datePublished":"2021-03-24T13:47:42+00:00","dateModified":"2021-03-24T15:33:41+00:00","breadcrumb":{"@id":"https:\/\/regiaonews.net.br\/2022\/2021\/03\/24\/operacao-dia-mundial-da-agua-resulta-em-quase-500-infracoes-ambientais\/#breadcrumb"},"inLanguage":"pt-BR","potentialAction":[{"@type":"ReadAction","target":["https:\/\/regiaonews.net.br\/2022\/2021\/03\/24\/operacao-dia-mundial-da-agua-resulta-em-quase-500-infracoes-ambientais\/"]}]},{"@type":"ImageObject","inLanguage":"pt-BR","@id":"https:\/\/regiaonews.net.br\/2022\/2021\/03\/24\/operacao-dia-mundial-da-agua-resulta-em-quase-500-infracoes-ambientais\/#primaryimage","url":"https:\/\/regiaonews.net.br\/2022\/wp-content\/uploads\/2021\/03\/00044351.jpeg","contentUrl":"https:\/\/regiaonews.net.br\/2022\/wp-content\/uploads\/2021\/03\/00044351.jpeg","width":1080,"height":1080},{"@type":"BreadcrumbList","@id":"https:\/\/regiaonews.net.br\/2022\/2021\/03\/24\/operacao-dia-mundial-da-agua-resulta-em-quase-500-infracoes-ambientais\/#breadcrumb","itemListElement":[{"@type":"ListItem","position":1,"name":"In\u00edcio","item":"https:\/\/regiaonews.net.br\/2022\/"},{"@type":"ListItem","position":2,"name":"Opera\u00e7\u00e3o Dia Mundial da \u00c1gua resulta em quase 500 infra\u00e7\u00f5es ambientais"}]},{"@type":"WebSite","@id":"https:\/\/regiaonews.net.br\/2022\/#website","url":"https:\/\/regiaonews.net.br\/2022\/","name":"Regi\u00e3o News","description":"Site de Not\u00edcias de Barretos e regi\u00e3o","publisher":{"@id":"https:\/\/regiaonews.net.br\/2022\/#organization"},"potentialAction":[{"@type":"SearchAction","target":{"@type":"EntryPoint","urlTemplate":"https:\/\/regiaonews.net.br\/2022\/?s={search_term_string}"},"query-input":{"@type":"PropertyValueSpecification","valueRequired":true,"valueName":"search_term_string"}}],"inLanguage":"pt-BR"},{"@type":"Organization","@id":"https:\/\/regiaonews.net.br\/2022\/#organization","name":"Regi\u00e3o News","url":"https:\/\/regiaonews.net.br\/2022\/","logo":{"@type":"ImageObject","inLanguage":"pt-BR","@id":"https:\/\/regiaonews.net.br\/2022\/#\/schema\/logo\/image\/","url":"https:\/\/regiaonews.net.br\/2022\/wp-content\/uploads\/2026\/03\/regiao-13-anos-scaled.jpg","contentUrl":"https:\/\/regiaonews.net.br\/2022\/wp-content\/uploads\/2026\/03\/regiao-13-anos-scaled.jpg","width":2560,"height":635,"caption":"Regi\u00e3o News"},"image":{"@id":"https:\/\/regiaonews.net.br\/2022\/#\/schema\/logo\/image\/"}},{"@type":"Person","@id":"https:\/\/regiaonews.net.br\/2022\/#\/schema\/person\/2d205a608a5aa97ac279d7a5e6d89ad8","name":"Roberto","image":{"@type":"ImageObject","inLanguage":"pt-BR","@id":"https:\/\/secure.gravatar.com\/avatar\/42749d8b712ff9d59ca93dc150494e5b55a44134482993f5baeb97e61b7ecc89?s=96&d=mm&r=g","url":"https:\/\/secure.gravatar.com\/avatar\/42749d8b712ff9d59ca93dc150494e5b55a44134482993f5baeb97e61b7ecc89?s=96&d=mm&r=g","contentUrl":"https:\/\/secure.gravatar.com\/avatar\/42749d8b712ff9d59ca93dc150494e5b55a44134482993f5baeb97e61b7ecc89?s=96&d=mm&r=g","caption":"Roberto"},"url":"https:\/\/regiaonews.net.br\/2022\/author\/roberto\/"}]}},"publishpress_future_action":{"enabled":false,"date":"2026-05-02 01:09:22","action":"change-status","newStatus":"draft","terms":[],"taxonomy":"category","extraData":[]},"publishpress_future_workflow_manual_trigger":{"enabledWorkflows":[]},"_links":{"self":[{"href":"https:\/\/regiaonews.net.br\/2022\/wp-json\/wp\/v2\/posts\/44297","targetHints":{"allow":["GET"]}}],"collection":[{"href":"https:\/\/regiaonews.net.br\/2022\/wp-json\/wp\/v2\/posts"}],"about":[{"href":"https:\/\/regiaonews.net.br\/2022\/wp-json\/wp\/v2\/types\/post"}],"author":[{"embeddable":true,"href":"https:\/\/regiaonews.net.br\/2022\/wp-json\/wp\/v2\/users\/2"}],"replies":[{"embeddable":true,"href":"https:\/\/regiaonews.net.br\/2022\/wp-json\/wp\/v2\/comments?post=44297"}],"version-history":[{"count":0,"href":"https:\/\/regiaonews.net.br\/2022\/wp-json\/wp\/v2\/posts\/44297\/revisions"}],"wp:featuredmedia":[{"embeddable":true,"href":"https:\/\/regiaonews.net.br\/2022\/wp-json\/wp\/v2\/media\/44298"}],"wp:attachment":[{"href":"https:\/\/regiaonews.net.br\/2022\/wp-json\/wp\/v2\/media?parent=44297"}],"wp:term":[{"taxonomy":"category","embeddable":true,"href":"https:\/\/regiaonews.net.br\/2022\/wp-json\/wp\/v2\/categories?post=44297"},{"taxonomy":"post_tag","embeddable":true,"href":"https:\/\/regiaonews.net.br\/2022\/wp-json\/wp\/v2\/tags?post=44297"}],"curies":[{"name":"wp","href":"https:\/\/api.w.org\/{rel}","templated":true}]}}