{"id":44295,"date":"2021-03-24T08:10:08","date_gmt":"2021-03-24T11:10:08","guid":{"rendered":"https:\/\/regiaonews.net.br\/2022\/?p=44295"},"modified":"2021-03-24T08:10:08","modified_gmt":"2021-03-24T11:10:08","slug":"paroquia-do-bom-jesus-recebe-doacoes-diarias-de-alimentos","status":"publish","type":"post","link":"https:\/\/regiaonews.net.br\/2022\/2021\/03\/24\/paroquia-do-bom-jesus-recebe-doacoes-diarias-de-alimentos\/","title":{"rendered":"Par\u00f3quia do Bom Jesus recebe doa\u00e7\u00f5es di\u00e1rias de alimentos"},"content":{"rendered":"<p><a href=\"https:\/\/regiaonews.net.br\/2022\/wp-content\/uploads\/2020\/02\/padre-Thiago-1.png\"><img loading=\"lazy\" decoding=\"async\" class=\"alignnone size-medium wp-image-27527\" src=\"https:\/\/regiaonews.net.br\/2022\/wp-content\/uploads\/2020\/02\/padre-Thiago-1-300x163.png\" alt=\"\" width=\"300\" height=\"163\" \/><\/a><\/p>\n<p>O padre Thiago Reis, p\u00e1roco da Igreja do Bom Jesus, afirmou que em virtude da pandemia, fim do aux\u00edlio emergencial e aumento do desemprego, cresceu muito os pedidos de doa\u00e7\u00f5es de alimentos na Par\u00f3quia. Segundo o religioso, quem puder colaborar, ao longo da semana, pode deixar a sua doa\u00e7\u00e3o de alimentos na secretaria paroquial das 10h \u00e0s 12h e das 14h \u00e0s 18h, de segunda a sexta e aos s\u00e1bados, das 8h \u00e0s 12h. \u201cPrecisamos da sua ajuda para socorrer nossos irm\u00e3os mais carentes. Tem sido dias muito dif\u00edceis para todos n\u00f3s, por\u00e9m, h\u00e1 muitos irm\u00e3os que n\u00e3o est\u00e3o tendo o m\u00ednimo para comer\u201d, lembrou o padre Thiago.<\/p>\n","protected":false},"excerpt":{"rendered":"<p>O padre Thiago Reis, p\u00e1roco da Igreja do Bom Jesus,<\/p>\n","protected":false},"author":2,"featured_media":27527,"comment_status":"open","ping_status":"open","sticky":false,"template":"","format":"standard","meta":{"footnotes":""},"categories":[14,82],"tags":[],"class_list":["post-44295","post","type-post","status-publish","format-standard","has-post-thumbnail","hentry","category-barretos","category-solidariedade"],"yoast_head":"<!-- This site is optimized with the Yoast SEO plugin v27.4 - https:\/\/yoast.com\/product\/yoast-seo-wordpress\/ -->\n<title>Par\u00f3quia do Bom Jesus recebe doa\u00e7\u00f5es di\u00e1rias de alimentos - Regi\u00e3o News<\/title>\n<meta name=\"robots\" content=\"index, follow, max-snippet:-1, max-image-preview:large, max-video-preview:-1\" \/>\n<link rel=\"canonical\" href=\"https:\/\/regiaonews.net.br\/2022\/2021\/03\/24\/paroquia-do-bom-jesus-recebe-doacoes-diarias-de-alimentos\/\" \/>\n<meta property=\"og:locale\" content=\"pt_BR\" \/>\n<meta property=\"og:type\" content=\"article\" \/>\n<meta property=\"og:title\" content=\"Par\u00f3quia do Bom Jesus recebe doa\u00e7\u00f5es di\u00e1rias de alimentos - Regi\u00e3o News\" \/>\n<meta property=\"og:description\" content=\"O padre Thiago Reis, p\u00e1roco da Igreja do Bom Jesus,\" \/>\n<meta property=\"og:url\" content=\"https:\/\/regiaonews.net.br\/2022\/2021\/03\/24\/paroquia-do-bom-jesus-recebe-doacoes-diarias-de-alimentos\/\" \/>\n<meta property=\"og:site_name\" content=\"Regi\u00e3o News\" \/>\n<meta property=\"article:published_time\" content=\"2021-03-24T11:10:08+00:00\" \/>\n<meta property=\"og:image\" content=\"https:\/\/regiaonews.net.br\/2022\/wp-content\/uploads\/2020\/02\/padre-Thiago-1.png\" \/>\n\t<meta property=\"og:image:width\" content=\"646\" \/>\n\t<meta property=\"og:image:height\" content=\"351\" \/>\n\t<meta property=\"og:image:type\" content=\"image\/png\" \/>\n<meta name=\"author\" content=\"Roberto\" \/>\n<meta name=\"twitter:card\" content=\"summary_large_image\" \/>\n<meta name=\"twitter:label1\" content=\"Escrito por\" \/>\n\t<meta name=\"twitter:data1\" content=\"Roberto\" \/>\n\t<meta name=\"twitter:label2\" content=\"Est. tempo de leitura\" \/>\n\t<meta name=\"twitter:data2\" content=\"1 minuto\" \/>\n<script type=\"application\/ld+json\" class=\"yoast-schema-graph\">{\"@context\":\"https:\\\/\\\/schema.org\",\"@graph\":[{\"@type\":\"Article\",\"@id\":\"https:\\\/\\\/regiaonews.net.br\\\/2022\\\/2021\\\/03\\\/24\\\/paroquia-do-bom-jesus-recebe-doacoes-diarias-de-alimentos\\\/#article\",\"isPartOf\":{\"@id\":\"https:\\\/\\\/regiaonews.net.br\\\/2022\\\/2021\\\/03\\\/24\\\/paroquia-do-bom-jesus-recebe-doacoes-diarias-de-alimentos\\\/\"},\"author\":{\"name\":\"Roberto\",\"@id\":\"https:\\\/\\\/regiaonews.net.br\\\/2022\\\/#\\\/schema\\\/person\\\/2d205a608a5aa97ac279d7a5e6d89ad8\"},\"headline\":\"Par\u00f3quia do Bom Jesus recebe doa\u00e7\u00f5es di\u00e1rias de alimentos\",\"datePublished\":\"2021-03-24T11:10:08+00:00\",\"mainEntityOfPage\":{\"@id\":\"https:\\\/\\\/regiaonews.net.br\\\/2022\\\/2021\\\/03\\\/24\\\/paroquia-do-bom-jesus-recebe-doacoes-diarias-de-alimentos\\\/\"},\"wordCount\":134,\"commentCount\":0,\"publisher\":{\"@id\":\"https:\\\/\\\/regiaonews.net.br\\\/2022\\\/#organization\"},\"image\":{\"@id\":\"https:\\\/\\\/regiaonews.net.br\\\/2022\\\/2021\\\/03\\\/24\\\/paroquia-do-bom-jesus-recebe-doacoes-diarias-de-alimentos\\\/#primaryimage\"},\"thumbnailUrl\":\"https:\\\/\\\/regiaonews.net.br\\\/2022\\\/wp-content\\\/uploads\\\/2020\\\/02\\\/padre-Thiago-1.png\",\"articleSection\":[\"Barretos\",\"Solidariedade\"],\"inLanguage\":\"pt-BR\",\"potentialAction\":[{\"@type\":\"CommentAction\",\"name\":\"Comment\",\"target\":[\"https:\\\/\\\/regiaonews.net.br\\\/2022\\\/2021\\\/03\\\/24\\\/paroquia-do-bom-jesus-recebe-doacoes-diarias-de-alimentos\\\/#respond\"]}]},{\"@type\":\"WebPage\",\"@id\":\"https:\\\/\\\/regiaonews.net.br\\\/2022\\\/2021\\\/03\\\/24\\\/paroquia-do-bom-jesus-recebe-doacoes-diarias-de-alimentos\\\/\",\"url\":\"https:\\\/\\\/regiaonews.net.br\\\/2022\\\/2021\\\/03\\\/24\\\/paroquia-do-bom-jesus-recebe-doacoes-diarias-de-alimentos\\\/\",\"name\":\"Par\u00f3quia do Bom Jesus recebe doa\u00e7\u00f5es di\u00e1rias de alimentos - Regi\u00e3o News\",\"isPartOf\":{\"@id\":\"https:\\\/\\\/regiaonews.net.br\\\/2022\\\/#website\"},\"primaryImageOfPage\":{\"@id\":\"https:\\\/\\\/regiaonews.net.br\\\/2022\\\/2021\\\/03\\\/24\\\/paroquia-do-bom-jesus-recebe-doacoes-diarias-de-alimentos\\\/#primaryimage\"},\"image\":{\"@id\":\"https:\\\/\\\/regiaonews.net.br\\\/2022\\\/2021\\\/03\\\/24\\\/paroquia-do-bom-jesus-recebe-doacoes-diarias-de-alimentos\\\/#primaryimage\"},\"thumbnailUrl\":\"https:\\\/\\\/regiaonews.net.br\\\/2022\\\/wp-content\\\/uploads\\\/2020\\\/02\\\/padre-Thiago-1.png\",\"datePublished\":\"2021-03-24T11:10:08+00:00\",\"breadcrumb\":{\"@id\":\"https:\\\/\\\/regiaonews.net.br\\\/2022\\\/2021\\\/03\\\/24\\\/paroquia-do-bom-jesus-recebe-doacoes-diarias-de-alimentos\\\/#breadcrumb\"},\"inLanguage\":\"pt-BR\",\"potentialAction\":[{\"@type\":\"ReadAction\",\"target\":[\"https:\\\/\\\/regiaonews.net.br\\\/2022\\\/2021\\\/03\\\/24\\\/paroquia-do-bom-jesus-recebe-doacoes-diarias-de-alimentos\\\/\"]}]},{\"@type\":\"ImageObject\",\"inLanguage\":\"pt-BR\",\"@id\":\"https:\\\/\\\/regiaonews.net.br\\\/2022\\\/2021\\\/03\\\/24\\\/paroquia-do-bom-jesus-recebe-doacoes-diarias-de-alimentos\\\/#primaryimage\",\"url\":\"https:\\\/\\\/regiaonews.net.br\\\/2022\\\/wp-content\\\/uploads\\\/2020\\\/02\\\/padre-Thiago-1.png\",\"contentUrl\":\"https:\\\/\\\/regiaonews.net.br\\\/2022\\\/wp-content\\\/uploads\\\/2020\\\/02\\\/padre-Thiago-1.png\",\"width\":646,\"height\":351},{\"@type\":\"BreadcrumbList\",\"@id\":\"https:\\\/\\\/regiaonews.net.br\\\/2022\\\/2021\\\/03\\\/24\\\/paroquia-do-bom-jesus-recebe-doacoes-diarias-de-alimentos\\\/#breadcrumb\",\"itemListElement\":[{\"@type\":\"ListItem\",\"position\":1,\"name\":\"In\u00edcio\",\"item\":\"https:\\\/\\\/regiaonews.net.br\\\/2022\\\/\"},{\"@type\":\"ListItem\",\"position\":2,\"name\":\"Par\u00f3quia do Bom Jesus recebe doa\u00e7\u00f5es di\u00e1rias de alimentos\"}]},{\"@type\":\"WebSite\",\"@id\":\"https:\\\/\\\/regiaonews.net.br\\\/2022\\\/#website\",\"url\":\"https:\\\/\\\/regiaonews.net.br\\\/2022\\\/\",\"name\":\"Regi\u00e3o News\",\"description\":\"Site de Not\u00edcias de Barretos e regi\u00e3o\",\"publisher\":{\"@id\":\"https:\\\/\\\/regiaonews.net.br\\\/2022\\\/#organization\"},\"potentialAction\":[{\"@type\":\"SearchAction\",\"target\":{\"@type\":\"EntryPoint\",\"urlTemplate\":\"https:\\\/\\\/regiaonews.net.br\\\/2022\\\/?s={search_term_string}\"},\"query-input\":{\"@type\":\"PropertyValueSpecification\",\"valueRequired\":true,\"valueName\":\"search_term_string\"}}],\"inLanguage\":\"pt-BR\"},{\"@type\":\"Organization\",\"@id\":\"https:\\\/\\\/regiaonews.net.br\\\/2022\\\/#organization\",\"name\":\"Regi\u00e3o News\",\"url\":\"https:\\\/\\\/regiaonews.net.br\\\/2022\\\/\",\"logo\":{\"@type\":\"ImageObject\",\"inLanguage\":\"pt-BR\",\"@id\":\"https:\\\/\\\/regiaonews.net.br\\\/2022\\\/#\\\/schema\\\/logo\\\/image\\\/\",\"url\":\"https:\\\/\\\/regiaonews.net.br\\\/2022\\\/wp-content\\\/uploads\\\/2026\\\/03\\\/regiao-13-anos-scaled.jpg\",\"contentUrl\":\"https:\\\/\\\/regiaonews.net.br\\\/2022\\\/wp-content\\\/uploads\\\/2026\\\/03\\\/regiao-13-anos-scaled.jpg\",\"width\":2560,\"height\":635,\"caption\":\"Regi\u00e3o News\"},\"image\":{\"@id\":\"https:\\\/\\\/regiaonews.net.br\\\/2022\\\/#\\\/schema\\\/logo\\\/image\\\/\"}},{\"@type\":\"Person\",\"@id\":\"https:\\\/\\\/regiaonews.net.br\\\/2022\\\/#\\\/schema\\\/person\\\/2d205a608a5aa97ac279d7a5e6d89ad8\",\"name\":\"Roberto\",\"image\":{\"@type\":\"ImageObject\",\"inLanguage\":\"pt-BR\",\"@id\":\"https:\\\/\\\/secure.gravatar.com\\\/avatar\\\/42749d8b712ff9d59ca93dc150494e5b55a44134482993f5baeb97e61b7ecc89?s=96&d=mm&r=g\",\"url\":\"https:\\\/\\\/secure.gravatar.com\\\/avatar\\\/42749d8b712ff9d59ca93dc150494e5b55a44134482993f5baeb97e61b7ecc89?s=96&d=mm&r=g\",\"contentUrl\":\"https:\\\/\\\/secure.gravatar.com\\\/avatar\\\/42749d8b712ff9d59ca93dc150494e5b55a44134482993f5baeb97e61b7ecc89?s=96&d=mm&r=g\",\"caption\":\"Roberto\"},\"url\":\"https:\\\/\\\/regiaonews.net.br\\\/2022\\\/author\\\/roberto\\\/\"}]}<\/script>\n<!-- \/ Yoast SEO plugin. -->","yoast_head_json":{"title":"Par\u00f3quia do Bom Jesus recebe doa\u00e7\u00f5es di\u00e1rias de alimentos - Regi\u00e3o News","robots":{"index":"index","follow":"follow","max-snippet":"max-snippet:-1","max-image-preview":"max-image-preview:large","max-video-preview":"max-video-preview:-1"},"canonical":"https:\/\/regiaonews.net.br\/2022\/2021\/03\/24\/paroquia-do-bom-jesus-recebe-doacoes-diarias-de-alimentos\/","og_locale":"pt_BR","og_type":"article","og_title":"Par\u00f3quia do Bom Jesus recebe doa\u00e7\u00f5es di\u00e1rias de alimentos - Regi\u00e3o News","og_description":"O padre Thiago Reis, p\u00e1roco da Igreja do Bom Jesus,","og_url":"https:\/\/regiaonews.net.br\/2022\/2021\/03\/24\/paroquia-do-bom-jesus-recebe-doacoes-diarias-de-alimentos\/","og_site_name":"Regi\u00e3o News","article_published_time":"2021-03-24T11:10:08+00:00","og_image":[{"width":646,"height":351,"url":"https:\/\/regiaonews.net.br\/2022\/wp-content\/uploads\/2020\/02\/padre-Thiago-1.png","type":"image\/png"}],"author":"Roberto","twitter_card":"summary_large_image","twitter_misc":{"Escrito por":"Roberto","Est. tempo de leitura":"1 minuto"},"schema":{"@context":"https:\/\/schema.org","@graph":[{"@type":"Article","@id":"https:\/\/regiaonews.net.br\/2022\/2021\/03\/24\/paroquia-do-bom-jesus-recebe-doacoes-diarias-de-alimentos\/#article","isPartOf":{"@id":"https:\/\/regiaonews.net.br\/2022\/2021\/03\/24\/paroquia-do-bom-jesus-recebe-doacoes-diarias-de-alimentos\/"},"author":{"name":"Roberto","@id":"https:\/\/regiaonews.net.br\/2022\/#\/schema\/person\/2d205a608a5aa97ac279d7a5e6d89ad8"},"headline":"Par\u00f3quia do Bom Jesus recebe doa\u00e7\u00f5es di\u00e1rias de alimentos","datePublished":"2021-03-24T11:10:08+00:00","mainEntityOfPage":{"@id":"https:\/\/regiaonews.net.br\/2022\/2021\/03\/24\/paroquia-do-bom-jesus-recebe-doacoes-diarias-de-alimentos\/"},"wordCount":134,"commentCount":0,"publisher":{"@id":"https:\/\/regiaonews.net.br\/2022\/#organization"},"image":{"@id":"https:\/\/regiaonews.net.br\/2022\/2021\/03\/24\/paroquia-do-bom-jesus-recebe-doacoes-diarias-de-alimentos\/#primaryimage"},"thumbnailUrl":"https:\/\/regiaonews.net.br\/2022\/wp-content\/uploads\/2020\/02\/padre-Thiago-1.png","articleSection":["Barretos","Solidariedade"],"inLanguage":"pt-BR","potentialAction":[{"@type":"CommentAction","name":"Comment","target":["https:\/\/regiaonews.net.br\/2022\/2021\/03\/24\/paroquia-do-bom-jesus-recebe-doacoes-diarias-de-alimentos\/#respond"]}]},{"@type":"WebPage","@id":"https:\/\/regiaonews.net.br\/2022\/2021\/03\/24\/paroquia-do-bom-jesus-recebe-doacoes-diarias-de-alimentos\/","url":"https:\/\/regiaonews.net.br\/2022\/2021\/03\/24\/paroquia-do-bom-jesus-recebe-doacoes-diarias-de-alimentos\/","name":"Par\u00f3quia do Bom Jesus recebe doa\u00e7\u00f5es di\u00e1rias de alimentos - Regi\u00e3o News","isPartOf":{"@id":"https:\/\/regiaonews.net.br\/2022\/#website"},"primaryImageOfPage":{"@id":"https:\/\/regiaonews.net.br\/2022\/2021\/03\/24\/paroquia-do-bom-jesus-recebe-doacoes-diarias-de-alimentos\/#primaryimage"},"image":{"@id":"https:\/\/regiaonews.net.br\/2022\/2021\/03\/24\/paroquia-do-bom-jesus-recebe-doacoes-diarias-de-alimentos\/#primaryimage"},"thumbnailUrl":"https:\/\/regiaonews.net.br\/2022\/wp-content\/uploads\/2020\/02\/padre-Thiago-1.png","datePublished":"2021-03-24T11:10:08+00:00","breadcrumb":{"@id":"https:\/\/regiaonews.net.br\/2022\/2021\/03\/24\/paroquia-do-bom-jesus-recebe-doacoes-diarias-de-alimentos\/#breadcrumb"},"inLanguage":"pt-BR","potentialAction":[{"@type":"ReadAction","target":["https:\/\/regiaonews.net.br\/2022\/2021\/03\/24\/paroquia-do-bom-jesus-recebe-doacoes-diarias-de-alimentos\/"]}]},{"@type":"ImageObject","inLanguage":"pt-BR","@id":"https:\/\/regiaonews.net.br\/2022\/2021\/03\/24\/paroquia-do-bom-jesus-recebe-doacoes-diarias-de-alimentos\/#primaryimage","url":"https:\/\/regiaonews.net.br\/2022\/wp-content\/uploads\/2020\/02\/padre-Thiago-1.png","contentUrl":"https:\/\/regiaonews.net.br\/2022\/wp-content\/uploads\/2020\/02\/padre-Thiago-1.png","width":646,"height":351},{"@type":"BreadcrumbList","@id":"https:\/\/regiaonews.net.br\/2022\/2021\/03\/24\/paroquia-do-bom-jesus-recebe-doacoes-diarias-de-alimentos\/#breadcrumb","itemListElement":[{"@type":"ListItem","position":1,"name":"In\u00edcio","item":"https:\/\/regiaonews.net.br\/2022\/"},{"@type":"ListItem","position":2,"name":"Par\u00f3quia do Bom Jesus recebe doa\u00e7\u00f5es di\u00e1rias de alimentos"}]},{"@type":"WebSite","@id":"https:\/\/regiaonews.net.br\/2022\/#website","url":"https:\/\/regiaonews.net.br\/2022\/","name":"Regi\u00e3o News","description":"Site de Not\u00edcias de Barretos e regi\u00e3o","publisher":{"@id":"https:\/\/regiaonews.net.br\/2022\/#organization"},"potentialAction":[{"@type":"SearchAction","target":{"@type":"EntryPoint","urlTemplate":"https:\/\/regiaonews.net.br\/2022\/?s={search_term_string}"},"query-input":{"@type":"PropertyValueSpecification","valueRequired":true,"valueName":"search_term_string"}}],"inLanguage":"pt-BR"},{"@type":"Organization","@id":"https:\/\/regiaonews.net.br\/2022\/#organization","name":"Regi\u00e3o News","url":"https:\/\/regiaonews.net.br\/2022\/","logo":{"@type":"ImageObject","inLanguage":"pt-BR","@id":"https:\/\/regiaonews.net.br\/2022\/#\/schema\/logo\/image\/","url":"https:\/\/regiaonews.net.br\/2022\/wp-content\/uploads\/2026\/03\/regiao-13-anos-scaled.jpg","contentUrl":"https:\/\/regiaonews.net.br\/2022\/wp-content\/uploads\/2026\/03\/regiao-13-anos-scaled.jpg","width":2560,"height":635,"caption":"Regi\u00e3o News"},"image":{"@id":"https:\/\/regiaonews.net.br\/2022\/#\/schema\/logo\/image\/"}},{"@type":"Person","@id":"https:\/\/regiaonews.net.br\/2022\/#\/schema\/person\/2d205a608a5aa97ac279d7a5e6d89ad8","name":"Roberto","image":{"@type":"ImageObject","inLanguage":"pt-BR","@id":"https:\/\/secure.gravatar.com\/avatar\/42749d8b712ff9d59ca93dc150494e5b55a44134482993f5baeb97e61b7ecc89?s=96&d=mm&r=g","url":"https:\/\/secure.gravatar.com\/avatar\/42749d8b712ff9d59ca93dc150494e5b55a44134482993f5baeb97e61b7ecc89?s=96&d=mm&r=g","contentUrl":"https:\/\/secure.gravatar.com\/avatar\/42749d8b712ff9d59ca93dc150494e5b55a44134482993f5baeb97e61b7ecc89?s=96&d=mm&r=g","caption":"Roberto"},"url":"https:\/\/regiaonews.net.br\/2022\/author\/roberto\/"}]}},"publishpress_future_action":{"enabled":false,"date":"2026-05-04 05:03:36","action":"change-status","newStatus":"draft","terms":[],"taxonomy":"category","extraData":[]},"publishpress_future_workflow_manual_trigger":{"enabledWorkflows":[]},"_links":{"self":[{"href":"https:\/\/regiaonews.net.br\/2022\/wp-json\/wp\/v2\/posts\/44295","targetHints":{"allow":["GET"]}}],"collection":[{"href":"https:\/\/regiaonews.net.br\/2022\/wp-json\/wp\/v2\/posts"}],"about":[{"href":"https:\/\/regiaonews.net.br\/2022\/wp-json\/wp\/v2\/types\/post"}],"author":[{"embeddable":true,"href":"https:\/\/regiaonews.net.br\/2022\/wp-json\/wp\/v2\/users\/2"}],"replies":[{"embeddable":true,"href":"https:\/\/regiaonews.net.br\/2022\/wp-json\/wp\/v2\/comments?post=44295"}],"version-history":[{"count":0,"href":"https:\/\/regiaonews.net.br\/2022\/wp-json\/wp\/v2\/posts\/44295\/revisions"}],"wp:featuredmedia":[{"embeddable":true,"href":"https:\/\/regiaonews.net.br\/2022\/wp-json\/wp\/v2\/media\/27527"}],"wp:attachment":[{"href":"https:\/\/regiaonews.net.br\/2022\/wp-json\/wp\/v2\/media?parent=44295"}],"wp:term":[{"taxonomy":"category","embeddable":true,"href":"https:\/\/regiaonews.net.br\/2022\/wp-json\/wp\/v2\/categories?post=44295"},{"taxonomy":"post_tag","embeddable":true,"href":"https:\/\/regiaonews.net.br\/2022\/wp-json\/wp\/v2\/tags?post=44295"}],"curies":[{"name":"wp","href":"https:\/\/api.w.org\/{rel}","templated":true}]}}