{"id":44232,"date":"2021-03-22T20:34:09","date_gmt":"2021-03-22T23:34:09","guid":{"rendered":"https:\/\/regiaonews.net.br\/2022\/?p=44232"},"modified":"2021-03-22T20:36:00","modified_gmt":"2021-03-22T23:36:00","slug":"policia-ambiental-apreende-13-kg-de-peixes-em-terra-roxa","status":"publish","type":"post","link":"https:\/\/regiaonews.net.br\/2022\/2021\/03\/22\/policia-ambiental-apreende-13-kg-de-peixes-em-terra-roxa\/","title":{"rendered":"Pol\u00edcia Ambiental apreende 13 kg de peixes em Terra Roxa"},"content":{"rendered":"<p><a href=\"https:\/\/regiaonews.net.br\/2022\/wp-content\/uploads\/2021\/03\/20210322_202209.jpg\"><img loading=\"lazy\" decoding=\"async\" class=\"alignnone size-medium wp-image-44233\" src=\"https:\/\/regiaonews.net.br\/2022\/wp-content\/uploads\/2021\/03\/20210322_202209-268x300.jpg\" alt=\"\" width=\"268\" height=\"300\" \/><\/a> <a href=\"https:\/\/regiaonews.net.br\/2022\/wp-content\/uploads\/2021\/03\/20210322_202148.jpg\"><img loading=\"lazy\" decoding=\"async\" class=\"alignnone size-medium wp-image-44234\" src=\"https:\/\/regiaonews.net.br\/2022\/wp-content\/uploads\/2021\/03\/20210322_202148-252x300.jpg\" alt=\"\" width=\"252\" height=\"300\" \/><\/a><\/p>\n<p>4<\/p>\n<p>Durante Opera\u00e7\u00e3o Dia da \u00c1gua, a Pol\u00edcia Ambiental realizou\u00a0 \u00a0fiscaliza\u00e7\u00e3o de interven\u00e7\u00f5es em \u00e1rea de preserva\u00e7\u00e3o permanente \u00e0s margens do rio Pardo, quando avistaram em\u00a0 um rancho\u00a0 um freezer. Em contato com o proprietario, pescador profissional, foi realizada\u00a0 fiscaliza\u00e7\u00e3o do pescado, sendo constatado 21 esp\u00e9cimes de Piapara (12,390 KG) com tamanhos entre 33 e 38 cm, inferiores ao estabelecido nas normas do\u00a0 IBAMA 26\/2009, que fixa em 40 cm, al\u00e9m de 0,725 kg de fil\u00e9s de Piapara, contrariando o art. 3\u00b0, do IBAMA 26\/2009, totalizando 13 kg.<br \/>\nDiante do acima exposto, os policiais apreenderam o pescado e doaram ao asilo de Terra Roxa.<br \/>\nAdministrativamente foi elaborado em desfavor do autor o AIA 9680-1 com a penalidade de multa simples no valor de R$ 1.262,30 por incorrer no disposto do Art. 35, par\u00e1grafo 1\u00ba, inciso III, da Resolu\u00e7\u00e3o SIMA 05\/21 e penalmente o artigo 34 par\u00e1grafo unico, inciso I, da lei 9.605\/98.<\/p>\n","protected":false},"excerpt":{"rendered":"<p>4 Durante Opera\u00e7\u00e3o Dia da \u00c1gua, a Pol\u00edcia Ambiental realizou\u00a0<\/p>\n","protected":false},"author":2,"featured_media":44233,"comment_status":"open","ping_status":"open","sticky":false,"template":"","format":"standard","meta":{"footnotes":""},"categories":[25,23,55],"tags":[],"class_list":["post-44232","post","type-post","status-publish","format-standard","has-post-thumbnail","hentry","category-cidades","category-policia","category-terra-roxa"],"yoast_head":"<!-- This site is optimized with the Yoast SEO plugin v27.4 - https:\/\/yoast.com\/product\/yoast-seo-wordpress\/ -->\n<title>Pol\u00edcia Ambiental apreende 13 kg de peixes em Terra Roxa - Regi\u00e3o News<\/title>\n<meta name=\"robots\" content=\"index, follow, max-snippet:-1, max-image-preview:large, max-video-preview:-1\" \/>\n<link rel=\"canonical\" href=\"https:\/\/regiaonews.net.br\/2022\/2021\/03\/22\/policia-ambiental-apreende-13-kg-de-peixes-em-terra-roxa\/\" \/>\n<meta property=\"og:locale\" content=\"pt_BR\" \/>\n<meta property=\"og:type\" content=\"article\" \/>\n<meta property=\"og:title\" content=\"Pol\u00edcia Ambiental apreende 13 kg de peixes em Terra Roxa - Regi\u00e3o News\" \/>\n<meta property=\"og:description\" content=\"4 Durante Opera\u00e7\u00e3o Dia da \u00c1gua, a Pol\u00edcia Ambiental realizou\u00a0\" \/>\n<meta property=\"og:url\" content=\"https:\/\/regiaonews.net.br\/2022\/2021\/03\/22\/policia-ambiental-apreende-13-kg-de-peixes-em-terra-roxa\/\" \/>\n<meta property=\"og:site_name\" content=\"Regi\u00e3o News\" \/>\n<meta property=\"article:published_time\" content=\"2021-03-22T23:34:09+00:00\" \/>\n<meta property=\"article:modified_time\" content=\"2021-03-22T23:36:00+00:00\" \/>\n<meta property=\"og:image\" content=\"https:\/\/regiaonews.net.br\/2022\/wp-content\/uploads\/2021\/03\/20210322_202209.jpg\" \/>\n\t<meta property=\"og:image:width\" content=\"1080\" \/>\n\t<meta property=\"og:image:height\" content=\"1210\" \/>\n\t<meta property=\"og:image:type\" content=\"image\/jpeg\" \/>\n<meta name=\"author\" content=\"Roberto\" \/>\n<meta name=\"twitter:card\" content=\"summary_large_image\" \/>\n<meta name=\"twitter:label1\" content=\"Escrito por\" \/>\n\t<meta name=\"twitter:data1\" content=\"Roberto\" \/>\n\t<meta name=\"twitter:label2\" content=\"Est. tempo de leitura\" \/>\n\t<meta name=\"twitter:data2\" content=\"1 minuto\" \/>\n<script type=\"application\/ld+json\" class=\"yoast-schema-graph\">{\"@context\":\"https:\\\/\\\/schema.org\",\"@graph\":[{\"@type\":\"Article\",\"@id\":\"https:\\\/\\\/regiaonews.net.br\\\/2022\\\/2021\\\/03\\\/22\\\/policia-ambiental-apreende-13-kg-de-peixes-em-terra-roxa\\\/#article\",\"isPartOf\":{\"@id\":\"https:\\\/\\\/regiaonews.net.br\\\/2022\\\/2021\\\/03\\\/22\\\/policia-ambiental-apreende-13-kg-de-peixes-em-terra-roxa\\\/\"},\"author\":{\"name\":\"Roberto\",\"@id\":\"https:\\\/\\\/regiaonews.net.br\\\/2022\\\/#\\\/schema\\\/person\\\/2d205a608a5aa97ac279d7a5e6d89ad8\"},\"headline\":\"Pol\u00edcia Ambiental apreende 13 kg de peixes em Terra Roxa\",\"datePublished\":\"2021-03-22T23:34:09+00:00\",\"dateModified\":\"2021-03-22T23:36:00+00:00\",\"mainEntityOfPage\":{\"@id\":\"https:\\\/\\\/regiaonews.net.br\\\/2022\\\/2021\\\/03\\\/22\\\/policia-ambiental-apreende-13-kg-de-peixes-em-terra-roxa\\\/\"},\"wordCount\":157,\"commentCount\":0,\"publisher\":{\"@id\":\"https:\\\/\\\/regiaonews.net.br\\\/2022\\\/#organization\"},\"image\":{\"@id\":\"https:\\\/\\\/regiaonews.net.br\\\/2022\\\/2021\\\/03\\\/22\\\/policia-ambiental-apreende-13-kg-de-peixes-em-terra-roxa\\\/#primaryimage\"},\"thumbnailUrl\":\"https:\\\/\\\/regiaonews.net.br\\\/2022\\\/wp-content\\\/uploads\\\/2021\\\/03\\\/20210322_202209.jpg\",\"articleSection\":[\"Cidades\",\"Policia\",\"Terra Roxa\"],\"inLanguage\":\"pt-BR\",\"potentialAction\":[{\"@type\":\"CommentAction\",\"name\":\"Comment\",\"target\":[\"https:\\\/\\\/regiaonews.net.br\\\/2022\\\/2021\\\/03\\\/22\\\/policia-ambiental-apreende-13-kg-de-peixes-em-terra-roxa\\\/#respond\"]}]},{\"@type\":\"WebPage\",\"@id\":\"https:\\\/\\\/regiaonews.net.br\\\/2022\\\/2021\\\/03\\\/22\\\/policia-ambiental-apreende-13-kg-de-peixes-em-terra-roxa\\\/\",\"url\":\"https:\\\/\\\/regiaonews.net.br\\\/2022\\\/2021\\\/03\\\/22\\\/policia-ambiental-apreende-13-kg-de-peixes-em-terra-roxa\\\/\",\"name\":\"Pol\u00edcia Ambiental apreende 13 kg de peixes em Terra Roxa - Regi\u00e3o News\",\"isPartOf\":{\"@id\":\"https:\\\/\\\/regiaonews.net.br\\\/2022\\\/#website\"},\"primaryImageOfPage\":{\"@id\":\"https:\\\/\\\/regiaonews.net.br\\\/2022\\\/2021\\\/03\\\/22\\\/policia-ambiental-apreende-13-kg-de-peixes-em-terra-roxa\\\/#primaryimage\"},\"image\":{\"@id\":\"https:\\\/\\\/regiaonews.net.br\\\/2022\\\/2021\\\/03\\\/22\\\/policia-ambiental-apreende-13-kg-de-peixes-em-terra-roxa\\\/#primaryimage\"},\"thumbnailUrl\":\"https:\\\/\\\/regiaonews.net.br\\\/2022\\\/wp-content\\\/uploads\\\/2021\\\/03\\\/20210322_202209.jpg\",\"datePublished\":\"2021-03-22T23:34:09+00:00\",\"dateModified\":\"2021-03-22T23:36:00+00:00\",\"breadcrumb\":{\"@id\":\"https:\\\/\\\/regiaonews.net.br\\\/2022\\\/2021\\\/03\\\/22\\\/policia-ambiental-apreende-13-kg-de-peixes-em-terra-roxa\\\/#breadcrumb\"},\"inLanguage\":\"pt-BR\",\"potentialAction\":[{\"@type\":\"ReadAction\",\"target\":[\"https:\\\/\\\/regiaonews.net.br\\\/2022\\\/2021\\\/03\\\/22\\\/policia-ambiental-apreende-13-kg-de-peixes-em-terra-roxa\\\/\"]}]},{\"@type\":\"ImageObject\",\"inLanguage\":\"pt-BR\",\"@id\":\"https:\\\/\\\/regiaonews.net.br\\\/2022\\\/2021\\\/03\\\/22\\\/policia-ambiental-apreende-13-kg-de-peixes-em-terra-roxa\\\/#primaryimage\",\"url\":\"https:\\\/\\\/regiaonews.net.br\\\/2022\\\/wp-content\\\/uploads\\\/2021\\\/03\\\/20210322_202209.jpg\",\"contentUrl\":\"https:\\\/\\\/regiaonews.net.br\\\/2022\\\/wp-content\\\/uploads\\\/2021\\\/03\\\/20210322_202209.jpg\",\"width\":1080,\"height\":1210},{\"@type\":\"BreadcrumbList\",\"@id\":\"https:\\\/\\\/regiaonews.net.br\\\/2022\\\/2021\\\/03\\\/22\\\/policia-ambiental-apreende-13-kg-de-peixes-em-terra-roxa\\\/#breadcrumb\",\"itemListElement\":[{\"@type\":\"ListItem\",\"position\":1,\"name\":\"In\u00edcio\",\"item\":\"https:\\\/\\\/regiaonews.net.br\\\/2022\\\/\"},{\"@type\":\"ListItem\",\"position\":2,\"name\":\"Pol\u00edcia Ambiental apreende 13 kg de peixes em Terra Roxa\"}]},{\"@type\":\"WebSite\",\"@id\":\"https:\\\/\\\/regiaonews.net.br\\\/2022\\\/#website\",\"url\":\"https:\\\/\\\/regiaonews.net.br\\\/2022\\\/\",\"name\":\"Regi\u00e3o News\",\"description\":\"Site de Not\u00edcias de Barretos e regi\u00e3o\",\"publisher\":{\"@id\":\"https:\\\/\\\/regiaonews.net.br\\\/2022\\\/#organization\"},\"potentialAction\":[{\"@type\":\"SearchAction\",\"target\":{\"@type\":\"EntryPoint\",\"urlTemplate\":\"https:\\\/\\\/regiaonews.net.br\\\/2022\\\/?s={search_term_string}\"},\"query-input\":{\"@type\":\"PropertyValueSpecification\",\"valueRequired\":true,\"valueName\":\"search_term_string\"}}],\"inLanguage\":\"pt-BR\"},{\"@type\":\"Organization\",\"@id\":\"https:\\\/\\\/regiaonews.net.br\\\/2022\\\/#organization\",\"name\":\"Regi\u00e3o News\",\"url\":\"https:\\\/\\\/regiaonews.net.br\\\/2022\\\/\",\"logo\":{\"@type\":\"ImageObject\",\"inLanguage\":\"pt-BR\",\"@id\":\"https:\\\/\\\/regiaonews.net.br\\\/2022\\\/#\\\/schema\\\/logo\\\/image\\\/\",\"url\":\"https:\\\/\\\/regiaonews.net.br\\\/2022\\\/wp-content\\\/uploads\\\/2026\\\/03\\\/regiao-13-anos-scaled.jpg\",\"contentUrl\":\"https:\\\/\\\/regiaonews.net.br\\\/2022\\\/wp-content\\\/uploads\\\/2026\\\/03\\\/regiao-13-anos-scaled.jpg\",\"width\":2560,\"height\":635,\"caption\":\"Regi\u00e3o News\"},\"image\":{\"@id\":\"https:\\\/\\\/regiaonews.net.br\\\/2022\\\/#\\\/schema\\\/logo\\\/image\\\/\"}},{\"@type\":\"Person\",\"@id\":\"https:\\\/\\\/regiaonews.net.br\\\/2022\\\/#\\\/schema\\\/person\\\/2d205a608a5aa97ac279d7a5e6d89ad8\",\"name\":\"Roberto\",\"image\":{\"@type\":\"ImageObject\",\"inLanguage\":\"pt-BR\",\"@id\":\"https:\\\/\\\/secure.gravatar.com\\\/avatar\\\/42749d8b712ff9d59ca93dc150494e5b55a44134482993f5baeb97e61b7ecc89?s=96&d=mm&r=g\",\"url\":\"https:\\\/\\\/secure.gravatar.com\\\/avatar\\\/42749d8b712ff9d59ca93dc150494e5b55a44134482993f5baeb97e61b7ecc89?s=96&d=mm&r=g\",\"contentUrl\":\"https:\\\/\\\/secure.gravatar.com\\\/avatar\\\/42749d8b712ff9d59ca93dc150494e5b55a44134482993f5baeb97e61b7ecc89?s=96&d=mm&r=g\",\"caption\":\"Roberto\"},\"url\":\"https:\\\/\\\/regiaonews.net.br\\\/2022\\\/author\\\/roberto\\\/\"}]}<\/script>\n<!-- \/ Yoast SEO plugin. -->","yoast_head_json":{"title":"Pol\u00edcia Ambiental apreende 13 kg de peixes em Terra Roxa - Regi\u00e3o News","robots":{"index":"index","follow":"follow","max-snippet":"max-snippet:-1","max-image-preview":"max-image-preview:large","max-video-preview":"max-video-preview:-1"},"canonical":"https:\/\/regiaonews.net.br\/2022\/2021\/03\/22\/policia-ambiental-apreende-13-kg-de-peixes-em-terra-roxa\/","og_locale":"pt_BR","og_type":"article","og_title":"Pol\u00edcia Ambiental apreende 13 kg de peixes em Terra Roxa - Regi\u00e3o News","og_description":"4 Durante Opera\u00e7\u00e3o Dia da \u00c1gua, a Pol\u00edcia Ambiental realizou\u00a0","og_url":"https:\/\/regiaonews.net.br\/2022\/2021\/03\/22\/policia-ambiental-apreende-13-kg-de-peixes-em-terra-roxa\/","og_site_name":"Regi\u00e3o News","article_published_time":"2021-03-22T23:34:09+00:00","article_modified_time":"2021-03-22T23:36:00+00:00","og_image":[{"width":1080,"height":1210,"url":"https:\/\/regiaonews.net.br\/2022\/wp-content\/uploads\/2021\/03\/20210322_202209.jpg","type":"image\/jpeg"}],"author":"Roberto","twitter_card":"summary_large_image","twitter_misc":{"Escrito por":"Roberto","Est. tempo de leitura":"1 minuto"},"schema":{"@context":"https:\/\/schema.org","@graph":[{"@type":"Article","@id":"https:\/\/regiaonews.net.br\/2022\/2021\/03\/22\/policia-ambiental-apreende-13-kg-de-peixes-em-terra-roxa\/#article","isPartOf":{"@id":"https:\/\/regiaonews.net.br\/2022\/2021\/03\/22\/policia-ambiental-apreende-13-kg-de-peixes-em-terra-roxa\/"},"author":{"name":"Roberto","@id":"https:\/\/regiaonews.net.br\/2022\/#\/schema\/person\/2d205a608a5aa97ac279d7a5e6d89ad8"},"headline":"Pol\u00edcia Ambiental apreende 13 kg de peixes em Terra Roxa","datePublished":"2021-03-22T23:34:09+00:00","dateModified":"2021-03-22T23:36:00+00:00","mainEntityOfPage":{"@id":"https:\/\/regiaonews.net.br\/2022\/2021\/03\/22\/policia-ambiental-apreende-13-kg-de-peixes-em-terra-roxa\/"},"wordCount":157,"commentCount":0,"publisher":{"@id":"https:\/\/regiaonews.net.br\/2022\/#organization"},"image":{"@id":"https:\/\/regiaonews.net.br\/2022\/2021\/03\/22\/policia-ambiental-apreende-13-kg-de-peixes-em-terra-roxa\/#primaryimage"},"thumbnailUrl":"https:\/\/regiaonews.net.br\/2022\/wp-content\/uploads\/2021\/03\/20210322_202209.jpg","articleSection":["Cidades","Policia","Terra Roxa"],"inLanguage":"pt-BR","potentialAction":[{"@type":"CommentAction","name":"Comment","target":["https:\/\/regiaonews.net.br\/2022\/2021\/03\/22\/policia-ambiental-apreende-13-kg-de-peixes-em-terra-roxa\/#respond"]}]},{"@type":"WebPage","@id":"https:\/\/regiaonews.net.br\/2022\/2021\/03\/22\/policia-ambiental-apreende-13-kg-de-peixes-em-terra-roxa\/","url":"https:\/\/regiaonews.net.br\/2022\/2021\/03\/22\/policia-ambiental-apreende-13-kg-de-peixes-em-terra-roxa\/","name":"Pol\u00edcia Ambiental apreende 13 kg de peixes em Terra Roxa - Regi\u00e3o News","isPartOf":{"@id":"https:\/\/regiaonews.net.br\/2022\/#website"},"primaryImageOfPage":{"@id":"https:\/\/regiaonews.net.br\/2022\/2021\/03\/22\/policia-ambiental-apreende-13-kg-de-peixes-em-terra-roxa\/#primaryimage"},"image":{"@id":"https:\/\/regiaonews.net.br\/2022\/2021\/03\/22\/policia-ambiental-apreende-13-kg-de-peixes-em-terra-roxa\/#primaryimage"},"thumbnailUrl":"https:\/\/regiaonews.net.br\/2022\/wp-content\/uploads\/2021\/03\/20210322_202209.jpg","datePublished":"2021-03-22T23:34:09+00:00","dateModified":"2021-03-22T23:36:00+00:00","breadcrumb":{"@id":"https:\/\/regiaonews.net.br\/2022\/2021\/03\/22\/policia-ambiental-apreende-13-kg-de-peixes-em-terra-roxa\/#breadcrumb"},"inLanguage":"pt-BR","potentialAction":[{"@type":"ReadAction","target":["https:\/\/regiaonews.net.br\/2022\/2021\/03\/22\/policia-ambiental-apreende-13-kg-de-peixes-em-terra-roxa\/"]}]},{"@type":"ImageObject","inLanguage":"pt-BR","@id":"https:\/\/regiaonews.net.br\/2022\/2021\/03\/22\/policia-ambiental-apreende-13-kg-de-peixes-em-terra-roxa\/#primaryimage","url":"https:\/\/regiaonews.net.br\/2022\/wp-content\/uploads\/2021\/03\/20210322_202209.jpg","contentUrl":"https:\/\/regiaonews.net.br\/2022\/wp-content\/uploads\/2021\/03\/20210322_202209.jpg","width":1080,"height":1210},{"@type":"BreadcrumbList","@id":"https:\/\/regiaonews.net.br\/2022\/2021\/03\/22\/policia-ambiental-apreende-13-kg-de-peixes-em-terra-roxa\/#breadcrumb","itemListElement":[{"@type":"ListItem","position":1,"name":"In\u00edcio","item":"https:\/\/regiaonews.net.br\/2022\/"},{"@type":"ListItem","position":2,"name":"Pol\u00edcia Ambiental apreende 13 kg de peixes em Terra Roxa"}]},{"@type":"WebSite","@id":"https:\/\/regiaonews.net.br\/2022\/#website","url":"https:\/\/regiaonews.net.br\/2022\/","name":"Regi\u00e3o News","description":"Site de Not\u00edcias de Barretos e regi\u00e3o","publisher":{"@id":"https:\/\/regiaonews.net.br\/2022\/#organization"},"potentialAction":[{"@type":"SearchAction","target":{"@type":"EntryPoint","urlTemplate":"https:\/\/regiaonews.net.br\/2022\/?s={search_term_string}"},"query-input":{"@type":"PropertyValueSpecification","valueRequired":true,"valueName":"search_term_string"}}],"inLanguage":"pt-BR"},{"@type":"Organization","@id":"https:\/\/regiaonews.net.br\/2022\/#organization","name":"Regi\u00e3o News","url":"https:\/\/regiaonews.net.br\/2022\/","logo":{"@type":"ImageObject","inLanguage":"pt-BR","@id":"https:\/\/regiaonews.net.br\/2022\/#\/schema\/logo\/image\/","url":"https:\/\/regiaonews.net.br\/2022\/wp-content\/uploads\/2026\/03\/regiao-13-anos-scaled.jpg","contentUrl":"https:\/\/regiaonews.net.br\/2022\/wp-content\/uploads\/2026\/03\/regiao-13-anos-scaled.jpg","width":2560,"height":635,"caption":"Regi\u00e3o News"},"image":{"@id":"https:\/\/regiaonews.net.br\/2022\/#\/schema\/logo\/image\/"}},{"@type":"Person","@id":"https:\/\/regiaonews.net.br\/2022\/#\/schema\/person\/2d205a608a5aa97ac279d7a5e6d89ad8","name":"Roberto","image":{"@type":"ImageObject","inLanguage":"pt-BR","@id":"https:\/\/secure.gravatar.com\/avatar\/42749d8b712ff9d59ca93dc150494e5b55a44134482993f5baeb97e61b7ecc89?s=96&d=mm&r=g","url":"https:\/\/secure.gravatar.com\/avatar\/42749d8b712ff9d59ca93dc150494e5b55a44134482993f5baeb97e61b7ecc89?s=96&d=mm&r=g","contentUrl":"https:\/\/secure.gravatar.com\/avatar\/42749d8b712ff9d59ca93dc150494e5b55a44134482993f5baeb97e61b7ecc89?s=96&d=mm&r=g","caption":"Roberto"},"url":"https:\/\/regiaonews.net.br\/2022\/author\/roberto\/"}]}},"publishpress_future_action":{"enabled":false,"date":"2026-05-03 20:52:15","action":"change-status","newStatus":"draft","terms":[],"taxonomy":"category","extraData":[]},"publishpress_future_workflow_manual_trigger":{"enabledWorkflows":[]},"_links":{"self":[{"href":"https:\/\/regiaonews.net.br\/2022\/wp-json\/wp\/v2\/posts\/44232","targetHints":{"allow":["GET"]}}],"collection":[{"href":"https:\/\/regiaonews.net.br\/2022\/wp-json\/wp\/v2\/posts"}],"about":[{"href":"https:\/\/regiaonews.net.br\/2022\/wp-json\/wp\/v2\/types\/post"}],"author":[{"embeddable":true,"href":"https:\/\/regiaonews.net.br\/2022\/wp-json\/wp\/v2\/users\/2"}],"replies":[{"embeddable":true,"href":"https:\/\/regiaonews.net.br\/2022\/wp-json\/wp\/v2\/comments?post=44232"}],"version-history":[{"count":0,"href":"https:\/\/regiaonews.net.br\/2022\/wp-json\/wp\/v2\/posts\/44232\/revisions"}],"wp:featuredmedia":[{"embeddable":true,"href":"https:\/\/regiaonews.net.br\/2022\/wp-json\/wp\/v2\/media\/44233"}],"wp:attachment":[{"href":"https:\/\/regiaonews.net.br\/2022\/wp-json\/wp\/v2\/media?parent=44232"}],"wp:term":[{"taxonomy":"category","embeddable":true,"href":"https:\/\/regiaonews.net.br\/2022\/wp-json\/wp\/v2\/categories?post=44232"},{"taxonomy":"post_tag","embeddable":true,"href":"https:\/\/regiaonews.net.br\/2022\/wp-json\/wp\/v2\/tags?post=44232"}],"curies":[{"name":"wp","href":"https:\/\/api.w.org\/{rel}","templated":true}]}}