{"id":44229,"date":"2021-03-22T19:43:30","date_gmt":"2021-03-22T22:43:30","guid":{"rendered":"https:\/\/regiaonews.net.br\/2022\/?p=44229"},"modified":"2021-03-22T19:43:30","modified_gmt":"2021-03-22T22:43:30","slug":"decreto-preve-aplicacao-de-multas-de-r500-reais-no-descumprimento-de-medidas-restritivas","status":"publish","type":"post","link":"https:\/\/regiaonews.net.br\/2022\/2021\/03\/22\/decreto-preve-aplicacao-de-multas-de-r500-reais-no-descumprimento-de-medidas-restritivas\/","title":{"rendered":"Decreto prev\u00ea aplica\u00e7\u00e3o de multas de R$500 reais no descumprimento de medidas restritivas"},"content":{"rendered":"<p><a href=\"https:\/\/regiaonews.net.br\/2022\/wp-content\/uploads\/2021\/03\/20210322_194135.jpg\"><img loading=\"lazy\" decoding=\"async\" class=\"alignnone size-medium wp-image-44230\" src=\"https:\/\/regiaonews.net.br\/2022\/wp-content\/uploads\/2021\/03\/20210322_194135-300x216.jpg\" alt=\"\" width=\"300\" height=\"216\" \/><\/a><\/p>\n<p>Na tarde desta segunda-feira, 22, no audit\u00f3rio da Prefeitura de Barretos, o secret\u00e1rio de Sa\u00fade Kleber Rosa atendeu \u00e0 imprensa para falar das novas medidas que entrar\u00e3o em vigor a partir de amanh\u00e3, 23.<br \/>\nDe acordo com Kleber Rosa, as novas medidas restritivas visam preservar o m\u00ednimo do funcionamento da atividade econ\u00f4mica e, ao mesmo tempo, manter o m\u00e1ximo poss\u00edvel o distanciamento social na circula\u00e7\u00e3o de pessoas. A ado\u00e7\u00e3o das medidas foi debatida em reuni\u00e3o com o representante do Minist\u00e9rio P\u00fablico de Barretos, assim, as medidas publicadas por meio de decreto ser\u00e3o objeto de intensa fiscaliza\u00e7\u00e3o. Entenda o decreto:<br \/>\nInd\u00fastrias: No segmento industrial, devem ser adotadas as recomenda\u00e7\u00f5es inerentes \u00e0 seguran\u00e7a e preven\u00e7\u00e3o de cont\u00e1gio entre os funcion\u00e1rios como utiliza\u00e7\u00e3o de \u00e1lcool em gel e demais utens\u00edlios e\/ou equipamentos de seguran\u00e7a, a partir de 23 de mar\u00e7o fica estabelecido que servi\u00e7os administrativos e locais de estoque dever\u00e3o trabalhar com revezamento de 50% dos trabalhadores no sistema home office;<br \/>\nServi\u00e7os de Sa\u00fade: A partir de 24 de mar\u00e7o, os agendamentos de consultas nas Unidades B\u00e1sicas de Sa\u00fade est\u00e3o suspensos, atendendo \u00e0 demanda espont\u00e2nea, que funcionar\u00e1 por sistema de triagem realizada pelos profissionais de enfermagem posicionados na entrada na Unidade. \u201cOs pacientes que apresentarem os sintomas gripais ser\u00e3o isolados dos demais\u201d. J\u00e1 a dispensa\u00e7\u00e3o de leite flu\u00eddo ser\u00e1 realizada todas \u00e0s ter\u00e7as-feiras, quartas-feiras e sextas-feiras, nas Unidades B\u00e1sicas de Sa\u00fade e nas Unidades de Sa\u00fade da Fam\u00edlia, obedecidas as seguintes diretrizes: o PROGRAMA VIVALEITE, ter\u00e1 a entrega ser\u00e1 feita para o benefici\u00e1rio ou respons\u00e1vel dele portando documento do benefici\u00e1rio; e o PROGRAMA LEITE DO IDOSO, ter\u00e1 a entrega ser\u00e1 feita para o benefici\u00e1rio idoso ou parente ou indiv\u00edduo portando documento do idoso benefici\u00e1rio. As consultas no ARE I &#8211; \u201cPost\u00e3o\u201d ser\u00e3o reduzidas a 50%. Contudo, as consultas de pr\u00e9-natal seguem a rotina normal no ARE I &#8211; \u201cPost\u00e3o\u201d, nas Estrat\u00e9gias de Sa\u00fade da Fam\u00edlia e nas Unidades B\u00e1sicas de Sa\u00fade est\u00e3o mantidas.<br \/>\nRestri\u00e7\u00e3o de pessoas: o decreto veda a perman\u00eancia, aglomera\u00e7\u00f5es e reuni\u00f5es de qualquer natureza na Regi\u00e3o dos Lagos, Avenida Roberto Cardoso Alves (Via das Comitivas), Avenida Jos\u00e9 Domingos Ducatti, Avenida das Na\u00e7\u00f5es, Avenida Ant\u00f4nio Frederico Ozanan (Via dos Coqueiros) e demais logradouros p\u00fablicos, considerando-se aglomera\u00e7\u00e3o a reuni\u00e3o de mais de 3 (tr\u00eas) pessoas. Em caso de desobedi\u00eancia, ser\u00e1 aplicada multa de R$500,00 (quinhentos reais) por pessoa, sem preju\u00edzo da multa de R$100 (cem reais) pelo n\u00e3o uso de m\u00e1scara, cobrindo nariz e a boca.<\/p>\n","protected":false},"excerpt":{"rendered":"<p>Na tarde desta segunda-feira, 22, no audit\u00f3rio da Prefeitura de<\/p>\n","protected":false},"author":2,"featured_media":44230,"comment_status":"open","ping_status":"open","sticky":false,"template":"","format":"standard","meta":{"footnotes":""},"categories":[14,25],"tags":[],"class_list":["post-44229","post","type-post","status-publish","format-standard","has-post-thumbnail","hentry","category-barretos","category-cidades"],"yoast_head":"<!-- This site is optimized with the Yoast SEO plugin v27.4 - https:\/\/yoast.com\/product\/yoast-seo-wordpress\/ -->\n<title>Decreto prev\u00ea aplica\u00e7\u00e3o de multas de R$500 reais no descumprimento de medidas restritivas - Regi\u00e3o News<\/title>\n<meta name=\"robots\" content=\"index, follow, max-snippet:-1, max-image-preview:large, max-video-preview:-1\" \/>\n<link rel=\"canonical\" href=\"https:\/\/regiaonews.net.br\/2022\/2021\/03\/22\/decreto-preve-aplicacao-de-multas-de-r500-reais-no-descumprimento-de-medidas-restritivas\/\" \/>\n<meta property=\"og:locale\" content=\"pt_BR\" \/>\n<meta property=\"og:type\" content=\"article\" \/>\n<meta property=\"og:title\" content=\"Decreto prev\u00ea aplica\u00e7\u00e3o de multas de R$500 reais no descumprimento de medidas restritivas - Regi\u00e3o News\" \/>\n<meta property=\"og:description\" content=\"Na tarde desta segunda-feira, 22, no audit\u00f3rio da Prefeitura de\" \/>\n<meta property=\"og:url\" content=\"https:\/\/regiaonews.net.br\/2022\/2021\/03\/22\/decreto-preve-aplicacao-de-multas-de-r500-reais-no-descumprimento-de-medidas-restritivas\/\" \/>\n<meta property=\"og:site_name\" content=\"Regi\u00e3o News\" \/>\n<meta property=\"article:published_time\" content=\"2021-03-22T22:43:30+00:00\" \/>\n<meta property=\"og:image\" content=\"https:\/\/regiaonews.net.br\/2022\/wp-content\/uploads\/2021\/03\/20210322_194135.jpg\" \/>\n\t<meta property=\"og:image:width\" content=\"1034\" \/>\n\t<meta property=\"og:image:height\" content=\"744\" \/>\n\t<meta property=\"og:image:type\" content=\"image\/jpeg\" \/>\n<meta name=\"author\" content=\"Roberto\" \/>\n<meta name=\"twitter:card\" content=\"summary_large_image\" \/>\n<meta name=\"twitter:label1\" content=\"Escrito por\" \/>\n\t<meta name=\"twitter:data1\" content=\"Roberto\" \/>\n\t<meta name=\"twitter:label2\" content=\"Est. tempo de leitura\" \/>\n\t<meta name=\"twitter:data2\" content=\"2 minutos\" \/>\n<script type=\"application\/ld+json\" class=\"yoast-schema-graph\">{\"@context\":\"https:\\\/\\\/schema.org\",\"@graph\":[{\"@type\":\"Article\",\"@id\":\"https:\\\/\\\/regiaonews.net.br\\\/2022\\\/2021\\\/03\\\/22\\\/decreto-preve-aplicacao-de-multas-de-r500-reais-no-descumprimento-de-medidas-restritivas\\\/#article\",\"isPartOf\":{\"@id\":\"https:\\\/\\\/regiaonews.net.br\\\/2022\\\/2021\\\/03\\\/22\\\/decreto-preve-aplicacao-de-multas-de-r500-reais-no-descumprimento-de-medidas-restritivas\\\/\"},\"author\":{\"name\":\"Roberto\",\"@id\":\"https:\\\/\\\/regiaonews.net.br\\\/2022\\\/#\\\/schema\\\/person\\\/2d205a608a5aa97ac279d7a5e6d89ad8\"},\"headline\":\"Decreto prev\u00ea aplica\u00e7\u00e3o de multas de R$500 reais no descumprimento de medidas restritivas\",\"datePublished\":\"2021-03-22T22:43:30+00:00\",\"mainEntityOfPage\":{\"@id\":\"https:\\\/\\\/regiaonews.net.br\\\/2022\\\/2021\\\/03\\\/22\\\/decreto-preve-aplicacao-de-multas-de-r500-reais-no-descumprimento-de-medidas-restritivas\\\/\"},\"wordCount\":482,\"commentCount\":0,\"publisher\":{\"@id\":\"https:\\\/\\\/regiaonews.net.br\\\/2022\\\/#organization\"},\"image\":{\"@id\":\"https:\\\/\\\/regiaonews.net.br\\\/2022\\\/2021\\\/03\\\/22\\\/decreto-preve-aplicacao-de-multas-de-r500-reais-no-descumprimento-de-medidas-restritivas\\\/#primaryimage\"},\"thumbnailUrl\":\"https:\\\/\\\/regiaonews.net.br\\\/2022\\\/wp-content\\\/uploads\\\/2021\\\/03\\\/20210322_194135.jpg\",\"articleSection\":[\"Barretos\",\"Cidades\"],\"inLanguage\":\"pt-BR\",\"potentialAction\":[{\"@type\":\"CommentAction\",\"name\":\"Comment\",\"target\":[\"https:\\\/\\\/regiaonews.net.br\\\/2022\\\/2021\\\/03\\\/22\\\/decreto-preve-aplicacao-de-multas-de-r500-reais-no-descumprimento-de-medidas-restritivas\\\/#respond\"]}]},{\"@type\":\"WebPage\",\"@id\":\"https:\\\/\\\/regiaonews.net.br\\\/2022\\\/2021\\\/03\\\/22\\\/decreto-preve-aplicacao-de-multas-de-r500-reais-no-descumprimento-de-medidas-restritivas\\\/\",\"url\":\"https:\\\/\\\/regiaonews.net.br\\\/2022\\\/2021\\\/03\\\/22\\\/decreto-preve-aplicacao-de-multas-de-r500-reais-no-descumprimento-de-medidas-restritivas\\\/\",\"name\":\"Decreto prev\u00ea aplica\u00e7\u00e3o de multas de R$500 reais no descumprimento de medidas restritivas - Regi\u00e3o News\",\"isPartOf\":{\"@id\":\"https:\\\/\\\/regiaonews.net.br\\\/2022\\\/#website\"},\"primaryImageOfPage\":{\"@id\":\"https:\\\/\\\/regiaonews.net.br\\\/2022\\\/2021\\\/03\\\/22\\\/decreto-preve-aplicacao-de-multas-de-r500-reais-no-descumprimento-de-medidas-restritivas\\\/#primaryimage\"},\"image\":{\"@id\":\"https:\\\/\\\/regiaonews.net.br\\\/2022\\\/2021\\\/03\\\/22\\\/decreto-preve-aplicacao-de-multas-de-r500-reais-no-descumprimento-de-medidas-restritivas\\\/#primaryimage\"},\"thumbnailUrl\":\"https:\\\/\\\/regiaonews.net.br\\\/2022\\\/wp-content\\\/uploads\\\/2021\\\/03\\\/20210322_194135.jpg\",\"datePublished\":\"2021-03-22T22:43:30+00:00\",\"breadcrumb\":{\"@id\":\"https:\\\/\\\/regiaonews.net.br\\\/2022\\\/2021\\\/03\\\/22\\\/decreto-preve-aplicacao-de-multas-de-r500-reais-no-descumprimento-de-medidas-restritivas\\\/#breadcrumb\"},\"inLanguage\":\"pt-BR\",\"potentialAction\":[{\"@type\":\"ReadAction\",\"target\":[\"https:\\\/\\\/regiaonews.net.br\\\/2022\\\/2021\\\/03\\\/22\\\/decreto-preve-aplicacao-de-multas-de-r500-reais-no-descumprimento-de-medidas-restritivas\\\/\"]}]},{\"@type\":\"ImageObject\",\"inLanguage\":\"pt-BR\",\"@id\":\"https:\\\/\\\/regiaonews.net.br\\\/2022\\\/2021\\\/03\\\/22\\\/decreto-preve-aplicacao-de-multas-de-r500-reais-no-descumprimento-de-medidas-restritivas\\\/#primaryimage\",\"url\":\"https:\\\/\\\/regiaonews.net.br\\\/2022\\\/wp-content\\\/uploads\\\/2021\\\/03\\\/20210322_194135.jpg\",\"contentUrl\":\"https:\\\/\\\/regiaonews.net.br\\\/2022\\\/wp-content\\\/uploads\\\/2021\\\/03\\\/20210322_194135.jpg\",\"width\":1034,\"height\":744},{\"@type\":\"BreadcrumbList\",\"@id\":\"https:\\\/\\\/regiaonews.net.br\\\/2022\\\/2021\\\/03\\\/22\\\/decreto-preve-aplicacao-de-multas-de-r500-reais-no-descumprimento-de-medidas-restritivas\\\/#breadcrumb\",\"itemListElement\":[{\"@type\":\"ListItem\",\"position\":1,\"name\":\"In\u00edcio\",\"item\":\"https:\\\/\\\/regiaonews.net.br\\\/2022\\\/\"},{\"@type\":\"ListItem\",\"position\":2,\"name\":\"Decreto prev\u00ea aplica\u00e7\u00e3o de multas de R$500 reais no descumprimento de medidas restritivas\"}]},{\"@type\":\"WebSite\",\"@id\":\"https:\\\/\\\/regiaonews.net.br\\\/2022\\\/#website\",\"url\":\"https:\\\/\\\/regiaonews.net.br\\\/2022\\\/\",\"name\":\"Regi\u00e3o News\",\"description\":\"Site de Not\u00edcias de Barretos e regi\u00e3o\",\"publisher\":{\"@id\":\"https:\\\/\\\/regiaonews.net.br\\\/2022\\\/#organization\"},\"potentialAction\":[{\"@type\":\"SearchAction\",\"target\":{\"@type\":\"EntryPoint\",\"urlTemplate\":\"https:\\\/\\\/regiaonews.net.br\\\/2022\\\/?s={search_term_string}\"},\"query-input\":{\"@type\":\"PropertyValueSpecification\",\"valueRequired\":true,\"valueName\":\"search_term_string\"}}],\"inLanguage\":\"pt-BR\"},{\"@type\":\"Organization\",\"@id\":\"https:\\\/\\\/regiaonews.net.br\\\/2022\\\/#organization\",\"name\":\"Regi\u00e3o News\",\"url\":\"https:\\\/\\\/regiaonews.net.br\\\/2022\\\/\",\"logo\":{\"@type\":\"ImageObject\",\"inLanguage\":\"pt-BR\",\"@id\":\"https:\\\/\\\/regiaonews.net.br\\\/2022\\\/#\\\/schema\\\/logo\\\/image\\\/\",\"url\":\"https:\\\/\\\/regiaonews.net.br\\\/2022\\\/wp-content\\\/uploads\\\/2026\\\/03\\\/regiao-13-anos-scaled.jpg\",\"contentUrl\":\"https:\\\/\\\/regiaonews.net.br\\\/2022\\\/wp-content\\\/uploads\\\/2026\\\/03\\\/regiao-13-anos-scaled.jpg\",\"width\":2560,\"height\":635,\"caption\":\"Regi\u00e3o News\"},\"image\":{\"@id\":\"https:\\\/\\\/regiaonews.net.br\\\/2022\\\/#\\\/schema\\\/logo\\\/image\\\/\"}},{\"@type\":\"Person\",\"@id\":\"https:\\\/\\\/regiaonews.net.br\\\/2022\\\/#\\\/schema\\\/person\\\/2d205a608a5aa97ac279d7a5e6d89ad8\",\"name\":\"Roberto\",\"image\":{\"@type\":\"ImageObject\",\"inLanguage\":\"pt-BR\",\"@id\":\"https:\\\/\\\/secure.gravatar.com\\\/avatar\\\/42749d8b712ff9d59ca93dc150494e5b55a44134482993f5baeb97e61b7ecc89?s=96&d=mm&r=g\",\"url\":\"https:\\\/\\\/secure.gravatar.com\\\/avatar\\\/42749d8b712ff9d59ca93dc150494e5b55a44134482993f5baeb97e61b7ecc89?s=96&d=mm&r=g\",\"contentUrl\":\"https:\\\/\\\/secure.gravatar.com\\\/avatar\\\/42749d8b712ff9d59ca93dc150494e5b55a44134482993f5baeb97e61b7ecc89?s=96&d=mm&r=g\",\"caption\":\"Roberto\"},\"url\":\"https:\\\/\\\/regiaonews.net.br\\\/2022\\\/author\\\/roberto\\\/\"}]}<\/script>\n<!-- \/ Yoast SEO plugin. -->","yoast_head_json":{"title":"Decreto prev\u00ea aplica\u00e7\u00e3o de multas de R$500 reais no descumprimento de medidas restritivas - Regi\u00e3o News","robots":{"index":"index","follow":"follow","max-snippet":"max-snippet:-1","max-image-preview":"max-image-preview:large","max-video-preview":"max-video-preview:-1"},"canonical":"https:\/\/regiaonews.net.br\/2022\/2021\/03\/22\/decreto-preve-aplicacao-de-multas-de-r500-reais-no-descumprimento-de-medidas-restritivas\/","og_locale":"pt_BR","og_type":"article","og_title":"Decreto prev\u00ea aplica\u00e7\u00e3o de multas de R$500 reais no descumprimento de medidas restritivas - Regi\u00e3o News","og_description":"Na tarde desta segunda-feira, 22, no audit\u00f3rio da Prefeitura de","og_url":"https:\/\/regiaonews.net.br\/2022\/2021\/03\/22\/decreto-preve-aplicacao-de-multas-de-r500-reais-no-descumprimento-de-medidas-restritivas\/","og_site_name":"Regi\u00e3o News","article_published_time":"2021-03-22T22:43:30+00:00","og_image":[{"width":1034,"height":744,"url":"https:\/\/regiaonews.net.br\/2022\/wp-content\/uploads\/2021\/03\/20210322_194135.jpg","type":"image\/jpeg"}],"author":"Roberto","twitter_card":"summary_large_image","twitter_misc":{"Escrito por":"Roberto","Est. tempo de leitura":"2 minutos"},"schema":{"@context":"https:\/\/schema.org","@graph":[{"@type":"Article","@id":"https:\/\/regiaonews.net.br\/2022\/2021\/03\/22\/decreto-preve-aplicacao-de-multas-de-r500-reais-no-descumprimento-de-medidas-restritivas\/#article","isPartOf":{"@id":"https:\/\/regiaonews.net.br\/2022\/2021\/03\/22\/decreto-preve-aplicacao-de-multas-de-r500-reais-no-descumprimento-de-medidas-restritivas\/"},"author":{"name":"Roberto","@id":"https:\/\/regiaonews.net.br\/2022\/#\/schema\/person\/2d205a608a5aa97ac279d7a5e6d89ad8"},"headline":"Decreto prev\u00ea aplica\u00e7\u00e3o de multas de R$500 reais no descumprimento de medidas restritivas","datePublished":"2021-03-22T22:43:30+00:00","mainEntityOfPage":{"@id":"https:\/\/regiaonews.net.br\/2022\/2021\/03\/22\/decreto-preve-aplicacao-de-multas-de-r500-reais-no-descumprimento-de-medidas-restritivas\/"},"wordCount":482,"commentCount":0,"publisher":{"@id":"https:\/\/regiaonews.net.br\/2022\/#organization"},"image":{"@id":"https:\/\/regiaonews.net.br\/2022\/2021\/03\/22\/decreto-preve-aplicacao-de-multas-de-r500-reais-no-descumprimento-de-medidas-restritivas\/#primaryimage"},"thumbnailUrl":"https:\/\/regiaonews.net.br\/2022\/wp-content\/uploads\/2021\/03\/20210322_194135.jpg","articleSection":["Barretos","Cidades"],"inLanguage":"pt-BR","potentialAction":[{"@type":"CommentAction","name":"Comment","target":["https:\/\/regiaonews.net.br\/2022\/2021\/03\/22\/decreto-preve-aplicacao-de-multas-de-r500-reais-no-descumprimento-de-medidas-restritivas\/#respond"]}]},{"@type":"WebPage","@id":"https:\/\/regiaonews.net.br\/2022\/2021\/03\/22\/decreto-preve-aplicacao-de-multas-de-r500-reais-no-descumprimento-de-medidas-restritivas\/","url":"https:\/\/regiaonews.net.br\/2022\/2021\/03\/22\/decreto-preve-aplicacao-de-multas-de-r500-reais-no-descumprimento-de-medidas-restritivas\/","name":"Decreto prev\u00ea aplica\u00e7\u00e3o de multas de R$500 reais no descumprimento de medidas restritivas - Regi\u00e3o News","isPartOf":{"@id":"https:\/\/regiaonews.net.br\/2022\/#website"},"primaryImageOfPage":{"@id":"https:\/\/regiaonews.net.br\/2022\/2021\/03\/22\/decreto-preve-aplicacao-de-multas-de-r500-reais-no-descumprimento-de-medidas-restritivas\/#primaryimage"},"image":{"@id":"https:\/\/regiaonews.net.br\/2022\/2021\/03\/22\/decreto-preve-aplicacao-de-multas-de-r500-reais-no-descumprimento-de-medidas-restritivas\/#primaryimage"},"thumbnailUrl":"https:\/\/regiaonews.net.br\/2022\/wp-content\/uploads\/2021\/03\/20210322_194135.jpg","datePublished":"2021-03-22T22:43:30+00:00","breadcrumb":{"@id":"https:\/\/regiaonews.net.br\/2022\/2021\/03\/22\/decreto-preve-aplicacao-de-multas-de-r500-reais-no-descumprimento-de-medidas-restritivas\/#breadcrumb"},"inLanguage":"pt-BR","potentialAction":[{"@type":"ReadAction","target":["https:\/\/regiaonews.net.br\/2022\/2021\/03\/22\/decreto-preve-aplicacao-de-multas-de-r500-reais-no-descumprimento-de-medidas-restritivas\/"]}]},{"@type":"ImageObject","inLanguage":"pt-BR","@id":"https:\/\/regiaonews.net.br\/2022\/2021\/03\/22\/decreto-preve-aplicacao-de-multas-de-r500-reais-no-descumprimento-de-medidas-restritivas\/#primaryimage","url":"https:\/\/regiaonews.net.br\/2022\/wp-content\/uploads\/2021\/03\/20210322_194135.jpg","contentUrl":"https:\/\/regiaonews.net.br\/2022\/wp-content\/uploads\/2021\/03\/20210322_194135.jpg","width":1034,"height":744},{"@type":"BreadcrumbList","@id":"https:\/\/regiaonews.net.br\/2022\/2021\/03\/22\/decreto-preve-aplicacao-de-multas-de-r500-reais-no-descumprimento-de-medidas-restritivas\/#breadcrumb","itemListElement":[{"@type":"ListItem","position":1,"name":"In\u00edcio","item":"https:\/\/regiaonews.net.br\/2022\/"},{"@type":"ListItem","position":2,"name":"Decreto prev\u00ea aplica\u00e7\u00e3o de multas de R$500 reais no descumprimento de medidas restritivas"}]},{"@type":"WebSite","@id":"https:\/\/regiaonews.net.br\/2022\/#website","url":"https:\/\/regiaonews.net.br\/2022\/","name":"Regi\u00e3o News","description":"Site de Not\u00edcias de Barretos e regi\u00e3o","publisher":{"@id":"https:\/\/regiaonews.net.br\/2022\/#organization"},"potentialAction":[{"@type":"SearchAction","target":{"@type":"EntryPoint","urlTemplate":"https:\/\/regiaonews.net.br\/2022\/?s={search_term_string}"},"query-input":{"@type":"PropertyValueSpecification","valueRequired":true,"valueName":"search_term_string"}}],"inLanguage":"pt-BR"},{"@type":"Organization","@id":"https:\/\/regiaonews.net.br\/2022\/#organization","name":"Regi\u00e3o News","url":"https:\/\/regiaonews.net.br\/2022\/","logo":{"@type":"ImageObject","inLanguage":"pt-BR","@id":"https:\/\/regiaonews.net.br\/2022\/#\/schema\/logo\/image\/","url":"https:\/\/regiaonews.net.br\/2022\/wp-content\/uploads\/2026\/03\/regiao-13-anos-scaled.jpg","contentUrl":"https:\/\/regiaonews.net.br\/2022\/wp-content\/uploads\/2026\/03\/regiao-13-anos-scaled.jpg","width":2560,"height":635,"caption":"Regi\u00e3o News"},"image":{"@id":"https:\/\/regiaonews.net.br\/2022\/#\/schema\/logo\/image\/"}},{"@type":"Person","@id":"https:\/\/regiaonews.net.br\/2022\/#\/schema\/person\/2d205a608a5aa97ac279d7a5e6d89ad8","name":"Roberto","image":{"@type":"ImageObject","inLanguage":"pt-BR","@id":"https:\/\/secure.gravatar.com\/avatar\/42749d8b712ff9d59ca93dc150494e5b55a44134482993f5baeb97e61b7ecc89?s=96&d=mm&r=g","url":"https:\/\/secure.gravatar.com\/avatar\/42749d8b712ff9d59ca93dc150494e5b55a44134482993f5baeb97e61b7ecc89?s=96&d=mm&r=g","contentUrl":"https:\/\/secure.gravatar.com\/avatar\/42749d8b712ff9d59ca93dc150494e5b55a44134482993f5baeb97e61b7ecc89?s=96&d=mm&r=g","caption":"Roberto"},"url":"https:\/\/regiaonews.net.br\/2022\/author\/roberto\/"}]}},"publishpress_future_action":{"enabled":false,"date":"2026-05-03 22:39:03","action":"change-status","newStatus":"draft","terms":[],"taxonomy":"category","extraData":[]},"publishpress_future_workflow_manual_trigger":{"enabledWorkflows":[]},"_links":{"self":[{"href":"https:\/\/regiaonews.net.br\/2022\/wp-json\/wp\/v2\/posts\/44229","targetHints":{"allow":["GET"]}}],"collection":[{"href":"https:\/\/regiaonews.net.br\/2022\/wp-json\/wp\/v2\/posts"}],"about":[{"href":"https:\/\/regiaonews.net.br\/2022\/wp-json\/wp\/v2\/types\/post"}],"author":[{"embeddable":true,"href":"https:\/\/regiaonews.net.br\/2022\/wp-json\/wp\/v2\/users\/2"}],"replies":[{"embeddable":true,"href":"https:\/\/regiaonews.net.br\/2022\/wp-json\/wp\/v2\/comments?post=44229"}],"version-history":[{"count":0,"href":"https:\/\/regiaonews.net.br\/2022\/wp-json\/wp\/v2\/posts\/44229\/revisions"}],"wp:featuredmedia":[{"embeddable":true,"href":"https:\/\/regiaonews.net.br\/2022\/wp-json\/wp\/v2\/media\/44230"}],"wp:attachment":[{"href":"https:\/\/regiaonews.net.br\/2022\/wp-json\/wp\/v2\/media?parent=44229"}],"wp:term":[{"taxonomy":"category","embeddable":true,"href":"https:\/\/regiaonews.net.br\/2022\/wp-json\/wp\/v2\/categories?post=44229"},{"taxonomy":"post_tag","embeddable":true,"href":"https:\/\/regiaonews.net.br\/2022\/wp-json\/wp\/v2\/tags?post=44229"}],"curies":[{"name":"wp","href":"https:\/\/api.w.org\/{rel}","templated":true}]}}