{"id":44227,"date":"2021-03-22T18:49:24","date_gmt":"2021-03-22T21:49:24","guid":{"rendered":"https:\/\/regiaonews.net.br\/2022\/?p=44227"},"modified":"2021-03-22T21:25:19","modified_gmt":"2021-03-23T00:25:19","slug":"novo-decreto-com-medidas-para-contencao-e-controle-de-contaminacao-ao-covid-19-em-barretos","status":"publish","type":"post","link":"https:\/\/regiaonews.net.br\/2022\/2021\/03\/22\/novo-decreto-com-medidas-para-contencao-e-controle-de-contaminacao-ao-covid-19-em-barretos\/","title":{"rendered":"Novo Decreto com medidas para conten\u00e7\u00e3o e controle de contamina\u00e7\u00e3o ao Covid-19 em Barretos ."},"content":{"rendered":"<p><a href=\"https:\/\/regiaonews.net.br\/2022\/wp-content\/uploads\/2021\/03\/paula-lemos-decreto-site.jpg\"><img loading=\"lazy\" decoding=\"async\" class=\"alignnone size-medium wp-image-43625\" src=\"https:\/\/regiaonews.net.br\/2022\/wp-content\/uploads\/2021\/03\/paula-lemos-decreto-site-300x169.jpg\" alt=\"\" width=\"300\" height=\"169\" \/><\/a><\/p>\n<p>A prefeita Paula Lemos emitiu Decreto no final da tarde desta segunda-feira (22), restringindo mais algumas medidas para conten\u00e7\u00e3o e controle de contamina\u00e7\u00e3o ao Covid-19.<\/p>\n<p>As ind\u00fastrias devem ser adotadas as recomenda\u00e7\u00f5es inerentes \u00e0 seguran\u00e7a e preven\u00e7\u00e3o de cont\u00e1gio entre os funcion\u00e1rios como utiliza\u00e7\u00e3o de \u00e1lcool em gel e demais utens\u00edlios e equipamentos de seguran\u00e7a, a partir de 23 de mar\u00e7o fica estabelecido que servi\u00e7os administrativos e locais de estoque dever\u00e3o trabalhar com revezamento de 50% dos trabalhadores no sistema home office.<\/p>\n<p>A partir de 24 de mar\u00e7o de 2021, os agendamentos de consultas nas Unidades B\u00e1sicas de Sa\u00fade est\u00e3o suspensos, atendendo \u00e0 demanda espont\u00e2nea, que funcionar\u00e1 por sistema de triagem realizada pelos profissionais de enfermagem posicionados na entrada na Unidade. \u201cOs pacientes que apresentarem os sintomas gripais ser\u00e3o isolados dos demais\u201d.<\/p>\n<p>A dispensa\u00e7\u00e3o de leite flu\u00eddo ser\u00e1 realizada todas \u00e0s ter\u00e7as, quartas e sextas-feiras, nas Unidades B\u00e1sicas de Sa\u00fade e nas Unidades de Sa\u00fade da Fam\u00edlia, e a entrega ser\u00e1 feita para o benefici\u00e1rio ou respons\u00e1vel dele portando documento do benefici\u00e1rio.<\/p>\n<p>A entrega do Programa Leite do Idoso ser\u00e1 feita para o benefici\u00e1rio idoso ou parente, portando documento do idoso benefici\u00e1rio.<\/p>\n<p>As consultas no \u201cPost\u00e3o\u201d ser\u00e3o reduzidas a 50% mas as consultas de pr\u00e9-natal seguem a rotina normal e nas Estrat\u00e9gias de Sa\u00fade da Fam\u00edlia e nas Unidades B\u00e1sicas de Sa\u00fade.<\/p>\n<p>Fica terminantemente proibido a perman\u00eancia, aglomera\u00e7\u00f5es e reuni\u00f5es de qualquer natureza na Regi\u00e3o dos Lagos, Avenida Roberto Cardoso Alves (Via das Comitivas), Avenida Jos\u00e9 Domingos Ducatti, Avenida das Na\u00e7\u00f5es, Avenida Ant\u00f4nio Frederico Ozanan (Via dos Coqueiros) e demais logradouros p\u00fablicos, considerando-se aglomera\u00e7\u00e3o a reuni\u00e3o de mais de 3 (tr\u00eas) pessoas. Em caso de desobedi\u00eancia, ser\u00e1 aplicada multa de R$500,00 (quinhentos reais) por pessoa.<\/p>\n<p><a href=\"https:\/\/regiaonews.net.br\/2022\/wp-content\/uploads\/2021\/03\/de.pdf\">Decreto na integra com detalhes\u00a0 clique aqui<\/a><\/p>\n","protected":false},"excerpt":{"rendered":"<p>A prefeita Paula Lemos emitiu Decreto no final da tarde<\/p>\n","protected":false},"author":2,"featured_media":43625,"comment_status":"open","ping_status":"open","sticky":false,"template":"","format":"standard","meta":{"footnotes":""},"categories":[14,25],"tags":[],"class_list":["post-44227","post","type-post","status-publish","format-standard","has-post-thumbnail","hentry","category-barretos","category-cidades"],"yoast_head":"<!-- This site is optimized with the Yoast SEO plugin v27.4 - https:\/\/yoast.com\/product\/yoast-seo-wordpress\/ -->\n<title>Novo Decreto com medidas para conten\u00e7\u00e3o e controle de contamina\u00e7\u00e3o ao Covid-19 em Barretos . - Regi\u00e3o News<\/title>\n<meta name=\"robots\" content=\"index, follow, max-snippet:-1, max-image-preview:large, max-video-preview:-1\" \/>\n<link rel=\"canonical\" href=\"https:\/\/regiaonews.net.br\/2022\/2021\/03\/22\/novo-decreto-com-medidas-para-contencao-e-controle-de-contaminacao-ao-covid-19-em-barretos\/\" \/>\n<meta property=\"og:locale\" content=\"pt_BR\" \/>\n<meta property=\"og:type\" content=\"article\" \/>\n<meta property=\"og:title\" content=\"Novo Decreto com medidas para conten\u00e7\u00e3o e controle de contamina\u00e7\u00e3o ao Covid-19 em Barretos . - Regi\u00e3o News\" \/>\n<meta property=\"og:description\" content=\"A prefeita Paula Lemos emitiu Decreto no final da tarde\" \/>\n<meta property=\"og:url\" content=\"https:\/\/regiaonews.net.br\/2022\/2021\/03\/22\/novo-decreto-com-medidas-para-contencao-e-controle-de-contaminacao-ao-covid-19-em-barretos\/\" \/>\n<meta property=\"og:site_name\" content=\"Regi\u00e3o News\" \/>\n<meta property=\"article:published_time\" content=\"2021-03-22T21:49:24+00:00\" \/>\n<meta property=\"article:modified_time\" content=\"2021-03-23T00:25:19+00:00\" \/>\n<meta property=\"og:image\" content=\"https:\/\/regiaonews.net.br\/2022\/wp-content\/uploads\/2021\/03\/paula-lemos-decreto-site.jpg\" \/>\n\t<meta property=\"og:image:width\" content=\"444\" \/>\n\t<meta property=\"og:image:height\" content=\"250\" \/>\n\t<meta property=\"og:image:type\" content=\"image\/jpeg\" \/>\n<meta name=\"author\" content=\"Roberto\" \/>\n<meta name=\"twitter:card\" content=\"summary_large_image\" \/>\n<meta name=\"twitter:label1\" content=\"Escrito por\" \/>\n\t<meta name=\"twitter:data1\" content=\"Roberto\" \/>\n\t<meta name=\"twitter:label2\" content=\"Est. tempo de leitura\" \/>\n\t<meta name=\"twitter:data2\" content=\"2 minutos\" \/>\n<script type=\"application\/ld+json\" class=\"yoast-schema-graph\">{\"@context\":\"https:\\\/\\\/schema.org\",\"@graph\":[{\"@type\":\"Article\",\"@id\":\"https:\\\/\\\/regiaonews.net.br\\\/2022\\\/2021\\\/03\\\/22\\\/novo-decreto-com-medidas-para-contencao-e-controle-de-contaminacao-ao-covid-19-em-barretos\\\/#article\",\"isPartOf\":{\"@id\":\"https:\\\/\\\/regiaonews.net.br\\\/2022\\\/2021\\\/03\\\/22\\\/novo-decreto-com-medidas-para-contencao-e-controle-de-contaminacao-ao-covid-19-em-barretos\\\/\"},\"author\":{\"name\":\"Roberto\",\"@id\":\"https:\\\/\\\/regiaonews.net.br\\\/2022\\\/#\\\/schema\\\/person\\\/2d205a608a5aa97ac279d7a5e6d89ad8\"},\"headline\":\"Novo Decreto com medidas para conten\u00e7\u00e3o e controle de contamina\u00e7\u00e3o ao Covid-19 em Barretos .\",\"datePublished\":\"2021-03-22T21:49:24+00:00\",\"dateModified\":\"2021-03-23T00:25:19+00:00\",\"mainEntityOfPage\":{\"@id\":\"https:\\\/\\\/regiaonews.net.br\\\/2022\\\/2021\\\/03\\\/22\\\/novo-decreto-com-medidas-para-contencao-e-controle-de-contaminacao-ao-covid-19-em-barretos\\\/\"},\"wordCount\":350,\"commentCount\":0,\"publisher\":{\"@id\":\"https:\\\/\\\/regiaonews.net.br\\\/2022\\\/#organization\"},\"image\":{\"@id\":\"https:\\\/\\\/regiaonews.net.br\\\/2022\\\/2021\\\/03\\\/22\\\/novo-decreto-com-medidas-para-contencao-e-controle-de-contaminacao-ao-covid-19-em-barretos\\\/#primaryimage\"},\"thumbnailUrl\":\"https:\\\/\\\/regiaonews.net.br\\\/2022\\\/wp-content\\\/uploads\\\/2021\\\/03\\\/paula-lemos-decreto-site.jpg\",\"articleSection\":[\"Barretos\",\"Cidades\"],\"inLanguage\":\"pt-BR\",\"potentialAction\":[{\"@type\":\"CommentAction\",\"name\":\"Comment\",\"target\":[\"https:\\\/\\\/regiaonews.net.br\\\/2022\\\/2021\\\/03\\\/22\\\/novo-decreto-com-medidas-para-contencao-e-controle-de-contaminacao-ao-covid-19-em-barretos\\\/#respond\"]}]},{\"@type\":\"WebPage\",\"@id\":\"https:\\\/\\\/regiaonews.net.br\\\/2022\\\/2021\\\/03\\\/22\\\/novo-decreto-com-medidas-para-contencao-e-controle-de-contaminacao-ao-covid-19-em-barretos\\\/\",\"url\":\"https:\\\/\\\/regiaonews.net.br\\\/2022\\\/2021\\\/03\\\/22\\\/novo-decreto-com-medidas-para-contencao-e-controle-de-contaminacao-ao-covid-19-em-barretos\\\/\",\"name\":\"Novo Decreto com medidas para conten\u00e7\u00e3o e controle de contamina\u00e7\u00e3o ao Covid-19 em Barretos . - Regi\u00e3o News\",\"isPartOf\":{\"@id\":\"https:\\\/\\\/regiaonews.net.br\\\/2022\\\/#website\"},\"primaryImageOfPage\":{\"@id\":\"https:\\\/\\\/regiaonews.net.br\\\/2022\\\/2021\\\/03\\\/22\\\/novo-decreto-com-medidas-para-contencao-e-controle-de-contaminacao-ao-covid-19-em-barretos\\\/#primaryimage\"},\"image\":{\"@id\":\"https:\\\/\\\/regiaonews.net.br\\\/2022\\\/2021\\\/03\\\/22\\\/novo-decreto-com-medidas-para-contencao-e-controle-de-contaminacao-ao-covid-19-em-barretos\\\/#primaryimage\"},\"thumbnailUrl\":\"https:\\\/\\\/regiaonews.net.br\\\/2022\\\/wp-content\\\/uploads\\\/2021\\\/03\\\/paula-lemos-decreto-site.jpg\",\"datePublished\":\"2021-03-22T21:49:24+00:00\",\"dateModified\":\"2021-03-23T00:25:19+00:00\",\"breadcrumb\":{\"@id\":\"https:\\\/\\\/regiaonews.net.br\\\/2022\\\/2021\\\/03\\\/22\\\/novo-decreto-com-medidas-para-contencao-e-controle-de-contaminacao-ao-covid-19-em-barretos\\\/#breadcrumb\"},\"inLanguage\":\"pt-BR\",\"potentialAction\":[{\"@type\":\"ReadAction\",\"target\":[\"https:\\\/\\\/regiaonews.net.br\\\/2022\\\/2021\\\/03\\\/22\\\/novo-decreto-com-medidas-para-contencao-e-controle-de-contaminacao-ao-covid-19-em-barretos\\\/\"]}]},{\"@type\":\"ImageObject\",\"inLanguage\":\"pt-BR\",\"@id\":\"https:\\\/\\\/regiaonews.net.br\\\/2022\\\/2021\\\/03\\\/22\\\/novo-decreto-com-medidas-para-contencao-e-controle-de-contaminacao-ao-covid-19-em-barretos\\\/#primaryimage\",\"url\":\"https:\\\/\\\/regiaonews.net.br\\\/2022\\\/wp-content\\\/uploads\\\/2021\\\/03\\\/paula-lemos-decreto-site.jpg\",\"contentUrl\":\"https:\\\/\\\/regiaonews.net.br\\\/2022\\\/wp-content\\\/uploads\\\/2021\\\/03\\\/paula-lemos-decreto-site.jpg\",\"width\":444,\"height\":250},{\"@type\":\"BreadcrumbList\",\"@id\":\"https:\\\/\\\/regiaonews.net.br\\\/2022\\\/2021\\\/03\\\/22\\\/novo-decreto-com-medidas-para-contencao-e-controle-de-contaminacao-ao-covid-19-em-barretos\\\/#breadcrumb\",\"itemListElement\":[{\"@type\":\"ListItem\",\"position\":1,\"name\":\"In\u00edcio\",\"item\":\"https:\\\/\\\/regiaonews.net.br\\\/2022\\\/\"},{\"@type\":\"ListItem\",\"position\":2,\"name\":\"Novo Decreto com medidas para conten\u00e7\u00e3o e controle de contamina\u00e7\u00e3o ao Covid-19 em Barretos .\"}]},{\"@type\":\"WebSite\",\"@id\":\"https:\\\/\\\/regiaonews.net.br\\\/2022\\\/#website\",\"url\":\"https:\\\/\\\/regiaonews.net.br\\\/2022\\\/\",\"name\":\"Regi\u00e3o News\",\"description\":\"Site de Not\u00edcias de Barretos e regi\u00e3o\",\"publisher\":{\"@id\":\"https:\\\/\\\/regiaonews.net.br\\\/2022\\\/#organization\"},\"potentialAction\":[{\"@type\":\"SearchAction\",\"target\":{\"@type\":\"EntryPoint\",\"urlTemplate\":\"https:\\\/\\\/regiaonews.net.br\\\/2022\\\/?s={search_term_string}\"},\"query-input\":{\"@type\":\"PropertyValueSpecification\",\"valueRequired\":true,\"valueName\":\"search_term_string\"}}],\"inLanguage\":\"pt-BR\"},{\"@type\":\"Organization\",\"@id\":\"https:\\\/\\\/regiaonews.net.br\\\/2022\\\/#organization\",\"name\":\"Regi\u00e3o News\",\"url\":\"https:\\\/\\\/regiaonews.net.br\\\/2022\\\/\",\"logo\":{\"@type\":\"ImageObject\",\"inLanguage\":\"pt-BR\",\"@id\":\"https:\\\/\\\/regiaonews.net.br\\\/2022\\\/#\\\/schema\\\/logo\\\/image\\\/\",\"url\":\"https:\\\/\\\/regiaonews.net.br\\\/2022\\\/wp-content\\\/uploads\\\/2026\\\/03\\\/regiao-13-anos-scaled.jpg\",\"contentUrl\":\"https:\\\/\\\/regiaonews.net.br\\\/2022\\\/wp-content\\\/uploads\\\/2026\\\/03\\\/regiao-13-anos-scaled.jpg\",\"width\":2560,\"height\":635,\"caption\":\"Regi\u00e3o News\"},\"image\":{\"@id\":\"https:\\\/\\\/regiaonews.net.br\\\/2022\\\/#\\\/schema\\\/logo\\\/image\\\/\"}},{\"@type\":\"Person\",\"@id\":\"https:\\\/\\\/regiaonews.net.br\\\/2022\\\/#\\\/schema\\\/person\\\/2d205a608a5aa97ac279d7a5e6d89ad8\",\"name\":\"Roberto\",\"image\":{\"@type\":\"ImageObject\",\"inLanguage\":\"pt-BR\",\"@id\":\"https:\\\/\\\/secure.gravatar.com\\\/avatar\\\/42749d8b712ff9d59ca93dc150494e5b55a44134482993f5baeb97e61b7ecc89?s=96&d=mm&r=g\",\"url\":\"https:\\\/\\\/secure.gravatar.com\\\/avatar\\\/42749d8b712ff9d59ca93dc150494e5b55a44134482993f5baeb97e61b7ecc89?s=96&d=mm&r=g\",\"contentUrl\":\"https:\\\/\\\/secure.gravatar.com\\\/avatar\\\/42749d8b712ff9d59ca93dc150494e5b55a44134482993f5baeb97e61b7ecc89?s=96&d=mm&r=g\",\"caption\":\"Roberto\"},\"url\":\"https:\\\/\\\/regiaonews.net.br\\\/2022\\\/author\\\/roberto\\\/\"}]}<\/script>\n<!-- \/ Yoast SEO plugin. -->","yoast_head_json":{"title":"Novo Decreto com medidas para conten\u00e7\u00e3o e controle de contamina\u00e7\u00e3o ao Covid-19 em Barretos . - Regi\u00e3o News","robots":{"index":"index","follow":"follow","max-snippet":"max-snippet:-1","max-image-preview":"max-image-preview:large","max-video-preview":"max-video-preview:-1"},"canonical":"https:\/\/regiaonews.net.br\/2022\/2021\/03\/22\/novo-decreto-com-medidas-para-contencao-e-controle-de-contaminacao-ao-covid-19-em-barretos\/","og_locale":"pt_BR","og_type":"article","og_title":"Novo Decreto com medidas para conten\u00e7\u00e3o e controle de contamina\u00e7\u00e3o ao Covid-19 em Barretos . - Regi\u00e3o News","og_description":"A prefeita Paula Lemos emitiu Decreto no final da tarde","og_url":"https:\/\/regiaonews.net.br\/2022\/2021\/03\/22\/novo-decreto-com-medidas-para-contencao-e-controle-de-contaminacao-ao-covid-19-em-barretos\/","og_site_name":"Regi\u00e3o News","article_published_time":"2021-03-22T21:49:24+00:00","article_modified_time":"2021-03-23T00:25:19+00:00","og_image":[{"width":444,"height":250,"url":"https:\/\/regiaonews.net.br\/2022\/wp-content\/uploads\/2021\/03\/paula-lemos-decreto-site.jpg","type":"image\/jpeg"}],"author":"Roberto","twitter_card":"summary_large_image","twitter_misc":{"Escrito por":"Roberto","Est. tempo de leitura":"2 minutos"},"schema":{"@context":"https:\/\/schema.org","@graph":[{"@type":"Article","@id":"https:\/\/regiaonews.net.br\/2022\/2021\/03\/22\/novo-decreto-com-medidas-para-contencao-e-controle-de-contaminacao-ao-covid-19-em-barretos\/#article","isPartOf":{"@id":"https:\/\/regiaonews.net.br\/2022\/2021\/03\/22\/novo-decreto-com-medidas-para-contencao-e-controle-de-contaminacao-ao-covid-19-em-barretos\/"},"author":{"name":"Roberto","@id":"https:\/\/regiaonews.net.br\/2022\/#\/schema\/person\/2d205a608a5aa97ac279d7a5e6d89ad8"},"headline":"Novo Decreto com medidas para conten\u00e7\u00e3o e controle de contamina\u00e7\u00e3o ao Covid-19 em Barretos .","datePublished":"2021-03-22T21:49:24+00:00","dateModified":"2021-03-23T00:25:19+00:00","mainEntityOfPage":{"@id":"https:\/\/regiaonews.net.br\/2022\/2021\/03\/22\/novo-decreto-com-medidas-para-contencao-e-controle-de-contaminacao-ao-covid-19-em-barretos\/"},"wordCount":350,"commentCount":0,"publisher":{"@id":"https:\/\/regiaonews.net.br\/2022\/#organization"},"image":{"@id":"https:\/\/regiaonews.net.br\/2022\/2021\/03\/22\/novo-decreto-com-medidas-para-contencao-e-controle-de-contaminacao-ao-covid-19-em-barretos\/#primaryimage"},"thumbnailUrl":"https:\/\/regiaonews.net.br\/2022\/wp-content\/uploads\/2021\/03\/paula-lemos-decreto-site.jpg","articleSection":["Barretos","Cidades"],"inLanguage":"pt-BR","potentialAction":[{"@type":"CommentAction","name":"Comment","target":["https:\/\/regiaonews.net.br\/2022\/2021\/03\/22\/novo-decreto-com-medidas-para-contencao-e-controle-de-contaminacao-ao-covid-19-em-barretos\/#respond"]}]},{"@type":"WebPage","@id":"https:\/\/regiaonews.net.br\/2022\/2021\/03\/22\/novo-decreto-com-medidas-para-contencao-e-controle-de-contaminacao-ao-covid-19-em-barretos\/","url":"https:\/\/regiaonews.net.br\/2022\/2021\/03\/22\/novo-decreto-com-medidas-para-contencao-e-controle-de-contaminacao-ao-covid-19-em-barretos\/","name":"Novo Decreto com medidas para conten\u00e7\u00e3o e controle de contamina\u00e7\u00e3o ao Covid-19 em Barretos . - Regi\u00e3o News","isPartOf":{"@id":"https:\/\/regiaonews.net.br\/2022\/#website"},"primaryImageOfPage":{"@id":"https:\/\/regiaonews.net.br\/2022\/2021\/03\/22\/novo-decreto-com-medidas-para-contencao-e-controle-de-contaminacao-ao-covid-19-em-barretos\/#primaryimage"},"image":{"@id":"https:\/\/regiaonews.net.br\/2022\/2021\/03\/22\/novo-decreto-com-medidas-para-contencao-e-controle-de-contaminacao-ao-covid-19-em-barretos\/#primaryimage"},"thumbnailUrl":"https:\/\/regiaonews.net.br\/2022\/wp-content\/uploads\/2021\/03\/paula-lemos-decreto-site.jpg","datePublished":"2021-03-22T21:49:24+00:00","dateModified":"2021-03-23T00:25:19+00:00","breadcrumb":{"@id":"https:\/\/regiaonews.net.br\/2022\/2021\/03\/22\/novo-decreto-com-medidas-para-contencao-e-controle-de-contaminacao-ao-covid-19-em-barretos\/#breadcrumb"},"inLanguage":"pt-BR","potentialAction":[{"@type":"ReadAction","target":["https:\/\/regiaonews.net.br\/2022\/2021\/03\/22\/novo-decreto-com-medidas-para-contencao-e-controle-de-contaminacao-ao-covid-19-em-barretos\/"]}]},{"@type":"ImageObject","inLanguage":"pt-BR","@id":"https:\/\/regiaonews.net.br\/2022\/2021\/03\/22\/novo-decreto-com-medidas-para-contencao-e-controle-de-contaminacao-ao-covid-19-em-barretos\/#primaryimage","url":"https:\/\/regiaonews.net.br\/2022\/wp-content\/uploads\/2021\/03\/paula-lemos-decreto-site.jpg","contentUrl":"https:\/\/regiaonews.net.br\/2022\/wp-content\/uploads\/2021\/03\/paula-lemos-decreto-site.jpg","width":444,"height":250},{"@type":"BreadcrumbList","@id":"https:\/\/regiaonews.net.br\/2022\/2021\/03\/22\/novo-decreto-com-medidas-para-contencao-e-controle-de-contaminacao-ao-covid-19-em-barretos\/#breadcrumb","itemListElement":[{"@type":"ListItem","position":1,"name":"In\u00edcio","item":"https:\/\/regiaonews.net.br\/2022\/"},{"@type":"ListItem","position":2,"name":"Novo Decreto com medidas para conten\u00e7\u00e3o e controle de contamina\u00e7\u00e3o ao Covid-19 em Barretos ."}]},{"@type":"WebSite","@id":"https:\/\/regiaonews.net.br\/2022\/#website","url":"https:\/\/regiaonews.net.br\/2022\/","name":"Regi\u00e3o News","description":"Site de Not\u00edcias de Barretos e regi\u00e3o","publisher":{"@id":"https:\/\/regiaonews.net.br\/2022\/#organization"},"potentialAction":[{"@type":"SearchAction","target":{"@type":"EntryPoint","urlTemplate":"https:\/\/regiaonews.net.br\/2022\/?s={search_term_string}"},"query-input":{"@type":"PropertyValueSpecification","valueRequired":true,"valueName":"search_term_string"}}],"inLanguage":"pt-BR"},{"@type":"Organization","@id":"https:\/\/regiaonews.net.br\/2022\/#organization","name":"Regi\u00e3o News","url":"https:\/\/regiaonews.net.br\/2022\/","logo":{"@type":"ImageObject","inLanguage":"pt-BR","@id":"https:\/\/regiaonews.net.br\/2022\/#\/schema\/logo\/image\/","url":"https:\/\/regiaonews.net.br\/2022\/wp-content\/uploads\/2026\/03\/regiao-13-anos-scaled.jpg","contentUrl":"https:\/\/regiaonews.net.br\/2022\/wp-content\/uploads\/2026\/03\/regiao-13-anos-scaled.jpg","width":2560,"height":635,"caption":"Regi\u00e3o News"},"image":{"@id":"https:\/\/regiaonews.net.br\/2022\/#\/schema\/logo\/image\/"}},{"@type":"Person","@id":"https:\/\/regiaonews.net.br\/2022\/#\/schema\/person\/2d205a608a5aa97ac279d7a5e6d89ad8","name":"Roberto","image":{"@type":"ImageObject","inLanguage":"pt-BR","@id":"https:\/\/secure.gravatar.com\/avatar\/42749d8b712ff9d59ca93dc150494e5b55a44134482993f5baeb97e61b7ecc89?s=96&d=mm&r=g","url":"https:\/\/secure.gravatar.com\/avatar\/42749d8b712ff9d59ca93dc150494e5b55a44134482993f5baeb97e61b7ecc89?s=96&d=mm&r=g","contentUrl":"https:\/\/secure.gravatar.com\/avatar\/42749d8b712ff9d59ca93dc150494e5b55a44134482993f5baeb97e61b7ecc89?s=96&d=mm&r=g","caption":"Roberto"},"url":"https:\/\/regiaonews.net.br\/2022\/author\/roberto\/"}]}},"publishpress_future_action":{"enabled":false,"date":"2026-05-04 00:18:28","action":"change-status","newStatus":"draft","terms":[],"taxonomy":"category","extraData":[]},"publishpress_future_workflow_manual_trigger":{"enabledWorkflows":[]},"_links":{"self":[{"href":"https:\/\/regiaonews.net.br\/2022\/wp-json\/wp\/v2\/posts\/44227","targetHints":{"allow":["GET"]}}],"collection":[{"href":"https:\/\/regiaonews.net.br\/2022\/wp-json\/wp\/v2\/posts"}],"about":[{"href":"https:\/\/regiaonews.net.br\/2022\/wp-json\/wp\/v2\/types\/post"}],"author":[{"embeddable":true,"href":"https:\/\/regiaonews.net.br\/2022\/wp-json\/wp\/v2\/users\/2"}],"replies":[{"embeddable":true,"href":"https:\/\/regiaonews.net.br\/2022\/wp-json\/wp\/v2\/comments?post=44227"}],"version-history":[{"count":0,"href":"https:\/\/regiaonews.net.br\/2022\/wp-json\/wp\/v2\/posts\/44227\/revisions"}],"wp:featuredmedia":[{"embeddable":true,"href":"https:\/\/regiaonews.net.br\/2022\/wp-json\/wp\/v2\/media\/43625"}],"wp:attachment":[{"href":"https:\/\/regiaonews.net.br\/2022\/wp-json\/wp\/v2\/media?parent=44227"}],"wp:term":[{"taxonomy":"category","embeddable":true,"href":"https:\/\/regiaonews.net.br\/2022\/wp-json\/wp\/v2\/categories?post=44227"},{"taxonomy":"post_tag","embeddable":true,"href":"https:\/\/regiaonews.net.br\/2022\/wp-json\/wp\/v2\/tags?post=44227"}],"curies":[{"name":"wp","href":"https:\/\/api.w.org\/{rel}","templated":true}]}}