{"id":44219,"date":"2021-03-22T17:58:04","date_gmt":"2021-03-22T20:58:04","guid":{"rendered":"https:\/\/regiaonews.net.br\/2022\/?p=44219"},"modified":"2021-03-22T17:58:04","modified_gmt":"2021-03-22T20:58:04","slug":"prazo-de-vencimento-do-iptu-e-da-taxa-de-fiscalizacao-de-funcionamento-e-prorrogado","status":"publish","type":"post","link":"https:\/\/regiaonews.net.br\/2022\/2021\/03\/22\/prazo-de-vencimento-do-iptu-e-da-taxa-de-fiscalizacao-de-funcionamento-e-prorrogado\/","title":{"rendered":"Prazo de vencimento do IPTU e da Taxa de Fiscaliza\u00e7\u00e3o de Funcionamento \u00e9 prorrogado"},"content":{"rendered":"<p><a href=\"https:\/\/regiaonews.net.br\/2022\/wp-content\/uploads\/2021\/03\/WhatsApp-Image-2021-03-19-at-17.24.47.jpeg\"><img loading=\"lazy\" decoding=\"async\" class=\"alignnone size-medium wp-image-44221\" src=\"https:\/\/regiaonews.net.br\/2022\/wp-content\/uploads\/2021\/03\/WhatsApp-Image-2021-03-19-at-17.24.47-300x169.jpeg\" alt=\"\" width=\"300\" height=\"169\" \/><\/a><\/p>\n<p>A Prefeitura de Gua\u00edra prorrogou o pagamento para o mun\u00edcipe que optar em pagar parcelado o IPTU e a Taxa de Fiscaliza\u00e7\u00e3o de Funcionamento<\/p>\n<p>A primeira parcela do IPTU ter\u00e1 vencimento em junho e Taxa de Fiscaliza\u00e7\u00e3o de Funcionamento a para o m\u00eas de Julho.<\/p>\n<p>A prorroga\u00e7\u00e3o foi feita , por meio do Decreto n\u00ba5910\/2021 , publicado nesta sexta-feira(19) no Di\u00e1rio Oficial<\/p>\n<p>J\u00e1 o pagamento da parcela \u00fanica n\u00e3o ser\u00e1 prorrogado. A quita\u00e7\u00e3o vence no pr\u00f3ximo dia 30 de mar\u00e7o com 10% de desconto.<\/p>\n<p>Veja o as mudan\u00e7as das datas para pagamentos parcelados<\/p>\n<p>I \u2013 IMPOSTO PREDIAL E TERRITORIAL URBANO \u2013 IPTU<\/p>\n<p>COTA \u00daNICA<br \/>\nPara pagamento at\u00e9 30\/03\u2026\u2026\u2026\u2026\u2026\u2026\u2026\u2026\u2026\u2026\u2026\u2026\u2026\u2026\u2026\u2026\u2026.. 10% (dez por cento) de desconto<\/p>\n<p>COTAS BIMESTRAIS em 5 (cinco) Parcelas\u2026\u2026\u2026\u2026\u2026\u2026\u2026 conforme setor de vencimento<br \/>\n1\u00aa parcela \u2026\u2026\u2026\u2026\u2026\u2026\u2026\u2026\u2026\u2026\u2026\u2026\u2026\u2026\u2026\u2026\u2026\u2026\u2026\u2026\u2026\u2026\u2026\u2026\u2026\u2026 15\/06, 16\/06 e 17\/06<br \/>\n2\u00aa parcela \u2026\u2026\u2026\u2026\u2026\u2026\u2026\u2026\u2026\u2026\u2026\u2026\u2026\u2026\u2026\u2026\u2026\u2026\u2026\u2026\u2026\u2026\u2026\u2026\u2026\u2026 14\/07, 15\/07 e 16\/07<br \/>\n3\u00aa parcela \u2026\u2026\u2026\u2026\u2026\u2026\u2026\u2026\u2026\u2026\u2026\u2026\u2026\u2026\u2026\u2026\u2026\u2026\u2026\u2026\u2026\u2026\u2026\u2026\u2026\u2026 16\/08, 17\/08 e 18\/08<br \/>\n4\u00aa parcela \u2026\u2026\u2026\u2026\u2026\u2026\u2026\u2026\u2026\u2026\u2026\u2026\u2026\u2026\u2026\u2026\u2026\u2026\u2026\u2026\u2026\u2026\u2026\u2026\u2026\u2026 15\/09, 16\/09 e 17\/09<br \/>\n5\u00aa parcela \u2026\u2026\u2026\u2026\u2026\u2026\u2026\u2026\u2026\u2026\u2026\u2026\u2026\u2026\u2026\u2026\u2026\u2026\u2026\u2026\u2026\u2026\u2026\u2026\u2026\u2026 16\/11, 17\/11 e 18\/11<\/p>\n<p>I \u2013 TAXA DE SERVI\u00c7OS URBANOS \u2013 TSU<\/p>\n<p>Cobrada em conjunto com o IPTU, conforme este calend\u00e1rio<\/p>\n<p>III \u2013 IMPOSTO SOBRE SERVI\u00c7OS DE QUALQUER NATUREZA \u2013 ISSQN<\/p>\n<p>Receita Pr\u00f3pria (Prestador) \u2026\u2026\u2026\u2026\u2026\u2026\u2026\u2026\u2026\u2026\u2026\u2026\u2026\u2026\u2026. Dia 20 (vinte) de cada m\u00eas<br \/>\nRetido na Fonte (Tomador) \u2026\u2026\u2026\u2026\u2026\u2026\u2026\u2026\u2026\u2026\u2026\u2026\u2026\u2026\u2026. Dia 30 (trinta) de cada m\u00eas<br \/>\nSimples Nacional \u2026\u2026\u2026\u2026\u2026\u2026\u2026\u2026\u2026\u2026\u2026\u2026\u2026\u2026\u2026\u2026\u2026\u2026\u2026\u2026.. Conforme tabela da RFB<br \/>\nFixo Anual \u2013 Cota \u00danica\u2026\u2026\u2026\u2026\u2026\u2026\u2026\u2026\u2026\u2026\u2026\u2026\u2026\u2026\u2026\u2026.. 30\/07<br \/>\nPara pagamento at\u00e9 30\/07\u2026\u2026\u2026\u2026\u2026\u2026\u2026\u2026\u2026\u2026\u2026\u2026\u2026\u2026\u2026\u2026. 10% (dez por cento) de desconto<br \/>\nFixo Anual \u2013 5 parcelas<br \/>\n1\u00aa parcela\u2026\u2026\u2026\u2026\u2026\u2026\u2026\u2026\u2026\u2026\u2026\u2026\u2026\u2026\u2026\u2026\u2026\u2026\u2026\u2026\u2026\u2026\u2026\u2026\u2026 30\/07<br \/>\n2\u00aa parcela\u2026\u2026\u2026\u2026\u2026\u2026\u2026\u2026\u2026\u2026\u2026\u2026\u2026\u2026\u2026\u2026\u2026\u2026\u2026\u2026\u2026\u2026\u2026\u2026\u2026 30\/08<br \/>\n3\u00aa parcela\u2026\u2026\u2026\u2026\u2026\u2026\u2026\u2026\u2026\u2026\u2026\u2026\u2026\u2026\u2026\u2026\u2026\u2026\u2026\u2026\u2026\u2026\u2026\u2026\u2026 30\/09<br \/>\n4\u00aa parcela\u2026\u2026\u2026\u2026\u2026\u2026\u2026\u2026\u2026\u2026\u2026\u2026\u2026\u2026\u2026\u2026\u2026\u2026\u2026\u2026\u2026\u2026\u2026\u2026\u2026 29\/10<br \/>\n5\u00aa parcela\u2026\u2026\u2026\u2026\u2026\u2026\u2026\u2026\u2026\u2026\u2026\u2026\u2026\u2026\u2026\u2026\u2026\u2026\u2026\u2026\u2026\u2026\u2026\u2026\u2026 30\/11<\/p>\n<p>IV \u2013 TAXA DE FISCALIZA\u00c7\u00c3O DE FUNCIONAMENTO<\/p>\n<p>COTA \u00daNICA<br \/>\nPara pagamento at\u00e9 30\/03\u2026\u2026\u2026\u2026\u2026\u2026\u2026\u2026\u2026\u2026\u2026\u2026\u2026\u2026\u2026\u2026\u2026\u2026 10% (dez por cento) de desconto<\/p>\n<p>COTAS MENSAIS em 5 (cinco) parcelas<br \/>\n1\u00aa parcela \u2026\u2026\u2026\u2026\u2026\u2026\u2026\u2026\u2026\u2026\u2026\u2026\u2026\u2026\u2026\u2026\u2026\u2026\u2026\u2026\u2026\u2026\u2026\u2026\u2026\u2026 30\/06<br \/>\n2\u00aa parcela \u2026\u2026\u2026\u2026\u2026\u2026\u2026\u2026\u2026\u2026\u2026\u2026\u2026\u2026\u2026\u2026\u2026\u2026\u2026\u2026\u2026\u2026\u2026\u2026\u2026\u2026 30\/07<br \/>\n3\u00aa parcela \u2026\u2026\u2026\u2026\u2026\u2026\u2026\u2026\u2026\u2026\u2026\u2026\u2026\u2026\u2026\u2026\u2026\u2026\u2026\u2026\u2026\u2026\u2026\u2026\u2026\u2026 30\/08<br \/>\n4\u00aa parcela \u2026\u2026\u2026\u2026\u2026\u2026\u2026\u2026\u2026\u2026\u2026\u2026\u2026\u2026\u2026\u2026\u2026\u2026\u2026\u2026\u2026\u2026\u2026\u2026\u2026\u2026 30\/09<br \/>\n5\u00aa parcela \u2026\u2026\u2026\u2026\u2026\u2026\u2026\u2026\u2026\u2026\u2026\u2026\u2026\u2026\u2026\u2026\u2026\u2026\u2026\u2026\u2026\u2026\u2026\u2026\u2026\u2026 29\/10<\/p>\n<p>&nbsp;<\/p>\n","protected":false},"excerpt":{"rendered":"<p>A Prefeitura de Gua\u00edra prorrogou o pagamento para o mun\u00edcipe<\/p>\n","protected":false},"author":2,"featured_media":44221,"comment_status":"open","ping_status":"open","sticky":false,"template":"","format":"standard","meta":{"footnotes":""},"categories":[25,8],"tags":[],"class_list":["post-44219","post","type-post","status-publish","format-standard","has-post-thumbnail","hentry","category-cidades","category-guaira"],"yoast_head":"<!-- This site is optimized with the Yoast SEO plugin v27.4 - https:\/\/yoast.com\/product\/yoast-seo-wordpress\/ -->\n<title>Prazo de vencimento do IPTU e da Taxa de Fiscaliza\u00e7\u00e3o de Funcionamento \u00e9 prorrogado - Regi\u00e3o News<\/title>\n<meta name=\"robots\" content=\"index, follow, max-snippet:-1, max-image-preview:large, max-video-preview:-1\" \/>\n<link rel=\"canonical\" href=\"https:\/\/regiaonews.net.br\/2022\/2021\/03\/22\/prazo-de-vencimento-do-iptu-e-da-taxa-de-fiscalizacao-de-funcionamento-e-prorrogado\/\" \/>\n<meta property=\"og:locale\" content=\"pt_BR\" \/>\n<meta property=\"og:type\" content=\"article\" \/>\n<meta property=\"og:title\" content=\"Prazo de vencimento do IPTU e da Taxa de Fiscaliza\u00e7\u00e3o de Funcionamento \u00e9 prorrogado - Regi\u00e3o News\" \/>\n<meta property=\"og:description\" content=\"A Prefeitura de Gua\u00edra prorrogou o pagamento para o mun\u00edcipe\" \/>\n<meta property=\"og:url\" content=\"https:\/\/regiaonews.net.br\/2022\/2021\/03\/22\/prazo-de-vencimento-do-iptu-e-da-taxa-de-fiscalizacao-de-funcionamento-e-prorrogado\/\" \/>\n<meta property=\"og:site_name\" content=\"Regi\u00e3o News\" \/>\n<meta property=\"article:published_time\" content=\"2021-03-22T20:58:04+00:00\" \/>\n<meta property=\"og:image\" content=\"https:\/\/regiaonews.net.br\/2022\/wp-content\/uploads\/2021\/03\/WhatsApp-Image-2021-03-19-at-17.24.47.jpeg\" \/>\n\t<meta property=\"og:image:width\" content=\"1280\" \/>\n\t<meta property=\"og:image:height\" content=\"720\" \/>\n\t<meta property=\"og:image:type\" content=\"image\/jpeg\" \/>\n<meta name=\"author\" content=\"Roberto\" \/>\n<meta name=\"twitter:card\" content=\"summary_large_image\" \/>\n<meta name=\"twitter:label1\" content=\"Escrito por\" \/>\n\t<meta name=\"twitter:data1\" content=\"Roberto\" \/>\n\t<meta name=\"twitter:label2\" content=\"Est. tempo de leitura\" \/>\n\t<meta name=\"twitter:data2\" content=\"1 minuto\" \/>\n<script type=\"application\/ld+json\" class=\"yoast-schema-graph\">{\"@context\":\"https:\\\/\\\/schema.org\",\"@graph\":[{\"@type\":\"Article\",\"@id\":\"https:\\\/\\\/regiaonews.net.br\\\/2022\\\/2021\\\/03\\\/22\\\/prazo-de-vencimento-do-iptu-e-da-taxa-de-fiscalizacao-de-funcionamento-e-prorrogado\\\/#article\",\"isPartOf\":{\"@id\":\"https:\\\/\\\/regiaonews.net.br\\\/2022\\\/2021\\\/03\\\/22\\\/prazo-de-vencimento-do-iptu-e-da-taxa-de-fiscalizacao-de-funcionamento-e-prorrogado\\\/\"},\"author\":{\"name\":\"Roberto\",\"@id\":\"https:\\\/\\\/regiaonews.net.br\\\/2022\\\/#\\\/schema\\\/person\\\/2d205a608a5aa97ac279d7a5e6d89ad8\"},\"headline\":\"Prazo de vencimento do IPTU e da Taxa de Fiscaliza\u00e7\u00e3o de Funcionamento \u00e9 prorrogado\",\"datePublished\":\"2021-03-22T20:58:04+00:00\",\"mainEntityOfPage\":{\"@id\":\"https:\\\/\\\/regiaonews.net.br\\\/2022\\\/2021\\\/03\\\/22\\\/prazo-de-vencimento-do-iptu-e-da-taxa-de-fiscalizacao-de-funcionamento-e-prorrogado\\\/\"},\"wordCount\":251,\"commentCount\":0,\"publisher\":{\"@id\":\"https:\\\/\\\/regiaonews.net.br\\\/2022\\\/#organization\"},\"image\":{\"@id\":\"https:\\\/\\\/regiaonews.net.br\\\/2022\\\/2021\\\/03\\\/22\\\/prazo-de-vencimento-do-iptu-e-da-taxa-de-fiscalizacao-de-funcionamento-e-prorrogado\\\/#primaryimage\"},\"thumbnailUrl\":\"https:\\\/\\\/regiaonews.net.br\\\/2022\\\/wp-content\\\/uploads\\\/2021\\\/03\\\/WhatsApp-Image-2021-03-19-at-17.24.47.jpeg\",\"articleSection\":[\"Cidades\",\"Gua\u00edra\"],\"inLanguage\":\"pt-BR\",\"potentialAction\":[{\"@type\":\"CommentAction\",\"name\":\"Comment\",\"target\":[\"https:\\\/\\\/regiaonews.net.br\\\/2022\\\/2021\\\/03\\\/22\\\/prazo-de-vencimento-do-iptu-e-da-taxa-de-fiscalizacao-de-funcionamento-e-prorrogado\\\/#respond\"]}]},{\"@type\":\"WebPage\",\"@id\":\"https:\\\/\\\/regiaonews.net.br\\\/2022\\\/2021\\\/03\\\/22\\\/prazo-de-vencimento-do-iptu-e-da-taxa-de-fiscalizacao-de-funcionamento-e-prorrogado\\\/\",\"url\":\"https:\\\/\\\/regiaonews.net.br\\\/2022\\\/2021\\\/03\\\/22\\\/prazo-de-vencimento-do-iptu-e-da-taxa-de-fiscalizacao-de-funcionamento-e-prorrogado\\\/\",\"name\":\"Prazo de vencimento do IPTU e da Taxa de Fiscaliza\u00e7\u00e3o de Funcionamento \u00e9 prorrogado - Regi\u00e3o News\",\"isPartOf\":{\"@id\":\"https:\\\/\\\/regiaonews.net.br\\\/2022\\\/#website\"},\"primaryImageOfPage\":{\"@id\":\"https:\\\/\\\/regiaonews.net.br\\\/2022\\\/2021\\\/03\\\/22\\\/prazo-de-vencimento-do-iptu-e-da-taxa-de-fiscalizacao-de-funcionamento-e-prorrogado\\\/#primaryimage\"},\"image\":{\"@id\":\"https:\\\/\\\/regiaonews.net.br\\\/2022\\\/2021\\\/03\\\/22\\\/prazo-de-vencimento-do-iptu-e-da-taxa-de-fiscalizacao-de-funcionamento-e-prorrogado\\\/#primaryimage\"},\"thumbnailUrl\":\"https:\\\/\\\/regiaonews.net.br\\\/2022\\\/wp-content\\\/uploads\\\/2021\\\/03\\\/WhatsApp-Image-2021-03-19-at-17.24.47.jpeg\",\"datePublished\":\"2021-03-22T20:58:04+00:00\",\"breadcrumb\":{\"@id\":\"https:\\\/\\\/regiaonews.net.br\\\/2022\\\/2021\\\/03\\\/22\\\/prazo-de-vencimento-do-iptu-e-da-taxa-de-fiscalizacao-de-funcionamento-e-prorrogado\\\/#breadcrumb\"},\"inLanguage\":\"pt-BR\",\"potentialAction\":[{\"@type\":\"ReadAction\",\"target\":[\"https:\\\/\\\/regiaonews.net.br\\\/2022\\\/2021\\\/03\\\/22\\\/prazo-de-vencimento-do-iptu-e-da-taxa-de-fiscalizacao-de-funcionamento-e-prorrogado\\\/\"]}]},{\"@type\":\"ImageObject\",\"inLanguage\":\"pt-BR\",\"@id\":\"https:\\\/\\\/regiaonews.net.br\\\/2022\\\/2021\\\/03\\\/22\\\/prazo-de-vencimento-do-iptu-e-da-taxa-de-fiscalizacao-de-funcionamento-e-prorrogado\\\/#primaryimage\",\"url\":\"https:\\\/\\\/regiaonews.net.br\\\/2022\\\/wp-content\\\/uploads\\\/2021\\\/03\\\/WhatsApp-Image-2021-03-19-at-17.24.47.jpeg\",\"contentUrl\":\"https:\\\/\\\/regiaonews.net.br\\\/2022\\\/wp-content\\\/uploads\\\/2021\\\/03\\\/WhatsApp-Image-2021-03-19-at-17.24.47.jpeg\",\"width\":1280,\"height\":720},{\"@type\":\"BreadcrumbList\",\"@id\":\"https:\\\/\\\/regiaonews.net.br\\\/2022\\\/2021\\\/03\\\/22\\\/prazo-de-vencimento-do-iptu-e-da-taxa-de-fiscalizacao-de-funcionamento-e-prorrogado\\\/#breadcrumb\",\"itemListElement\":[{\"@type\":\"ListItem\",\"position\":1,\"name\":\"In\u00edcio\",\"item\":\"https:\\\/\\\/regiaonews.net.br\\\/2022\\\/\"},{\"@type\":\"ListItem\",\"position\":2,\"name\":\"Prazo de vencimento do IPTU e da Taxa de Fiscaliza\u00e7\u00e3o de Funcionamento \u00e9 prorrogado\"}]},{\"@type\":\"WebSite\",\"@id\":\"https:\\\/\\\/regiaonews.net.br\\\/2022\\\/#website\",\"url\":\"https:\\\/\\\/regiaonews.net.br\\\/2022\\\/\",\"name\":\"Regi\u00e3o News\",\"description\":\"Site de Not\u00edcias de Barretos e regi\u00e3o\",\"publisher\":{\"@id\":\"https:\\\/\\\/regiaonews.net.br\\\/2022\\\/#organization\"},\"potentialAction\":[{\"@type\":\"SearchAction\",\"target\":{\"@type\":\"EntryPoint\",\"urlTemplate\":\"https:\\\/\\\/regiaonews.net.br\\\/2022\\\/?s={search_term_string}\"},\"query-input\":{\"@type\":\"PropertyValueSpecification\",\"valueRequired\":true,\"valueName\":\"search_term_string\"}}],\"inLanguage\":\"pt-BR\"},{\"@type\":\"Organization\",\"@id\":\"https:\\\/\\\/regiaonews.net.br\\\/2022\\\/#organization\",\"name\":\"Regi\u00e3o News\",\"url\":\"https:\\\/\\\/regiaonews.net.br\\\/2022\\\/\",\"logo\":{\"@type\":\"ImageObject\",\"inLanguage\":\"pt-BR\",\"@id\":\"https:\\\/\\\/regiaonews.net.br\\\/2022\\\/#\\\/schema\\\/logo\\\/image\\\/\",\"url\":\"https:\\\/\\\/regiaonews.net.br\\\/2022\\\/wp-content\\\/uploads\\\/2026\\\/03\\\/regiao-13-anos-scaled.jpg\",\"contentUrl\":\"https:\\\/\\\/regiaonews.net.br\\\/2022\\\/wp-content\\\/uploads\\\/2026\\\/03\\\/regiao-13-anos-scaled.jpg\",\"width\":2560,\"height\":635,\"caption\":\"Regi\u00e3o News\"},\"image\":{\"@id\":\"https:\\\/\\\/regiaonews.net.br\\\/2022\\\/#\\\/schema\\\/logo\\\/image\\\/\"}},{\"@type\":\"Person\",\"@id\":\"https:\\\/\\\/regiaonews.net.br\\\/2022\\\/#\\\/schema\\\/person\\\/2d205a608a5aa97ac279d7a5e6d89ad8\",\"name\":\"Roberto\",\"image\":{\"@type\":\"ImageObject\",\"inLanguage\":\"pt-BR\",\"@id\":\"https:\\\/\\\/secure.gravatar.com\\\/avatar\\\/42749d8b712ff9d59ca93dc150494e5b55a44134482993f5baeb97e61b7ecc89?s=96&d=mm&r=g\",\"url\":\"https:\\\/\\\/secure.gravatar.com\\\/avatar\\\/42749d8b712ff9d59ca93dc150494e5b55a44134482993f5baeb97e61b7ecc89?s=96&d=mm&r=g\",\"contentUrl\":\"https:\\\/\\\/secure.gravatar.com\\\/avatar\\\/42749d8b712ff9d59ca93dc150494e5b55a44134482993f5baeb97e61b7ecc89?s=96&d=mm&r=g\",\"caption\":\"Roberto\"},\"url\":\"https:\\\/\\\/regiaonews.net.br\\\/2022\\\/author\\\/roberto\\\/\"}]}<\/script>\n<!-- \/ Yoast SEO plugin. -->","yoast_head_json":{"title":"Prazo de vencimento do IPTU e da Taxa de Fiscaliza\u00e7\u00e3o de Funcionamento \u00e9 prorrogado - Regi\u00e3o News","robots":{"index":"index","follow":"follow","max-snippet":"max-snippet:-1","max-image-preview":"max-image-preview:large","max-video-preview":"max-video-preview:-1"},"canonical":"https:\/\/regiaonews.net.br\/2022\/2021\/03\/22\/prazo-de-vencimento-do-iptu-e-da-taxa-de-fiscalizacao-de-funcionamento-e-prorrogado\/","og_locale":"pt_BR","og_type":"article","og_title":"Prazo de vencimento do IPTU e da Taxa de Fiscaliza\u00e7\u00e3o de Funcionamento \u00e9 prorrogado - Regi\u00e3o News","og_description":"A Prefeitura de Gua\u00edra prorrogou o pagamento para o mun\u00edcipe","og_url":"https:\/\/regiaonews.net.br\/2022\/2021\/03\/22\/prazo-de-vencimento-do-iptu-e-da-taxa-de-fiscalizacao-de-funcionamento-e-prorrogado\/","og_site_name":"Regi\u00e3o News","article_published_time":"2021-03-22T20:58:04+00:00","og_image":[{"width":1280,"height":720,"url":"https:\/\/regiaonews.net.br\/2022\/wp-content\/uploads\/2021\/03\/WhatsApp-Image-2021-03-19-at-17.24.47.jpeg","type":"image\/jpeg"}],"author":"Roberto","twitter_card":"summary_large_image","twitter_misc":{"Escrito por":"Roberto","Est. tempo de leitura":"1 minuto"},"schema":{"@context":"https:\/\/schema.org","@graph":[{"@type":"Article","@id":"https:\/\/regiaonews.net.br\/2022\/2021\/03\/22\/prazo-de-vencimento-do-iptu-e-da-taxa-de-fiscalizacao-de-funcionamento-e-prorrogado\/#article","isPartOf":{"@id":"https:\/\/regiaonews.net.br\/2022\/2021\/03\/22\/prazo-de-vencimento-do-iptu-e-da-taxa-de-fiscalizacao-de-funcionamento-e-prorrogado\/"},"author":{"name":"Roberto","@id":"https:\/\/regiaonews.net.br\/2022\/#\/schema\/person\/2d205a608a5aa97ac279d7a5e6d89ad8"},"headline":"Prazo de vencimento do IPTU e da Taxa de Fiscaliza\u00e7\u00e3o de Funcionamento \u00e9 prorrogado","datePublished":"2021-03-22T20:58:04+00:00","mainEntityOfPage":{"@id":"https:\/\/regiaonews.net.br\/2022\/2021\/03\/22\/prazo-de-vencimento-do-iptu-e-da-taxa-de-fiscalizacao-de-funcionamento-e-prorrogado\/"},"wordCount":251,"commentCount":0,"publisher":{"@id":"https:\/\/regiaonews.net.br\/2022\/#organization"},"image":{"@id":"https:\/\/regiaonews.net.br\/2022\/2021\/03\/22\/prazo-de-vencimento-do-iptu-e-da-taxa-de-fiscalizacao-de-funcionamento-e-prorrogado\/#primaryimage"},"thumbnailUrl":"https:\/\/regiaonews.net.br\/2022\/wp-content\/uploads\/2021\/03\/WhatsApp-Image-2021-03-19-at-17.24.47.jpeg","articleSection":["Cidades","Gua\u00edra"],"inLanguage":"pt-BR","potentialAction":[{"@type":"CommentAction","name":"Comment","target":["https:\/\/regiaonews.net.br\/2022\/2021\/03\/22\/prazo-de-vencimento-do-iptu-e-da-taxa-de-fiscalizacao-de-funcionamento-e-prorrogado\/#respond"]}]},{"@type":"WebPage","@id":"https:\/\/regiaonews.net.br\/2022\/2021\/03\/22\/prazo-de-vencimento-do-iptu-e-da-taxa-de-fiscalizacao-de-funcionamento-e-prorrogado\/","url":"https:\/\/regiaonews.net.br\/2022\/2021\/03\/22\/prazo-de-vencimento-do-iptu-e-da-taxa-de-fiscalizacao-de-funcionamento-e-prorrogado\/","name":"Prazo de vencimento do IPTU e da Taxa de Fiscaliza\u00e7\u00e3o de Funcionamento \u00e9 prorrogado - Regi\u00e3o News","isPartOf":{"@id":"https:\/\/regiaonews.net.br\/2022\/#website"},"primaryImageOfPage":{"@id":"https:\/\/regiaonews.net.br\/2022\/2021\/03\/22\/prazo-de-vencimento-do-iptu-e-da-taxa-de-fiscalizacao-de-funcionamento-e-prorrogado\/#primaryimage"},"image":{"@id":"https:\/\/regiaonews.net.br\/2022\/2021\/03\/22\/prazo-de-vencimento-do-iptu-e-da-taxa-de-fiscalizacao-de-funcionamento-e-prorrogado\/#primaryimage"},"thumbnailUrl":"https:\/\/regiaonews.net.br\/2022\/wp-content\/uploads\/2021\/03\/WhatsApp-Image-2021-03-19-at-17.24.47.jpeg","datePublished":"2021-03-22T20:58:04+00:00","breadcrumb":{"@id":"https:\/\/regiaonews.net.br\/2022\/2021\/03\/22\/prazo-de-vencimento-do-iptu-e-da-taxa-de-fiscalizacao-de-funcionamento-e-prorrogado\/#breadcrumb"},"inLanguage":"pt-BR","potentialAction":[{"@type":"ReadAction","target":["https:\/\/regiaonews.net.br\/2022\/2021\/03\/22\/prazo-de-vencimento-do-iptu-e-da-taxa-de-fiscalizacao-de-funcionamento-e-prorrogado\/"]}]},{"@type":"ImageObject","inLanguage":"pt-BR","@id":"https:\/\/regiaonews.net.br\/2022\/2021\/03\/22\/prazo-de-vencimento-do-iptu-e-da-taxa-de-fiscalizacao-de-funcionamento-e-prorrogado\/#primaryimage","url":"https:\/\/regiaonews.net.br\/2022\/wp-content\/uploads\/2021\/03\/WhatsApp-Image-2021-03-19-at-17.24.47.jpeg","contentUrl":"https:\/\/regiaonews.net.br\/2022\/wp-content\/uploads\/2021\/03\/WhatsApp-Image-2021-03-19-at-17.24.47.jpeg","width":1280,"height":720},{"@type":"BreadcrumbList","@id":"https:\/\/regiaonews.net.br\/2022\/2021\/03\/22\/prazo-de-vencimento-do-iptu-e-da-taxa-de-fiscalizacao-de-funcionamento-e-prorrogado\/#breadcrumb","itemListElement":[{"@type":"ListItem","position":1,"name":"In\u00edcio","item":"https:\/\/regiaonews.net.br\/2022\/"},{"@type":"ListItem","position":2,"name":"Prazo de vencimento do IPTU e da Taxa de Fiscaliza\u00e7\u00e3o de Funcionamento \u00e9 prorrogado"}]},{"@type":"WebSite","@id":"https:\/\/regiaonews.net.br\/2022\/#website","url":"https:\/\/regiaonews.net.br\/2022\/","name":"Regi\u00e3o News","description":"Site de Not\u00edcias de Barretos e regi\u00e3o","publisher":{"@id":"https:\/\/regiaonews.net.br\/2022\/#organization"},"potentialAction":[{"@type":"SearchAction","target":{"@type":"EntryPoint","urlTemplate":"https:\/\/regiaonews.net.br\/2022\/?s={search_term_string}"},"query-input":{"@type":"PropertyValueSpecification","valueRequired":true,"valueName":"search_term_string"}}],"inLanguage":"pt-BR"},{"@type":"Organization","@id":"https:\/\/regiaonews.net.br\/2022\/#organization","name":"Regi\u00e3o News","url":"https:\/\/regiaonews.net.br\/2022\/","logo":{"@type":"ImageObject","inLanguage":"pt-BR","@id":"https:\/\/regiaonews.net.br\/2022\/#\/schema\/logo\/image\/","url":"https:\/\/regiaonews.net.br\/2022\/wp-content\/uploads\/2026\/03\/regiao-13-anos-scaled.jpg","contentUrl":"https:\/\/regiaonews.net.br\/2022\/wp-content\/uploads\/2026\/03\/regiao-13-anos-scaled.jpg","width":2560,"height":635,"caption":"Regi\u00e3o News"},"image":{"@id":"https:\/\/regiaonews.net.br\/2022\/#\/schema\/logo\/image\/"}},{"@type":"Person","@id":"https:\/\/regiaonews.net.br\/2022\/#\/schema\/person\/2d205a608a5aa97ac279d7a5e6d89ad8","name":"Roberto","image":{"@type":"ImageObject","inLanguage":"pt-BR","@id":"https:\/\/secure.gravatar.com\/avatar\/42749d8b712ff9d59ca93dc150494e5b55a44134482993f5baeb97e61b7ecc89?s=96&d=mm&r=g","url":"https:\/\/secure.gravatar.com\/avatar\/42749d8b712ff9d59ca93dc150494e5b55a44134482993f5baeb97e61b7ecc89?s=96&d=mm&r=g","contentUrl":"https:\/\/secure.gravatar.com\/avatar\/42749d8b712ff9d59ca93dc150494e5b55a44134482993f5baeb97e61b7ecc89?s=96&d=mm&r=g","caption":"Roberto"},"url":"https:\/\/regiaonews.net.br\/2022\/author\/roberto\/"}]}},"publishpress_future_action":{"enabled":false,"date":"2026-05-04 03:28:08","action":"change-status","newStatus":"draft","terms":[],"taxonomy":"category","extraData":[]},"publishpress_future_workflow_manual_trigger":{"enabledWorkflows":[]},"_links":{"self":[{"href":"https:\/\/regiaonews.net.br\/2022\/wp-json\/wp\/v2\/posts\/44219","targetHints":{"allow":["GET"]}}],"collection":[{"href":"https:\/\/regiaonews.net.br\/2022\/wp-json\/wp\/v2\/posts"}],"about":[{"href":"https:\/\/regiaonews.net.br\/2022\/wp-json\/wp\/v2\/types\/post"}],"author":[{"embeddable":true,"href":"https:\/\/regiaonews.net.br\/2022\/wp-json\/wp\/v2\/users\/2"}],"replies":[{"embeddable":true,"href":"https:\/\/regiaonews.net.br\/2022\/wp-json\/wp\/v2\/comments?post=44219"}],"version-history":[{"count":0,"href":"https:\/\/regiaonews.net.br\/2022\/wp-json\/wp\/v2\/posts\/44219\/revisions"}],"wp:featuredmedia":[{"embeddable":true,"href":"https:\/\/regiaonews.net.br\/2022\/wp-json\/wp\/v2\/media\/44221"}],"wp:attachment":[{"href":"https:\/\/regiaonews.net.br\/2022\/wp-json\/wp\/v2\/media?parent=44219"}],"wp:term":[{"taxonomy":"category","embeddable":true,"href":"https:\/\/regiaonews.net.br\/2022\/wp-json\/wp\/v2\/categories?post=44219"},{"taxonomy":"post_tag","embeddable":true,"href":"https:\/\/regiaonews.net.br\/2022\/wp-json\/wp\/v2\/tags?post=44219"}],"curies":[{"name":"wp","href":"https:\/\/api.w.org\/{rel}","templated":true}]}}