{"id":44208,"date":"2021-03-21T17:16:25","date_gmt":"2021-03-21T20:16:25","guid":{"rendered":"https:\/\/regiaonews.net.br\/2022\/?p=44208"},"modified":"2021-03-21T17:16:25","modified_gmt":"2021-03-21T20:16:25","slug":"requerimento-do-vereador-carlao-do-basquete-pede-adocao-de-protocolo-para-tratamento-da-covid","status":"publish","type":"post","link":"https:\/\/regiaonews.net.br\/2022\/2021\/03\/21\/requerimento-do-vereador-carlao-do-basquete-pede-adocao-de-protocolo-para-tratamento-da-covid\/","title":{"rendered":"Requerimento do vereador Carl\u00e3o do Basquete pede  ado\u00e7\u00e3o de protocolo para tratamento da Covid-"},"content":{"rendered":"<p><a href=\"https:\/\/regiaonews.net.br\/2022\/wp-content\/uploads\/2019\/12\/carl\u00e3o-do-basqute-vereador.jpg\"><img loading=\"lazy\" decoding=\"async\" class=\"alignnone size-medium wp-image-26256\" src=\"https:\/\/regiaonews.net.br\/2022\/wp-content\/uploads\/2019\/12\/carl\u00e3o-do-basqute-vereador-300x199.jpg\" alt=\"\" width=\"300\" height=\"199\" \/><\/a><\/p>\n<p><strong>O vereador Carl\u00e3o do Basquete, apresentou n\u00famero 494\/2021, que ser\u00e1 votado na sess\u00e3o ordin\u00e1ria da pr\u00f3xima segunda (22), na sess\u00e3o online da C\u00e2mara Municipal de Barretos, a partir das 18h. No pedido, o vereador pede esclarecimentos a prefeita Paula Lemos e ao secret\u00e1rio de sa\u00fade, Kleber Rosa, se existe possiblidade de elaborar e implantar na sa\u00fade local, protocolo de atendimento de pacientes suspeitos de terem contra\u00eddo a Covid-19. No pedido, o vereador, solicita que seja ministrado nestes pacientes, que apresentarem febre, perda de paladar ou olfato, medicamentos antibi\u00f3ticos, entre eles, ivermectina. \u201cEssas medidas visam combater rea\u00e7\u00f5es graves do organismo que possam surgir em raz\u00e3o da doen\u00e7a\u201d, destacou Carl\u00e3o. <\/strong><\/p>\n<p><strong>No pedido, o vereador destaca o sucesso obtido por alguns pa\u00edses, entre eles, a cidade de Porto Feliz\/SP, que reduziu a 0% a mortalidade na cidade, al\u00e9m da reduzir as interna\u00e7\u00f5es hospitalares nas UTI\u2019s.<\/strong><\/p>\n","protected":false},"excerpt":{"rendered":"<p>O vereador Carl\u00e3o do Basquete, apresentou n\u00famero 494\/2021, que ser\u00e1<\/p>\n","protected":false},"author":2,"featured_media":26256,"comment_status":"open","ping_status":"open","sticky":false,"template":"","format":"standard","meta":{"footnotes":""},"categories":[14,25,22],"tags":[],"class_list":["post-44208","post","type-post","status-publish","format-standard","has-post-thumbnail","hentry","category-barretos","category-cidades","category-politica"],"yoast_head":"<!-- This site is optimized with the Yoast SEO plugin v27.4 - https:\/\/yoast.com\/product\/yoast-seo-wordpress\/ -->\n<title>Requerimento do vereador Carl\u00e3o do Basquete pede ado\u00e7\u00e3o de protocolo para tratamento da Covid- Regi\u00e3o News<\/title>\n<meta name=\"robots\" content=\"index, follow, max-snippet:-1, max-image-preview:large, max-video-preview:-1\" \/>\n<link rel=\"canonical\" href=\"https:\/\/regiaonews.net.br\/2022\/2021\/03\/21\/requerimento-do-vereador-carlao-do-basquete-pede-adocao-de-protocolo-para-tratamento-da-covid\/\" \/>\n<meta property=\"og:locale\" content=\"pt_BR\" \/>\n<meta property=\"og:type\" content=\"article\" \/>\n<meta property=\"og:title\" content=\"Requerimento do vereador Carl\u00e3o do Basquete pede ado\u00e7\u00e3o de protocolo para tratamento da Covid- Regi\u00e3o News\" \/>\n<meta property=\"og:description\" content=\"O vereador Carl\u00e3o do Basquete, apresentou n\u00famero 494\/2021, que ser\u00e1\" \/>\n<meta property=\"og:url\" content=\"https:\/\/regiaonews.net.br\/2022\/2021\/03\/21\/requerimento-do-vereador-carlao-do-basquete-pede-adocao-de-protocolo-para-tratamento-da-covid\/\" \/>\n<meta property=\"og:site_name\" content=\"Regi\u00e3o News\" \/>\n<meta property=\"article:published_time\" content=\"2021-03-21T20:16:25+00:00\" \/>\n<meta property=\"og:image\" content=\"https:\/\/regiaonews.net.br\/2022\/wp-content\/uploads\/2019\/12\/carl\u00e3o-do-basqute-vereador.jpg\" \/>\n\t<meta property=\"og:image:width\" content=\"800\" \/>\n\t<meta property=\"og:image:height\" content=\"530\" \/>\n\t<meta property=\"og:image:type\" content=\"image\/jpeg\" \/>\n<meta name=\"author\" content=\"Roberto\" \/>\n<meta name=\"twitter:card\" content=\"summary_large_image\" \/>\n<meta name=\"twitter:label1\" content=\"Escrito por\" \/>\n\t<meta name=\"twitter:data1\" content=\"Roberto\" \/>\n\t<meta name=\"twitter:label2\" content=\"Est. tempo de leitura\" \/>\n\t<meta name=\"twitter:data2\" content=\"1 minuto\" \/>\n<script type=\"application\/ld+json\" class=\"yoast-schema-graph\">{\"@context\":\"https:\\\/\\\/schema.org\",\"@graph\":[{\"@type\":\"Article\",\"@id\":\"https:\\\/\\\/regiaonews.net.br\\\/2022\\\/2021\\\/03\\\/21\\\/requerimento-do-vereador-carlao-do-basquete-pede-adocao-de-protocolo-para-tratamento-da-covid\\\/#article\",\"isPartOf\":{\"@id\":\"https:\\\/\\\/regiaonews.net.br\\\/2022\\\/2021\\\/03\\\/21\\\/requerimento-do-vereador-carlao-do-basquete-pede-adocao-de-protocolo-para-tratamento-da-covid\\\/\"},\"author\":{\"name\":\"Roberto\",\"@id\":\"https:\\\/\\\/regiaonews.net.br\\\/2022\\\/#\\\/schema\\\/person\\\/2d205a608a5aa97ac279d7a5e6d89ad8\"},\"headline\":\"Requerimento do vereador Carl\u00e3o do Basquete pede ado\u00e7\u00e3o de protocolo para tratamento da Covid-\",\"datePublished\":\"2021-03-21T20:16:25+00:00\",\"mainEntityOfPage\":{\"@id\":\"https:\\\/\\\/regiaonews.net.br\\\/2022\\\/2021\\\/03\\\/21\\\/requerimento-do-vereador-carlao-do-basquete-pede-adocao-de-protocolo-para-tratamento-da-covid\\\/\"},\"wordCount\":176,\"commentCount\":0,\"publisher\":{\"@id\":\"https:\\\/\\\/regiaonews.net.br\\\/2022\\\/#organization\"},\"image\":{\"@id\":\"https:\\\/\\\/regiaonews.net.br\\\/2022\\\/2021\\\/03\\\/21\\\/requerimento-do-vereador-carlao-do-basquete-pede-adocao-de-protocolo-para-tratamento-da-covid\\\/#primaryimage\"},\"thumbnailUrl\":\"https:\\\/\\\/regiaonews.net.br\\\/2022\\\/wp-content\\\/uploads\\\/2019\\\/12\\\/carl\u00e3o-do-basqute-vereador.jpg\",\"articleSection\":[\"Barretos\",\"Cidades\",\"Pol\u00edtica\"],\"inLanguage\":\"pt-BR\",\"potentialAction\":[{\"@type\":\"CommentAction\",\"name\":\"Comment\",\"target\":[\"https:\\\/\\\/regiaonews.net.br\\\/2022\\\/2021\\\/03\\\/21\\\/requerimento-do-vereador-carlao-do-basquete-pede-adocao-de-protocolo-para-tratamento-da-covid\\\/#respond\"]}]},{\"@type\":\"WebPage\",\"@id\":\"https:\\\/\\\/regiaonews.net.br\\\/2022\\\/2021\\\/03\\\/21\\\/requerimento-do-vereador-carlao-do-basquete-pede-adocao-de-protocolo-para-tratamento-da-covid\\\/\",\"url\":\"https:\\\/\\\/regiaonews.net.br\\\/2022\\\/2021\\\/03\\\/21\\\/requerimento-do-vereador-carlao-do-basquete-pede-adocao-de-protocolo-para-tratamento-da-covid\\\/\",\"name\":\"Requerimento do vereador Carl\u00e3o do Basquete pede ado\u00e7\u00e3o de protocolo para tratamento da Covid- Regi\u00e3o News\",\"isPartOf\":{\"@id\":\"https:\\\/\\\/regiaonews.net.br\\\/2022\\\/#website\"},\"primaryImageOfPage\":{\"@id\":\"https:\\\/\\\/regiaonews.net.br\\\/2022\\\/2021\\\/03\\\/21\\\/requerimento-do-vereador-carlao-do-basquete-pede-adocao-de-protocolo-para-tratamento-da-covid\\\/#primaryimage\"},\"image\":{\"@id\":\"https:\\\/\\\/regiaonews.net.br\\\/2022\\\/2021\\\/03\\\/21\\\/requerimento-do-vereador-carlao-do-basquete-pede-adocao-de-protocolo-para-tratamento-da-covid\\\/#primaryimage\"},\"thumbnailUrl\":\"https:\\\/\\\/regiaonews.net.br\\\/2022\\\/wp-content\\\/uploads\\\/2019\\\/12\\\/carl\u00e3o-do-basqute-vereador.jpg\",\"datePublished\":\"2021-03-21T20:16:25+00:00\",\"breadcrumb\":{\"@id\":\"https:\\\/\\\/regiaonews.net.br\\\/2022\\\/2021\\\/03\\\/21\\\/requerimento-do-vereador-carlao-do-basquete-pede-adocao-de-protocolo-para-tratamento-da-covid\\\/#breadcrumb\"},\"inLanguage\":\"pt-BR\",\"potentialAction\":[{\"@type\":\"ReadAction\",\"target\":[\"https:\\\/\\\/regiaonews.net.br\\\/2022\\\/2021\\\/03\\\/21\\\/requerimento-do-vereador-carlao-do-basquete-pede-adocao-de-protocolo-para-tratamento-da-covid\\\/\"]}]},{\"@type\":\"ImageObject\",\"inLanguage\":\"pt-BR\",\"@id\":\"https:\\\/\\\/regiaonews.net.br\\\/2022\\\/2021\\\/03\\\/21\\\/requerimento-do-vereador-carlao-do-basquete-pede-adocao-de-protocolo-para-tratamento-da-covid\\\/#primaryimage\",\"url\":\"https:\\\/\\\/regiaonews.net.br\\\/2022\\\/wp-content\\\/uploads\\\/2019\\\/12\\\/carl\u00e3o-do-basqute-vereador.jpg\",\"contentUrl\":\"https:\\\/\\\/regiaonews.net.br\\\/2022\\\/wp-content\\\/uploads\\\/2019\\\/12\\\/carl\u00e3o-do-basqute-vereador.jpg\",\"width\":800,\"height\":530},{\"@type\":\"BreadcrumbList\",\"@id\":\"https:\\\/\\\/regiaonews.net.br\\\/2022\\\/2021\\\/03\\\/21\\\/requerimento-do-vereador-carlao-do-basquete-pede-adocao-de-protocolo-para-tratamento-da-covid\\\/#breadcrumb\",\"itemListElement\":[{\"@type\":\"ListItem\",\"position\":1,\"name\":\"In\u00edcio\",\"item\":\"https:\\\/\\\/regiaonews.net.br\\\/2022\\\/\"},{\"@type\":\"ListItem\",\"position\":2,\"name\":\"Requerimento do vereador Carl\u00e3o do Basquete pede ado\u00e7\u00e3o de protocolo para tratamento da Covid-\"}]},{\"@type\":\"WebSite\",\"@id\":\"https:\\\/\\\/regiaonews.net.br\\\/2022\\\/#website\",\"url\":\"https:\\\/\\\/regiaonews.net.br\\\/2022\\\/\",\"name\":\"Regi\u00e3o News\",\"description\":\"Site de Not\u00edcias de Barretos e regi\u00e3o\",\"publisher\":{\"@id\":\"https:\\\/\\\/regiaonews.net.br\\\/2022\\\/#organization\"},\"potentialAction\":[{\"@type\":\"SearchAction\",\"target\":{\"@type\":\"EntryPoint\",\"urlTemplate\":\"https:\\\/\\\/regiaonews.net.br\\\/2022\\\/?s={search_term_string}\"},\"query-input\":{\"@type\":\"PropertyValueSpecification\",\"valueRequired\":true,\"valueName\":\"search_term_string\"}}],\"inLanguage\":\"pt-BR\"},{\"@type\":\"Organization\",\"@id\":\"https:\\\/\\\/regiaonews.net.br\\\/2022\\\/#organization\",\"name\":\"Regi\u00e3o News\",\"url\":\"https:\\\/\\\/regiaonews.net.br\\\/2022\\\/\",\"logo\":{\"@type\":\"ImageObject\",\"inLanguage\":\"pt-BR\",\"@id\":\"https:\\\/\\\/regiaonews.net.br\\\/2022\\\/#\\\/schema\\\/logo\\\/image\\\/\",\"url\":\"https:\\\/\\\/regiaonews.net.br\\\/2022\\\/wp-content\\\/uploads\\\/2026\\\/03\\\/regiao-13-anos-scaled.jpg\",\"contentUrl\":\"https:\\\/\\\/regiaonews.net.br\\\/2022\\\/wp-content\\\/uploads\\\/2026\\\/03\\\/regiao-13-anos-scaled.jpg\",\"width\":2560,\"height\":635,\"caption\":\"Regi\u00e3o News\"},\"image\":{\"@id\":\"https:\\\/\\\/regiaonews.net.br\\\/2022\\\/#\\\/schema\\\/logo\\\/image\\\/\"}},{\"@type\":\"Person\",\"@id\":\"https:\\\/\\\/regiaonews.net.br\\\/2022\\\/#\\\/schema\\\/person\\\/2d205a608a5aa97ac279d7a5e6d89ad8\",\"name\":\"Roberto\",\"image\":{\"@type\":\"ImageObject\",\"inLanguage\":\"pt-BR\",\"@id\":\"https:\\\/\\\/secure.gravatar.com\\\/avatar\\\/42749d8b712ff9d59ca93dc150494e5b55a44134482993f5baeb97e61b7ecc89?s=96&d=mm&r=g\",\"url\":\"https:\\\/\\\/secure.gravatar.com\\\/avatar\\\/42749d8b712ff9d59ca93dc150494e5b55a44134482993f5baeb97e61b7ecc89?s=96&d=mm&r=g\",\"contentUrl\":\"https:\\\/\\\/secure.gravatar.com\\\/avatar\\\/42749d8b712ff9d59ca93dc150494e5b55a44134482993f5baeb97e61b7ecc89?s=96&d=mm&r=g\",\"caption\":\"Roberto\"},\"url\":\"https:\\\/\\\/regiaonews.net.br\\\/2022\\\/author\\\/roberto\\\/\"}]}<\/script>\n<!-- \/ Yoast SEO plugin. -->","yoast_head_json":{"title":"Requerimento do vereador Carl\u00e3o do Basquete pede ado\u00e7\u00e3o de protocolo para tratamento da Covid- Regi\u00e3o News","robots":{"index":"index","follow":"follow","max-snippet":"max-snippet:-1","max-image-preview":"max-image-preview:large","max-video-preview":"max-video-preview:-1"},"canonical":"https:\/\/regiaonews.net.br\/2022\/2021\/03\/21\/requerimento-do-vereador-carlao-do-basquete-pede-adocao-de-protocolo-para-tratamento-da-covid\/","og_locale":"pt_BR","og_type":"article","og_title":"Requerimento do vereador Carl\u00e3o do Basquete pede ado\u00e7\u00e3o de protocolo para tratamento da Covid- Regi\u00e3o News","og_description":"O vereador Carl\u00e3o do Basquete, apresentou n\u00famero 494\/2021, que ser\u00e1","og_url":"https:\/\/regiaonews.net.br\/2022\/2021\/03\/21\/requerimento-do-vereador-carlao-do-basquete-pede-adocao-de-protocolo-para-tratamento-da-covid\/","og_site_name":"Regi\u00e3o News","article_published_time":"2021-03-21T20:16:25+00:00","og_image":[{"width":800,"height":530,"url":"https:\/\/regiaonews.net.br\/2022\/wp-content\/uploads\/2019\/12\/carl\u00e3o-do-basqute-vereador.jpg","type":"image\/jpeg"}],"author":"Roberto","twitter_card":"summary_large_image","twitter_misc":{"Escrito por":"Roberto","Est. tempo de leitura":"1 minuto"},"schema":{"@context":"https:\/\/schema.org","@graph":[{"@type":"Article","@id":"https:\/\/regiaonews.net.br\/2022\/2021\/03\/21\/requerimento-do-vereador-carlao-do-basquete-pede-adocao-de-protocolo-para-tratamento-da-covid\/#article","isPartOf":{"@id":"https:\/\/regiaonews.net.br\/2022\/2021\/03\/21\/requerimento-do-vereador-carlao-do-basquete-pede-adocao-de-protocolo-para-tratamento-da-covid\/"},"author":{"name":"Roberto","@id":"https:\/\/regiaonews.net.br\/2022\/#\/schema\/person\/2d205a608a5aa97ac279d7a5e6d89ad8"},"headline":"Requerimento do vereador Carl\u00e3o do Basquete pede ado\u00e7\u00e3o de protocolo para tratamento da Covid-","datePublished":"2021-03-21T20:16:25+00:00","mainEntityOfPage":{"@id":"https:\/\/regiaonews.net.br\/2022\/2021\/03\/21\/requerimento-do-vereador-carlao-do-basquete-pede-adocao-de-protocolo-para-tratamento-da-covid\/"},"wordCount":176,"commentCount":0,"publisher":{"@id":"https:\/\/regiaonews.net.br\/2022\/#organization"},"image":{"@id":"https:\/\/regiaonews.net.br\/2022\/2021\/03\/21\/requerimento-do-vereador-carlao-do-basquete-pede-adocao-de-protocolo-para-tratamento-da-covid\/#primaryimage"},"thumbnailUrl":"https:\/\/regiaonews.net.br\/2022\/wp-content\/uploads\/2019\/12\/carl\u00e3o-do-basqute-vereador.jpg","articleSection":["Barretos","Cidades","Pol\u00edtica"],"inLanguage":"pt-BR","potentialAction":[{"@type":"CommentAction","name":"Comment","target":["https:\/\/regiaonews.net.br\/2022\/2021\/03\/21\/requerimento-do-vereador-carlao-do-basquete-pede-adocao-de-protocolo-para-tratamento-da-covid\/#respond"]}]},{"@type":"WebPage","@id":"https:\/\/regiaonews.net.br\/2022\/2021\/03\/21\/requerimento-do-vereador-carlao-do-basquete-pede-adocao-de-protocolo-para-tratamento-da-covid\/","url":"https:\/\/regiaonews.net.br\/2022\/2021\/03\/21\/requerimento-do-vereador-carlao-do-basquete-pede-adocao-de-protocolo-para-tratamento-da-covid\/","name":"Requerimento do vereador Carl\u00e3o do Basquete pede ado\u00e7\u00e3o de protocolo para tratamento da Covid- Regi\u00e3o News","isPartOf":{"@id":"https:\/\/regiaonews.net.br\/2022\/#website"},"primaryImageOfPage":{"@id":"https:\/\/regiaonews.net.br\/2022\/2021\/03\/21\/requerimento-do-vereador-carlao-do-basquete-pede-adocao-de-protocolo-para-tratamento-da-covid\/#primaryimage"},"image":{"@id":"https:\/\/regiaonews.net.br\/2022\/2021\/03\/21\/requerimento-do-vereador-carlao-do-basquete-pede-adocao-de-protocolo-para-tratamento-da-covid\/#primaryimage"},"thumbnailUrl":"https:\/\/regiaonews.net.br\/2022\/wp-content\/uploads\/2019\/12\/carl\u00e3o-do-basqute-vereador.jpg","datePublished":"2021-03-21T20:16:25+00:00","breadcrumb":{"@id":"https:\/\/regiaonews.net.br\/2022\/2021\/03\/21\/requerimento-do-vereador-carlao-do-basquete-pede-adocao-de-protocolo-para-tratamento-da-covid\/#breadcrumb"},"inLanguage":"pt-BR","potentialAction":[{"@type":"ReadAction","target":["https:\/\/regiaonews.net.br\/2022\/2021\/03\/21\/requerimento-do-vereador-carlao-do-basquete-pede-adocao-de-protocolo-para-tratamento-da-covid\/"]}]},{"@type":"ImageObject","inLanguage":"pt-BR","@id":"https:\/\/regiaonews.net.br\/2022\/2021\/03\/21\/requerimento-do-vereador-carlao-do-basquete-pede-adocao-de-protocolo-para-tratamento-da-covid\/#primaryimage","url":"https:\/\/regiaonews.net.br\/2022\/wp-content\/uploads\/2019\/12\/carl\u00e3o-do-basqute-vereador.jpg","contentUrl":"https:\/\/regiaonews.net.br\/2022\/wp-content\/uploads\/2019\/12\/carl\u00e3o-do-basqute-vereador.jpg","width":800,"height":530},{"@type":"BreadcrumbList","@id":"https:\/\/regiaonews.net.br\/2022\/2021\/03\/21\/requerimento-do-vereador-carlao-do-basquete-pede-adocao-de-protocolo-para-tratamento-da-covid\/#breadcrumb","itemListElement":[{"@type":"ListItem","position":1,"name":"In\u00edcio","item":"https:\/\/regiaonews.net.br\/2022\/"},{"@type":"ListItem","position":2,"name":"Requerimento do vereador Carl\u00e3o do Basquete pede ado\u00e7\u00e3o de protocolo para tratamento da Covid-"}]},{"@type":"WebSite","@id":"https:\/\/regiaonews.net.br\/2022\/#website","url":"https:\/\/regiaonews.net.br\/2022\/","name":"Regi\u00e3o News","description":"Site de Not\u00edcias de Barretos e regi\u00e3o","publisher":{"@id":"https:\/\/regiaonews.net.br\/2022\/#organization"},"potentialAction":[{"@type":"SearchAction","target":{"@type":"EntryPoint","urlTemplate":"https:\/\/regiaonews.net.br\/2022\/?s={search_term_string}"},"query-input":{"@type":"PropertyValueSpecification","valueRequired":true,"valueName":"search_term_string"}}],"inLanguage":"pt-BR"},{"@type":"Organization","@id":"https:\/\/regiaonews.net.br\/2022\/#organization","name":"Regi\u00e3o News","url":"https:\/\/regiaonews.net.br\/2022\/","logo":{"@type":"ImageObject","inLanguage":"pt-BR","@id":"https:\/\/regiaonews.net.br\/2022\/#\/schema\/logo\/image\/","url":"https:\/\/regiaonews.net.br\/2022\/wp-content\/uploads\/2026\/03\/regiao-13-anos-scaled.jpg","contentUrl":"https:\/\/regiaonews.net.br\/2022\/wp-content\/uploads\/2026\/03\/regiao-13-anos-scaled.jpg","width":2560,"height":635,"caption":"Regi\u00e3o News"},"image":{"@id":"https:\/\/regiaonews.net.br\/2022\/#\/schema\/logo\/image\/"}},{"@type":"Person","@id":"https:\/\/regiaonews.net.br\/2022\/#\/schema\/person\/2d205a608a5aa97ac279d7a5e6d89ad8","name":"Roberto","image":{"@type":"ImageObject","inLanguage":"pt-BR","@id":"https:\/\/secure.gravatar.com\/avatar\/42749d8b712ff9d59ca93dc150494e5b55a44134482993f5baeb97e61b7ecc89?s=96&d=mm&r=g","url":"https:\/\/secure.gravatar.com\/avatar\/42749d8b712ff9d59ca93dc150494e5b55a44134482993f5baeb97e61b7ecc89?s=96&d=mm&r=g","contentUrl":"https:\/\/secure.gravatar.com\/avatar\/42749d8b712ff9d59ca93dc150494e5b55a44134482993f5baeb97e61b7ecc89?s=96&d=mm&r=g","caption":"Roberto"},"url":"https:\/\/regiaonews.net.br\/2022\/author\/roberto\/"}]}},"publishpress_future_action":{"enabled":false,"date":"2026-05-04 06:04:43","action":"change-status","newStatus":"draft","terms":[],"taxonomy":"category","extraData":[]},"publishpress_future_workflow_manual_trigger":{"enabledWorkflows":[]},"_links":{"self":[{"href":"https:\/\/regiaonews.net.br\/2022\/wp-json\/wp\/v2\/posts\/44208","targetHints":{"allow":["GET"]}}],"collection":[{"href":"https:\/\/regiaonews.net.br\/2022\/wp-json\/wp\/v2\/posts"}],"about":[{"href":"https:\/\/regiaonews.net.br\/2022\/wp-json\/wp\/v2\/types\/post"}],"author":[{"embeddable":true,"href":"https:\/\/regiaonews.net.br\/2022\/wp-json\/wp\/v2\/users\/2"}],"replies":[{"embeddable":true,"href":"https:\/\/regiaonews.net.br\/2022\/wp-json\/wp\/v2\/comments?post=44208"}],"version-history":[{"count":0,"href":"https:\/\/regiaonews.net.br\/2022\/wp-json\/wp\/v2\/posts\/44208\/revisions"}],"wp:featuredmedia":[{"embeddable":true,"href":"https:\/\/regiaonews.net.br\/2022\/wp-json\/wp\/v2\/media\/26256"}],"wp:attachment":[{"href":"https:\/\/regiaonews.net.br\/2022\/wp-json\/wp\/v2\/media?parent=44208"}],"wp:term":[{"taxonomy":"category","embeddable":true,"href":"https:\/\/regiaonews.net.br\/2022\/wp-json\/wp\/v2\/categories?post=44208"},{"taxonomy":"post_tag","embeddable":true,"href":"https:\/\/regiaonews.net.br\/2022\/wp-json\/wp\/v2\/tags?post=44208"}],"curies":[{"name":"wp","href":"https:\/\/api.w.org\/{rel}","templated":true}]}}