{"id":44194,"date":"2021-03-21T13:17:27","date_gmt":"2021-03-21T16:17:27","guid":{"rendered":"https:\/\/regiaonews.net.br\/2022\/?p=44194"},"modified":"2021-03-21T13:17:27","modified_gmt":"2021-03-21T16:17:27","slug":"brasil-recebe-hoje-102-milhao-de-vacinas-do-consorcio-covax-facility","status":"publish","type":"post","link":"https:\/\/regiaonews.net.br\/2022\/2021\/03\/21\/brasil-recebe-hoje-102-milhao-de-vacinas-do-consorcio-covax-facility\/","title":{"rendered":"Brasil recebe hoje 1,02 milh\u00e3o de vacinas do cons\u00f3rcio Covax-Facility"},"content":{"rendered":"<figure id=\"attachment_44195\" aria-describedby=\"caption-attachment-44195\" style=\"width: 300px\" class=\"wp-caption alignnone\"><a href=\"https:\/\/regiaonews.net.br\/2022\/wp-content\/uploads\/2021\/03\/2020-09-27t000000z_1590795794_mt1imgost000of8jy0_rtrmadp_3_imago-images_0.jpg\"><img loading=\"lazy\" decoding=\"async\" class=\"size-medium wp-image-44195\" src=\"https:\/\/regiaonews.net.br\/2022\/wp-content\/uploads\/2021\/03\/2020-09-27t000000z_1590795794_mt1imgost000of8jy0_rtrmadp_3_imago-images_0-300x179.jpg\" alt=\"\" width=\"300\" height=\"179\" \/><\/a><figcaption id=\"caption-attachment-44195\" class=\"wp-caption-text\">Vacina, vacina\u00e7\u00e3o,seringa, covid 19<\/figcaption><\/figure>\n<p>O Brasil recebe hoje (21) o primeiro lote de vacinas contra covid-19 provenientes do cons\u00f3rcio Covax-Facility. Ser\u00e3o 1.022.400 doses da da vacina Oxford\/AstraZeneca contra a covid-19 que chegar\u00e3o ao pa\u00eds \u00e0s 18h. A chegada das vacinas foi confirmada pela representante da Organiza\u00e7\u00e3o Mundial da Sa\u00fade (OMS) e da Organiza\u00e7\u00e3o Pan-Americana da Sa\u00fade (Opas) no Brasil, Socorro Galiano.<img decoding=\"async\" src=\"https:\/\/agenciabrasil.ebc.com.br\/ebc.png?id=1404522&amp;o=node\" \/><img decoding=\"async\" src=\"https:\/\/agenciabrasil.ebc.com.br\/ebc.gif?id=1404522&amp;o=node\" \/><\/p>\n<p>Galiano enviou na sexta-feira (19) uma carta endere\u00e7ada ao ministro da Sa\u00fade, Eduardo Pazuello. \u201c\u00c9 com satisfa\u00e7\u00e3o que informamos que o primeiro embarque, referente a 1.022.400 doses da vacina contra Covid-19, adquiridas atrav\u00e9s do mecanismo Covax, chegar\u00e1 ao Brasil no dia 21 de mar\u00e7o de 2021\u201d, disse ela, na carta.<\/p>\n<p>Na carta ao ministro, a representante da Opas\/OMS no Brasil tamb\u00e9m acrescentou que 90% das doses t\u00eam vencimento em 31 de maio de 2021 e as demais 10% em 30 abril de 2021. A Covax-Facility \u00e9 uma alian\u00e7a internacional da Organiza\u00e7\u00e3o Mundial de Sa\u00fade (OMS) que tem como principal objetivo acelerar o desenvolvimento e a fabrica\u00e7\u00e3o de vacinas contra a covid-19. Trata-se de um cons\u00f3rcio internacional com o objetivo de garantir acesso igualit\u00e1rio \u00e0 imuniza\u00e7\u00e3o.<\/p>\n<p>O carregamento integra a primeira remessa da Covax-Facility ao Brasil, que totalizar\u00e1 9,1 milh\u00f5es de doses da vacina Oxford\/AstraZeneca, a serem entregues at\u00e9 maio de 2021. De acordo com o contrato de ades\u00e3o do Brasil \u00e0 iniciativa, firmado em 25 de setembro de 2020, o pa\u00eds ter\u00e1 acesso a 42,5 milh\u00f5es de doses de vacinas contra a covid-19.<\/p>\n<p>De acordo com o comunicado do cons\u00f3rcio, a proje\u00e7\u00e3o \u00e9 que sejam enviadas 330 milh\u00f5es de doses das vacinas da Pfizer\/BioNTech e Oxford\/AstraZeneca na primeira metade de 2021 para 145 pa\u00edses integrantes da alian\u00e7a, que re\u00fane mais de 150 na\u00e7\u00f5es.<\/p>\n<p>FONTE : Ag\u00eanciaBrasil<\/p>\n<p>&nbsp;<\/p>\n","protected":false},"excerpt":{"rendered":"<p>O Brasil recebe hoje (21) o primeiro lote de vacinas<\/p>\n","protected":false},"author":2,"featured_media":44195,"comment_status":"open","ping_status":"open","sticky":false,"template":"","format":"standard","meta":{"footnotes":""},"categories":[24,25],"tags":[],"class_list":["post-44194","post","type-post","status-publish","format-standard","has-post-thumbnail","hentry","category-brasil","category-cidades"],"yoast_head":"<!-- This site is optimized with the Yoast SEO plugin v27.4 - https:\/\/yoast.com\/product\/yoast-seo-wordpress\/ -->\n<title>Brasil recebe hoje 1,02 milh\u00e3o de vacinas do cons\u00f3rcio Covax-Facility - Regi\u00e3o News<\/title>\n<meta name=\"robots\" content=\"index, follow, max-snippet:-1, max-image-preview:large, max-video-preview:-1\" \/>\n<link rel=\"canonical\" href=\"https:\/\/regiaonews.net.br\/2022\/2021\/03\/21\/brasil-recebe-hoje-102-milhao-de-vacinas-do-consorcio-covax-facility\/\" \/>\n<meta property=\"og:locale\" content=\"pt_BR\" \/>\n<meta property=\"og:type\" content=\"article\" \/>\n<meta property=\"og:title\" content=\"Brasil recebe hoje 1,02 milh\u00e3o de vacinas do cons\u00f3rcio Covax-Facility - Regi\u00e3o News\" \/>\n<meta property=\"og:description\" content=\"O Brasil recebe hoje (21) o primeiro lote de vacinas\" \/>\n<meta property=\"og:url\" content=\"https:\/\/regiaonews.net.br\/2022\/2021\/03\/21\/brasil-recebe-hoje-102-milhao-de-vacinas-do-consorcio-covax-facility\/\" \/>\n<meta property=\"og:site_name\" content=\"Regi\u00e3o News\" \/>\n<meta property=\"article:published_time\" content=\"2021-03-21T16:17:27+00:00\" \/>\n<meta property=\"og:image\" content=\"https:\/\/regiaonews.net.br\/2022\/wp-content\/uploads\/2021\/03\/2020-09-27t000000z_1590795794_mt1imgost000of8jy0_rtrmadp_3_imago-images_0.jpg\" \/>\n\t<meta property=\"og:image:width\" content=\"1170\" \/>\n\t<meta property=\"og:image:height\" content=\"700\" \/>\n\t<meta property=\"og:image:type\" content=\"image\/jpeg\" \/>\n<meta name=\"author\" content=\"Roberto\" \/>\n<meta name=\"twitter:card\" content=\"summary_large_image\" \/>\n<meta name=\"twitter:label1\" content=\"Escrito por\" \/>\n\t<meta name=\"twitter:data1\" content=\"Roberto\" \/>\n\t<meta name=\"twitter:label2\" content=\"Est. tempo de leitura\" \/>\n\t<meta name=\"twitter:data2\" content=\"2 minutos\" \/>\n<script type=\"application\/ld+json\" class=\"yoast-schema-graph\">{\"@context\":\"https:\\\/\\\/schema.org\",\"@graph\":[{\"@type\":\"Article\",\"@id\":\"https:\\\/\\\/regiaonews.net.br\\\/2022\\\/2021\\\/03\\\/21\\\/brasil-recebe-hoje-102-milhao-de-vacinas-do-consorcio-covax-facility\\\/#article\",\"isPartOf\":{\"@id\":\"https:\\\/\\\/regiaonews.net.br\\\/2022\\\/2021\\\/03\\\/21\\\/brasil-recebe-hoje-102-milhao-de-vacinas-do-consorcio-covax-facility\\\/\"},\"author\":{\"name\":\"Roberto\",\"@id\":\"https:\\\/\\\/regiaonews.net.br\\\/2022\\\/#\\\/schema\\\/person\\\/2d205a608a5aa97ac279d7a5e6d89ad8\"},\"headline\":\"Brasil recebe hoje 1,02 milh\u00e3o de vacinas do cons\u00f3rcio Covax-Facility\",\"datePublished\":\"2021-03-21T16:17:27+00:00\",\"mainEntityOfPage\":{\"@id\":\"https:\\\/\\\/regiaonews.net.br\\\/2022\\\/2021\\\/03\\\/21\\\/brasil-recebe-hoje-102-milhao-de-vacinas-do-consorcio-covax-facility\\\/\"},\"wordCount\":319,\"commentCount\":0,\"publisher\":{\"@id\":\"https:\\\/\\\/regiaonews.net.br\\\/2022\\\/#organization\"},\"image\":{\"@id\":\"https:\\\/\\\/regiaonews.net.br\\\/2022\\\/2021\\\/03\\\/21\\\/brasil-recebe-hoje-102-milhao-de-vacinas-do-consorcio-covax-facility\\\/#primaryimage\"},\"thumbnailUrl\":\"https:\\\/\\\/regiaonews.net.br\\\/2022\\\/wp-content\\\/uploads\\\/2021\\\/03\\\/2020-09-27t000000z_1590795794_mt1imgost000of8jy0_rtrmadp_3_imago-images_0.jpg\",\"articleSection\":[\"Brasil\",\"Cidades\"],\"inLanguage\":\"pt-BR\",\"potentialAction\":[{\"@type\":\"CommentAction\",\"name\":\"Comment\",\"target\":[\"https:\\\/\\\/regiaonews.net.br\\\/2022\\\/2021\\\/03\\\/21\\\/brasil-recebe-hoje-102-milhao-de-vacinas-do-consorcio-covax-facility\\\/#respond\"]}]},{\"@type\":\"WebPage\",\"@id\":\"https:\\\/\\\/regiaonews.net.br\\\/2022\\\/2021\\\/03\\\/21\\\/brasil-recebe-hoje-102-milhao-de-vacinas-do-consorcio-covax-facility\\\/\",\"url\":\"https:\\\/\\\/regiaonews.net.br\\\/2022\\\/2021\\\/03\\\/21\\\/brasil-recebe-hoje-102-milhao-de-vacinas-do-consorcio-covax-facility\\\/\",\"name\":\"Brasil recebe hoje 1,02 milh\u00e3o de vacinas do cons\u00f3rcio Covax-Facility - Regi\u00e3o News\",\"isPartOf\":{\"@id\":\"https:\\\/\\\/regiaonews.net.br\\\/2022\\\/#website\"},\"primaryImageOfPage\":{\"@id\":\"https:\\\/\\\/regiaonews.net.br\\\/2022\\\/2021\\\/03\\\/21\\\/brasil-recebe-hoje-102-milhao-de-vacinas-do-consorcio-covax-facility\\\/#primaryimage\"},\"image\":{\"@id\":\"https:\\\/\\\/regiaonews.net.br\\\/2022\\\/2021\\\/03\\\/21\\\/brasil-recebe-hoje-102-milhao-de-vacinas-do-consorcio-covax-facility\\\/#primaryimage\"},\"thumbnailUrl\":\"https:\\\/\\\/regiaonews.net.br\\\/2022\\\/wp-content\\\/uploads\\\/2021\\\/03\\\/2020-09-27t000000z_1590795794_mt1imgost000of8jy0_rtrmadp_3_imago-images_0.jpg\",\"datePublished\":\"2021-03-21T16:17:27+00:00\",\"breadcrumb\":{\"@id\":\"https:\\\/\\\/regiaonews.net.br\\\/2022\\\/2021\\\/03\\\/21\\\/brasil-recebe-hoje-102-milhao-de-vacinas-do-consorcio-covax-facility\\\/#breadcrumb\"},\"inLanguage\":\"pt-BR\",\"potentialAction\":[{\"@type\":\"ReadAction\",\"target\":[\"https:\\\/\\\/regiaonews.net.br\\\/2022\\\/2021\\\/03\\\/21\\\/brasil-recebe-hoje-102-milhao-de-vacinas-do-consorcio-covax-facility\\\/\"]}]},{\"@type\":\"ImageObject\",\"inLanguage\":\"pt-BR\",\"@id\":\"https:\\\/\\\/regiaonews.net.br\\\/2022\\\/2021\\\/03\\\/21\\\/brasil-recebe-hoje-102-milhao-de-vacinas-do-consorcio-covax-facility\\\/#primaryimage\",\"url\":\"https:\\\/\\\/regiaonews.net.br\\\/2022\\\/wp-content\\\/uploads\\\/2021\\\/03\\\/2020-09-27t000000z_1590795794_mt1imgost000of8jy0_rtrmadp_3_imago-images_0.jpg\",\"contentUrl\":\"https:\\\/\\\/regiaonews.net.br\\\/2022\\\/wp-content\\\/uploads\\\/2021\\\/03\\\/2020-09-27t000000z_1590795794_mt1imgost000of8jy0_rtrmadp_3_imago-images_0.jpg\",\"width\":1170,\"height\":700,\"caption\":\"Vacina, vacina\u00e7\u00e3o,seringa, covid 19\"},{\"@type\":\"BreadcrumbList\",\"@id\":\"https:\\\/\\\/regiaonews.net.br\\\/2022\\\/2021\\\/03\\\/21\\\/brasil-recebe-hoje-102-milhao-de-vacinas-do-consorcio-covax-facility\\\/#breadcrumb\",\"itemListElement\":[{\"@type\":\"ListItem\",\"position\":1,\"name\":\"In\u00edcio\",\"item\":\"https:\\\/\\\/regiaonews.net.br\\\/2022\\\/\"},{\"@type\":\"ListItem\",\"position\":2,\"name\":\"Brasil recebe hoje 1,02 milh\u00e3o de vacinas do cons\u00f3rcio Covax-Facility\"}]},{\"@type\":\"WebSite\",\"@id\":\"https:\\\/\\\/regiaonews.net.br\\\/2022\\\/#website\",\"url\":\"https:\\\/\\\/regiaonews.net.br\\\/2022\\\/\",\"name\":\"Regi\u00e3o News\",\"description\":\"Site de Not\u00edcias de Barretos e regi\u00e3o\",\"publisher\":{\"@id\":\"https:\\\/\\\/regiaonews.net.br\\\/2022\\\/#organization\"},\"potentialAction\":[{\"@type\":\"SearchAction\",\"target\":{\"@type\":\"EntryPoint\",\"urlTemplate\":\"https:\\\/\\\/regiaonews.net.br\\\/2022\\\/?s={search_term_string}\"},\"query-input\":{\"@type\":\"PropertyValueSpecification\",\"valueRequired\":true,\"valueName\":\"search_term_string\"}}],\"inLanguage\":\"pt-BR\"},{\"@type\":\"Organization\",\"@id\":\"https:\\\/\\\/regiaonews.net.br\\\/2022\\\/#organization\",\"name\":\"Regi\u00e3o News\",\"url\":\"https:\\\/\\\/regiaonews.net.br\\\/2022\\\/\",\"logo\":{\"@type\":\"ImageObject\",\"inLanguage\":\"pt-BR\",\"@id\":\"https:\\\/\\\/regiaonews.net.br\\\/2022\\\/#\\\/schema\\\/logo\\\/image\\\/\",\"url\":\"https:\\\/\\\/regiaonews.net.br\\\/2022\\\/wp-content\\\/uploads\\\/2026\\\/03\\\/regiao-13-anos-scaled.jpg\",\"contentUrl\":\"https:\\\/\\\/regiaonews.net.br\\\/2022\\\/wp-content\\\/uploads\\\/2026\\\/03\\\/regiao-13-anos-scaled.jpg\",\"width\":2560,\"height\":635,\"caption\":\"Regi\u00e3o News\"},\"image\":{\"@id\":\"https:\\\/\\\/regiaonews.net.br\\\/2022\\\/#\\\/schema\\\/logo\\\/image\\\/\"}},{\"@type\":\"Person\",\"@id\":\"https:\\\/\\\/regiaonews.net.br\\\/2022\\\/#\\\/schema\\\/person\\\/2d205a608a5aa97ac279d7a5e6d89ad8\",\"name\":\"Roberto\",\"image\":{\"@type\":\"ImageObject\",\"inLanguage\":\"pt-BR\",\"@id\":\"https:\\\/\\\/secure.gravatar.com\\\/avatar\\\/42749d8b712ff9d59ca93dc150494e5b55a44134482993f5baeb97e61b7ecc89?s=96&d=mm&r=g\",\"url\":\"https:\\\/\\\/secure.gravatar.com\\\/avatar\\\/42749d8b712ff9d59ca93dc150494e5b55a44134482993f5baeb97e61b7ecc89?s=96&d=mm&r=g\",\"contentUrl\":\"https:\\\/\\\/secure.gravatar.com\\\/avatar\\\/42749d8b712ff9d59ca93dc150494e5b55a44134482993f5baeb97e61b7ecc89?s=96&d=mm&r=g\",\"caption\":\"Roberto\"},\"url\":\"https:\\\/\\\/regiaonews.net.br\\\/2022\\\/author\\\/roberto\\\/\"}]}<\/script>\n<!-- \/ Yoast SEO plugin. -->","yoast_head_json":{"title":"Brasil recebe hoje 1,02 milh\u00e3o de vacinas do cons\u00f3rcio Covax-Facility - Regi\u00e3o News","robots":{"index":"index","follow":"follow","max-snippet":"max-snippet:-1","max-image-preview":"max-image-preview:large","max-video-preview":"max-video-preview:-1"},"canonical":"https:\/\/regiaonews.net.br\/2022\/2021\/03\/21\/brasil-recebe-hoje-102-milhao-de-vacinas-do-consorcio-covax-facility\/","og_locale":"pt_BR","og_type":"article","og_title":"Brasil recebe hoje 1,02 milh\u00e3o de vacinas do cons\u00f3rcio Covax-Facility - Regi\u00e3o News","og_description":"O Brasil recebe hoje (21) o primeiro lote de vacinas","og_url":"https:\/\/regiaonews.net.br\/2022\/2021\/03\/21\/brasil-recebe-hoje-102-milhao-de-vacinas-do-consorcio-covax-facility\/","og_site_name":"Regi\u00e3o News","article_published_time":"2021-03-21T16:17:27+00:00","og_image":[{"width":1170,"height":700,"url":"https:\/\/regiaonews.net.br\/2022\/wp-content\/uploads\/2021\/03\/2020-09-27t000000z_1590795794_mt1imgost000of8jy0_rtrmadp_3_imago-images_0.jpg","type":"image\/jpeg"}],"author":"Roberto","twitter_card":"summary_large_image","twitter_misc":{"Escrito por":"Roberto","Est. tempo de leitura":"2 minutos"},"schema":{"@context":"https:\/\/schema.org","@graph":[{"@type":"Article","@id":"https:\/\/regiaonews.net.br\/2022\/2021\/03\/21\/brasil-recebe-hoje-102-milhao-de-vacinas-do-consorcio-covax-facility\/#article","isPartOf":{"@id":"https:\/\/regiaonews.net.br\/2022\/2021\/03\/21\/brasil-recebe-hoje-102-milhao-de-vacinas-do-consorcio-covax-facility\/"},"author":{"name":"Roberto","@id":"https:\/\/regiaonews.net.br\/2022\/#\/schema\/person\/2d205a608a5aa97ac279d7a5e6d89ad8"},"headline":"Brasil recebe hoje 1,02 milh\u00e3o de vacinas do cons\u00f3rcio Covax-Facility","datePublished":"2021-03-21T16:17:27+00:00","mainEntityOfPage":{"@id":"https:\/\/regiaonews.net.br\/2022\/2021\/03\/21\/brasil-recebe-hoje-102-milhao-de-vacinas-do-consorcio-covax-facility\/"},"wordCount":319,"commentCount":0,"publisher":{"@id":"https:\/\/regiaonews.net.br\/2022\/#organization"},"image":{"@id":"https:\/\/regiaonews.net.br\/2022\/2021\/03\/21\/brasil-recebe-hoje-102-milhao-de-vacinas-do-consorcio-covax-facility\/#primaryimage"},"thumbnailUrl":"https:\/\/regiaonews.net.br\/2022\/wp-content\/uploads\/2021\/03\/2020-09-27t000000z_1590795794_mt1imgost000of8jy0_rtrmadp_3_imago-images_0.jpg","articleSection":["Brasil","Cidades"],"inLanguage":"pt-BR","potentialAction":[{"@type":"CommentAction","name":"Comment","target":["https:\/\/regiaonews.net.br\/2022\/2021\/03\/21\/brasil-recebe-hoje-102-milhao-de-vacinas-do-consorcio-covax-facility\/#respond"]}]},{"@type":"WebPage","@id":"https:\/\/regiaonews.net.br\/2022\/2021\/03\/21\/brasil-recebe-hoje-102-milhao-de-vacinas-do-consorcio-covax-facility\/","url":"https:\/\/regiaonews.net.br\/2022\/2021\/03\/21\/brasil-recebe-hoje-102-milhao-de-vacinas-do-consorcio-covax-facility\/","name":"Brasil recebe hoje 1,02 milh\u00e3o de vacinas do cons\u00f3rcio Covax-Facility - Regi\u00e3o News","isPartOf":{"@id":"https:\/\/regiaonews.net.br\/2022\/#website"},"primaryImageOfPage":{"@id":"https:\/\/regiaonews.net.br\/2022\/2021\/03\/21\/brasil-recebe-hoje-102-milhao-de-vacinas-do-consorcio-covax-facility\/#primaryimage"},"image":{"@id":"https:\/\/regiaonews.net.br\/2022\/2021\/03\/21\/brasil-recebe-hoje-102-milhao-de-vacinas-do-consorcio-covax-facility\/#primaryimage"},"thumbnailUrl":"https:\/\/regiaonews.net.br\/2022\/wp-content\/uploads\/2021\/03\/2020-09-27t000000z_1590795794_mt1imgost000of8jy0_rtrmadp_3_imago-images_0.jpg","datePublished":"2021-03-21T16:17:27+00:00","breadcrumb":{"@id":"https:\/\/regiaonews.net.br\/2022\/2021\/03\/21\/brasil-recebe-hoje-102-milhao-de-vacinas-do-consorcio-covax-facility\/#breadcrumb"},"inLanguage":"pt-BR","potentialAction":[{"@type":"ReadAction","target":["https:\/\/regiaonews.net.br\/2022\/2021\/03\/21\/brasil-recebe-hoje-102-milhao-de-vacinas-do-consorcio-covax-facility\/"]}]},{"@type":"ImageObject","inLanguage":"pt-BR","@id":"https:\/\/regiaonews.net.br\/2022\/2021\/03\/21\/brasil-recebe-hoje-102-milhao-de-vacinas-do-consorcio-covax-facility\/#primaryimage","url":"https:\/\/regiaonews.net.br\/2022\/wp-content\/uploads\/2021\/03\/2020-09-27t000000z_1590795794_mt1imgost000of8jy0_rtrmadp_3_imago-images_0.jpg","contentUrl":"https:\/\/regiaonews.net.br\/2022\/wp-content\/uploads\/2021\/03\/2020-09-27t000000z_1590795794_mt1imgost000of8jy0_rtrmadp_3_imago-images_0.jpg","width":1170,"height":700,"caption":"Vacina, vacina\u00e7\u00e3o,seringa, covid 19"},{"@type":"BreadcrumbList","@id":"https:\/\/regiaonews.net.br\/2022\/2021\/03\/21\/brasil-recebe-hoje-102-milhao-de-vacinas-do-consorcio-covax-facility\/#breadcrumb","itemListElement":[{"@type":"ListItem","position":1,"name":"In\u00edcio","item":"https:\/\/regiaonews.net.br\/2022\/"},{"@type":"ListItem","position":2,"name":"Brasil recebe hoje 1,02 milh\u00e3o de vacinas do cons\u00f3rcio Covax-Facility"}]},{"@type":"WebSite","@id":"https:\/\/regiaonews.net.br\/2022\/#website","url":"https:\/\/regiaonews.net.br\/2022\/","name":"Regi\u00e3o News","description":"Site de Not\u00edcias de Barretos e regi\u00e3o","publisher":{"@id":"https:\/\/regiaonews.net.br\/2022\/#organization"},"potentialAction":[{"@type":"SearchAction","target":{"@type":"EntryPoint","urlTemplate":"https:\/\/regiaonews.net.br\/2022\/?s={search_term_string}"},"query-input":{"@type":"PropertyValueSpecification","valueRequired":true,"valueName":"search_term_string"}}],"inLanguage":"pt-BR"},{"@type":"Organization","@id":"https:\/\/regiaonews.net.br\/2022\/#organization","name":"Regi\u00e3o News","url":"https:\/\/regiaonews.net.br\/2022\/","logo":{"@type":"ImageObject","inLanguage":"pt-BR","@id":"https:\/\/regiaonews.net.br\/2022\/#\/schema\/logo\/image\/","url":"https:\/\/regiaonews.net.br\/2022\/wp-content\/uploads\/2026\/03\/regiao-13-anos-scaled.jpg","contentUrl":"https:\/\/regiaonews.net.br\/2022\/wp-content\/uploads\/2026\/03\/regiao-13-anos-scaled.jpg","width":2560,"height":635,"caption":"Regi\u00e3o News"},"image":{"@id":"https:\/\/regiaonews.net.br\/2022\/#\/schema\/logo\/image\/"}},{"@type":"Person","@id":"https:\/\/regiaonews.net.br\/2022\/#\/schema\/person\/2d205a608a5aa97ac279d7a5e6d89ad8","name":"Roberto","image":{"@type":"ImageObject","inLanguage":"pt-BR","@id":"https:\/\/secure.gravatar.com\/avatar\/42749d8b712ff9d59ca93dc150494e5b55a44134482993f5baeb97e61b7ecc89?s=96&d=mm&r=g","url":"https:\/\/secure.gravatar.com\/avatar\/42749d8b712ff9d59ca93dc150494e5b55a44134482993f5baeb97e61b7ecc89?s=96&d=mm&r=g","contentUrl":"https:\/\/secure.gravatar.com\/avatar\/42749d8b712ff9d59ca93dc150494e5b55a44134482993f5baeb97e61b7ecc89?s=96&d=mm&r=g","caption":"Roberto"},"url":"https:\/\/regiaonews.net.br\/2022\/author\/roberto\/"}]}},"publishpress_future_action":{"enabled":false,"date":"2026-05-03 22:17:19","action":"change-status","newStatus":"draft","terms":[],"taxonomy":"category","extraData":[]},"publishpress_future_workflow_manual_trigger":{"enabledWorkflows":[]},"_links":{"self":[{"href":"https:\/\/regiaonews.net.br\/2022\/wp-json\/wp\/v2\/posts\/44194","targetHints":{"allow":["GET"]}}],"collection":[{"href":"https:\/\/regiaonews.net.br\/2022\/wp-json\/wp\/v2\/posts"}],"about":[{"href":"https:\/\/regiaonews.net.br\/2022\/wp-json\/wp\/v2\/types\/post"}],"author":[{"embeddable":true,"href":"https:\/\/regiaonews.net.br\/2022\/wp-json\/wp\/v2\/users\/2"}],"replies":[{"embeddable":true,"href":"https:\/\/regiaonews.net.br\/2022\/wp-json\/wp\/v2\/comments?post=44194"}],"version-history":[{"count":0,"href":"https:\/\/regiaonews.net.br\/2022\/wp-json\/wp\/v2\/posts\/44194\/revisions"}],"wp:featuredmedia":[{"embeddable":true,"href":"https:\/\/regiaonews.net.br\/2022\/wp-json\/wp\/v2\/media\/44195"}],"wp:attachment":[{"href":"https:\/\/regiaonews.net.br\/2022\/wp-json\/wp\/v2\/media?parent=44194"}],"wp:term":[{"taxonomy":"category","embeddable":true,"href":"https:\/\/regiaonews.net.br\/2022\/wp-json\/wp\/v2\/categories?post=44194"},{"taxonomy":"post_tag","embeddable":true,"href":"https:\/\/regiaonews.net.br\/2022\/wp-json\/wp\/v2\/tags?post=44194"}],"curies":[{"name":"wp","href":"https:\/\/api.w.org\/{rel}","templated":true}]}}