{"id":44177,"date":"2021-03-20T09:38:27","date_gmt":"2021-03-20T12:38:27","guid":{"rendered":"https:\/\/regiaonews.net.br\/2022\/?p=44177"},"modified":"2021-03-20T09:38:27","modified_gmt":"2021-03-20T12:38:27","slug":"mais-de-130-pessoas-com-covid-19-morreram-a-espera-de-leito-de-uti-em-sp-menino-de-3-anos-e-jovem-de-25-estao-entre-as-vitimas","status":"publish","type":"post","link":"https:\/\/regiaonews.net.br\/2022\/2021\/03\/20\/mais-de-130-pessoas-com-covid-19-morreram-a-espera-de-leito-de-uti-em-sp-menino-de-3-anos-e-jovem-de-25-estao-entre-as-vitimas\/","title":{"rendered":"Mais de 130 pessoas com Covid-19 morreram \u00e0 espera de leito de UTI em SP; menino de 3 anos e jovem de 25 est\u00e3o entre as v\u00edtimas"},"content":{"rendered":"<p><a href=\"https:\/\/regiaonews.net.br\/2022\/wp-content\/uploads\/2020\/07\/radiografia_de_torax_coronaviruscovid-19_hospital_sao_paulo1205200326.jpg\"><img loading=\"lazy\" decoding=\"async\" class=\"size-medium wp-image-34535\" src=\"https:\/\/regiaonews.net.br\/2022\/wp-content\/uploads\/2020\/07\/radiografia_de_torax_coronaviruscovid-19_hospital_sao_paulo1205200326-300x179.jpg\" alt=\"\" width=\"300\" height=\"179\" \/><\/a><\/p>\n<p>&nbsp;<\/p>\n<p>Ao menos 135 pessoas com Covid-19 ou suspeita da doen\u00e7a n\u00e3o resistiram \u00e0 espera por um leito de UTI e morreram at\u00e9 esta sexta-feira (19) no estado de S\u00e3o Paulo. O levantamento \u00e9 do\u00a0<strong>G1,\u00a0<\/strong>da\u00a0<strong>TV Globo\u00a0<\/strong>e<strong>\u00a0da GloboNews.<\/strong><\/p>\n<div class=\"mc-column content-text active-extra-styles \" data-block-type=\"unstyled\" data-block-weight=\"47\" data-block-id=\"3\">\n<p class=\"content-text__container \" data-track-category=\"Link no Texto\" data-track-links=\"\">Entre as v\u00edtimas,\u00a0<a href=\"https:\/\/g1.globo.com\/sp\/sorocaba-jundiai\/noticia\/2021\/03\/11\/menino-de-3-anos-morto-por-covid-esperava-transferencia-para-uti-lutou-bravamente-diz-irma.ghtml\">h\u00e1 um menino de tr\u00eas anos<\/a>\u00a0e\u00a0<a href=\"https:\/\/g1.globo.com\/sp\/sorocaba-jundiai\/noticia\/2021\/03\/11\/menino-de-3-anos-morto-por-covid-esperava-transferencia-para-uti-lutou-bravamente-diz-irma.ghtml\">uma jovem de 25, sem doen\u00e7as pr\u00e9vias,<\/a>\u00a0no interior do estado. As cidades com maior registro de mortes na fila est\u00e3o na Grande S\u00e3o Paulo, Tabo\u00e3o da Serra e Franco da Rocha, com 15 cada uma.<\/p>\n<\/div>\n<div class=\"mc-column content-text active-extra-styles \" data-block-type=\"unstyled\" data-block-weight=\"26\" data-block-id=\"4\">\n<p class=\"content-text__container \" data-track-category=\"Link no Texto\" data-track-links=\"\">Os pacientes estavam cadastrados no sistema de regula\u00e7\u00e3o de transfer\u00eancias do estado, mas n\u00e3o resistiram at\u00e9 chegar a vaga, de acordo com a Secretaria da Sa\u00fade.<\/p>\n<div class=\"mc-column content-text active-extra-styles \" data-block-type=\"unstyled\" data-block-weight=\"77\" data-block-id=\"5\">\n<p class=\"content-text__container \" data-track-category=\"Link no Texto\" data-track-links=\"\">A ocupa\u00e7\u00e3o geral de leitos de Unidade de Terapia Intensiva (UTI) nas redes p\u00fablica e privada est\u00e1 em 91,4% no estado e em 91,6% na Grande S\u00e3o Paulo nesta sexta. O n\u00famero total de pacientes internados no estado \u00e9 de 27.527, sendo 11.738 em UTIs e 15.789 em enfermaria.\u00a0<span class=\"highlight highlighted\">Esse valor \u00e9 77% maior que o total de pacientes internados no dia 27 de fevereiro<\/span>, quando o estado bateu o recorde de pacientes internados pela primeira vez.<\/p>\n<\/div>\n<div class=\"mc-column content-text active-extra-styles \" data-block-type=\"unstyled\" data-block-weight=\"21\" data-block-id=\"6\">\n<p class=\"content-text__container \" data-track-category=\"Link no Texto\" data-track-links=\"\">Em nota, a pasta afirmou que\u00a0<span class=\"highlight highlighted\">a rede de sa\u00fade est\u00e1 impactada<\/span>\u00a0com o aumento de casos e interna\u00e7\u00f5es.<\/p>\n<p data-track-category=\"Link no Texto\" data-track-links=\"\">&#8220;O governo de SP tem investido na amplia\u00e7\u00e3o de leitos e somente neste m\u00eas anunciou a abertura de mais de 1 mil leitos e 12 hospitais de campanha. At\u00e9 abril, o estado ter\u00e1 mais de 9,2 mil leitos de UTI, contra 3,5 mil antes da pandemia. Ainda assim, \u00e9 importante que a popula\u00e7\u00e3o respeite a Fase Emergencial do Plano S\u00e3o Paulo, use m\u00e1scaras, respeite o distanciamento social e fique em casa&#8221;, diz a nota.<\/p>\n<p data-track-category=\"Link no Texto\" data-track-links=\"\">fonte : <strong>G1<\/strong><\/p>\n<\/div>\n<div class=\"content-ads content-ads--reveal\" data-block-type=\"ads\" data-block-id=\"7\">\n<div id=\"banner_materia2\" class=\"tag-manager-publicidade-container mc-has-reveal mc-has-ad-lazyload tag-manager-publicidade-banner_materia2 tag-manager-publicidade-container--carregado tag-manager-publicidade-container--visivel\" data-id=\"banner_materia2\" data-req=\"true\" data-google-query-id=\"CJi77qnxvu8CFeYDuQYd5gAOqg\" data-cid=\"138343783605\" data-lid=\"5647504227\"><\/div>\n<\/div>\n<\/div>\n","protected":false},"excerpt":{"rendered":"<p>&nbsp; Ao menos 135 pessoas com Covid-19 ou suspeita da<\/p>\n","protected":false},"author":2,"featured_media":39408,"comment_status":"open","ping_status":"open","sticky":false,"template":"","format":"standard","meta":{"footnotes":""},"categories":[25,7],"tags":[],"class_list":["post-44177","post","type-post","status-publish","format-standard","has-post-thumbnail","hentry","category-cidades","category-estado-de-sao-paulo"],"yoast_head":"<!-- This site is optimized with the Yoast SEO plugin v27.4 - https:\/\/yoast.com\/product\/yoast-seo-wordpress\/ -->\n<title>Mais de 130 pessoas com Covid-19 morreram \u00e0 espera de leito de UTI em SP; menino de 3 anos e jovem de 25 est\u00e3o entre as v\u00edtimas - Regi\u00e3o News<\/title>\n<meta name=\"robots\" content=\"index, follow, max-snippet:-1, max-image-preview:large, max-video-preview:-1\" \/>\n<link rel=\"canonical\" href=\"https:\/\/regiaonews.net.br\/2022\/2021\/03\/20\/mais-de-130-pessoas-com-covid-19-morreram-a-espera-de-leito-de-uti-em-sp-menino-de-3-anos-e-jovem-de-25-estao-entre-as-vitimas\/\" \/>\n<meta property=\"og:locale\" content=\"pt_BR\" \/>\n<meta property=\"og:type\" content=\"article\" \/>\n<meta property=\"og:title\" content=\"Mais de 130 pessoas com Covid-19 morreram \u00e0 espera de leito de UTI em SP; menino de 3 anos e jovem de 25 est\u00e3o entre as v\u00edtimas - Regi\u00e3o News\" \/>\n<meta property=\"og:description\" content=\"&nbsp; Ao menos 135 pessoas com Covid-19 ou suspeita da\" \/>\n<meta property=\"og:url\" content=\"https:\/\/regiaonews.net.br\/2022\/2021\/03\/20\/mais-de-130-pessoas-com-covid-19-morreram-a-espera-de-leito-de-uti-em-sp-menino-de-3-anos-e-jovem-de-25-estao-entre-as-vitimas\/\" \/>\n<meta property=\"og:site_name\" content=\"Regi\u00e3o News\" \/>\n<meta property=\"article:published_time\" content=\"2021-03-20T12:38:27+00:00\" \/>\n<meta property=\"og:image\" content=\"https:\/\/regiaonews.net.br\/2022\/wp-content\/uploads\/2020\/11\/2020-04-28t175636z_323150297_rc2tdg9nkarv_rtrmadp_3_health-coronavirus-brazil-amazon.jpg\" \/>\n\t<meta property=\"og:image:width\" content=\"1170\" \/>\n\t<meta property=\"og:image:height\" content=\"700\" \/>\n\t<meta property=\"og:image:type\" content=\"image\/jpeg\" \/>\n<meta name=\"author\" content=\"Roberto\" \/>\n<meta name=\"twitter:card\" content=\"summary_large_image\" \/>\n<meta name=\"twitter:label1\" content=\"Escrito por\" \/>\n\t<meta name=\"twitter:data1\" content=\"Roberto\" \/>\n\t<meta name=\"twitter:label2\" content=\"Est. tempo de leitura\" \/>\n\t<meta name=\"twitter:data2\" content=\"1 minuto\" \/>\n<script type=\"application\/ld+json\" class=\"yoast-schema-graph\">{\"@context\":\"https:\\\/\\\/schema.org\",\"@graph\":[{\"@type\":\"Article\",\"@id\":\"https:\\\/\\\/regiaonews.net.br\\\/2022\\\/2021\\\/03\\\/20\\\/mais-de-130-pessoas-com-covid-19-morreram-a-espera-de-leito-de-uti-em-sp-menino-de-3-anos-e-jovem-de-25-estao-entre-as-vitimas\\\/#article\",\"isPartOf\":{\"@id\":\"https:\\\/\\\/regiaonews.net.br\\\/2022\\\/2021\\\/03\\\/20\\\/mais-de-130-pessoas-com-covid-19-morreram-a-espera-de-leito-de-uti-em-sp-menino-de-3-anos-e-jovem-de-25-estao-entre-as-vitimas\\\/\"},\"author\":{\"name\":\"Roberto\",\"@id\":\"https:\\\/\\\/regiaonews.net.br\\\/2022\\\/#\\\/schema\\\/person\\\/2d205a608a5aa97ac279d7a5e6d89ad8\"},\"headline\":\"Mais de 130 pessoas com Covid-19 morreram \u00e0 espera de leito de UTI em SP; menino de 3 anos e jovem de 25 est\u00e3o entre as v\u00edtimas\",\"datePublished\":\"2021-03-20T12:38:27+00:00\",\"mainEntityOfPage\":{\"@id\":\"https:\\\/\\\/regiaonews.net.br\\\/2022\\\/2021\\\/03\\\/20\\\/mais-de-130-pessoas-com-covid-19-morreram-a-espera-de-leito-de-uti-em-sp-menino-de-3-anos-e-jovem-de-25-estao-entre-as-vitimas\\\/\"},\"wordCount\":316,\"commentCount\":0,\"publisher\":{\"@id\":\"https:\\\/\\\/regiaonews.net.br\\\/2022\\\/#organization\"},\"image\":{\"@id\":\"https:\\\/\\\/regiaonews.net.br\\\/2022\\\/2021\\\/03\\\/20\\\/mais-de-130-pessoas-com-covid-19-morreram-a-espera-de-leito-de-uti-em-sp-menino-de-3-anos-e-jovem-de-25-estao-entre-as-vitimas\\\/#primaryimage\"},\"thumbnailUrl\":\"https:\\\/\\\/regiaonews.net.br\\\/2022\\\/wp-content\\\/uploads\\\/2020\\\/11\\\/2020-04-28t175636z_323150297_rc2tdg9nkarv_rtrmadp_3_health-coronavirus-brazil-amazon.jpg\",\"articleSection\":[\"Cidades\",\"Estado de S\u00e3o Paulo\"],\"inLanguage\":\"pt-BR\",\"potentialAction\":[{\"@type\":\"CommentAction\",\"name\":\"Comment\",\"target\":[\"https:\\\/\\\/regiaonews.net.br\\\/2022\\\/2021\\\/03\\\/20\\\/mais-de-130-pessoas-com-covid-19-morreram-a-espera-de-leito-de-uti-em-sp-menino-de-3-anos-e-jovem-de-25-estao-entre-as-vitimas\\\/#respond\"]}]},{\"@type\":\"WebPage\",\"@id\":\"https:\\\/\\\/regiaonews.net.br\\\/2022\\\/2021\\\/03\\\/20\\\/mais-de-130-pessoas-com-covid-19-morreram-a-espera-de-leito-de-uti-em-sp-menino-de-3-anos-e-jovem-de-25-estao-entre-as-vitimas\\\/\",\"url\":\"https:\\\/\\\/regiaonews.net.br\\\/2022\\\/2021\\\/03\\\/20\\\/mais-de-130-pessoas-com-covid-19-morreram-a-espera-de-leito-de-uti-em-sp-menino-de-3-anos-e-jovem-de-25-estao-entre-as-vitimas\\\/\",\"name\":\"Mais de 130 pessoas com Covid-19 morreram \u00e0 espera de leito de UTI em SP; menino de 3 anos e jovem de 25 est\u00e3o entre as v\u00edtimas - Regi\u00e3o News\",\"isPartOf\":{\"@id\":\"https:\\\/\\\/regiaonews.net.br\\\/2022\\\/#website\"},\"primaryImageOfPage\":{\"@id\":\"https:\\\/\\\/regiaonews.net.br\\\/2022\\\/2021\\\/03\\\/20\\\/mais-de-130-pessoas-com-covid-19-morreram-a-espera-de-leito-de-uti-em-sp-menino-de-3-anos-e-jovem-de-25-estao-entre-as-vitimas\\\/#primaryimage\"},\"image\":{\"@id\":\"https:\\\/\\\/regiaonews.net.br\\\/2022\\\/2021\\\/03\\\/20\\\/mais-de-130-pessoas-com-covid-19-morreram-a-espera-de-leito-de-uti-em-sp-menino-de-3-anos-e-jovem-de-25-estao-entre-as-vitimas\\\/#primaryimage\"},\"thumbnailUrl\":\"https:\\\/\\\/regiaonews.net.br\\\/2022\\\/wp-content\\\/uploads\\\/2020\\\/11\\\/2020-04-28t175636z_323150297_rc2tdg9nkarv_rtrmadp_3_health-coronavirus-brazil-amazon.jpg\",\"datePublished\":\"2021-03-20T12:38:27+00:00\",\"breadcrumb\":{\"@id\":\"https:\\\/\\\/regiaonews.net.br\\\/2022\\\/2021\\\/03\\\/20\\\/mais-de-130-pessoas-com-covid-19-morreram-a-espera-de-leito-de-uti-em-sp-menino-de-3-anos-e-jovem-de-25-estao-entre-as-vitimas\\\/#breadcrumb\"},\"inLanguage\":\"pt-BR\",\"potentialAction\":[{\"@type\":\"ReadAction\",\"target\":[\"https:\\\/\\\/regiaonews.net.br\\\/2022\\\/2021\\\/03\\\/20\\\/mais-de-130-pessoas-com-covid-19-morreram-a-espera-de-leito-de-uti-em-sp-menino-de-3-anos-e-jovem-de-25-estao-entre-as-vitimas\\\/\"]}]},{\"@type\":\"ImageObject\",\"inLanguage\":\"pt-BR\",\"@id\":\"https:\\\/\\\/regiaonews.net.br\\\/2022\\\/2021\\\/03\\\/20\\\/mais-de-130-pessoas-com-covid-19-morreram-a-espera-de-leito-de-uti-em-sp-menino-de-3-anos-e-jovem-de-25-estao-entre-as-vitimas\\\/#primaryimage\",\"url\":\"https:\\\/\\\/regiaonews.net.br\\\/2022\\\/wp-content\\\/uploads\\\/2020\\\/11\\\/2020-04-28t175636z_323150297_rc2tdg9nkarv_rtrmadp_3_health-coronavirus-brazil-amazon.jpg\",\"contentUrl\":\"https:\\\/\\\/regiaonews.net.br\\\/2022\\\/wp-content\\\/uploads\\\/2020\\\/11\\\/2020-04-28t175636z_323150297_rc2tdg9nkarv_rtrmadp_3_health-coronavirus-brazil-amazon.jpg\",\"width\":1170,\"height\":700},{\"@type\":\"BreadcrumbList\",\"@id\":\"https:\\\/\\\/regiaonews.net.br\\\/2022\\\/2021\\\/03\\\/20\\\/mais-de-130-pessoas-com-covid-19-morreram-a-espera-de-leito-de-uti-em-sp-menino-de-3-anos-e-jovem-de-25-estao-entre-as-vitimas\\\/#breadcrumb\",\"itemListElement\":[{\"@type\":\"ListItem\",\"position\":1,\"name\":\"In\u00edcio\",\"item\":\"https:\\\/\\\/regiaonews.net.br\\\/2022\\\/\"},{\"@type\":\"ListItem\",\"position\":2,\"name\":\"Mais de 130 pessoas com Covid-19 morreram \u00e0 espera de leito de UTI em SP; menino de 3 anos e jovem de 25 est\u00e3o entre as v\u00edtimas\"}]},{\"@type\":\"WebSite\",\"@id\":\"https:\\\/\\\/regiaonews.net.br\\\/2022\\\/#website\",\"url\":\"https:\\\/\\\/regiaonews.net.br\\\/2022\\\/\",\"name\":\"Regi\u00e3o News\",\"description\":\"Site de Not\u00edcias de Barretos e regi\u00e3o\",\"publisher\":{\"@id\":\"https:\\\/\\\/regiaonews.net.br\\\/2022\\\/#organization\"},\"potentialAction\":[{\"@type\":\"SearchAction\",\"target\":{\"@type\":\"EntryPoint\",\"urlTemplate\":\"https:\\\/\\\/regiaonews.net.br\\\/2022\\\/?s={search_term_string}\"},\"query-input\":{\"@type\":\"PropertyValueSpecification\",\"valueRequired\":true,\"valueName\":\"search_term_string\"}}],\"inLanguage\":\"pt-BR\"},{\"@type\":\"Organization\",\"@id\":\"https:\\\/\\\/regiaonews.net.br\\\/2022\\\/#organization\",\"name\":\"Regi\u00e3o News\",\"url\":\"https:\\\/\\\/regiaonews.net.br\\\/2022\\\/\",\"logo\":{\"@type\":\"ImageObject\",\"inLanguage\":\"pt-BR\",\"@id\":\"https:\\\/\\\/regiaonews.net.br\\\/2022\\\/#\\\/schema\\\/logo\\\/image\\\/\",\"url\":\"https:\\\/\\\/regiaonews.net.br\\\/2022\\\/wp-content\\\/uploads\\\/2026\\\/03\\\/regiao-13-anos-scaled.jpg\",\"contentUrl\":\"https:\\\/\\\/regiaonews.net.br\\\/2022\\\/wp-content\\\/uploads\\\/2026\\\/03\\\/regiao-13-anos-scaled.jpg\",\"width\":2560,\"height\":635,\"caption\":\"Regi\u00e3o News\"},\"image\":{\"@id\":\"https:\\\/\\\/regiaonews.net.br\\\/2022\\\/#\\\/schema\\\/logo\\\/image\\\/\"}},{\"@type\":\"Person\",\"@id\":\"https:\\\/\\\/regiaonews.net.br\\\/2022\\\/#\\\/schema\\\/person\\\/2d205a608a5aa97ac279d7a5e6d89ad8\",\"name\":\"Roberto\",\"image\":{\"@type\":\"ImageObject\",\"inLanguage\":\"pt-BR\",\"@id\":\"https:\\\/\\\/secure.gravatar.com\\\/avatar\\\/42749d8b712ff9d59ca93dc150494e5b55a44134482993f5baeb97e61b7ecc89?s=96&d=mm&r=g\",\"url\":\"https:\\\/\\\/secure.gravatar.com\\\/avatar\\\/42749d8b712ff9d59ca93dc150494e5b55a44134482993f5baeb97e61b7ecc89?s=96&d=mm&r=g\",\"contentUrl\":\"https:\\\/\\\/secure.gravatar.com\\\/avatar\\\/42749d8b712ff9d59ca93dc150494e5b55a44134482993f5baeb97e61b7ecc89?s=96&d=mm&r=g\",\"caption\":\"Roberto\"},\"url\":\"https:\\\/\\\/regiaonews.net.br\\\/2022\\\/author\\\/roberto\\\/\"}]}<\/script>\n<!-- \/ Yoast SEO plugin. -->","yoast_head_json":{"title":"Mais de 130 pessoas com Covid-19 morreram \u00e0 espera de leito de UTI em SP; menino de 3 anos e jovem de 25 est\u00e3o entre as v\u00edtimas - Regi\u00e3o News","robots":{"index":"index","follow":"follow","max-snippet":"max-snippet:-1","max-image-preview":"max-image-preview:large","max-video-preview":"max-video-preview:-1"},"canonical":"https:\/\/regiaonews.net.br\/2022\/2021\/03\/20\/mais-de-130-pessoas-com-covid-19-morreram-a-espera-de-leito-de-uti-em-sp-menino-de-3-anos-e-jovem-de-25-estao-entre-as-vitimas\/","og_locale":"pt_BR","og_type":"article","og_title":"Mais de 130 pessoas com Covid-19 morreram \u00e0 espera de leito de UTI em SP; menino de 3 anos e jovem de 25 est\u00e3o entre as v\u00edtimas - Regi\u00e3o News","og_description":"&nbsp; Ao menos 135 pessoas com Covid-19 ou suspeita da","og_url":"https:\/\/regiaonews.net.br\/2022\/2021\/03\/20\/mais-de-130-pessoas-com-covid-19-morreram-a-espera-de-leito-de-uti-em-sp-menino-de-3-anos-e-jovem-de-25-estao-entre-as-vitimas\/","og_site_name":"Regi\u00e3o News","article_published_time":"2021-03-20T12:38:27+00:00","og_image":[{"width":1170,"height":700,"url":"https:\/\/regiaonews.net.br\/2022\/wp-content\/uploads\/2020\/11\/2020-04-28t175636z_323150297_rc2tdg9nkarv_rtrmadp_3_health-coronavirus-brazil-amazon.jpg","type":"image\/jpeg"}],"author":"Roberto","twitter_card":"summary_large_image","twitter_misc":{"Escrito por":"Roberto","Est. tempo de leitura":"1 minuto"},"schema":{"@context":"https:\/\/schema.org","@graph":[{"@type":"Article","@id":"https:\/\/regiaonews.net.br\/2022\/2021\/03\/20\/mais-de-130-pessoas-com-covid-19-morreram-a-espera-de-leito-de-uti-em-sp-menino-de-3-anos-e-jovem-de-25-estao-entre-as-vitimas\/#article","isPartOf":{"@id":"https:\/\/regiaonews.net.br\/2022\/2021\/03\/20\/mais-de-130-pessoas-com-covid-19-morreram-a-espera-de-leito-de-uti-em-sp-menino-de-3-anos-e-jovem-de-25-estao-entre-as-vitimas\/"},"author":{"name":"Roberto","@id":"https:\/\/regiaonews.net.br\/2022\/#\/schema\/person\/2d205a608a5aa97ac279d7a5e6d89ad8"},"headline":"Mais de 130 pessoas com Covid-19 morreram \u00e0 espera de leito de UTI em SP; menino de 3 anos e jovem de 25 est\u00e3o entre as v\u00edtimas","datePublished":"2021-03-20T12:38:27+00:00","mainEntityOfPage":{"@id":"https:\/\/regiaonews.net.br\/2022\/2021\/03\/20\/mais-de-130-pessoas-com-covid-19-morreram-a-espera-de-leito-de-uti-em-sp-menino-de-3-anos-e-jovem-de-25-estao-entre-as-vitimas\/"},"wordCount":316,"commentCount":0,"publisher":{"@id":"https:\/\/regiaonews.net.br\/2022\/#organization"},"image":{"@id":"https:\/\/regiaonews.net.br\/2022\/2021\/03\/20\/mais-de-130-pessoas-com-covid-19-morreram-a-espera-de-leito-de-uti-em-sp-menino-de-3-anos-e-jovem-de-25-estao-entre-as-vitimas\/#primaryimage"},"thumbnailUrl":"https:\/\/regiaonews.net.br\/2022\/wp-content\/uploads\/2020\/11\/2020-04-28t175636z_323150297_rc2tdg9nkarv_rtrmadp_3_health-coronavirus-brazil-amazon.jpg","articleSection":["Cidades","Estado de S\u00e3o Paulo"],"inLanguage":"pt-BR","potentialAction":[{"@type":"CommentAction","name":"Comment","target":["https:\/\/regiaonews.net.br\/2022\/2021\/03\/20\/mais-de-130-pessoas-com-covid-19-morreram-a-espera-de-leito-de-uti-em-sp-menino-de-3-anos-e-jovem-de-25-estao-entre-as-vitimas\/#respond"]}]},{"@type":"WebPage","@id":"https:\/\/regiaonews.net.br\/2022\/2021\/03\/20\/mais-de-130-pessoas-com-covid-19-morreram-a-espera-de-leito-de-uti-em-sp-menino-de-3-anos-e-jovem-de-25-estao-entre-as-vitimas\/","url":"https:\/\/regiaonews.net.br\/2022\/2021\/03\/20\/mais-de-130-pessoas-com-covid-19-morreram-a-espera-de-leito-de-uti-em-sp-menino-de-3-anos-e-jovem-de-25-estao-entre-as-vitimas\/","name":"Mais de 130 pessoas com Covid-19 morreram \u00e0 espera de leito de UTI em SP; menino de 3 anos e jovem de 25 est\u00e3o entre as v\u00edtimas - Regi\u00e3o News","isPartOf":{"@id":"https:\/\/regiaonews.net.br\/2022\/#website"},"primaryImageOfPage":{"@id":"https:\/\/regiaonews.net.br\/2022\/2021\/03\/20\/mais-de-130-pessoas-com-covid-19-morreram-a-espera-de-leito-de-uti-em-sp-menino-de-3-anos-e-jovem-de-25-estao-entre-as-vitimas\/#primaryimage"},"image":{"@id":"https:\/\/regiaonews.net.br\/2022\/2021\/03\/20\/mais-de-130-pessoas-com-covid-19-morreram-a-espera-de-leito-de-uti-em-sp-menino-de-3-anos-e-jovem-de-25-estao-entre-as-vitimas\/#primaryimage"},"thumbnailUrl":"https:\/\/regiaonews.net.br\/2022\/wp-content\/uploads\/2020\/11\/2020-04-28t175636z_323150297_rc2tdg9nkarv_rtrmadp_3_health-coronavirus-brazil-amazon.jpg","datePublished":"2021-03-20T12:38:27+00:00","breadcrumb":{"@id":"https:\/\/regiaonews.net.br\/2022\/2021\/03\/20\/mais-de-130-pessoas-com-covid-19-morreram-a-espera-de-leito-de-uti-em-sp-menino-de-3-anos-e-jovem-de-25-estao-entre-as-vitimas\/#breadcrumb"},"inLanguage":"pt-BR","potentialAction":[{"@type":"ReadAction","target":["https:\/\/regiaonews.net.br\/2022\/2021\/03\/20\/mais-de-130-pessoas-com-covid-19-morreram-a-espera-de-leito-de-uti-em-sp-menino-de-3-anos-e-jovem-de-25-estao-entre-as-vitimas\/"]}]},{"@type":"ImageObject","inLanguage":"pt-BR","@id":"https:\/\/regiaonews.net.br\/2022\/2021\/03\/20\/mais-de-130-pessoas-com-covid-19-morreram-a-espera-de-leito-de-uti-em-sp-menino-de-3-anos-e-jovem-de-25-estao-entre-as-vitimas\/#primaryimage","url":"https:\/\/regiaonews.net.br\/2022\/wp-content\/uploads\/2020\/11\/2020-04-28t175636z_323150297_rc2tdg9nkarv_rtrmadp_3_health-coronavirus-brazil-amazon.jpg","contentUrl":"https:\/\/regiaonews.net.br\/2022\/wp-content\/uploads\/2020\/11\/2020-04-28t175636z_323150297_rc2tdg9nkarv_rtrmadp_3_health-coronavirus-brazil-amazon.jpg","width":1170,"height":700},{"@type":"BreadcrumbList","@id":"https:\/\/regiaonews.net.br\/2022\/2021\/03\/20\/mais-de-130-pessoas-com-covid-19-morreram-a-espera-de-leito-de-uti-em-sp-menino-de-3-anos-e-jovem-de-25-estao-entre-as-vitimas\/#breadcrumb","itemListElement":[{"@type":"ListItem","position":1,"name":"In\u00edcio","item":"https:\/\/regiaonews.net.br\/2022\/"},{"@type":"ListItem","position":2,"name":"Mais de 130 pessoas com Covid-19 morreram \u00e0 espera de leito de UTI em SP; menino de 3 anos e jovem de 25 est\u00e3o entre as v\u00edtimas"}]},{"@type":"WebSite","@id":"https:\/\/regiaonews.net.br\/2022\/#website","url":"https:\/\/regiaonews.net.br\/2022\/","name":"Regi\u00e3o News","description":"Site de Not\u00edcias de Barretos e regi\u00e3o","publisher":{"@id":"https:\/\/regiaonews.net.br\/2022\/#organization"},"potentialAction":[{"@type":"SearchAction","target":{"@type":"EntryPoint","urlTemplate":"https:\/\/regiaonews.net.br\/2022\/?s={search_term_string}"},"query-input":{"@type":"PropertyValueSpecification","valueRequired":true,"valueName":"search_term_string"}}],"inLanguage":"pt-BR"},{"@type":"Organization","@id":"https:\/\/regiaonews.net.br\/2022\/#organization","name":"Regi\u00e3o News","url":"https:\/\/regiaonews.net.br\/2022\/","logo":{"@type":"ImageObject","inLanguage":"pt-BR","@id":"https:\/\/regiaonews.net.br\/2022\/#\/schema\/logo\/image\/","url":"https:\/\/regiaonews.net.br\/2022\/wp-content\/uploads\/2026\/03\/regiao-13-anos-scaled.jpg","contentUrl":"https:\/\/regiaonews.net.br\/2022\/wp-content\/uploads\/2026\/03\/regiao-13-anos-scaled.jpg","width":2560,"height":635,"caption":"Regi\u00e3o News"},"image":{"@id":"https:\/\/regiaonews.net.br\/2022\/#\/schema\/logo\/image\/"}},{"@type":"Person","@id":"https:\/\/regiaonews.net.br\/2022\/#\/schema\/person\/2d205a608a5aa97ac279d7a5e6d89ad8","name":"Roberto","image":{"@type":"ImageObject","inLanguage":"pt-BR","@id":"https:\/\/secure.gravatar.com\/avatar\/42749d8b712ff9d59ca93dc150494e5b55a44134482993f5baeb97e61b7ecc89?s=96&d=mm&r=g","url":"https:\/\/secure.gravatar.com\/avatar\/42749d8b712ff9d59ca93dc150494e5b55a44134482993f5baeb97e61b7ecc89?s=96&d=mm&r=g","contentUrl":"https:\/\/secure.gravatar.com\/avatar\/42749d8b712ff9d59ca93dc150494e5b55a44134482993f5baeb97e61b7ecc89?s=96&d=mm&r=g","caption":"Roberto"},"url":"https:\/\/regiaonews.net.br\/2022\/author\/roberto\/"}]}},"publishpress_future_action":{"enabled":false,"date":"2026-05-03 22:39:54","action":"change-status","newStatus":"draft","terms":[],"taxonomy":"category","extraData":[]},"publishpress_future_workflow_manual_trigger":{"enabledWorkflows":[]},"_links":{"self":[{"href":"https:\/\/regiaonews.net.br\/2022\/wp-json\/wp\/v2\/posts\/44177","targetHints":{"allow":["GET"]}}],"collection":[{"href":"https:\/\/regiaonews.net.br\/2022\/wp-json\/wp\/v2\/posts"}],"about":[{"href":"https:\/\/regiaonews.net.br\/2022\/wp-json\/wp\/v2\/types\/post"}],"author":[{"embeddable":true,"href":"https:\/\/regiaonews.net.br\/2022\/wp-json\/wp\/v2\/users\/2"}],"replies":[{"embeddable":true,"href":"https:\/\/regiaonews.net.br\/2022\/wp-json\/wp\/v2\/comments?post=44177"}],"version-history":[{"count":0,"href":"https:\/\/regiaonews.net.br\/2022\/wp-json\/wp\/v2\/posts\/44177\/revisions"}],"wp:featuredmedia":[{"embeddable":true,"href":"https:\/\/regiaonews.net.br\/2022\/wp-json\/wp\/v2\/media\/39408"}],"wp:attachment":[{"href":"https:\/\/regiaonews.net.br\/2022\/wp-json\/wp\/v2\/media?parent=44177"}],"wp:term":[{"taxonomy":"category","embeddable":true,"href":"https:\/\/regiaonews.net.br\/2022\/wp-json\/wp\/v2\/categories?post=44177"},{"taxonomy":"post_tag","embeddable":true,"href":"https:\/\/regiaonews.net.br\/2022\/wp-json\/wp\/v2\/tags?post=44177"}],"curies":[{"name":"wp","href":"https:\/\/api.w.org\/{rel}","templated":true}]}}