{"id":44167,"date":"2021-03-19T20:14:34","date_gmt":"2021-03-19T23:14:34","guid":{"rendered":"https:\/\/regiaonews.net.br\/2022\/?p=44167"},"modified":"2021-03-19T20:14:34","modified_gmt":"2021-03-19T23:14:34","slug":"cortes-de-agua-serao-suspensos-pelo-saaeb-a-usuarios-em-vulnerabilidade-social-pelo-periodo-de-tres-meses","status":"publish","type":"post","link":"https:\/\/regiaonews.net.br\/2022\/2021\/03\/19\/cortes-de-agua-serao-suspensos-pelo-saaeb-a-usuarios-em-vulnerabilidade-social-pelo-periodo-de-tres-meses\/","title":{"rendered":"Cortes de \u00e1gua ser\u00e3o suspensos pelo SAAEB a usu\u00e1rios em vulnerabilidade social pelo per\u00edodo de tr\u00eas meses"},"content":{"rendered":"<p><a href=\"https:\/\/regiaonews.net.br\/2022\/wp-content\/uploads\/2021\/03\/52df4080-6e98-4846-9835-dfe2dbdd8c2e.jpg\"><img loading=\"lazy\" decoding=\"async\" class=\"alignnone size-medium wp-image-44168\" src=\"https:\/\/regiaonews.net.br\/2022\/wp-content\/uploads\/2021\/03\/52df4080-6e98-4846-9835-dfe2dbdd8c2e-300x200.jpg\" alt=\"\" width=\"300\" height=\"200\" \/><\/a><\/p>\n<p>A\u00e7\u00e3o atende ao pedido da Prefeita Paula Lemos em raz\u00e3o da pandemia da Covid-19<\/p>\n<p>A Prefeitura de Barretos, por meio do SAAE \u2013 Servi\u00e7o Aut\u00f4nomo de \u00c1gua e Esgoto de Barretos, olhando para a necessidade dos barretenses, atrav\u00e9s da Portaria n\u00ba 5166, de 19 de mar\u00e7o de 2021, definiu que vai conceder benef\u00edcios aos usu\u00e1rios em raz\u00e3o da pandemia da Covid-19.<\/p>\n<p>A Autarquia suspender\u00e1, no per\u00edodo de 19 de mar\u00e7o a 04 de abril, a interrup\u00e7\u00e3o do fornecimento de \u00e1gua aos usu\u00e1rios inadimplentes, de qualquer categoria.<\/p>\n<p>Paralelo a isso, a Portaria regulamentou que n\u00e3o far\u00e1 a interrup\u00e7\u00e3o de fornecimento de \u00e1gua durante o per\u00edodo tr\u00eas meses aos usu\u00e1rios do Programa de Aux\u00edlio \u00e0s Fam\u00edlias reconhecidamente em situa\u00e7\u00e3o de vulnerabilidade Social. Ou seja, para ser contemplado por este benef\u00edcio, ser\u00e1 preciso comprovar a condi\u00e7\u00e3o de vulnerabilidade social.<\/p>\n<p>Os usu\u00e1rios da categoria residencial inadimplentes e que estiverem em situa\u00e7\u00e3o de corte de abastecimento de \u00e1gua, desde que inscritos no Cadastro \u00danico para Programas Sociais do Governo Federal (Cad\u00danico), atualizado at\u00e9 mar\u00e7o de 2021, dever\u00e3o solicitar junto \u00e0 Secretaria Municipal de Assist\u00eancia Social e Desenvolvimento Humano, por meio de seus Centros de Refer\u00eancia em Assist\u00eancia Social (CRAS), a elabora\u00e7\u00e3o de \u201cLaudo de Vulnerabilidade Econ\u00f4mica\/Financeira\u201d, o qual atestar\u00e1 o enquadramento daquela fam\u00edlia nesta situa\u00e7\u00e3o.<\/p>\n<p>Os usu\u00e1rios que tenham renda familiar total at\u00e9 dois sal\u00e1rios m\u00ednimos e que n\u00e3o estejam inscritas no Cad\u00danico, mas que devido severidade das condi\u00e7\u00f5es pand\u00eamicas se encontrem inadimplentes e em situa\u00e7\u00e3o de corte tamb\u00e9m devem apresentar o Laudo de Vulnerabilidade Econ\u00f4mica\/Financeira.<\/p>\n<p>O laudo dever\u00e1 conter informa\u00e7\u00f5es sociais com o n\u00famero de moradores da resid\u00eancia, a comprova\u00e7\u00e3o da renda familiar habitual e a condi\u00e7\u00e3o financeira atual. Aqueles que forem reconhecidos como em situa\u00e7\u00e3o de vulnerabilidade social ter\u00e3o o fornecimento de \u00e1gua mantido, de modo controlado, sendo-lhes garantido no m\u00e1ximo 100 litros por pessoa\/dia, por at\u00e9 tr\u00eas meses, a contar da data da aprova\u00e7\u00e3o da concess\u00e3o do benef\u00edcio.<\/p>\n<p>Os usu\u00e1rios das categorias Mista, Comercial e Industrial, que tenham sidos afetados pela pandemia enquadrados como Microempreendedor Individual (MEI) ou Microempresa (ME), ter\u00e3o garantido o fornecimento de \u00e1gua, contudo, de modo controlado, sendo-lhes garantido o fornecimento de 10 m\u00b3 por m\u00eas, tamb\u00e9m pelo per\u00edodo de tr\u00eas meses a contar da data da aprova\u00e7\u00e3o da concess\u00e3o do benef\u00edcio.<\/p>\n<p>Podem requerer os benef\u00edcios os usu\u00e1rios que atendam a estes requisitos, mesmo que estejam em d\u00e9bito com a Autarquia ou com o fornecimento cortado. Os que estiverem com o fornecimento de \u00e1gua cortado dever\u00e3o solicitar a religa\u00e7\u00e3o, independentemente do pagamento da tarifa de religa\u00e7\u00e3o, que ser\u00e1 cobrada posteriormente, inclu\u00eddo no termo de confiss\u00e3o de d\u00edvida.<\/p>\n<p>\u201cEsta a\u00e7\u00e3o da Autarquia atende um pedido especial da prefeita Paula Lemos que sempre est\u00e1 preocupada com a popula\u00e7\u00e3o de Barretos e colocou as pessoas como protagonistas de sua gest\u00e3o, ainda mais com aqueles de maior vulnerabilidade social, principalmente neste per\u00edodo da segunda onda da pandemia no novo coronav\u00edrus\u201d, considerou Waldo Villani J\u00fanior, superintendente do SAAEB.<\/p>\n<p>Para requerer o benef\u00edcio deve ser protocolada a solicita\u00e7\u00e3o junto ao SAAEB, anexando os seguintes documentos: a) Usu\u00e1rio da Categoria Residencial: C\u00f3pia documentos pessoais; C\u00f3pia do Comprovante de renda familiar; C\u00f3pia da fatura de \u00e1gua; Laudo de Vulnerabilidade emitido pelo CRAS; Termo de Confiss\u00e3o de D\u00edvida; b) Demais categorias de usu\u00e1rios: C\u00f3pia documentos pessoais; C\u00f3pia do estatuto ou contrato social da empresa; C\u00f3pia do imposto de renda do ano anterior; C\u00f3pia da declara\u00e7\u00e3o de faturamento dos \u00faltimos 3 meses; C\u00f3pia da fatura de \u00e1gua; Termo de Confiss\u00e3o de D\u00edvida.<\/p>\n<p>Aprovada solicita\u00e7\u00e3o, a Autarquia providenciar\u00e1 a instala\u00e7\u00e3o de \u201climitador de vaz\u00e3o\u201d, garantindo o fornecimento de \u00e1gua \u00e0s unidades consumidoras.<\/p>\n<p>A Prefeita Paula Lemos afirmou que &#8220;\u00e9 preciso se colocar no lugar do outro, destas fam\u00edlias e agir tamb\u00e9m com o cora\u00e7\u00e3o. Esta medida atende emergencialmente a quem precisa e estaremos sempre ao lado destas pessoas&#8221;.<\/p>\n","protected":false},"excerpt":{"rendered":"<p>A\u00e7\u00e3o atende ao pedido da Prefeita Paula Lemos em raz\u00e3o<\/p>\n","protected":false},"author":2,"featured_media":44168,"comment_status":"open","ping_status":"open","sticky":false,"template":"","format":"standard","meta":{"footnotes":""},"categories":[14,25,94],"tags":[],"class_list":["post-44167","post","type-post","status-publish","format-standard","has-post-thumbnail","hentry","category-barretos","category-cidades","category-economia"],"yoast_head":"<!-- This site is optimized with the Yoast SEO plugin v27.4 - https:\/\/yoast.com\/product\/yoast-seo-wordpress\/ -->\n<title>Cortes de \u00e1gua ser\u00e3o suspensos pelo SAAEB a usu\u00e1rios em vulnerabilidade social pelo per\u00edodo de tr\u00eas meses - Regi\u00e3o News<\/title>\n<meta name=\"robots\" content=\"index, follow, max-snippet:-1, max-image-preview:large, max-video-preview:-1\" \/>\n<link rel=\"canonical\" href=\"https:\/\/regiaonews.net.br\/2022\/2021\/03\/19\/cortes-de-agua-serao-suspensos-pelo-saaeb-a-usuarios-em-vulnerabilidade-social-pelo-periodo-de-tres-meses\/\" \/>\n<meta property=\"og:locale\" content=\"pt_BR\" \/>\n<meta property=\"og:type\" content=\"article\" \/>\n<meta property=\"og:title\" content=\"Cortes de \u00e1gua ser\u00e3o suspensos pelo SAAEB a usu\u00e1rios em vulnerabilidade social pelo per\u00edodo de tr\u00eas meses - Regi\u00e3o News\" \/>\n<meta property=\"og:description\" content=\"A\u00e7\u00e3o atende ao pedido da Prefeita Paula Lemos em raz\u00e3o\" \/>\n<meta property=\"og:url\" content=\"https:\/\/regiaonews.net.br\/2022\/2021\/03\/19\/cortes-de-agua-serao-suspensos-pelo-saaeb-a-usuarios-em-vulnerabilidade-social-pelo-periodo-de-tres-meses\/\" \/>\n<meta property=\"og:site_name\" content=\"Regi\u00e3o News\" \/>\n<meta property=\"article:published_time\" content=\"2021-03-19T23:14:34+00:00\" \/>\n<meta property=\"og:image\" content=\"https:\/\/regiaonews.net.br\/2022\/wp-content\/uploads\/2021\/03\/52df4080-6e98-4846-9835-dfe2dbdd8c2e.jpg\" \/>\n\t<meta property=\"og:image:width\" content=\"612\" \/>\n\t<meta property=\"og:image:height\" content=\"408\" \/>\n\t<meta property=\"og:image:type\" content=\"image\/jpeg\" \/>\n<meta name=\"author\" content=\"Roberto\" \/>\n<meta name=\"twitter:card\" content=\"summary_large_image\" \/>\n<meta name=\"twitter:label1\" content=\"Escrito por\" \/>\n\t<meta name=\"twitter:data1\" content=\"Roberto\" \/>\n\t<meta name=\"twitter:label2\" content=\"Est. tempo de leitura\" \/>\n\t<meta name=\"twitter:data2\" content=\"4 minutos\" \/>\n<script type=\"application\/ld+json\" class=\"yoast-schema-graph\">{\"@context\":\"https:\\\/\\\/schema.org\",\"@graph\":[{\"@type\":\"Article\",\"@id\":\"https:\\\/\\\/regiaonews.net.br\\\/2022\\\/2021\\\/03\\\/19\\\/cortes-de-agua-serao-suspensos-pelo-saaeb-a-usuarios-em-vulnerabilidade-social-pelo-periodo-de-tres-meses\\\/#article\",\"isPartOf\":{\"@id\":\"https:\\\/\\\/regiaonews.net.br\\\/2022\\\/2021\\\/03\\\/19\\\/cortes-de-agua-serao-suspensos-pelo-saaeb-a-usuarios-em-vulnerabilidade-social-pelo-periodo-de-tres-meses\\\/\"},\"author\":{\"name\":\"Roberto\",\"@id\":\"https:\\\/\\\/regiaonews.net.br\\\/2022\\\/#\\\/schema\\\/person\\\/2d205a608a5aa97ac279d7a5e6d89ad8\"},\"headline\":\"Cortes de \u00e1gua ser\u00e3o suspensos pelo SAAEB a usu\u00e1rios em vulnerabilidade social pelo per\u00edodo de tr\u00eas meses\",\"datePublished\":\"2021-03-19T23:14:34+00:00\",\"mainEntityOfPage\":{\"@id\":\"https:\\\/\\\/regiaonews.net.br\\\/2022\\\/2021\\\/03\\\/19\\\/cortes-de-agua-serao-suspensos-pelo-saaeb-a-usuarios-em-vulnerabilidade-social-pelo-periodo-de-tres-meses\\\/\"},\"wordCount\":744,\"commentCount\":0,\"publisher\":{\"@id\":\"https:\\\/\\\/regiaonews.net.br\\\/2022\\\/#organization\"},\"image\":{\"@id\":\"https:\\\/\\\/regiaonews.net.br\\\/2022\\\/2021\\\/03\\\/19\\\/cortes-de-agua-serao-suspensos-pelo-saaeb-a-usuarios-em-vulnerabilidade-social-pelo-periodo-de-tres-meses\\\/#primaryimage\"},\"thumbnailUrl\":\"https:\\\/\\\/regiaonews.net.br\\\/2022\\\/wp-content\\\/uploads\\\/2021\\\/03\\\/52df4080-6e98-4846-9835-dfe2dbdd8c2e.jpg\",\"articleSection\":[\"Barretos\",\"Cidades\",\"Economia\"],\"inLanguage\":\"pt-BR\",\"potentialAction\":[{\"@type\":\"CommentAction\",\"name\":\"Comment\",\"target\":[\"https:\\\/\\\/regiaonews.net.br\\\/2022\\\/2021\\\/03\\\/19\\\/cortes-de-agua-serao-suspensos-pelo-saaeb-a-usuarios-em-vulnerabilidade-social-pelo-periodo-de-tres-meses\\\/#respond\"]}]},{\"@type\":\"WebPage\",\"@id\":\"https:\\\/\\\/regiaonews.net.br\\\/2022\\\/2021\\\/03\\\/19\\\/cortes-de-agua-serao-suspensos-pelo-saaeb-a-usuarios-em-vulnerabilidade-social-pelo-periodo-de-tres-meses\\\/\",\"url\":\"https:\\\/\\\/regiaonews.net.br\\\/2022\\\/2021\\\/03\\\/19\\\/cortes-de-agua-serao-suspensos-pelo-saaeb-a-usuarios-em-vulnerabilidade-social-pelo-periodo-de-tres-meses\\\/\",\"name\":\"Cortes de \u00e1gua ser\u00e3o suspensos pelo SAAEB a usu\u00e1rios em vulnerabilidade social pelo per\u00edodo de tr\u00eas meses - Regi\u00e3o News\",\"isPartOf\":{\"@id\":\"https:\\\/\\\/regiaonews.net.br\\\/2022\\\/#website\"},\"primaryImageOfPage\":{\"@id\":\"https:\\\/\\\/regiaonews.net.br\\\/2022\\\/2021\\\/03\\\/19\\\/cortes-de-agua-serao-suspensos-pelo-saaeb-a-usuarios-em-vulnerabilidade-social-pelo-periodo-de-tres-meses\\\/#primaryimage\"},\"image\":{\"@id\":\"https:\\\/\\\/regiaonews.net.br\\\/2022\\\/2021\\\/03\\\/19\\\/cortes-de-agua-serao-suspensos-pelo-saaeb-a-usuarios-em-vulnerabilidade-social-pelo-periodo-de-tres-meses\\\/#primaryimage\"},\"thumbnailUrl\":\"https:\\\/\\\/regiaonews.net.br\\\/2022\\\/wp-content\\\/uploads\\\/2021\\\/03\\\/52df4080-6e98-4846-9835-dfe2dbdd8c2e.jpg\",\"datePublished\":\"2021-03-19T23:14:34+00:00\",\"breadcrumb\":{\"@id\":\"https:\\\/\\\/regiaonews.net.br\\\/2022\\\/2021\\\/03\\\/19\\\/cortes-de-agua-serao-suspensos-pelo-saaeb-a-usuarios-em-vulnerabilidade-social-pelo-periodo-de-tres-meses\\\/#breadcrumb\"},\"inLanguage\":\"pt-BR\",\"potentialAction\":[{\"@type\":\"ReadAction\",\"target\":[\"https:\\\/\\\/regiaonews.net.br\\\/2022\\\/2021\\\/03\\\/19\\\/cortes-de-agua-serao-suspensos-pelo-saaeb-a-usuarios-em-vulnerabilidade-social-pelo-periodo-de-tres-meses\\\/\"]}]},{\"@type\":\"ImageObject\",\"inLanguage\":\"pt-BR\",\"@id\":\"https:\\\/\\\/regiaonews.net.br\\\/2022\\\/2021\\\/03\\\/19\\\/cortes-de-agua-serao-suspensos-pelo-saaeb-a-usuarios-em-vulnerabilidade-social-pelo-periodo-de-tres-meses\\\/#primaryimage\",\"url\":\"https:\\\/\\\/regiaonews.net.br\\\/2022\\\/wp-content\\\/uploads\\\/2021\\\/03\\\/52df4080-6e98-4846-9835-dfe2dbdd8c2e.jpg\",\"contentUrl\":\"https:\\\/\\\/regiaonews.net.br\\\/2022\\\/wp-content\\\/uploads\\\/2021\\\/03\\\/52df4080-6e98-4846-9835-dfe2dbdd8c2e.jpg\",\"width\":612,\"height\":408},{\"@type\":\"BreadcrumbList\",\"@id\":\"https:\\\/\\\/regiaonews.net.br\\\/2022\\\/2021\\\/03\\\/19\\\/cortes-de-agua-serao-suspensos-pelo-saaeb-a-usuarios-em-vulnerabilidade-social-pelo-periodo-de-tres-meses\\\/#breadcrumb\",\"itemListElement\":[{\"@type\":\"ListItem\",\"position\":1,\"name\":\"In\u00edcio\",\"item\":\"https:\\\/\\\/regiaonews.net.br\\\/2022\\\/\"},{\"@type\":\"ListItem\",\"position\":2,\"name\":\"Cortes de \u00e1gua ser\u00e3o suspensos pelo SAAEB a usu\u00e1rios em vulnerabilidade social pelo per\u00edodo de tr\u00eas meses\"}]},{\"@type\":\"WebSite\",\"@id\":\"https:\\\/\\\/regiaonews.net.br\\\/2022\\\/#website\",\"url\":\"https:\\\/\\\/regiaonews.net.br\\\/2022\\\/\",\"name\":\"Regi\u00e3o News\",\"description\":\"Site de Not\u00edcias de Barretos e regi\u00e3o\",\"publisher\":{\"@id\":\"https:\\\/\\\/regiaonews.net.br\\\/2022\\\/#organization\"},\"potentialAction\":[{\"@type\":\"SearchAction\",\"target\":{\"@type\":\"EntryPoint\",\"urlTemplate\":\"https:\\\/\\\/regiaonews.net.br\\\/2022\\\/?s={search_term_string}\"},\"query-input\":{\"@type\":\"PropertyValueSpecification\",\"valueRequired\":true,\"valueName\":\"search_term_string\"}}],\"inLanguage\":\"pt-BR\"},{\"@type\":\"Organization\",\"@id\":\"https:\\\/\\\/regiaonews.net.br\\\/2022\\\/#organization\",\"name\":\"Regi\u00e3o News\",\"url\":\"https:\\\/\\\/regiaonews.net.br\\\/2022\\\/\",\"logo\":{\"@type\":\"ImageObject\",\"inLanguage\":\"pt-BR\",\"@id\":\"https:\\\/\\\/regiaonews.net.br\\\/2022\\\/#\\\/schema\\\/logo\\\/image\\\/\",\"url\":\"https:\\\/\\\/regiaonews.net.br\\\/2022\\\/wp-content\\\/uploads\\\/2026\\\/03\\\/regiao-13-anos-scaled.jpg\",\"contentUrl\":\"https:\\\/\\\/regiaonews.net.br\\\/2022\\\/wp-content\\\/uploads\\\/2026\\\/03\\\/regiao-13-anos-scaled.jpg\",\"width\":2560,\"height\":635,\"caption\":\"Regi\u00e3o News\"},\"image\":{\"@id\":\"https:\\\/\\\/regiaonews.net.br\\\/2022\\\/#\\\/schema\\\/logo\\\/image\\\/\"}},{\"@type\":\"Person\",\"@id\":\"https:\\\/\\\/regiaonews.net.br\\\/2022\\\/#\\\/schema\\\/person\\\/2d205a608a5aa97ac279d7a5e6d89ad8\",\"name\":\"Roberto\",\"image\":{\"@type\":\"ImageObject\",\"inLanguage\":\"pt-BR\",\"@id\":\"https:\\\/\\\/secure.gravatar.com\\\/avatar\\\/42749d8b712ff9d59ca93dc150494e5b55a44134482993f5baeb97e61b7ecc89?s=96&d=mm&r=g\",\"url\":\"https:\\\/\\\/secure.gravatar.com\\\/avatar\\\/42749d8b712ff9d59ca93dc150494e5b55a44134482993f5baeb97e61b7ecc89?s=96&d=mm&r=g\",\"contentUrl\":\"https:\\\/\\\/secure.gravatar.com\\\/avatar\\\/42749d8b712ff9d59ca93dc150494e5b55a44134482993f5baeb97e61b7ecc89?s=96&d=mm&r=g\",\"caption\":\"Roberto\"},\"url\":\"https:\\\/\\\/regiaonews.net.br\\\/2022\\\/author\\\/roberto\\\/\"}]}<\/script>\n<!-- \/ Yoast SEO plugin. -->","yoast_head_json":{"title":"Cortes de \u00e1gua ser\u00e3o suspensos pelo SAAEB a usu\u00e1rios em vulnerabilidade social pelo per\u00edodo de tr\u00eas meses - Regi\u00e3o News","robots":{"index":"index","follow":"follow","max-snippet":"max-snippet:-1","max-image-preview":"max-image-preview:large","max-video-preview":"max-video-preview:-1"},"canonical":"https:\/\/regiaonews.net.br\/2022\/2021\/03\/19\/cortes-de-agua-serao-suspensos-pelo-saaeb-a-usuarios-em-vulnerabilidade-social-pelo-periodo-de-tres-meses\/","og_locale":"pt_BR","og_type":"article","og_title":"Cortes de \u00e1gua ser\u00e3o suspensos pelo SAAEB a usu\u00e1rios em vulnerabilidade social pelo per\u00edodo de tr\u00eas meses - Regi\u00e3o News","og_description":"A\u00e7\u00e3o atende ao pedido da Prefeita Paula Lemos em raz\u00e3o","og_url":"https:\/\/regiaonews.net.br\/2022\/2021\/03\/19\/cortes-de-agua-serao-suspensos-pelo-saaeb-a-usuarios-em-vulnerabilidade-social-pelo-periodo-de-tres-meses\/","og_site_name":"Regi\u00e3o News","article_published_time":"2021-03-19T23:14:34+00:00","og_image":[{"width":612,"height":408,"url":"https:\/\/regiaonews.net.br\/2022\/wp-content\/uploads\/2021\/03\/52df4080-6e98-4846-9835-dfe2dbdd8c2e.jpg","type":"image\/jpeg"}],"author":"Roberto","twitter_card":"summary_large_image","twitter_misc":{"Escrito por":"Roberto","Est. tempo de leitura":"4 minutos"},"schema":{"@context":"https:\/\/schema.org","@graph":[{"@type":"Article","@id":"https:\/\/regiaonews.net.br\/2022\/2021\/03\/19\/cortes-de-agua-serao-suspensos-pelo-saaeb-a-usuarios-em-vulnerabilidade-social-pelo-periodo-de-tres-meses\/#article","isPartOf":{"@id":"https:\/\/regiaonews.net.br\/2022\/2021\/03\/19\/cortes-de-agua-serao-suspensos-pelo-saaeb-a-usuarios-em-vulnerabilidade-social-pelo-periodo-de-tres-meses\/"},"author":{"name":"Roberto","@id":"https:\/\/regiaonews.net.br\/2022\/#\/schema\/person\/2d205a608a5aa97ac279d7a5e6d89ad8"},"headline":"Cortes de \u00e1gua ser\u00e3o suspensos pelo SAAEB a usu\u00e1rios em vulnerabilidade social pelo per\u00edodo de tr\u00eas meses","datePublished":"2021-03-19T23:14:34+00:00","mainEntityOfPage":{"@id":"https:\/\/regiaonews.net.br\/2022\/2021\/03\/19\/cortes-de-agua-serao-suspensos-pelo-saaeb-a-usuarios-em-vulnerabilidade-social-pelo-periodo-de-tres-meses\/"},"wordCount":744,"commentCount":0,"publisher":{"@id":"https:\/\/regiaonews.net.br\/2022\/#organization"},"image":{"@id":"https:\/\/regiaonews.net.br\/2022\/2021\/03\/19\/cortes-de-agua-serao-suspensos-pelo-saaeb-a-usuarios-em-vulnerabilidade-social-pelo-periodo-de-tres-meses\/#primaryimage"},"thumbnailUrl":"https:\/\/regiaonews.net.br\/2022\/wp-content\/uploads\/2021\/03\/52df4080-6e98-4846-9835-dfe2dbdd8c2e.jpg","articleSection":["Barretos","Cidades","Economia"],"inLanguage":"pt-BR","potentialAction":[{"@type":"CommentAction","name":"Comment","target":["https:\/\/regiaonews.net.br\/2022\/2021\/03\/19\/cortes-de-agua-serao-suspensos-pelo-saaeb-a-usuarios-em-vulnerabilidade-social-pelo-periodo-de-tres-meses\/#respond"]}]},{"@type":"WebPage","@id":"https:\/\/regiaonews.net.br\/2022\/2021\/03\/19\/cortes-de-agua-serao-suspensos-pelo-saaeb-a-usuarios-em-vulnerabilidade-social-pelo-periodo-de-tres-meses\/","url":"https:\/\/regiaonews.net.br\/2022\/2021\/03\/19\/cortes-de-agua-serao-suspensos-pelo-saaeb-a-usuarios-em-vulnerabilidade-social-pelo-periodo-de-tres-meses\/","name":"Cortes de \u00e1gua ser\u00e3o suspensos pelo SAAEB a usu\u00e1rios em vulnerabilidade social pelo per\u00edodo de tr\u00eas meses - Regi\u00e3o News","isPartOf":{"@id":"https:\/\/regiaonews.net.br\/2022\/#website"},"primaryImageOfPage":{"@id":"https:\/\/regiaonews.net.br\/2022\/2021\/03\/19\/cortes-de-agua-serao-suspensos-pelo-saaeb-a-usuarios-em-vulnerabilidade-social-pelo-periodo-de-tres-meses\/#primaryimage"},"image":{"@id":"https:\/\/regiaonews.net.br\/2022\/2021\/03\/19\/cortes-de-agua-serao-suspensos-pelo-saaeb-a-usuarios-em-vulnerabilidade-social-pelo-periodo-de-tres-meses\/#primaryimage"},"thumbnailUrl":"https:\/\/regiaonews.net.br\/2022\/wp-content\/uploads\/2021\/03\/52df4080-6e98-4846-9835-dfe2dbdd8c2e.jpg","datePublished":"2021-03-19T23:14:34+00:00","breadcrumb":{"@id":"https:\/\/regiaonews.net.br\/2022\/2021\/03\/19\/cortes-de-agua-serao-suspensos-pelo-saaeb-a-usuarios-em-vulnerabilidade-social-pelo-periodo-de-tres-meses\/#breadcrumb"},"inLanguage":"pt-BR","potentialAction":[{"@type":"ReadAction","target":["https:\/\/regiaonews.net.br\/2022\/2021\/03\/19\/cortes-de-agua-serao-suspensos-pelo-saaeb-a-usuarios-em-vulnerabilidade-social-pelo-periodo-de-tres-meses\/"]}]},{"@type":"ImageObject","inLanguage":"pt-BR","@id":"https:\/\/regiaonews.net.br\/2022\/2021\/03\/19\/cortes-de-agua-serao-suspensos-pelo-saaeb-a-usuarios-em-vulnerabilidade-social-pelo-periodo-de-tres-meses\/#primaryimage","url":"https:\/\/regiaonews.net.br\/2022\/wp-content\/uploads\/2021\/03\/52df4080-6e98-4846-9835-dfe2dbdd8c2e.jpg","contentUrl":"https:\/\/regiaonews.net.br\/2022\/wp-content\/uploads\/2021\/03\/52df4080-6e98-4846-9835-dfe2dbdd8c2e.jpg","width":612,"height":408},{"@type":"BreadcrumbList","@id":"https:\/\/regiaonews.net.br\/2022\/2021\/03\/19\/cortes-de-agua-serao-suspensos-pelo-saaeb-a-usuarios-em-vulnerabilidade-social-pelo-periodo-de-tres-meses\/#breadcrumb","itemListElement":[{"@type":"ListItem","position":1,"name":"In\u00edcio","item":"https:\/\/regiaonews.net.br\/2022\/"},{"@type":"ListItem","position":2,"name":"Cortes de \u00e1gua ser\u00e3o suspensos pelo SAAEB a usu\u00e1rios em vulnerabilidade social pelo per\u00edodo de tr\u00eas meses"}]},{"@type":"WebSite","@id":"https:\/\/regiaonews.net.br\/2022\/#website","url":"https:\/\/regiaonews.net.br\/2022\/","name":"Regi\u00e3o News","description":"Site de Not\u00edcias de Barretos e regi\u00e3o","publisher":{"@id":"https:\/\/regiaonews.net.br\/2022\/#organization"},"potentialAction":[{"@type":"SearchAction","target":{"@type":"EntryPoint","urlTemplate":"https:\/\/regiaonews.net.br\/2022\/?s={search_term_string}"},"query-input":{"@type":"PropertyValueSpecification","valueRequired":true,"valueName":"search_term_string"}}],"inLanguage":"pt-BR"},{"@type":"Organization","@id":"https:\/\/regiaonews.net.br\/2022\/#organization","name":"Regi\u00e3o News","url":"https:\/\/regiaonews.net.br\/2022\/","logo":{"@type":"ImageObject","inLanguage":"pt-BR","@id":"https:\/\/regiaonews.net.br\/2022\/#\/schema\/logo\/image\/","url":"https:\/\/regiaonews.net.br\/2022\/wp-content\/uploads\/2026\/03\/regiao-13-anos-scaled.jpg","contentUrl":"https:\/\/regiaonews.net.br\/2022\/wp-content\/uploads\/2026\/03\/regiao-13-anos-scaled.jpg","width":2560,"height":635,"caption":"Regi\u00e3o News"},"image":{"@id":"https:\/\/regiaonews.net.br\/2022\/#\/schema\/logo\/image\/"}},{"@type":"Person","@id":"https:\/\/regiaonews.net.br\/2022\/#\/schema\/person\/2d205a608a5aa97ac279d7a5e6d89ad8","name":"Roberto","image":{"@type":"ImageObject","inLanguage":"pt-BR","@id":"https:\/\/secure.gravatar.com\/avatar\/42749d8b712ff9d59ca93dc150494e5b55a44134482993f5baeb97e61b7ecc89?s=96&d=mm&r=g","url":"https:\/\/secure.gravatar.com\/avatar\/42749d8b712ff9d59ca93dc150494e5b55a44134482993f5baeb97e61b7ecc89?s=96&d=mm&r=g","contentUrl":"https:\/\/secure.gravatar.com\/avatar\/42749d8b712ff9d59ca93dc150494e5b55a44134482993f5baeb97e61b7ecc89?s=96&d=mm&r=g","caption":"Roberto"},"url":"https:\/\/regiaonews.net.br\/2022\/author\/roberto\/"}]}},"publishpress_future_action":{"enabled":false,"date":"2026-05-04 02:04:25","action":"change-status","newStatus":"draft","terms":[],"taxonomy":"category","extraData":[]},"publishpress_future_workflow_manual_trigger":{"enabledWorkflows":[]},"_links":{"self":[{"href":"https:\/\/regiaonews.net.br\/2022\/wp-json\/wp\/v2\/posts\/44167","targetHints":{"allow":["GET"]}}],"collection":[{"href":"https:\/\/regiaonews.net.br\/2022\/wp-json\/wp\/v2\/posts"}],"about":[{"href":"https:\/\/regiaonews.net.br\/2022\/wp-json\/wp\/v2\/types\/post"}],"author":[{"embeddable":true,"href":"https:\/\/regiaonews.net.br\/2022\/wp-json\/wp\/v2\/users\/2"}],"replies":[{"embeddable":true,"href":"https:\/\/regiaonews.net.br\/2022\/wp-json\/wp\/v2\/comments?post=44167"}],"version-history":[{"count":0,"href":"https:\/\/regiaonews.net.br\/2022\/wp-json\/wp\/v2\/posts\/44167\/revisions"}],"wp:featuredmedia":[{"embeddable":true,"href":"https:\/\/regiaonews.net.br\/2022\/wp-json\/wp\/v2\/media\/44168"}],"wp:attachment":[{"href":"https:\/\/regiaonews.net.br\/2022\/wp-json\/wp\/v2\/media?parent=44167"}],"wp:term":[{"taxonomy":"category","embeddable":true,"href":"https:\/\/regiaonews.net.br\/2022\/wp-json\/wp\/v2\/categories?post=44167"},{"taxonomy":"post_tag","embeddable":true,"href":"https:\/\/regiaonews.net.br\/2022\/wp-json\/wp\/v2\/tags?post=44167"}],"curies":[{"name":"wp","href":"https:\/\/api.w.org\/{rel}","templated":true}]}}