{"id":44143,"date":"2021-03-19T15:22:30","date_gmt":"2021-03-19T18:22:30","guid":{"rendered":"https:\/\/regiaonews.net.br\/2022\/?p=44143"},"modified":"2021-03-19T15:22:30","modified_gmt":"2021-03-19T18:22:30","slug":"paula-lemos-acompanha-vacinacao-para-idosos-do-grupo-72-a-74-anos","status":"publish","type":"post","link":"https:\/\/regiaonews.net.br\/2022\/2021\/03\/19\/paula-lemos-acompanha-vacinacao-para-idosos-do-grupo-72-a-74-anos\/","title":{"rendered":"Paula Lemos acompanha vacina\u00e7\u00e3o para idosos do grupo 72 a 74 anos"},"content":{"rendered":"<p><a href=\"https:\/\/regiaonews.net.br\/2022\/wp-content\/uploads\/2021\/03\/MON8946-1.jpg\"><img loading=\"lazy\" decoding=\"async\" class=\"alignnone size-medium wp-image-44144\" src=\"https:\/\/regiaonews.net.br\/2022\/wp-content\/uploads\/2021\/03\/MON8946-1-300x200.jpg\" alt=\"\" width=\"300\" height=\"200\" \/><\/a> <a href=\"https:\/\/regiaonews.net.br\/2022\/wp-content\/uploads\/2021\/03\/MON8950.jpg\"><img loading=\"lazy\" decoding=\"async\" class=\"alignnone size-medium wp-image-44147\" src=\"https:\/\/regiaonews.net.br\/2022\/wp-content\/uploads\/2021\/03\/MON8950-300x200.jpg\" alt=\"\" width=\"300\" height=\"200\" \/><\/a> <a href=\"https:\/\/regiaonews.net.br\/2022\/wp-content\/uploads\/2021\/03\/MON9024.jpg\"><img loading=\"lazy\" decoding=\"async\" class=\"alignnone size-medium wp-image-44149\" src=\"https:\/\/regiaonews.net.br\/2022\/wp-content\/uploads\/2021\/03\/MON9024-300x200.jpg\" alt=\"\" width=\"300\" height=\"200\" \/><\/a><br \/>\nA Prefeitura de Barretos, por meio da Secretaria de Sa\u00fade, realizou nesta sexta- feira, 19 de mar\u00e7o\/21, mais um Drive-thru de vacina\u00e7\u00e3o contra o Covid19.\u00a0 Nesta etapa deu inicio a imuniza\u00e7\u00e3o para idosos do grupo 72 a 74 anos. At\u00e9 \u00e0s 12horas, no drive thru no estacionamento do Roch\u00e3o, cerca de 600 doses de vacinas foram aplicadas e outras 100 senhas j\u00e1 distribu\u00eddas e pacientes cadastrados aguardavam pela aplica\u00e7\u00e3o. Outras 700 doses ser\u00e3o disponibilizadas para segunda-feira, dia 22 de mar\u00e7o\/21, para que o restante grupo seja imunizado.<br \/>\n\u201c\u00c9 a primeira vez que o munic\u00edpio recebe 100% de primeira dose para imunizar uma mesma faixa et\u00e1ria. Devido ao grande numero de pessoas neste grupo, organizamos o drive de vacina\u00e7\u00e3o em dois dias, visando a agilidade do atendimento, e evitando longas filas nas portas das Unidades,\u201d ressaltou o secretario de Sa\u00fade Kleber Rosa.<br \/>\nA Prefeita Paula Lemos esteve presente na abertura dos trabalhos do Drive Thru, agradecendo o empenho de todos os profissionais envolvidos na a\u00e7\u00e3o. \u201cEstamos aqui mais uma vez neste importante trabalho para combater essa pandemia que veio de uma forma assustadora. Vacina \u00e9 esperan\u00e7a de vida. \u00c9 muito bom contar com a uni\u00e3o de todos neste momento. Infelizmente um mal invis\u00edvel est\u00e1 nos tirando muitas vidas. Mas s\u00f3 venceremos se houver colabora\u00e7\u00e3o de todos\u201d salientou. Ela acompanhou a vacina\u00e7\u00e3o do barretense Ant\u00f4nio Lucas Filho, que chegou para a vacina\u00e7\u00e3o \u00e0s 3 horas da manh\u00e3 e foi o primeiro a ser vacinado.<br \/>\n\u201cMuita alegria e maior satisfa\u00e7\u00e3o em ser o primeiro, e que d\u00ea resultado para o mundo inteiro e n\u00e3o apenas para n\u00f3s que j\u00e1 tomamos\u201d disse todo emocionado o senhor Ant\u00f4nio Lucas.<\/p>\n<p><strong>SEGUNDIA DIA \u2013 DRIVE THRU<\/strong><\/p>\n<p>Segunda-feira, dia 22 de mar\u00e7o acontece mais uma etapa de Drive Thru de Vacina\u00e7\u00e3o contra o Covid19 para idoso do grupo 72 a 74 anos, no estacionamento do Roch\u00e3o, das 9h as 16h. A vacina\u00e7\u00e3o funcionar\u00e1 por meio de senhas distribu\u00eddas e cadastro (documento com foto e CPF) em percurso (fila) do Drive.<br \/>\nSimultaneamente, nas Unidades de Sa\u00fade dos bairros: Am\u00e9rica, Barretos 2, Marilia e Pimenta tamb\u00e9m\u00a0 haver\u00e1 vacina\u00e7\u00e3o. J\u00e1 os pacientes acamados pertencentes aos territ\u00f3rios de Estrat\u00e9gia de Sa\u00fade da Fam\u00edlia: Ibirapuera, Nova Barretos, CSU, Luis Spina, Cecapinha, Cristiano de Carvalho, Derby Clube, Los Angeles e S\u00e3o Francisco, receber\u00e3o as equipes de vacina\u00e7\u00e3o domiciliar.<\/p>\n","protected":false},"excerpt":{"rendered":"<p>A Prefeitura de Barretos, por meio da Secretaria de Sa\u00fade,<\/p>\n","protected":false},"author":2,"featured_media":44146,"comment_status":"open","ping_status":"open","sticky":false,"template":"","format":"standard","meta":{"footnotes":""},"categories":[14,25],"tags":[],"class_list":["post-44143","post","type-post","status-publish","format-standard","has-post-thumbnail","hentry","category-barretos","category-cidades"],"yoast_head":"<!-- This site is optimized with the Yoast SEO plugin v27.4 - https:\/\/yoast.com\/product\/yoast-seo-wordpress\/ -->\n<title>Paula Lemos acompanha vacina\u00e7\u00e3o para idosos do grupo 72 a 74 anos - Regi\u00e3o News<\/title>\n<meta name=\"robots\" content=\"index, follow, max-snippet:-1, max-image-preview:large, max-video-preview:-1\" \/>\n<link rel=\"canonical\" href=\"https:\/\/regiaonews.net.br\/2022\/2021\/03\/19\/paula-lemos-acompanha-vacinacao-para-idosos-do-grupo-72-a-74-anos\/\" \/>\n<meta property=\"og:locale\" content=\"pt_BR\" \/>\n<meta property=\"og:type\" content=\"article\" \/>\n<meta property=\"og:title\" content=\"Paula Lemos acompanha vacina\u00e7\u00e3o para idosos do grupo 72 a 74 anos - Regi\u00e3o News\" \/>\n<meta property=\"og:description\" content=\"A Prefeitura de Barretos, por meio da Secretaria de Sa\u00fade,\" \/>\n<meta property=\"og:url\" content=\"https:\/\/regiaonews.net.br\/2022\/2021\/03\/19\/paula-lemos-acompanha-vacinacao-para-idosos-do-grupo-72-a-74-anos\/\" \/>\n<meta property=\"og:site_name\" content=\"Regi\u00e3o News\" \/>\n<meta property=\"article:published_time\" content=\"2021-03-19T18:22:30+00:00\" \/>\n<meta property=\"og:image\" content=\"https:\/\/regiaonews.net.br\/2022\/wp-content\/uploads\/2021\/03\/MON8950-1.jpg\" \/>\n\t<meta property=\"og:image:width\" content=\"2000\" \/>\n\t<meta property=\"og:image:height\" content=\"1333\" \/>\n\t<meta property=\"og:image:type\" content=\"image\/jpeg\" \/>\n<meta name=\"author\" content=\"Roberto\" \/>\n<meta name=\"twitter:card\" content=\"summary_large_image\" \/>\n<meta name=\"twitter:label1\" content=\"Escrito por\" \/>\n\t<meta name=\"twitter:data1\" content=\"Roberto\" \/>\n\t<meta name=\"twitter:label2\" content=\"Est. tempo de leitura\" \/>\n\t<meta name=\"twitter:data2\" content=\"2 minutos\" \/>\n<script type=\"application\/ld+json\" class=\"yoast-schema-graph\">{\"@context\":\"https:\\\/\\\/schema.org\",\"@graph\":[{\"@type\":\"Article\",\"@id\":\"https:\\\/\\\/regiaonews.net.br\\\/2022\\\/2021\\\/03\\\/19\\\/paula-lemos-acompanha-vacinacao-para-idosos-do-grupo-72-a-74-anos\\\/#article\",\"isPartOf\":{\"@id\":\"https:\\\/\\\/regiaonews.net.br\\\/2022\\\/2021\\\/03\\\/19\\\/paula-lemos-acompanha-vacinacao-para-idosos-do-grupo-72-a-74-anos\\\/\"},\"author\":{\"name\":\"Roberto\",\"@id\":\"https:\\\/\\\/regiaonews.net.br\\\/2022\\\/#\\\/schema\\\/person\\\/2d205a608a5aa97ac279d7a5e6d89ad8\"},\"headline\":\"Paula Lemos acompanha vacina\u00e7\u00e3o para idosos do grupo 72 a 74 anos\",\"datePublished\":\"2021-03-19T18:22:30+00:00\",\"mainEntityOfPage\":{\"@id\":\"https:\\\/\\\/regiaonews.net.br\\\/2022\\\/2021\\\/03\\\/19\\\/paula-lemos-acompanha-vacinacao-para-idosos-do-grupo-72-a-74-anos\\\/\"},\"wordCount\":419,\"commentCount\":0,\"publisher\":{\"@id\":\"https:\\\/\\\/regiaonews.net.br\\\/2022\\\/#organization\"},\"image\":{\"@id\":\"https:\\\/\\\/regiaonews.net.br\\\/2022\\\/2021\\\/03\\\/19\\\/paula-lemos-acompanha-vacinacao-para-idosos-do-grupo-72-a-74-anos\\\/#primaryimage\"},\"thumbnailUrl\":\"https:\\\/\\\/regiaonews.net.br\\\/2022\\\/wp-content\\\/uploads\\\/2021\\\/03\\\/MON8950-1.jpg\",\"articleSection\":[\"Barretos\",\"Cidades\"],\"inLanguage\":\"pt-BR\",\"potentialAction\":[{\"@type\":\"CommentAction\",\"name\":\"Comment\",\"target\":[\"https:\\\/\\\/regiaonews.net.br\\\/2022\\\/2021\\\/03\\\/19\\\/paula-lemos-acompanha-vacinacao-para-idosos-do-grupo-72-a-74-anos\\\/#respond\"]}]},{\"@type\":\"WebPage\",\"@id\":\"https:\\\/\\\/regiaonews.net.br\\\/2022\\\/2021\\\/03\\\/19\\\/paula-lemos-acompanha-vacinacao-para-idosos-do-grupo-72-a-74-anos\\\/\",\"url\":\"https:\\\/\\\/regiaonews.net.br\\\/2022\\\/2021\\\/03\\\/19\\\/paula-lemos-acompanha-vacinacao-para-idosos-do-grupo-72-a-74-anos\\\/\",\"name\":\"Paula Lemos acompanha vacina\u00e7\u00e3o para idosos do grupo 72 a 74 anos - Regi\u00e3o News\",\"isPartOf\":{\"@id\":\"https:\\\/\\\/regiaonews.net.br\\\/2022\\\/#website\"},\"primaryImageOfPage\":{\"@id\":\"https:\\\/\\\/regiaonews.net.br\\\/2022\\\/2021\\\/03\\\/19\\\/paula-lemos-acompanha-vacinacao-para-idosos-do-grupo-72-a-74-anos\\\/#primaryimage\"},\"image\":{\"@id\":\"https:\\\/\\\/regiaonews.net.br\\\/2022\\\/2021\\\/03\\\/19\\\/paula-lemos-acompanha-vacinacao-para-idosos-do-grupo-72-a-74-anos\\\/#primaryimage\"},\"thumbnailUrl\":\"https:\\\/\\\/regiaonews.net.br\\\/2022\\\/wp-content\\\/uploads\\\/2021\\\/03\\\/MON8950-1.jpg\",\"datePublished\":\"2021-03-19T18:22:30+00:00\",\"breadcrumb\":{\"@id\":\"https:\\\/\\\/regiaonews.net.br\\\/2022\\\/2021\\\/03\\\/19\\\/paula-lemos-acompanha-vacinacao-para-idosos-do-grupo-72-a-74-anos\\\/#breadcrumb\"},\"inLanguage\":\"pt-BR\",\"potentialAction\":[{\"@type\":\"ReadAction\",\"target\":[\"https:\\\/\\\/regiaonews.net.br\\\/2022\\\/2021\\\/03\\\/19\\\/paula-lemos-acompanha-vacinacao-para-idosos-do-grupo-72-a-74-anos\\\/\"]}]},{\"@type\":\"ImageObject\",\"inLanguage\":\"pt-BR\",\"@id\":\"https:\\\/\\\/regiaonews.net.br\\\/2022\\\/2021\\\/03\\\/19\\\/paula-lemos-acompanha-vacinacao-para-idosos-do-grupo-72-a-74-anos\\\/#primaryimage\",\"url\":\"https:\\\/\\\/regiaonews.net.br\\\/2022\\\/wp-content\\\/uploads\\\/2021\\\/03\\\/MON8950-1.jpg\",\"contentUrl\":\"https:\\\/\\\/regiaonews.net.br\\\/2022\\\/wp-content\\\/uploads\\\/2021\\\/03\\\/MON8950-1.jpg\",\"width\":2000,\"height\":1333},{\"@type\":\"BreadcrumbList\",\"@id\":\"https:\\\/\\\/regiaonews.net.br\\\/2022\\\/2021\\\/03\\\/19\\\/paula-lemos-acompanha-vacinacao-para-idosos-do-grupo-72-a-74-anos\\\/#breadcrumb\",\"itemListElement\":[{\"@type\":\"ListItem\",\"position\":1,\"name\":\"In\u00edcio\",\"item\":\"https:\\\/\\\/regiaonews.net.br\\\/2022\\\/\"},{\"@type\":\"ListItem\",\"position\":2,\"name\":\"Paula Lemos acompanha vacina\u00e7\u00e3o para idosos do grupo 72 a 74 anos\"}]},{\"@type\":\"WebSite\",\"@id\":\"https:\\\/\\\/regiaonews.net.br\\\/2022\\\/#website\",\"url\":\"https:\\\/\\\/regiaonews.net.br\\\/2022\\\/\",\"name\":\"Regi\u00e3o News\",\"description\":\"Site de Not\u00edcias de Barretos e regi\u00e3o\",\"publisher\":{\"@id\":\"https:\\\/\\\/regiaonews.net.br\\\/2022\\\/#organization\"},\"potentialAction\":[{\"@type\":\"SearchAction\",\"target\":{\"@type\":\"EntryPoint\",\"urlTemplate\":\"https:\\\/\\\/regiaonews.net.br\\\/2022\\\/?s={search_term_string}\"},\"query-input\":{\"@type\":\"PropertyValueSpecification\",\"valueRequired\":true,\"valueName\":\"search_term_string\"}}],\"inLanguage\":\"pt-BR\"},{\"@type\":\"Organization\",\"@id\":\"https:\\\/\\\/regiaonews.net.br\\\/2022\\\/#organization\",\"name\":\"Regi\u00e3o News\",\"url\":\"https:\\\/\\\/regiaonews.net.br\\\/2022\\\/\",\"logo\":{\"@type\":\"ImageObject\",\"inLanguage\":\"pt-BR\",\"@id\":\"https:\\\/\\\/regiaonews.net.br\\\/2022\\\/#\\\/schema\\\/logo\\\/image\\\/\",\"url\":\"https:\\\/\\\/regiaonews.net.br\\\/2022\\\/wp-content\\\/uploads\\\/2026\\\/03\\\/regiao-13-anos-scaled.jpg\",\"contentUrl\":\"https:\\\/\\\/regiaonews.net.br\\\/2022\\\/wp-content\\\/uploads\\\/2026\\\/03\\\/regiao-13-anos-scaled.jpg\",\"width\":2560,\"height\":635,\"caption\":\"Regi\u00e3o News\"},\"image\":{\"@id\":\"https:\\\/\\\/regiaonews.net.br\\\/2022\\\/#\\\/schema\\\/logo\\\/image\\\/\"}},{\"@type\":\"Person\",\"@id\":\"https:\\\/\\\/regiaonews.net.br\\\/2022\\\/#\\\/schema\\\/person\\\/2d205a608a5aa97ac279d7a5e6d89ad8\",\"name\":\"Roberto\",\"image\":{\"@type\":\"ImageObject\",\"inLanguage\":\"pt-BR\",\"@id\":\"https:\\\/\\\/secure.gravatar.com\\\/avatar\\\/42749d8b712ff9d59ca93dc150494e5b55a44134482993f5baeb97e61b7ecc89?s=96&d=mm&r=g\",\"url\":\"https:\\\/\\\/secure.gravatar.com\\\/avatar\\\/42749d8b712ff9d59ca93dc150494e5b55a44134482993f5baeb97e61b7ecc89?s=96&d=mm&r=g\",\"contentUrl\":\"https:\\\/\\\/secure.gravatar.com\\\/avatar\\\/42749d8b712ff9d59ca93dc150494e5b55a44134482993f5baeb97e61b7ecc89?s=96&d=mm&r=g\",\"caption\":\"Roberto\"},\"url\":\"https:\\\/\\\/regiaonews.net.br\\\/2022\\\/author\\\/roberto\\\/\"}]}<\/script>\n<!-- \/ Yoast SEO plugin. -->","yoast_head_json":{"title":"Paula Lemos acompanha vacina\u00e7\u00e3o para idosos do grupo 72 a 74 anos - Regi\u00e3o News","robots":{"index":"index","follow":"follow","max-snippet":"max-snippet:-1","max-image-preview":"max-image-preview:large","max-video-preview":"max-video-preview:-1"},"canonical":"https:\/\/regiaonews.net.br\/2022\/2021\/03\/19\/paula-lemos-acompanha-vacinacao-para-idosos-do-grupo-72-a-74-anos\/","og_locale":"pt_BR","og_type":"article","og_title":"Paula Lemos acompanha vacina\u00e7\u00e3o para idosos do grupo 72 a 74 anos - Regi\u00e3o News","og_description":"A Prefeitura de Barretos, por meio da Secretaria de Sa\u00fade,","og_url":"https:\/\/regiaonews.net.br\/2022\/2021\/03\/19\/paula-lemos-acompanha-vacinacao-para-idosos-do-grupo-72-a-74-anos\/","og_site_name":"Regi\u00e3o News","article_published_time":"2021-03-19T18:22:30+00:00","og_image":[{"width":2000,"height":1333,"url":"https:\/\/regiaonews.net.br\/2022\/wp-content\/uploads\/2021\/03\/MON8950-1.jpg","type":"image\/jpeg"}],"author":"Roberto","twitter_card":"summary_large_image","twitter_misc":{"Escrito por":"Roberto","Est. tempo de leitura":"2 minutos"},"schema":{"@context":"https:\/\/schema.org","@graph":[{"@type":"Article","@id":"https:\/\/regiaonews.net.br\/2022\/2021\/03\/19\/paula-lemos-acompanha-vacinacao-para-idosos-do-grupo-72-a-74-anos\/#article","isPartOf":{"@id":"https:\/\/regiaonews.net.br\/2022\/2021\/03\/19\/paula-lemos-acompanha-vacinacao-para-idosos-do-grupo-72-a-74-anos\/"},"author":{"name":"Roberto","@id":"https:\/\/regiaonews.net.br\/2022\/#\/schema\/person\/2d205a608a5aa97ac279d7a5e6d89ad8"},"headline":"Paula Lemos acompanha vacina\u00e7\u00e3o para idosos do grupo 72 a 74 anos","datePublished":"2021-03-19T18:22:30+00:00","mainEntityOfPage":{"@id":"https:\/\/regiaonews.net.br\/2022\/2021\/03\/19\/paula-lemos-acompanha-vacinacao-para-idosos-do-grupo-72-a-74-anos\/"},"wordCount":419,"commentCount":0,"publisher":{"@id":"https:\/\/regiaonews.net.br\/2022\/#organization"},"image":{"@id":"https:\/\/regiaonews.net.br\/2022\/2021\/03\/19\/paula-lemos-acompanha-vacinacao-para-idosos-do-grupo-72-a-74-anos\/#primaryimage"},"thumbnailUrl":"https:\/\/regiaonews.net.br\/2022\/wp-content\/uploads\/2021\/03\/MON8950-1.jpg","articleSection":["Barretos","Cidades"],"inLanguage":"pt-BR","potentialAction":[{"@type":"CommentAction","name":"Comment","target":["https:\/\/regiaonews.net.br\/2022\/2021\/03\/19\/paula-lemos-acompanha-vacinacao-para-idosos-do-grupo-72-a-74-anos\/#respond"]}]},{"@type":"WebPage","@id":"https:\/\/regiaonews.net.br\/2022\/2021\/03\/19\/paula-lemos-acompanha-vacinacao-para-idosos-do-grupo-72-a-74-anos\/","url":"https:\/\/regiaonews.net.br\/2022\/2021\/03\/19\/paula-lemos-acompanha-vacinacao-para-idosos-do-grupo-72-a-74-anos\/","name":"Paula Lemos acompanha vacina\u00e7\u00e3o para idosos do grupo 72 a 74 anos - Regi\u00e3o News","isPartOf":{"@id":"https:\/\/regiaonews.net.br\/2022\/#website"},"primaryImageOfPage":{"@id":"https:\/\/regiaonews.net.br\/2022\/2021\/03\/19\/paula-lemos-acompanha-vacinacao-para-idosos-do-grupo-72-a-74-anos\/#primaryimage"},"image":{"@id":"https:\/\/regiaonews.net.br\/2022\/2021\/03\/19\/paula-lemos-acompanha-vacinacao-para-idosos-do-grupo-72-a-74-anos\/#primaryimage"},"thumbnailUrl":"https:\/\/regiaonews.net.br\/2022\/wp-content\/uploads\/2021\/03\/MON8950-1.jpg","datePublished":"2021-03-19T18:22:30+00:00","breadcrumb":{"@id":"https:\/\/regiaonews.net.br\/2022\/2021\/03\/19\/paula-lemos-acompanha-vacinacao-para-idosos-do-grupo-72-a-74-anos\/#breadcrumb"},"inLanguage":"pt-BR","potentialAction":[{"@type":"ReadAction","target":["https:\/\/regiaonews.net.br\/2022\/2021\/03\/19\/paula-lemos-acompanha-vacinacao-para-idosos-do-grupo-72-a-74-anos\/"]}]},{"@type":"ImageObject","inLanguage":"pt-BR","@id":"https:\/\/regiaonews.net.br\/2022\/2021\/03\/19\/paula-lemos-acompanha-vacinacao-para-idosos-do-grupo-72-a-74-anos\/#primaryimage","url":"https:\/\/regiaonews.net.br\/2022\/wp-content\/uploads\/2021\/03\/MON8950-1.jpg","contentUrl":"https:\/\/regiaonews.net.br\/2022\/wp-content\/uploads\/2021\/03\/MON8950-1.jpg","width":2000,"height":1333},{"@type":"BreadcrumbList","@id":"https:\/\/regiaonews.net.br\/2022\/2021\/03\/19\/paula-lemos-acompanha-vacinacao-para-idosos-do-grupo-72-a-74-anos\/#breadcrumb","itemListElement":[{"@type":"ListItem","position":1,"name":"In\u00edcio","item":"https:\/\/regiaonews.net.br\/2022\/"},{"@type":"ListItem","position":2,"name":"Paula Lemos acompanha vacina\u00e7\u00e3o para idosos do grupo 72 a 74 anos"}]},{"@type":"WebSite","@id":"https:\/\/regiaonews.net.br\/2022\/#website","url":"https:\/\/regiaonews.net.br\/2022\/","name":"Regi\u00e3o News","description":"Site de Not\u00edcias de Barretos e regi\u00e3o","publisher":{"@id":"https:\/\/regiaonews.net.br\/2022\/#organization"},"potentialAction":[{"@type":"SearchAction","target":{"@type":"EntryPoint","urlTemplate":"https:\/\/regiaonews.net.br\/2022\/?s={search_term_string}"},"query-input":{"@type":"PropertyValueSpecification","valueRequired":true,"valueName":"search_term_string"}}],"inLanguage":"pt-BR"},{"@type":"Organization","@id":"https:\/\/regiaonews.net.br\/2022\/#organization","name":"Regi\u00e3o News","url":"https:\/\/regiaonews.net.br\/2022\/","logo":{"@type":"ImageObject","inLanguage":"pt-BR","@id":"https:\/\/regiaonews.net.br\/2022\/#\/schema\/logo\/image\/","url":"https:\/\/regiaonews.net.br\/2022\/wp-content\/uploads\/2026\/03\/regiao-13-anos-scaled.jpg","contentUrl":"https:\/\/regiaonews.net.br\/2022\/wp-content\/uploads\/2026\/03\/regiao-13-anos-scaled.jpg","width":2560,"height":635,"caption":"Regi\u00e3o News"},"image":{"@id":"https:\/\/regiaonews.net.br\/2022\/#\/schema\/logo\/image\/"}},{"@type":"Person","@id":"https:\/\/regiaonews.net.br\/2022\/#\/schema\/person\/2d205a608a5aa97ac279d7a5e6d89ad8","name":"Roberto","image":{"@type":"ImageObject","inLanguage":"pt-BR","@id":"https:\/\/secure.gravatar.com\/avatar\/42749d8b712ff9d59ca93dc150494e5b55a44134482993f5baeb97e61b7ecc89?s=96&d=mm&r=g","url":"https:\/\/secure.gravatar.com\/avatar\/42749d8b712ff9d59ca93dc150494e5b55a44134482993f5baeb97e61b7ecc89?s=96&d=mm&r=g","contentUrl":"https:\/\/secure.gravatar.com\/avatar\/42749d8b712ff9d59ca93dc150494e5b55a44134482993f5baeb97e61b7ecc89?s=96&d=mm&r=g","caption":"Roberto"},"url":"https:\/\/regiaonews.net.br\/2022\/author\/roberto\/"}]}},"publishpress_future_action":{"enabled":false,"date":"2026-05-03 22:27:22","action":"change-status","newStatus":"draft","terms":[],"taxonomy":"category","extraData":[]},"publishpress_future_workflow_manual_trigger":{"enabledWorkflows":[]},"_links":{"self":[{"href":"https:\/\/regiaonews.net.br\/2022\/wp-json\/wp\/v2\/posts\/44143","targetHints":{"allow":["GET"]}}],"collection":[{"href":"https:\/\/regiaonews.net.br\/2022\/wp-json\/wp\/v2\/posts"}],"about":[{"href":"https:\/\/regiaonews.net.br\/2022\/wp-json\/wp\/v2\/types\/post"}],"author":[{"embeddable":true,"href":"https:\/\/regiaonews.net.br\/2022\/wp-json\/wp\/v2\/users\/2"}],"replies":[{"embeddable":true,"href":"https:\/\/regiaonews.net.br\/2022\/wp-json\/wp\/v2\/comments?post=44143"}],"version-history":[{"count":0,"href":"https:\/\/regiaonews.net.br\/2022\/wp-json\/wp\/v2\/posts\/44143\/revisions"}],"wp:featuredmedia":[{"embeddable":true,"href":"https:\/\/regiaonews.net.br\/2022\/wp-json\/wp\/v2\/media\/44146"}],"wp:attachment":[{"href":"https:\/\/regiaonews.net.br\/2022\/wp-json\/wp\/v2\/media?parent=44143"}],"wp:term":[{"taxonomy":"category","embeddable":true,"href":"https:\/\/regiaonews.net.br\/2022\/wp-json\/wp\/v2\/categories?post=44143"},{"taxonomy":"post_tag","embeddable":true,"href":"https:\/\/regiaonews.net.br\/2022\/wp-json\/wp\/v2\/tags?post=44143"}],"curies":[{"name":"wp","href":"https:\/\/api.w.org\/{rel}","templated":true}]}}