{"id":44126,"date":"2021-03-18T19:43:25","date_gmt":"2021-03-18T22:43:25","guid":{"rendered":"https:\/\/regiaonews.net.br\/2022\/?p=44126"},"modified":"2021-03-18T19:54:01","modified_gmt":"2021-03-18T22:54:01","slug":"bebedouro-divulga-medidas-de-combate-a-pandemia","status":"publish","type":"post","link":"https:\/\/regiaonews.net.br\/2022\/2021\/03\/18\/bebedouro-divulga-medidas-de-combate-a-pandemia\/","title":{"rendered":"Bebedouro divulga medidas de combate a pandemia"},"content":{"rendered":"<p><a href=\"https:\/\/regiaonews.net.br\/2022\/wp-content\/uploads\/2020\/03\/coronavirus-covid-19.jpg\"><img loading=\"lazy\" decoding=\"async\" class=\"alignnone size-medium wp-image-28946\" src=\"https:\/\/regiaonews.net.br\/2022\/wp-content\/uploads\/2020\/03\/coronavirus-covid-19-300x160.jpg\" alt=\"\" width=\"300\" height=\"160\" \/><\/a><\/p>\n<p>A Prefeitura de Bebedouro endurece as regras da fase emergencial do Plano S\u00e3o Paulo de enfrentamento \u00e0 pandemia do novo coronav\u00edrus. As restri\u00e7\u00f5es de atividades ser\u00e3o de 18 a 30 de mar\u00e7o, inclusive em servi\u00e7os classificados como essenciais.<\/p>\n<p>As medidas ampliam o distanciamento social e reduzem a circula\u00e7\u00e3o de pessoas; freando a propaga\u00e7\u00e3o do v\u00edrus e suas variantes.<\/p>\n<p>Confira como vai funcionar:<\/p>\n<p>\u2022 Permanecem inalteradas as autoriza\u00e7\u00f5es de funcionamento em todas as atividades durante os dias da semana<\/p>\n<p>\u2022 Fica criada a \u201cRonda Covid\u201d com a participa\u00e7\u00e3o de agentes de fiscaliza\u00e7\u00e3o da Guarda Civil Municipal, Vigil\u00e2ncia Sanit\u00e1ria, Vigil\u00e2ncia Epidemiol\u00f3gica, fiscais da prefeitura e outros servidores municipais respons\u00e1veis pela intensifica\u00e7\u00e3o da fiscaliza\u00e7\u00e3o do cumprimento das medidas restritivas<\/p>\n<p>\u2022 Devem permanecer fechados para atendimento presencial aos s\u00e1bados e domingos todos os estabelecimentos comerciais em geral, inclusive supermercados, mercados, mercearias, padarias, a\u00e7ougues, peixarias, rotisseries, lojas de conveni\u00eancia e similares. Vendas delivery est\u00e3o autorizadas.<\/p>\n<p>\u2022 A frota de \u00f4nibus das linhas do transporte p\u00fablico regular ser\u00e1 reduzida para 30% de sua capacidade, para atender os funcion\u00e1rios dos servi\u00e7os essenciais<\/p>\n<p>\u2022 Bares, restaurantes, pizzarias, com\u00e9rcio ambulante, sorveterias e similares devem permanecer com as portas fechadas e sem qualquer tipo de atendimento presencial aos s\u00e1bados e domingos, podendo operar apenas no sistema de venda delivery. \u00c9 vedado o atendimento drive thru e take away.<\/p>\n<p>\u2022 Poder\u00e3o funcionar aos s\u00e1bados e domingo apenas as atividades presenciais em farm\u00e1cias e estabelecimentos de sa\u00fade, inclusive animal, al\u00e9m dos postos de combust\u00edveis e empresas de vigil\u00e2ncia e seguran\u00e7a, sempre com a ado\u00e7\u00e3o de todas as medidas sanit\u00e1rias.<\/p>\n<p>\u2022 Fica proibido a abertura de bancos, institui\u00e7\u00f5es financeiras e lot\u00e9ricas, salvo para o autoatendimento e caixas eletr\u00f4nicos aos s\u00e1bados e domingos.<\/p>\n<p>\u2022 Fica mantida a determina\u00e7\u00e3o de restri\u00e7\u00e3o de circula\u00e7\u00e3o de pessoas das 20h \u00e0s 05h, com as respectivas autoriza\u00e7\u00f5es excepcionais para as atividades de sa\u00fade e outras essenciais<\/p>\n<p>\u2022 O descumprimento das determina\u00e7\u00f5es implicar\u00e1 em multa de 100 UFMs, equivalente a R$ 10.950, al\u00e9m da cassa\u00e7\u00e3o do alvar\u00e1 de funcionamento, a lacra\u00e7\u00e3o imediata e a comunica\u00e7\u00e3o as autoridades competentes para a instaura\u00e7\u00e3o de inqu\u00e9rito para apura\u00e7\u00e3o do Crime do art. 268 do C\u00f3digo Penal<\/p>\n","protected":false},"excerpt":{"rendered":"<p>A Prefeitura de Bebedouro endurece as regras da fase emergencial<\/p>\n","protected":false},"author":2,"featured_media":28095,"comment_status":"open","ping_status":"open","sticky":false,"template":"","format":"standard","meta":{"footnotes":""},"categories":[4,25],"tags":[],"class_list":["post-44126","post","type-post","status-publish","format-standard","has-post-thumbnail","hentry","category-bebedouro","category-cidades"],"yoast_head":"<!-- This site is optimized with the Yoast SEO plugin v27.4 - https:\/\/yoast.com\/product\/yoast-seo-wordpress\/ -->\n<title>Bebedouro divulga medidas de combate a pandemia - Regi\u00e3o News<\/title>\n<meta name=\"robots\" content=\"index, follow, max-snippet:-1, max-image-preview:large, max-video-preview:-1\" \/>\n<link rel=\"canonical\" href=\"https:\/\/regiaonews.net.br\/2022\/2021\/03\/18\/bebedouro-divulga-medidas-de-combate-a-pandemia\/\" \/>\n<meta property=\"og:locale\" content=\"pt_BR\" \/>\n<meta property=\"og:type\" content=\"article\" \/>\n<meta property=\"og:title\" content=\"Bebedouro divulga medidas de combate a pandemia - Regi\u00e3o News\" \/>\n<meta property=\"og:description\" content=\"A Prefeitura de Bebedouro endurece as regras da fase emergencial\" \/>\n<meta property=\"og:url\" content=\"https:\/\/regiaonews.net.br\/2022\/2021\/03\/18\/bebedouro-divulga-medidas-de-combate-a-pandemia\/\" \/>\n<meta property=\"og:site_name\" content=\"Regi\u00e3o News\" \/>\n<meta property=\"article:published_time\" content=\"2021-03-18T22:43:25+00:00\" \/>\n<meta property=\"article:modified_time\" content=\"2021-03-18T22:54:01+00:00\" \/>\n<meta property=\"og:image\" content=\"https:\/\/regiaonews.net.br\/2022\/wp-content\/uploads\/2020\/02\/prefeitura-de-bebedouro.jpg\" \/>\n\t<meta property=\"og:image:width\" content=\"800\" \/>\n\t<meta property=\"og:image:height\" content=\"450\" \/>\n\t<meta property=\"og:image:type\" content=\"image\/jpeg\" \/>\n<meta name=\"author\" content=\"Roberto\" \/>\n<meta name=\"twitter:card\" content=\"summary_large_image\" \/>\n<meta name=\"twitter:label1\" content=\"Escrito por\" \/>\n\t<meta name=\"twitter:data1\" content=\"Roberto\" \/>\n\t<meta name=\"twitter:label2\" content=\"Est. tempo de leitura\" \/>\n\t<meta name=\"twitter:data2\" content=\"2 minutos\" \/>\n<script type=\"application\/ld+json\" class=\"yoast-schema-graph\">{\"@context\":\"https:\\\/\\\/schema.org\",\"@graph\":[{\"@type\":\"Article\",\"@id\":\"https:\\\/\\\/regiaonews.net.br\\\/2022\\\/2021\\\/03\\\/18\\\/bebedouro-divulga-medidas-de-combate-a-pandemia\\\/#article\",\"isPartOf\":{\"@id\":\"https:\\\/\\\/regiaonews.net.br\\\/2022\\\/2021\\\/03\\\/18\\\/bebedouro-divulga-medidas-de-combate-a-pandemia\\\/\"},\"author\":{\"name\":\"Roberto\",\"@id\":\"https:\\\/\\\/regiaonews.net.br\\\/2022\\\/#\\\/schema\\\/person\\\/2d205a608a5aa97ac279d7a5e6d89ad8\"},\"headline\":\"Bebedouro divulga medidas de combate a pandemia\",\"datePublished\":\"2021-03-18T22:43:25+00:00\",\"dateModified\":\"2021-03-18T22:54:01+00:00\",\"mainEntityOfPage\":{\"@id\":\"https:\\\/\\\/regiaonews.net.br\\\/2022\\\/2021\\\/03\\\/18\\\/bebedouro-divulga-medidas-de-combate-a-pandemia\\\/\"},\"wordCount\":399,\"commentCount\":0,\"publisher\":{\"@id\":\"https:\\\/\\\/regiaonews.net.br\\\/2022\\\/#organization\"},\"image\":{\"@id\":\"https:\\\/\\\/regiaonews.net.br\\\/2022\\\/2021\\\/03\\\/18\\\/bebedouro-divulga-medidas-de-combate-a-pandemia\\\/#primaryimage\"},\"thumbnailUrl\":\"https:\\\/\\\/regiaonews.net.br\\\/2022\\\/wp-content\\\/uploads\\\/2020\\\/02\\\/prefeitura-de-bebedouro.jpg\",\"articleSection\":[\"Bebedouro\",\"Cidades\"],\"inLanguage\":\"pt-BR\",\"potentialAction\":[{\"@type\":\"CommentAction\",\"name\":\"Comment\",\"target\":[\"https:\\\/\\\/regiaonews.net.br\\\/2022\\\/2021\\\/03\\\/18\\\/bebedouro-divulga-medidas-de-combate-a-pandemia\\\/#respond\"]}]},{\"@type\":\"WebPage\",\"@id\":\"https:\\\/\\\/regiaonews.net.br\\\/2022\\\/2021\\\/03\\\/18\\\/bebedouro-divulga-medidas-de-combate-a-pandemia\\\/\",\"url\":\"https:\\\/\\\/regiaonews.net.br\\\/2022\\\/2021\\\/03\\\/18\\\/bebedouro-divulga-medidas-de-combate-a-pandemia\\\/\",\"name\":\"Bebedouro divulga medidas de combate a pandemia - Regi\u00e3o News\",\"isPartOf\":{\"@id\":\"https:\\\/\\\/regiaonews.net.br\\\/2022\\\/#website\"},\"primaryImageOfPage\":{\"@id\":\"https:\\\/\\\/regiaonews.net.br\\\/2022\\\/2021\\\/03\\\/18\\\/bebedouro-divulga-medidas-de-combate-a-pandemia\\\/#primaryimage\"},\"image\":{\"@id\":\"https:\\\/\\\/regiaonews.net.br\\\/2022\\\/2021\\\/03\\\/18\\\/bebedouro-divulga-medidas-de-combate-a-pandemia\\\/#primaryimage\"},\"thumbnailUrl\":\"https:\\\/\\\/regiaonews.net.br\\\/2022\\\/wp-content\\\/uploads\\\/2020\\\/02\\\/prefeitura-de-bebedouro.jpg\",\"datePublished\":\"2021-03-18T22:43:25+00:00\",\"dateModified\":\"2021-03-18T22:54:01+00:00\",\"breadcrumb\":{\"@id\":\"https:\\\/\\\/regiaonews.net.br\\\/2022\\\/2021\\\/03\\\/18\\\/bebedouro-divulga-medidas-de-combate-a-pandemia\\\/#breadcrumb\"},\"inLanguage\":\"pt-BR\",\"potentialAction\":[{\"@type\":\"ReadAction\",\"target\":[\"https:\\\/\\\/regiaonews.net.br\\\/2022\\\/2021\\\/03\\\/18\\\/bebedouro-divulga-medidas-de-combate-a-pandemia\\\/\"]}]},{\"@type\":\"ImageObject\",\"inLanguage\":\"pt-BR\",\"@id\":\"https:\\\/\\\/regiaonews.net.br\\\/2022\\\/2021\\\/03\\\/18\\\/bebedouro-divulga-medidas-de-combate-a-pandemia\\\/#primaryimage\",\"url\":\"https:\\\/\\\/regiaonews.net.br\\\/2022\\\/wp-content\\\/uploads\\\/2020\\\/02\\\/prefeitura-de-bebedouro.jpg\",\"contentUrl\":\"https:\\\/\\\/regiaonews.net.br\\\/2022\\\/wp-content\\\/uploads\\\/2020\\\/02\\\/prefeitura-de-bebedouro.jpg\",\"width\":800,\"height\":450},{\"@type\":\"BreadcrumbList\",\"@id\":\"https:\\\/\\\/regiaonews.net.br\\\/2022\\\/2021\\\/03\\\/18\\\/bebedouro-divulga-medidas-de-combate-a-pandemia\\\/#breadcrumb\",\"itemListElement\":[{\"@type\":\"ListItem\",\"position\":1,\"name\":\"In\u00edcio\",\"item\":\"https:\\\/\\\/regiaonews.net.br\\\/2022\\\/\"},{\"@type\":\"ListItem\",\"position\":2,\"name\":\"Bebedouro divulga medidas de combate a pandemia\"}]},{\"@type\":\"WebSite\",\"@id\":\"https:\\\/\\\/regiaonews.net.br\\\/2022\\\/#website\",\"url\":\"https:\\\/\\\/regiaonews.net.br\\\/2022\\\/\",\"name\":\"Regi\u00e3o News\",\"description\":\"Site de Not\u00edcias de Barretos e regi\u00e3o\",\"publisher\":{\"@id\":\"https:\\\/\\\/regiaonews.net.br\\\/2022\\\/#organization\"},\"potentialAction\":[{\"@type\":\"SearchAction\",\"target\":{\"@type\":\"EntryPoint\",\"urlTemplate\":\"https:\\\/\\\/regiaonews.net.br\\\/2022\\\/?s={search_term_string}\"},\"query-input\":{\"@type\":\"PropertyValueSpecification\",\"valueRequired\":true,\"valueName\":\"search_term_string\"}}],\"inLanguage\":\"pt-BR\"},{\"@type\":\"Organization\",\"@id\":\"https:\\\/\\\/regiaonews.net.br\\\/2022\\\/#organization\",\"name\":\"Regi\u00e3o News\",\"url\":\"https:\\\/\\\/regiaonews.net.br\\\/2022\\\/\",\"logo\":{\"@type\":\"ImageObject\",\"inLanguage\":\"pt-BR\",\"@id\":\"https:\\\/\\\/regiaonews.net.br\\\/2022\\\/#\\\/schema\\\/logo\\\/image\\\/\",\"url\":\"https:\\\/\\\/regiaonews.net.br\\\/2022\\\/wp-content\\\/uploads\\\/2026\\\/03\\\/regiao-13-anos-scaled.jpg\",\"contentUrl\":\"https:\\\/\\\/regiaonews.net.br\\\/2022\\\/wp-content\\\/uploads\\\/2026\\\/03\\\/regiao-13-anos-scaled.jpg\",\"width\":2560,\"height\":635,\"caption\":\"Regi\u00e3o News\"},\"image\":{\"@id\":\"https:\\\/\\\/regiaonews.net.br\\\/2022\\\/#\\\/schema\\\/logo\\\/image\\\/\"}},{\"@type\":\"Person\",\"@id\":\"https:\\\/\\\/regiaonews.net.br\\\/2022\\\/#\\\/schema\\\/person\\\/2d205a608a5aa97ac279d7a5e6d89ad8\",\"name\":\"Roberto\",\"image\":{\"@type\":\"ImageObject\",\"inLanguage\":\"pt-BR\",\"@id\":\"https:\\\/\\\/secure.gravatar.com\\\/avatar\\\/42749d8b712ff9d59ca93dc150494e5b55a44134482993f5baeb97e61b7ecc89?s=96&d=mm&r=g\",\"url\":\"https:\\\/\\\/secure.gravatar.com\\\/avatar\\\/42749d8b712ff9d59ca93dc150494e5b55a44134482993f5baeb97e61b7ecc89?s=96&d=mm&r=g\",\"contentUrl\":\"https:\\\/\\\/secure.gravatar.com\\\/avatar\\\/42749d8b712ff9d59ca93dc150494e5b55a44134482993f5baeb97e61b7ecc89?s=96&d=mm&r=g\",\"caption\":\"Roberto\"},\"url\":\"https:\\\/\\\/regiaonews.net.br\\\/2022\\\/author\\\/roberto\\\/\"}]}<\/script>\n<!-- \/ Yoast SEO plugin. -->","yoast_head_json":{"title":"Bebedouro divulga medidas de combate a pandemia - Regi\u00e3o News","robots":{"index":"index","follow":"follow","max-snippet":"max-snippet:-1","max-image-preview":"max-image-preview:large","max-video-preview":"max-video-preview:-1"},"canonical":"https:\/\/regiaonews.net.br\/2022\/2021\/03\/18\/bebedouro-divulga-medidas-de-combate-a-pandemia\/","og_locale":"pt_BR","og_type":"article","og_title":"Bebedouro divulga medidas de combate a pandemia - Regi\u00e3o News","og_description":"A Prefeitura de Bebedouro endurece as regras da fase emergencial","og_url":"https:\/\/regiaonews.net.br\/2022\/2021\/03\/18\/bebedouro-divulga-medidas-de-combate-a-pandemia\/","og_site_name":"Regi\u00e3o News","article_published_time":"2021-03-18T22:43:25+00:00","article_modified_time":"2021-03-18T22:54:01+00:00","og_image":[{"width":800,"height":450,"url":"https:\/\/regiaonews.net.br\/2022\/wp-content\/uploads\/2020\/02\/prefeitura-de-bebedouro.jpg","type":"image\/jpeg"}],"author":"Roberto","twitter_card":"summary_large_image","twitter_misc":{"Escrito por":"Roberto","Est. tempo de leitura":"2 minutos"},"schema":{"@context":"https:\/\/schema.org","@graph":[{"@type":"Article","@id":"https:\/\/regiaonews.net.br\/2022\/2021\/03\/18\/bebedouro-divulga-medidas-de-combate-a-pandemia\/#article","isPartOf":{"@id":"https:\/\/regiaonews.net.br\/2022\/2021\/03\/18\/bebedouro-divulga-medidas-de-combate-a-pandemia\/"},"author":{"name":"Roberto","@id":"https:\/\/regiaonews.net.br\/2022\/#\/schema\/person\/2d205a608a5aa97ac279d7a5e6d89ad8"},"headline":"Bebedouro divulga medidas de combate a pandemia","datePublished":"2021-03-18T22:43:25+00:00","dateModified":"2021-03-18T22:54:01+00:00","mainEntityOfPage":{"@id":"https:\/\/regiaonews.net.br\/2022\/2021\/03\/18\/bebedouro-divulga-medidas-de-combate-a-pandemia\/"},"wordCount":399,"commentCount":0,"publisher":{"@id":"https:\/\/regiaonews.net.br\/2022\/#organization"},"image":{"@id":"https:\/\/regiaonews.net.br\/2022\/2021\/03\/18\/bebedouro-divulga-medidas-de-combate-a-pandemia\/#primaryimage"},"thumbnailUrl":"https:\/\/regiaonews.net.br\/2022\/wp-content\/uploads\/2020\/02\/prefeitura-de-bebedouro.jpg","articleSection":["Bebedouro","Cidades"],"inLanguage":"pt-BR","potentialAction":[{"@type":"CommentAction","name":"Comment","target":["https:\/\/regiaonews.net.br\/2022\/2021\/03\/18\/bebedouro-divulga-medidas-de-combate-a-pandemia\/#respond"]}]},{"@type":"WebPage","@id":"https:\/\/regiaonews.net.br\/2022\/2021\/03\/18\/bebedouro-divulga-medidas-de-combate-a-pandemia\/","url":"https:\/\/regiaonews.net.br\/2022\/2021\/03\/18\/bebedouro-divulga-medidas-de-combate-a-pandemia\/","name":"Bebedouro divulga medidas de combate a pandemia - Regi\u00e3o News","isPartOf":{"@id":"https:\/\/regiaonews.net.br\/2022\/#website"},"primaryImageOfPage":{"@id":"https:\/\/regiaonews.net.br\/2022\/2021\/03\/18\/bebedouro-divulga-medidas-de-combate-a-pandemia\/#primaryimage"},"image":{"@id":"https:\/\/regiaonews.net.br\/2022\/2021\/03\/18\/bebedouro-divulga-medidas-de-combate-a-pandemia\/#primaryimage"},"thumbnailUrl":"https:\/\/regiaonews.net.br\/2022\/wp-content\/uploads\/2020\/02\/prefeitura-de-bebedouro.jpg","datePublished":"2021-03-18T22:43:25+00:00","dateModified":"2021-03-18T22:54:01+00:00","breadcrumb":{"@id":"https:\/\/regiaonews.net.br\/2022\/2021\/03\/18\/bebedouro-divulga-medidas-de-combate-a-pandemia\/#breadcrumb"},"inLanguage":"pt-BR","potentialAction":[{"@type":"ReadAction","target":["https:\/\/regiaonews.net.br\/2022\/2021\/03\/18\/bebedouro-divulga-medidas-de-combate-a-pandemia\/"]}]},{"@type":"ImageObject","inLanguage":"pt-BR","@id":"https:\/\/regiaonews.net.br\/2022\/2021\/03\/18\/bebedouro-divulga-medidas-de-combate-a-pandemia\/#primaryimage","url":"https:\/\/regiaonews.net.br\/2022\/wp-content\/uploads\/2020\/02\/prefeitura-de-bebedouro.jpg","contentUrl":"https:\/\/regiaonews.net.br\/2022\/wp-content\/uploads\/2020\/02\/prefeitura-de-bebedouro.jpg","width":800,"height":450},{"@type":"BreadcrumbList","@id":"https:\/\/regiaonews.net.br\/2022\/2021\/03\/18\/bebedouro-divulga-medidas-de-combate-a-pandemia\/#breadcrumb","itemListElement":[{"@type":"ListItem","position":1,"name":"In\u00edcio","item":"https:\/\/regiaonews.net.br\/2022\/"},{"@type":"ListItem","position":2,"name":"Bebedouro divulga medidas de combate a pandemia"}]},{"@type":"WebSite","@id":"https:\/\/regiaonews.net.br\/2022\/#website","url":"https:\/\/regiaonews.net.br\/2022\/","name":"Regi\u00e3o News","description":"Site de Not\u00edcias de Barretos e regi\u00e3o","publisher":{"@id":"https:\/\/regiaonews.net.br\/2022\/#organization"},"potentialAction":[{"@type":"SearchAction","target":{"@type":"EntryPoint","urlTemplate":"https:\/\/regiaonews.net.br\/2022\/?s={search_term_string}"},"query-input":{"@type":"PropertyValueSpecification","valueRequired":true,"valueName":"search_term_string"}}],"inLanguage":"pt-BR"},{"@type":"Organization","@id":"https:\/\/regiaonews.net.br\/2022\/#organization","name":"Regi\u00e3o News","url":"https:\/\/regiaonews.net.br\/2022\/","logo":{"@type":"ImageObject","inLanguage":"pt-BR","@id":"https:\/\/regiaonews.net.br\/2022\/#\/schema\/logo\/image\/","url":"https:\/\/regiaonews.net.br\/2022\/wp-content\/uploads\/2026\/03\/regiao-13-anos-scaled.jpg","contentUrl":"https:\/\/regiaonews.net.br\/2022\/wp-content\/uploads\/2026\/03\/regiao-13-anos-scaled.jpg","width":2560,"height":635,"caption":"Regi\u00e3o News"},"image":{"@id":"https:\/\/regiaonews.net.br\/2022\/#\/schema\/logo\/image\/"}},{"@type":"Person","@id":"https:\/\/regiaonews.net.br\/2022\/#\/schema\/person\/2d205a608a5aa97ac279d7a5e6d89ad8","name":"Roberto","image":{"@type":"ImageObject","inLanguage":"pt-BR","@id":"https:\/\/secure.gravatar.com\/avatar\/42749d8b712ff9d59ca93dc150494e5b55a44134482993f5baeb97e61b7ecc89?s=96&d=mm&r=g","url":"https:\/\/secure.gravatar.com\/avatar\/42749d8b712ff9d59ca93dc150494e5b55a44134482993f5baeb97e61b7ecc89?s=96&d=mm&r=g","contentUrl":"https:\/\/secure.gravatar.com\/avatar\/42749d8b712ff9d59ca93dc150494e5b55a44134482993f5baeb97e61b7ecc89?s=96&d=mm&r=g","caption":"Roberto"},"url":"https:\/\/regiaonews.net.br\/2022\/author\/roberto\/"}]}},"publishpress_future_action":{"enabled":false,"date":"2026-05-03 18:57:24","action":"change-status","newStatus":"draft","terms":[],"taxonomy":"category","extraData":[]},"publishpress_future_workflow_manual_trigger":{"enabledWorkflows":[]},"_links":{"self":[{"href":"https:\/\/regiaonews.net.br\/2022\/wp-json\/wp\/v2\/posts\/44126","targetHints":{"allow":["GET"]}}],"collection":[{"href":"https:\/\/regiaonews.net.br\/2022\/wp-json\/wp\/v2\/posts"}],"about":[{"href":"https:\/\/regiaonews.net.br\/2022\/wp-json\/wp\/v2\/types\/post"}],"author":[{"embeddable":true,"href":"https:\/\/regiaonews.net.br\/2022\/wp-json\/wp\/v2\/users\/2"}],"replies":[{"embeddable":true,"href":"https:\/\/regiaonews.net.br\/2022\/wp-json\/wp\/v2\/comments?post=44126"}],"version-history":[{"count":0,"href":"https:\/\/regiaonews.net.br\/2022\/wp-json\/wp\/v2\/posts\/44126\/revisions"}],"wp:featuredmedia":[{"embeddable":true,"href":"https:\/\/regiaonews.net.br\/2022\/wp-json\/wp\/v2\/media\/28095"}],"wp:attachment":[{"href":"https:\/\/regiaonews.net.br\/2022\/wp-json\/wp\/v2\/media?parent=44126"}],"wp:term":[{"taxonomy":"category","embeddable":true,"href":"https:\/\/regiaonews.net.br\/2022\/wp-json\/wp\/v2\/categories?post=44126"},{"taxonomy":"post_tag","embeddable":true,"href":"https:\/\/regiaonews.net.br\/2022\/wp-json\/wp\/v2\/tags?post=44126"}],"curies":[{"name":"wp","href":"https:\/\/api.w.org\/{rel}","templated":true}]}}