{"id":44112,"date":"2021-03-18T13:32:49","date_gmt":"2021-03-18T16:32:49","guid":{"rendered":"https:\/\/regiaonews.net.br\/2022\/?p=44112"},"modified":"2021-03-18T13:32:49","modified_gmt":"2021-03-18T16:32:49","slug":"prefeitura-antecipa-a-vacinacao-de-idosos-de-72-a-74-anos","status":"publish","type":"post","link":"https:\/\/regiaonews.net.br\/2022\/2021\/03\/18\/prefeitura-antecipa-a-vacinacao-de-idosos-de-72-a-74-anos\/","title":{"rendered":"Prefeitura antecipa a vacina\u00e7\u00e3o de idosos de 72 a 74 anos"},"content":{"rendered":"<p><strong><a href=\"https:\/\/regiaonews.net.br\/2022\/wp-content\/uploads\/2021\/03\/10c592d8-c497-4372-8544-1a00088d0a9a.jpg\"><img loading=\"lazy\" decoding=\"async\" class=\"alignnone size-medium wp-image-44113\" src=\"https:\/\/regiaonews.net.br\/2022\/wp-content\/uploads\/2021\/03\/10c592d8-c497-4372-8544-1a00088d0a9a-300x300.jpg\" alt=\"\" width=\"300\" height=\"300\" \/><\/a><\/strong><\/p>\n<p>Barretos recebeu o\u00a0 11\u00ba lote de vacinas contra a Covid-19 do Governo do Estado, e a Prefeitura de Barretos antecipa a vacina\u00e7\u00e3o no formato Drive Thru para esta sexta-feira,\u00a0 19 de mar\u00e7o\/21 e tamb\u00e9m para segunda-feira, 22 de mar\u00e7o\/21. Nesta etapa ser\u00e3o atendidos idosos na faixa et\u00e1ria de 72 a 74 anos.\u00a0 A a\u00e7\u00e3o \u00e9 coordenada pela Secretaria de Sa\u00fade, e conta com o apoio da Secretaria de Ordem P\u00fablica. Nesta \u00faltima remessa foram recebidas 2590 doses de vacinas, que atender\u00e1 100% da faixa et\u00e1ria de 72 a 74 anos, o que corresponde a 1971 idosos.\u00a0 As doses restante ser\u00e3o para a continuidade de outros grupos ( 75-76 e 80- 84 anos).<\/p>\n<p>A vacina\u00e7\u00e3o funcionar\u00e1 por meio de senhas distribu\u00eddas pelo percurso do Drive. Para agilizar o processo a triagem dos pacientes ser\u00e1 realizada atrav\u00e9s da apresenta\u00e7\u00e3o de documentos com fotos e que contenha o n\u00famero do CPF, e ap\u00f3s o cadastro, ser\u00e3o liberados para a \u00e1rea interna do estacionamento do Roch\u00e3o, onde receber\u00e3o a vacina.<br \/>\nSimultaneamente, nas Unidades de Sa\u00fade dos bairros: Am\u00e9rica, Barretos 2, Marilia e Pimenta tamb\u00e9m\u00a0 haver\u00e1 vacina\u00e7\u00e3o. J\u00e1 os pacientes pertencentes aos territ\u00f3rios de Estrat\u00e9gia de Sa\u00fade da Fam\u00edlia: Ibirapuera, Nova Barretos, CSU, Luis Spina, Cecapinha, Cristiano de Carvalho, Derby Clube, Los Angeles e S\u00e3o Francisco, receber\u00e3o as equipes de vacina\u00e7\u00e3o domiciliar.<\/p>\n<p>\u201cRealizaremos mais dois dias de Drive Thru, e com as tr\u00eas a\u00e7\u00f5es simult\u00e2neas de vacina\u00e7\u00e3o, dentro de todos os esfor\u00e7os para imunizar nossa popula\u00e7\u00e3o. Nossa ideia \u00e9 acolher as pessoas com seguran\u00e7a e agilidade\u201d, ressaltou a prefeita, Paula Lemos.<\/p>\n<p>Para o secret\u00e1rio de sa\u00fade, Kleber Rosa o, o drive thru \u00e9 mais uma forma de evitar aglomera\u00e7\u00f5es de pessoas em um s\u00f3 local. \u201cNo drive thru, cada um fica no seu carro, evitando assim aglomera\u00e7\u00e3o, que \u00e9 o que mais precisamos neste momento.\u201d refor\u00e7ou.<\/p>\n","protected":false},"excerpt":{"rendered":"<p>Barretos recebeu o\u00a0 11\u00ba lote de vacinas contra a Covid-19<\/p>\n","protected":false},"author":2,"featured_media":43694,"comment_status":"open","ping_status":"open","sticky":false,"template":"","format":"standard","meta":{"footnotes":""},"categories":[14,25],"tags":[],"class_list":["post-44112","post","type-post","status-publish","format-standard","has-post-thumbnail","hentry","category-barretos","category-cidades"],"yoast_head":"<!-- This site is optimized with the Yoast SEO plugin v27.4 - https:\/\/yoast.com\/product\/yoast-seo-wordpress\/ -->\n<title>Prefeitura antecipa a vacina\u00e7\u00e3o de idosos de 72 a 74 anos - Regi\u00e3o News<\/title>\n<meta name=\"robots\" content=\"index, follow, max-snippet:-1, max-image-preview:large, max-video-preview:-1\" \/>\n<link rel=\"canonical\" href=\"https:\/\/regiaonews.net.br\/2022\/2021\/03\/18\/prefeitura-antecipa-a-vacinacao-de-idosos-de-72-a-74-anos\/\" \/>\n<meta property=\"og:locale\" content=\"pt_BR\" \/>\n<meta property=\"og:type\" content=\"article\" \/>\n<meta property=\"og:title\" content=\"Prefeitura antecipa a vacina\u00e7\u00e3o de idosos de 72 a 74 anos - Regi\u00e3o News\" \/>\n<meta property=\"og:description\" content=\"Barretos recebeu o\u00a0 11\u00ba lote de vacinas contra a Covid-19\" \/>\n<meta property=\"og:url\" content=\"https:\/\/regiaonews.net.br\/2022\/2021\/03\/18\/prefeitura-antecipa-a-vacinacao-de-idosos-de-72-a-74-anos\/\" \/>\n<meta property=\"og:site_name\" content=\"Regi\u00e3o News\" \/>\n<meta property=\"article:published_time\" content=\"2021-03-18T16:32:49+00:00\" \/>\n<meta property=\"og:image\" content=\"https:\/\/regiaonews.net.br\/2022\/wp-content\/uploads\/2021\/03\/MON4946.jpg\" \/>\n\t<meta property=\"og:image:width\" content=\"2000\" \/>\n\t<meta property=\"og:image:height\" content=\"1335\" \/>\n\t<meta property=\"og:image:type\" content=\"image\/jpeg\" \/>\n<meta name=\"author\" content=\"Roberto\" \/>\n<meta name=\"twitter:card\" content=\"summary_large_image\" \/>\n<meta name=\"twitter:label1\" content=\"Escrito por\" \/>\n\t<meta name=\"twitter:data1\" content=\"Roberto\" \/>\n\t<meta name=\"twitter:label2\" content=\"Est. tempo de leitura\" \/>\n\t<meta name=\"twitter:data2\" content=\"2 minutos\" \/>\n<script type=\"application\/ld+json\" class=\"yoast-schema-graph\">{\"@context\":\"https:\\\/\\\/schema.org\",\"@graph\":[{\"@type\":\"Article\",\"@id\":\"https:\\\/\\\/regiaonews.net.br\\\/2022\\\/2021\\\/03\\\/18\\\/prefeitura-antecipa-a-vacinacao-de-idosos-de-72-a-74-anos\\\/#article\",\"isPartOf\":{\"@id\":\"https:\\\/\\\/regiaonews.net.br\\\/2022\\\/2021\\\/03\\\/18\\\/prefeitura-antecipa-a-vacinacao-de-idosos-de-72-a-74-anos\\\/\"},\"author\":{\"name\":\"Roberto\",\"@id\":\"https:\\\/\\\/regiaonews.net.br\\\/2022\\\/#\\\/schema\\\/person\\\/2d205a608a5aa97ac279d7a5e6d89ad8\"},\"headline\":\"Prefeitura antecipa a vacina\u00e7\u00e3o de idosos de 72 a 74 anos\",\"datePublished\":\"2021-03-18T16:32:49+00:00\",\"mainEntityOfPage\":{\"@id\":\"https:\\\/\\\/regiaonews.net.br\\\/2022\\\/2021\\\/03\\\/18\\\/prefeitura-antecipa-a-vacinacao-de-idosos-de-72-a-74-anos\\\/\"},\"wordCount\":337,\"commentCount\":0,\"publisher\":{\"@id\":\"https:\\\/\\\/regiaonews.net.br\\\/2022\\\/#organization\"},\"image\":{\"@id\":\"https:\\\/\\\/regiaonews.net.br\\\/2022\\\/2021\\\/03\\\/18\\\/prefeitura-antecipa-a-vacinacao-de-idosos-de-72-a-74-anos\\\/#primaryimage\"},\"thumbnailUrl\":\"https:\\\/\\\/regiaonews.net.br\\\/2022\\\/wp-content\\\/uploads\\\/2021\\\/03\\\/MON4946.jpg\",\"articleSection\":[\"Barretos\",\"Cidades\"],\"inLanguage\":\"pt-BR\",\"potentialAction\":[{\"@type\":\"CommentAction\",\"name\":\"Comment\",\"target\":[\"https:\\\/\\\/regiaonews.net.br\\\/2022\\\/2021\\\/03\\\/18\\\/prefeitura-antecipa-a-vacinacao-de-idosos-de-72-a-74-anos\\\/#respond\"]}]},{\"@type\":\"WebPage\",\"@id\":\"https:\\\/\\\/regiaonews.net.br\\\/2022\\\/2021\\\/03\\\/18\\\/prefeitura-antecipa-a-vacinacao-de-idosos-de-72-a-74-anos\\\/\",\"url\":\"https:\\\/\\\/regiaonews.net.br\\\/2022\\\/2021\\\/03\\\/18\\\/prefeitura-antecipa-a-vacinacao-de-idosos-de-72-a-74-anos\\\/\",\"name\":\"Prefeitura antecipa a vacina\u00e7\u00e3o de idosos de 72 a 74 anos - Regi\u00e3o News\",\"isPartOf\":{\"@id\":\"https:\\\/\\\/regiaonews.net.br\\\/2022\\\/#website\"},\"primaryImageOfPage\":{\"@id\":\"https:\\\/\\\/regiaonews.net.br\\\/2022\\\/2021\\\/03\\\/18\\\/prefeitura-antecipa-a-vacinacao-de-idosos-de-72-a-74-anos\\\/#primaryimage\"},\"image\":{\"@id\":\"https:\\\/\\\/regiaonews.net.br\\\/2022\\\/2021\\\/03\\\/18\\\/prefeitura-antecipa-a-vacinacao-de-idosos-de-72-a-74-anos\\\/#primaryimage\"},\"thumbnailUrl\":\"https:\\\/\\\/regiaonews.net.br\\\/2022\\\/wp-content\\\/uploads\\\/2021\\\/03\\\/MON4946.jpg\",\"datePublished\":\"2021-03-18T16:32:49+00:00\",\"breadcrumb\":{\"@id\":\"https:\\\/\\\/regiaonews.net.br\\\/2022\\\/2021\\\/03\\\/18\\\/prefeitura-antecipa-a-vacinacao-de-idosos-de-72-a-74-anos\\\/#breadcrumb\"},\"inLanguage\":\"pt-BR\",\"potentialAction\":[{\"@type\":\"ReadAction\",\"target\":[\"https:\\\/\\\/regiaonews.net.br\\\/2022\\\/2021\\\/03\\\/18\\\/prefeitura-antecipa-a-vacinacao-de-idosos-de-72-a-74-anos\\\/\"]}]},{\"@type\":\"ImageObject\",\"inLanguage\":\"pt-BR\",\"@id\":\"https:\\\/\\\/regiaonews.net.br\\\/2022\\\/2021\\\/03\\\/18\\\/prefeitura-antecipa-a-vacinacao-de-idosos-de-72-a-74-anos\\\/#primaryimage\",\"url\":\"https:\\\/\\\/regiaonews.net.br\\\/2022\\\/wp-content\\\/uploads\\\/2021\\\/03\\\/MON4946.jpg\",\"contentUrl\":\"https:\\\/\\\/regiaonews.net.br\\\/2022\\\/wp-content\\\/uploads\\\/2021\\\/03\\\/MON4946.jpg\",\"width\":2000,\"height\":1335},{\"@type\":\"BreadcrumbList\",\"@id\":\"https:\\\/\\\/regiaonews.net.br\\\/2022\\\/2021\\\/03\\\/18\\\/prefeitura-antecipa-a-vacinacao-de-idosos-de-72-a-74-anos\\\/#breadcrumb\",\"itemListElement\":[{\"@type\":\"ListItem\",\"position\":1,\"name\":\"In\u00edcio\",\"item\":\"https:\\\/\\\/regiaonews.net.br\\\/2022\\\/\"},{\"@type\":\"ListItem\",\"position\":2,\"name\":\"Prefeitura antecipa a vacina\u00e7\u00e3o de idosos de 72 a 74 anos\"}]},{\"@type\":\"WebSite\",\"@id\":\"https:\\\/\\\/regiaonews.net.br\\\/2022\\\/#website\",\"url\":\"https:\\\/\\\/regiaonews.net.br\\\/2022\\\/\",\"name\":\"Regi\u00e3o News\",\"description\":\"Site de Not\u00edcias de Barretos e regi\u00e3o\",\"publisher\":{\"@id\":\"https:\\\/\\\/regiaonews.net.br\\\/2022\\\/#organization\"},\"potentialAction\":[{\"@type\":\"SearchAction\",\"target\":{\"@type\":\"EntryPoint\",\"urlTemplate\":\"https:\\\/\\\/regiaonews.net.br\\\/2022\\\/?s={search_term_string}\"},\"query-input\":{\"@type\":\"PropertyValueSpecification\",\"valueRequired\":true,\"valueName\":\"search_term_string\"}}],\"inLanguage\":\"pt-BR\"},{\"@type\":\"Organization\",\"@id\":\"https:\\\/\\\/regiaonews.net.br\\\/2022\\\/#organization\",\"name\":\"Regi\u00e3o News\",\"url\":\"https:\\\/\\\/regiaonews.net.br\\\/2022\\\/\",\"logo\":{\"@type\":\"ImageObject\",\"inLanguage\":\"pt-BR\",\"@id\":\"https:\\\/\\\/regiaonews.net.br\\\/2022\\\/#\\\/schema\\\/logo\\\/image\\\/\",\"url\":\"https:\\\/\\\/regiaonews.net.br\\\/2022\\\/wp-content\\\/uploads\\\/2026\\\/03\\\/regiao-13-anos-scaled.jpg\",\"contentUrl\":\"https:\\\/\\\/regiaonews.net.br\\\/2022\\\/wp-content\\\/uploads\\\/2026\\\/03\\\/regiao-13-anos-scaled.jpg\",\"width\":2560,\"height\":635,\"caption\":\"Regi\u00e3o News\"},\"image\":{\"@id\":\"https:\\\/\\\/regiaonews.net.br\\\/2022\\\/#\\\/schema\\\/logo\\\/image\\\/\"}},{\"@type\":\"Person\",\"@id\":\"https:\\\/\\\/regiaonews.net.br\\\/2022\\\/#\\\/schema\\\/person\\\/2d205a608a5aa97ac279d7a5e6d89ad8\",\"name\":\"Roberto\",\"image\":{\"@type\":\"ImageObject\",\"inLanguage\":\"pt-BR\",\"@id\":\"https:\\\/\\\/secure.gravatar.com\\\/avatar\\\/42749d8b712ff9d59ca93dc150494e5b55a44134482993f5baeb97e61b7ecc89?s=96&d=mm&r=g\",\"url\":\"https:\\\/\\\/secure.gravatar.com\\\/avatar\\\/42749d8b712ff9d59ca93dc150494e5b55a44134482993f5baeb97e61b7ecc89?s=96&d=mm&r=g\",\"contentUrl\":\"https:\\\/\\\/secure.gravatar.com\\\/avatar\\\/42749d8b712ff9d59ca93dc150494e5b55a44134482993f5baeb97e61b7ecc89?s=96&d=mm&r=g\",\"caption\":\"Roberto\"},\"url\":\"https:\\\/\\\/regiaonews.net.br\\\/2022\\\/author\\\/roberto\\\/\"}]}<\/script>\n<!-- \/ Yoast SEO plugin. -->","yoast_head_json":{"title":"Prefeitura antecipa a vacina\u00e7\u00e3o de idosos de 72 a 74 anos - Regi\u00e3o News","robots":{"index":"index","follow":"follow","max-snippet":"max-snippet:-1","max-image-preview":"max-image-preview:large","max-video-preview":"max-video-preview:-1"},"canonical":"https:\/\/regiaonews.net.br\/2022\/2021\/03\/18\/prefeitura-antecipa-a-vacinacao-de-idosos-de-72-a-74-anos\/","og_locale":"pt_BR","og_type":"article","og_title":"Prefeitura antecipa a vacina\u00e7\u00e3o de idosos de 72 a 74 anos - Regi\u00e3o News","og_description":"Barretos recebeu o\u00a0 11\u00ba lote de vacinas contra a Covid-19","og_url":"https:\/\/regiaonews.net.br\/2022\/2021\/03\/18\/prefeitura-antecipa-a-vacinacao-de-idosos-de-72-a-74-anos\/","og_site_name":"Regi\u00e3o News","article_published_time":"2021-03-18T16:32:49+00:00","og_image":[{"width":2000,"height":1335,"url":"https:\/\/regiaonews.net.br\/2022\/wp-content\/uploads\/2021\/03\/MON4946.jpg","type":"image\/jpeg"}],"author":"Roberto","twitter_card":"summary_large_image","twitter_misc":{"Escrito por":"Roberto","Est. tempo de leitura":"2 minutos"},"schema":{"@context":"https:\/\/schema.org","@graph":[{"@type":"Article","@id":"https:\/\/regiaonews.net.br\/2022\/2021\/03\/18\/prefeitura-antecipa-a-vacinacao-de-idosos-de-72-a-74-anos\/#article","isPartOf":{"@id":"https:\/\/regiaonews.net.br\/2022\/2021\/03\/18\/prefeitura-antecipa-a-vacinacao-de-idosos-de-72-a-74-anos\/"},"author":{"name":"Roberto","@id":"https:\/\/regiaonews.net.br\/2022\/#\/schema\/person\/2d205a608a5aa97ac279d7a5e6d89ad8"},"headline":"Prefeitura antecipa a vacina\u00e7\u00e3o de idosos de 72 a 74 anos","datePublished":"2021-03-18T16:32:49+00:00","mainEntityOfPage":{"@id":"https:\/\/regiaonews.net.br\/2022\/2021\/03\/18\/prefeitura-antecipa-a-vacinacao-de-idosos-de-72-a-74-anos\/"},"wordCount":337,"commentCount":0,"publisher":{"@id":"https:\/\/regiaonews.net.br\/2022\/#organization"},"image":{"@id":"https:\/\/regiaonews.net.br\/2022\/2021\/03\/18\/prefeitura-antecipa-a-vacinacao-de-idosos-de-72-a-74-anos\/#primaryimage"},"thumbnailUrl":"https:\/\/regiaonews.net.br\/2022\/wp-content\/uploads\/2021\/03\/MON4946.jpg","articleSection":["Barretos","Cidades"],"inLanguage":"pt-BR","potentialAction":[{"@type":"CommentAction","name":"Comment","target":["https:\/\/regiaonews.net.br\/2022\/2021\/03\/18\/prefeitura-antecipa-a-vacinacao-de-idosos-de-72-a-74-anos\/#respond"]}]},{"@type":"WebPage","@id":"https:\/\/regiaonews.net.br\/2022\/2021\/03\/18\/prefeitura-antecipa-a-vacinacao-de-idosos-de-72-a-74-anos\/","url":"https:\/\/regiaonews.net.br\/2022\/2021\/03\/18\/prefeitura-antecipa-a-vacinacao-de-idosos-de-72-a-74-anos\/","name":"Prefeitura antecipa a vacina\u00e7\u00e3o de idosos de 72 a 74 anos - Regi\u00e3o News","isPartOf":{"@id":"https:\/\/regiaonews.net.br\/2022\/#website"},"primaryImageOfPage":{"@id":"https:\/\/regiaonews.net.br\/2022\/2021\/03\/18\/prefeitura-antecipa-a-vacinacao-de-idosos-de-72-a-74-anos\/#primaryimage"},"image":{"@id":"https:\/\/regiaonews.net.br\/2022\/2021\/03\/18\/prefeitura-antecipa-a-vacinacao-de-idosos-de-72-a-74-anos\/#primaryimage"},"thumbnailUrl":"https:\/\/regiaonews.net.br\/2022\/wp-content\/uploads\/2021\/03\/MON4946.jpg","datePublished":"2021-03-18T16:32:49+00:00","breadcrumb":{"@id":"https:\/\/regiaonews.net.br\/2022\/2021\/03\/18\/prefeitura-antecipa-a-vacinacao-de-idosos-de-72-a-74-anos\/#breadcrumb"},"inLanguage":"pt-BR","potentialAction":[{"@type":"ReadAction","target":["https:\/\/regiaonews.net.br\/2022\/2021\/03\/18\/prefeitura-antecipa-a-vacinacao-de-idosos-de-72-a-74-anos\/"]}]},{"@type":"ImageObject","inLanguage":"pt-BR","@id":"https:\/\/regiaonews.net.br\/2022\/2021\/03\/18\/prefeitura-antecipa-a-vacinacao-de-idosos-de-72-a-74-anos\/#primaryimage","url":"https:\/\/regiaonews.net.br\/2022\/wp-content\/uploads\/2021\/03\/MON4946.jpg","contentUrl":"https:\/\/regiaonews.net.br\/2022\/wp-content\/uploads\/2021\/03\/MON4946.jpg","width":2000,"height":1335},{"@type":"BreadcrumbList","@id":"https:\/\/regiaonews.net.br\/2022\/2021\/03\/18\/prefeitura-antecipa-a-vacinacao-de-idosos-de-72-a-74-anos\/#breadcrumb","itemListElement":[{"@type":"ListItem","position":1,"name":"In\u00edcio","item":"https:\/\/regiaonews.net.br\/2022\/"},{"@type":"ListItem","position":2,"name":"Prefeitura antecipa a vacina\u00e7\u00e3o de idosos de 72 a 74 anos"}]},{"@type":"WebSite","@id":"https:\/\/regiaonews.net.br\/2022\/#website","url":"https:\/\/regiaonews.net.br\/2022\/","name":"Regi\u00e3o News","description":"Site de Not\u00edcias de Barretos e regi\u00e3o","publisher":{"@id":"https:\/\/regiaonews.net.br\/2022\/#organization"},"potentialAction":[{"@type":"SearchAction","target":{"@type":"EntryPoint","urlTemplate":"https:\/\/regiaonews.net.br\/2022\/?s={search_term_string}"},"query-input":{"@type":"PropertyValueSpecification","valueRequired":true,"valueName":"search_term_string"}}],"inLanguage":"pt-BR"},{"@type":"Organization","@id":"https:\/\/regiaonews.net.br\/2022\/#organization","name":"Regi\u00e3o News","url":"https:\/\/regiaonews.net.br\/2022\/","logo":{"@type":"ImageObject","inLanguage":"pt-BR","@id":"https:\/\/regiaonews.net.br\/2022\/#\/schema\/logo\/image\/","url":"https:\/\/regiaonews.net.br\/2022\/wp-content\/uploads\/2026\/03\/regiao-13-anos-scaled.jpg","contentUrl":"https:\/\/regiaonews.net.br\/2022\/wp-content\/uploads\/2026\/03\/regiao-13-anos-scaled.jpg","width":2560,"height":635,"caption":"Regi\u00e3o News"},"image":{"@id":"https:\/\/regiaonews.net.br\/2022\/#\/schema\/logo\/image\/"}},{"@type":"Person","@id":"https:\/\/regiaonews.net.br\/2022\/#\/schema\/person\/2d205a608a5aa97ac279d7a5e6d89ad8","name":"Roberto","image":{"@type":"ImageObject","inLanguage":"pt-BR","@id":"https:\/\/secure.gravatar.com\/avatar\/42749d8b712ff9d59ca93dc150494e5b55a44134482993f5baeb97e61b7ecc89?s=96&d=mm&r=g","url":"https:\/\/secure.gravatar.com\/avatar\/42749d8b712ff9d59ca93dc150494e5b55a44134482993f5baeb97e61b7ecc89?s=96&d=mm&r=g","contentUrl":"https:\/\/secure.gravatar.com\/avatar\/42749d8b712ff9d59ca93dc150494e5b55a44134482993f5baeb97e61b7ecc89?s=96&d=mm&r=g","caption":"Roberto"},"url":"https:\/\/regiaonews.net.br\/2022\/author\/roberto\/"}]}},"publishpress_future_action":{"enabled":false,"date":"2026-05-03 12:34:18","action":"change-status","newStatus":"draft","terms":[],"taxonomy":"category","extraData":[]},"publishpress_future_workflow_manual_trigger":{"enabledWorkflows":[]},"_links":{"self":[{"href":"https:\/\/regiaonews.net.br\/2022\/wp-json\/wp\/v2\/posts\/44112","targetHints":{"allow":["GET"]}}],"collection":[{"href":"https:\/\/regiaonews.net.br\/2022\/wp-json\/wp\/v2\/posts"}],"about":[{"href":"https:\/\/regiaonews.net.br\/2022\/wp-json\/wp\/v2\/types\/post"}],"author":[{"embeddable":true,"href":"https:\/\/regiaonews.net.br\/2022\/wp-json\/wp\/v2\/users\/2"}],"replies":[{"embeddable":true,"href":"https:\/\/regiaonews.net.br\/2022\/wp-json\/wp\/v2\/comments?post=44112"}],"version-history":[{"count":0,"href":"https:\/\/regiaonews.net.br\/2022\/wp-json\/wp\/v2\/posts\/44112\/revisions"}],"wp:featuredmedia":[{"embeddable":true,"href":"https:\/\/regiaonews.net.br\/2022\/wp-json\/wp\/v2\/media\/43694"}],"wp:attachment":[{"href":"https:\/\/regiaonews.net.br\/2022\/wp-json\/wp\/v2\/media?parent=44112"}],"wp:term":[{"taxonomy":"category","embeddable":true,"href":"https:\/\/regiaonews.net.br\/2022\/wp-json\/wp\/v2\/categories?post=44112"},{"taxonomy":"post_tag","embeddable":true,"href":"https:\/\/regiaonews.net.br\/2022\/wp-json\/wp\/v2\/tags?post=44112"}],"curies":[{"name":"wp","href":"https:\/\/api.w.org\/{rel}","templated":true}]}}