{"id":44102,"date":"2021-03-17T20:20:38","date_gmt":"2021-03-17T23:20:38","guid":{"rendered":"https:\/\/regiaonews.net.br\/2022\/?p=44102"},"modified":"2021-03-17T20:20:55","modified_gmt":"2021-03-17T23:20:55","slug":"policia-de-sp-investiga-incendio-criminoso-em-sede-de-jornal-em-olimpia","status":"publish","type":"post","link":"https:\/\/regiaonews.net.br\/2022\/2021\/03\/17\/policia-de-sp-investiga-incendio-criminoso-em-sede-de-jornal-em-olimpia\/","title":{"rendered":"Pol\u00edcia de SP investiga inc\u00eandio criminoso em sede de jornal em Ol\u00edmpia"},"content":{"rendered":"<div>\n<div style=\"width: 640px;\" class=\"wp-video\"><video class=\"wp-video-shortcode\" id=\"video-44102-1\" width=\"640\" height=\"352\" preload=\"metadata\" controls=\"controls\"><source type=\"video\/mp4\" src=\"https:\/\/regiaonews.net.br\/2022\/wp-content\/uploads\/2021\/03\/WhatsApp-Video-2021-03-17-at-13.13.48.mp4?_=1\" \/><a href=\"https:\/\/regiaonews.net.br\/2022\/wp-content\/uploads\/2021\/03\/WhatsApp-Video-2021-03-17-at-13.13.48.mp4\">https:\/\/regiaonews.net.br\/2022\/wp-content\/uploads\/2021\/03\/WhatsApp-Video-2021-03-17-at-13.13.48.mp4<\/a><\/video><\/div>\n<p class=\"titulopreto ng-binding\">Dilig\u00eancias est\u00e3o em andamento para identificar e prender o autor do crime<\/p>\n<p>A Delegacia de Pol\u00edcia de Ol\u00edmpia instaurou um inqu\u00e9rito para investigar as causas e a autoria de um inc\u00eandio ocorrido, na madrugada desta quarta-feira (17), na sede do jornal Folha da Regi\u00e3o. O local tamb\u00e9m abriga uma r\u00e1dio comunit\u00e1ria do munic\u00edpio, que fica na regi\u00e3o de S\u00e3o Jos\u00e9 do Rio Preto.<\/p>\n<\/div>\n<div id=\"notCorpo\" class=\"ng-binding\">\n<p>Em depoimento prestado na unidade, durante o registro da ocorr\u00eancia, a v\u00edtima, que mora com a fam\u00edlia no piso superior do im\u00f3vel, relatou que acordou por volta das 4h30 com um forte cheiro de fuma\u00e7a e foi averiguar. Neste momento, descobriu que o sobrado estava em chamas e passou a combater o fogo junto com os parentes. A Pol\u00edcia Militar e o Corpo de Bombeiros foram acionados ao local.<\/p>\n<p>O declarante afirmou ainda que, pr\u00f3ximo ao hor\u00e1rio de in\u00edcio do inc\u00eandio, as c\u00e2meras de monitoramento da rua flagraram um indiv\u00edduo se aproximando do im\u00f3vel e ateando fogo ao mesmo de forma intencional.\u00a0 Ainda durante a oitiva, a v\u00edtima relatou que o jornal vem sofrendo amea\u00e7as e ofensas durante as transmiss\u00f5es realizadas regularmente.<\/p>\n<p>No \u00faltimo fim de semana, o genro da v\u00edtima tamb\u00e9m teria sido amea\u00e7ado durante uma viagem a S\u00e3o Jos\u00e9 do Rio Preto, onde o peri\u00f3dico \u00e9 impresso. Na ocasi\u00e3o, ele teria sido seguido por um ve\u00edculo que amea\u00e7ou tir\u00e1-lo da pista durante todo o trajeto.<\/p>\n<p>Diante dos fatos, a autoridade policial instaurou inqu\u00e9rito e determinou a realiza\u00e7\u00e3o de exames periciais no im\u00f3vel. Equipes da delegacia de Ol\u00edmpia realizam dilig\u00eancias em busca de novas imagens e testemunhas que auxiliem na identifica\u00e7\u00e3o e pris\u00e3o do autor.<\/p>\n<\/div>\n","protected":false},"excerpt":{"rendered":"<p>Dilig\u00eancias est\u00e3o em andamento para identificar e prender o autor<\/p>\n","protected":false},"author":2,"featured_media":38904,"comment_status":"open","ping_status":"open","sticky":false,"template":"","format":"standard","meta":{"footnotes":""},"categories":[25,28,23],"tags":[],"class_list":["post-44102","post","type-post","status-publish","format-standard","has-post-thumbnail","hentry","category-cidades","category-olimpia-olimpia","category-policia"],"yoast_head":"<!-- This site is optimized with the Yoast SEO plugin v27.4 - https:\/\/yoast.com\/product\/yoast-seo-wordpress\/ -->\n<title>Pol\u00edcia de SP investiga inc\u00eandio criminoso em sede de jornal em Ol\u00edmpia - Regi\u00e3o News<\/title>\n<meta name=\"robots\" content=\"index, follow, max-snippet:-1, max-image-preview:large, max-video-preview:-1\" \/>\n<link rel=\"canonical\" href=\"https:\/\/regiaonews.net.br\/2022\/2021\/03\/17\/policia-de-sp-investiga-incendio-criminoso-em-sede-de-jornal-em-olimpia\/\" \/>\n<meta property=\"og:locale\" content=\"pt_BR\" \/>\n<meta property=\"og:type\" content=\"article\" \/>\n<meta property=\"og:title\" content=\"Pol\u00edcia de SP investiga inc\u00eandio criminoso em sede de jornal em Ol\u00edmpia - Regi\u00e3o News\" \/>\n<meta property=\"og:description\" content=\"Dilig\u00eancias est\u00e3o em andamento para identificar e prender o autor\" \/>\n<meta property=\"og:url\" content=\"https:\/\/regiaonews.net.br\/2022\/2021\/03\/17\/policia-de-sp-investiga-incendio-criminoso-em-sede-de-jornal-em-olimpia\/\" \/>\n<meta property=\"og:site_name\" content=\"Regi\u00e3o News\" \/>\n<meta property=\"article:published_time\" content=\"2021-03-17T23:20:38+00:00\" \/>\n<meta property=\"article:modified_time\" content=\"2021-03-17T23:20:55+00:00\" \/>\n<meta property=\"og:image\" content=\"https:\/\/regiaonews.net.br\/2022\/wp-content\/uploads\/2020\/10\/policia-site.jpg\" \/>\n\t<meta property=\"og:image:width\" content=\"422\" \/>\n\t<meta property=\"og:image:height\" content=\"250\" \/>\n\t<meta property=\"og:image:type\" content=\"image\/jpeg\" \/>\n<meta name=\"author\" content=\"Roberto\" \/>\n<meta name=\"twitter:card\" content=\"summary_large_image\" \/>\n<meta name=\"twitter:label1\" content=\"Escrito por\" \/>\n\t<meta name=\"twitter:data1\" content=\"Roberto\" \/>\n\t<meta name=\"twitter:label2\" content=\"Est. tempo de leitura\" \/>\n\t<meta name=\"twitter:data2\" content=\"2 minutos\" \/>\n<script type=\"application\/ld+json\" class=\"yoast-schema-graph\">{\"@context\":\"https:\\\/\\\/schema.org\",\"@graph\":[{\"@type\":\"Article\",\"@id\":\"https:\\\/\\\/regiaonews.net.br\\\/2022\\\/2021\\\/03\\\/17\\\/policia-de-sp-investiga-incendio-criminoso-em-sede-de-jornal-em-olimpia\\\/#article\",\"isPartOf\":{\"@id\":\"https:\\\/\\\/regiaonews.net.br\\\/2022\\\/2021\\\/03\\\/17\\\/policia-de-sp-investiga-incendio-criminoso-em-sede-de-jornal-em-olimpia\\\/\"},\"author\":{\"name\":\"Roberto\",\"@id\":\"https:\\\/\\\/regiaonews.net.br\\\/2022\\\/#\\\/schema\\\/person\\\/2d205a608a5aa97ac279d7a5e6d89ad8\"},\"headline\":\"Pol\u00edcia de SP investiga inc\u00eandio criminoso em sede de jornal em Ol\u00edmpia\",\"datePublished\":\"2021-03-17T23:20:38+00:00\",\"dateModified\":\"2021-03-17T23:20:55+00:00\",\"mainEntityOfPage\":{\"@id\":\"https:\\\/\\\/regiaonews.net.br\\\/2022\\\/2021\\\/03\\\/17\\\/policia-de-sp-investiga-incendio-criminoso-em-sede-de-jornal-em-olimpia\\\/\"},\"wordCount\":343,\"commentCount\":0,\"publisher\":{\"@id\":\"https:\\\/\\\/regiaonews.net.br\\\/2022\\\/#organization\"},\"image\":{\"@id\":\"https:\\\/\\\/regiaonews.net.br\\\/2022\\\/2021\\\/03\\\/17\\\/policia-de-sp-investiga-incendio-criminoso-em-sede-de-jornal-em-olimpia\\\/#primaryimage\"},\"thumbnailUrl\":\"https:\\\/\\\/regiaonews.net.br\\\/2022\\\/wp-content\\\/uploads\\\/2020\\\/10\\\/policia-site.jpg\",\"articleSection\":[\"Cidades\",\"Olimpia\",\"Policia\"],\"inLanguage\":\"pt-BR\",\"potentialAction\":[{\"@type\":\"CommentAction\",\"name\":\"Comment\",\"target\":[\"https:\\\/\\\/regiaonews.net.br\\\/2022\\\/2021\\\/03\\\/17\\\/policia-de-sp-investiga-incendio-criminoso-em-sede-de-jornal-em-olimpia\\\/#respond\"]}]},{\"@type\":\"WebPage\",\"@id\":\"https:\\\/\\\/regiaonews.net.br\\\/2022\\\/2021\\\/03\\\/17\\\/policia-de-sp-investiga-incendio-criminoso-em-sede-de-jornal-em-olimpia\\\/\",\"url\":\"https:\\\/\\\/regiaonews.net.br\\\/2022\\\/2021\\\/03\\\/17\\\/policia-de-sp-investiga-incendio-criminoso-em-sede-de-jornal-em-olimpia\\\/\",\"name\":\"Pol\u00edcia de SP investiga inc\u00eandio criminoso em sede de jornal em Ol\u00edmpia - Regi\u00e3o News\",\"isPartOf\":{\"@id\":\"https:\\\/\\\/regiaonews.net.br\\\/2022\\\/#website\"},\"primaryImageOfPage\":{\"@id\":\"https:\\\/\\\/regiaonews.net.br\\\/2022\\\/2021\\\/03\\\/17\\\/policia-de-sp-investiga-incendio-criminoso-em-sede-de-jornal-em-olimpia\\\/#primaryimage\"},\"image\":{\"@id\":\"https:\\\/\\\/regiaonews.net.br\\\/2022\\\/2021\\\/03\\\/17\\\/policia-de-sp-investiga-incendio-criminoso-em-sede-de-jornal-em-olimpia\\\/#primaryimage\"},\"thumbnailUrl\":\"https:\\\/\\\/regiaonews.net.br\\\/2022\\\/wp-content\\\/uploads\\\/2020\\\/10\\\/policia-site.jpg\",\"datePublished\":\"2021-03-17T23:20:38+00:00\",\"dateModified\":\"2021-03-17T23:20:55+00:00\",\"breadcrumb\":{\"@id\":\"https:\\\/\\\/regiaonews.net.br\\\/2022\\\/2021\\\/03\\\/17\\\/policia-de-sp-investiga-incendio-criminoso-em-sede-de-jornal-em-olimpia\\\/#breadcrumb\"},\"inLanguage\":\"pt-BR\",\"potentialAction\":[{\"@type\":\"ReadAction\",\"target\":[\"https:\\\/\\\/regiaonews.net.br\\\/2022\\\/2021\\\/03\\\/17\\\/policia-de-sp-investiga-incendio-criminoso-em-sede-de-jornal-em-olimpia\\\/\"]}]},{\"@type\":\"ImageObject\",\"inLanguage\":\"pt-BR\",\"@id\":\"https:\\\/\\\/regiaonews.net.br\\\/2022\\\/2021\\\/03\\\/17\\\/policia-de-sp-investiga-incendio-criminoso-em-sede-de-jornal-em-olimpia\\\/#primaryimage\",\"url\":\"https:\\\/\\\/regiaonews.net.br\\\/2022\\\/wp-content\\\/uploads\\\/2020\\\/10\\\/policia-site.jpg\",\"contentUrl\":\"https:\\\/\\\/regiaonews.net.br\\\/2022\\\/wp-content\\\/uploads\\\/2020\\\/10\\\/policia-site.jpg\",\"width\":422,\"height\":250},{\"@type\":\"BreadcrumbList\",\"@id\":\"https:\\\/\\\/regiaonews.net.br\\\/2022\\\/2021\\\/03\\\/17\\\/policia-de-sp-investiga-incendio-criminoso-em-sede-de-jornal-em-olimpia\\\/#breadcrumb\",\"itemListElement\":[{\"@type\":\"ListItem\",\"position\":1,\"name\":\"In\u00edcio\",\"item\":\"https:\\\/\\\/regiaonews.net.br\\\/2022\\\/\"},{\"@type\":\"ListItem\",\"position\":2,\"name\":\"Pol\u00edcia de SP investiga inc\u00eandio criminoso em sede de jornal em Ol\u00edmpia\"}]},{\"@type\":\"WebSite\",\"@id\":\"https:\\\/\\\/regiaonews.net.br\\\/2022\\\/#website\",\"url\":\"https:\\\/\\\/regiaonews.net.br\\\/2022\\\/\",\"name\":\"Regi\u00e3o News\",\"description\":\"Site de Not\u00edcias de Barretos e regi\u00e3o\",\"publisher\":{\"@id\":\"https:\\\/\\\/regiaonews.net.br\\\/2022\\\/#organization\"},\"potentialAction\":[{\"@type\":\"SearchAction\",\"target\":{\"@type\":\"EntryPoint\",\"urlTemplate\":\"https:\\\/\\\/regiaonews.net.br\\\/2022\\\/?s={search_term_string}\"},\"query-input\":{\"@type\":\"PropertyValueSpecification\",\"valueRequired\":true,\"valueName\":\"search_term_string\"}}],\"inLanguage\":\"pt-BR\"},{\"@type\":\"Organization\",\"@id\":\"https:\\\/\\\/regiaonews.net.br\\\/2022\\\/#organization\",\"name\":\"Regi\u00e3o News\",\"url\":\"https:\\\/\\\/regiaonews.net.br\\\/2022\\\/\",\"logo\":{\"@type\":\"ImageObject\",\"inLanguage\":\"pt-BR\",\"@id\":\"https:\\\/\\\/regiaonews.net.br\\\/2022\\\/#\\\/schema\\\/logo\\\/image\\\/\",\"url\":\"https:\\\/\\\/regiaonews.net.br\\\/2022\\\/wp-content\\\/uploads\\\/2026\\\/03\\\/regiao-13-anos-scaled.jpg\",\"contentUrl\":\"https:\\\/\\\/regiaonews.net.br\\\/2022\\\/wp-content\\\/uploads\\\/2026\\\/03\\\/regiao-13-anos-scaled.jpg\",\"width\":2560,\"height\":635,\"caption\":\"Regi\u00e3o News\"},\"image\":{\"@id\":\"https:\\\/\\\/regiaonews.net.br\\\/2022\\\/#\\\/schema\\\/logo\\\/image\\\/\"}},{\"@type\":\"Person\",\"@id\":\"https:\\\/\\\/regiaonews.net.br\\\/2022\\\/#\\\/schema\\\/person\\\/2d205a608a5aa97ac279d7a5e6d89ad8\",\"name\":\"Roberto\",\"image\":{\"@type\":\"ImageObject\",\"inLanguage\":\"pt-BR\",\"@id\":\"https:\\\/\\\/secure.gravatar.com\\\/avatar\\\/42749d8b712ff9d59ca93dc150494e5b55a44134482993f5baeb97e61b7ecc89?s=96&d=mm&r=g\",\"url\":\"https:\\\/\\\/secure.gravatar.com\\\/avatar\\\/42749d8b712ff9d59ca93dc150494e5b55a44134482993f5baeb97e61b7ecc89?s=96&d=mm&r=g\",\"contentUrl\":\"https:\\\/\\\/secure.gravatar.com\\\/avatar\\\/42749d8b712ff9d59ca93dc150494e5b55a44134482993f5baeb97e61b7ecc89?s=96&d=mm&r=g\",\"caption\":\"Roberto\"},\"url\":\"https:\\\/\\\/regiaonews.net.br\\\/2022\\\/author\\\/roberto\\\/\"}]}<\/script>\n<!-- \/ Yoast SEO plugin. -->","yoast_head_json":{"title":"Pol\u00edcia de SP investiga inc\u00eandio criminoso em sede de jornal em Ol\u00edmpia - Regi\u00e3o News","robots":{"index":"index","follow":"follow","max-snippet":"max-snippet:-1","max-image-preview":"max-image-preview:large","max-video-preview":"max-video-preview:-1"},"canonical":"https:\/\/regiaonews.net.br\/2022\/2021\/03\/17\/policia-de-sp-investiga-incendio-criminoso-em-sede-de-jornal-em-olimpia\/","og_locale":"pt_BR","og_type":"article","og_title":"Pol\u00edcia de SP investiga inc\u00eandio criminoso em sede de jornal em Ol\u00edmpia - Regi\u00e3o News","og_description":"Dilig\u00eancias est\u00e3o em andamento para identificar e prender o autor","og_url":"https:\/\/regiaonews.net.br\/2022\/2021\/03\/17\/policia-de-sp-investiga-incendio-criminoso-em-sede-de-jornal-em-olimpia\/","og_site_name":"Regi\u00e3o News","article_published_time":"2021-03-17T23:20:38+00:00","article_modified_time":"2021-03-17T23:20:55+00:00","og_image":[{"width":422,"height":250,"url":"https:\/\/regiaonews.net.br\/2022\/wp-content\/uploads\/2020\/10\/policia-site.jpg","type":"image\/jpeg"}],"author":"Roberto","twitter_card":"summary_large_image","twitter_misc":{"Escrito por":"Roberto","Est. tempo de leitura":"2 minutos"},"schema":{"@context":"https:\/\/schema.org","@graph":[{"@type":"Article","@id":"https:\/\/regiaonews.net.br\/2022\/2021\/03\/17\/policia-de-sp-investiga-incendio-criminoso-em-sede-de-jornal-em-olimpia\/#article","isPartOf":{"@id":"https:\/\/regiaonews.net.br\/2022\/2021\/03\/17\/policia-de-sp-investiga-incendio-criminoso-em-sede-de-jornal-em-olimpia\/"},"author":{"name":"Roberto","@id":"https:\/\/regiaonews.net.br\/2022\/#\/schema\/person\/2d205a608a5aa97ac279d7a5e6d89ad8"},"headline":"Pol\u00edcia de SP investiga inc\u00eandio criminoso em sede de jornal em Ol\u00edmpia","datePublished":"2021-03-17T23:20:38+00:00","dateModified":"2021-03-17T23:20:55+00:00","mainEntityOfPage":{"@id":"https:\/\/regiaonews.net.br\/2022\/2021\/03\/17\/policia-de-sp-investiga-incendio-criminoso-em-sede-de-jornal-em-olimpia\/"},"wordCount":343,"commentCount":0,"publisher":{"@id":"https:\/\/regiaonews.net.br\/2022\/#organization"},"image":{"@id":"https:\/\/regiaonews.net.br\/2022\/2021\/03\/17\/policia-de-sp-investiga-incendio-criminoso-em-sede-de-jornal-em-olimpia\/#primaryimage"},"thumbnailUrl":"https:\/\/regiaonews.net.br\/2022\/wp-content\/uploads\/2020\/10\/policia-site.jpg","articleSection":["Cidades","Olimpia","Policia"],"inLanguage":"pt-BR","potentialAction":[{"@type":"CommentAction","name":"Comment","target":["https:\/\/regiaonews.net.br\/2022\/2021\/03\/17\/policia-de-sp-investiga-incendio-criminoso-em-sede-de-jornal-em-olimpia\/#respond"]}]},{"@type":"WebPage","@id":"https:\/\/regiaonews.net.br\/2022\/2021\/03\/17\/policia-de-sp-investiga-incendio-criminoso-em-sede-de-jornal-em-olimpia\/","url":"https:\/\/regiaonews.net.br\/2022\/2021\/03\/17\/policia-de-sp-investiga-incendio-criminoso-em-sede-de-jornal-em-olimpia\/","name":"Pol\u00edcia de SP investiga inc\u00eandio criminoso em sede de jornal em Ol\u00edmpia - Regi\u00e3o News","isPartOf":{"@id":"https:\/\/regiaonews.net.br\/2022\/#website"},"primaryImageOfPage":{"@id":"https:\/\/regiaonews.net.br\/2022\/2021\/03\/17\/policia-de-sp-investiga-incendio-criminoso-em-sede-de-jornal-em-olimpia\/#primaryimage"},"image":{"@id":"https:\/\/regiaonews.net.br\/2022\/2021\/03\/17\/policia-de-sp-investiga-incendio-criminoso-em-sede-de-jornal-em-olimpia\/#primaryimage"},"thumbnailUrl":"https:\/\/regiaonews.net.br\/2022\/wp-content\/uploads\/2020\/10\/policia-site.jpg","datePublished":"2021-03-17T23:20:38+00:00","dateModified":"2021-03-17T23:20:55+00:00","breadcrumb":{"@id":"https:\/\/regiaonews.net.br\/2022\/2021\/03\/17\/policia-de-sp-investiga-incendio-criminoso-em-sede-de-jornal-em-olimpia\/#breadcrumb"},"inLanguage":"pt-BR","potentialAction":[{"@type":"ReadAction","target":["https:\/\/regiaonews.net.br\/2022\/2021\/03\/17\/policia-de-sp-investiga-incendio-criminoso-em-sede-de-jornal-em-olimpia\/"]}]},{"@type":"ImageObject","inLanguage":"pt-BR","@id":"https:\/\/regiaonews.net.br\/2022\/2021\/03\/17\/policia-de-sp-investiga-incendio-criminoso-em-sede-de-jornal-em-olimpia\/#primaryimage","url":"https:\/\/regiaonews.net.br\/2022\/wp-content\/uploads\/2020\/10\/policia-site.jpg","contentUrl":"https:\/\/regiaonews.net.br\/2022\/wp-content\/uploads\/2020\/10\/policia-site.jpg","width":422,"height":250},{"@type":"BreadcrumbList","@id":"https:\/\/regiaonews.net.br\/2022\/2021\/03\/17\/policia-de-sp-investiga-incendio-criminoso-em-sede-de-jornal-em-olimpia\/#breadcrumb","itemListElement":[{"@type":"ListItem","position":1,"name":"In\u00edcio","item":"https:\/\/regiaonews.net.br\/2022\/"},{"@type":"ListItem","position":2,"name":"Pol\u00edcia de SP investiga inc\u00eandio criminoso em sede de jornal em Ol\u00edmpia"}]},{"@type":"WebSite","@id":"https:\/\/regiaonews.net.br\/2022\/#website","url":"https:\/\/regiaonews.net.br\/2022\/","name":"Regi\u00e3o News","description":"Site de Not\u00edcias de Barretos e regi\u00e3o","publisher":{"@id":"https:\/\/regiaonews.net.br\/2022\/#organization"},"potentialAction":[{"@type":"SearchAction","target":{"@type":"EntryPoint","urlTemplate":"https:\/\/regiaonews.net.br\/2022\/?s={search_term_string}"},"query-input":{"@type":"PropertyValueSpecification","valueRequired":true,"valueName":"search_term_string"}}],"inLanguage":"pt-BR"},{"@type":"Organization","@id":"https:\/\/regiaonews.net.br\/2022\/#organization","name":"Regi\u00e3o News","url":"https:\/\/regiaonews.net.br\/2022\/","logo":{"@type":"ImageObject","inLanguage":"pt-BR","@id":"https:\/\/regiaonews.net.br\/2022\/#\/schema\/logo\/image\/","url":"https:\/\/regiaonews.net.br\/2022\/wp-content\/uploads\/2026\/03\/regiao-13-anos-scaled.jpg","contentUrl":"https:\/\/regiaonews.net.br\/2022\/wp-content\/uploads\/2026\/03\/regiao-13-anos-scaled.jpg","width":2560,"height":635,"caption":"Regi\u00e3o News"},"image":{"@id":"https:\/\/regiaonews.net.br\/2022\/#\/schema\/logo\/image\/"}},{"@type":"Person","@id":"https:\/\/regiaonews.net.br\/2022\/#\/schema\/person\/2d205a608a5aa97ac279d7a5e6d89ad8","name":"Roberto","image":{"@type":"ImageObject","inLanguage":"pt-BR","@id":"https:\/\/secure.gravatar.com\/avatar\/42749d8b712ff9d59ca93dc150494e5b55a44134482993f5baeb97e61b7ecc89?s=96&d=mm&r=g","url":"https:\/\/secure.gravatar.com\/avatar\/42749d8b712ff9d59ca93dc150494e5b55a44134482993f5baeb97e61b7ecc89?s=96&d=mm&r=g","contentUrl":"https:\/\/secure.gravatar.com\/avatar\/42749d8b712ff9d59ca93dc150494e5b55a44134482993f5baeb97e61b7ecc89?s=96&d=mm&r=g","caption":"Roberto"},"url":"https:\/\/regiaonews.net.br\/2022\/author\/roberto\/"}]}},"publishpress_future_action":{"enabled":false,"date":"2026-05-03 07:41:27","action":"change-status","newStatus":"draft","terms":[],"taxonomy":"category","extraData":[]},"publishpress_future_workflow_manual_trigger":{"enabledWorkflows":[]},"_links":{"self":[{"href":"https:\/\/regiaonews.net.br\/2022\/wp-json\/wp\/v2\/posts\/44102","targetHints":{"allow":["GET"]}}],"collection":[{"href":"https:\/\/regiaonews.net.br\/2022\/wp-json\/wp\/v2\/posts"}],"about":[{"href":"https:\/\/regiaonews.net.br\/2022\/wp-json\/wp\/v2\/types\/post"}],"author":[{"embeddable":true,"href":"https:\/\/regiaonews.net.br\/2022\/wp-json\/wp\/v2\/users\/2"}],"replies":[{"embeddable":true,"href":"https:\/\/regiaonews.net.br\/2022\/wp-json\/wp\/v2\/comments?post=44102"}],"version-history":[{"count":0,"href":"https:\/\/regiaonews.net.br\/2022\/wp-json\/wp\/v2\/posts\/44102\/revisions"}],"wp:featuredmedia":[{"embeddable":true,"href":"https:\/\/regiaonews.net.br\/2022\/wp-json\/wp\/v2\/media\/38904"}],"wp:attachment":[{"href":"https:\/\/regiaonews.net.br\/2022\/wp-json\/wp\/v2\/media?parent=44102"}],"wp:term":[{"taxonomy":"category","embeddable":true,"href":"https:\/\/regiaonews.net.br\/2022\/wp-json\/wp\/v2\/categories?post=44102"},{"taxonomy":"post_tag","embeddable":true,"href":"https:\/\/regiaonews.net.br\/2022\/wp-json\/wp\/v2\/tags?post=44102"}],"curies":[{"name":"wp","href":"https:\/\/api.w.org\/{rel}","templated":true}]}}