{"id":44095,"date":"2021-03-17T17:43:28","date_gmt":"2021-03-17T20:43:28","guid":{"rendered":"https:\/\/regiaonews.net.br\/2022\/?p=44095"},"modified":"2021-03-17T17:45:40","modified_gmt":"2021-03-17T20:45:40","slug":"sp-zera-imposto-do-leite-reduz-icms-da-carne-e-prorroga-suspensao-de-corte-de-gas-e-agua","status":"publish","type":"post","link":"https:\/\/regiaonews.net.br\/2022\/2021\/03\/17\/sp-zera-imposto-do-leite-reduz-icms-da-carne-e-prorroga-suspensao-de-corte-de-gas-e-agua\/","title":{"rendered":"SP zera imposto do leite, reduz ICMS da carne e prorroga suspens\u00e3o de corte de g\u00e1s e \u00e1gua"},"content":{"rendered":"<div class=\"mc-column content-text active-extra-styles \" data-block-type=\"unstyled\" data-block-weight=\"46\" data-block-id=\"2\">\n<p data-track-category=\"Link no Texto\" data-track-links=\"\"><a href=\"https:\/\/regiaonews.net.br\/2022\/wp-content\/uploads\/2020\/11\/governador-de-sao-paulo-joao-doria-psdb-1599060541580_v2_900x506.jpg\"><img loading=\"lazy\" decoding=\"async\" class=\"alignnone size-medium wp-image-39603\" src=\"https:\/\/regiaonews.net.br\/2022\/wp-content\/uploads\/2020\/11\/governador-de-sao-paulo-joao-doria-psdb-1599060541580_v2_900x506-300x169.jpg\" alt=\"\" width=\"300\" height=\"169\" \/><\/a><\/p>\n<p class=\"content-text__container \" data-track-category=\"Link no Texto\" data-track-links=\"\">O governador de S\u00e3o Paulo,\u00a0<a href=\"https:\/\/g1.globo.com\/politica\/politico\/joao-doria\/\">Jo\u00e3o Doria (PSDB)<\/a>, disse nesta quarta-feira (17) que vai zerar o imposto para o leite e reduzir o ICMS (Imposto sobre Circula\u00e7\u00e3o de Mercadorias e Servi\u00e7os) da carne a partir do dia 1\u00b0 abril. A altera\u00e7\u00e3o ser\u00e1 em car\u00e1ter permanente.<\/p>\n<\/div>\n<div class=\"wall protected-content\">\n<div class=\"mc-column content-text active-extra-styles \" data-block-type=\"unstyled\" data-block-weight=\"37\" data-block-id=\"3\">\n<p class=\"content-text__container \" data-track-category=\"Link no Texto\" data-track-links=\"\">Tamb\u00e9m foi anunciada a prorroga\u00e7\u00e3o por mais 30 dias da suspens\u00e3o de corte de g\u00e1s e \u00e1gua no estado. A medida venceria no dia 30 de mar\u00e7o, mas foi estendida at\u00e9 o final do pr\u00f3ximo m\u00eas.<\/p>\n<\/div>\n<div class=\"mc-column content-text active-extra-styles \" data-block-type=\"unstyled\" data-block-weight=\"23\" data-block-id=\"4\">\n<p class=\"content-text__container \" data-track-category=\"Link no Texto\" data-track-links=\"\">O benef\u00edcio vale para estabelecimentos com consumo de at\u00e9 100 m\u00b3 mensais de \u00e1gua e de at\u00e9 150 m\u00b3 por m\u00eas de g\u00e1s.<\/p>\n<\/div>\n<div class=\"mc-column content-text active-extra-styles \" data-block-type=\"unstyled\" data-block-weight=\"11\" data-block-id=\"5\">\n<p class=\"content-text__container \" data-track-category=\"Link no Texto\" data-track-links=\"\">As medidas ser\u00e3o publicadas no Di\u00e1rio Oficial nesta quinta (18).<\/p>\n<\/div>\n<div class=\"mc-column content-text active-extra-styles\" data-block-type=\"raw\" data-block-weight=\"5\" data-block-id=\"6\">\n<div class=\"content-intertitle\">\n<h2>Principais medidas de suporte econ\u00f4mico<\/h2>\n<\/div>\n<p>&nbsp;<\/p>\n<\/div>\n<div class=\"mc-column content-text active-extra-styles\" data-block-type=\"raw\" data-block-weight=\"90\" data-block-id=\"7\">\n<ul class=\"content-unordered-list\">\n<li>Isen\u00e7\u00e3o de ICMS para leite pasteurizado em todo o estado<\/li>\n<li>Redu\u00e7\u00e3o no ICMS de carne bovina, su\u00edna e frango para pequenas empresas (como a\u00e7ougues de bairro)<\/li>\n<li>Amplia\u00e7\u00e3o da suspens\u00e3o do corte de \u00e1gua e g\u00e1s encanado por mais 30 dias (at\u00e9 30 de abril)<\/li>\n<li>Nova linha de cr\u00e9dito com R$ 50 milh\u00f5es para bares e restaurantes via banco DesenvolveSP<\/li>\n<li>Nova linha de cr\u00e9dito com R$ 50 milh\u00f5es para com\u00e9rcio, sal\u00f5es de beleza, empresas de eventos via Banco do Povo<\/li>\n<li>Adiamento de at\u00e9 3 presta\u00e7\u00f5es para empr\u00e9stimos feitos pelo banco DesenvolveSP<\/li>\n<\/ul>\n<\/div>\n<\/div>\n","protected":false},"excerpt":{"rendered":"<p>O governador de S\u00e3o Paulo,\u00a0Jo\u00e3o Doria (PSDB), disse nesta quarta-feira<\/p>\n","protected":false},"author":2,"featured_media":39603,"comment_status":"open","ping_status":"open","sticky":false,"template":"","format":"standard","meta":{"footnotes":""},"categories":[25,7],"tags":[],"class_list":["post-44095","post","type-post","status-publish","format-standard","has-post-thumbnail","hentry","category-cidades","category-estado-de-sao-paulo"],"yoast_head":"<!-- This site is optimized with the Yoast SEO plugin v27.4 - https:\/\/yoast.com\/product\/yoast-seo-wordpress\/ -->\n<title>SP zera imposto do leite, reduz ICMS da carne e prorroga suspens\u00e3o de corte de g\u00e1s e \u00e1gua - Regi\u00e3o News<\/title>\n<meta name=\"robots\" content=\"index, follow, max-snippet:-1, max-image-preview:large, max-video-preview:-1\" \/>\n<link rel=\"canonical\" href=\"https:\/\/regiaonews.net.br\/2022\/2021\/03\/17\/sp-zera-imposto-do-leite-reduz-icms-da-carne-e-prorroga-suspensao-de-corte-de-gas-e-agua\/\" \/>\n<meta property=\"og:locale\" content=\"pt_BR\" \/>\n<meta property=\"og:type\" content=\"article\" \/>\n<meta property=\"og:title\" content=\"SP zera imposto do leite, reduz ICMS da carne e prorroga suspens\u00e3o de corte de g\u00e1s e \u00e1gua - Regi\u00e3o News\" \/>\n<meta property=\"og:description\" content=\"O governador de S\u00e3o Paulo,\u00a0Jo\u00e3o Doria (PSDB), disse nesta quarta-feira\" \/>\n<meta property=\"og:url\" content=\"https:\/\/regiaonews.net.br\/2022\/2021\/03\/17\/sp-zera-imposto-do-leite-reduz-icms-da-carne-e-prorroga-suspensao-de-corte-de-gas-e-agua\/\" \/>\n<meta property=\"og:site_name\" content=\"Regi\u00e3o News\" \/>\n<meta property=\"article:published_time\" content=\"2021-03-17T20:43:28+00:00\" \/>\n<meta property=\"article:modified_time\" content=\"2021-03-17T20:45:40+00:00\" \/>\n<meta property=\"og:image\" content=\"https:\/\/regiaonews.net.br\/2022\/wp-content\/uploads\/2020\/11\/governador-de-sao-paulo-joao-doria-psdb-1599060541580_v2_900x506.jpg\" \/>\n\t<meta property=\"og:image:width\" content=\"900\" \/>\n\t<meta property=\"og:image:height\" content=\"506\" \/>\n\t<meta property=\"og:image:type\" content=\"image\/jpeg\" \/>\n<meta name=\"author\" content=\"Roberto\" \/>\n<meta name=\"twitter:card\" content=\"summary_large_image\" \/>\n<meta name=\"twitter:label1\" content=\"Escrito por\" \/>\n\t<meta name=\"twitter:data1\" content=\"Roberto\" \/>\n\t<meta name=\"twitter:label2\" content=\"Est. tempo de leitura\" \/>\n\t<meta name=\"twitter:data2\" content=\"1 minuto\" \/>\n<script type=\"application\/ld+json\" class=\"yoast-schema-graph\">{\"@context\":\"https:\\\/\\\/schema.org\",\"@graph\":[{\"@type\":\"Article\",\"@id\":\"https:\\\/\\\/regiaonews.net.br\\\/2022\\\/2021\\\/03\\\/17\\\/sp-zera-imposto-do-leite-reduz-icms-da-carne-e-prorroga-suspensao-de-corte-de-gas-e-agua\\\/#article\",\"isPartOf\":{\"@id\":\"https:\\\/\\\/regiaonews.net.br\\\/2022\\\/2021\\\/03\\\/17\\\/sp-zera-imposto-do-leite-reduz-icms-da-carne-e-prorroga-suspensao-de-corte-de-gas-e-agua\\\/\"},\"author\":{\"name\":\"Roberto\",\"@id\":\"https:\\\/\\\/regiaonews.net.br\\\/2022\\\/#\\\/schema\\\/person\\\/2d205a608a5aa97ac279d7a5e6d89ad8\"},\"headline\":\"SP zera imposto do leite, reduz ICMS da carne e prorroga suspens\u00e3o de corte de g\u00e1s e \u00e1gua\",\"datePublished\":\"2021-03-17T20:43:28+00:00\",\"dateModified\":\"2021-03-17T20:45:40+00:00\",\"mainEntityOfPage\":{\"@id\":\"https:\\\/\\\/regiaonews.net.br\\\/2022\\\/2021\\\/03\\\/17\\\/sp-zera-imposto-do-leite-reduz-icms-da-carne-e-prorroga-suspensao-de-corte-de-gas-e-agua\\\/\"},\"wordCount\":252,\"commentCount\":0,\"publisher\":{\"@id\":\"https:\\\/\\\/regiaonews.net.br\\\/2022\\\/#organization\"},\"image\":{\"@id\":\"https:\\\/\\\/regiaonews.net.br\\\/2022\\\/2021\\\/03\\\/17\\\/sp-zera-imposto-do-leite-reduz-icms-da-carne-e-prorroga-suspensao-de-corte-de-gas-e-agua\\\/#primaryimage\"},\"thumbnailUrl\":\"https:\\\/\\\/regiaonews.net.br\\\/2022\\\/wp-content\\\/uploads\\\/2020\\\/11\\\/governador-de-sao-paulo-joao-doria-psdb-1599060541580_v2_900x506.jpg\",\"articleSection\":[\"Cidades\",\"Estado de S\u00e3o Paulo\"],\"inLanguage\":\"pt-BR\",\"potentialAction\":[{\"@type\":\"CommentAction\",\"name\":\"Comment\",\"target\":[\"https:\\\/\\\/regiaonews.net.br\\\/2022\\\/2021\\\/03\\\/17\\\/sp-zera-imposto-do-leite-reduz-icms-da-carne-e-prorroga-suspensao-de-corte-de-gas-e-agua\\\/#respond\"]}]},{\"@type\":\"WebPage\",\"@id\":\"https:\\\/\\\/regiaonews.net.br\\\/2022\\\/2021\\\/03\\\/17\\\/sp-zera-imposto-do-leite-reduz-icms-da-carne-e-prorroga-suspensao-de-corte-de-gas-e-agua\\\/\",\"url\":\"https:\\\/\\\/regiaonews.net.br\\\/2022\\\/2021\\\/03\\\/17\\\/sp-zera-imposto-do-leite-reduz-icms-da-carne-e-prorroga-suspensao-de-corte-de-gas-e-agua\\\/\",\"name\":\"SP zera imposto do leite, reduz ICMS da carne e prorroga suspens\u00e3o de corte de g\u00e1s e \u00e1gua - Regi\u00e3o News\",\"isPartOf\":{\"@id\":\"https:\\\/\\\/regiaonews.net.br\\\/2022\\\/#website\"},\"primaryImageOfPage\":{\"@id\":\"https:\\\/\\\/regiaonews.net.br\\\/2022\\\/2021\\\/03\\\/17\\\/sp-zera-imposto-do-leite-reduz-icms-da-carne-e-prorroga-suspensao-de-corte-de-gas-e-agua\\\/#primaryimage\"},\"image\":{\"@id\":\"https:\\\/\\\/regiaonews.net.br\\\/2022\\\/2021\\\/03\\\/17\\\/sp-zera-imposto-do-leite-reduz-icms-da-carne-e-prorroga-suspensao-de-corte-de-gas-e-agua\\\/#primaryimage\"},\"thumbnailUrl\":\"https:\\\/\\\/regiaonews.net.br\\\/2022\\\/wp-content\\\/uploads\\\/2020\\\/11\\\/governador-de-sao-paulo-joao-doria-psdb-1599060541580_v2_900x506.jpg\",\"datePublished\":\"2021-03-17T20:43:28+00:00\",\"dateModified\":\"2021-03-17T20:45:40+00:00\",\"breadcrumb\":{\"@id\":\"https:\\\/\\\/regiaonews.net.br\\\/2022\\\/2021\\\/03\\\/17\\\/sp-zera-imposto-do-leite-reduz-icms-da-carne-e-prorroga-suspensao-de-corte-de-gas-e-agua\\\/#breadcrumb\"},\"inLanguage\":\"pt-BR\",\"potentialAction\":[{\"@type\":\"ReadAction\",\"target\":[\"https:\\\/\\\/regiaonews.net.br\\\/2022\\\/2021\\\/03\\\/17\\\/sp-zera-imposto-do-leite-reduz-icms-da-carne-e-prorroga-suspensao-de-corte-de-gas-e-agua\\\/\"]}]},{\"@type\":\"ImageObject\",\"inLanguage\":\"pt-BR\",\"@id\":\"https:\\\/\\\/regiaonews.net.br\\\/2022\\\/2021\\\/03\\\/17\\\/sp-zera-imposto-do-leite-reduz-icms-da-carne-e-prorroga-suspensao-de-corte-de-gas-e-agua\\\/#primaryimage\",\"url\":\"https:\\\/\\\/regiaonews.net.br\\\/2022\\\/wp-content\\\/uploads\\\/2020\\\/11\\\/governador-de-sao-paulo-joao-doria-psdb-1599060541580_v2_900x506.jpg\",\"contentUrl\":\"https:\\\/\\\/regiaonews.net.br\\\/2022\\\/wp-content\\\/uploads\\\/2020\\\/11\\\/governador-de-sao-paulo-joao-doria-psdb-1599060541580_v2_900x506.jpg\",\"width\":900,\"height\":506},{\"@type\":\"BreadcrumbList\",\"@id\":\"https:\\\/\\\/regiaonews.net.br\\\/2022\\\/2021\\\/03\\\/17\\\/sp-zera-imposto-do-leite-reduz-icms-da-carne-e-prorroga-suspensao-de-corte-de-gas-e-agua\\\/#breadcrumb\",\"itemListElement\":[{\"@type\":\"ListItem\",\"position\":1,\"name\":\"In\u00edcio\",\"item\":\"https:\\\/\\\/regiaonews.net.br\\\/2022\\\/\"},{\"@type\":\"ListItem\",\"position\":2,\"name\":\"SP zera imposto do leite, reduz ICMS da carne e prorroga suspens\u00e3o de corte de g\u00e1s e \u00e1gua\"}]},{\"@type\":\"WebSite\",\"@id\":\"https:\\\/\\\/regiaonews.net.br\\\/2022\\\/#website\",\"url\":\"https:\\\/\\\/regiaonews.net.br\\\/2022\\\/\",\"name\":\"Regi\u00e3o News\",\"description\":\"Site de Not\u00edcias de Barretos e regi\u00e3o\",\"publisher\":{\"@id\":\"https:\\\/\\\/regiaonews.net.br\\\/2022\\\/#organization\"},\"potentialAction\":[{\"@type\":\"SearchAction\",\"target\":{\"@type\":\"EntryPoint\",\"urlTemplate\":\"https:\\\/\\\/regiaonews.net.br\\\/2022\\\/?s={search_term_string}\"},\"query-input\":{\"@type\":\"PropertyValueSpecification\",\"valueRequired\":true,\"valueName\":\"search_term_string\"}}],\"inLanguage\":\"pt-BR\"},{\"@type\":\"Organization\",\"@id\":\"https:\\\/\\\/regiaonews.net.br\\\/2022\\\/#organization\",\"name\":\"Regi\u00e3o News\",\"url\":\"https:\\\/\\\/regiaonews.net.br\\\/2022\\\/\",\"logo\":{\"@type\":\"ImageObject\",\"inLanguage\":\"pt-BR\",\"@id\":\"https:\\\/\\\/regiaonews.net.br\\\/2022\\\/#\\\/schema\\\/logo\\\/image\\\/\",\"url\":\"https:\\\/\\\/regiaonews.net.br\\\/2022\\\/wp-content\\\/uploads\\\/2026\\\/03\\\/regiao-13-anos-scaled.jpg\",\"contentUrl\":\"https:\\\/\\\/regiaonews.net.br\\\/2022\\\/wp-content\\\/uploads\\\/2026\\\/03\\\/regiao-13-anos-scaled.jpg\",\"width\":2560,\"height\":635,\"caption\":\"Regi\u00e3o News\"},\"image\":{\"@id\":\"https:\\\/\\\/regiaonews.net.br\\\/2022\\\/#\\\/schema\\\/logo\\\/image\\\/\"}},{\"@type\":\"Person\",\"@id\":\"https:\\\/\\\/regiaonews.net.br\\\/2022\\\/#\\\/schema\\\/person\\\/2d205a608a5aa97ac279d7a5e6d89ad8\",\"name\":\"Roberto\",\"image\":{\"@type\":\"ImageObject\",\"inLanguage\":\"pt-BR\",\"@id\":\"https:\\\/\\\/secure.gravatar.com\\\/avatar\\\/42749d8b712ff9d59ca93dc150494e5b55a44134482993f5baeb97e61b7ecc89?s=96&d=mm&r=g\",\"url\":\"https:\\\/\\\/secure.gravatar.com\\\/avatar\\\/42749d8b712ff9d59ca93dc150494e5b55a44134482993f5baeb97e61b7ecc89?s=96&d=mm&r=g\",\"contentUrl\":\"https:\\\/\\\/secure.gravatar.com\\\/avatar\\\/42749d8b712ff9d59ca93dc150494e5b55a44134482993f5baeb97e61b7ecc89?s=96&d=mm&r=g\",\"caption\":\"Roberto\"},\"url\":\"https:\\\/\\\/regiaonews.net.br\\\/2022\\\/author\\\/roberto\\\/\"}]}<\/script>\n<!-- \/ Yoast SEO plugin. -->","yoast_head_json":{"title":"SP zera imposto do leite, reduz ICMS da carne e prorroga suspens\u00e3o de corte de g\u00e1s e \u00e1gua - Regi\u00e3o News","robots":{"index":"index","follow":"follow","max-snippet":"max-snippet:-1","max-image-preview":"max-image-preview:large","max-video-preview":"max-video-preview:-1"},"canonical":"https:\/\/regiaonews.net.br\/2022\/2021\/03\/17\/sp-zera-imposto-do-leite-reduz-icms-da-carne-e-prorroga-suspensao-de-corte-de-gas-e-agua\/","og_locale":"pt_BR","og_type":"article","og_title":"SP zera imposto do leite, reduz ICMS da carne e prorroga suspens\u00e3o de corte de g\u00e1s e \u00e1gua - Regi\u00e3o News","og_description":"O governador de S\u00e3o Paulo,\u00a0Jo\u00e3o Doria (PSDB), disse nesta quarta-feira","og_url":"https:\/\/regiaonews.net.br\/2022\/2021\/03\/17\/sp-zera-imposto-do-leite-reduz-icms-da-carne-e-prorroga-suspensao-de-corte-de-gas-e-agua\/","og_site_name":"Regi\u00e3o News","article_published_time":"2021-03-17T20:43:28+00:00","article_modified_time":"2021-03-17T20:45:40+00:00","og_image":[{"width":900,"height":506,"url":"https:\/\/regiaonews.net.br\/2022\/wp-content\/uploads\/2020\/11\/governador-de-sao-paulo-joao-doria-psdb-1599060541580_v2_900x506.jpg","type":"image\/jpeg"}],"author":"Roberto","twitter_card":"summary_large_image","twitter_misc":{"Escrito por":"Roberto","Est. tempo de leitura":"1 minuto"},"schema":{"@context":"https:\/\/schema.org","@graph":[{"@type":"Article","@id":"https:\/\/regiaonews.net.br\/2022\/2021\/03\/17\/sp-zera-imposto-do-leite-reduz-icms-da-carne-e-prorroga-suspensao-de-corte-de-gas-e-agua\/#article","isPartOf":{"@id":"https:\/\/regiaonews.net.br\/2022\/2021\/03\/17\/sp-zera-imposto-do-leite-reduz-icms-da-carne-e-prorroga-suspensao-de-corte-de-gas-e-agua\/"},"author":{"name":"Roberto","@id":"https:\/\/regiaonews.net.br\/2022\/#\/schema\/person\/2d205a608a5aa97ac279d7a5e6d89ad8"},"headline":"SP zera imposto do leite, reduz ICMS da carne e prorroga suspens\u00e3o de corte de g\u00e1s e \u00e1gua","datePublished":"2021-03-17T20:43:28+00:00","dateModified":"2021-03-17T20:45:40+00:00","mainEntityOfPage":{"@id":"https:\/\/regiaonews.net.br\/2022\/2021\/03\/17\/sp-zera-imposto-do-leite-reduz-icms-da-carne-e-prorroga-suspensao-de-corte-de-gas-e-agua\/"},"wordCount":252,"commentCount":0,"publisher":{"@id":"https:\/\/regiaonews.net.br\/2022\/#organization"},"image":{"@id":"https:\/\/regiaonews.net.br\/2022\/2021\/03\/17\/sp-zera-imposto-do-leite-reduz-icms-da-carne-e-prorroga-suspensao-de-corte-de-gas-e-agua\/#primaryimage"},"thumbnailUrl":"https:\/\/regiaonews.net.br\/2022\/wp-content\/uploads\/2020\/11\/governador-de-sao-paulo-joao-doria-psdb-1599060541580_v2_900x506.jpg","articleSection":["Cidades","Estado de S\u00e3o Paulo"],"inLanguage":"pt-BR","potentialAction":[{"@type":"CommentAction","name":"Comment","target":["https:\/\/regiaonews.net.br\/2022\/2021\/03\/17\/sp-zera-imposto-do-leite-reduz-icms-da-carne-e-prorroga-suspensao-de-corte-de-gas-e-agua\/#respond"]}]},{"@type":"WebPage","@id":"https:\/\/regiaonews.net.br\/2022\/2021\/03\/17\/sp-zera-imposto-do-leite-reduz-icms-da-carne-e-prorroga-suspensao-de-corte-de-gas-e-agua\/","url":"https:\/\/regiaonews.net.br\/2022\/2021\/03\/17\/sp-zera-imposto-do-leite-reduz-icms-da-carne-e-prorroga-suspensao-de-corte-de-gas-e-agua\/","name":"SP zera imposto do leite, reduz ICMS da carne e prorroga suspens\u00e3o de corte de g\u00e1s e \u00e1gua - Regi\u00e3o News","isPartOf":{"@id":"https:\/\/regiaonews.net.br\/2022\/#website"},"primaryImageOfPage":{"@id":"https:\/\/regiaonews.net.br\/2022\/2021\/03\/17\/sp-zera-imposto-do-leite-reduz-icms-da-carne-e-prorroga-suspensao-de-corte-de-gas-e-agua\/#primaryimage"},"image":{"@id":"https:\/\/regiaonews.net.br\/2022\/2021\/03\/17\/sp-zera-imposto-do-leite-reduz-icms-da-carne-e-prorroga-suspensao-de-corte-de-gas-e-agua\/#primaryimage"},"thumbnailUrl":"https:\/\/regiaonews.net.br\/2022\/wp-content\/uploads\/2020\/11\/governador-de-sao-paulo-joao-doria-psdb-1599060541580_v2_900x506.jpg","datePublished":"2021-03-17T20:43:28+00:00","dateModified":"2021-03-17T20:45:40+00:00","breadcrumb":{"@id":"https:\/\/regiaonews.net.br\/2022\/2021\/03\/17\/sp-zera-imposto-do-leite-reduz-icms-da-carne-e-prorroga-suspensao-de-corte-de-gas-e-agua\/#breadcrumb"},"inLanguage":"pt-BR","potentialAction":[{"@type":"ReadAction","target":["https:\/\/regiaonews.net.br\/2022\/2021\/03\/17\/sp-zera-imposto-do-leite-reduz-icms-da-carne-e-prorroga-suspensao-de-corte-de-gas-e-agua\/"]}]},{"@type":"ImageObject","inLanguage":"pt-BR","@id":"https:\/\/regiaonews.net.br\/2022\/2021\/03\/17\/sp-zera-imposto-do-leite-reduz-icms-da-carne-e-prorroga-suspensao-de-corte-de-gas-e-agua\/#primaryimage","url":"https:\/\/regiaonews.net.br\/2022\/wp-content\/uploads\/2020\/11\/governador-de-sao-paulo-joao-doria-psdb-1599060541580_v2_900x506.jpg","contentUrl":"https:\/\/regiaonews.net.br\/2022\/wp-content\/uploads\/2020\/11\/governador-de-sao-paulo-joao-doria-psdb-1599060541580_v2_900x506.jpg","width":900,"height":506},{"@type":"BreadcrumbList","@id":"https:\/\/regiaonews.net.br\/2022\/2021\/03\/17\/sp-zera-imposto-do-leite-reduz-icms-da-carne-e-prorroga-suspensao-de-corte-de-gas-e-agua\/#breadcrumb","itemListElement":[{"@type":"ListItem","position":1,"name":"In\u00edcio","item":"https:\/\/regiaonews.net.br\/2022\/"},{"@type":"ListItem","position":2,"name":"SP zera imposto do leite, reduz ICMS da carne e prorroga suspens\u00e3o de corte de g\u00e1s e \u00e1gua"}]},{"@type":"WebSite","@id":"https:\/\/regiaonews.net.br\/2022\/#website","url":"https:\/\/regiaonews.net.br\/2022\/","name":"Regi\u00e3o News","description":"Site de Not\u00edcias de Barretos e regi\u00e3o","publisher":{"@id":"https:\/\/regiaonews.net.br\/2022\/#organization"},"potentialAction":[{"@type":"SearchAction","target":{"@type":"EntryPoint","urlTemplate":"https:\/\/regiaonews.net.br\/2022\/?s={search_term_string}"},"query-input":{"@type":"PropertyValueSpecification","valueRequired":true,"valueName":"search_term_string"}}],"inLanguage":"pt-BR"},{"@type":"Organization","@id":"https:\/\/regiaonews.net.br\/2022\/#organization","name":"Regi\u00e3o News","url":"https:\/\/regiaonews.net.br\/2022\/","logo":{"@type":"ImageObject","inLanguage":"pt-BR","@id":"https:\/\/regiaonews.net.br\/2022\/#\/schema\/logo\/image\/","url":"https:\/\/regiaonews.net.br\/2022\/wp-content\/uploads\/2026\/03\/regiao-13-anos-scaled.jpg","contentUrl":"https:\/\/regiaonews.net.br\/2022\/wp-content\/uploads\/2026\/03\/regiao-13-anos-scaled.jpg","width":2560,"height":635,"caption":"Regi\u00e3o News"},"image":{"@id":"https:\/\/regiaonews.net.br\/2022\/#\/schema\/logo\/image\/"}},{"@type":"Person","@id":"https:\/\/regiaonews.net.br\/2022\/#\/schema\/person\/2d205a608a5aa97ac279d7a5e6d89ad8","name":"Roberto","image":{"@type":"ImageObject","inLanguage":"pt-BR","@id":"https:\/\/secure.gravatar.com\/avatar\/42749d8b712ff9d59ca93dc150494e5b55a44134482993f5baeb97e61b7ecc89?s=96&d=mm&r=g","url":"https:\/\/secure.gravatar.com\/avatar\/42749d8b712ff9d59ca93dc150494e5b55a44134482993f5baeb97e61b7ecc89?s=96&d=mm&r=g","contentUrl":"https:\/\/secure.gravatar.com\/avatar\/42749d8b712ff9d59ca93dc150494e5b55a44134482993f5baeb97e61b7ecc89?s=96&d=mm&r=g","caption":"Roberto"},"url":"https:\/\/regiaonews.net.br\/2022\/author\/roberto\/"}]}},"publishpress_future_action":{"enabled":false,"date":"2026-05-03 05:35:52","action":"change-status","newStatus":"draft","terms":[],"taxonomy":"category","extraData":[]},"publishpress_future_workflow_manual_trigger":{"enabledWorkflows":[]},"_links":{"self":[{"href":"https:\/\/regiaonews.net.br\/2022\/wp-json\/wp\/v2\/posts\/44095","targetHints":{"allow":["GET"]}}],"collection":[{"href":"https:\/\/regiaonews.net.br\/2022\/wp-json\/wp\/v2\/posts"}],"about":[{"href":"https:\/\/regiaonews.net.br\/2022\/wp-json\/wp\/v2\/types\/post"}],"author":[{"embeddable":true,"href":"https:\/\/regiaonews.net.br\/2022\/wp-json\/wp\/v2\/users\/2"}],"replies":[{"embeddable":true,"href":"https:\/\/regiaonews.net.br\/2022\/wp-json\/wp\/v2\/comments?post=44095"}],"version-history":[{"count":0,"href":"https:\/\/regiaonews.net.br\/2022\/wp-json\/wp\/v2\/posts\/44095\/revisions"}],"wp:featuredmedia":[{"embeddable":true,"href":"https:\/\/regiaonews.net.br\/2022\/wp-json\/wp\/v2\/media\/39603"}],"wp:attachment":[{"href":"https:\/\/regiaonews.net.br\/2022\/wp-json\/wp\/v2\/media?parent=44095"}],"wp:term":[{"taxonomy":"category","embeddable":true,"href":"https:\/\/regiaonews.net.br\/2022\/wp-json\/wp\/v2\/categories?post=44095"},{"taxonomy":"post_tag","embeddable":true,"href":"https:\/\/regiaonews.net.br\/2022\/wp-json\/wp\/v2\/tags?post=44095"}],"curies":[{"name":"wp","href":"https:\/\/api.w.org\/{rel}","templated":true}]}}