{"id":44039,"date":"2021-03-16T10:49:35","date_gmt":"2021-03-16T13:49:35","guid":{"rendered":"https:\/\/regiaonews.net.br\/2022\/?p=44039"},"modified":"2021-03-16T10:49:35","modified_gmt":"2021-03-16T13:49:35","slug":"prefeita-paula-lemos-anuncia-medidas-restritivas-para-covid-19","status":"publish","type":"post","link":"https:\/\/regiaonews.net.br\/2022\/2021\/03\/16\/prefeita-paula-lemos-anuncia-medidas-restritivas-para-covid-19\/","title":{"rendered":"Prefeita Paula Lemos anuncia medidas restritivas para Covid-19"},"content":{"rendered":"<p><a href=\"https:\/\/regiaonews.net.br\/2022\/wp-content\/uploads\/2021\/03\/paula-e-secretario.jpg\"><img loading=\"lazy\" decoding=\"async\" class=\"alignnone size-medium wp-image-44040\" src=\"https:\/\/regiaonews.net.br\/2022\/wp-content\/uploads\/2021\/03\/paula-e-secretario-300x200.jpg\" alt=\"\" width=\"300\" height=\"200\" \/><\/a><\/p>\n<p>Em live realizada na tarde de 15\/mar\u00e7o, a Prefeita Paula Lemos informou sobre decreto com mais restri\u00e7\u00f5es para a cidade de Barretos, em a\u00e7\u00e3o de enfrentamento do Covid-19.<br \/>\n\u201cMe solidarizo com cada fam\u00edlia e com cada pessoa que perdeu um conhecido em raz\u00e3o do Covid-19. Hoje estamos vivendo o pior momento deste v\u00edrus\u201d, abriu o encontro pelas redes sociais.<br \/>\nAp\u00f3s reuni\u00e3o com o representante do Minist\u00e9rio P\u00fablico, a Prefeita, juntamente dos secret\u00e1rios de Sa\u00fade, Kleber Rosa e de Finan\u00e7as, Fernando Oliveira Soares, optaram por esclarecer \u00e0 popula\u00e7\u00e3o o motivo pela ado\u00e7\u00e3o de medidas mais severas, citando o \u00edndice alarmante de interna\u00e7\u00f5es que tem se mantido constante acima 98% e a insist\u00eancia de algumas pessoas em descumprirem as regras de isolamento e as leis do Decreto Municipal.<br \/>\n\u201cPedimos a compreens\u00e3o de todos neste momento. N\u00e3o criamos o v\u00edrus, mas temos o compromisso de zelar pelas vidas de todos os barretenses e seguir lutando por melhorias de suporte e recursos para auxiliar cada vez mais durante esse momento de pandemia\u201d, salientou Paula.<br \/>\nA Prefeita de Barretos informou, ainda, que n\u00e3o tem medido esfor\u00e7os para dar manuten\u00e7\u00e3o \u00e0s a\u00e7\u00f5es de combate e tem conquistado, mesmo com muitas dificuldades financeiras em raz\u00e3o das d\u00edvidas deixadas pela gest\u00e3o passada e sem recursos, avan\u00e7os no aumento do n\u00famero de leitos, a\u00e7\u00f5es eficientes de vacina\u00e7\u00e3o e de di\u00e1logo com todas as esferas de governo. \u201cEstamos perdendo vidas, n\u00e3o quero nenhum barretense sem leito. \u00c9 um momento delicado, pe\u00e7o solidariedade e respeito\u201d, enfatizou Paula Lemos.<br \/>\nAt\u00e9 o final do dia, o decreto ser\u00e1 publicado pela imprensa oficial e entra em vigor a partir de ter\u00e7a-feira, 16 de mar\u00e7o de 2021.<\/p>\n","protected":false},"excerpt":{"rendered":"<p>Em live realizada na tarde de 15\/mar\u00e7o, a Prefeita Paula<\/p>\n","protected":false},"author":2,"featured_media":44040,"comment_status":"open","ping_status":"open","sticky":false,"template":"","format":"standard","meta":{"footnotes":""},"categories":[14,25],"tags":[],"class_list":["post-44039","post","type-post","status-publish","format-standard","has-post-thumbnail","hentry","category-barretos","category-cidades"],"yoast_head":"<!-- This site is optimized with the Yoast SEO plugin v27.4 - https:\/\/yoast.com\/product\/yoast-seo-wordpress\/ -->\n<title>Prefeita Paula Lemos anuncia medidas restritivas para Covid-19 - Regi\u00e3o News<\/title>\n<meta name=\"robots\" content=\"index, follow, max-snippet:-1, max-image-preview:large, max-video-preview:-1\" \/>\n<link rel=\"canonical\" href=\"https:\/\/regiaonews.net.br\/2022\/2021\/03\/16\/prefeita-paula-lemos-anuncia-medidas-restritivas-para-covid-19\/\" \/>\n<meta property=\"og:locale\" content=\"pt_BR\" \/>\n<meta property=\"og:type\" content=\"article\" \/>\n<meta property=\"og:title\" content=\"Prefeita Paula Lemos anuncia medidas restritivas para Covid-19 - Regi\u00e3o News\" \/>\n<meta property=\"og:description\" content=\"Em live realizada na tarde de 15\/mar\u00e7o, a Prefeita Paula\" \/>\n<meta property=\"og:url\" content=\"https:\/\/regiaonews.net.br\/2022\/2021\/03\/16\/prefeita-paula-lemos-anuncia-medidas-restritivas-para-covid-19\/\" \/>\n<meta property=\"og:site_name\" content=\"Regi\u00e3o News\" \/>\n<meta property=\"article:published_time\" content=\"2021-03-16T13:49:35+00:00\" \/>\n<meta property=\"og:image\" content=\"https:\/\/regiaonews.net.br\/2022\/wp-content\/uploads\/2021\/03\/paula-e-secretario.jpg\" \/>\n\t<meta property=\"og:image:width\" content=\"2000\" \/>\n\t<meta property=\"og:image:height\" content=\"1333\" \/>\n\t<meta property=\"og:image:type\" content=\"image\/jpeg\" \/>\n<meta name=\"author\" content=\"Roberto\" \/>\n<meta name=\"twitter:card\" content=\"summary_large_image\" \/>\n<meta name=\"twitter:label1\" content=\"Escrito por\" \/>\n\t<meta name=\"twitter:data1\" content=\"Roberto\" \/>\n\t<meta name=\"twitter:label2\" content=\"Est. tempo de leitura\" \/>\n\t<meta name=\"twitter:data2\" content=\"2 minutos\" \/>\n<script type=\"application\/ld+json\" class=\"yoast-schema-graph\">{\"@context\":\"https:\\\/\\\/schema.org\",\"@graph\":[{\"@type\":\"Article\",\"@id\":\"https:\\\/\\\/regiaonews.net.br\\\/2022\\\/2021\\\/03\\\/16\\\/prefeita-paula-lemos-anuncia-medidas-restritivas-para-covid-19\\\/#article\",\"isPartOf\":{\"@id\":\"https:\\\/\\\/regiaonews.net.br\\\/2022\\\/2021\\\/03\\\/16\\\/prefeita-paula-lemos-anuncia-medidas-restritivas-para-covid-19\\\/\"},\"author\":{\"name\":\"Roberto\",\"@id\":\"https:\\\/\\\/regiaonews.net.br\\\/2022\\\/#\\\/schema\\\/person\\\/2d205a608a5aa97ac279d7a5e6d89ad8\"},\"headline\":\"Prefeita Paula Lemos anuncia medidas restritivas para Covid-19\",\"datePublished\":\"2021-03-16T13:49:35+00:00\",\"mainEntityOfPage\":{\"@id\":\"https:\\\/\\\/regiaonews.net.br\\\/2022\\\/2021\\\/03\\\/16\\\/prefeita-paula-lemos-anuncia-medidas-restritivas-para-covid-19\\\/\"},\"wordCount\":311,\"commentCount\":0,\"publisher\":{\"@id\":\"https:\\\/\\\/regiaonews.net.br\\\/2022\\\/#organization\"},\"image\":{\"@id\":\"https:\\\/\\\/regiaonews.net.br\\\/2022\\\/2021\\\/03\\\/16\\\/prefeita-paula-lemos-anuncia-medidas-restritivas-para-covid-19\\\/#primaryimage\"},\"thumbnailUrl\":\"https:\\\/\\\/regiaonews.net.br\\\/2022\\\/wp-content\\\/uploads\\\/2021\\\/03\\\/paula-e-secretario.jpg\",\"articleSection\":[\"Barretos\",\"Cidades\"],\"inLanguage\":\"pt-BR\",\"potentialAction\":[{\"@type\":\"CommentAction\",\"name\":\"Comment\",\"target\":[\"https:\\\/\\\/regiaonews.net.br\\\/2022\\\/2021\\\/03\\\/16\\\/prefeita-paula-lemos-anuncia-medidas-restritivas-para-covid-19\\\/#respond\"]}]},{\"@type\":\"WebPage\",\"@id\":\"https:\\\/\\\/regiaonews.net.br\\\/2022\\\/2021\\\/03\\\/16\\\/prefeita-paula-lemos-anuncia-medidas-restritivas-para-covid-19\\\/\",\"url\":\"https:\\\/\\\/regiaonews.net.br\\\/2022\\\/2021\\\/03\\\/16\\\/prefeita-paula-lemos-anuncia-medidas-restritivas-para-covid-19\\\/\",\"name\":\"Prefeita Paula Lemos anuncia medidas restritivas para Covid-19 - Regi\u00e3o News\",\"isPartOf\":{\"@id\":\"https:\\\/\\\/regiaonews.net.br\\\/2022\\\/#website\"},\"primaryImageOfPage\":{\"@id\":\"https:\\\/\\\/regiaonews.net.br\\\/2022\\\/2021\\\/03\\\/16\\\/prefeita-paula-lemos-anuncia-medidas-restritivas-para-covid-19\\\/#primaryimage\"},\"image\":{\"@id\":\"https:\\\/\\\/regiaonews.net.br\\\/2022\\\/2021\\\/03\\\/16\\\/prefeita-paula-lemos-anuncia-medidas-restritivas-para-covid-19\\\/#primaryimage\"},\"thumbnailUrl\":\"https:\\\/\\\/regiaonews.net.br\\\/2022\\\/wp-content\\\/uploads\\\/2021\\\/03\\\/paula-e-secretario.jpg\",\"datePublished\":\"2021-03-16T13:49:35+00:00\",\"breadcrumb\":{\"@id\":\"https:\\\/\\\/regiaonews.net.br\\\/2022\\\/2021\\\/03\\\/16\\\/prefeita-paula-lemos-anuncia-medidas-restritivas-para-covid-19\\\/#breadcrumb\"},\"inLanguage\":\"pt-BR\",\"potentialAction\":[{\"@type\":\"ReadAction\",\"target\":[\"https:\\\/\\\/regiaonews.net.br\\\/2022\\\/2021\\\/03\\\/16\\\/prefeita-paula-lemos-anuncia-medidas-restritivas-para-covid-19\\\/\"]}]},{\"@type\":\"ImageObject\",\"inLanguage\":\"pt-BR\",\"@id\":\"https:\\\/\\\/regiaonews.net.br\\\/2022\\\/2021\\\/03\\\/16\\\/prefeita-paula-lemos-anuncia-medidas-restritivas-para-covid-19\\\/#primaryimage\",\"url\":\"https:\\\/\\\/regiaonews.net.br\\\/2022\\\/wp-content\\\/uploads\\\/2021\\\/03\\\/paula-e-secretario.jpg\",\"contentUrl\":\"https:\\\/\\\/regiaonews.net.br\\\/2022\\\/wp-content\\\/uploads\\\/2021\\\/03\\\/paula-e-secretario.jpg\",\"width\":2000,\"height\":1333},{\"@type\":\"BreadcrumbList\",\"@id\":\"https:\\\/\\\/regiaonews.net.br\\\/2022\\\/2021\\\/03\\\/16\\\/prefeita-paula-lemos-anuncia-medidas-restritivas-para-covid-19\\\/#breadcrumb\",\"itemListElement\":[{\"@type\":\"ListItem\",\"position\":1,\"name\":\"In\u00edcio\",\"item\":\"https:\\\/\\\/regiaonews.net.br\\\/2022\\\/\"},{\"@type\":\"ListItem\",\"position\":2,\"name\":\"Prefeita Paula Lemos anuncia medidas restritivas para Covid-19\"}]},{\"@type\":\"WebSite\",\"@id\":\"https:\\\/\\\/regiaonews.net.br\\\/2022\\\/#website\",\"url\":\"https:\\\/\\\/regiaonews.net.br\\\/2022\\\/\",\"name\":\"Regi\u00e3o News\",\"description\":\"Site de Not\u00edcias de Barretos e regi\u00e3o\",\"publisher\":{\"@id\":\"https:\\\/\\\/regiaonews.net.br\\\/2022\\\/#organization\"},\"potentialAction\":[{\"@type\":\"SearchAction\",\"target\":{\"@type\":\"EntryPoint\",\"urlTemplate\":\"https:\\\/\\\/regiaonews.net.br\\\/2022\\\/?s={search_term_string}\"},\"query-input\":{\"@type\":\"PropertyValueSpecification\",\"valueRequired\":true,\"valueName\":\"search_term_string\"}}],\"inLanguage\":\"pt-BR\"},{\"@type\":\"Organization\",\"@id\":\"https:\\\/\\\/regiaonews.net.br\\\/2022\\\/#organization\",\"name\":\"Regi\u00e3o News\",\"url\":\"https:\\\/\\\/regiaonews.net.br\\\/2022\\\/\",\"logo\":{\"@type\":\"ImageObject\",\"inLanguage\":\"pt-BR\",\"@id\":\"https:\\\/\\\/regiaonews.net.br\\\/2022\\\/#\\\/schema\\\/logo\\\/image\\\/\",\"url\":\"https:\\\/\\\/regiaonews.net.br\\\/2022\\\/wp-content\\\/uploads\\\/2026\\\/03\\\/regiao-13-anos-scaled.jpg\",\"contentUrl\":\"https:\\\/\\\/regiaonews.net.br\\\/2022\\\/wp-content\\\/uploads\\\/2026\\\/03\\\/regiao-13-anos-scaled.jpg\",\"width\":2560,\"height\":635,\"caption\":\"Regi\u00e3o News\"},\"image\":{\"@id\":\"https:\\\/\\\/regiaonews.net.br\\\/2022\\\/#\\\/schema\\\/logo\\\/image\\\/\"}},{\"@type\":\"Person\",\"@id\":\"https:\\\/\\\/regiaonews.net.br\\\/2022\\\/#\\\/schema\\\/person\\\/2d205a608a5aa97ac279d7a5e6d89ad8\",\"name\":\"Roberto\",\"image\":{\"@type\":\"ImageObject\",\"inLanguage\":\"pt-BR\",\"@id\":\"https:\\\/\\\/secure.gravatar.com\\\/avatar\\\/42749d8b712ff9d59ca93dc150494e5b55a44134482993f5baeb97e61b7ecc89?s=96&d=mm&r=g\",\"url\":\"https:\\\/\\\/secure.gravatar.com\\\/avatar\\\/42749d8b712ff9d59ca93dc150494e5b55a44134482993f5baeb97e61b7ecc89?s=96&d=mm&r=g\",\"contentUrl\":\"https:\\\/\\\/secure.gravatar.com\\\/avatar\\\/42749d8b712ff9d59ca93dc150494e5b55a44134482993f5baeb97e61b7ecc89?s=96&d=mm&r=g\",\"caption\":\"Roberto\"},\"url\":\"https:\\\/\\\/regiaonews.net.br\\\/2022\\\/author\\\/roberto\\\/\"}]}<\/script>\n<!-- \/ Yoast SEO plugin. -->","yoast_head_json":{"title":"Prefeita Paula Lemos anuncia medidas restritivas para Covid-19 - Regi\u00e3o News","robots":{"index":"index","follow":"follow","max-snippet":"max-snippet:-1","max-image-preview":"max-image-preview:large","max-video-preview":"max-video-preview:-1"},"canonical":"https:\/\/regiaonews.net.br\/2022\/2021\/03\/16\/prefeita-paula-lemos-anuncia-medidas-restritivas-para-covid-19\/","og_locale":"pt_BR","og_type":"article","og_title":"Prefeita Paula Lemos anuncia medidas restritivas para Covid-19 - Regi\u00e3o News","og_description":"Em live realizada na tarde de 15\/mar\u00e7o, a Prefeita Paula","og_url":"https:\/\/regiaonews.net.br\/2022\/2021\/03\/16\/prefeita-paula-lemos-anuncia-medidas-restritivas-para-covid-19\/","og_site_name":"Regi\u00e3o News","article_published_time":"2021-03-16T13:49:35+00:00","og_image":[{"width":2000,"height":1333,"url":"https:\/\/regiaonews.net.br\/2022\/wp-content\/uploads\/2021\/03\/paula-e-secretario.jpg","type":"image\/jpeg"}],"author":"Roberto","twitter_card":"summary_large_image","twitter_misc":{"Escrito por":"Roberto","Est. tempo de leitura":"2 minutos"},"schema":{"@context":"https:\/\/schema.org","@graph":[{"@type":"Article","@id":"https:\/\/regiaonews.net.br\/2022\/2021\/03\/16\/prefeita-paula-lemos-anuncia-medidas-restritivas-para-covid-19\/#article","isPartOf":{"@id":"https:\/\/regiaonews.net.br\/2022\/2021\/03\/16\/prefeita-paula-lemos-anuncia-medidas-restritivas-para-covid-19\/"},"author":{"name":"Roberto","@id":"https:\/\/regiaonews.net.br\/2022\/#\/schema\/person\/2d205a608a5aa97ac279d7a5e6d89ad8"},"headline":"Prefeita Paula Lemos anuncia medidas restritivas para Covid-19","datePublished":"2021-03-16T13:49:35+00:00","mainEntityOfPage":{"@id":"https:\/\/regiaonews.net.br\/2022\/2021\/03\/16\/prefeita-paula-lemos-anuncia-medidas-restritivas-para-covid-19\/"},"wordCount":311,"commentCount":0,"publisher":{"@id":"https:\/\/regiaonews.net.br\/2022\/#organization"},"image":{"@id":"https:\/\/regiaonews.net.br\/2022\/2021\/03\/16\/prefeita-paula-lemos-anuncia-medidas-restritivas-para-covid-19\/#primaryimage"},"thumbnailUrl":"https:\/\/regiaonews.net.br\/2022\/wp-content\/uploads\/2021\/03\/paula-e-secretario.jpg","articleSection":["Barretos","Cidades"],"inLanguage":"pt-BR","potentialAction":[{"@type":"CommentAction","name":"Comment","target":["https:\/\/regiaonews.net.br\/2022\/2021\/03\/16\/prefeita-paula-lemos-anuncia-medidas-restritivas-para-covid-19\/#respond"]}]},{"@type":"WebPage","@id":"https:\/\/regiaonews.net.br\/2022\/2021\/03\/16\/prefeita-paula-lemos-anuncia-medidas-restritivas-para-covid-19\/","url":"https:\/\/regiaonews.net.br\/2022\/2021\/03\/16\/prefeita-paula-lemos-anuncia-medidas-restritivas-para-covid-19\/","name":"Prefeita Paula Lemos anuncia medidas restritivas para Covid-19 - Regi\u00e3o News","isPartOf":{"@id":"https:\/\/regiaonews.net.br\/2022\/#website"},"primaryImageOfPage":{"@id":"https:\/\/regiaonews.net.br\/2022\/2021\/03\/16\/prefeita-paula-lemos-anuncia-medidas-restritivas-para-covid-19\/#primaryimage"},"image":{"@id":"https:\/\/regiaonews.net.br\/2022\/2021\/03\/16\/prefeita-paula-lemos-anuncia-medidas-restritivas-para-covid-19\/#primaryimage"},"thumbnailUrl":"https:\/\/regiaonews.net.br\/2022\/wp-content\/uploads\/2021\/03\/paula-e-secretario.jpg","datePublished":"2021-03-16T13:49:35+00:00","breadcrumb":{"@id":"https:\/\/regiaonews.net.br\/2022\/2021\/03\/16\/prefeita-paula-lemos-anuncia-medidas-restritivas-para-covid-19\/#breadcrumb"},"inLanguage":"pt-BR","potentialAction":[{"@type":"ReadAction","target":["https:\/\/regiaonews.net.br\/2022\/2021\/03\/16\/prefeita-paula-lemos-anuncia-medidas-restritivas-para-covid-19\/"]}]},{"@type":"ImageObject","inLanguage":"pt-BR","@id":"https:\/\/regiaonews.net.br\/2022\/2021\/03\/16\/prefeita-paula-lemos-anuncia-medidas-restritivas-para-covid-19\/#primaryimage","url":"https:\/\/regiaonews.net.br\/2022\/wp-content\/uploads\/2021\/03\/paula-e-secretario.jpg","contentUrl":"https:\/\/regiaonews.net.br\/2022\/wp-content\/uploads\/2021\/03\/paula-e-secretario.jpg","width":2000,"height":1333},{"@type":"BreadcrumbList","@id":"https:\/\/regiaonews.net.br\/2022\/2021\/03\/16\/prefeita-paula-lemos-anuncia-medidas-restritivas-para-covid-19\/#breadcrumb","itemListElement":[{"@type":"ListItem","position":1,"name":"In\u00edcio","item":"https:\/\/regiaonews.net.br\/2022\/"},{"@type":"ListItem","position":2,"name":"Prefeita Paula Lemos anuncia medidas restritivas para Covid-19"}]},{"@type":"WebSite","@id":"https:\/\/regiaonews.net.br\/2022\/#website","url":"https:\/\/regiaonews.net.br\/2022\/","name":"Regi\u00e3o News","description":"Site de Not\u00edcias de Barretos e regi\u00e3o","publisher":{"@id":"https:\/\/regiaonews.net.br\/2022\/#organization"},"potentialAction":[{"@type":"SearchAction","target":{"@type":"EntryPoint","urlTemplate":"https:\/\/regiaonews.net.br\/2022\/?s={search_term_string}"},"query-input":{"@type":"PropertyValueSpecification","valueRequired":true,"valueName":"search_term_string"}}],"inLanguage":"pt-BR"},{"@type":"Organization","@id":"https:\/\/regiaonews.net.br\/2022\/#organization","name":"Regi\u00e3o News","url":"https:\/\/regiaonews.net.br\/2022\/","logo":{"@type":"ImageObject","inLanguage":"pt-BR","@id":"https:\/\/regiaonews.net.br\/2022\/#\/schema\/logo\/image\/","url":"https:\/\/regiaonews.net.br\/2022\/wp-content\/uploads\/2026\/03\/regiao-13-anos-scaled.jpg","contentUrl":"https:\/\/regiaonews.net.br\/2022\/wp-content\/uploads\/2026\/03\/regiao-13-anos-scaled.jpg","width":2560,"height":635,"caption":"Regi\u00e3o News"},"image":{"@id":"https:\/\/regiaonews.net.br\/2022\/#\/schema\/logo\/image\/"}},{"@type":"Person","@id":"https:\/\/regiaonews.net.br\/2022\/#\/schema\/person\/2d205a608a5aa97ac279d7a5e6d89ad8","name":"Roberto","image":{"@type":"ImageObject","inLanguage":"pt-BR","@id":"https:\/\/secure.gravatar.com\/avatar\/42749d8b712ff9d59ca93dc150494e5b55a44134482993f5baeb97e61b7ecc89?s=96&d=mm&r=g","url":"https:\/\/secure.gravatar.com\/avatar\/42749d8b712ff9d59ca93dc150494e5b55a44134482993f5baeb97e61b7ecc89?s=96&d=mm&r=g","contentUrl":"https:\/\/secure.gravatar.com\/avatar\/42749d8b712ff9d59ca93dc150494e5b55a44134482993f5baeb97e61b7ecc89?s=96&d=mm&r=g","caption":"Roberto"},"url":"https:\/\/regiaonews.net.br\/2022\/author\/roberto\/"}]}},"publishpress_future_action":{"enabled":false,"date":"2026-05-02 05:33:23","action":"change-status","newStatus":"draft","terms":[],"taxonomy":"category","extraData":[]},"publishpress_future_workflow_manual_trigger":{"enabledWorkflows":[]},"_links":{"self":[{"href":"https:\/\/regiaonews.net.br\/2022\/wp-json\/wp\/v2\/posts\/44039","targetHints":{"allow":["GET"]}}],"collection":[{"href":"https:\/\/regiaonews.net.br\/2022\/wp-json\/wp\/v2\/posts"}],"about":[{"href":"https:\/\/regiaonews.net.br\/2022\/wp-json\/wp\/v2\/types\/post"}],"author":[{"embeddable":true,"href":"https:\/\/regiaonews.net.br\/2022\/wp-json\/wp\/v2\/users\/2"}],"replies":[{"embeddable":true,"href":"https:\/\/regiaonews.net.br\/2022\/wp-json\/wp\/v2\/comments?post=44039"}],"version-history":[{"count":0,"href":"https:\/\/regiaonews.net.br\/2022\/wp-json\/wp\/v2\/posts\/44039\/revisions"}],"wp:featuredmedia":[{"embeddable":true,"href":"https:\/\/regiaonews.net.br\/2022\/wp-json\/wp\/v2\/media\/44040"}],"wp:attachment":[{"href":"https:\/\/regiaonews.net.br\/2022\/wp-json\/wp\/v2\/media?parent=44039"}],"wp:term":[{"taxonomy":"category","embeddable":true,"href":"https:\/\/regiaonews.net.br\/2022\/wp-json\/wp\/v2\/categories?post=44039"},{"taxonomy":"post_tag","embeddable":true,"href":"https:\/\/regiaonews.net.br\/2022\/wp-json\/wp\/v2\/tags?post=44039"}],"curies":[{"name":"wp","href":"https:\/\/api.w.org\/{rel}","templated":true}]}}