{"id":43968,"date":"2021-03-13T09:49:05","date_gmt":"2021-03-13T12:49:05","guid":{"rendered":"https:\/\/regiaonews.net.br\/2022\/?p=43968"},"modified":"2021-03-13T09:50:31","modified_gmt":"2021-03-13T12:50:31","slug":"covid-19-governo-federal-negocia-168-milhoes-de-doses-de-vacina","status":"publish","type":"post","link":"https:\/\/regiaonews.net.br\/2022\/2021\/03\/13\/covid-19-governo-federal-negocia-168-milhoes-de-doses-de-vacina\/","title":{"rendered":"Covid-19: governo federal negocia 168 milh\u00f5es de doses de vacina"},"content":{"rendered":"<p><a href=\"https:\/\/regiaonews.net.br\/2022\/wp-content\/uploads\/2020\/12\/coronavirus-vaccine.jpg\"><img loading=\"lazy\" decoding=\"async\" class=\"size-medium wp-image-40691\" src=\"https:\/\/regiaonews.net.br\/2022\/wp-content\/uploads\/2020\/12\/coronavirus-vaccine-300x185.jpg\" alt=\"\" width=\"300\" height=\"185\" \/><\/a><\/p>\n<p>&nbsp;<\/p>\n<p>O governo federal negocia a compra de 168 milh\u00f5es de novas doses de vacina contra a covid-19. Neste total est\u00e3o tratativas para a aquisi\u00e7\u00e3o das vacinas\u00a0<a href=\"https:\/\/agenciabrasil.ebc.com.br\/saude\/noticia\/2021-03\/saude-assina-intencao-de-compra-de-vacinas-da-pfizer-e-da-janssen\" target=\"_blank\" rel=\"noopener\">da Pfizer, da Janssen<\/a>\u00a0e da Moderna.<img decoding=\"async\" src=\"https:\/\/agenciabrasil.ebc.com.br\/ebc.png?id=1403807&amp;o=node\" \/><img decoding=\"async\" src=\"https:\/\/agenciabrasil.ebc.com.br\/ebc.gif?id=1403807&amp;o=node\" \/><\/p>\n<p>No caso da vacina da Pfizer, foi publicada uma dispensa de licita\u00e7\u00e3o para a obten\u00e7\u00e3o de 100 milh\u00f5es de doses. Com a Janssen o mesmo recurso foi adotado, mas para um lote de 38 milh\u00f5es de doses.<\/p>\n<p>O Minist\u00e9rio da Sa\u00fade espera adquirir 30 milh\u00f5es de doses com a Moderna, mas ainda espera proposta da farmac\u00eautica.<\/p>\n<p>O Executivo Federal tamb\u00e9m negocia mais 30 milh\u00f5es de doses da vacina Coronavac, produzida pelo Instituto Butantan em parceria com a farmac\u00eautica Sinovac, e de 110 milh\u00f5es da vacina Oxford\/AstraZeneca, produzida em parceria com a Funda\u00e7\u00e3o Oswaldo Cruz.<\/p>\n<p>At\u00e9 o momento, o governo federal contratou 284,9 milh\u00f5es de doses. Neste total entram as 112,4 milh\u00f5es da Oxford\/AstraZeneca, 100 milh\u00f5es da Coronavac, 10 milh\u00f5es da Sputnik V do Instituto Gamaleya em parceria com a Uni\u00e3o Qu\u00edmica, 20 milh\u00f5es da Covaxin e 42,5 milh\u00f5es do cons\u00f3rcio Covax Facility<\/p>\n<p>O balan\u00e7o foi apresentado hoje (12) em entrevista coletiva virtual de secret\u00e1rios do Minist\u00e9rio da Sa\u00fade em Bras\u00edlia. At\u00e9 o momento foram distribu\u00eddas 20,1 milh\u00f5es de doses, sendo 16,1 milh\u00f5es da Coronavac e 4 milh\u00f5es da Oxford\/AstraZeneca, das quais foram aplicadas 10,7 milh\u00f5es.<\/p>\n<p>O secret\u00e1rio executivo da pasta, \u00c9lcio Franco, disse que a expectativa do minist\u00e9rio \u00e9 vacinar 170 milh\u00f5es de pessoas ainda neste ano. Nesta soma n\u00e3o entram p\u00fablicos que n\u00e3o participaram de estudos cl\u00ednicos, como crian\u00e7as.<\/p>\n<p>Sobre a compra de vacinas por estados e munic\u00edpios, Franco afirmou que o minist\u00e9rio vai discutir o assunto com o Conselho Nacional de Secret\u00e1rios de Sa\u00fade (Conass) e com o Conselho Nacional de Secretarias Municipais de Sa\u00fade (Conasems) para avaliar se o minist\u00e9rio comprar\u00e1 lotes ou se haver\u00e1 um desconto da quantidade que seria repassada pelo Executivo.<\/p>\n<h2>Leitos de UTI<\/h2>\n<p>Os secret\u00e1rios abordaram a demanda de munic\u00edpios e estados por novos leitos de Unidades de Terapia Intensiva (UTI) e pela manuten\u00e7\u00e3o daqueles abertos no ano passado diante do colapso de sistemas de sa\u00fade em diversos locais.<\/p>\n<p>Segundo o secret\u00e1rio da Aten\u00e7\u00e3o B\u00e1sica \u00e0 Sa\u00fade, Luiz Ot\u00e1vio Duarte, em fevereiro havia 10,4 mil leitos de UTI para covid-19 no Sistema \u00danico de Sa\u00fade (SUS). Entre mar\u00e7o e julho, a proje\u00e7\u00e3o de autoriza\u00e7\u00f5es \u00e9 de 8,3 mil.<\/p>\n<p>Duarte destacou que houve mudan\u00e7as na din\u00e2mica de apoio aos leitos abertos por estados e munic\u00edpios. Neste ano o minist\u00e9rio passou a autorizar os leitos, e n\u00e3o habilitar, sem pagamento adiantado, mas com repasses por m\u00eas. As autoriza\u00e7\u00f5es em car\u00e1ter excepcional v\u00e3o ser mantidas enquanto continuar a situa\u00e7\u00e3o de calamidade, com di\u00e1ria de R$ 1.600.<\/p>\n<p>No dia 2 de mar\u00e7o foi publicada portaria autorizando 3.201 leitos de UTI para covid-19, sendo 3.160 adultos e 41 pedi\u00e1tricos. Outra portaria, de 11 de mar\u00e7o, autorizou mais 3.965 leitos de UTI para a doen\u00e7a, sendo 3.950 adultos e 15 pedi\u00e1tricos.<\/p>\n<p>As autoriza\u00e7\u00f5es a partir de abril ficam condicionadas \u00e0 aprova\u00e7\u00e3o da Lei Or\u00e7ament\u00e1ria Anual (LOA), \u00e0 an\u00e1lise da curva epidemiol\u00f3gica do estado ou munic\u00edpio e a crit\u00e9rios estabelecidos nas normas do minist\u00e9rio.<\/p>\n<p>Fonte : Ag\u00eanciaBrasil<\/p>\n","protected":false},"excerpt":{"rendered":"<p>&nbsp; O governo federal negocia a compra de 168 milh\u00f5es<\/p>\n","protected":false},"author":2,"featured_media":37780,"comment_status":"open","ping_status":"open","sticky":false,"template":"","format":"standard","meta":{"footnotes":""},"categories":[24,25],"tags":[],"class_list":["post-43968","post","type-post","status-publish","format-standard","has-post-thumbnail","hentry","category-brasil","category-cidades"],"yoast_head":"<!-- This site is optimized with the Yoast SEO plugin v27.4 - https:\/\/yoast.com\/product\/yoast-seo-wordpress\/ -->\n<title>Covid-19: governo federal negocia 168 milh\u00f5es de doses de vacina - Regi\u00e3o News<\/title>\n<meta name=\"robots\" content=\"index, follow, max-snippet:-1, max-image-preview:large, max-video-preview:-1\" \/>\n<link rel=\"canonical\" href=\"https:\/\/regiaonews.net.br\/2022\/2021\/03\/13\/covid-19-governo-federal-negocia-168-milhoes-de-doses-de-vacina\/\" \/>\n<meta property=\"og:locale\" content=\"pt_BR\" \/>\n<meta property=\"og:type\" content=\"article\" \/>\n<meta property=\"og:title\" content=\"Covid-19: governo federal negocia 168 milh\u00f5es de doses de vacina - Regi\u00e3o News\" \/>\n<meta property=\"og:description\" content=\"&nbsp; O governo federal negocia a compra de 168 milh\u00f5es\" \/>\n<meta property=\"og:url\" content=\"https:\/\/regiaonews.net.br\/2022\/2021\/03\/13\/covid-19-governo-federal-negocia-168-milhoes-de-doses-de-vacina\/\" \/>\n<meta property=\"og:site_name\" content=\"Regi\u00e3o News\" \/>\n<meta property=\"article:published_time\" content=\"2021-03-13T12:49:05+00:00\" \/>\n<meta property=\"article:modified_time\" content=\"2021-03-13T12:50:31+00:00\" \/>\n<meta property=\"og:image\" content=\"https:\/\/regiaonews.net.br\/2022\/wp-content\/uploads\/2020\/09\/2020-05-18t143443z_1_lynxmpeg4h1mb_rtroptp_4_health-coronavirus-vaccine.jpg\" \/>\n\t<meta property=\"og:image:width\" content=\"1170\" \/>\n\t<meta property=\"og:image:height\" content=\"700\" \/>\n\t<meta property=\"og:image:type\" content=\"image\/jpeg\" \/>\n<meta name=\"author\" content=\"Roberto\" \/>\n<meta name=\"twitter:card\" content=\"summary_large_image\" \/>\n<meta name=\"twitter:label1\" content=\"Escrito por\" \/>\n\t<meta name=\"twitter:data1\" content=\"Roberto\" \/>\n\t<meta name=\"twitter:label2\" content=\"Est. tempo de leitura\" \/>\n\t<meta name=\"twitter:data2\" content=\"3 minutos\" \/>\n<script type=\"application\/ld+json\" class=\"yoast-schema-graph\">{\"@context\":\"https:\\\/\\\/schema.org\",\"@graph\":[{\"@type\":\"Article\",\"@id\":\"https:\\\/\\\/regiaonews.net.br\\\/2022\\\/2021\\\/03\\\/13\\\/covid-19-governo-federal-negocia-168-milhoes-de-doses-de-vacina\\\/#article\",\"isPartOf\":{\"@id\":\"https:\\\/\\\/regiaonews.net.br\\\/2022\\\/2021\\\/03\\\/13\\\/covid-19-governo-federal-negocia-168-milhoes-de-doses-de-vacina\\\/\"},\"author\":{\"name\":\"Roberto\",\"@id\":\"https:\\\/\\\/regiaonews.net.br\\\/2022\\\/#\\\/schema\\\/person\\\/2d205a608a5aa97ac279d7a5e6d89ad8\"},\"headline\":\"Covid-19: governo federal negocia 168 milh\u00f5es de doses de vacina\",\"datePublished\":\"2021-03-13T12:49:05+00:00\",\"dateModified\":\"2021-03-13T12:50:31+00:00\",\"mainEntityOfPage\":{\"@id\":\"https:\\\/\\\/regiaonews.net.br\\\/2022\\\/2021\\\/03\\\/13\\\/covid-19-governo-federal-negocia-168-milhoes-de-doses-de-vacina\\\/\"},\"wordCount\":587,\"commentCount\":0,\"publisher\":{\"@id\":\"https:\\\/\\\/regiaonews.net.br\\\/2022\\\/#organization\"},\"image\":{\"@id\":\"https:\\\/\\\/regiaonews.net.br\\\/2022\\\/2021\\\/03\\\/13\\\/covid-19-governo-federal-negocia-168-milhoes-de-doses-de-vacina\\\/#primaryimage\"},\"thumbnailUrl\":\"https:\\\/\\\/regiaonews.net.br\\\/2022\\\/wp-content\\\/uploads\\\/2020\\\/09\\\/2020-05-18t143443z_1_lynxmpeg4h1mb_rtroptp_4_health-coronavirus-vaccine.jpg\",\"articleSection\":[\"Brasil\",\"Cidades\"],\"inLanguage\":\"pt-BR\",\"potentialAction\":[{\"@type\":\"CommentAction\",\"name\":\"Comment\",\"target\":[\"https:\\\/\\\/regiaonews.net.br\\\/2022\\\/2021\\\/03\\\/13\\\/covid-19-governo-federal-negocia-168-milhoes-de-doses-de-vacina\\\/#respond\"]}]},{\"@type\":\"WebPage\",\"@id\":\"https:\\\/\\\/regiaonews.net.br\\\/2022\\\/2021\\\/03\\\/13\\\/covid-19-governo-federal-negocia-168-milhoes-de-doses-de-vacina\\\/\",\"url\":\"https:\\\/\\\/regiaonews.net.br\\\/2022\\\/2021\\\/03\\\/13\\\/covid-19-governo-federal-negocia-168-milhoes-de-doses-de-vacina\\\/\",\"name\":\"Covid-19: governo federal negocia 168 milh\u00f5es de doses de vacina - Regi\u00e3o News\",\"isPartOf\":{\"@id\":\"https:\\\/\\\/regiaonews.net.br\\\/2022\\\/#website\"},\"primaryImageOfPage\":{\"@id\":\"https:\\\/\\\/regiaonews.net.br\\\/2022\\\/2021\\\/03\\\/13\\\/covid-19-governo-federal-negocia-168-milhoes-de-doses-de-vacina\\\/#primaryimage\"},\"image\":{\"@id\":\"https:\\\/\\\/regiaonews.net.br\\\/2022\\\/2021\\\/03\\\/13\\\/covid-19-governo-federal-negocia-168-milhoes-de-doses-de-vacina\\\/#primaryimage\"},\"thumbnailUrl\":\"https:\\\/\\\/regiaonews.net.br\\\/2022\\\/wp-content\\\/uploads\\\/2020\\\/09\\\/2020-05-18t143443z_1_lynxmpeg4h1mb_rtroptp_4_health-coronavirus-vaccine.jpg\",\"datePublished\":\"2021-03-13T12:49:05+00:00\",\"dateModified\":\"2021-03-13T12:50:31+00:00\",\"breadcrumb\":{\"@id\":\"https:\\\/\\\/regiaonews.net.br\\\/2022\\\/2021\\\/03\\\/13\\\/covid-19-governo-federal-negocia-168-milhoes-de-doses-de-vacina\\\/#breadcrumb\"},\"inLanguage\":\"pt-BR\",\"potentialAction\":[{\"@type\":\"ReadAction\",\"target\":[\"https:\\\/\\\/regiaonews.net.br\\\/2022\\\/2021\\\/03\\\/13\\\/covid-19-governo-federal-negocia-168-milhoes-de-doses-de-vacina\\\/\"]}]},{\"@type\":\"ImageObject\",\"inLanguage\":\"pt-BR\",\"@id\":\"https:\\\/\\\/regiaonews.net.br\\\/2022\\\/2021\\\/03\\\/13\\\/covid-19-governo-federal-negocia-168-milhoes-de-doses-de-vacina\\\/#primaryimage\",\"url\":\"https:\\\/\\\/regiaonews.net.br\\\/2022\\\/wp-content\\\/uploads\\\/2020\\\/09\\\/2020-05-18t143443z_1_lynxmpeg4h1mb_rtroptp_4_health-coronavirus-vaccine.jpg\",\"contentUrl\":\"https:\\\/\\\/regiaonews.net.br\\\/2022\\\/wp-content\\\/uploads\\\/2020\\\/09\\\/2020-05-18t143443z_1_lynxmpeg4h1mb_rtroptp_4_health-coronavirus-vaccine.jpg\",\"width\":1170,\"height\":700},{\"@type\":\"BreadcrumbList\",\"@id\":\"https:\\\/\\\/regiaonews.net.br\\\/2022\\\/2021\\\/03\\\/13\\\/covid-19-governo-federal-negocia-168-milhoes-de-doses-de-vacina\\\/#breadcrumb\",\"itemListElement\":[{\"@type\":\"ListItem\",\"position\":1,\"name\":\"In\u00edcio\",\"item\":\"https:\\\/\\\/regiaonews.net.br\\\/2022\\\/\"},{\"@type\":\"ListItem\",\"position\":2,\"name\":\"Covid-19: governo federal negocia 168 milh\u00f5es de doses de vacina\"}]},{\"@type\":\"WebSite\",\"@id\":\"https:\\\/\\\/regiaonews.net.br\\\/2022\\\/#website\",\"url\":\"https:\\\/\\\/regiaonews.net.br\\\/2022\\\/\",\"name\":\"Regi\u00e3o News\",\"description\":\"Site de Not\u00edcias de Barretos e regi\u00e3o\",\"publisher\":{\"@id\":\"https:\\\/\\\/regiaonews.net.br\\\/2022\\\/#organization\"},\"potentialAction\":[{\"@type\":\"SearchAction\",\"target\":{\"@type\":\"EntryPoint\",\"urlTemplate\":\"https:\\\/\\\/regiaonews.net.br\\\/2022\\\/?s={search_term_string}\"},\"query-input\":{\"@type\":\"PropertyValueSpecification\",\"valueRequired\":true,\"valueName\":\"search_term_string\"}}],\"inLanguage\":\"pt-BR\"},{\"@type\":\"Organization\",\"@id\":\"https:\\\/\\\/regiaonews.net.br\\\/2022\\\/#organization\",\"name\":\"Regi\u00e3o News\",\"url\":\"https:\\\/\\\/regiaonews.net.br\\\/2022\\\/\",\"logo\":{\"@type\":\"ImageObject\",\"inLanguage\":\"pt-BR\",\"@id\":\"https:\\\/\\\/regiaonews.net.br\\\/2022\\\/#\\\/schema\\\/logo\\\/image\\\/\",\"url\":\"https:\\\/\\\/regiaonews.net.br\\\/2022\\\/wp-content\\\/uploads\\\/2026\\\/03\\\/regiao-13-anos-scaled.jpg\",\"contentUrl\":\"https:\\\/\\\/regiaonews.net.br\\\/2022\\\/wp-content\\\/uploads\\\/2026\\\/03\\\/regiao-13-anos-scaled.jpg\",\"width\":2560,\"height\":635,\"caption\":\"Regi\u00e3o News\"},\"image\":{\"@id\":\"https:\\\/\\\/regiaonews.net.br\\\/2022\\\/#\\\/schema\\\/logo\\\/image\\\/\"}},{\"@type\":\"Person\",\"@id\":\"https:\\\/\\\/regiaonews.net.br\\\/2022\\\/#\\\/schema\\\/person\\\/2d205a608a5aa97ac279d7a5e6d89ad8\",\"name\":\"Roberto\",\"image\":{\"@type\":\"ImageObject\",\"inLanguage\":\"pt-BR\",\"@id\":\"https:\\\/\\\/secure.gravatar.com\\\/avatar\\\/42749d8b712ff9d59ca93dc150494e5b55a44134482993f5baeb97e61b7ecc89?s=96&d=mm&r=g\",\"url\":\"https:\\\/\\\/secure.gravatar.com\\\/avatar\\\/42749d8b712ff9d59ca93dc150494e5b55a44134482993f5baeb97e61b7ecc89?s=96&d=mm&r=g\",\"contentUrl\":\"https:\\\/\\\/secure.gravatar.com\\\/avatar\\\/42749d8b712ff9d59ca93dc150494e5b55a44134482993f5baeb97e61b7ecc89?s=96&d=mm&r=g\",\"caption\":\"Roberto\"},\"url\":\"https:\\\/\\\/regiaonews.net.br\\\/2022\\\/author\\\/roberto\\\/\"}]}<\/script>\n<!-- \/ Yoast SEO plugin. -->","yoast_head_json":{"title":"Covid-19: governo federal negocia 168 milh\u00f5es de doses de vacina - Regi\u00e3o News","robots":{"index":"index","follow":"follow","max-snippet":"max-snippet:-1","max-image-preview":"max-image-preview:large","max-video-preview":"max-video-preview:-1"},"canonical":"https:\/\/regiaonews.net.br\/2022\/2021\/03\/13\/covid-19-governo-federal-negocia-168-milhoes-de-doses-de-vacina\/","og_locale":"pt_BR","og_type":"article","og_title":"Covid-19: governo federal negocia 168 milh\u00f5es de doses de vacina - Regi\u00e3o News","og_description":"&nbsp; O governo federal negocia a compra de 168 milh\u00f5es","og_url":"https:\/\/regiaonews.net.br\/2022\/2021\/03\/13\/covid-19-governo-federal-negocia-168-milhoes-de-doses-de-vacina\/","og_site_name":"Regi\u00e3o News","article_published_time":"2021-03-13T12:49:05+00:00","article_modified_time":"2021-03-13T12:50:31+00:00","og_image":[{"width":1170,"height":700,"url":"https:\/\/regiaonews.net.br\/2022\/wp-content\/uploads\/2020\/09\/2020-05-18t143443z_1_lynxmpeg4h1mb_rtroptp_4_health-coronavirus-vaccine.jpg","type":"image\/jpeg"}],"author":"Roberto","twitter_card":"summary_large_image","twitter_misc":{"Escrito por":"Roberto","Est. tempo de leitura":"3 minutos"},"schema":{"@context":"https:\/\/schema.org","@graph":[{"@type":"Article","@id":"https:\/\/regiaonews.net.br\/2022\/2021\/03\/13\/covid-19-governo-federal-negocia-168-milhoes-de-doses-de-vacina\/#article","isPartOf":{"@id":"https:\/\/regiaonews.net.br\/2022\/2021\/03\/13\/covid-19-governo-federal-negocia-168-milhoes-de-doses-de-vacina\/"},"author":{"name":"Roberto","@id":"https:\/\/regiaonews.net.br\/2022\/#\/schema\/person\/2d205a608a5aa97ac279d7a5e6d89ad8"},"headline":"Covid-19: governo federal negocia 168 milh\u00f5es de doses de vacina","datePublished":"2021-03-13T12:49:05+00:00","dateModified":"2021-03-13T12:50:31+00:00","mainEntityOfPage":{"@id":"https:\/\/regiaonews.net.br\/2022\/2021\/03\/13\/covid-19-governo-federal-negocia-168-milhoes-de-doses-de-vacina\/"},"wordCount":587,"commentCount":0,"publisher":{"@id":"https:\/\/regiaonews.net.br\/2022\/#organization"},"image":{"@id":"https:\/\/regiaonews.net.br\/2022\/2021\/03\/13\/covid-19-governo-federal-negocia-168-milhoes-de-doses-de-vacina\/#primaryimage"},"thumbnailUrl":"https:\/\/regiaonews.net.br\/2022\/wp-content\/uploads\/2020\/09\/2020-05-18t143443z_1_lynxmpeg4h1mb_rtroptp_4_health-coronavirus-vaccine.jpg","articleSection":["Brasil","Cidades"],"inLanguage":"pt-BR","potentialAction":[{"@type":"CommentAction","name":"Comment","target":["https:\/\/regiaonews.net.br\/2022\/2021\/03\/13\/covid-19-governo-federal-negocia-168-milhoes-de-doses-de-vacina\/#respond"]}]},{"@type":"WebPage","@id":"https:\/\/regiaonews.net.br\/2022\/2021\/03\/13\/covid-19-governo-federal-negocia-168-milhoes-de-doses-de-vacina\/","url":"https:\/\/regiaonews.net.br\/2022\/2021\/03\/13\/covid-19-governo-federal-negocia-168-milhoes-de-doses-de-vacina\/","name":"Covid-19: governo federal negocia 168 milh\u00f5es de doses de vacina - Regi\u00e3o News","isPartOf":{"@id":"https:\/\/regiaonews.net.br\/2022\/#website"},"primaryImageOfPage":{"@id":"https:\/\/regiaonews.net.br\/2022\/2021\/03\/13\/covid-19-governo-federal-negocia-168-milhoes-de-doses-de-vacina\/#primaryimage"},"image":{"@id":"https:\/\/regiaonews.net.br\/2022\/2021\/03\/13\/covid-19-governo-federal-negocia-168-milhoes-de-doses-de-vacina\/#primaryimage"},"thumbnailUrl":"https:\/\/regiaonews.net.br\/2022\/wp-content\/uploads\/2020\/09\/2020-05-18t143443z_1_lynxmpeg4h1mb_rtroptp_4_health-coronavirus-vaccine.jpg","datePublished":"2021-03-13T12:49:05+00:00","dateModified":"2021-03-13T12:50:31+00:00","breadcrumb":{"@id":"https:\/\/regiaonews.net.br\/2022\/2021\/03\/13\/covid-19-governo-federal-negocia-168-milhoes-de-doses-de-vacina\/#breadcrumb"},"inLanguage":"pt-BR","potentialAction":[{"@type":"ReadAction","target":["https:\/\/regiaonews.net.br\/2022\/2021\/03\/13\/covid-19-governo-federal-negocia-168-milhoes-de-doses-de-vacina\/"]}]},{"@type":"ImageObject","inLanguage":"pt-BR","@id":"https:\/\/regiaonews.net.br\/2022\/2021\/03\/13\/covid-19-governo-federal-negocia-168-milhoes-de-doses-de-vacina\/#primaryimage","url":"https:\/\/regiaonews.net.br\/2022\/wp-content\/uploads\/2020\/09\/2020-05-18t143443z_1_lynxmpeg4h1mb_rtroptp_4_health-coronavirus-vaccine.jpg","contentUrl":"https:\/\/regiaonews.net.br\/2022\/wp-content\/uploads\/2020\/09\/2020-05-18t143443z_1_lynxmpeg4h1mb_rtroptp_4_health-coronavirus-vaccine.jpg","width":1170,"height":700},{"@type":"BreadcrumbList","@id":"https:\/\/regiaonews.net.br\/2022\/2021\/03\/13\/covid-19-governo-federal-negocia-168-milhoes-de-doses-de-vacina\/#breadcrumb","itemListElement":[{"@type":"ListItem","position":1,"name":"In\u00edcio","item":"https:\/\/regiaonews.net.br\/2022\/"},{"@type":"ListItem","position":2,"name":"Covid-19: governo federal negocia 168 milh\u00f5es de doses de vacina"}]},{"@type":"WebSite","@id":"https:\/\/regiaonews.net.br\/2022\/#website","url":"https:\/\/regiaonews.net.br\/2022\/","name":"Regi\u00e3o News","description":"Site de Not\u00edcias de Barretos e regi\u00e3o","publisher":{"@id":"https:\/\/regiaonews.net.br\/2022\/#organization"},"potentialAction":[{"@type":"SearchAction","target":{"@type":"EntryPoint","urlTemplate":"https:\/\/regiaonews.net.br\/2022\/?s={search_term_string}"},"query-input":{"@type":"PropertyValueSpecification","valueRequired":true,"valueName":"search_term_string"}}],"inLanguage":"pt-BR"},{"@type":"Organization","@id":"https:\/\/regiaonews.net.br\/2022\/#organization","name":"Regi\u00e3o News","url":"https:\/\/regiaonews.net.br\/2022\/","logo":{"@type":"ImageObject","inLanguage":"pt-BR","@id":"https:\/\/regiaonews.net.br\/2022\/#\/schema\/logo\/image\/","url":"https:\/\/regiaonews.net.br\/2022\/wp-content\/uploads\/2026\/03\/regiao-13-anos-scaled.jpg","contentUrl":"https:\/\/regiaonews.net.br\/2022\/wp-content\/uploads\/2026\/03\/regiao-13-anos-scaled.jpg","width":2560,"height":635,"caption":"Regi\u00e3o News"},"image":{"@id":"https:\/\/regiaonews.net.br\/2022\/#\/schema\/logo\/image\/"}},{"@type":"Person","@id":"https:\/\/regiaonews.net.br\/2022\/#\/schema\/person\/2d205a608a5aa97ac279d7a5e6d89ad8","name":"Roberto","image":{"@type":"ImageObject","inLanguage":"pt-BR","@id":"https:\/\/secure.gravatar.com\/avatar\/42749d8b712ff9d59ca93dc150494e5b55a44134482993f5baeb97e61b7ecc89?s=96&d=mm&r=g","url":"https:\/\/secure.gravatar.com\/avatar\/42749d8b712ff9d59ca93dc150494e5b55a44134482993f5baeb97e61b7ecc89?s=96&d=mm&r=g","contentUrl":"https:\/\/secure.gravatar.com\/avatar\/42749d8b712ff9d59ca93dc150494e5b55a44134482993f5baeb97e61b7ecc89?s=96&d=mm&r=g","caption":"Roberto"},"url":"https:\/\/regiaonews.net.br\/2022\/author\/roberto\/"}]}},"publishpress_future_action":{"enabled":false,"date":"2026-05-04 05:03:36","action":"change-status","newStatus":"draft","terms":[],"taxonomy":"category","extraData":[]},"publishpress_future_workflow_manual_trigger":{"enabledWorkflows":[]},"_links":{"self":[{"href":"https:\/\/regiaonews.net.br\/2022\/wp-json\/wp\/v2\/posts\/43968","targetHints":{"allow":["GET"]}}],"collection":[{"href":"https:\/\/regiaonews.net.br\/2022\/wp-json\/wp\/v2\/posts"}],"about":[{"href":"https:\/\/regiaonews.net.br\/2022\/wp-json\/wp\/v2\/types\/post"}],"author":[{"embeddable":true,"href":"https:\/\/regiaonews.net.br\/2022\/wp-json\/wp\/v2\/users\/2"}],"replies":[{"embeddable":true,"href":"https:\/\/regiaonews.net.br\/2022\/wp-json\/wp\/v2\/comments?post=43968"}],"version-history":[{"count":0,"href":"https:\/\/regiaonews.net.br\/2022\/wp-json\/wp\/v2\/posts\/43968\/revisions"}],"wp:featuredmedia":[{"embeddable":true,"href":"https:\/\/regiaonews.net.br\/2022\/wp-json\/wp\/v2\/media\/37780"}],"wp:attachment":[{"href":"https:\/\/regiaonews.net.br\/2022\/wp-json\/wp\/v2\/media?parent=43968"}],"wp:term":[{"taxonomy":"category","embeddable":true,"href":"https:\/\/regiaonews.net.br\/2022\/wp-json\/wp\/v2\/categories?post=43968"},{"taxonomy":"post_tag","embeddable":true,"href":"https:\/\/regiaonews.net.br\/2022\/wp-json\/wp\/v2\/tags?post=43968"}],"curies":[{"name":"wp","href":"https:\/\/api.w.org\/{rel}","templated":true}]}}