{"id":43966,"date":"2021-03-13T09:20:20","date_gmt":"2021-03-13T12:20:20","guid":{"rendered":"https:\/\/regiaonews.net.br\/2022\/?p=43966"},"modified":"2021-03-13T09:20:20","modified_gmt":"2021-03-13T12:20:20","slug":"hospitais-de-sp-tem-falta-de-profissionais-de-saude-para-utis-dizem-medicos","status":"publish","type":"post","link":"https:\/\/regiaonews.net.br\/2022\/2021\/03\/13\/hospitais-de-sp-tem-falta-de-profissionais-de-saude-para-utis-dizem-medicos\/","title":{"rendered":"Hospitais de SP t\u00eam falta de profissionais de sa\u00fade para UTIs, dizem m\u00e9dicos"},"content":{"rendered":"<p><a href=\"https:\/\/regiaonews.net.br\/2022\/wp-content\/uploads\/2020\/06\/hcpa_oo0017160620.jpg\"><img loading=\"lazy\" decoding=\"async\" class=\"size-medium wp-image-34429\" src=\"https:\/\/regiaonews.net.br\/2022\/wp-content\/uploads\/2020\/06\/hcpa_oo0017160620-300x179.jpg\" alt=\"\" width=\"300\" height=\"179\" \/><\/a><\/p>\n<p>A falta de leitos nas unidades de terapia intensiva (UTIs) para atender o n\u00famero crescente de pacientes com quadros de\u00a0<a href=\"https:\/\/www.cnnbrasil.com.br\/tudo-sobre\/covid-19\">Covid-19<\/a>\u00a0n\u00e3o \u00e9 o \u00fanico problema grave enfrentado pelos hospitais.<\/p>\n<p>M\u00e9dicos de institui\u00e7\u00f5es p\u00fablicas e privadas de S\u00e3o Paulo ouvidos pela reportagem tamb\u00e9m relatam preocupa\u00e7\u00e3o com a escassez de profissionais de sa\u00fade qualificados para atuar nas UTIs e contaram que est\u00e3o reorganizando suas estruturas diariamente para lidar com o iminente colapso.<\/p>\n<p>O Instituto de Infectologia Em\u00edlio Ribas, ligado \u00e0 rede p\u00fablica de sa\u00fade de S\u00e3o Paulo e refer\u00eancia na \u00e1rea, vem trabalhando no limite desde janeiro, segundo Jaques Sztajnbok, chefe da UTI do hospital. \u201cEstamos com 100% de ocupa\u00e7\u00e3o nos leitos de UTI, principalmente para pacientes de Covid-19. Hoje temos 50 leitos, a maioria para Covid-19, e ser\u00e3o abertos mais 10 leitos em espa\u00e7os da enfermaria\u201d, afirma.<\/p>\n<p>Sztajnbok relata a crescente dificuldade para conseguir profissionais qualificados que atuem \u00e0 frente dessa situa\u00e7\u00e3o emergencial. \u201cEstamos clamando por concurso p\u00fablico para preencher vagas na UTI do Em\u00edlio Ribas faz um ano. Mas n\u00e3o temos resposta do governo do Estado\u201d, afirma Sztajnbok. Em nota, a Secretaria Estadual de Sa\u00fade informou que no Instituto de Infectologia Em\u00edlio Ribas foram contratados 194 novos profissionais para expans\u00e3o de leitos e atendimento aos casos graves de Covid-19 e que o n\u00famero de m\u00e9dicos passou de 300 para 347, sendo que os 47 novos contratados foram exclusivamente para a UTI (Unidade de Terapia Intensiva).<\/p>\n<p>Para entender a gravidade da situa\u00e7\u00e3o, \u00e9 preciso olhar as duas pontas da fila: a quantidade de leitos ocupados e a de pacientes que est\u00e3o solicitando vagas. O Em\u00edlio Ribas j\u00e1 chegou a ter uma fila de 1.300 solicita\u00e7\u00f5es de vagas gerais. \u201cSe 40% desses pacientes precisarem de UTI, s\u00e3o mais de 500 solicita\u00e7\u00f5es de vagas. Ou seja, disponibilizamos um leito, mas temos mais de 500 pacientes precisando dele. Para mim, isso j\u00e1 \u00e9 um colapso.\u201d<\/p>\n<p>Sztajnbok diz que h\u00e1 um limite para o quanto se pode expandir a rede hospitalar. \u201cQuando se fala em criar leitos de terapia intensiva, eu pergunto: \u2018quem \u00e9 que vai trabalhar nesses leitos?\u2019 Apenas criar leitos n\u00e3o resolve o problema na ponta\u201d, finaliza.<\/p>\n<p>fonte : CNN<\/p>\n","protected":false},"excerpt":{"rendered":"<p>A falta de leitos nas unidades de terapia intensiva (UTIs)<\/p>\n","protected":false},"author":2,"featured_media":34429,"comment_status":"open","ping_status":"open","sticky":false,"template":"","format":"standard","meta":{"footnotes":""},"categories":[25,7],"tags":[],"class_list":["post-43966","post","type-post","status-publish","format-standard","has-post-thumbnail","hentry","category-cidades","category-estado-de-sao-paulo"],"yoast_head":"<!-- This site is optimized with the Yoast SEO plugin v27.4 - https:\/\/yoast.com\/product\/yoast-seo-wordpress\/ -->\n<title>Hospitais de SP t\u00eam falta de profissionais de sa\u00fade para UTIs, dizem m\u00e9dicos - Regi\u00e3o News<\/title>\n<meta name=\"robots\" content=\"index, follow, max-snippet:-1, max-image-preview:large, max-video-preview:-1\" \/>\n<link rel=\"canonical\" href=\"https:\/\/regiaonews.net.br\/2022\/2021\/03\/13\/hospitais-de-sp-tem-falta-de-profissionais-de-saude-para-utis-dizem-medicos\/\" \/>\n<meta property=\"og:locale\" content=\"pt_BR\" \/>\n<meta property=\"og:type\" content=\"article\" \/>\n<meta property=\"og:title\" content=\"Hospitais de SP t\u00eam falta de profissionais de sa\u00fade para UTIs, dizem m\u00e9dicos - Regi\u00e3o News\" \/>\n<meta property=\"og:description\" content=\"A falta de leitos nas unidades de terapia intensiva (UTIs)\" \/>\n<meta property=\"og:url\" content=\"https:\/\/regiaonews.net.br\/2022\/2021\/03\/13\/hospitais-de-sp-tem-falta-de-profissionais-de-saude-para-utis-dizem-medicos\/\" \/>\n<meta property=\"og:site_name\" content=\"Regi\u00e3o News\" \/>\n<meta property=\"article:published_time\" content=\"2021-03-13T12:20:20+00:00\" \/>\n<meta property=\"og:image\" content=\"https:\/\/regiaonews.net.br\/2022\/wp-content\/uploads\/2020\/06\/hcpa_oo0017160620.jpg\" \/>\n\t<meta property=\"og:image:width\" content=\"1170\" \/>\n\t<meta property=\"og:image:height\" content=\"700\" \/>\n\t<meta property=\"og:image:type\" content=\"image\/jpeg\" \/>\n<meta name=\"author\" content=\"Roberto\" \/>\n<meta name=\"twitter:card\" content=\"summary_large_image\" \/>\n<meta name=\"twitter:label1\" content=\"Escrito por\" \/>\n\t<meta name=\"twitter:data1\" content=\"Roberto\" \/>\n\t<meta name=\"twitter:label2\" content=\"Est. tempo de leitura\" \/>\n\t<meta name=\"twitter:data2\" content=\"2 minutos\" \/>\n<script type=\"application\/ld+json\" class=\"yoast-schema-graph\">{\"@context\":\"https:\\\/\\\/schema.org\",\"@graph\":[{\"@type\":\"Article\",\"@id\":\"https:\\\/\\\/regiaonews.net.br\\\/2022\\\/2021\\\/03\\\/13\\\/hospitais-de-sp-tem-falta-de-profissionais-de-saude-para-utis-dizem-medicos\\\/#article\",\"isPartOf\":{\"@id\":\"https:\\\/\\\/regiaonews.net.br\\\/2022\\\/2021\\\/03\\\/13\\\/hospitais-de-sp-tem-falta-de-profissionais-de-saude-para-utis-dizem-medicos\\\/\"},\"author\":{\"name\":\"Roberto\",\"@id\":\"https:\\\/\\\/regiaonews.net.br\\\/2022\\\/#\\\/schema\\\/person\\\/2d205a608a5aa97ac279d7a5e6d89ad8\"},\"headline\":\"Hospitais de SP t\u00eam falta de profissionais de sa\u00fade para UTIs, dizem m\u00e9dicos\",\"datePublished\":\"2021-03-13T12:20:20+00:00\",\"mainEntityOfPage\":{\"@id\":\"https:\\\/\\\/regiaonews.net.br\\\/2022\\\/2021\\\/03\\\/13\\\/hospitais-de-sp-tem-falta-de-profissionais-de-saude-para-utis-dizem-medicos\\\/\"},\"wordCount\":390,\"commentCount\":0,\"publisher\":{\"@id\":\"https:\\\/\\\/regiaonews.net.br\\\/2022\\\/#organization\"},\"image\":{\"@id\":\"https:\\\/\\\/regiaonews.net.br\\\/2022\\\/2021\\\/03\\\/13\\\/hospitais-de-sp-tem-falta-de-profissionais-de-saude-para-utis-dizem-medicos\\\/#primaryimage\"},\"thumbnailUrl\":\"https:\\\/\\\/regiaonews.net.br\\\/2022\\\/wp-content\\\/uploads\\\/2020\\\/06\\\/hcpa_oo0017160620.jpg\",\"articleSection\":[\"Cidades\",\"Estado de S\u00e3o Paulo\"],\"inLanguage\":\"pt-BR\",\"potentialAction\":[{\"@type\":\"CommentAction\",\"name\":\"Comment\",\"target\":[\"https:\\\/\\\/regiaonews.net.br\\\/2022\\\/2021\\\/03\\\/13\\\/hospitais-de-sp-tem-falta-de-profissionais-de-saude-para-utis-dizem-medicos\\\/#respond\"]}]},{\"@type\":\"WebPage\",\"@id\":\"https:\\\/\\\/regiaonews.net.br\\\/2022\\\/2021\\\/03\\\/13\\\/hospitais-de-sp-tem-falta-de-profissionais-de-saude-para-utis-dizem-medicos\\\/\",\"url\":\"https:\\\/\\\/regiaonews.net.br\\\/2022\\\/2021\\\/03\\\/13\\\/hospitais-de-sp-tem-falta-de-profissionais-de-saude-para-utis-dizem-medicos\\\/\",\"name\":\"Hospitais de SP t\u00eam falta de profissionais de sa\u00fade para UTIs, dizem m\u00e9dicos - Regi\u00e3o News\",\"isPartOf\":{\"@id\":\"https:\\\/\\\/regiaonews.net.br\\\/2022\\\/#website\"},\"primaryImageOfPage\":{\"@id\":\"https:\\\/\\\/regiaonews.net.br\\\/2022\\\/2021\\\/03\\\/13\\\/hospitais-de-sp-tem-falta-de-profissionais-de-saude-para-utis-dizem-medicos\\\/#primaryimage\"},\"image\":{\"@id\":\"https:\\\/\\\/regiaonews.net.br\\\/2022\\\/2021\\\/03\\\/13\\\/hospitais-de-sp-tem-falta-de-profissionais-de-saude-para-utis-dizem-medicos\\\/#primaryimage\"},\"thumbnailUrl\":\"https:\\\/\\\/regiaonews.net.br\\\/2022\\\/wp-content\\\/uploads\\\/2020\\\/06\\\/hcpa_oo0017160620.jpg\",\"datePublished\":\"2021-03-13T12:20:20+00:00\",\"breadcrumb\":{\"@id\":\"https:\\\/\\\/regiaonews.net.br\\\/2022\\\/2021\\\/03\\\/13\\\/hospitais-de-sp-tem-falta-de-profissionais-de-saude-para-utis-dizem-medicos\\\/#breadcrumb\"},\"inLanguage\":\"pt-BR\",\"potentialAction\":[{\"@type\":\"ReadAction\",\"target\":[\"https:\\\/\\\/regiaonews.net.br\\\/2022\\\/2021\\\/03\\\/13\\\/hospitais-de-sp-tem-falta-de-profissionais-de-saude-para-utis-dizem-medicos\\\/\"]}]},{\"@type\":\"ImageObject\",\"inLanguage\":\"pt-BR\",\"@id\":\"https:\\\/\\\/regiaonews.net.br\\\/2022\\\/2021\\\/03\\\/13\\\/hospitais-de-sp-tem-falta-de-profissionais-de-saude-para-utis-dizem-medicos\\\/#primaryimage\",\"url\":\"https:\\\/\\\/regiaonews.net.br\\\/2022\\\/wp-content\\\/uploads\\\/2020\\\/06\\\/hcpa_oo0017160620.jpg\",\"contentUrl\":\"https:\\\/\\\/regiaonews.net.br\\\/2022\\\/wp-content\\\/uploads\\\/2020\\\/06\\\/hcpa_oo0017160620.jpg\",\"width\":1170,\"height\":700,\"caption\":\"O Hospital de Cl\u00ednicas de Porto Alegre (HCPA) ampliou sua capacidade de atendimento para pacientes de coronav\u00edrus que precisam de terapia intensiva. A institui\u00e7\u00e3o passou a contar com 99 leitos em um novo Centro de Terapia Intensiva (CTI). At\u00e9 mar\u00e7o, a unidade contava com 53 leitos.\"},{\"@type\":\"BreadcrumbList\",\"@id\":\"https:\\\/\\\/regiaonews.net.br\\\/2022\\\/2021\\\/03\\\/13\\\/hospitais-de-sp-tem-falta-de-profissionais-de-saude-para-utis-dizem-medicos\\\/#breadcrumb\",\"itemListElement\":[{\"@type\":\"ListItem\",\"position\":1,\"name\":\"In\u00edcio\",\"item\":\"https:\\\/\\\/regiaonews.net.br\\\/2022\\\/\"},{\"@type\":\"ListItem\",\"position\":2,\"name\":\"Hospitais de SP t\u00eam falta de profissionais de sa\u00fade para UTIs, dizem m\u00e9dicos\"}]},{\"@type\":\"WebSite\",\"@id\":\"https:\\\/\\\/regiaonews.net.br\\\/2022\\\/#website\",\"url\":\"https:\\\/\\\/regiaonews.net.br\\\/2022\\\/\",\"name\":\"Regi\u00e3o News\",\"description\":\"Site de Not\u00edcias de Barretos e regi\u00e3o\",\"publisher\":{\"@id\":\"https:\\\/\\\/regiaonews.net.br\\\/2022\\\/#organization\"},\"potentialAction\":[{\"@type\":\"SearchAction\",\"target\":{\"@type\":\"EntryPoint\",\"urlTemplate\":\"https:\\\/\\\/regiaonews.net.br\\\/2022\\\/?s={search_term_string}\"},\"query-input\":{\"@type\":\"PropertyValueSpecification\",\"valueRequired\":true,\"valueName\":\"search_term_string\"}}],\"inLanguage\":\"pt-BR\"},{\"@type\":\"Organization\",\"@id\":\"https:\\\/\\\/regiaonews.net.br\\\/2022\\\/#organization\",\"name\":\"Regi\u00e3o News\",\"url\":\"https:\\\/\\\/regiaonews.net.br\\\/2022\\\/\",\"logo\":{\"@type\":\"ImageObject\",\"inLanguage\":\"pt-BR\",\"@id\":\"https:\\\/\\\/regiaonews.net.br\\\/2022\\\/#\\\/schema\\\/logo\\\/image\\\/\",\"url\":\"https:\\\/\\\/regiaonews.net.br\\\/2022\\\/wp-content\\\/uploads\\\/2026\\\/03\\\/regiao-13-anos-scaled.jpg\",\"contentUrl\":\"https:\\\/\\\/regiaonews.net.br\\\/2022\\\/wp-content\\\/uploads\\\/2026\\\/03\\\/regiao-13-anos-scaled.jpg\",\"width\":2560,\"height\":635,\"caption\":\"Regi\u00e3o News\"},\"image\":{\"@id\":\"https:\\\/\\\/regiaonews.net.br\\\/2022\\\/#\\\/schema\\\/logo\\\/image\\\/\"}},{\"@type\":\"Person\",\"@id\":\"https:\\\/\\\/regiaonews.net.br\\\/2022\\\/#\\\/schema\\\/person\\\/2d205a608a5aa97ac279d7a5e6d89ad8\",\"name\":\"Roberto\",\"image\":{\"@type\":\"ImageObject\",\"inLanguage\":\"pt-BR\",\"@id\":\"https:\\\/\\\/secure.gravatar.com\\\/avatar\\\/42749d8b712ff9d59ca93dc150494e5b55a44134482993f5baeb97e61b7ecc89?s=96&d=mm&r=g\",\"url\":\"https:\\\/\\\/secure.gravatar.com\\\/avatar\\\/42749d8b712ff9d59ca93dc150494e5b55a44134482993f5baeb97e61b7ecc89?s=96&d=mm&r=g\",\"contentUrl\":\"https:\\\/\\\/secure.gravatar.com\\\/avatar\\\/42749d8b712ff9d59ca93dc150494e5b55a44134482993f5baeb97e61b7ecc89?s=96&d=mm&r=g\",\"caption\":\"Roberto\"},\"url\":\"https:\\\/\\\/regiaonews.net.br\\\/2022\\\/author\\\/roberto\\\/\"}]}<\/script>\n<!-- \/ Yoast SEO plugin. -->","yoast_head_json":{"title":"Hospitais de SP t\u00eam falta de profissionais de sa\u00fade para UTIs, dizem m\u00e9dicos - Regi\u00e3o News","robots":{"index":"index","follow":"follow","max-snippet":"max-snippet:-1","max-image-preview":"max-image-preview:large","max-video-preview":"max-video-preview:-1"},"canonical":"https:\/\/regiaonews.net.br\/2022\/2021\/03\/13\/hospitais-de-sp-tem-falta-de-profissionais-de-saude-para-utis-dizem-medicos\/","og_locale":"pt_BR","og_type":"article","og_title":"Hospitais de SP t\u00eam falta de profissionais de sa\u00fade para UTIs, dizem m\u00e9dicos - Regi\u00e3o News","og_description":"A falta de leitos nas unidades de terapia intensiva (UTIs)","og_url":"https:\/\/regiaonews.net.br\/2022\/2021\/03\/13\/hospitais-de-sp-tem-falta-de-profissionais-de-saude-para-utis-dizem-medicos\/","og_site_name":"Regi\u00e3o News","article_published_time":"2021-03-13T12:20:20+00:00","og_image":[{"width":1170,"height":700,"url":"https:\/\/regiaonews.net.br\/2022\/wp-content\/uploads\/2020\/06\/hcpa_oo0017160620.jpg","type":"image\/jpeg"}],"author":"Roberto","twitter_card":"summary_large_image","twitter_misc":{"Escrito por":"Roberto","Est. tempo de leitura":"2 minutos"},"schema":{"@context":"https:\/\/schema.org","@graph":[{"@type":"Article","@id":"https:\/\/regiaonews.net.br\/2022\/2021\/03\/13\/hospitais-de-sp-tem-falta-de-profissionais-de-saude-para-utis-dizem-medicos\/#article","isPartOf":{"@id":"https:\/\/regiaonews.net.br\/2022\/2021\/03\/13\/hospitais-de-sp-tem-falta-de-profissionais-de-saude-para-utis-dizem-medicos\/"},"author":{"name":"Roberto","@id":"https:\/\/regiaonews.net.br\/2022\/#\/schema\/person\/2d205a608a5aa97ac279d7a5e6d89ad8"},"headline":"Hospitais de SP t\u00eam falta de profissionais de sa\u00fade para UTIs, dizem m\u00e9dicos","datePublished":"2021-03-13T12:20:20+00:00","mainEntityOfPage":{"@id":"https:\/\/regiaonews.net.br\/2022\/2021\/03\/13\/hospitais-de-sp-tem-falta-de-profissionais-de-saude-para-utis-dizem-medicos\/"},"wordCount":390,"commentCount":0,"publisher":{"@id":"https:\/\/regiaonews.net.br\/2022\/#organization"},"image":{"@id":"https:\/\/regiaonews.net.br\/2022\/2021\/03\/13\/hospitais-de-sp-tem-falta-de-profissionais-de-saude-para-utis-dizem-medicos\/#primaryimage"},"thumbnailUrl":"https:\/\/regiaonews.net.br\/2022\/wp-content\/uploads\/2020\/06\/hcpa_oo0017160620.jpg","articleSection":["Cidades","Estado de S\u00e3o Paulo"],"inLanguage":"pt-BR","potentialAction":[{"@type":"CommentAction","name":"Comment","target":["https:\/\/regiaonews.net.br\/2022\/2021\/03\/13\/hospitais-de-sp-tem-falta-de-profissionais-de-saude-para-utis-dizem-medicos\/#respond"]}]},{"@type":"WebPage","@id":"https:\/\/regiaonews.net.br\/2022\/2021\/03\/13\/hospitais-de-sp-tem-falta-de-profissionais-de-saude-para-utis-dizem-medicos\/","url":"https:\/\/regiaonews.net.br\/2022\/2021\/03\/13\/hospitais-de-sp-tem-falta-de-profissionais-de-saude-para-utis-dizem-medicos\/","name":"Hospitais de SP t\u00eam falta de profissionais de sa\u00fade para UTIs, dizem m\u00e9dicos - Regi\u00e3o News","isPartOf":{"@id":"https:\/\/regiaonews.net.br\/2022\/#website"},"primaryImageOfPage":{"@id":"https:\/\/regiaonews.net.br\/2022\/2021\/03\/13\/hospitais-de-sp-tem-falta-de-profissionais-de-saude-para-utis-dizem-medicos\/#primaryimage"},"image":{"@id":"https:\/\/regiaonews.net.br\/2022\/2021\/03\/13\/hospitais-de-sp-tem-falta-de-profissionais-de-saude-para-utis-dizem-medicos\/#primaryimage"},"thumbnailUrl":"https:\/\/regiaonews.net.br\/2022\/wp-content\/uploads\/2020\/06\/hcpa_oo0017160620.jpg","datePublished":"2021-03-13T12:20:20+00:00","breadcrumb":{"@id":"https:\/\/regiaonews.net.br\/2022\/2021\/03\/13\/hospitais-de-sp-tem-falta-de-profissionais-de-saude-para-utis-dizem-medicos\/#breadcrumb"},"inLanguage":"pt-BR","potentialAction":[{"@type":"ReadAction","target":["https:\/\/regiaonews.net.br\/2022\/2021\/03\/13\/hospitais-de-sp-tem-falta-de-profissionais-de-saude-para-utis-dizem-medicos\/"]}]},{"@type":"ImageObject","inLanguage":"pt-BR","@id":"https:\/\/regiaonews.net.br\/2022\/2021\/03\/13\/hospitais-de-sp-tem-falta-de-profissionais-de-saude-para-utis-dizem-medicos\/#primaryimage","url":"https:\/\/regiaonews.net.br\/2022\/wp-content\/uploads\/2020\/06\/hcpa_oo0017160620.jpg","contentUrl":"https:\/\/regiaonews.net.br\/2022\/wp-content\/uploads\/2020\/06\/hcpa_oo0017160620.jpg","width":1170,"height":700,"caption":"O Hospital de Cl\u00ednicas de Porto Alegre (HCPA) ampliou sua capacidade de atendimento para pacientes de coronav\u00edrus que precisam de terapia intensiva. A institui\u00e7\u00e3o passou a contar com 99 leitos em um novo Centro de Terapia Intensiva (CTI). At\u00e9 mar\u00e7o, a unidade contava com 53 leitos."},{"@type":"BreadcrumbList","@id":"https:\/\/regiaonews.net.br\/2022\/2021\/03\/13\/hospitais-de-sp-tem-falta-de-profissionais-de-saude-para-utis-dizem-medicos\/#breadcrumb","itemListElement":[{"@type":"ListItem","position":1,"name":"In\u00edcio","item":"https:\/\/regiaonews.net.br\/2022\/"},{"@type":"ListItem","position":2,"name":"Hospitais de SP t\u00eam falta de profissionais de sa\u00fade para UTIs, dizem m\u00e9dicos"}]},{"@type":"WebSite","@id":"https:\/\/regiaonews.net.br\/2022\/#website","url":"https:\/\/regiaonews.net.br\/2022\/","name":"Regi\u00e3o News","description":"Site de Not\u00edcias de Barretos e regi\u00e3o","publisher":{"@id":"https:\/\/regiaonews.net.br\/2022\/#organization"},"potentialAction":[{"@type":"SearchAction","target":{"@type":"EntryPoint","urlTemplate":"https:\/\/regiaonews.net.br\/2022\/?s={search_term_string}"},"query-input":{"@type":"PropertyValueSpecification","valueRequired":true,"valueName":"search_term_string"}}],"inLanguage":"pt-BR"},{"@type":"Organization","@id":"https:\/\/regiaonews.net.br\/2022\/#organization","name":"Regi\u00e3o News","url":"https:\/\/regiaonews.net.br\/2022\/","logo":{"@type":"ImageObject","inLanguage":"pt-BR","@id":"https:\/\/regiaonews.net.br\/2022\/#\/schema\/logo\/image\/","url":"https:\/\/regiaonews.net.br\/2022\/wp-content\/uploads\/2026\/03\/regiao-13-anos-scaled.jpg","contentUrl":"https:\/\/regiaonews.net.br\/2022\/wp-content\/uploads\/2026\/03\/regiao-13-anos-scaled.jpg","width":2560,"height":635,"caption":"Regi\u00e3o News"},"image":{"@id":"https:\/\/regiaonews.net.br\/2022\/#\/schema\/logo\/image\/"}},{"@type":"Person","@id":"https:\/\/regiaonews.net.br\/2022\/#\/schema\/person\/2d205a608a5aa97ac279d7a5e6d89ad8","name":"Roberto","image":{"@type":"ImageObject","inLanguage":"pt-BR","@id":"https:\/\/secure.gravatar.com\/avatar\/42749d8b712ff9d59ca93dc150494e5b55a44134482993f5baeb97e61b7ecc89?s=96&d=mm&r=g","url":"https:\/\/secure.gravatar.com\/avatar\/42749d8b712ff9d59ca93dc150494e5b55a44134482993f5baeb97e61b7ecc89?s=96&d=mm&r=g","contentUrl":"https:\/\/secure.gravatar.com\/avatar\/42749d8b712ff9d59ca93dc150494e5b55a44134482993f5baeb97e61b7ecc89?s=96&d=mm&r=g","caption":"Roberto"},"url":"https:\/\/regiaonews.net.br\/2022\/author\/roberto\/"}]}},"publishpress_future_action":{"enabled":false,"date":"2026-05-04 02:03:28","action":"change-status","newStatus":"draft","terms":[],"taxonomy":"category","extraData":[]},"publishpress_future_workflow_manual_trigger":{"enabledWorkflows":[]},"_links":{"self":[{"href":"https:\/\/regiaonews.net.br\/2022\/wp-json\/wp\/v2\/posts\/43966","targetHints":{"allow":["GET"]}}],"collection":[{"href":"https:\/\/regiaonews.net.br\/2022\/wp-json\/wp\/v2\/posts"}],"about":[{"href":"https:\/\/regiaonews.net.br\/2022\/wp-json\/wp\/v2\/types\/post"}],"author":[{"embeddable":true,"href":"https:\/\/regiaonews.net.br\/2022\/wp-json\/wp\/v2\/users\/2"}],"replies":[{"embeddable":true,"href":"https:\/\/regiaonews.net.br\/2022\/wp-json\/wp\/v2\/comments?post=43966"}],"version-history":[{"count":0,"href":"https:\/\/regiaonews.net.br\/2022\/wp-json\/wp\/v2\/posts\/43966\/revisions"}],"wp:featuredmedia":[{"embeddable":true,"href":"https:\/\/regiaonews.net.br\/2022\/wp-json\/wp\/v2\/media\/34429"}],"wp:attachment":[{"href":"https:\/\/regiaonews.net.br\/2022\/wp-json\/wp\/v2\/media?parent=43966"}],"wp:term":[{"taxonomy":"category","embeddable":true,"href":"https:\/\/regiaonews.net.br\/2022\/wp-json\/wp\/v2\/categories?post=43966"},{"taxonomy":"post_tag","embeddable":true,"href":"https:\/\/regiaonews.net.br\/2022\/wp-json\/wp\/v2\/tags?post=43966"}],"curies":[{"name":"wp","href":"https:\/\/api.w.org\/{rel}","templated":true}]}}