{"id":43958,"date":"2021-03-13T07:10:14","date_gmt":"2021-03-13T10:10:14","guid":{"rendered":"https:\/\/regiaonews.net.br\/2022\/?p=43958"},"modified":"2021-03-13T07:10:14","modified_gmt":"2021-03-13T10:10:14","slug":"piora-estado-de-saude-do-senador-major-olimpio-internado-com-covid-em-sp-dizem-amigos","status":"publish","type":"post","link":"https:\/\/regiaonews.net.br\/2022\/2021\/03\/13\/piora-estado-de-saude-do-senador-major-olimpio-internado-com-covid-em-sp-dizem-amigos\/","title":{"rendered":"Piora estado de sa\u00fade do senador major Ol\u00edmpio, internado com Covid em SP, dizem amigos"},"content":{"rendered":"<p><a href=\"https:\/\/regiaonews.net.br\/2022\/wp-content\/uploads\/2021\/03\/senador-major-olimpio-.jpg\"><img loading=\"lazy\" decoding=\"async\" class=\"alignnone size-medium wp-image-43959\" src=\"https:\/\/regiaonews.net.br\/2022\/wp-content\/uploads\/2021\/03\/senador-major-olimpio--300x194.jpg\" alt=\"\" width=\"300\" height=\"194\" \/><\/a><\/p>\n<p class=\"content-head__subtitle\">Fam\u00edlia diz que quadro do senador do PSL &#8216;requer cuidados&#8217; e n\u00e3o confirma nem nega entuba\u00e7\u00e3o. Ol\u00edmpio est\u00e1 com quadro de infec\u00e7\u00e3o ap\u00f3s ter sido diagnosticado com Covid-19 em 2 de mar\u00e7o.<\/p>\n<div class=\"mc-column content-text active-extra-styles \" data-block-type=\"unstyled\" data-block-weight=\"53\" data-block-id=\"2\">\n<p class=\"content-text__container \" data-track-category=\"Link no Texto\" data-track-links=\"\">Agravou-se, nas \u00faltimas horas, o estado de sa\u00fade do senador\u00a0<a href=\"https:\/\/g1.globo.com\/politica\/politico\/sergio-olimpio-gomes\/\">Major Ol\u00edmpio<\/a>\u00a0(PSL-SP), de 58 anos,\u00a0<a href=\"https:\/\/g1.globo.com\/sp\/sao-paulo\/noticia\/2021\/03\/05\/senador-major-olimpio-e-internado-em-sp-com-covid-19.ghtml\">internado com Covid-19 em uma unidade de tratamento intensivo (UTI) do Hospital S\u00e3o Camilo, em\u00a0<\/a>S\u00e3o Paulo, ap\u00f3s ter sido diagnosticado com a doen\u00e7a em 2 de mar\u00e7o. Ele est\u00e1 na UTI desde o dia 5.<\/p>\n<\/div>\n<div class=\"wall protected-content\">\n<div class=\"mc-column content-text active-extra-styles \" data-block-type=\"unstyled\" data-block-weight=\"38\" data-block-id=\"3\">\n<p class=\"content-text__container \" data-track-category=\"Link no Texto\" data-track-links=\"\">Segundo amigos pr\u00f3ximos do senador, que passaram o dia em ora\u00e7\u00f5es, a situa\u00e7\u00e3o piorou nesta sexta-feira (12). A fam\u00edlia n\u00e3o confirma nem nega que ele esteja entubado e assessores do parlamentar afirmaram que n\u00e3o poderiam dar a informa\u00e7\u00e3o.<\/p>\n<\/div>\n<div class=\"mc-column content-text active-extra-styles \" data-block-type=\"unstyled\" data-block-weight=\"56\" data-block-id=\"4\">\n<p class=\"content-text__container \" data-track-category=\"Link no Texto\" data-track-links=\"\">Entre amigos pr\u00f3ximos, firmou-se uma corrente de ora\u00e7\u00f5es e conversas em grupos de mensagens de otimismo para que o senador, que j\u00e1 foi deputado federal e estadual por S\u00e3o Paulo, consiga ter for\u00e7as para sair da UTI e vencer a doen\u00e7a. Amigos tamb\u00e9m postaram nas redes sociais mensagens pedindo apoio a apoiadores do senador do PSL.<\/p>\n<\/div>\n<div class=\"mc-column content-text active-extra-styles \" data-block-type=\"unstyled\" data-block-weight=\"22\" data-block-id=\"5\">\n<p class=\"content-text__container \" data-track-category=\"Link no Texto\" data-track-links=\"\">&#8220;Sei que o estado dele est\u00e1 punk, piorou de ontem (quinta-feira, 11) para hoje (sexta-feira, 12)&#8221;, disse ao\u00a0<strong>G1<\/strong>\u00a0uma amiga pr\u00f3xima.<\/p>\n<\/div>\n<div class=\"mc-column content-text active-extra-styles \" data-block-type=\"unstyled\" data-block-weight=\"38\" data-block-id=\"6\">\n<p class=\"content-text__container \" data-track-category=\"Link no Texto\" data-track-links=\"\">A fam\u00edlia divulgou que &#8220;o quadro requer cuidados&#8221;. &#8220;Pedimos a imprensa que respeite o momento, que ser\u00e1 de recolhimento e de foco no tratamento. Continuemos em ora\u00e7\u00e3o pelo seu restabelecimento e de todos neste momento&#8221;, escreveu a fam\u00edlia.<\/p>\n<div class=\"mc-column content-text active-extra-styles \" data-block-type=\"unstyled\" data-block-weight=\"22\" data-block-id=\"9\">\n<p class=\"content-text__container \" data-track-category=\"Link no Texto\" data-track-links=\"\">O senador est\u00e1 na UTI, por recomenda\u00e7\u00e3o m\u00e9dica, desde o dia 5 de mar\u00e7o, para tratamento de um quadro de infec\u00e7\u00e3o.<\/p>\n<\/div>\n<div class=\"mc-column content-text active-extra-styles \" data-block-type=\"unstyled\" data-block-weight=\"55\" data-block-id=\"10\">\n<p class=\"content-text__container \" data-track-category=\"Link no Texto\" data-track-links=\"\">&#8220;Informamos que o Senador Major Olimpio ainda est\u00e1 na UTI devido a recomenda\u00e7\u00e3o m\u00e9dica para tratamento de um quadro de infec\u00e7\u00e3o, mas conforme anteriormente informado n\u00e3o houve e, se Deus quiser, n\u00e3o haver\u00e1 necessidade de intuba\u00e7\u00e3o. Agradecemos a todos pelas ora\u00e7\u00f5es e todo apoio&#8221;, disse a nova oficial do gabinete dele em 5 de mar\u00e7o.<\/p>\n<\/div>\n<div class=\"row medium-uncollapsed content-media content-photo\" data-block-type=\"backstage-photo\" data-block-id=\"11\">\n<div class=\"mc-column content-media__container\">\n<div class=\"content-media-container glb-skeleton-box\">fonte : G1<\/div>\n<\/div>\n<\/div>\n<\/div>\n<div class=\"content-ads content-ads--reveal\" data-block-type=\"ads\" data-block-id=\"7\">\n<div id=\"banner_materia2\" class=\"tag-manager-publicidade-container mc-has-reveal mc-has-ad-lazyload tag-manager-publicidade-banner_materia2 tag-manager-publicidade-container--carregado tag-manager-publicidade-container--visivel\" data-id=\"banner_materia2\" data-req=\"true\" data-google-query-id=\"CNHQu4GDre8CFV0wuQYddywH4Q\" data-cid=\"138341765644\" data-lid=\"5630546364\">\n<div id=\"google_ads_iframe_\/95377733\/tvg_G1\/Sua_Regiao&gt;Sudeste&gt;Sao_Paulo_3__container__\" style=\"box-sizing: inherit; margin: auto; padding: 0px; border: 0pt none; font: inherit; vertical-align: initial; max-width: 100%; text-align: center; width: 970px; height: 250px;\"><iframe loading=\"lazy\" id=\"google_ads_iframe_\/95377733\/tvg_G1\/Sua_Regiao&gt;Sudeste&gt;Sao_Paulo_3\" style=\"box-sizing: inherit; margin: 0px; padding: 0px; border: 0px; font: inherit; vertical-align: bottom;\" title=\"3rd party ad content\" src=\"https:\/\/tpc.googlesyndication.com\/safeframe\/1-0-38\/html\/container.html\" name=\"\" width=\"970\" height=\"250\" frameborder=\"0\" marginwidth=\"0\" marginheight=\"0\" scrolling=\"no\" sandbox=\"allow-forms allow-popups allow-popups-to-escape-sandbox allow-same-origin allow-scripts allow-top-navigation-by-user-activation\" data-is-safeframe=\"true\" data-google-container-id=\"4\" data-load-complete=\"true\" data-mce-fragment=\"1\"><\/iframe><\/div>\n<\/div>\n<\/div>\n<div class=\"row medium-uncollapsed content-media content-photo\" data-block-type=\"backstage-photo\" data-block-id=\"8\">\n<div class=\"mc-column content-media__container\">\n<div class=\"content-media-container glb-skeleton-box\"><\/div>\n<\/div>\n<\/div>\n<\/div>\n","protected":false},"excerpt":{"rendered":"<p>Fam\u00edlia diz que quadro do senador do PSL &#8216;requer cuidados&#8217;<\/p>\n","protected":false},"author":2,"featured_media":43959,"comment_status":"open","ping_status":"open","sticky":false,"template":"","format":"standard","meta":{"footnotes":""},"categories":[7],"tags":[],"class_list":["post-43958","post","type-post","status-publish","format-standard","has-post-thumbnail","hentry","category-estado-de-sao-paulo"],"yoast_head":"<!-- This site is optimized with the Yoast SEO plugin v27.4 - https:\/\/yoast.com\/product\/yoast-seo-wordpress\/ -->\n<title>Piora estado de sa\u00fade do senador major Ol\u00edmpio, internado com Covid em SP, dizem amigos - Regi\u00e3o News<\/title>\n<meta name=\"robots\" content=\"index, follow, max-snippet:-1, max-image-preview:large, max-video-preview:-1\" \/>\n<link rel=\"canonical\" href=\"https:\/\/regiaonews.net.br\/2022\/2021\/03\/13\/piora-estado-de-saude-do-senador-major-olimpio-internado-com-covid-em-sp-dizem-amigos\/\" \/>\n<meta property=\"og:locale\" content=\"pt_BR\" \/>\n<meta property=\"og:type\" content=\"article\" \/>\n<meta property=\"og:title\" content=\"Piora estado de sa\u00fade do senador major Ol\u00edmpio, internado com Covid em SP, dizem amigos - Regi\u00e3o News\" \/>\n<meta property=\"og:description\" content=\"Fam\u00edlia diz que quadro do senador do PSL &#8216;requer cuidados&#8217;\" \/>\n<meta property=\"og:url\" content=\"https:\/\/regiaonews.net.br\/2022\/2021\/03\/13\/piora-estado-de-saude-do-senador-major-olimpio-internado-com-covid-em-sp-dizem-amigos\/\" \/>\n<meta property=\"og:site_name\" content=\"Regi\u00e3o News\" \/>\n<meta property=\"article:published_time\" content=\"2021-03-13T10:10:14+00:00\" \/>\n<meta property=\"og:image\" content=\"https:\/\/regiaonews.net.br\/2022\/wp-content\/uploads\/2021\/03\/senador-major-olimpio-.jpg\" \/>\n\t<meta property=\"og:image:width\" content=\"984\" \/>\n\t<meta property=\"og:image:height\" content=\"637\" \/>\n\t<meta property=\"og:image:type\" content=\"image\/jpeg\" \/>\n<meta name=\"author\" content=\"Roberto\" \/>\n<meta name=\"twitter:card\" content=\"summary_large_image\" \/>\n<meta name=\"twitter:label1\" content=\"Escrito por\" \/>\n\t<meta name=\"twitter:data1\" content=\"Roberto\" \/>\n\t<meta name=\"twitter:label2\" content=\"Est. tempo de leitura\" \/>\n\t<meta name=\"twitter:data2\" content=\"2 minutos\" \/>\n<script type=\"application\/ld+json\" class=\"yoast-schema-graph\">{\"@context\":\"https:\\\/\\\/schema.org\",\"@graph\":[{\"@type\":\"Article\",\"@id\":\"https:\\\/\\\/regiaonews.net.br\\\/2022\\\/2021\\\/03\\\/13\\\/piora-estado-de-saude-do-senador-major-olimpio-internado-com-covid-em-sp-dizem-amigos\\\/#article\",\"isPartOf\":{\"@id\":\"https:\\\/\\\/regiaonews.net.br\\\/2022\\\/2021\\\/03\\\/13\\\/piora-estado-de-saude-do-senador-major-olimpio-internado-com-covid-em-sp-dizem-amigos\\\/\"},\"author\":{\"name\":\"Roberto\",\"@id\":\"https:\\\/\\\/regiaonews.net.br\\\/2022\\\/#\\\/schema\\\/person\\\/2d205a608a5aa97ac279d7a5e6d89ad8\"},\"headline\":\"Piora estado de sa\u00fade do senador major Ol\u00edmpio, internado com Covid em SP, dizem amigos\",\"datePublished\":\"2021-03-13T10:10:14+00:00\",\"mainEntityOfPage\":{\"@id\":\"https:\\\/\\\/regiaonews.net.br\\\/2022\\\/2021\\\/03\\\/13\\\/piora-estado-de-saude-do-senador-major-olimpio-internado-com-covid-em-sp-dizem-amigos\\\/\"},\"wordCount\":367,\"commentCount\":0,\"publisher\":{\"@id\":\"https:\\\/\\\/regiaonews.net.br\\\/2022\\\/#organization\"},\"image\":{\"@id\":\"https:\\\/\\\/regiaonews.net.br\\\/2022\\\/2021\\\/03\\\/13\\\/piora-estado-de-saude-do-senador-major-olimpio-internado-com-covid-em-sp-dizem-amigos\\\/#primaryimage\"},\"thumbnailUrl\":\"https:\\\/\\\/regiaonews.net.br\\\/2022\\\/wp-content\\\/uploads\\\/2021\\\/03\\\/senador-major-olimpio-.jpg\",\"articleSection\":[\"Estado de S\u00e3o Paulo\"],\"inLanguage\":\"pt-BR\",\"potentialAction\":[{\"@type\":\"CommentAction\",\"name\":\"Comment\",\"target\":[\"https:\\\/\\\/regiaonews.net.br\\\/2022\\\/2021\\\/03\\\/13\\\/piora-estado-de-saude-do-senador-major-olimpio-internado-com-covid-em-sp-dizem-amigos\\\/#respond\"]}]},{\"@type\":\"WebPage\",\"@id\":\"https:\\\/\\\/regiaonews.net.br\\\/2022\\\/2021\\\/03\\\/13\\\/piora-estado-de-saude-do-senador-major-olimpio-internado-com-covid-em-sp-dizem-amigos\\\/\",\"url\":\"https:\\\/\\\/regiaonews.net.br\\\/2022\\\/2021\\\/03\\\/13\\\/piora-estado-de-saude-do-senador-major-olimpio-internado-com-covid-em-sp-dizem-amigos\\\/\",\"name\":\"Piora estado de sa\u00fade do senador major Ol\u00edmpio, internado com Covid em SP, dizem amigos - Regi\u00e3o News\",\"isPartOf\":{\"@id\":\"https:\\\/\\\/regiaonews.net.br\\\/2022\\\/#website\"},\"primaryImageOfPage\":{\"@id\":\"https:\\\/\\\/regiaonews.net.br\\\/2022\\\/2021\\\/03\\\/13\\\/piora-estado-de-saude-do-senador-major-olimpio-internado-com-covid-em-sp-dizem-amigos\\\/#primaryimage\"},\"image\":{\"@id\":\"https:\\\/\\\/regiaonews.net.br\\\/2022\\\/2021\\\/03\\\/13\\\/piora-estado-de-saude-do-senador-major-olimpio-internado-com-covid-em-sp-dizem-amigos\\\/#primaryimage\"},\"thumbnailUrl\":\"https:\\\/\\\/regiaonews.net.br\\\/2022\\\/wp-content\\\/uploads\\\/2021\\\/03\\\/senador-major-olimpio-.jpg\",\"datePublished\":\"2021-03-13T10:10:14+00:00\",\"breadcrumb\":{\"@id\":\"https:\\\/\\\/regiaonews.net.br\\\/2022\\\/2021\\\/03\\\/13\\\/piora-estado-de-saude-do-senador-major-olimpio-internado-com-covid-em-sp-dizem-amigos\\\/#breadcrumb\"},\"inLanguage\":\"pt-BR\",\"potentialAction\":[{\"@type\":\"ReadAction\",\"target\":[\"https:\\\/\\\/regiaonews.net.br\\\/2022\\\/2021\\\/03\\\/13\\\/piora-estado-de-saude-do-senador-major-olimpio-internado-com-covid-em-sp-dizem-amigos\\\/\"]}]},{\"@type\":\"ImageObject\",\"inLanguage\":\"pt-BR\",\"@id\":\"https:\\\/\\\/regiaonews.net.br\\\/2022\\\/2021\\\/03\\\/13\\\/piora-estado-de-saude-do-senador-major-olimpio-internado-com-covid-em-sp-dizem-amigos\\\/#primaryimage\",\"url\":\"https:\\\/\\\/regiaonews.net.br\\\/2022\\\/wp-content\\\/uploads\\\/2021\\\/03\\\/senador-major-olimpio-.jpg\",\"contentUrl\":\"https:\\\/\\\/regiaonews.net.br\\\/2022\\\/wp-content\\\/uploads\\\/2021\\\/03\\\/senador-major-olimpio-.jpg\",\"width\":984,\"height\":637},{\"@type\":\"BreadcrumbList\",\"@id\":\"https:\\\/\\\/regiaonews.net.br\\\/2022\\\/2021\\\/03\\\/13\\\/piora-estado-de-saude-do-senador-major-olimpio-internado-com-covid-em-sp-dizem-amigos\\\/#breadcrumb\",\"itemListElement\":[{\"@type\":\"ListItem\",\"position\":1,\"name\":\"In\u00edcio\",\"item\":\"https:\\\/\\\/regiaonews.net.br\\\/2022\\\/\"},{\"@type\":\"ListItem\",\"position\":2,\"name\":\"Piora estado de sa\u00fade do senador major Ol\u00edmpio, internado com Covid em SP, dizem amigos\"}]},{\"@type\":\"WebSite\",\"@id\":\"https:\\\/\\\/regiaonews.net.br\\\/2022\\\/#website\",\"url\":\"https:\\\/\\\/regiaonews.net.br\\\/2022\\\/\",\"name\":\"Regi\u00e3o News\",\"description\":\"Site de Not\u00edcias de Barretos e regi\u00e3o\",\"publisher\":{\"@id\":\"https:\\\/\\\/regiaonews.net.br\\\/2022\\\/#organization\"},\"potentialAction\":[{\"@type\":\"SearchAction\",\"target\":{\"@type\":\"EntryPoint\",\"urlTemplate\":\"https:\\\/\\\/regiaonews.net.br\\\/2022\\\/?s={search_term_string}\"},\"query-input\":{\"@type\":\"PropertyValueSpecification\",\"valueRequired\":true,\"valueName\":\"search_term_string\"}}],\"inLanguage\":\"pt-BR\"},{\"@type\":\"Organization\",\"@id\":\"https:\\\/\\\/regiaonews.net.br\\\/2022\\\/#organization\",\"name\":\"Regi\u00e3o News\",\"url\":\"https:\\\/\\\/regiaonews.net.br\\\/2022\\\/\",\"logo\":{\"@type\":\"ImageObject\",\"inLanguage\":\"pt-BR\",\"@id\":\"https:\\\/\\\/regiaonews.net.br\\\/2022\\\/#\\\/schema\\\/logo\\\/image\\\/\",\"url\":\"https:\\\/\\\/regiaonews.net.br\\\/2022\\\/wp-content\\\/uploads\\\/2026\\\/03\\\/regiao-13-anos-scaled.jpg\",\"contentUrl\":\"https:\\\/\\\/regiaonews.net.br\\\/2022\\\/wp-content\\\/uploads\\\/2026\\\/03\\\/regiao-13-anos-scaled.jpg\",\"width\":2560,\"height\":635,\"caption\":\"Regi\u00e3o News\"},\"image\":{\"@id\":\"https:\\\/\\\/regiaonews.net.br\\\/2022\\\/#\\\/schema\\\/logo\\\/image\\\/\"}},{\"@type\":\"Person\",\"@id\":\"https:\\\/\\\/regiaonews.net.br\\\/2022\\\/#\\\/schema\\\/person\\\/2d205a608a5aa97ac279d7a5e6d89ad8\",\"name\":\"Roberto\",\"image\":{\"@type\":\"ImageObject\",\"inLanguage\":\"pt-BR\",\"@id\":\"https:\\\/\\\/secure.gravatar.com\\\/avatar\\\/42749d8b712ff9d59ca93dc150494e5b55a44134482993f5baeb97e61b7ecc89?s=96&d=mm&r=g\",\"url\":\"https:\\\/\\\/secure.gravatar.com\\\/avatar\\\/42749d8b712ff9d59ca93dc150494e5b55a44134482993f5baeb97e61b7ecc89?s=96&d=mm&r=g\",\"contentUrl\":\"https:\\\/\\\/secure.gravatar.com\\\/avatar\\\/42749d8b712ff9d59ca93dc150494e5b55a44134482993f5baeb97e61b7ecc89?s=96&d=mm&r=g\",\"caption\":\"Roberto\"},\"url\":\"https:\\\/\\\/regiaonews.net.br\\\/2022\\\/author\\\/roberto\\\/\"}]}<\/script>\n<!-- \/ Yoast SEO plugin. -->","yoast_head_json":{"title":"Piora estado de sa\u00fade do senador major Ol\u00edmpio, internado com Covid em SP, dizem amigos - Regi\u00e3o News","robots":{"index":"index","follow":"follow","max-snippet":"max-snippet:-1","max-image-preview":"max-image-preview:large","max-video-preview":"max-video-preview:-1"},"canonical":"https:\/\/regiaonews.net.br\/2022\/2021\/03\/13\/piora-estado-de-saude-do-senador-major-olimpio-internado-com-covid-em-sp-dizem-amigos\/","og_locale":"pt_BR","og_type":"article","og_title":"Piora estado de sa\u00fade do senador major Ol\u00edmpio, internado com Covid em SP, dizem amigos - Regi\u00e3o News","og_description":"Fam\u00edlia diz que quadro do senador do PSL &#8216;requer cuidados&#8217;","og_url":"https:\/\/regiaonews.net.br\/2022\/2021\/03\/13\/piora-estado-de-saude-do-senador-major-olimpio-internado-com-covid-em-sp-dizem-amigos\/","og_site_name":"Regi\u00e3o News","article_published_time":"2021-03-13T10:10:14+00:00","og_image":[{"width":984,"height":637,"url":"https:\/\/regiaonews.net.br\/2022\/wp-content\/uploads\/2021\/03\/senador-major-olimpio-.jpg","type":"image\/jpeg"}],"author":"Roberto","twitter_card":"summary_large_image","twitter_misc":{"Escrito por":"Roberto","Est. tempo de leitura":"2 minutos"},"schema":{"@context":"https:\/\/schema.org","@graph":[{"@type":"Article","@id":"https:\/\/regiaonews.net.br\/2022\/2021\/03\/13\/piora-estado-de-saude-do-senador-major-olimpio-internado-com-covid-em-sp-dizem-amigos\/#article","isPartOf":{"@id":"https:\/\/regiaonews.net.br\/2022\/2021\/03\/13\/piora-estado-de-saude-do-senador-major-olimpio-internado-com-covid-em-sp-dizem-amigos\/"},"author":{"name":"Roberto","@id":"https:\/\/regiaonews.net.br\/2022\/#\/schema\/person\/2d205a608a5aa97ac279d7a5e6d89ad8"},"headline":"Piora estado de sa\u00fade do senador major Ol\u00edmpio, internado com Covid em SP, dizem amigos","datePublished":"2021-03-13T10:10:14+00:00","mainEntityOfPage":{"@id":"https:\/\/regiaonews.net.br\/2022\/2021\/03\/13\/piora-estado-de-saude-do-senador-major-olimpio-internado-com-covid-em-sp-dizem-amigos\/"},"wordCount":367,"commentCount":0,"publisher":{"@id":"https:\/\/regiaonews.net.br\/2022\/#organization"},"image":{"@id":"https:\/\/regiaonews.net.br\/2022\/2021\/03\/13\/piora-estado-de-saude-do-senador-major-olimpio-internado-com-covid-em-sp-dizem-amigos\/#primaryimage"},"thumbnailUrl":"https:\/\/regiaonews.net.br\/2022\/wp-content\/uploads\/2021\/03\/senador-major-olimpio-.jpg","articleSection":["Estado de S\u00e3o Paulo"],"inLanguage":"pt-BR","potentialAction":[{"@type":"CommentAction","name":"Comment","target":["https:\/\/regiaonews.net.br\/2022\/2021\/03\/13\/piora-estado-de-saude-do-senador-major-olimpio-internado-com-covid-em-sp-dizem-amigos\/#respond"]}]},{"@type":"WebPage","@id":"https:\/\/regiaonews.net.br\/2022\/2021\/03\/13\/piora-estado-de-saude-do-senador-major-olimpio-internado-com-covid-em-sp-dizem-amigos\/","url":"https:\/\/regiaonews.net.br\/2022\/2021\/03\/13\/piora-estado-de-saude-do-senador-major-olimpio-internado-com-covid-em-sp-dizem-amigos\/","name":"Piora estado de sa\u00fade do senador major Ol\u00edmpio, internado com Covid em SP, dizem amigos - Regi\u00e3o News","isPartOf":{"@id":"https:\/\/regiaonews.net.br\/2022\/#website"},"primaryImageOfPage":{"@id":"https:\/\/regiaonews.net.br\/2022\/2021\/03\/13\/piora-estado-de-saude-do-senador-major-olimpio-internado-com-covid-em-sp-dizem-amigos\/#primaryimage"},"image":{"@id":"https:\/\/regiaonews.net.br\/2022\/2021\/03\/13\/piora-estado-de-saude-do-senador-major-olimpio-internado-com-covid-em-sp-dizem-amigos\/#primaryimage"},"thumbnailUrl":"https:\/\/regiaonews.net.br\/2022\/wp-content\/uploads\/2021\/03\/senador-major-olimpio-.jpg","datePublished":"2021-03-13T10:10:14+00:00","breadcrumb":{"@id":"https:\/\/regiaonews.net.br\/2022\/2021\/03\/13\/piora-estado-de-saude-do-senador-major-olimpio-internado-com-covid-em-sp-dizem-amigos\/#breadcrumb"},"inLanguage":"pt-BR","potentialAction":[{"@type":"ReadAction","target":["https:\/\/regiaonews.net.br\/2022\/2021\/03\/13\/piora-estado-de-saude-do-senador-major-olimpio-internado-com-covid-em-sp-dizem-amigos\/"]}]},{"@type":"ImageObject","inLanguage":"pt-BR","@id":"https:\/\/regiaonews.net.br\/2022\/2021\/03\/13\/piora-estado-de-saude-do-senador-major-olimpio-internado-com-covid-em-sp-dizem-amigos\/#primaryimage","url":"https:\/\/regiaonews.net.br\/2022\/wp-content\/uploads\/2021\/03\/senador-major-olimpio-.jpg","contentUrl":"https:\/\/regiaonews.net.br\/2022\/wp-content\/uploads\/2021\/03\/senador-major-olimpio-.jpg","width":984,"height":637},{"@type":"BreadcrumbList","@id":"https:\/\/regiaonews.net.br\/2022\/2021\/03\/13\/piora-estado-de-saude-do-senador-major-olimpio-internado-com-covid-em-sp-dizem-amigos\/#breadcrumb","itemListElement":[{"@type":"ListItem","position":1,"name":"In\u00edcio","item":"https:\/\/regiaonews.net.br\/2022\/"},{"@type":"ListItem","position":2,"name":"Piora estado de sa\u00fade do senador major Ol\u00edmpio, internado com Covid em SP, dizem amigos"}]},{"@type":"WebSite","@id":"https:\/\/regiaonews.net.br\/2022\/#website","url":"https:\/\/regiaonews.net.br\/2022\/","name":"Regi\u00e3o News","description":"Site de Not\u00edcias de Barretos e regi\u00e3o","publisher":{"@id":"https:\/\/regiaonews.net.br\/2022\/#organization"},"potentialAction":[{"@type":"SearchAction","target":{"@type":"EntryPoint","urlTemplate":"https:\/\/regiaonews.net.br\/2022\/?s={search_term_string}"},"query-input":{"@type":"PropertyValueSpecification","valueRequired":true,"valueName":"search_term_string"}}],"inLanguage":"pt-BR"},{"@type":"Organization","@id":"https:\/\/regiaonews.net.br\/2022\/#organization","name":"Regi\u00e3o News","url":"https:\/\/regiaonews.net.br\/2022\/","logo":{"@type":"ImageObject","inLanguage":"pt-BR","@id":"https:\/\/regiaonews.net.br\/2022\/#\/schema\/logo\/image\/","url":"https:\/\/regiaonews.net.br\/2022\/wp-content\/uploads\/2026\/03\/regiao-13-anos-scaled.jpg","contentUrl":"https:\/\/regiaonews.net.br\/2022\/wp-content\/uploads\/2026\/03\/regiao-13-anos-scaled.jpg","width":2560,"height":635,"caption":"Regi\u00e3o News"},"image":{"@id":"https:\/\/regiaonews.net.br\/2022\/#\/schema\/logo\/image\/"}},{"@type":"Person","@id":"https:\/\/regiaonews.net.br\/2022\/#\/schema\/person\/2d205a608a5aa97ac279d7a5e6d89ad8","name":"Roberto","image":{"@type":"ImageObject","inLanguage":"pt-BR","@id":"https:\/\/secure.gravatar.com\/avatar\/42749d8b712ff9d59ca93dc150494e5b55a44134482993f5baeb97e61b7ecc89?s=96&d=mm&r=g","url":"https:\/\/secure.gravatar.com\/avatar\/42749d8b712ff9d59ca93dc150494e5b55a44134482993f5baeb97e61b7ecc89?s=96&d=mm&r=g","contentUrl":"https:\/\/secure.gravatar.com\/avatar\/42749d8b712ff9d59ca93dc150494e5b55a44134482993f5baeb97e61b7ecc89?s=96&d=mm&r=g","caption":"Roberto"},"url":"https:\/\/regiaonews.net.br\/2022\/author\/roberto\/"}]}},"publishpress_future_action":{"enabled":false,"date":"2026-05-04 00:18:28","action":"change-status","newStatus":"draft","terms":[],"taxonomy":"category","extraData":[]},"publishpress_future_workflow_manual_trigger":{"enabledWorkflows":[]},"_links":{"self":[{"href":"https:\/\/regiaonews.net.br\/2022\/wp-json\/wp\/v2\/posts\/43958","targetHints":{"allow":["GET"]}}],"collection":[{"href":"https:\/\/regiaonews.net.br\/2022\/wp-json\/wp\/v2\/posts"}],"about":[{"href":"https:\/\/regiaonews.net.br\/2022\/wp-json\/wp\/v2\/types\/post"}],"author":[{"embeddable":true,"href":"https:\/\/regiaonews.net.br\/2022\/wp-json\/wp\/v2\/users\/2"}],"replies":[{"embeddable":true,"href":"https:\/\/regiaonews.net.br\/2022\/wp-json\/wp\/v2\/comments?post=43958"}],"version-history":[{"count":0,"href":"https:\/\/regiaonews.net.br\/2022\/wp-json\/wp\/v2\/posts\/43958\/revisions"}],"wp:featuredmedia":[{"embeddable":true,"href":"https:\/\/regiaonews.net.br\/2022\/wp-json\/wp\/v2\/media\/43959"}],"wp:attachment":[{"href":"https:\/\/regiaonews.net.br\/2022\/wp-json\/wp\/v2\/media?parent=43958"}],"wp:term":[{"taxonomy":"category","embeddable":true,"href":"https:\/\/regiaonews.net.br\/2022\/wp-json\/wp\/v2\/categories?post=43958"},{"taxonomy":"post_tag","embeddable":true,"href":"https:\/\/regiaonews.net.br\/2022\/wp-json\/wp\/v2\/tags?post=43958"}],"curies":[{"name":"wp","href":"https:\/\/api.w.org\/{rel}","templated":true}]}}