{"id":43947,"date":"2021-03-12T18:02:04","date_gmt":"2021-03-12T21:02:04","guid":{"rendered":"https:\/\/regiaonews.net.br\/2022\/?p=43947"},"modified":"2021-03-12T18:03:05","modified_gmt":"2021-03-12T21:03:05","slug":"sp-bate-recorde-e-registra-521-mortes-por-covid-19-em-um-dia-estado-confirmou-1-obito-a-cada-3-minutos-nas-ultimas-24h","status":"publish","type":"post","link":"https:\/\/regiaonews.net.br\/2022\/2021\/03\/12\/sp-bate-recorde-e-registra-521-mortes-por-covid-19-em-um-dia-estado-confirmou-1-obito-a-cada-3-minutos-nas-ultimas-24h\/","title":{"rendered":"SP bate recorde e registra 521 mortes por Covid-19 em um dia; estado confirmou 1 \u00f3bito a cada 3 minutos nas \u00faltimas 24h"},"content":{"rendered":"<p><a href=\"https:\/\/regiaonews.net.br\/2022\/wp-content\/uploads\/2021\/03\/2021-03-09t215513z-32181527-rc2x7m96gcah-rtrmadp-3-health-coronavirus-brazil-1.jpg\"><img loading=\"lazy\" decoding=\"async\" class=\"alignnone size-medium wp-image-43948\" src=\"https:\/\/regiaonews.net.br\/2022\/wp-content\/uploads\/2021\/03\/2021-03-09t215513z-32181527-rc2x7m96gcah-rtrmadp-3-health-coronavirus-brazil-1-300x200.jpg\" alt=\"\" width=\"300\" height=\"200\" \/><\/a> <a href=\"https:\/\/regiaonews.net.br\/2022\/wp-content\/uploads\/2021\/03\/asi20210308035.jpg\"><img loading=\"lazy\" decoding=\"async\" class=\"alignnone size-medium wp-image-43949\" src=\"https:\/\/regiaonews.net.br\/2022\/wp-content\/uploads\/2021\/03\/asi20210308035-300x200.jpg\" alt=\"\" width=\"300\" height=\"200\" \/><\/a><\/p>\n<p class=\"content-head__subtitle\">Taxa m\u00e9dia de ocupa\u00e7\u00e3o de UTI, que chega perto de 90%, e n\u00famero de leitos ocupados por pacientes com Covid-19, que j\u00e1 \u00e9 47% maior do que o pico da 1\u00aa onda, tamb\u00e9m bateram recorde nesta sexta-feira (12) no estado. M\u00e9dia m\u00f3vel de mortes \u00e9 a maior da pandemia pelo 5\u00ba dia seguido.<\/p>\n<div class=\"mc-column content-text active-extra-styles \" data-block-type=\"unstyled\" data-block-weight=\"59\" data-block-id=\"2\">\n<p class=\"content-text__container \" data-track-category=\"Link no Texto\" data-track-links=\"\">O estado de\u00a0<a href=\"https:\/\/g1.globo.com\/sp\/sao-paulo\/\">S\u00e3o Paulo<\/a>\u00a0registrou nesta sexta-feira (12) o maior n\u00famero de mortes por\u00a0<a href=\"https:\/\/g1.globo.com\/bemestar\/coronavirus\/\">Covid-19<\/a>\u00a0em 24 horas desde o in\u00edcio da pandemia, com\u00a0<span class=\"highlight highlighted\">521 mortes confirmadas<\/span>\u00a0em um \u00fanico dia. O n\u00famero equivale a pouco\u00a0<span class=\"highlight highlighted\">mais de 1 morte a cada 3 minutos<\/span>. O total de \u00f3bitos provocados pelo coronav\u00edrus chegou a 63,5 mil no estado.<\/p>\n<\/div>\n<div class=\"wall protected-content\">\n<div class=\"mc-column content-text active-extra-styles \" data-block-type=\"unstyled\" data-block-weight=\"43\" data-block-id=\"3\">\n<p class=\"content-text__container \" data-track-category=\"Link no Texto\" data-track-links=\"\">Os novos registros n\u00e3o significam, necessariamente, que as mortes aconteceram de um dia para o outro, mas que foram computadas no sistema neste per\u00edodo. As notifica\u00e7\u00f5es costumam ser menores em finais de semana, feriados e segundas-feiras, por conta do atraso na contabiliza\u00e7\u00e3o.<\/p>\n<\/div>\n<div class=\"mc-column content-text active-extra-styles \" data-block-type=\"unstyled\" data-block-weight=\"48\" data-block-id=\"4\">\n<p class=\"content-text__container \" data-track-category=\"Link no Texto\" data-track-links=\"\">A m\u00e9dia m\u00f3vel de mortes, que considera os registros dos \u00faltimos sete dias, \u00e9 de\u00a0<span class=\"highlight highlighted\">352 \u00f3bitos<\/span>\u00a0nesta sexta,\u00a0<span class=\"highlight highlighted\">recorde pelo quinto dia seguido<\/span>. O valor \u00e9 46% maior do que o registrado h\u00e1 14 dias, o que para especialistas indica forte tend\u00eancia de alta da epidemia.<\/p>\n<div class=\"mc-column content-text active-extra-styles \" data-block-type=\"unstyled\" data-block-weight=\"28\" data-block-id=\"6\">\n<p class=\"content-text__container \" data-track-category=\"Link no Texto\" data-track-links=\"\">Como o c\u00e1lculo da m\u00e9dia m\u00f3vel leva em conta um per\u00edodo maior do que o registro di\u00e1rio, \u00e9 poss\u00edvel medir de forma mais fidedigna a tend\u00eancia da pandemia.<\/p>\n<\/div>\n<div class=\"mc-column content-text active-extra-styles \" data-block-type=\"unstyled\" data-block-weight=\"56\" data-block-id=\"7\">\n<p class=\"content-text__container \" data-track-category=\"Link no Texto\" data-track-links=\"\">O estado registrou tamb\u00e9m 15.720 novos casos confirmados de Covid-19 nas \u00faltimas 24 horas, elevando o total para 2.179.786 confirma\u00e7\u00f5es da doen\u00e7a desde o in\u00edcio da pandemia. A m\u00e9dia m\u00f3vel de casos foi de 12.266 casos por dia, um n\u00famero 30% maior do que o verificado 14 dias atr\u00e1s, o que tamb\u00e9m indica tend\u00eancia de alta.<\/p>\n<div class=\"mc-column content-text active-extra-styles\" data-block-type=\"raw\" data-block-weight=\"8\" data-block-id=\"8\">\n<div class=\"content-intertitle\">\n<h2>47% mais internados do que no 1\u00ba pico<\/h2>\n<\/div>\n<p>&nbsp;<\/p>\n<\/div>\n<div class=\"mc-column content-text active-extra-styles \" data-block-type=\"unstyled\" data-block-weight=\"62\" data-block-id=\"9\">\n<p class=\"content-text__container \" data-track-category=\"Link no Texto\" data-track-links=\"\">O n\u00famero de pacientes internados com sintomas da doen\u00e7a nesta sexta chegou a\u00a0<span class=\"highlight highlighted\">22.555 pessoas em todo o estado<\/span>, o maior desde o in\u00edcio da pandemia. Dentre os internados, 9.777 est\u00e3o em leitos de UTI e outros 12.778 em enfermarias, considerando hospitais p\u00fablicos e tamb\u00e9m particulares. O total de internados no estado est\u00e1 batendo recordes todos os dias desde 27 de fevereiro.<\/p>\n<p data-track-category=\"Link no Texto\" data-track-links=\"\">O n\u00famero demonstra que, nesta sexta, a\u00a0<span class=\"highlight highlighted\">quantidade de pessoas internadas com Covid-19 em S\u00e3o Paulo \u00e9 47% maior do que no pico da primeira onda<\/span> da doen\u00e7a. Em 14 de julho de 2020, quando ocorreu o recorde de pacientes internados do ano passado, eram 15.289 pessoas nesta condi\u00e7\u00e3o.<\/p>\n<p data-track-category=\"Link no Texto\" data-track-links=\"\">fonte : G1<\/p>\n<\/div>\n<\/div>\n<\/div>\n<\/div>\n","protected":false},"excerpt":{"rendered":"<p>Taxa m\u00e9dia de ocupa\u00e7\u00e3o de UTI, que chega perto de<\/p>\n","protected":false},"author":2,"featured_media":43949,"comment_status":"open","ping_status":"open","sticky":false,"template":"","format":"standard","meta":{"footnotes":""},"categories":[25,7],"tags":[],"class_list":["post-43947","post","type-post","status-publish","format-standard","has-post-thumbnail","hentry","category-cidades","category-estado-de-sao-paulo"],"yoast_head":"<!-- This site is optimized with the Yoast SEO plugin v27.4 - https:\/\/yoast.com\/product\/yoast-seo-wordpress\/ -->\n<title>SP bate recorde e registra 521 mortes por Covid-19 em um dia; estado confirmou 1 \u00f3bito a cada 3 minutos nas \u00faltimas 24h - Regi\u00e3o News<\/title>\n<meta name=\"robots\" content=\"index, follow, max-snippet:-1, max-image-preview:large, max-video-preview:-1\" \/>\n<link rel=\"canonical\" href=\"https:\/\/regiaonews.net.br\/2022\/2021\/03\/12\/sp-bate-recorde-e-registra-521-mortes-por-covid-19-em-um-dia-estado-confirmou-1-obito-a-cada-3-minutos-nas-ultimas-24h\/\" \/>\n<meta property=\"og:locale\" content=\"pt_BR\" \/>\n<meta property=\"og:type\" content=\"article\" \/>\n<meta property=\"og:title\" content=\"SP bate recorde e registra 521 mortes por Covid-19 em um dia; estado confirmou 1 \u00f3bito a cada 3 minutos nas \u00faltimas 24h - Regi\u00e3o News\" \/>\n<meta property=\"og:description\" content=\"Taxa m\u00e9dia de ocupa\u00e7\u00e3o de UTI, que chega perto de\" \/>\n<meta property=\"og:url\" content=\"https:\/\/regiaonews.net.br\/2022\/2021\/03\/12\/sp-bate-recorde-e-registra-521-mortes-por-covid-19-em-um-dia-estado-confirmou-1-obito-a-cada-3-minutos-nas-ultimas-24h\/\" \/>\n<meta property=\"og:site_name\" content=\"Regi\u00e3o News\" \/>\n<meta property=\"article:published_time\" content=\"2021-03-12T21:02:04+00:00\" \/>\n<meta property=\"article:modified_time\" content=\"2021-03-12T21:03:05+00:00\" \/>\n<meta property=\"og:image\" content=\"https:\/\/regiaonews.net.br\/2022\/wp-content\/uploads\/2021\/03\/asi20210308035.jpg\" \/>\n\t<meta property=\"og:image:width\" content=\"984\" \/>\n\t<meta property=\"og:image:height\" content=\"655\" \/>\n\t<meta property=\"og:image:type\" content=\"image\/jpeg\" \/>\n<meta name=\"author\" content=\"Roberto\" \/>\n<meta name=\"twitter:card\" content=\"summary_large_image\" \/>\n<meta name=\"twitter:label1\" content=\"Escrito por\" \/>\n\t<meta name=\"twitter:data1\" content=\"Roberto\" \/>\n\t<meta name=\"twitter:label2\" content=\"Est. tempo de leitura\" \/>\n\t<meta name=\"twitter:data2\" content=\"2 minutos\" \/>\n<script type=\"application\/ld+json\" class=\"yoast-schema-graph\">{\"@context\":\"https:\\\/\\\/schema.org\",\"@graph\":[{\"@type\":\"Article\",\"@id\":\"https:\\\/\\\/regiaonews.net.br\\\/2022\\\/2021\\\/03\\\/12\\\/sp-bate-recorde-e-registra-521-mortes-por-covid-19-em-um-dia-estado-confirmou-1-obito-a-cada-3-minutos-nas-ultimas-24h\\\/#article\",\"isPartOf\":{\"@id\":\"https:\\\/\\\/regiaonews.net.br\\\/2022\\\/2021\\\/03\\\/12\\\/sp-bate-recorde-e-registra-521-mortes-por-covid-19-em-um-dia-estado-confirmou-1-obito-a-cada-3-minutos-nas-ultimas-24h\\\/\"},\"author\":{\"name\":\"Roberto\",\"@id\":\"https:\\\/\\\/regiaonews.net.br\\\/2022\\\/#\\\/schema\\\/person\\\/2d205a608a5aa97ac279d7a5e6d89ad8\"},\"headline\":\"SP bate recorde e registra 521 mortes por Covid-19 em um dia; estado confirmou 1 \u00f3bito a cada 3 minutos nas \u00faltimas 24h\",\"datePublished\":\"2021-03-12T21:02:04+00:00\",\"dateModified\":\"2021-03-12T21:03:05+00:00\",\"mainEntityOfPage\":{\"@id\":\"https:\\\/\\\/regiaonews.net.br\\\/2022\\\/2021\\\/03\\\/12\\\/sp-bate-recorde-e-registra-521-mortes-por-covid-19-em-um-dia-estado-confirmou-1-obito-a-cada-3-minutos-nas-ultimas-24h\\\/\"},\"wordCount\":435,\"commentCount\":0,\"publisher\":{\"@id\":\"https:\\\/\\\/regiaonews.net.br\\\/2022\\\/#organization\"},\"image\":{\"@id\":\"https:\\\/\\\/regiaonews.net.br\\\/2022\\\/2021\\\/03\\\/12\\\/sp-bate-recorde-e-registra-521-mortes-por-covid-19-em-um-dia-estado-confirmou-1-obito-a-cada-3-minutos-nas-ultimas-24h\\\/#primaryimage\"},\"thumbnailUrl\":\"https:\\\/\\\/regiaonews.net.br\\\/2022\\\/wp-content\\\/uploads\\\/2021\\\/03\\\/asi20210308035.jpg\",\"articleSection\":[\"Cidades\",\"Estado de S\u00e3o Paulo\"],\"inLanguage\":\"pt-BR\",\"potentialAction\":[{\"@type\":\"CommentAction\",\"name\":\"Comment\",\"target\":[\"https:\\\/\\\/regiaonews.net.br\\\/2022\\\/2021\\\/03\\\/12\\\/sp-bate-recorde-e-registra-521-mortes-por-covid-19-em-um-dia-estado-confirmou-1-obito-a-cada-3-minutos-nas-ultimas-24h\\\/#respond\"]}]},{\"@type\":\"WebPage\",\"@id\":\"https:\\\/\\\/regiaonews.net.br\\\/2022\\\/2021\\\/03\\\/12\\\/sp-bate-recorde-e-registra-521-mortes-por-covid-19-em-um-dia-estado-confirmou-1-obito-a-cada-3-minutos-nas-ultimas-24h\\\/\",\"url\":\"https:\\\/\\\/regiaonews.net.br\\\/2022\\\/2021\\\/03\\\/12\\\/sp-bate-recorde-e-registra-521-mortes-por-covid-19-em-um-dia-estado-confirmou-1-obito-a-cada-3-minutos-nas-ultimas-24h\\\/\",\"name\":\"SP bate recorde e registra 521 mortes por Covid-19 em um dia; estado confirmou 1 \u00f3bito a cada 3 minutos nas \u00faltimas 24h - Regi\u00e3o News\",\"isPartOf\":{\"@id\":\"https:\\\/\\\/regiaonews.net.br\\\/2022\\\/#website\"},\"primaryImageOfPage\":{\"@id\":\"https:\\\/\\\/regiaonews.net.br\\\/2022\\\/2021\\\/03\\\/12\\\/sp-bate-recorde-e-registra-521-mortes-por-covid-19-em-um-dia-estado-confirmou-1-obito-a-cada-3-minutos-nas-ultimas-24h\\\/#primaryimage\"},\"image\":{\"@id\":\"https:\\\/\\\/regiaonews.net.br\\\/2022\\\/2021\\\/03\\\/12\\\/sp-bate-recorde-e-registra-521-mortes-por-covid-19-em-um-dia-estado-confirmou-1-obito-a-cada-3-minutos-nas-ultimas-24h\\\/#primaryimage\"},\"thumbnailUrl\":\"https:\\\/\\\/regiaonews.net.br\\\/2022\\\/wp-content\\\/uploads\\\/2021\\\/03\\\/asi20210308035.jpg\",\"datePublished\":\"2021-03-12T21:02:04+00:00\",\"dateModified\":\"2021-03-12T21:03:05+00:00\",\"breadcrumb\":{\"@id\":\"https:\\\/\\\/regiaonews.net.br\\\/2022\\\/2021\\\/03\\\/12\\\/sp-bate-recorde-e-registra-521-mortes-por-covid-19-em-um-dia-estado-confirmou-1-obito-a-cada-3-minutos-nas-ultimas-24h\\\/#breadcrumb\"},\"inLanguage\":\"pt-BR\",\"potentialAction\":[{\"@type\":\"ReadAction\",\"target\":[\"https:\\\/\\\/regiaonews.net.br\\\/2022\\\/2021\\\/03\\\/12\\\/sp-bate-recorde-e-registra-521-mortes-por-covid-19-em-um-dia-estado-confirmou-1-obito-a-cada-3-minutos-nas-ultimas-24h\\\/\"]}]},{\"@type\":\"ImageObject\",\"inLanguage\":\"pt-BR\",\"@id\":\"https:\\\/\\\/regiaonews.net.br\\\/2022\\\/2021\\\/03\\\/12\\\/sp-bate-recorde-e-registra-521-mortes-por-covid-19-em-um-dia-estado-confirmou-1-obito-a-cada-3-minutos-nas-ultimas-24h\\\/#primaryimage\",\"url\":\"https:\\\/\\\/regiaonews.net.br\\\/2022\\\/wp-content\\\/uploads\\\/2021\\\/03\\\/asi20210308035.jpg\",\"contentUrl\":\"https:\\\/\\\/regiaonews.net.br\\\/2022\\\/wp-content\\\/uploads\\\/2021\\\/03\\\/asi20210308035.jpg\",\"width\":984,\"height\":655},{\"@type\":\"BreadcrumbList\",\"@id\":\"https:\\\/\\\/regiaonews.net.br\\\/2022\\\/2021\\\/03\\\/12\\\/sp-bate-recorde-e-registra-521-mortes-por-covid-19-em-um-dia-estado-confirmou-1-obito-a-cada-3-minutos-nas-ultimas-24h\\\/#breadcrumb\",\"itemListElement\":[{\"@type\":\"ListItem\",\"position\":1,\"name\":\"In\u00edcio\",\"item\":\"https:\\\/\\\/regiaonews.net.br\\\/2022\\\/\"},{\"@type\":\"ListItem\",\"position\":2,\"name\":\"SP bate recorde e registra 521 mortes por Covid-19 em um dia; estado confirmou 1 \u00f3bito a cada 3 minutos nas \u00faltimas 24h\"}]},{\"@type\":\"WebSite\",\"@id\":\"https:\\\/\\\/regiaonews.net.br\\\/2022\\\/#website\",\"url\":\"https:\\\/\\\/regiaonews.net.br\\\/2022\\\/\",\"name\":\"Regi\u00e3o News\",\"description\":\"Site de Not\u00edcias de Barretos e regi\u00e3o\",\"publisher\":{\"@id\":\"https:\\\/\\\/regiaonews.net.br\\\/2022\\\/#organization\"},\"potentialAction\":[{\"@type\":\"SearchAction\",\"target\":{\"@type\":\"EntryPoint\",\"urlTemplate\":\"https:\\\/\\\/regiaonews.net.br\\\/2022\\\/?s={search_term_string}\"},\"query-input\":{\"@type\":\"PropertyValueSpecification\",\"valueRequired\":true,\"valueName\":\"search_term_string\"}}],\"inLanguage\":\"pt-BR\"},{\"@type\":\"Organization\",\"@id\":\"https:\\\/\\\/regiaonews.net.br\\\/2022\\\/#organization\",\"name\":\"Regi\u00e3o News\",\"url\":\"https:\\\/\\\/regiaonews.net.br\\\/2022\\\/\",\"logo\":{\"@type\":\"ImageObject\",\"inLanguage\":\"pt-BR\",\"@id\":\"https:\\\/\\\/regiaonews.net.br\\\/2022\\\/#\\\/schema\\\/logo\\\/image\\\/\",\"url\":\"https:\\\/\\\/regiaonews.net.br\\\/2022\\\/wp-content\\\/uploads\\\/2026\\\/03\\\/regiao-13-anos-scaled.jpg\",\"contentUrl\":\"https:\\\/\\\/regiaonews.net.br\\\/2022\\\/wp-content\\\/uploads\\\/2026\\\/03\\\/regiao-13-anos-scaled.jpg\",\"width\":2560,\"height\":635,\"caption\":\"Regi\u00e3o News\"},\"image\":{\"@id\":\"https:\\\/\\\/regiaonews.net.br\\\/2022\\\/#\\\/schema\\\/logo\\\/image\\\/\"}},{\"@type\":\"Person\",\"@id\":\"https:\\\/\\\/regiaonews.net.br\\\/2022\\\/#\\\/schema\\\/person\\\/2d205a608a5aa97ac279d7a5e6d89ad8\",\"name\":\"Roberto\",\"image\":{\"@type\":\"ImageObject\",\"inLanguage\":\"pt-BR\",\"@id\":\"https:\\\/\\\/secure.gravatar.com\\\/avatar\\\/42749d8b712ff9d59ca93dc150494e5b55a44134482993f5baeb97e61b7ecc89?s=96&d=mm&r=g\",\"url\":\"https:\\\/\\\/secure.gravatar.com\\\/avatar\\\/42749d8b712ff9d59ca93dc150494e5b55a44134482993f5baeb97e61b7ecc89?s=96&d=mm&r=g\",\"contentUrl\":\"https:\\\/\\\/secure.gravatar.com\\\/avatar\\\/42749d8b712ff9d59ca93dc150494e5b55a44134482993f5baeb97e61b7ecc89?s=96&d=mm&r=g\",\"caption\":\"Roberto\"},\"url\":\"https:\\\/\\\/regiaonews.net.br\\\/2022\\\/author\\\/roberto\\\/\"}]}<\/script>\n<!-- \/ Yoast SEO plugin. -->","yoast_head_json":{"title":"SP bate recorde e registra 521 mortes por Covid-19 em um dia; estado confirmou 1 \u00f3bito a cada 3 minutos nas \u00faltimas 24h - Regi\u00e3o News","robots":{"index":"index","follow":"follow","max-snippet":"max-snippet:-1","max-image-preview":"max-image-preview:large","max-video-preview":"max-video-preview:-1"},"canonical":"https:\/\/regiaonews.net.br\/2022\/2021\/03\/12\/sp-bate-recorde-e-registra-521-mortes-por-covid-19-em-um-dia-estado-confirmou-1-obito-a-cada-3-minutos-nas-ultimas-24h\/","og_locale":"pt_BR","og_type":"article","og_title":"SP bate recorde e registra 521 mortes por Covid-19 em um dia; estado confirmou 1 \u00f3bito a cada 3 minutos nas \u00faltimas 24h - Regi\u00e3o News","og_description":"Taxa m\u00e9dia de ocupa\u00e7\u00e3o de UTI, que chega perto de","og_url":"https:\/\/regiaonews.net.br\/2022\/2021\/03\/12\/sp-bate-recorde-e-registra-521-mortes-por-covid-19-em-um-dia-estado-confirmou-1-obito-a-cada-3-minutos-nas-ultimas-24h\/","og_site_name":"Regi\u00e3o News","article_published_time":"2021-03-12T21:02:04+00:00","article_modified_time":"2021-03-12T21:03:05+00:00","og_image":[{"width":984,"height":655,"url":"https:\/\/regiaonews.net.br\/2022\/wp-content\/uploads\/2021\/03\/asi20210308035.jpg","type":"image\/jpeg"}],"author":"Roberto","twitter_card":"summary_large_image","twitter_misc":{"Escrito por":"Roberto","Est. tempo de leitura":"2 minutos"},"schema":{"@context":"https:\/\/schema.org","@graph":[{"@type":"Article","@id":"https:\/\/regiaonews.net.br\/2022\/2021\/03\/12\/sp-bate-recorde-e-registra-521-mortes-por-covid-19-em-um-dia-estado-confirmou-1-obito-a-cada-3-minutos-nas-ultimas-24h\/#article","isPartOf":{"@id":"https:\/\/regiaonews.net.br\/2022\/2021\/03\/12\/sp-bate-recorde-e-registra-521-mortes-por-covid-19-em-um-dia-estado-confirmou-1-obito-a-cada-3-minutos-nas-ultimas-24h\/"},"author":{"name":"Roberto","@id":"https:\/\/regiaonews.net.br\/2022\/#\/schema\/person\/2d205a608a5aa97ac279d7a5e6d89ad8"},"headline":"SP bate recorde e registra 521 mortes por Covid-19 em um dia; estado confirmou 1 \u00f3bito a cada 3 minutos nas \u00faltimas 24h","datePublished":"2021-03-12T21:02:04+00:00","dateModified":"2021-03-12T21:03:05+00:00","mainEntityOfPage":{"@id":"https:\/\/regiaonews.net.br\/2022\/2021\/03\/12\/sp-bate-recorde-e-registra-521-mortes-por-covid-19-em-um-dia-estado-confirmou-1-obito-a-cada-3-minutos-nas-ultimas-24h\/"},"wordCount":435,"commentCount":0,"publisher":{"@id":"https:\/\/regiaonews.net.br\/2022\/#organization"},"image":{"@id":"https:\/\/regiaonews.net.br\/2022\/2021\/03\/12\/sp-bate-recorde-e-registra-521-mortes-por-covid-19-em-um-dia-estado-confirmou-1-obito-a-cada-3-minutos-nas-ultimas-24h\/#primaryimage"},"thumbnailUrl":"https:\/\/regiaonews.net.br\/2022\/wp-content\/uploads\/2021\/03\/asi20210308035.jpg","articleSection":["Cidades","Estado de S\u00e3o Paulo"],"inLanguage":"pt-BR","potentialAction":[{"@type":"CommentAction","name":"Comment","target":["https:\/\/regiaonews.net.br\/2022\/2021\/03\/12\/sp-bate-recorde-e-registra-521-mortes-por-covid-19-em-um-dia-estado-confirmou-1-obito-a-cada-3-minutos-nas-ultimas-24h\/#respond"]}]},{"@type":"WebPage","@id":"https:\/\/regiaonews.net.br\/2022\/2021\/03\/12\/sp-bate-recorde-e-registra-521-mortes-por-covid-19-em-um-dia-estado-confirmou-1-obito-a-cada-3-minutos-nas-ultimas-24h\/","url":"https:\/\/regiaonews.net.br\/2022\/2021\/03\/12\/sp-bate-recorde-e-registra-521-mortes-por-covid-19-em-um-dia-estado-confirmou-1-obito-a-cada-3-minutos-nas-ultimas-24h\/","name":"SP bate recorde e registra 521 mortes por Covid-19 em um dia; estado confirmou 1 \u00f3bito a cada 3 minutos nas \u00faltimas 24h - Regi\u00e3o News","isPartOf":{"@id":"https:\/\/regiaonews.net.br\/2022\/#website"},"primaryImageOfPage":{"@id":"https:\/\/regiaonews.net.br\/2022\/2021\/03\/12\/sp-bate-recorde-e-registra-521-mortes-por-covid-19-em-um-dia-estado-confirmou-1-obito-a-cada-3-minutos-nas-ultimas-24h\/#primaryimage"},"image":{"@id":"https:\/\/regiaonews.net.br\/2022\/2021\/03\/12\/sp-bate-recorde-e-registra-521-mortes-por-covid-19-em-um-dia-estado-confirmou-1-obito-a-cada-3-minutos-nas-ultimas-24h\/#primaryimage"},"thumbnailUrl":"https:\/\/regiaonews.net.br\/2022\/wp-content\/uploads\/2021\/03\/asi20210308035.jpg","datePublished":"2021-03-12T21:02:04+00:00","dateModified":"2021-03-12T21:03:05+00:00","breadcrumb":{"@id":"https:\/\/regiaonews.net.br\/2022\/2021\/03\/12\/sp-bate-recorde-e-registra-521-mortes-por-covid-19-em-um-dia-estado-confirmou-1-obito-a-cada-3-minutos-nas-ultimas-24h\/#breadcrumb"},"inLanguage":"pt-BR","potentialAction":[{"@type":"ReadAction","target":["https:\/\/regiaonews.net.br\/2022\/2021\/03\/12\/sp-bate-recorde-e-registra-521-mortes-por-covid-19-em-um-dia-estado-confirmou-1-obito-a-cada-3-minutos-nas-ultimas-24h\/"]}]},{"@type":"ImageObject","inLanguage":"pt-BR","@id":"https:\/\/regiaonews.net.br\/2022\/2021\/03\/12\/sp-bate-recorde-e-registra-521-mortes-por-covid-19-em-um-dia-estado-confirmou-1-obito-a-cada-3-minutos-nas-ultimas-24h\/#primaryimage","url":"https:\/\/regiaonews.net.br\/2022\/wp-content\/uploads\/2021\/03\/asi20210308035.jpg","contentUrl":"https:\/\/regiaonews.net.br\/2022\/wp-content\/uploads\/2021\/03\/asi20210308035.jpg","width":984,"height":655},{"@type":"BreadcrumbList","@id":"https:\/\/regiaonews.net.br\/2022\/2021\/03\/12\/sp-bate-recorde-e-registra-521-mortes-por-covid-19-em-um-dia-estado-confirmou-1-obito-a-cada-3-minutos-nas-ultimas-24h\/#breadcrumb","itemListElement":[{"@type":"ListItem","position":1,"name":"In\u00edcio","item":"https:\/\/regiaonews.net.br\/2022\/"},{"@type":"ListItem","position":2,"name":"SP bate recorde e registra 521 mortes por Covid-19 em um dia; estado confirmou 1 \u00f3bito a cada 3 minutos nas \u00faltimas 24h"}]},{"@type":"WebSite","@id":"https:\/\/regiaonews.net.br\/2022\/#website","url":"https:\/\/regiaonews.net.br\/2022\/","name":"Regi\u00e3o News","description":"Site de Not\u00edcias de Barretos e regi\u00e3o","publisher":{"@id":"https:\/\/regiaonews.net.br\/2022\/#organization"},"potentialAction":[{"@type":"SearchAction","target":{"@type":"EntryPoint","urlTemplate":"https:\/\/regiaonews.net.br\/2022\/?s={search_term_string}"},"query-input":{"@type":"PropertyValueSpecification","valueRequired":true,"valueName":"search_term_string"}}],"inLanguage":"pt-BR"},{"@type":"Organization","@id":"https:\/\/regiaonews.net.br\/2022\/#organization","name":"Regi\u00e3o News","url":"https:\/\/regiaonews.net.br\/2022\/","logo":{"@type":"ImageObject","inLanguage":"pt-BR","@id":"https:\/\/regiaonews.net.br\/2022\/#\/schema\/logo\/image\/","url":"https:\/\/regiaonews.net.br\/2022\/wp-content\/uploads\/2026\/03\/regiao-13-anos-scaled.jpg","contentUrl":"https:\/\/regiaonews.net.br\/2022\/wp-content\/uploads\/2026\/03\/regiao-13-anos-scaled.jpg","width":2560,"height":635,"caption":"Regi\u00e3o News"},"image":{"@id":"https:\/\/regiaonews.net.br\/2022\/#\/schema\/logo\/image\/"}},{"@type":"Person","@id":"https:\/\/regiaonews.net.br\/2022\/#\/schema\/person\/2d205a608a5aa97ac279d7a5e6d89ad8","name":"Roberto","image":{"@type":"ImageObject","inLanguage":"pt-BR","@id":"https:\/\/secure.gravatar.com\/avatar\/42749d8b712ff9d59ca93dc150494e5b55a44134482993f5baeb97e61b7ecc89?s=96&d=mm&r=g","url":"https:\/\/secure.gravatar.com\/avatar\/42749d8b712ff9d59ca93dc150494e5b55a44134482993f5baeb97e61b7ecc89?s=96&d=mm&r=g","contentUrl":"https:\/\/secure.gravatar.com\/avatar\/42749d8b712ff9d59ca93dc150494e5b55a44134482993f5baeb97e61b7ecc89?s=96&d=mm&r=g","caption":"Roberto"},"url":"https:\/\/regiaonews.net.br\/2022\/author\/roberto\/"}]}},"publishpress_future_action":{"enabled":false,"date":"2026-05-03 20:53:17","action":"change-status","newStatus":"draft","terms":[],"taxonomy":"category","extraData":[]},"publishpress_future_workflow_manual_trigger":{"enabledWorkflows":[]},"_links":{"self":[{"href":"https:\/\/regiaonews.net.br\/2022\/wp-json\/wp\/v2\/posts\/43947","targetHints":{"allow":["GET"]}}],"collection":[{"href":"https:\/\/regiaonews.net.br\/2022\/wp-json\/wp\/v2\/posts"}],"about":[{"href":"https:\/\/regiaonews.net.br\/2022\/wp-json\/wp\/v2\/types\/post"}],"author":[{"embeddable":true,"href":"https:\/\/regiaonews.net.br\/2022\/wp-json\/wp\/v2\/users\/2"}],"replies":[{"embeddable":true,"href":"https:\/\/regiaonews.net.br\/2022\/wp-json\/wp\/v2\/comments?post=43947"}],"version-history":[{"count":0,"href":"https:\/\/regiaonews.net.br\/2022\/wp-json\/wp\/v2\/posts\/43947\/revisions"}],"wp:featuredmedia":[{"embeddable":true,"href":"https:\/\/regiaonews.net.br\/2022\/wp-json\/wp\/v2\/media\/43949"}],"wp:attachment":[{"href":"https:\/\/regiaonews.net.br\/2022\/wp-json\/wp\/v2\/media?parent=43947"}],"wp:term":[{"taxonomy":"category","embeddable":true,"href":"https:\/\/regiaonews.net.br\/2022\/wp-json\/wp\/v2\/categories?post=43947"},{"taxonomy":"post_tag","embeddable":true,"href":"https:\/\/regiaonews.net.br\/2022\/wp-json\/wp\/v2\/tags?post=43947"}],"curies":[{"name":"wp","href":"https:\/\/api.w.org\/{rel}","templated":true}]}}