{"id":43905,"date":"2021-03-11T20:16:40","date_gmt":"2021-03-11T23:16:40","guid":{"rendered":"https:\/\/regiaonews.net.br\/2022\/?p=43905"},"modified":"2021-03-11T20:30:43","modified_gmt":"2021-03-11T23:30:43","slug":"comunicado-do-clero-da-cidade-de-barretos-diante-das-novas-medidas-adotadas-pelo-governo-estadual-de-sao-paulo","status":"publish","type":"post","link":"https:\/\/regiaonews.net.br\/2022\/2021\/03\/11\/comunicado-do-clero-da-cidade-de-barretos-diante-das-novas-medidas-adotadas-pelo-governo-estadual-de-sao-paulo\/","title":{"rendered":"Comunicado do clero da cidade de Barretos diante das novas medidas adotadas pelo Governo Estadual de S\u00e3o Paulo"},"content":{"rendered":"<div><a href=\"https:\/\/regiaonews.net.br\/2022\/wp-content\/uploads\/2021\/03\/Logo-Diocese-de-Barretos-site.jpg\"><img loading=\"lazy\" decoding=\"async\" class=\"alignnone size-medium wp-image-43906\" src=\"https:\/\/regiaonews.net.br\/2022\/wp-content\/uploads\/2021\/03\/Logo-Diocese-de-Barretos-site-300x169.jpg\" alt=\"\" width=\"300\" height=\"169\" \/><\/a><\/div>\n<div>Diante das restri\u00e7\u00f5es adotadas pelo Governo Estadual, que passam a vigorar a partir do pr\u00f3ximo dia 15 de mar\u00e7o, restringindo ainda mais os servi\u00e7os \u00e0 popula\u00e7\u00e3o, em raz\u00e3o da lota\u00e7\u00e3o de enfermarias e UTIs no Estado de S\u00e3o Paulo, como pastores da por\u00e7\u00e3o do povo de Deus a n\u00f3s confiada, na cidade de Barretos, queremos manifestar nossa insatisfa\u00e7\u00e3o diante das medidas tomadas, conforme a orienta\u00e7\u00e3o das pr\u00f3prias autoridades sanit\u00e1rias, no que diz respeito \u00e0 impossibilidade de continuarmos com as nossas celebra\u00e7\u00f5es lit\u00fargicas.<\/div>\n<div><\/div>\n<div>Embora a Constitui\u00e7\u00e3o Brasileira reconhe\u00e7a como direito irrevog\u00e1vel \u201ca liberdade de consci\u00eancia e de cren\u00e7a, sendo assegurado o livre exerc\u00edcio dos cultos religiosos e garantida, na forma de lei, a prote\u00e7\u00e3o aos locais de culto e as suas liturgias\u201d, n\u00f3s, pastores da Igreja de Deus, consideramos insubstitu\u00edvel neste momento o servi\u00e7o que prestamos ao nosso povo, que encontra na f\u00e9 e nos sacramentos o sustento para conviver e superar o momento grave pelo qual passamos.<\/div>\n<div><\/div>\n<div>Para n\u00f3s, cat\u00f3licos, nada substitui a participa\u00e7\u00e3o dos fi\u00e9is \u00e0 Eucaristia. Ela \u00e9 a fonte e o cume da nossa vida crist\u00e3. Da Eucaristia nasce e se revigora a Igreja! At\u00e9 este momento, n\u00e3o h\u00e1 nenhum ind\u00edcio de que nossas igrejas, tendo adotadas as medidas de seguran\u00e7a, sejam locais de cont\u00e1gio; ao contr\u00e1rio, h\u00e1 comprova\u00e7\u00e3o de que nas igrejas que respeitam as medidas sanit\u00e1rias, n\u00e3o h\u00e1 nenhum indicador de cont\u00e1gio ou propaga\u00e7\u00e3o da doen\u00e7a.<\/div>\n<div><\/div>\n<div>Preocupa-nos sim as quadras nas pra\u00e7as p\u00fablicas e outros ambientes e espa\u00e7os p\u00fablicos, como os locais esportivos nas pra\u00e7as de diversos bairros da cidade, onde as pessoas, na maioria jovens e adolescentes, circulam sem nenhum cuidado e sem a fiscaliza\u00e7\u00e3o necess\u00e1ria.<\/div>\n<div><\/div>\n<div>A pandemia que estamos vivenciando de modo catastr\u00f3fico e m\u00f3rbido em nosso pa\u00eds, mas tamb\u00e9m em escala mundial, \u00e9 fruto da falta de medidas governamentais eficazes que tem gerado uma situa\u00e7\u00e3o deplor\u00e1vel a que chegaram v\u00e1rios Estados e munic\u00edpios, \u00e0 beira de um colapso inimagin\u00e1vel.<\/div>\n<div><\/div>\n<div>\u00c9 lament\u00e1vel que, diante da triste realidade de quase 300 mil mortes, v\u00edtimas da Covid-19, assistamos da parte das autoridades competentes medidas in\u00f3cuas, contradit\u00f3rias, carregadas de cunho pol\u00edtico-partid\u00e1rio. \u00c9 de se considerar que a grande amea\u00e7a \u00e0 sa\u00fade das pessoas est\u00e1 no discurso dissonante da parte dos que governam nossa na\u00e7\u00e3o e nosso Estado, na falta de uma pol\u00edtica sanit\u00e1ria adequada, desde quando da chegada e propaga\u00e7\u00e3o do v\u00edrus.<\/div>\n<div><\/div>\n<div>T\u00e3o perigosos s\u00e3o os grupos que se servem das m\u00eddias sociais para disseminar not\u00edcias falsas, que levam a popula\u00e7\u00e3o ao descr\u00e9dito, seja em rela\u00e7\u00e3o ao isolamento social e \u00e0s medidas sanit\u00e1rias, como agora diante da efic\u00e1cia das vacinas.<\/div>\n<div><\/div>\n<div>Lamentamos as centenas de milhares de mortos v\u00edtimas da pandemia. Vidas que poderiam ser poupadas se houvesse um planejamento sanit\u00e1rio e um cronograma s\u00e9rio da parte das autoridades da na\u00e7\u00e3o.<\/div>\n<div><\/div>\n<div>Por outro lado, queremos aqui manifestar nossa gratid\u00e3o a todos os profissionais de sa\u00fade que se sentem, na maioria das vezes, impotentes diante do n\u00famero que cresce dia a dia de interna\u00e7\u00f5es e \u00f3bitos. Rezamos por cada um deles pedindo a Deus que n\u00e3o permita que o cansa\u00e7o e o des\u00e2nimo os abatam. Pedimos a Deus que suas vidas sejam protegidas, para que socorrendo o grande n\u00famero de afetados por este v\u00edrus de morte n\u00e3o venham a perder as suas vidas.<\/div>\n<div><\/div>\n<div>A Igreja Cat\u00f3lica que sobreviveu \u00e0 guerras, pandemias, cat\u00e1strofes e outras vicissitudes neste 2 mil anos de sua exist\u00eancia, sabe, por experi\u00eancia pr\u00f3pria, que o valor absoluto \u00e9 sempre o da vida. Nas mais graves situa\u00e7\u00f5es, ela sempre se manteve unida e solid\u00e1ria, sendo um porto seguro para aqueles que corriam e correm o risco de naufragar. N\u00e3o deixaremos de faz\u00ea-lo. Com nossas portas abertas ou fechadas estamos prontos para socorrer e aliviar aqueles que sofrem.<\/div>\n<div><\/div>\n<div>Diante das disposi\u00e7\u00f5es governamentais, n\u00f3s adotaremos as medidas implantadas, na esperan\u00e7a de que no mais breve tempo poss\u00edvel elas sejam revogadas. Pedimos a Deus, por intercess\u00e3o de Nossa Senhora Aparecida, Rainha e Padroeira do Brasil, que ela vele por n\u00f3s e interceda pelo seu povo que luta para sobreviver e reclama o seu socorro.<\/div>\n<div align=\"center\"><\/div>\n<div align=\"center\">Barretos, 11 de mar\u00e7o de 2021<\/div>\n<div align=\"center\"><\/div>\n<div align=\"center\"><strong>Dom Milton Kenan J\u00fanior<\/strong><\/div>\n<div align=\"center\"><em>Bispo de Barretos<\/em><\/div>\n<div align=\"center\"><\/div>\n<div align=\"center\"><strong>Padres, Vig\u00e1rios Paroquiais e Di\u00e1cono da Igreja Cat\u00f3lica Apost\u00f3lica Romana da cidade de Barretos<\/strong><\/div>\n","protected":false},"excerpt":{"rendered":"<p>Diante das restri\u00e7\u00f5es adotadas pelo Governo Estadual, que passam a<\/p>\n","protected":false},"author":2,"featured_media":34581,"comment_status":"open","ping_status":"open","sticky":false,"template":"","format":"standard","meta":{"footnotes":""},"categories":[14,25],"tags":[],"class_list":["post-43905","post","type-post","status-publish","format-standard","has-post-thumbnail","hentry","category-barretos","category-cidades"],"yoast_head":"<!-- This site is optimized with the Yoast SEO plugin v27.4 - https:\/\/yoast.com\/product\/yoast-seo-wordpress\/ -->\n<title>Comunicado do clero da cidade de Barretos diante das novas medidas adotadas pelo Governo Estadual de S\u00e3o Paulo - Regi\u00e3o News<\/title>\n<meta name=\"robots\" content=\"index, follow, max-snippet:-1, max-image-preview:large, max-video-preview:-1\" \/>\n<link rel=\"canonical\" href=\"https:\/\/regiaonews.net.br\/2022\/2021\/03\/11\/comunicado-do-clero-da-cidade-de-barretos-diante-das-novas-medidas-adotadas-pelo-governo-estadual-de-sao-paulo\/\" \/>\n<meta property=\"og:locale\" content=\"pt_BR\" \/>\n<meta property=\"og:type\" content=\"article\" \/>\n<meta property=\"og:title\" content=\"Comunicado do clero da cidade de Barretos diante das novas medidas adotadas pelo Governo Estadual de S\u00e3o Paulo - Regi\u00e3o News\" \/>\n<meta property=\"og:description\" content=\"Diante das restri\u00e7\u00f5es adotadas pelo Governo Estadual, que passam a\" \/>\n<meta property=\"og:url\" content=\"https:\/\/regiaonews.net.br\/2022\/2021\/03\/11\/comunicado-do-clero-da-cidade-de-barretos-diante-das-novas-medidas-adotadas-pelo-governo-estadual-de-sao-paulo\/\" \/>\n<meta property=\"og:site_name\" content=\"Regi\u00e3o News\" \/>\n<meta property=\"article:published_time\" content=\"2021-03-11T23:16:40+00:00\" \/>\n<meta property=\"article:modified_time\" content=\"2021-03-11T23:30:43+00:00\" \/>\n<meta property=\"og:image\" content=\"https:\/\/regiaonews.net.br\/2022\/wp-content\/uploads\/2020\/07\/Catedral.jpeg\" \/>\n\t<meta property=\"og:image:width\" content=\"780\" \/>\n\t<meta property=\"og:image:height\" content=\"430\" \/>\n\t<meta property=\"og:image:type\" content=\"image\/jpeg\" \/>\n<meta name=\"author\" content=\"Roberto\" \/>\n<meta name=\"twitter:card\" content=\"summary_large_image\" \/>\n<meta name=\"twitter:label1\" content=\"Escrito por\" \/>\n\t<meta name=\"twitter:data1\" content=\"Roberto\" \/>\n\t<meta name=\"twitter:label2\" content=\"Est. tempo de leitura\" \/>\n\t<meta name=\"twitter:data2\" content=\"4 minutos\" \/>\n<script type=\"application\/ld+json\" class=\"yoast-schema-graph\">{\"@context\":\"https:\\\/\\\/schema.org\",\"@graph\":[{\"@type\":\"Article\",\"@id\":\"https:\\\/\\\/regiaonews.net.br\\\/2022\\\/2021\\\/03\\\/11\\\/comunicado-do-clero-da-cidade-de-barretos-diante-das-novas-medidas-adotadas-pelo-governo-estadual-de-sao-paulo\\\/#article\",\"isPartOf\":{\"@id\":\"https:\\\/\\\/regiaonews.net.br\\\/2022\\\/2021\\\/03\\\/11\\\/comunicado-do-clero-da-cidade-de-barretos-diante-das-novas-medidas-adotadas-pelo-governo-estadual-de-sao-paulo\\\/\"},\"author\":{\"name\":\"Roberto\",\"@id\":\"https:\\\/\\\/regiaonews.net.br\\\/2022\\\/#\\\/schema\\\/person\\\/2d205a608a5aa97ac279d7a5e6d89ad8\"},\"headline\":\"Comunicado do clero da cidade de Barretos diante das novas medidas adotadas pelo Governo Estadual de S\u00e3o Paulo\",\"datePublished\":\"2021-03-11T23:16:40+00:00\",\"dateModified\":\"2021-03-11T23:30:43+00:00\",\"mainEntityOfPage\":{\"@id\":\"https:\\\/\\\/regiaonews.net.br\\\/2022\\\/2021\\\/03\\\/11\\\/comunicado-do-clero-da-cidade-de-barretos-diante-das-novas-medidas-adotadas-pelo-governo-estadual-de-sao-paulo\\\/\"},\"wordCount\":809,\"commentCount\":0,\"publisher\":{\"@id\":\"https:\\\/\\\/regiaonews.net.br\\\/2022\\\/#organization\"},\"image\":{\"@id\":\"https:\\\/\\\/regiaonews.net.br\\\/2022\\\/2021\\\/03\\\/11\\\/comunicado-do-clero-da-cidade-de-barretos-diante-das-novas-medidas-adotadas-pelo-governo-estadual-de-sao-paulo\\\/#primaryimage\"},\"thumbnailUrl\":\"https:\\\/\\\/regiaonews.net.br\\\/2022\\\/wp-content\\\/uploads\\\/2020\\\/07\\\/Catedral.jpeg\",\"articleSection\":[\"Barretos\",\"Cidades\"],\"inLanguage\":\"pt-BR\",\"potentialAction\":[{\"@type\":\"CommentAction\",\"name\":\"Comment\",\"target\":[\"https:\\\/\\\/regiaonews.net.br\\\/2022\\\/2021\\\/03\\\/11\\\/comunicado-do-clero-da-cidade-de-barretos-diante-das-novas-medidas-adotadas-pelo-governo-estadual-de-sao-paulo\\\/#respond\"]}]},{\"@type\":\"WebPage\",\"@id\":\"https:\\\/\\\/regiaonews.net.br\\\/2022\\\/2021\\\/03\\\/11\\\/comunicado-do-clero-da-cidade-de-barretos-diante-das-novas-medidas-adotadas-pelo-governo-estadual-de-sao-paulo\\\/\",\"url\":\"https:\\\/\\\/regiaonews.net.br\\\/2022\\\/2021\\\/03\\\/11\\\/comunicado-do-clero-da-cidade-de-barretos-diante-das-novas-medidas-adotadas-pelo-governo-estadual-de-sao-paulo\\\/\",\"name\":\"Comunicado do clero da cidade de Barretos diante das novas medidas adotadas pelo Governo Estadual de S\u00e3o Paulo - Regi\u00e3o News\",\"isPartOf\":{\"@id\":\"https:\\\/\\\/regiaonews.net.br\\\/2022\\\/#website\"},\"primaryImageOfPage\":{\"@id\":\"https:\\\/\\\/regiaonews.net.br\\\/2022\\\/2021\\\/03\\\/11\\\/comunicado-do-clero-da-cidade-de-barretos-diante-das-novas-medidas-adotadas-pelo-governo-estadual-de-sao-paulo\\\/#primaryimage\"},\"image\":{\"@id\":\"https:\\\/\\\/regiaonews.net.br\\\/2022\\\/2021\\\/03\\\/11\\\/comunicado-do-clero-da-cidade-de-barretos-diante-das-novas-medidas-adotadas-pelo-governo-estadual-de-sao-paulo\\\/#primaryimage\"},\"thumbnailUrl\":\"https:\\\/\\\/regiaonews.net.br\\\/2022\\\/wp-content\\\/uploads\\\/2020\\\/07\\\/Catedral.jpeg\",\"datePublished\":\"2021-03-11T23:16:40+00:00\",\"dateModified\":\"2021-03-11T23:30:43+00:00\",\"breadcrumb\":{\"@id\":\"https:\\\/\\\/regiaonews.net.br\\\/2022\\\/2021\\\/03\\\/11\\\/comunicado-do-clero-da-cidade-de-barretos-diante-das-novas-medidas-adotadas-pelo-governo-estadual-de-sao-paulo\\\/#breadcrumb\"},\"inLanguage\":\"pt-BR\",\"potentialAction\":[{\"@type\":\"ReadAction\",\"target\":[\"https:\\\/\\\/regiaonews.net.br\\\/2022\\\/2021\\\/03\\\/11\\\/comunicado-do-clero-da-cidade-de-barretos-diante-das-novas-medidas-adotadas-pelo-governo-estadual-de-sao-paulo\\\/\"]}]},{\"@type\":\"ImageObject\",\"inLanguage\":\"pt-BR\",\"@id\":\"https:\\\/\\\/regiaonews.net.br\\\/2022\\\/2021\\\/03\\\/11\\\/comunicado-do-clero-da-cidade-de-barretos-diante-das-novas-medidas-adotadas-pelo-governo-estadual-de-sao-paulo\\\/#primaryimage\",\"url\":\"https:\\\/\\\/regiaonews.net.br\\\/2022\\\/wp-content\\\/uploads\\\/2020\\\/07\\\/Catedral.jpeg\",\"contentUrl\":\"https:\\\/\\\/regiaonews.net.br\\\/2022\\\/wp-content\\\/uploads\\\/2020\\\/07\\\/Catedral.jpeg\",\"width\":780,\"height\":430},{\"@type\":\"BreadcrumbList\",\"@id\":\"https:\\\/\\\/regiaonews.net.br\\\/2022\\\/2021\\\/03\\\/11\\\/comunicado-do-clero-da-cidade-de-barretos-diante-das-novas-medidas-adotadas-pelo-governo-estadual-de-sao-paulo\\\/#breadcrumb\",\"itemListElement\":[{\"@type\":\"ListItem\",\"position\":1,\"name\":\"In\u00edcio\",\"item\":\"https:\\\/\\\/regiaonews.net.br\\\/2022\\\/\"},{\"@type\":\"ListItem\",\"position\":2,\"name\":\"Comunicado do clero da cidade de Barretos diante das novas medidas adotadas pelo Governo Estadual de S\u00e3o Paulo\"}]},{\"@type\":\"WebSite\",\"@id\":\"https:\\\/\\\/regiaonews.net.br\\\/2022\\\/#website\",\"url\":\"https:\\\/\\\/regiaonews.net.br\\\/2022\\\/\",\"name\":\"Regi\u00e3o News\",\"description\":\"Site de Not\u00edcias de Barretos e regi\u00e3o\",\"publisher\":{\"@id\":\"https:\\\/\\\/regiaonews.net.br\\\/2022\\\/#organization\"},\"potentialAction\":[{\"@type\":\"SearchAction\",\"target\":{\"@type\":\"EntryPoint\",\"urlTemplate\":\"https:\\\/\\\/regiaonews.net.br\\\/2022\\\/?s={search_term_string}\"},\"query-input\":{\"@type\":\"PropertyValueSpecification\",\"valueRequired\":true,\"valueName\":\"search_term_string\"}}],\"inLanguage\":\"pt-BR\"},{\"@type\":\"Organization\",\"@id\":\"https:\\\/\\\/regiaonews.net.br\\\/2022\\\/#organization\",\"name\":\"Regi\u00e3o News\",\"url\":\"https:\\\/\\\/regiaonews.net.br\\\/2022\\\/\",\"logo\":{\"@type\":\"ImageObject\",\"inLanguage\":\"pt-BR\",\"@id\":\"https:\\\/\\\/regiaonews.net.br\\\/2022\\\/#\\\/schema\\\/logo\\\/image\\\/\",\"url\":\"https:\\\/\\\/regiaonews.net.br\\\/2022\\\/wp-content\\\/uploads\\\/2026\\\/03\\\/regiao-13-anos-scaled.jpg\",\"contentUrl\":\"https:\\\/\\\/regiaonews.net.br\\\/2022\\\/wp-content\\\/uploads\\\/2026\\\/03\\\/regiao-13-anos-scaled.jpg\",\"width\":2560,\"height\":635,\"caption\":\"Regi\u00e3o News\"},\"image\":{\"@id\":\"https:\\\/\\\/regiaonews.net.br\\\/2022\\\/#\\\/schema\\\/logo\\\/image\\\/\"}},{\"@type\":\"Person\",\"@id\":\"https:\\\/\\\/regiaonews.net.br\\\/2022\\\/#\\\/schema\\\/person\\\/2d205a608a5aa97ac279d7a5e6d89ad8\",\"name\":\"Roberto\",\"image\":{\"@type\":\"ImageObject\",\"inLanguage\":\"pt-BR\",\"@id\":\"https:\\\/\\\/secure.gravatar.com\\\/avatar\\\/42749d8b712ff9d59ca93dc150494e5b55a44134482993f5baeb97e61b7ecc89?s=96&d=mm&r=g\",\"url\":\"https:\\\/\\\/secure.gravatar.com\\\/avatar\\\/42749d8b712ff9d59ca93dc150494e5b55a44134482993f5baeb97e61b7ecc89?s=96&d=mm&r=g\",\"contentUrl\":\"https:\\\/\\\/secure.gravatar.com\\\/avatar\\\/42749d8b712ff9d59ca93dc150494e5b55a44134482993f5baeb97e61b7ecc89?s=96&d=mm&r=g\",\"caption\":\"Roberto\"},\"url\":\"https:\\\/\\\/regiaonews.net.br\\\/2022\\\/author\\\/roberto\\\/\"}]}<\/script>\n<!-- \/ Yoast SEO plugin. -->","yoast_head_json":{"title":"Comunicado do clero da cidade de Barretos diante das novas medidas adotadas pelo Governo Estadual de S\u00e3o Paulo - Regi\u00e3o News","robots":{"index":"index","follow":"follow","max-snippet":"max-snippet:-1","max-image-preview":"max-image-preview:large","max-video-preview":"max-video-preview:-1"},"canonical":"https:\/\/regiaonews.net.br\/2022\/2021\/03\/11\/comunicado-do-clero-da-cidade-de-barretos-diante-das-novas-medidas-adotadas-pelo-governo-estadual-de-sao-paulo\/","og_locale":"pt_BR","og_type":"article","og_title":"Comunicado do clero da cidade de Barretos diante das novas medidas adotadas pelo Governo Estadual de S\u00e3o Paulo - Regi\u00e3o News","og_description":"Diante das restri\u00e7\u00f5es adotadas pelo Governo Estadual, que passam a","og_url":"https:\/\/regiaonews.net.br\/2022\/2021\/03\/11\/comunicado-do-clero-da-cidade-de-barretos-diante-das-novas-medidas-adotadas-pelo-governo-estadual-de-sao-paulo\/","og_site_name":"Regi\u00e3o News","article_published_time":"2021-03-11T23:16:40+00:00","article_modified_time":"2021-03-11T23:30:43+00:00","og_image":[{"width":780,"height":430,"url":"https:\/\/regiaonews.net.br\/2022\/wp-content\/uploads\/2020\/07\/Catedral.jpeg","type":"image\/jpeg"}],"author":"Roberto","twitter_card":"summary_large_image","twitter_misc":{"Escrito por":"Roberto","Est. tempo de leitura":"4 minutos"},"schema":{"@context":"https:\/\/schema.org","@graph":[{"@type":"Article","@id":"https:\/\/regiaonews.net.br\/2022\/2021\/03\/11\/comunicado-do-clero-da-cidade-de-barretos-diante-das-novas-medidas-adotadas-pelo-governo-estadual-de-sao-paulo\/#article","isPartOf":{"@id":"https:\/\/regiaonews.net.br\/2022\/2021\/03\/11\/comunicado-do-clero-da-cidade-de-barretos-diante-das-novas-medidas-adotadas-pelo-governo-estadual-de-sao-paulo\/"},"author":{"name":"Roberto","@id":"https:\/\/regiaonews.net.br\/2022\/#\/schema\/person\/2d205a608a5aa97ac279d7a5e6d89ad8"},"headline":"Comunicado do clero da cidade de Barretos diante das novas medidas adotadas pelo Governo Estadual de S\u00e3o Paulo","datePublished":"2021-03-11T23:16:40+00:00","dateModified":"2021-03-11T23:30:43+00:00","mainEntityOfPage":{"@id":"https:\/\/regiaonews.net.br\/2022\/2021\/03\/11\/comunicado-do-clero-da-cidade-de-barretos-diante-das-novas-medidas-adotadas-pelo-governo-estadual-de-sao-paulo\/"},"wordCount":809,"commentCount":0,"publisher":{"@id":"https:\/\/regiaonews.net.br\/2022\/#organization"},"image":{"@id":"https:\/\/regiaonews.net.br\/2022\/2021\/03\/11\/comunicado-do-clero-da-cidade-de-barretos-diante-das-novas-medidas-adotadas-pelo-governo-estadual-de-sao-paulo\/#primaryimage"},"thumbnailUrl":"https:\/\/regiaonews.net.br\/2022\/wp-content\/uploads\/2020\/07\/Catedral.jpeg","articleSection":["Barretos","Cidades"],"inLanguage":"pt-BR","potentialAction":[{"@type":"CommentAction","name":"Comment","target":["https:\/\/regiaonews.net.br\/2022\/2021\/03\/11\/comunicado-do-clero-da-cidade-de-barretos-diante-das-novas-medidas-adotadas-pelo-governo-estadual-de-sao-paulo\/#respond"]}]},{"@type":"WebPage","@id":"https:\/\/regiaonews.net.br\/2022\/2021\/03\/11\/comunicado-do-clero-da-cidade-de-barretos-diante-das-novas-medidas-adotadas-pelo-governo-estadual-de-sao-paulo\/","url":"https:\/\/regiaonews.net.br\/2022\/2021\/03\/11\/comunicado-do-clero-da-cidade-de-barretos-diante-das-novas-medidas-adotadas-pelo-governo-estadual-de-sao-paulo\/","name":"Comunicado do clero da cidade de Barretos diante das novas medidas adotadas pelo Governo Estadual de S\u00e3o Paulo - Regi\u00e3o News","isPartOf":{"@id":"https:\/\/regiaonews.net.br\/2022\/#website"},"primaryImageOfPage":{"@id":"https:\/\/regiaonews.net.br\/2022\/2021\/03\/11\/comunicado-do-clero-da-cidade-de-barretos-diante-das-novas-medidas-adotadas-pelo-governo-estadual-de-sao-paulo\/#primaryimage"},"image":{"@id":"https:\/\/regiaonews.net.br\/2022\/2021\/03\/11\/comunicado-do-clero-da-cidade-de-barretos-diante-das-novas-medidas-adotadas-pelo-governo-estadual-de-sao-paulo\/#primaryimage"},"thumbnailUrl":"https:\/\/regiaonews.net.br\/2022\/wp-content\/uploads\/2020\/07\/Catedral.jpeg","datePublished":"2021-03-11T23:16:40+00:00","dateModified":"2021-03-11T23:30:43+00:00","breadcrumb":{"@id":"https:\/\/regiaonews.net.br\/2022\/2021\/03\/11\/comunicado-do-clero-da-cidade-de-barretos-diante-das-novas-medidas-adotadas-pelo-governo-estadual-de-sao-paulo\/#breadcrumb"},"inLanguage":"pt-BR","potentialAction":[{"@type":"ReadAction","target":["https:\/\/regiaonews.net.br\/2022\/2021\/03\/11\/comunicado-do-clero-da-cidade-de-barretos-diante-das-novas-medidas-adotadas-pelo-governo-estadual-de-sao-paulo\/"]}]},{"@type":"ImageObject","inLanguage":"pt-BR","@id":"https:\/\/regiaonews.net.br\/2022\/2021\/03\/11\/comunicado-do-clero-da-cidade-de-barretos-diante-das-novas-medidas-adotadas-pelo-governo-estadual-de-sao-paulo\/#primaryimage","url":"https:\/\/regiaonews.net.br\/2022\/wp-content\/uploads\/2020\/07\/Catedral.jpeg","contentUrl":"https:\/\/regiaonews.net.br\/2022\/wp-content\/uploads\/2020\/07\/Catedral.jpeg","width":780,"height":430},{"@type":"BreadcrumbList","@id":"https:\/\/regiaonews.net.br\/2022\/2021\/03\/11\/comunicado-do-clero-da-cidade-de-barretos-diante-das-novas-medidas-adotadas-pelo-governo-estadual-de-sao-paulo\/#breadcrumb","itemListElement":[{"@type":"ListItem","position":1,"name":"In\u00edcio","item":"https:\/\/regiaonews.net.br\/2022\/"},{"@type":"ListItem","position":2,"name":"Comunicado do clero da cidade de Barretos diante das novas medidas adotadas pelo Governo Estadual de S\u00e3o Paulo"}]},{"@type":"WebSite","@id":"https:\/\/regiaonews.net.br\/2022\/#website","url":"https:\/\/regiaonews.net.br\/2022\/","name":"Regi\u00e3o News","description":"Site de Not\u00edcias de Barretos e regi\u00e3o","publisher":{"@id":"https:\/\/regiaonews.net.br\/2022\/#organization"},"potentialAction":[{"@type":"SearchAction","target":{"@type":"EntryPoint","urlTemplate":"https:\/\/regiaonews.net.br\/2022\/?s={search_term_string}"},"query-input":{"@type":"PropertyValueSpecification","valueRequired":true,"valueName":"search_term_string"}}],"inLanguage":"pt-BR"},{"@type":"Organization","@id":"https:\/\/regiaonews.net.br\/2022\/#organization","name":"Regi\u00e3o News","url":"https:\/\/regiaonews.net.br\/2022\/","logo":{"@type":"ImageObject","inLanguage":"pt-BR","@id":"https:\/\/regiaonews.net.br\/2022\/#\/schema\/logo\/image\/","url":"https:\/\/regiaonews.net.br\/2022\/wp-content\/uploads\/2026\/03\/regiao-13-anos-scaled.jpg","contentUrl":"https:\/\/regiaonews.net.br\/2022\/wp-content\/uploads\/2026\/03\/regiao-13-anos-scaled.jpg","width":2560,"height":635,"caption":"Regi\u00e3o News"},"image":{"@id":"https:\/\/regiaonews.net.br\/2022\/#\/schema\/logo\/image\/"}},{"@type":"Person","@id":"https:\/\/regiaonews.net.br\/2022\/#\/schema\/person\/2d205a608a5aa97ac279d7a5e6d89ad8","name":"Roberto","image":{"@type":"ImageObject","inLanguage":"pt-BR","@id":"https:\/\/secure.gravatar.com\/avatar\/42749d8b712ff9d59ca93dc150494e5b55a44134482993f5baeb97e61b7ecc89?s=96&d=mm&r=g","url":"https:\/\/secure.gravatar.com\/avatar\/42749d8b712ff9d59ca93dc150494e5b55a44134482993f5baeb97e61b7ecc89?s=96&d=mm&r=g","contentUrl":"https:\/\/secure.gravatar.com\/avatar\/42749d8b712ff9d59ca93dc150494e5b55a44134482993f5baeb97e61b7ecc89?s=96&d=mm&r=g","caption":"Roberto"},"url":"https:\/\/regiaonews.net.br\/2022\/author\/roberto\/"}]}},"publishpress_future_action":{"enabled":false,"date":"2026-05-03 22:38:42","action":"change-status","newStatus":"draft","terms":[],"taxonomy":"category","extraData":[]},"publishpress_future_workflow_manual_trigger":{"enabledWorkflows":[]},"_links":{"self":[{"href":"https:\/\/regiaonews.net.br\/2022\/wp-json\/wp\/v2\/posts\/43905","targetHints":{"allow":["GET"]}}],"collection":[{"href":"https:\/\/regiaonews.net.br\/2022\/wp-json\/wp\/v2\/posts"}],"about":[{"href":"https:\/\/regiaonews.net.br\/2022\/wp-json\/wp\/v2\/types\/post"}],"author":[{"embeddable":true,"href":"https:\/\/regiaonews.net.br\/2022\/wp-json\/wp\/v2\/users\/2"}],"replies":[{"embeddable":true,"href":"https:\/\/regiaonews.net.br\/2022\/wp-json\/wp\/v2\/comments?post=43905"}],"version-history":[{"count":0,"href":"https:\/\/regiaonews.net.br\/2022\/wp-json\/wp\/v2\/posts\/43905\/revisions"}],"wp:featuredmedia":[{"embeddable":true,"href":"https:\/\/regiaonews.net.br\/2022\/wp-json\/wp\/v2\/media\/34581"}],"wp:attachment":[{"href":"https:\/\/regiaonews.net.br\/2022\/wp-json\/wp\/v2\/media?parent=43905"}],"wp:term":[{"taxonomy":"category","embeddable":true,"href":"https:\/\/regiaonews.net.br\/2022\/wp-json\/wp\/v2\/categories?post=43905"},{"taxonomy":"post_tag","embeddable":true,"href":"https:\/\/regiaonews.net.br\/2022\/wp-json\/wp\/v2\/tags?post=43905"}],"curies":[{"name":"wp","href":"https:\/\/api.w.org\/{rel}","templated":true}]}}