{"id":43880,"date":"2021-03-11T09:50:09","date_gmt":"2021-03-11T12:50:09","guid":{"rendered":"https:\/\/regiaonews.net.br\/2022\/?p=43880"},"modified":"2021-03-11T09:50:09","modified_gmt":"2021-03-11T12:50:09","slug":"covid-19-ha-um-ano-oms-declarava-pandemia","status":"publish","type":"post","link":"https:\/\/regiaonews.net.br\/2022\/2021\/03\/11\/covid-19-ha-um-ano-oms-declarava-pandemia\/","title":{"rendered":"Covid-19: h\u00e1 um ano, OMS declarava pandemia"},"content":{"rendered":"<p><a href=\"https:\/\/regiaonews.net.br\/2022\/wp-content\/uploads\/2021\/03\/2020-03-23t212646z_1_lynxmpeg2m24l_rtroptp_4_china-health-who-usa.jpg\"><img loading=\"lazy\" decoding=\"async\" class=\"alignnone size-medium wp-image-43881\" src=\"https:\/\/regiaonews.net.br\/2022\/wp-content\/uploads\/2021\/03\/2020-03-23t212646z_1_lynxmpeg2m24l_rtroptp_4_china-health-who-usa-300x179.jpg\" alt=\"\" width=\"300\" height=\"179\" \/><\/a><\/p>\n<p>O v\u00edrus j\u00e1 se tinha espalhado,\u00a0em Portugal j\u00e1 existiam casos,\u00a0mas s\u00f3 em\u00a0mar\u00e7o de 2020 \u00e9 que a Organiza\u00e7\u00e3o Mundial da Sa\u00fade\u00a0 (OMS) declarou a pandemia,\u00a0praticamente tr\u00eas meses depois de ter sido anunciado o primeiro caso em Wuhan, na China. Tinham morrido pouco mais de 4 mil pessoas. Um ano depois, a covid-19 j\u00e1 tirou a vida de\u00a0mais de 2,6 milh\u00f5es.<img decoding=\"async\" src=\"https:\/\/agenciabrasil.ebc.com.br\/ebc.png?id=1403608&amp;o=node\" \/><img decoding=\"async\" src=\"https:\/\/agenciabrasil.ebc.com.br\/ebc.gif?id=1403608&amp;o=node\" \/><\/p>\n<p>Em uma quarta-feira,\u00a011 de mar\u00e7o de 2020, quando o diretor-geral da OMS, Tedros Adhanom, declarou\u00a0que o que at\u00e9 ent\u00e3o era considerada uma epidemia, tinha a for\u00e7a de pandemia.\u00a0Ao justificar a declara\u00e7\u00e3o, ele afirmou que os casos fora da China tinham se\u00a0\u00a0&#8220;multiplicado por 13&#8221;.<\/p>\n<p>Tedros Adhanoms disse, \u00e0 \u00e9poca, que cabia a cada um dos pa\u00edses mudar o curso dessa pandemia se detectarem (casos), testarem, tratarem, isolarem, rastrearem e mobilizarem as pessoas na resposta. &#8220;Estamos nisto juntos e precisamos fazer com calma aquilo que \u00e9 necess\u00e1rio&#8221;. Ele\u00a0tamb\u00e9m j\u00e1 alertava para a necessidade de uma resposta mais agressiva.<\/p>\n<p>O representante\u00a0da OMS para situa\u00e7\u00f5es de emerg\u00eancia, Mike Ryan, destacava\u00a0que a utiliza\u00e7\u00e3o da palavra &#8220;pandemia&#8221; era meramente descritiva da situa\u00e7\u00e3o e n\u00e3o alterava, &#8220;em nada, aquilo&#8221; que j\u00e1 estava sendo\u00a0feito, &#8220;nem aquilo que os pa\u00edses deveriam fazer&#8221;.<\/p>\n<p>A OMS alertava para os n\u00edveis alarmantes de propaga\u00e7\u00e3o e gravidade do v\u00edrus e tamb\u00e9m para\u00a0os &#8220;n\u00edveis alarmantes de falta de a\u00e7\u00e3o&#8221;.<\/p>\n<p>Dois pa\u00edses em particular preocupavam a OMS naquele momento: o Ir\u00e3 e a\u00a0It\u00e1lia. O n\u00famero de mortes crescia de forma assustadora. Mike Ryan avisava que\u00a0outros pa\u00edses estariam\u00a0muito em breve nessa situa\u00e7\u00e3o, o que se confirmou.<\/p>\n<p>O novo coronav\u00edrus, que come\u00e7ou na China, se alastrou pelo mundo inteiro. Matou pessoas, superlotou hospitais, quebrou muitas vezes a solidariedade e a economia. Paralisou a ind\u00fastria, impediu avi\u00f5es de levantar voo, fechou escolas e adiou ou cancelou eventos desportivos e espet\u00e1culos. Mudou toda a vida.<\/p>\n<p>Os \u00faltimos dados, neste 11 de mar\u00e7o de 2021, precisamente um ano depois da\u00a0declara\u00e7\u00e3o de pandemia pela OMS\u00a0indicam quase 120 milh\u00f5es de pessoas infectadas pelo\u00a0v\u00edrus e mais de 2,6 milh\u00f5es de mortes.<\/p>\n<p>FONTE : Ag\u00eanciaBrasil<\/p>\n","protected":false},"excerpt":{"rendered":"<p>O v\u00edrus j\u00e1 se tinha espalhado,\u00a0em Portugal j\u00e1 existiam casos,\u00a0mas<\/p>\n","protected":false},"author":2,"featured_media":43881,"comment_status":"open","ping_status":"open","sticky":false,"template":"","format":"standard","meta":{"footnotes":""},"categories":[31],"tags":[],"class_list":["post-43880","post","type-post","status-publish","format-standard","has-post-thumbnail","hentry","category-internacional"],"yoast_head":"<!-- This site is optimized with the Yoast SEO plugin v27.4 - https:\/\/yoast.com\/product\/yoast-seo-wordpress\/ -->\n<title>Covid-19: h\u00e1 um ano, OMS declarava pandemia - Regi\u00e3o News<\/title>\n<meta name=\"robots\" content=\"index, follow, max-snippet:-1, max-image-preview:large, max-video-preview:-1\" \/>\n<link rel=\"canonical\" href=\"https:\/\/regiaonews.net.br\/2022\/2021\/03\/11\/covid-19-ha-um-ano-oms-declarava-pandemia\/\" \/>\n<meta property=\"og:locale\" content=\"pt_BR\" \/>\n<meta property=\"og:type\" content=\"article\" \/>\n<meta property=\"og:title\" content=\"Covid-19: h\u00e1 um ano, OMS declarava pandemia - Regi\u00e3o News\" \/>\n<meta property=\"og:description\" content=\"O v\u00edrus j\u00e1 se tinha espalhado,\u00a0em Portugal j\u00e1 existiam casos,\u00a0mas\" \/>\n<meta property=\"og:url\" content=\"https:\/\/regiaonews.net.br\/2022\/2021\/03\/11\/covid-19-ha-um-ano-oms-declarava-pandemia\/\" \/>\n<meta property=\"og:site_name\" content=\"Regi\u00e3o News\" \/>\n<meta property=\"article:published_time\" content=\"2021-03-11T12:50:09+00:00\" \/>\n<meta property=\"og:image\" content=\"https:\/\/regiaonews.net.br\/2022\/wp-content\/uploads\/2021\/03\/2020-03-23t212646z_1_lynxmpeg2m24l_rtroptp_4_china-health-who-usa.jpg\" \/>\n\t<meta property=\"og:image:width\" content=\"1170\" \/>\n\t<meta property=\"og:image:height\" content=\"700\" \/>\n\t<meta property=\"og:image:type\" content=\"image\/jpeg\" \/>\n<meta name=\"author\" content=\"Roberto\" \/>\n<meta name=\"twitter:card\" content=\"summary_large_image\" \/>\n<meta name=\"twitter:label1\" content=\"Escrito por\" \/>\n\t<meta name=\"twitter:data1\" content=\"Roberto\" \/>\n\t<meta name=\"twitter:label2\" content=\"Est. tempo de leitura\" \/>\n\t<meta name=\"twitter:data2\" content=\"2 minutos\" \/>\n<script type=\"application\/ld+json\" class=\"yoast-schema-graph\">{\"@context\":\"https:\\\/\\\/schema.org\",\"@graph\":[{\"@type\":\"Article\",\"@id\":\"https:\\\/\\\/regiaonews.net.br\\\/2022\\\/2021\\\/03\\\/11\\\/covid-19-ha-um-ano-oms-declarava-pandemia\\\/#article\",\"isPartOf\":{\"@id\":\"https:\\\/\\\/regiaonews.net.br\\\/2022\\\/2021\\\/03\\\/11\\\/covid-19-ha-um-ano-oms-declarava-pandemia\\\/\"},\"author\":{\"name\":\"Roberto\",\"@id\":\"https:\\\/\\\/regiaonews.net.br\\\/2022\\\/#\\\/schema\\\/person\\\/2d205a608a5aa97ac279d7a5e6d89ad8\"},\"headline\":\"Covid-19: h\u00e1 um ano, OMS declarava pandemia\",\"datePublished\":\"2021-03-11T12:50:09+00:00\",\"mainEntityOfPage\":{\"@id\":\"https:\\\/\\\/regiaonews.net.br\\\/2022\\\/2021\\\/03\\\/11\\\/covid-19-ha-um-ano-oms-declarava-pandemia\\\/\"},\"wordCount\":385,\"commentCount\":0,\"publisher\":{\"@id\":\"https:\\\/\\\/regiaonews.net.br\\\/2022\\\/#organization\"},\"image\":{\"@id\":\"https:\\\/\\\/regiaonews.net.br\\\/2022\\\/2021\\\/03\\\/11\\\/covid-19-ha-um-ano-oms-declarava-pandemia\\\/#primaryimage\"},\"thumbnailUrl\":\"https:\\\/\\\/regiaonews.net.br\\\/2022\\\/wp-content\\\/uploads\\\/2021\\\/03\\\/2020-03-23t212646z_1_lynxmpeg2m24l_rtroptp_4_china-health-who-usa.jpg\",\"articleSection\":[\"Internacional\"],\"inLanguage\":\"pt-BR\",\"potentialAction\":[{\"@type\":\"CommentAction\",\"name\":\"Comment\",\"target\":[\"https:\\\/\\\/regiaonews.net.br\\\/2022\\\/2021\\\/03\\\/11\\\/covid-19-ha-um-ano-oms-declarava-pandemia\\\/#respond\"]}]},{\"@type\":\"WebPage\",\"@id\":\"https:\\\/\\\/regiaonews.net.br\\\/2022\\\/2021\\\/03\\\/11\\\/covid-19-ha-um-ano-oms-declarava-pandemia\\\/\",\"url\":\"https:\\\/\\\/regiaonews.net.br\\\/2022\\\/2021\\\/03\\\/11\\\/covid-19-ha-um-ano-oms-declarava-pandemia\\\/\",\"name\":\"Covid-19: h\u00e1 um ano, OMS declarava pandemia - Regi\u00e3o News\",\"isPartOf\":{\"@id\":\"https:\\\/\\\/regiaonews.net.br\\\/2022\\\/#website\"},\"primaryImageOfPage\":{\"@id\":\"https:\\\/\\\/regiaonews.net.br\\\/2022\\\/2021\\\/03\\\/11\\\/covid-19-ha-um-ano-oms-declarava-pandemia\\\/#primaryimage\"},\"image\":{\"@id\":\"https:\\\/\\\/regiaonews.net.br\\\/2022\\\/2021\\\/03\\\/11\\\/covid-19-ha-um-ano-oms-declarava-pandemia\\\/#primaryimage\"},\"thumbnailUrl\":\"https:\\\/\\\/regiaonews.net.br\\\/2022\\\/wp-content\\\/uploads\\\/2021\\\/03\\\/2020-03-23t212646z_1_lynxmpeg2m24l_rtroptp_4_china-health-who-usa.jpg\",\"datePublished\":\"2021-03-11T12:50:09+00:00\",\"breadcrumb\":{\"@id\":\"https:\\\/\\\/regiaonews.net.br\\\/2022\\\/2021\\\/03\\\/11\\\/covid-19-ha-um-ano-oms-declarava-pandemia\\\/#breadcrumb\"},\"inLanguage\":\"pt-BR\",\"potentialAction\":[{\"@type\":\"ReadAction\",\"target\":[\"https:\\\/\\\/regiaonews.net.br\\\/2022\\\/2021\\\/03\\\/11\\\/covid-19-ha-um-ano-oms-declarava-pandemia\\\/\"]}]},{\"@type\":\"ImageObject\",\"inLanguage\":\"pt-BR\",\"@id\":\"https:\\\/\\\/regiaonews.net.br\\\/2022\\\/2021\\\/03\\\/11\\\/covid-19-ha-um-ano-oms-declarava-pandemia\\\/#primaryimage\",\"url\":\"https:\\\/\\\/regiaonews.net.br\\\/2022\\\/wp-content\\\/uploads\\\/2021\\\/03\\\/2020-03-23t212646z_1_lynxmpeg2m24l_rtroptp_4_china-health-who-usa.jpg\",\"contentUrl\":\"https:\\\/\\\/regiaonews.net.br\\\/2022\\\/wp-content\\\/uploads\\\/2021\\\/03\\\/2020-03-23t212646z_1_lynxmpeg2m24l_rtroptp_4_china-health-who-usa.jpg\",\"width\":1170,\"height\":700},{\"@type\":\"BreadcrumbList\",\"@id\":\"https:\\\/\\\/regiaonews.net.br\\\/2022\\\/2021\\\/03\\\/11\\\/covid-19-ha-um-ano-oms-declarava-pandemia\\\/#breadcrumb\",\"itemListElement\":[{\"@type\":\"ListItem\",\"position\":1,\"name\":\"In\u00edcio\",\"item\":\"https:\\\/\\\/regiaonews.net.br\\\/2022\\\/\"},{\"@type\":\"ListItem\",\"position\":2,\"name\":\"Covid-19: h\u00e1 um ano, OMS declarava pandemia\"}]},{\"@type\":\"WebSite\",\"@id\":\"https:\\\/\\\/regiaonews.net.br\\\/2022\\\/#website\",\"url\":\"https:\\\/\\\/regiaonews.net.br\\\/2022\\\/\",\"name\":\"Regi\u00e3o News\",\"description\":\"Site de Not\u00edcias de Barretos e regi\u00e3o\",\"publisher\":{\"@id\":\"https:\\\/\\\/regiaonews.net.br\\\/2022\\\/#organization\"},\"potentialAction\":[{\"@type\":\"SearchAction\",\"target\":{\"@type\":\"EntryPoint\",\"urlTemplate\":\"https:\\\/\\\/regiaonews.net.br\\\/2022\\\/?s={search_term_string}\"},\"query-input\":{\"@type\":\"PropertyValueSpecification\",\"valueRequired\":true,\"valueName\":\"search_term_string\"}}],\"inLanguage\":\"pt-BR\"},{\"@type\":\"Organization\",\"@id\":\"https:\\\/\\\/regiaonews.net.br\\\/2022\\\/#organization\",\"name\":\"Regi\u00e3o News\",\"url\":\"https:\\\/\\\/regiaonews.net.br\\\/2022\\\/\",\"logo\":{\"@type\":\"ImageObject\",\"inLanguage\":\"pt-BR\",\"@id\":\"https:\\\/\\\/regiaonews.net.br\\\/2022\\\/#\\\/schema\\\/logo\\\/image\\\/\",\"url\":\"https:\\\/\\\/regiaonews.net.br\\\/2022\\\/wp-content\\\/uploads\\\/2026\\\/03\\\/regiao-13-anos-scaled.jpg\",\"contentUrl\":\"https:\\\/\\\/regiaonews.net.br\\\/2022\\\/wp-content\\\/uploads\\\/2026\\\/03\\\/regiao-13-anos-scaled.jpg\",\"width\":2560,\"height\":635,\"caption\":\"Regi\u00e3o News\"},\"image\":{\"@id\":\"https:\\\/\\\/regiaonews.net.br\\\/2022\\\/#\\\/schema\\\/logo\\\/image\\\/\"}},{\"@type\":\"Person\",\"@id\":\"https:\\\/\\\/regiaonews.net.br\\\/2022\\\/#\\\/schema\\\/person\\\/2d205a608a5aa97ac279d7a5e6d89ad8\",\"name\":\"Roberto\",\"image\":{\"@type\":\"ImageObject\",\"inLanguage\":\"pt-BR\",\"@id\":\"https:\\\/\\\/secure.gravatar.com\\\/avatar\\\/42749d8b712ff9d59ca93dc150494e5b55a44134482993f5baeb97e61b7ecc89?s=96&d=mm&r=g\",\"url\":\"https:\\\/\\\/secure.gravatar.com\\\/avatar\\\/42749d8b712ff9d59ca93dc150494e5b55a44134482993f5baeb97e61b7ecc89?s=96&d=mm&r=g\",\"contentUrl\":\"https:\\\/\\\/secure.gravatar.com\\\/avatar\\\/42749d8b712ff9d59ca93dc150494e5b55a44134482993f5baeb97e61b7ecc89?s=96&d=mm&r=g\",\"caption\":\"Roberto\"},\"url\":\"https:\\\/\\\/regiaonews.net.br\\\/2022\\\/author\\\/roberto\\\/\"}]}<\/script>\n<!-- \/ Yoast SEO plugin. -->","yoast_head_json":{"title":"Covid-19: h\u00e1 um ano, OMS declarava pandemia - Regi\u00e3o News","robots":{"index":"index","follow":"follow","max-snippet":"max-snippet:-1","max-image-preview":"max-image-preview:large","max-video-preview":"max-video-preview:-1"},"canonical":"https:\/\/regiaonews.net.br\/2022\/2021\/03\/11\/covid-19-ha-um-ano-oms-declarava-pandemia\/","og_locale":"pt_BR","og_type":"article","og_title":"Covid-19: h\u00e1 um ano, OMS declarava pandemia - Regi\u00e3o News","og_description":"O v\u00edrus j\u00e1 se tinha espalhado,\u00a0em Portugal j\u00e1 existiam casos,\u00a0mas","og_url":"https:\/\/regiaonews.net.br\/2022\/2021\/03\/11\/covid-19-ha-um-ano-oms-declarava-pandemia\/","og_site_name":"Regi\u00e3o News","article_published_time":"2021-03-11T12:50:09+00:00","og_image":[{"width":1170,"height":700,"url":"https:\/\/regiaonews.net.br\/2022\/wp-content\/uploads\/2021\/03\/2020-03-23t212646z_1_lynxmpeg2m24l_rtroptp_4_china-health-who-usa.jpg","type":"image\/jpeg"}],"author":"Roberto","twitter_card":"summary_large_image","twitter_misc":{"Escrito por":"Roberto","Est. tempo de leitura":"2 minutos"},"schema":{"@context":"https:\/\/schema.org","@graph":[{"@type":"Article","@id":"https:\/\/regiaonews.net.br\/2022\/2021\/03\/11\/covid-19-ha-um-ano-oms-declarava-pandemia\/#article","isPartOf":{"@id":"https:\/\/regiaonews.net.br\/2022\/2021\/03\/11\/covid-19-ha-um-ano-oms-declarava-pandemia\/"},"author":{"name":"Roberto","@id":"https:\/\/regiaonews.net.br\/2022\/#\/schema\/person\/2d205a608a5aa97ac279d7a5e6d89ad8"},"headline":"Covid-19: h\u00e1 um ano, OMS declarava pandemia","datePublished":"2021-03-11T12:50:09+00:00","mainEntityOfPage":{"@id":"https:\/\/regiaonews.net.br\/2022\/2021\/03\/11\/covid-19-ha-um-ano-oms-declarava-pandemia\/"},"wordCount":385,"commentCount":0,"publisher":{"@id":"https:\/\/regiaonews.net.br\/2022\/#organization"},"image":{"@id":"https:\/\/regiaonews.net.br\/2022\/2021\/03\/11\/covid-19-ha-um-ano-oms-declarava-pandemia\/#primaryimage"},"thumbnailUrl":"https:\/\/regiaonews.net.br\/2022\/wp-content\/uploads\/2021\/03\/2020-03-23t212646z_1_lynxmpeg2m24l_rtroptp_4_china-health-who-usa.jpg","articleSection":["Internacional"],"inLanguage":"pt-BR","potentialAction":[{"@type":"CommentAction","name":"Comment","target":["https:\/\/regiaonews.net.br\/2022\/2021\/03\/11\/covid-19-ha-um-ano-oms-declarava-pandemia\/#respond"]}]},{"@type":"WebPage","@id":"https:\/\/regiaonews.net.br\/2022\/2021\/03\/11\/covid-19-ha-um-ano-oms-declarava-pandemia\/","url":"https:\/\/regiaonews.net.br\/2022\/2021\/03\/11\/covid-19-ha-um-ano-oms-declarava-pandemia\/","name":"Covid-19: h\u00e1 um ano, OMS declarava pandemia - Regi\u00e3o News","isPartOf":{"@id":"https:\/\/regiaonews.net.br\/2022\/#website"},"primaryImageOfPage":{"@id":"https:\/\/regiaonews.net.br\/2022\/2021\/03\/11\/covid-19-ha-um-ano-oms-declarava-pandemia\/#primaryimage"},"image":{"@id":"https:\/\/regiaonews.net.br\/2022\/2021\/03\/11\/covid-19-ha-um-ano-oms-declarava-pandemia\/#primaryimage"},"thumbnailUrl":"https:\/\/regiaonews.net.br\/2022\/wp-content\/uploads\/2021\/03\/2020-03-23t212646z_1_lynxmpeg2m24l_rtroptp_4_china-health-who-usa.jpg","datePublished":"2021-03-11T12:50:09+00:00","breadcrumb":{"@id":"https:\/\/regiaonews.net.br\/2022\/2021\/03\/11\/covid-19-ha-um-ano-oms-declarava-pandemia\/#breadcrumb"},"inLanguage":"pt-BR","potentialAction":[{"@type":"ReadAction","target":["https:\/\/regiaonews.net.br\/2022\/2021\/03\/11\/covid-19-ha-um-ano-oms-declarava-pandemia\/"]}]},{"@type":"ImageObject","inLanguage":"pt-BR","@id":"https:\/\/regiaonews.net.br\/2022\/2021\/03\/11\/covid-19-ha-um-ano-oms-declarava-pandemia\/#primaryimage","url":"https:\/\/regiaonews.net.br\/2022\/wp-content\/uploads\/2021\/03\/2020-03-23t212646z_1_lynxmpeg2m24l_rtroptp_4_china-health-who-usa.jpg","contentUrl":"https:\/\/regiaonews.net.br\/2022\/wp-content\/uploads\/2021\/03\/2020-03-23t212646z_1_lynxmpeg2m24l_rtroptp_4_china-health-who-usa.jpg","width":1170,"height":700},{"@type":"BreadcrumbList","@id":"https:\/\/regiaonews.net.br\/2022\/2021\/03\/11\/covid-19-ha-um-ano-oms-declarava-pandemia\/#breadcrumb","itemListElement":[{"@type":"ListItem","position":1,"name":"In\u00edcio","item":"https:\/\/regiaonews.net.br\/2022\/"},{"@type":"ListItem","position":2,"name":"Covid-19: h\u00e1 um ano, OMS declarava pandemia"}]},{"@type":"WebSite","@id":"https:\/\/regiaonews.net.br\/2022\/#website","url":"https:\/\/regiaonews.net.br\/2022\/","name":"Regi\u00e3o News","description":"Site de Not\u00edcias de Barretos e regi\u00e3o","publisher":{"@id":"https:\/\/regiaonews.net.br\/2022\/#organization"},"potentialAction":[{"@type":"SearchAction","target":{"@type":"EntryPoint","urlTemplate":"https:\/\/regiaonews.net.br\/2022\/?s={search_term_string}"},"query-input":{"@type":"PropertyValueSpecification","valueRequired":true,"valueName":"search_term_string"}}],"inLanguage":"pt-BR"},{"@type":"Organization","@id":"https:\/\/regiaonews.net.br\/2022\/#organization","name":"Regi\u00e3o News","url":"https:\/\/regiaonews.net.br\/2022\/","logo":{"@type":"ImageObject","inLanguage":"pt-BR","@id":"https:\/\/regiaonews.net.br\/2022\/#\/schema\/logo\/image\/","url":"https:\/\/regiaonews.net.br\/2022\/wp-content\/uploads\/2026\/03\/regiao-13-anos-scaled.jpg","contentUrl":"https:\/\/regiaonews.net.br\/2022\/wp-content\/uploads\/2026\/03\/regiao-13-anos-scaled.jpg","width":2560,"height":635,"caption":"Regi\u00e3o News"},"image":{"@id":"https:\/\/regiaonews.net.br\/2022\/#\/schema\/logo\/image\/"}},{"@type":"Person","@id":"https:\/\/regiaonews.net.br\/2022\/#\/schema\/person\/2d205a608a5aa97ac279d7a5e6d89ad8","name":"Roberto","image":{"@type":"ImageObject","inLanguage":"pt-BR","@id":"https:\/\/secure.gravatar.com\/avatar\/42749d8b712ff9d59ca93dc150494e5b55a44134482993f5baeb97e61b7ecc89?s=96&d=mm&r=g","url":"https:\/\/secure.gravatar.com\/avatar\/42749d8b712ff9d59ca93dc150494e5b55a44134482993f5baeb97e61b7ecc89?s=96&d=mm&r=g","contentUrl":"https:\/\/secure.gravatar.com\/avatar\/42749d8b712ff9d59ca93dc150494e5b55a44134482993f5baeb97e61b7ecc89?s=96&d=mm&r=g","caption":"Roberto"},"url":"https:\/\/regiaonews.net.br\/2022\/author\/roberto\/"}]}},"publishpress_future_action":{"enabled":false,"date":"2026-05-04 00:18:28","action":"change-status","newStatus":"draft","terms":[],"taxonomy":"category","extraData":[]},"publishpress_future_workflow_manual_trigger":{"enabledWorkflows":[]},"_links":{"self":[{"href":"https:\/\/regiaonews.net.br\/2022\/wp-json\/wp\/v2\/posts\/43880","targetHints":{"allow":["GET"]}}],"collection":[{"href":"https:\/\/regiaonews.net.br\/2022\/wp-json\/wp\/v2\/posts"}],"about":[{"href":"https:\/\/regiaonews.net.br\/2022\/wp-json\/wp\/v2\/types\/post"}],"author":[{"embeddable":true,"href":"https:\/\/regiaonews.net.br\/2022\/wp-json\/wp\/v2\/users\/2"}],"replies":[{"embeddable":true,"href":"https:\/\/regiaonews.net.br\/2022\/wp-json\/wp\/v2\/comments?post=43880"}],"version-history":[{"count":0,"href":"https:\/\/regiaonews.net.br\/2022\/wp-json\/wp\/v2\/posts\/43880\/revisions"}],"wp:featuredmedia":[{"embeddable":true,"href":"https:\/\/regiaonews.net.br\/2022\/wp-json\/wp\/v2\/media\/43881"}],"wp:attachment":[{"href":"https:\/\/regiaonews.net.br\/2022\/wp-json\/wp\/v2\/media?parent=43880"}],"wp:term":[{"taxonomy":"category","embeddable":true,"href":"https:\/\/regiaonews.net.br\/2022\/wp-json\/wp\/v2\/categories?post=43880"},{"taxonomy":"post_tag","embeddable":true,"href":"https:\/\/regiaonews.net.br\/2022\/wp-json\/wp\/v2\/tags?post=43880"}],"curies":[{"name":"wp","href":"https:\/\/api.w.org\/{rel}","templated":true}]}}