{"id":43873,"date":"2021-03-11T06:31:53","date_gmt":"2021-03-11T09:31:53","guid":{"rendered":"https:\/\/regiaonews.net.br\/2022\/?p=43873"},"modified":"2021-03-11T06:31:53","modified_gmt":"2021-03-11T09:31:53","slug":"sistema-de-saude-de-sp-pode-colapsar-em-25-dias-com-ritmo-atual-de-internacoes-e-de-criacao-de-novas-utis-para-covid","status":"publish","type":"post","link":"https:\/\/regiaonews.net.br\/2022\/2021\/03\/11\/sistema-de-saude-de-sp-pode-colapsar-em-25-dias-com-ritmo-atual-de-internacoes-e-de-criacao-de-novas-utis-para-covid\/","title":{"rendered":"Sistema de sa\u00fade de SP pode colapsar em 25 dias com ritmo atual de interna\u00e7\u00f5es e de cria\u00e7\u00e3o de novas UTIs para Covid"},"content":{"rendered":"<p><a href=\"https:\/\/regiaonews.net.br\/2022\/wp-content\/uploads\/2020\/06\/coronavirus-brazil-hospital.jpg\"><img loading=\"lazy\" decoding=\"async\" class=\"alignnone size-medium wp-image-33515\" src=\"https:\/\/regiaonews.net.br\/2022\/wp-content\/uploads\/2020\/06\/coronavirus-brazil-hospital-300x179.jpg\" alt=\"\" width=\"300\" height=\"179\" \/><\/a><\/p>\n<h2 class=\"content-head__subtitle\">C\u00e1lculo considera a m\u00e9dia de cria\u00e7\u00e3o de novos leitos de UTI pelo governo e tamb\u00e9m por hospitais particulares, al\u00e9m do crescimento na ocupa\u00e7\u00e3o desses equipamentos ao longo do m\u00eas de mar\u00e7o. Esgotamento pode ocorrer antes se abertura de novos leitos chegar ao limite<\/h2>\n<div class=\"mc-column content-text active-extra-styles \" data-block-type=\"unstyled\" data-block-weight=\"72\" data-block-id=\"2\">\n<p class=\"content-text__container \" data-track-category=\"Link no Texto\" data-track-links=\"\">O estado de\u00a0<a href=\"https:\/\/g1.globo.com\/sp\/sao-paulo\/\">S\u00e3o Paulo<\/a>\u00a0pode chegar ao\u00a0<span class=\"highlight highlighted\">colapso de seu sistema de sa\u00fade em 25 dias<\/span>, caso o atual ritmo de avan\u00e7o da pandemia permane\u00e7a. Todos os leitos de Unidade de Terapia Intensiva (UTI) dispon\u00edveis para\u00a0<a href=\"https:\/\/g1.globo.com\/bemestar\/coronavirus\/\">Covid-19<\/a>\u00a0nas redes p\u00fablica e privada do estado devem acabar nesse prazo, se o ritmo atual de interna\u00e7\u00f5es pela doen\u00e7a e de abertura de novos leitos se mantiver o mesmo do m\u00eas de mar\u00e7o.<\/p>\n<\/div>\n<div class=\"wall protected-content\">\n<div class=\"mc-column content-text active-extra-styles \" data-block-type=\"unstyled\" data-block-weight=\"55\" data-block-id=\"3\">\n<p class=\"content-text__container \" data-track-category=\"Link no Texto\" data-track-links=\"\">O c\u00e1lculo, feito por uma matem\u00e1tica a pedido do<strong>\u00a0G1<\/strong>, considera a m\u00e9dia de cria\u00e7\u00e3o de novos leitos pelo governo e tamb\u00e9m por hospitais particulares, al\u00e9m do crescimento na ocupa\u00e7\u00e3o desses equipamentos, ao longo deste m\u00eas.\u00a0<span class=\"highlight highlighted\">Isto significa que, em 25 dias, o total de leitos de UTI ocupados superaria o n\u00famero de leitos criados<\/span>.<\/p>\n<div class=\"mc-column content-text active-extra-styles \" data-block-type=\"unstyled\" data-block-weight=\"80\" data-block-id=\"6\">\n<p class=\"content-text__container \" data-track-category=\"Link no Texto\" data-track-links=\"\">Segundo a matem\u00e1tica Simone Batista, professora da Universidade Federal do Rio Grande do Norte (UFRN) e doutora em engenharia de sistemas pela Poli-USP, o esgotamento pode ocorrer em menos tempo caso o ritmo seja o mesmo que foi verificado nos \u00faltimos tr\u00eas dias, e n\u00e3o a m\u00e9dia de todo o m\u00eas de mar\u00e7o. Se a velocidade dos \u00faltimos dias permanecer, o colapso poderia ocorrer j\u00e1 nos primeiros dias de abril, ou seja, em pouco mais de 20 dias.<\/p>\n<\/div>\n<div class=\"mc-column content-text active-extra-styles \" data-block-type=\"unstyled\" data-block-weight=\"39\" data-block-id=\"7\">\n<p class=\"content-text__container \" data-track-category=\"Link no Texto\" data-track-links=\"\">Para o f\u00edsico Rafael Lopes Paix\u00e3o da Silva, pesquisador do Observat\u00f3rio Covid-BR, o ritmo de abertura de leitos de UTI pode ser ampliado pelo governo estadual, mas deve esbarrar na dificuldade para encontrar profissionais de sa\u00fade para oper\u00e1-los.<\/p>\n<\/div>\n<div class=\"mc-column content-text active-extra-styles \" data-block-type=\"unstyled\" data-block-weight=\"43\" data-block-id=\"8\">\n<p class=\"content-text__container \" data-track-category=\"Link no Texto\" data-track-links=\"\">\u201cEu acho que a principal vari\u00e1vel \u00e9 a pol\u00edtica, porque o governo do estado \u00e9 capaz de abrir leitos, a cidade de S\u00e3o Paulo chegou a ter tr\u00eas hospitais de campanha, mas da\u00ed teria que avaliar em termos de profissionais dispon\u00edveis\u201d, disse.<\/p>\n<\/div>\n<div class=\"mc-column content-text active-extra-styles \" data-block-type=\"unstyled\" data-block-weight=\"36\" data-block-id=\"9\">\n<p class=\"content-text__container \" data-track-category=\"Link no Texto\" data-track-links=\"\">Segundo o m\u00e9dico M\u00e1rcio Sommer Bittencourt, pesquisador do Hospital Universit\u00e1rio da USP, o colapso do sistema de sa\u00fade pode ocorrer antes que o total de leitos ocupados supere o total de leitos criados no estado.<\/p>\n<\/div>\n<div class=\"mc-column content-text active-extra-styles\" data-block-type=\"raw\" data-block-weight=\"46\" data-block-id=\"10\">\n<p class=\"content-text__container\">\n<blockquote class=\"content-blockquote theme-border-color-primary-before\"><p>&#8220;Na verdade, a gente j\u00e1 est\u00e1 meio em colapso, porque j\u00e1 tem muito lugar que t\u00e1 sem leito, j\u00e1 tem muita fila de espera para leito, j\u00e1 tem muita gente que n\u00e3o t\u00e1 sendo adequadamente atendido. A situa\u00e7\u00e3o j\u00e1 \u00e9 muito complicada, independe do n\u00famero&#8221;, disse.<\/p><\/blockquote>\n<p>&nbsp;<\/p>\n<\/div>\n<div class=\"mc-column content-text active-extra-styles \" data-block-type=\"unstyled\" data-block-weight=\"26\" data-block-id=\"11\">\n<p class=\"content-text__container \" data-track-category=\"Link no Texto\" data-track-links=\"\">&#8220;O colapso para mim se d\u00e1 quando voc\u00ea n\u00e3o consegue dar uma assist\u00eancia adequada para as pessoas, e a gente j\u00e1 est\u00e1 fazendo isso&#8221;, completou.<\/p>\n<\/div>\n<div class=\"mc-column content-text active-extra-styles \" data-block-type=\"unstyled\" data-block-weight=\"34\" data-block-id=\"12\">\n<p class=\"content-text__container \" data-track-category=\"Link no Texto\" data-track-links=\"\">Nesta quarta-feira (10), o secret\u00e1rio da Sa\u00fade de S\u00e3o Paulo reconheceu que a abertura de novos leitos de UTI n\u00e3o \u00e9 uma medida capaz de, sozinha, conter o avan\u00e7o da pandemia no estado.<\/p>\n<p data-track-category=\"Link no Texto\" data-track-links=\"\">fonte : G1<\/p>\n<\/div>\n<div class=\"content-ads content-ads--reveal\" data-block-type=\"ads\" data-block-id=\"13\">\n<div id=\"banner_materia__76d9be99-091e-4663-8f87-1d59ea8e81c8\" class=\"tag-manager-publicidade-container mc-has-reveal mc-has-ad-lazyload tag-manager-publicidade-banner_materia__76d9be99-091e-4663-8f87-1d59ea8e81c8 tag-manager-publicidade-container--carregado tag-manager-publicidade-container--visivel\" data-id=\"banner_materia__76d9be99-091e-4663-8f87-1d59ea8e81c8\" data-req=\"true\" data-google-query-id=\"CJ2-xIr3p-8CFU0FuQYdhkkH9g\" data-cid=\"138341765644\" data-lid=\"5630546364\">\n<div id=\"google_ads_iframe_\/95377733\/tvg_G1\/Sua_Regiao&gt;Sudeste&gt;Sao_Paulo_4__container__\" style=\"box-sizing: inherit; margin: auto; padding: 0px; border: 0pt none; font: inherit; vertical-align: initial; max-width: 100%; text-align: center; width: 970px; height: 250px;\"><iframe loading=\"lazy\" id=\"google_ads_iframe_\/95377733\/tvg_G1\/Sua_Regiao&gt;Sudeste&gt;Sao_Paulo_4\" style=\"box-sizing: inherit; margin: 0px; padding: 0px; border: 0px; font: inherit; vertical-align: bottom;\" title=\"3rd party ad content\" src=\"https:\/\/tpc.googlesyndication.com\/safeframe\/1-0-37\/html\/container.html\" name=\"\" width=\"970\" height=\"250\" frameborder=\"0\" marginwidth=\"0\" marginheight=\"0\" scrolling=\"no\" sandbox=\"allow-forms allow-popups allow-popups-to-escape-sandbox allow-same-origin allow-scripts allow-top-navigation-by-user-activation\" data-is-safeframe=\"true\" data-google-container-id=\"4\" data-load-complete=\"true\" data-mce-fragment=\"1\"><\/iframe><\/div>\n<\/div>\n<\/div>\n<div class=\"mc-column content-text active-extra-styles\" data-block-type=\"raw\" data-block-weight=\"66\" data-block-id=\"14\">\n<p class=\"content-text__container\">\n<blockquote class=\"content-blockquote theme-border-color-primary-before\"><p>&#8220;Ampliamos leitos e continuaremos a ampliar leitos, mas n\u00f3s n\u00e3o daremos conta de abrir mais. Eu vou repetir: n\u00f3s n\u00e3o daremos mais conta de abrir mais leitos. Precisamos da ajuda de todos. Precisamos que todos fiquem em casa e s\u00f3 saiam em condi\u00e7\u00f5es de absoluta necessidade, que usem m\u00e1scaras, que evitem as aglomera\u00e7\u00f5es. Nos ajudem para que, dessa maneira, possamos ajudar a todos&#8221;, disse Jean Gorinchteyn.<\/p><\/blockquote>\n<p>&nbsp;<\/p>\n<\/div>\n<div class=\"mc-column content-text active-extra-styles \" data-block-type=\"unstyled\" data-block-weight=\"77\" data-block-id=\"15\">\n<p class=\"content-text__container \" data-track-category=\"Link no Texto\" data-track-links=\"\">Desde o come\u00e7o de mar\u00e7o o estado de\u00a0<a href=\"https:\/\/g1.globo.com\/sp\/sao-paulo\/\">S\u00e3o Paulo<\/a>\u00a0registra consecutivos recordes nos indicadores de sa\u00fade da Covid-19. Nesta quarta (10), a\u00a0<a href=\"https:\/\/g1.globo.com\/sp\/sao-paulo\/noticia\/2021\/03\/10\/sao-paulo-supera-rio-de-janeiro-e-volta-a-ser-cidade-com-mais-mortes-por-covid-19-no-brasil.ghtml\">m\u00e9dia di\u00e1ria de mortes por Covid-19 no estado foi de 313 \u00f3bitos<\/a>,\u00a0<span class=\"highlight highlighted\">recorde pelo terceiro dia seguido<\/span>. A taxa m\u00e9dia de ocupa\u00e7\u00e3o de UTIs em todo o estado, com 83%, tamb\u00e9m foi a maior de toda a pandemia, e o n\u00famero de pacientes internados em UTI e enfermaria chegou a 20,8 mil, outro recorde.<\/p>\n<\/div>\n<\/div>\n<\/div>\n","protected":false},"excerpt":{"rendered":"<p>C\u00e1lculo considera a m\u00e9dia de cria\u00e7\u00e3o de novos leitos de<\/p>\n","protected":false},"author":2,"featured_media":33293,"comment_status":"open","ping_status":"open","sticky":false,"template":"","format":"standard","meta":{"footnotes":""},"categories":[25,7],"tags":[],"class_list":["post-43873","post","type-post","status-publish","format-standard","has-post-thumbnail","hentry","category-cidades","category-estado-de-sao-paulo"],"yoast_head":"<!-- This site is optimized with the Yoast SEO plugin v27.4 - https:\/\/yoast.com\/product\/yoast-seo-wordpress\/ -->\n<title>Sistema de sa\u00fade de SP pode colapsar em 25 dias com ritmo atual de interna\u00e7\u00f5es e de cria\u00e7\u00e3o de novas UTIs para Covid - Regi\u00e3o News<\/title>\n<meta name=\"robots\" content=\"index, follow, max-snippet:-1, max-image-preview:large, max-video-preview:-1\" \/>\n<link rel=\"canonical\" href=\"https:\/\/regiaonews.net.br\/2022\/2021\/03\/11\/sistema-de-saude-de-sp-pode-colapsar-em-25-dias-com-ritmo-atual-de-internacoes-e-de-criacao-de-novas-utis-para-covid\/\" \/>\n<meta property=\"og:locale\" content=\"pt_BR\" \/>\n<meta property=\"og:type\" content=\"article\" \/>\n<meta property=\"og:title\" content=\"Sistema de sa\u00fade de SP pode colapsar em 25 dias com ritmo atual de interna\u00e7\u00f5es e de cria\u00e7\u00e3o de novas UTIs para Covid - Regi\u00e3o News\" \/>\n<meta property=\"og:description\" content=\"C\u00e1lculo considera a m\u00e9dia de cria\u00e7\u00e3o de novos leitos de\" \/>\n<meta property=\"og:url\" content=\"https:\/\/regiaonews.net.br\/2022\/2021\/03\/11\/sistema-de-saude-de-sp-pode-colapsar-em-25-dias-com-ritmo-atual-de-internacoes-e-de-criacao-de-novas-utis-para-covid\/\" \/>\n<meta property=\"og:site_name\" content=\"Regi\u00e3o News\" \/>\n<meta property=\"article:published_time\" content=\"2021-03-11T09:31:53+00:00\" \/>\n<meta property=\"og:image\" content=\"https:\/\/regiaonews.net.br\/2022\/wp-content\/uploads\/2020\/06\/2020-05-07t190357z_1_lynxmpeg461xz_rtroptp_4_health-coronavirus-brazil-hospital.jpg\" \/>\n\t<meta property=\"og:image:width\" content=\"1170\" \/>\n\t<meta property=\"og:image:height\" content=\"700\" \/>\n\t<meta property=\"og:image:type\" content=\"image\/jpeg\" \/>\n<meta name=\"author\" content=\"Roberto\" \/>\n<meta name=\"twitter:card\" content=\"summary_large_image\" \/>\n<meta name=\"twitter:label1\" content=\"Escrito por\" \/>\n\t<meta name=\"twitter:data1\" content=\"Roberto\" \/>\n\t<meta name=\"twitter:label2\" content=\"Est. tempo de leitura\" \/>\n\t<meta name=\"twitter:data2\" content=\"3 minutos\" \/>\n<script type=\"application\/ld+json\" class=\"yoast-schema-graph\">{\"@context\":\"https:\\\/\\\/schema.org\",\"@graph\":[{\"@type\":\"Article\",\"@id\":\"https:\\\/\\\/regiaonews.net.br\\\/2022\\\/2021\\\/03\\\/11\\\/sistema-de-saude-de-sp-pode-colapsar-em-25-dias-com-ritmo-atual-de-internacoes-e-de-criacao-de-novas-utis-para-covid\\\/#article\",\"isPartOf\":{\"@id\":\"https:\\\/\\\/regiaonews.net.br\\\/2022\\\/2021\\\/03\\\/11\\\/sistema-de-saude-de-sp-pode-colapsar-em-25-dias-com-ritmo-atual-de-internacoes-e-de-criacao-de-novas-utis-para-covid\\\/\"},\"author\":{\"name\":\"Roberto\",\"@id\":\"https:\\\/\\\/regiaonews.net.br\\\/2022\\\/#\\\/schema\\\/person\\\/2d205a608a5aa97ac279d7a5e6d89ad8\"},\"headline\":\"Sistema de sa\u00fade de SP pode colapsar em 25 dias com ritmo atual de interna\u00e7\u00f5es e de cria\u00e7\u00e3o de novas UTIs para Covid\",\"datePublished\":\"2021-03-11T09:31:53+00:00\",\"mainEntityOfPage\":{\"@id\":\"https:\\\/\\\/regiaonews.net.br\\\/2022\\\/2021\\\/03\\\/11\\\/sistema-de-saude-de-sp-pode-colapsar-em-25-dias-com-ritmo-atual-de-internacoes-e-de-criacao-de-novas-utis-para-covid\\\/\"},\"wordCount\":700,\"commentCount\":0,\"publisher\":{\"@id\":\"https:\\\/\\\/regiaonews.net.br\\\/2022\\\/#organization\"},\"image\":{\"@id\":\"https:\\\/\\\/regiaonews.net.br\\\/2022\\\/2021\\\/03\\\/11\\\/sistema-de-saude-de-sp-pode-colapsar-em-25-dias-com-ritmo-atual-de-internacoes-e-de-criacao-de-novas-utis-para-covid\\\/#primaryimage\"},\"thumbnailUrl\":\"https:\\\/\\\/regiaonews.net.br\\\/2022\\\/wp-content\\\/uploads\\\/2020\\\/06\\\/2020-05-07t190357z_1_lynxmpeg461xz_rtroptp_4_health-coronavirus-brazil-hospital.jpg\",\"articleSection\":[\"Cidades\",\"Estado de S\u00e3o Paulo\"],\"inLanguage\":\"pt-BR\",\"potentialAction\":[{\"@type\":\"CommentAction\",\"name\":\"Comment\",\"target\":[\"https:\\\/\\\/regiaonews.net.br\\\/2022\\\/2021\\\/03\\\/11\\\/sistema-de-saude-de-sp-pode-colapsar-em-25-dias-com-ritmo-atual-de-internacoes-e-de-criacao-de-novas-utis-para-covid\\\/#respond\"]}]},{\"@type\":\"WebPage\",\"@id\":\"https:\\\/\\\/regiaonews.net.br\\\/2022\\\/2021\\\/03\\\/11\\\/sistema-de-saude-de-sp-pode-colapsar-em-25-dias-com-ritmo-atual-de-internacoes-e-de-criacao-de-novas-utis-para-covid\\\/\",\"url\":\"https:\\\/\\\/regiaonews.net.br\\\/2022\\\/2021\\\/03\\\/11\\\/sistema-de-saude-de-sp-pode-colapsar-em-25-dias-com-ritmo-atual-de-internacoes-e-de-criacao-de-novas-utis-para-covid\\\/\",\"name\":\"Sistema de sa\u00fade de SP pode colapsar em 25 dias com ritmo atual de interna\u00e7\u00f5es e de cria\u00e7\u00e3o de novas UTIs para Covid - Regi\u00e3o News\",\"isPartOf\":{\"@id\":\"https:\\\/\\\/regiaonews.net.br\\\/2022\\\/#website\"},\"primaryImageOfPage\":{\"@id\":\"https:\\\/\\\/regiaonews.net.br\\\/2022\\\/2021\\\/03\\\/11\\\/sistema-de-saude-de-sp-pode-colapsar-em-25-dias-com-ritmo-atual-de-internacoes-e-de-criacao-de-novas-utis-para-covid\\\/#primaryimage\"},\"image\":{\"@id\":\"https:\\\/\\\/regiaonews.net.br\\\/2022\\\/2021\\\/03\\\/11\\\/sistema-de-saude-de-sp-pode-colapsar-em-25-dias-com-ritmo-atual-de-internacoes-e-de-criacao-de-novas-utis-para-covid\\\/#primaryimage\"},\"thumbnailUrl\":\"https:\\\/\\\/regiaonews.net.br\\\/2022\\\/wp-content\\\/uploads\\\/2020\\\/06\\\/2020-05-07t190357z_1_lynxmpeg461xz_rtroptp_4_health-coronavirus-brazil-hospital.jpg\",\"datePublished\":\"2021-03-11T09:31:53+00:00\",\"breadcrumb\":{\"@id\":\"https:\\\/\\\/regiaonews.net.br\\\/2022\\\/2021\\\/03\\\/11\\\/sistema-de-saude-de-sp-pode-colapsar-em-25-dias-com-ritmo-atual-de-internacoes-e-de-criacao-de-novas-utis-para-covid\\\/#breadcrumb\"},\"inLanguage\":\"pt-BR\",\"potentialAction\":[{\"@type\":\"ReadAction\",\"target\":[\"https:\\\/\\\/regiaonews.net.br\\\/2022\\\/2021\\\/03\\\/11\\\/sistema-de-saude-de-sp-pode-colapsar-em-25-dias-com-ritmo-atual-de-internacoes-e-de-criacao-de-novas-utis-para-covid\\\/\"]}]},{\"@type\":\"ImageObject\",\"inLanguage\":\"pt-BR\",\"@id\":\"https:\\\/\\\/regiaonews.net.br\\\/2022\\\/2021\\\/03\\\/11\\\/sistema-de-saude-de-sp-pode-colapsar-em-25-dias-com-ritmo-atual-de-internacoes-e-de-criacao-de-novas-utis-para-covid\\\/#primaryimage\",\"url\":\"https:\\\/\\\/regiaonews.net.br\\\/2022\\\/wp-content\\\/uploads\\\/2020\\\/06\\\/2020-05-07t190357z_1_lynxmpeg461xz_rtroptp_4_health-coronavirus-brazil-hospital.jpg\",\"contentUrl\":\"https:\\\/\\\/regiaonews.net.br\\\/2022\\\/wp-content\\\/uploads\\\/2020\\\/06\\\/2020-05-07t190357z_1_lynxmpeg461xz_rtroptp_4_health-coronavirus-brazil-hospital.jpg\",\"width\":1170,\"height\":700},{\"@type\":\"BreadcrumbList\",\"@id\":\"https:\\\/\\\/regiaonews.net.br\\\/2022\\\/2021\\\/03\\\/11\\\/sistema-de-saude-de-sp-pode-colapsar-em-25-dias-com-ritmo-atual-de-internacoes-e-de-criacao-de-novas-utis-para-covid\\\/#breadcrumb\",\"itemListElement\":[{\"@type\":\"ListItem\",\"position\":1,\"name\":\"In\u00edcio\",\"item\":\"https:\\\/\\\/regiaonews.net.br\\\/2022\\\/\"},{\"@type\":\"ListItem\",\"position\":2,\"name\":\"Sistema de sa\u00fade de SP pode colapsar em 25 dias com ritmo atual de interna\u00e7\u00f5es e de cria\u00e7\u00e3o de novas UTIs para Covid\"}]},{\"@type\":\"WebSite\",\"@id\":\"https:\\\/\\\/regiaonews.net.br\\\/2022\\\/#website\",\"url\":\"https:\\\/\\\/regiaonews.net.br\\\/2022\\\/\",\"name\":\"Regi\u00e3o News\",\"description\":\"Site de Not\u00edcias de Barretos e regi\u00e3o\",\"publisher\":{\"@id\":\"https:\\\/\\\/regiaonews.net.br\\\/2022\\\/#organization\"},\"potentialAction\":[{\"@type\":\"SearchAction\",\"target\":{\"@type\":\"EntryPoint\",\"urlTemplate\":\"https:\\\/\\\/regiaonews.net.br\\\/2022\\\/?s={search_term_string}\"},\"query-input\":{\"@type\":\"PropertyValueSpecification\",\"valueRequired\":true,\"valueName\":\"search_term_string\"}}],\"inLanguage\":\"pt-BR\"},{\"@type\":\"Organization\",\"@id\":\"https:\\\/\\\/regiaonews.net.br\\\/2022\\\/#organization\",\"name\":\"Regi\u00e3o News\",\"url\":\"https:\\\/\\\/regiaonews.net.br\\\/2022\\\/\",\"logo\":{\"@type\":\"ImageObject\",\"inLanguage\":\"pt-BR\",\"@id\":\"https:\\\/\\\/regiaonews.net.br\\\/2022\\\/#\\\/schema\\\/logo\\\/image\\\/\",\"url\":\"https:\\\/\\\/regiaonews.net.br\\\/2022\\\/wp-content\\\/uploads\\\/2026\\\/03\\\/regiao-13-anos-scaled.jpg\",\"contentUrl\":\"https:\\\/\\\/regiaonews.net.br\\\/2022\\\/wp-content\\\/uploads\\\/2026\\\/03\\\/regiao-13-anos-scaled.jpg\",\"width\":2560,\"height\":635,\"caption\":\"Regi\u00e3o News\"},\"image\":{\"@id\":\"https:\\\/\\\/regiaonews.net.br\\\/2022\\\/#\\\/schema\\\/logo\\\/image\\\/\"}},{\"@type\":\"Person\",\"@id\":\"https:\\\/\\\/regiaonews.net.br\\\/2022\\\/#\\\/schema\\\/person\\\/2d205a608a5aa97ac279d7a5e6d89ad8\",\"name\":\"Roberto\",\"image\":{\"@type\":\"ImageObject\",\"inLanguage\":\"pt-BR\",\"@id\":\"https:\\\/\\\/secure.gravatar.com\\\/avatar\\\/42749d8b712ff9d59ca93dc150494e5b55a44134482993f5baeb97e61b7ecc89?s=96&d=mm&r=g\",\"url\":\"https:\\\/\\\/secure.gravatar.com\\\/avatar\\\/42749d8b712ff9d59ca93dc150494e5b55a44134482993f5baeb97e61b7ecc89?s=96&d=mm&r=g\",\"contentUrl\":\"https:\\\/\\\/secure.gravatar.com\\\/avatar\\\/42749d8b712ff9d59ca93dc150494e5b55a44134482993f5baeb97e61b7ecc89?s=96&d=mm&r=g\",\"caption\":\"Roberto\"},\"url\":\"https:\\\/\\\/regiaonews.net.br\\\/2022\\\/author\\\/roberto\\\/\"}]}<\/script>\n<!-- \/ Yoast SEO plugin. -->","yoast_head_json":{"title":"Sistema de sa\u00fade de SP pode colapsar em 25 dias com ritmo atual de interna\u00e7\u00f5es e de cria\u00e7\u00e3o de novas UTIs para Covid - Regi\u00e3o News","robots":{"index":"index","follow":"follow","max-snippet":"max-snippet:-1","max-image-preview":"max-image-preview:large","max-video-preview":"max-video-preview:-1"},"canonical":"https:\/\/regiaonews.net.br\/2022\/2021\/03\/11\/sistema-de-saude-de-sp-pode-colapsar-em-25-dias-com-ritmo-atual-de-internacoes-e-de-criacao-de-novas-utis-para-covid\/","og_locale":"pt_BR","og_type":"article","og_title":"Sistema de sa\u00fade de SP pode colapsar em 25 dias com ritmo atual de interna\u00e7\u00f5es e de cria\u00e7\u00e3o de novas UTIs para Covid - Regi\u00e3o News","og_description":"C\u00e1lculo considera a m\u00e9dia de cria\u00e7\u00e3o de novos leitos de","og_url":"https:\/\/regiaonews.net.br\/2022\/2021\/03\/11\/sistema-de-saude-de-sp-pode-colapsar-em-25-dias-com-ritmo-atual-de-internacoes-e-de-criacao-de-novas-utis-para-covid\/","og_site_name":"Regi\u00e3o News","article_published_time":"2021-03-11T09:31:53+00:00","og_image":[{"width":1170,"height":700,"url":"https:\/\/regiaonews.net.br\/2022\/wp-content\/uploads\/2020\/06\/2020-05-07t190357z_1_lynxmpeg461xz_rtroptp_4_health-coronavirus-brazil-hospital.jpg","type":"image\/jpeg"}],"author":"Roberto","twitter_card":"summary_large_image","twitter_misc":{"Escrito por":"Roberto","Est. tempo de leitura":"3 minutos"},"schema":{"@context":"https:\/\/schema.org","@graph":[{"@type":"Article","@id":"https:\/\/regiaonews.net.br\/2022\/2021\/03\/11\/sistema-de-saude-de-sp-pode-colapsar-em-25-dias-com-ritmo-atual-de-internacoes-e-de-criacao-de-novas-utis-para-covid\/#article","isPartOf":{"@id":"https:\/\/regiaonews.net.br\/2022\/2021\/03\/11\/sistema-de-saude-de-sp-pode-colapsar-em-25-dias-com-ritmo-atual-de-internacoes-e-de-criacao-de-novas-utis-para-covid\/"},"author":{"name":"Roberto","@id":"https:\/\/regiaonews.net.br\/2022\/#\/schema\/person\/2d205a608a5aa97ac279d7a5e6d89ad8"},"headline":"Sistema de sa\u00fade de SP pode colapsar em 25 dias com ritmo atual de interna\u00e7\u00f5es e de cria\u00e7\u00e3o de novas UTIs para Covid","datePublished":"2021-03-11T09:31:53+00:00","mainEntityOfPage":{"@id":"https:\/\/regiaonews.net.br\/2022\/2021\/03\/11\/sistema-de-saude-de-sp-pode-colapsar-em-25-dias-com-ritmo-atual-de-internacoes-e-de-criacao-de-novas-utis-para-covid\/"},"wordCount":700,"commentCount":0,"publisher":{"@id":"https:\/\/regiaonews.net.br\/2022\/#organization"},"image":{"@id":"https:\/\/regiaonews.net.br\/2022\/2021\/03\/11\/sistema-de-saude-de-sp-pode-colapsar-em-25-dias-com-ritmo-atual-de-internacoes-e-de-criacao-de-novas-utis-para-covid\/#primaryimage"},"thumbnailUrl":"https:\/\/regiaonews.net.br\/2022\/wp-content\/uploads\/2020\/06\/2020-05-07t190357z_1_lynxmpeg461xz_rtroptp_4_health-coronavirus-brazil-hospital.jpg","articleSection":["Cidades","Estado de S\u00e3o Paulo"],"inLanguage":"pt-BR","potentialAction":[{"@type":"CommentAction","name":"Comment","target":["https:\/\/regiaonews.net.br\/2022\/2021\/03\/11\/sistema-de-saude-de-sp-pode-colapsar-em-25-dias-com-ritmo-atual-de-internacoes-e-de-criacao-de-novas-utis-para-covid\/#respond"]}]},{"@type":"WebPage","@id":"https:\/\/regiaonews.net.br\/2022\/2021\/03\/11\/sistema-de-saude-de-sp-pode-colapsar-em-25-dias-com-ritmo-atual-de-internacoes-e-de-criacao-de-novas-utis-para-covid\/","url":"https:\/\/regiaonews.net.br\/2022\/2021\/03\/11\/sistema-de-saude-de-sp-pode-colapsar-em-25-dias-com-ritmo-atual-de-internacoes-e-de-criacao-de-novas-utis-para-covid\/","name":"Sistema de sa\u00fade de SP pode colapsar em 25 dias com ritmo atual de interna\u00e7\u00f5es e de cria\u00e7\u00e3o de novas UTIs para Covid - Regi\u00e3o News","isPartOf":{"@id":"https:\/\/regiaonews.net.br\/2022\/#website"},"primaryImageOfPage":{"@id":"https:\/\/regiaonews.net.br\/2022\/2021\/03\/11\/sistema-de-saude-de-sp-pode-colapsar-em-25-dias-com-ritmo-atual-de-internacoes-e-de-criacao-de-novas-utis-para-covid\/#primaryimage"},"image":{"@id":"https:\/\/regiaonews.net.br\/2022\/2021\/03\/11\/sistema-de-saude-de-sp-pode-colapsar-em-25-dias-com-ritmo-atual-de-internacoes-e-de-criacao-de-novas-utis-para-covid\/#primaryimage"},"thumbnailUrl":"https:\/\/regiaonews.net.br\/2022\/wp-content\/uploads\/2020\/06\/2020-05-07t190357z_1_lynxmpeg461xz_rtroptp_4_health-coronavirus-brazil-hospital.jpg","datePublished":"2021-03-11T09:31:53+00:00","breadcrumb":{"@id":"https:\/\/regiaonews.net.br\/2022\/2021\/03\/11\/sistema-de-saude-de-sp-pode-colapsar-em-25-dias-com-ritmo-atual-de-internacoes-e-de-criacao-de-novas-utis-para-covid\/#breadcrumb"},"inLanguage":"pt-BR","potentialAction":[{"@type":"ReadAction","target":["https:\/\/regiaonews.net.br\/2022\/2021\/03\/11\/sistema-de-saude-de-sp-pode-colapsar-em-25-dias-com-ritmo-atual-de-internacoes-e-de-criacao-de-novas-utis-para-covid\/"]}]},{"@type":"ImageObject","inLanguage":"pt-BR","@id":"https:\/\/regiaonews.net.br\/2022\/2021\/03\/11\/sistema-de-saude-de-sp-pode-colapsar-em-25-dias-com-ritmo-atual-de-internacoes-e-de-criacao-de-novas-utis-para-covid\/#primaryimage","url":"https:\/\/regiaonews.net.br\/2022\/wp-content\/uploads\/2020\/06\/2020-05-07t190357z_1_lynxmpeg461xz_rtroptp_4_health-coronavirus-brazil-hospital.jpg","contentUrl":"https:\/\/regiaonews.net.br\/2022\/wp-content\/uploads\/2020\/06\/2020-05-07t190357z_1_lynxmpeg461xz_rtroptp_4_health-coronavirus-brazil-hospital.jpg","width":1170,"height":700},{"@type":"BreadcrumbList","@id":"https:\/\/regiaonews.net.br\/2022\/2021\/03\/11\/sistema-de-saude-de-sp-pode-colapsar-em-25-dias-com-ritmo-atual-de-internacoes-e-de-criacao-de-novas-utis-para-covid\/#breadcrumb","itemListElement":[{"@type":"ListItem","position":1,"name":"In\u00edcio","item":"https:\/\/regiaonews.net.br\/2022\/"},{"@type":"ListItem","position":2,"name":"Sistema de sa\u00fade de SP pode colapsar em 25 dias com ritmo atual de interna\u00e7\u00f5es e de cria\u00e7\u00e3o de novas UTIs para Covid"}]},{"@type":"WebSite","@id":"https:\/\/regiaonews.net.br\/2022\/#website","url":"https:\/\/regiaonews.net.br\/2022\/","name":"Regi\u00e3o News","description":"Site de Not\u00edcias de Barretos e regi\u00e3o","publisher":{"@id":"https:\/\/regiaonews.net.br\/2022\/#organization"},"potentialAction":[{"@type":"SearchAction","target":{"@type":"EntryPoint","urlTemplate":"https:\/\/regiaonews.net.br\/2022\/?s={search_term_string}"},"query-input":{"@type":"PropertyValueSpecification","valueRequired":true,"valueName":"search_term_string"}}],"inLanguage":"pt-BR"},{"@type":"Organization","@id":"https:\/\/regiaonews.net.br\/2022\/#organization","name":"Regi\u00e3o News","url":"https:\/\/regiaonews.net.br\/2022\/","logo":{"@type":"ImageObject","inLanguage":"pt-BR","@id":"https:\/\/regiaonews.net.br\/2022\/#\/schema\/logo\/image\/","url":"https:\/\/regiaonews.net.br\/2022\/wp-content\/uploads\/2026\/03\/regiao-13-anos-scaled.jpg","contentUrl":"https:\/\/regiaonews.net.br\/2022\/wp-content\/uploads\/2026\/03\/regiao-13-anos-scaled.jpg","width":2560,"height":635,"caption":"Regi\u00e3o News"},"image":{"@id":"https:\/\/regiaonews.net.br\/2022\/#\/schema\/logo\/image\/"}},{"@type":"Person","@id":"https:\/\/regiaonews.net.br\/2022\/#\/schema\/person\/2d205a608a5aa97ac279d7a5e6d89ad8","name":"Roberto","image":{"@type":"ImageObject","inLanguage":"pt-BR","@id":"https:\/\/secure.gravatar.com\/avatar\/42749d8b712ff9d59ca93dc150494e5b55a44134482993f5baeb97e61b7ecc89?s=96&d=mm&r=g","url":"https:\/\/secure.gravatar.com\/avatar\/42749d8b712ff9d59ca93dc150494e5b55a44134482993f5baeb97e61b7ecc89?s=96&d=mm&r=g","contentUrl":"https:\/\/secure.gravatar.com\/avatar\/42749d8b712ff9d59ca93dc150494e5b55a44134482993f5baeb97e61b7ecc89?s=96&d=mm&r=g","caption":"Roberto"},"url":"https:\/\/regiaonews.net.br\/2022\/author\/roberto\/"}]}},"publishpress_future_action":{"enabled":false,"date":"2026-05-03 20:52:15","action":"change-status","newStatus":"draft","terms":[],"taxonomy":"category","extraData":[]},"publishpress_future_workflow_manual_trigger":{"enabledWorkflows":[]},"_links":{"self":[{"href":"https:\/\/regiaonews.net.br\/2022\/wp-json\/wp\/v2\/posts\/43873","targetHints":{"allow":["GET"]}}],"collection":[{"href":"https:\/\/regiaonews.net.br\/2022\/wp-json\/wp\/v2\/posts"}],"about":[{"href":"https:\/\/regiaonews.net.br\/2022\/wp-json\/wp\/v2\/types\/post"}],"author":[{"embeddable":true,"href":"https:\/\/regiaonews.net.br\/2022\/wp-json\/wp\/v2\/users\/2"}],"replies":[{"embeddable":true,"href":"https:\/\/regiaonews.net.br\/2022\/wp-json\/wp\/v2\/comments?post=43873"}],"version-history":[{"count":0,"href":"https:\/\/regiaonews.net.br\/2022\/wp-json\/wp\/v2\/posts\/43873\/revisions"}],"wp:featuredmedia":[{"embeddable":true,"href":"https:\/\/regiaonews.net.br\/2022\/wp-json\/wp\/v2\/media\/33293"}],"wp:attachment":[{"href":"https:\/\/regiaonews.net.br\/2022\/wp-json\/wp\/v2\/media?parent=43873"}],"wp:term":[{"taxonomy":"category","embeddable":true,"href":"https:\/\/regiaonews.net.br\/2022\/wp-json\/wp\/v2\/categories?post=43873"},{"taxonomy":"post_tag","embeddable":true,"href":"https:\/\/regiaonews.net.br\/2022\/wp-json\/wp\/v2\/tags?post=43873"}],"curies":[{"name":"wp","href":"https:\/\/api.w.org\/{rel}","templated":true}]}}