{"id":43859,"date":"2021-03-10T18:43:56","date_gmt":"2021-03-10T21:43:56","guid":{"rendered":"https:\/\/regiaonews.net.br\/2022\/?p=43859"},"modified":"2021-03-10T18:53:02","modified_gmt":"2021-03-10T21:53:02","slug":"brasil-bate-recorde-com-2-286-mortes-por-covid-19-em-24-horas","status":"publish","type":"post","link":"https:\/\/regiaonews.net.br\/2022\/2021\/03\/10\/brasil-bate-recorde-com-2-286-mortes-por-covid-19-em-24-horas\/","title":{"rendered":"Brasil bate recorde com 2.286 mortes por Covid-19 em 24 horas"},"content":{"rendered":"<p><a href=\"https:\/\/regiaonews.net.br\/2022\/wp-content\/uploads\/2020\/11\/2020-04-28t175636z_323150297_rc2tdg9nkarv_rtrmadp_3_health-coronavirus-brazil-amazon.jpg\"><img loading=\"lazy\" decoding=\"async\" class=\"alignnone size-medium wp-image-39408\" src=\"https:\/\/regiaonews.net.br\/2022\/wp-content\/uploads\/2020\/11\/2020-04-28t175636z_323150297_rc2tdg9nkarv_rtrmadp_3_health-coronavirus-brazil-amazon-300x179.jpg\" alt=\"\" width=\"300\" height=\"179\" \/><\/a><\/p>\n<p class=\"jsx-3326833923 jsx-176128740 news-thin-line\">Com a atualiza\u00e7\u00e3o, o Brasil ultrapassou 270 mil v\u00edtimas da doen\u00e7a causada pelo novo coronav\u00edrus<\/p>\n<p>O Conass (Conselho Nacional de Secret\u00e1rios de Sa\u00fade) confirmou nesta quarta-feira (10) mais 2.286 mortes por\u00a0<a href=\"https:\/\/www.cnnbrasil.com.br\/tudo-sobre\/covid-19\">Covid-19<\/a>\u00a0\u2014o maior aumento di\u00e1rio em toda a pandemia.<\/p>\n<p>O\u00a0<a href=\"https:\/\/www.cnnbrasil.com.br\/saude\/2021\/03\/09\/brasil-tem-1972-mortes-por-covid-19-em-24h-novo-recorde-diario-na-pandemia\">recorde era desta ter\u00e7a-feira<\/a>\u00a0(9), quando 1.972 \u00f3bitos entraram na contagem.<\/p>\n<p>Com a atualiza\u00e7\u00e3o, o Brasil ultrapassou 270 mil v\u00edtimas da doen\u00e7a. Ao todo, 270.656 brasileiros morreram em decorr\u00eancia da infec\u00e7\u00e3o pelo novo coronav\u00edrus.<\/p>\n<p>O pa\u00eds tem a segunda maior contagem de mortes pelo v\u00edrus em todo o mundo, atr\u00e1s somente dos\u00a0<a href=\"https:\/\/www.cnnbrasil.com.br\/internacional\/2021\/03\/07\/mesmo-com-vacinacao-especialistas-veem-eua-proximos-de-outro-surto-de-covid-19\">Estados Unidos<\/a>.<\/p>\n<p>O Conass tamb\u00e9m registrou mais 79.876 casos, totalizando 11.202.305.<\/p>\n<p>A ocupa\u00e7\u00e3o de leitos de UTI ultrapassa 90% em 12 estados e no Distrito Federal, como mostrou um levantamento feito pela\u00a0<strong>CNN<\/strong>\u00a0junto a secretarias estaduais de Sa\u00fade. Em Rond\u00f4nia, n\u00e3o h\u00e1 nenhum leito adulto dispon\u00edvel na rede p\u00fablica.<\/p>\n<p>O Butantan divulgou mais cedo que a vacina do instituto\u00a0em parceria com a chinesa Sinovac \u00e9 eficaz contra as variantes do novo coronav\u00edrus em circula\u00e7\u00e3o no Brasil.<\/p>\n<p>Estudos preliminares realizados pelo instituto em parceria com a USP, em pessoas vacinadas, demonstram que a Coronavac \u00e9 capaz de neutralizar variantes do novo coronav\u00edrus.<\/p>\n<p>FONTE : CNN<\/p>\n","protected":false},"excerpt":{"rendered":"<p>Com a atualiza\u00e7\u00e3o, o Brasil ultrapassou 270 mil v\u00edtimas da<\/p>\n","protected":false},"author":2,"featured_media":39408,"comment_status":"open","ping_status":"open","sticky":false,"template":"","format":"standard","meta":{"footnotes":""},"categories":[24,25],"tags":[],"class_list":["post-43859","post","type-post","status-publish","format-standard","has-post-thumbnail","hentry","category-brasil","category-cidades"],"yoast_head":"<!-- This site is optimized with the Yoast SEO plugin v27.4 - https:\/\/yoast.com\/product\/yoast-seo-wordpress\/ -->\n<title>Brasil bate recorde com 2.286 mortes por Covid-19 em 24 horas - Regi\u00e3o News<\/title>\n<meta name=\"robots\" content=\"index, follow, max-snippet:-1, max-image-preview:large, max-video-preview:-1\" \/>\n<link rel=\"canonical\" href=\"https:\/\/regiaonews.net.br\/2022\/2021\/03\/10\/brasil-bate-recorde-com-2-286-mortes-por-covid-19-em-24-horas\/\" \/>\n<meta property=\"og:locale\" content=\"pt_BR\" \/>\n<meta property=\"og:type\" content=\"article\" \/>\n<meta property=\"og:title\" content=\"Brasil bate recorde com 2.286 mortes por Covid-19 em 24 horas - Regi\u00e3o News\" \/>\n<meta property=\"og:description\" content=\"Com a atualiza\u00e7\u00e3o, o Brasil ultrapassou 270 mil v\u00edtimas da\" \/>\n<meta property=\"og:url\" content=\"https:\/\/regiaonews.net.br\/2022\/2021\/03\/10\/brasil-bate-recorde-com-2-286-mortes-por-covid-19-em-24-horas\/\" \/>\n<meta property=\"og:site_name\" content=\"Regi\u00e3o News\" \/>\n<meta property=\"article:published_time\" content=\"2021-03-10T21:43:56+00:00\" \/>\n<meta property=\"article:modified_time\" content=\"2021-03-10T21:53:02+00:00\" \/>\n<meta property=\"og:image\" content=\"https:\/\/regiaonews.net.br\/2022\/wp-content\/uploads\/2020\/11\/2020-04-28t175636z_323150297_rc2tdg9nkarv_rtrmadp_3_health-coronavirus-brazil-amazon.jpg\" \/>\n\t<meta property=\"og:image:width\" content=\"1170\" \/>\n\t<meta property=\"og:image:height\" content=\"700\" \/>\n\t<meta property=\"og:image:type\" content=\"image\/jpeg\" \/>\n<meta name=\"author\" content=\"Roberto\" \/>\n<meta name=\"twitter:card\" content=\"summary_large_image\" \/>\n<meta name=\"twitter:label1\" content=\"Escrito por\" \/>\n\t<meta name=\"twitter:data1\" content=\"Roberto\" \/>\n\t<meta name=\"twitter:label2\" content=\"Est. tempo de leitura\" \/>\n\t<meta name=\"twitter:data2\" content=\"1 minuto\" \/>\n<script type=\"application\/ld+json\" class=\"yoast-schema-graph\">{\"@context\":\"https:\\\/\\\/schema.org\",\"@graph\":[{\"@type\":\"Article\",\"@id\":\"https:\\\/\\\/regiaonews.net.br\\\/2022\\\/2021\\\/03\\\/10\\\/brasil-bate-recorde-com-2-286-mortes-por-covid-19-em-24-horas\\\/#article\",\"isPartOf\":{\"@id\":\"https:\\\/\\\/regiaonews.net.br\\\/2022\\\/2021\\\/03\\\/10\\\/brasil-bate-recorde-com-2-286-mortes-por-covid-19-em-24-horas\\\/\"},\"author\":{\"name\":\"Roberto\",\"@id\":\"https:\\\/\\\/regiaonews.net.br\\\/2022\\\/#\\\/schema\\\/person\\\/2d205a608a5aa97ac279d7a5e6d89ad8\"},\"headline\":\"Brasil bate recorde com 2.286 mortes por Covid-19 em 24 horas\",\"datePublished\":\"2021-03-10T21:43:56+00:00\",\"dateModified\":\"2021-03-10T21:53:02+00:00\",\"mainEntityOfPage\":{\"@id\":\"https:\\\/\\\/regiaonews.net.br\\\/2022\\\/2021\\\/03\\\/10\\\/brasil-bate-recorde-com-2-286-mortes-por-covid-19-em-24-horas\\\/\"},\"wordCount\":221,\"commentCount\":0,\"publisher\":{\"@id\":\"https:\\\/\\\/regiaonews.net.br\\\/2022\\\/#organization\"},\"image\":{\"@id\":\"https:\\\/\\\/regiaonews.net.br\\\/2022\\\/2021\\\/03\\\/10\\\/brasil-bate-recorde-com-2-286-mortes-por-covid-19-em-24-horas\\\/#primaryimage\"},\"thumbnailUrl\":\"https:\\\/\\\/regiaonews.net.br\\\/2022\\\/wp-content\\\/uploads\\\/2020\\\/11\\\/2020-04-28t175636z_323150297_rc2tdg9nkarv_rtrmadp_3_health-coronavirus-brazil-amazon.jpg\",\"articleSection\":[\"Brasil\",\"Cidades\"],\"inLanguage\":\"pt-BR\",\"potentialAction\":[{\"@type\":\"CommentAction\",\"name\":\"Comment\",\"target\":[\"https:\\\/\\\/regiaonews.net.br\\\/2022\\\/2021\\\/03\\\/10\\\/brasil-bate-recorde-com-2-286-mortes-por-covid-19-em-24-horas\\\/#respond\"]}]},{\"@type\":\"WebPage\",\"@id\":\"https:\\\/\\\/regiaonews.net.br\\\/2022\\\/2021\\\/03\\\/10\\\/brasil-bate-recorde-com-2-286-mortes-por-covid-19-em-24-horas\\\/\",\"url\":\"https:\\\/\\\/regiaonews.net.br\\\/2022\\\/2021\\\/03\\\/10\\\/brasil-bate-recorde-com-2-286-mortes-por-covid-19-em-24-horas\\\/\",\"name\":\"Brasil bate recorde com 2.286 mortes por Covid-19 em 24 horas - Regi\u00e3o News\",\"isPartOf\":{\"@id\":\"https:\\\/\\\/regiaonews.net.br\\\/2022\\\/#website\"},\"primaryImageOfPage\":{\"@id\":\"https:\\\/\\\/regiaonews.net.br\\\/2022\\\/2021\\\/03\\\/10\\\/brasil-bate-recorde-com-2-286-mortes-por-covid-19-em-24-horas\\\/#primaryimage\"},\"image\":{\"@id\":\"https:\\\/\\\/regiaonews.net.br\\\/2022\\\/2021\\\/03\\\/10\\\/brasil-bate-recorde-com-2-286-mortes-por-covid-19-em-24-horas\\\/#primaryimage\"},\"thumbnailUrl\":\"https:\\\/\\\/regiaonews.net.br\\\/2022\\\/wp-content\\\/uploads\\\/2020\\\/11\\\/2020-04-28t175636z_323150297_rc2tdg9nkarv_rtrmadp_3_health-coronavirus-brazil-amazon.jpg\",\"datePublished\":\"2021-03-10T21:43:56+00:00\",\"dateModified\":\"2021-03-10T21:53:02+00:00\",\"breadcrumb\":{\"@id\":\"https:\\\/\\\/regiaonews.net.br\\\/2022\\\/2021\\\/03\\\/10\\\/brasil-bate-recorde-com-2-286-mortes-por-covid-19-em-24-horas\\\/#breadcrumb\"},\"inLanguage\":\"pt-BR\",\"potentialAction\":[{\"@type\":\"ReadAction\",\"target\":[\"https:\\\/\\\/regiaonews.net.br\\\/2022\\\/2021\\\/03\\\/10\\\/brasil-bate-recorde-com-2-286-mortes-por-covid-19-em-24-horas\\\/\"]}]},{\"@type\":\"ImageObject\",\"inLanguage\":\"pt-BR\",\"@id\":\"https:\\\/\\\/regiaonews.net.br\\\/2022\\\/2021\\\/03\\\/10\\\/brasil-bate-recorde-com-2-286-mortes-por-covid-19-em-24-horas\\\/#primaryimage\",\"url\":\"https:\\\/\\\/regiaonews.net.br\\\/2022\\\/wp-content\\\/uploads\\\/2020\\\/11\\\/2020-04-28t175636z_323150297_rc2tdg9nkarv_rtrmadp_3_health-coronavirus-brazil-amazon.jpg\",\"contentUrl\":\"https:\\\/\\\/regiaonews.net.br\\\/2022\\\/wp-content\\\/uploads\\\/2020\\\/11\\\/2020-04-28t175636z_323150297_rc2tdg9nkarv_rtrmadp_3_health-coronavirus-brazil-amazon.jpg\",\"width\":1170,\"height\":700},{\"@type\":\"BreadcrumbList\",\"@id\":\"https:\\\/\\\/regiaonews.net.br\\\/2022\\\/2021\\\/03\\\/10\\\/brasil-bate-recorde-com-2-286-mortes-por-covid-19-em-24-horas\\\/#breadcrumb\",\"itemListElement\":[{\"@type\":\"ListItem\",\"position\":1,\"name\":\"In\u00edcio\",\"item\":\"https:\\\/\\\/regiaonews.net.br\\\/2022\\\/\"},{\"@type\":\"ListItem\",\"position\":2,\"name\":\"Brasil bate recorde com 2.286 mortes por Covid-19 em 24 horas\"}]},{\"@type\":\"WebSite\",\"@id\":\"https:\\\/\\\/regiaonews.net.br\\\/2022\\\/#website\",\"url\":\"https:\\\/\\\/regiaonews.net.br\\\/2022\\\/\",\"name\":\"Regi\u00e3o News\",\"description\":\"Site de Not\u00edcias de Barretos e regi\u00e3o\",\"publisher\":{\"@id\":\"https:\\\/\\\/regiaonews.net.br\\\/2022\\\/#organization\"},\"potentialAction\":[{\"@type\":\"SearchAction\",\"target\":{\"@type\":\"EntryPoint\",\"urlTemplate\":\"https:\\\/\\\/regiaonews.net.br\\\/2022\\\/?s={search_term_string}\"},\"query-input\":{\"@type\":\"PropertyValueSpecification\",\"valueRequired\":true,\"valueName\":\"search_term_string\"}}],\"inLanguage\":\"pt-BR\"},{\"@type\":\"Organization\",\"@id\":\"https:\\\/\\\/regiaonews.net.br\\\/2022\\\/#organization\",\"name\":\"Regi\u00e3o News\",\"url\":\"https:\\\/\\\/regiaonews.net.br\\\/2022\\\/\",\"logo\":{\"@type\":\"ImageObject\",\"inLanguage\":\"pt-BR\",\"@id\":\"https:\\\/\\\/regiaonews.net.br\\\/2022\\\/#\\\/schema\\\/logo\\\/image\\\/\",\"url\":\"https:\\\/\\\/regiaonews.net.br\\\/2022\\\/wp-content\\\/uploads\\\/2026\\\/03\\\/regiao-13-anos-scaled.jpg\",\"contentUrl\":\"https:\\\/\\\/regiaonews.net.br\\\/2022\\\/wp-content\\\/uploads\\\/2026\\\/03\\\/regiao-13-anos-scaled.jpg\",\"width\":2560,\"height\":635,\"caption\":\"Regi\u00e3o News\"},\"image\":{\"@id\":\"https:\\\/\\\/regiaonews.net.br\\\/2022\\\/#\\\/schema\\\/logo\\\/image\\\/\"}},{\"@type\":\"Person\",\"@id\":\"https:\\\/\\\/regiaonews.net.br\\\/2022\\\/#\\\/schema\\\/person\\\/2d205a608a5aa97ac279d7a5e6d89ad8\",\"name\":\"Roberto\",\"image\":{\"@type\":\"ImageObject\",\"inLanguage\":\"pt-BR\",\"@id\":\"https:\\\/\\\/secure.gravatar.com\\\/avatar\\\/42749d8b712ff9d59ca93dc150494e5b55a44134482993f5baeb97e61b7ecc89?s=96&d=mm&r=g\",\"url\":\"https:\\\/\\\/secure.gravatar.com\\\/avatar\\\/42749d8b712ff9d59ca93dc150494e5b55a44134482993f5baeb97e61b7ecc89?s=96&d=mm&r=g\",\"contentUrl\":\"https:\\\/\\\/secure.gravatar.com\\\/avatar\\\/42749d8b712ff9d59ca93dc150494e5b55a44134482993f5baeb97e61b7ecc89?s=96&d=mm&r=g\",\"caption\":\"Roberto\"},\"url\":\"https:\\\/\\\/regiaonews.net.br\\\/2022\\\/author\\\/roberto\\\/\"}]}<\/script>\n<!-- \/ Yoast SEO plugin. -->","yoast_head_json":{"title":"Brasil bate recorde com 2.286 mortes por Covid-19 em 24 horas - Regi\u00e3o News","robots":{"index":"index","follow":"follow","max-snippet":"max-snippet:-1","max-image-preview":"max-image-preview:large","max-video-preview":"max-video-preview:-1"},"canonical":"https:\/\/regiaonews.net.br\/2022\/2021\/03\/10\/brasil-bate-recorde-com-2-286-mortes-por-covid-19-em-24-horas\/","og_locale":"pt_BR","og_type":"article","og_title":"Brasil bate recorde com 2.286 mortes por Covid-19 em 24 horas - Regi\u00e3o News","og_description":"Com a atualiza\u00e7\u00e3o, o Brasil ultrapassou 270 mil v\u00edtimas da","og_url":"https:\/\/regiaonews.net.br\/2022\/2021\/03\/10\/brasil-bate-recorde-com-2-286-mortes-por-covid-19-em-24-horas\/","og_site_name":"Regi\u00e3o News","article_published_time":"2021-03-10T21:43:56+00:00","article_modified_time":"2021-03-10T21:53:02+00:00","og_image":[{"width":1170,"height":700,"url":"https:\/\/regiaonews.net.br\/2022\/wp-content\/uploads\/2020\/11\/2020-04-28t175636z_323150297_rc2tdg9nkarv_rtrmadp_3_health-coronavirus-brazil-amazon.jpg","type":"image\/jpeg"}],"author":"Roberto","twitter_card":"summary_large_image","twitter_misc":{"Escrito por":"Roberto","Est. tempo de leitura":"1 minuto"},"schema":{"@context":"https:\/\/schema.org","@graph":[{"@type":"Article","@id":"https:\/\/regiaonews.net.br\/2022\/2021\/03\/10\/brasil-bate-recorde-com-2-286-mortes-por-covid-19-em-24-horas\/#article","isPartOf":{"@id":"https:\/\/regiaonews.net.br\/2022\/2021\/03\/10\/brasil-bate-recorde-com-2-286-mortes-por-covid-19-em-24-horas\/"},"author":{"name":"Roberto","@id":"https:\/\/regiaonews.net.br\/2022\/#\/schema\/person\/2d205a608a5aa97ac279d7a5e6d89ad8"},"headline":"Brasil bate recorde com 2.286 mortes por Covid-19 em 24 horas","datePublished":"2021-03-10T21:43:56+00:00","dateModified":"2021-03-10T21:53:02+00:00","mainEntityOfPage":{"@id":"https:\/\/regiaonews.net.br\/2022\/2021\/03\/10\/brasil-bate-recorde-com-2-286-mortes-por-covid-19-em-24-horas\/"},"wordCount":221,"commentCount":0,"publisher":{"@id":"https:\/\/regiaonews.net.br\/2022\/#organization"},"image":{"@id":"https:\/\/regiaonews.net.br\/2022\/2021\/03\/10\/brasil-bate-recorde-com-2-286-mortes-por-covid-19-em-24-horas\/#primaryimage"},"thumbnailUrl":"https:\/\/regiaonews.net.br\/2022\/wp-content\/uploads\/2020\/11\/2020-04-28t175636z_323150297_rc2tdg9nkarv_rtrmadp_3_health-coronavirus-brazil-amazon.jpg","articleSection":["Brasil","Cidades"],"inLanguage":"pt-BR","potentialAction":[{"@type":"CommentAction","name":"Comment","target":["https:\/\/regiaonews.net.br\/2022\/2021\/03\/10\/brasil-bate-recorde-com-2-286-mortes-por-covid-19-em-24-horas\/#respond"]}]},{"@type":"WebPage","@id":"https:\/\/regiaonews.net.br\/2022\/2021\/03\/10\/brasil-bate-recorde-com-2-286-mortes-por-covid-19-em-24-horas\/","url":"https:\/\/regiaonews.net.br\/2022\/2021\/03\/10\/brasil-bate-recorde-com-2-286-mortes-por-covid-19-em-24-horas\/","name":"Brasil bate recorde com 2.286 mortes por Covid-19 em 24 horas - Regi\u00e3o News","isPartOf":{"@id":"https:\/\/regiaonews.net.br\/2022\/#website"},"primaryImageOfPage":{"@id":"https:\/\/regiaonews.net.br\/2022\/2021\/03\/10\/brasil-bate-recorde-com-2-286-mortes-por-covid-19-em-24-horas\/#primaryimage"},"image":{"@id":"https:\/\/regiaonews.net.br\/2022\/2021\/03\/10\/brasil-bate-recorde-com-2-286-mortes-por-covid-19-em-24-horas\/#primaryimage"},"thumbnailUrl":"https:\/\/regiaonews.net.br\/2022\/wp-content\/uploads\/2020\/11\/2020-04-28t175636z_323150297_rc2tdg9nkarv_rtrmadp_3_health-coronavirus-brazil-amazon.jpg","datePublished":"2021-03-10T21:43:56+00:00","dateModified":"2021-03-10T21:53:02+00:00","breadcrumb":{"@id":"https:\/\/regiaonews.net.br\/2022\/2021\/03\/10\/brasil-bate-recorde-com-2-286-mortes-por-covid-19-em-24-horas\/#breadcrumb"},"inLanguage":"pt-BR","potentialAction":[{"@type":"ReadAction","target":["https:\/\/regiaonews.net.br\/2022\/2021\/03\/10\/brasil-bate-recorde-com-2-286-mortes-por-covid-19-em-24-horas\/"]}]},{"@type":"ImageObject","inLanguage":"pt-BR","@id":"https:\/\/regiaonews.net.br\/2022\/2021\/03\/10\/brasil-bate-recorde-com-2-286-mortes-por-covid-19-em-24-horas\/#primaryimage","url":"https:\/\/regiaonews.net.br\/2022\/wp-content\/uploads\/2020\/11\/2020-04-28t175636z_323150297_rc2tdg9nkarv_rtrmadp_3_health-coronavirus-brazil-amazon.jpg","contentUrl":"https:\/\/regiaonews.net.br\/2022\/wp-content\/uploads\/2020\/11\/2020-04-28t175636z_323150297_rc2tdg9nkarv_rtrmadp_3_health-coronavirus-brazil-amazon.jpg","width":1170,"height":700},{"@type":"BreadcrumbList","@id":"https:\/\/regiaonews.net.br\/2022\/2021\/03\/10\/brasil-bate-recorde-com-2-286-mortes-por-covid-19-em-24-horas\/#breadcrumb","itemListElement":[{"@type":"ListItem","position":1,"name":"In\u00edcio","item":"https:\/\/regiaonews.net.br\/2022\/"},{"@type":"ListItem","position":2,"name":"Brasil bate recorde com 2.286 mortes por Covid-19 em 24 horas"}]},{"@type":"WebSite","@id":"https:\/\/regiaonews.net.br\/2022\/#website","url":"https:\/\/regiaonews.net.br\/2022\/","name":"Regi\u00e3o News","description":"Site de Not\u00edcias de Barretos e regi\u00e3o","publisher":{"@id":"https:\/\/regiaonews.net.br\/2022\/#organization"},"potentialAction":[{"@type":"SearchAction","target":{"@type":"EntryPoint","urlTemplate":"https:\/\/regiaonews.net.br\/2022\/?s={search_term_string}"},"query-input":{"@type":"PropertyValueSpecification","valueRequired":true,"valueName":"search_term_string"}}],"inLanguage":"pt-BR"},{"@type":"Organization","@id":"https:\/\/regiaonews.net.br\/2022\/#organization","name":"Regi\u00e3o News","url":"https:\/\/regiaonews.net.br\/2022\/","logo":{"@type":"ImageObject","inLanguage":"pt-BR","@id":"https:\/\/regiaonews.net.br\/2022\/#\/schema\/logo\/image\/","url":"https:\/\/regiaonews.net.br\/2022\/wp-content\/uploads\/2026\/03\/regiao-13-anos-scaled.jpg","contentUrl":"https:\/\/regiaonews.net.br\/2022\/wp-content\/uploads\/2026\/03\/regiao-13-anos-scaled.jpg","width":2560,"height":635,"caption":"Regi\u00e3o News"},"image":{"@id":"https:\/\/regiaonews.net.br\/2022\/#\/schema\/logo\/image\/"}},{"@type":"Person","@id":"https:\/\/regiaonews.net.br\/2022\/#\/schema\/person\/2d205a608a5aa97ac279d7a5e6d89ad8","name":"Roberto","image":{"@type":"ImageObject","inLanguage":"pt-BR","@id":"https:\/\/secure.gravatar.com\/avatar\/42749d8b712ff9d59ca93dc150494e5b55a44134482993f5baeb97e61b7ecc89?s=96&d=mm&r=g","url":"https:\/\/secure.gravatar.com\/avatar\/42749d8b712ff9d59ca93dc150494e5b55a44134482993f5baeb97e61b7ecc89?s=96&d=mm&r=g","contentUrl":"https:\/\/secure.gravatar.com\/avatar\/42749d8b712ff9d59ca93dc150494e5b55a44134482993f5baeb97e61b7ecc89?s=96&d=mm&r=g","caption":"Roberto"},"url":"https:\/\/regiaonews.net.br\/2022\/author\/roberto\/"}]}},"publishpress_future_action":{"enabled":false,"date":"2026-05-03 22:39:04","action":"change-status","newStatus":"draft","terms":[],"taxonomy":"category","extraData":[]},"publishpress_future_workflow_manual_trigger":{"enabledWorkflows":[]},"_links":{"self":[{"href":"https:\/\/regiaonews.net.br\/2022\/wp-json\/wp\/v2\/posts\/43859","targetHints":{"allow":["GET"]}}],"collection":[{"href":"https:\/\/regiaonews.net.br\/2022\/wp-json\/wp\/v2\/posts"}],"about":[{"href":"https:\/\/regiaonews.net.br\/2022\/wp-json\/wp\/v2\/types\/post"}],"author":[{"embeddable":true,"href":"https:\/\/regiaonews.net.br\/2022\/wp-json\/wp\/v2\/users\/2"}],"replies":[{"embeddable":true,"href":"https:\/\/regiaonews.net.br\/2022\/wp-json\/wp\/v2\/comments?post=43859"}],"version-history":[{"count":0,"href":"https:\/\/regiaonews.net.br\/2022\/wp-json\/wp\/v2\/posts\/43859\/revisions"}],"wp:featuredmedia":[{"embeddable":true,"href":"https:\/\/regiaonews.net.br\/2022\/wp-json\/wp\/v2\/media\/39408"}],"wp:attachment":[{"href":"https:\/\/regiaonews.net.br\/2022\/wp-json\/wp\/v2\/media?parent=43859"}],"wp:term":[{"taxonomy":"category","embeddable":true,"href":"https:\/\/regiaonews.net.br\/2022\/wp-json\/wp\/v2\/categories?post=43859"},{"taxonomy":"post_tag","embeddable":true,"href":"https:\/\/regiaonews.net.br\/2022\/wp-json\/wp\/v2\/tags?post=43859"}],"curies":[{"name":"wp","href":"https:\/\/api.w.org\/{rel}","templated":true}]}}