{"id":43848,"date":"2021-03-10T15:58:26","date_gmt":"2021-03-10T18:58:26","guid":{"rendered":"https:\/\/regiaonews.net.br\/2022\/?p=43848"},"modified":"2021-03-10T16:00:16","modified_gmt":"2021-03-10T19:00:16","slug":"ricardo-bodinho-pede-benfeitorias-para-a-regiao-dos-bairros-dr-paulo-prata-e-nobre-ville","status":"publish","type":"post","link":"https:\/\/regiaonews.net.br\/2022\/2021\/03\/10\/ricardo-bodinho-pede-benfeitorias-para-a-regiao-dos-bairros-dr-paulo-prata-e-nobre-ville\/","title":{"rendered":"Ricardo Bodinho pede benfeitorias para a regi\u00e3o dos bairros Dr. Paulo Prata e Nobre Ville"},"content":{"rendered":"<p><a href=\"https:\/\/regiaonews.net.br\/2022\/wp-content\/uploads\/2021\/03\/Av-Joao-Baroni-site.jpg\"><img loading=\"lazy\" decoding=\"async\" class=\"alignnone size-medium wp-image-43849\" src=\"https:\/\/regiaonews.net.br\/2022\/wp-content\/uploads\/2021\/03\/Av-Joao-Baroni-site-300x184.jpg\" alt=\"\" width=\"300\" height=\"184\" \/><\/a><a href=\"https:\/\/regiaonews.net.br\/2022\/wp-content\/uploads\/2021\/03\/Joao-Baroni.jpg\"><img loading=\"lazy\" decoding=\"async\" class=\"alignnone size-medium wp-image-43851\" src=\"https:\/\/regiaonews.net.br\/2022\/wp-content\/uploads\/2021\/03\/Joao-Baroni-300x189.jpg\" alt=\"\" width=\"300\" height=\"189\" \/><\/a><\/p>\n<p>O vereador Ricardo \u201cBodinho\u201d (PP) questionou a Administra\u00e7\u00e3o Municipal perguntando de quem \u00e9 a responsabilidade de fazer a pavimenta\u00e7\u00e3o asf\u00e1ltica do trecho da Avenida Jo\u00e3o Baroni, conflu\u00eancia com a Avenida Urias Bernardes Coelho at\u00e9 a Rua Projetada 01, bem como a continua\u00e7\u00e3o da via p\u00fablica e constru\u00e7\u00e3o de cal\u00e7adas, do trecho localizado da Avenida Jo\u00e3o Baroni at\u00e9 a Avenida Pedro Fontoura Pires, pois falta em torno, de apenas 20 m para fazer a liga\u00e7\u00e3o da Avenida Jo\u00e3o Baroni, tendo em vista que, na Avenida Jo\u00e3o Baroni \u00e9 via de m\u00e3o dupla e h\u00e1 apenas uma via que \u00e9 asfaltada e a outra via est\u00e1 na terra.<br \/>\nO vereador pede se caso a responsabilidade seja do loteador, se ele j\u00e1 foi notificado para proceder \u00e0 pavimenta\u00e7\u00e3o asf\u00e1ltica, e a abertura dessa via. E, em caso de ser a Prefeitura Municipal a respons\u00e1vel, porque ainda n\u00e3o procedeu tal medida.<br \/>\nBodinho tamb\u00e9m argumenta sobre a falta de ilumina\u00e7\u00e3o no endere\u00e7o supracitado, tendo em vista que h\u00e1 os postes de energia, mas n\u00e3o h\u00e1 os bra\u00e7os de luz.<br \/>\nO vereador pede ainda para a Prefeitura realizar a limpeza das guias e construir cal\u00e7adas em toda a extens\u00e3o da Avenida Jo\u00e3o Baroni, a partir da Avenida Seringueira, bem como proceder a ilumina\u00e7\u00e3o na extens\u00e3o da Rua Antenor Duarte Vilela, conflu\u00eancia da Avenida Urias Bernardes Coelho at\u00e9 a Ch\u00e1cara de Apoio e Recupera\u00e7\u00e3o para Alco\u00f3latras.<br \/>\nNo requerimento, o vereador justifica que, \u201cna Avenida Jo\u00e3o Baroni, conflu\u00eancia com a Avenida Urias Bernardes Coelho at\u00e9 a Rua Projetada 01 n\u00e3o h\u00e1 ilumina\u00e7\u00e3o p\u00fablica, t\u00e3o pouco pavimenta\u00e7\u00e3o asf\u00e1ltica, tendo em vista que, a Avenida Jo\u00e3o Baroni \u00e9 uma via de m\u00e3o dupla e h\u00e1 apenas uma via que \u00e9 asfaltada e a outra via est\u00e1 na terra\u201d.<br \/>\n\u201cE nos outros trechos supracitados falta ainda a infraestrutura devida, dando mais seguran\u00e7a aos transeuntes e motoristas\u201d, disse.<\/p>\n","protected":false},"excerpt":{"rendered":"<p>O vereador Ricardo \u201cBodinho\u201d (PP) questionou a Administra\u00e7\u00e3o Municipal perguntando<\/p>\n","protected":false},"author":2,"featured_media":43851,"comment_status":"open","ping_status":"open","sticky":false,"template":"","format":"standard","meta":{"footnotes":""},"categories":[14,25],"tags":[],"class_list":["post-43848","post","type-post","status-publish","format-standard","has-post-thumbnail","hentry","category-barretos","category-cidades"],"yoast_head":"<!-- This site is optimized with the Yoast SEO plugin v27.4 - https:\/\/yoast.com\/product\/yoast-seo-wordpress\/ -->\n<title>Ricardo Bodinho pede benfeitorias para a regi\u00e3o dos bairros Dr. Paulo Prata e Nobre Ville - Regi\u00e3o News<\/title>\n<meta name=\"robots\" content=\"index, follow, max-snippet:-1, max-image-preview:large, max-video-preview:-1\" \/>\n<link rel=\"canonical\" href=\"https:\/\/regiaonews.net.br\/2022\/2021\/03\/10\/ricardo-bodinho-pede-benfeitorias-para-a-regiao-dos-bairros-dr-paulo-prata-e-nobre-ville\/\" \/>\n<meta property=\"og:locale\" content=\"pt_BR\" \/>\n<meta property=\"og:type\" content=\"article\" \/>\n<meta property=\"og:title\" content=\"Ricardo Bodinho pede benfeitorias para a regi\u00e3o dos bairros Dr. Paulo Prata e Nobre Ville - Regi\u00e3o News\" \/>\n<meta property=\"og:description\" content=\"O vereador Ricardo \u201cBodinho\u201d (PP) questionou a Administra\u00e7\u00e3o Municipal perguntando\" \/>\n<meta property=\"og:url\" content=\"https:\/\/regiaonews.net.br\/2022\/2021\/03\/10\/ricardo-bodinho-pede-benfeitorias-para-a-regiao-dos-bairros-dr-paulo-prata-e-nobre-ville\/\" \/>\n<meta property=\"og:site_name\" content=\"Regi\u00e3o News\" \/>\n<meta property=\"article:published_time\" content=\"2021-03-10T18:58:26+00:00\" \/>\n<meta property=\"article:modified_time\" content=\"2021-03-10T19:00:16+00:00\" \/>\n<meta property=\"og:image\" content=\"https:\/\/regiaonews.net.br\/2022\/wp-content\/uploads\/2021\/03\/Joao-Baroni.jpg\" \/>\n\t<meta property=\"og:image:width\" content=\"800\" \/>\n\t<meta property=\"og:image:height\" content=\"505\" \/>\n\t<meta property=\"og:image:type\" content=\"image\/jpeg\" \/>\n<meta name=\"author\" content=\"Roberto\" \/>\n<meta name=\"twitter:card\" content=\"summary_large_image\" \/>\n<meta name=\"twitter:label1\" content=\"Escrito por\" \/>\n\t<meta name=\"twitter:data1\" content=\"Roberto\" \/>\n\t<meta name=\"twitter:label2\" content=\"Est. tempo de leitura\" \/>\n\t<meta name=\"twitter:data2\" content=\"2 minutos\" \/>\n<script type=\"application\/ld+json\" class=\"yoast-schema-graph\">{\"@context\":\"https:\\\/\\\/schema.org\",\"@graph\":[{\"@type\":\"Article\",\"@id\":\"https:\\\/\\\/regiaonews.net.br\\\/2022\\\/2021\\\/03\\\/10\\\/ricardo-bodinho-pede-benfeitorias-para-a-regiao-dos-bairros-dr-paulo-prata-e-nobre-ville\\\/#article\",\"isPartOf\":{\"@id\":\"https:\\\/\\\/regiaonews.net.br\\\/2022\\\/2021\\\/03\\\/10\\\/ricardo-bodinho-pede-benfeitorias-para-a-regiao-dos-bairros-dr-paulo-prata-e-nobre-ville\\\/\"},\"author\":{\"name\":\"Roberto\",\"@id\":\"https:\\\/\\\/regiaonews.net.br\\\/2022\\\/#\\\/schema\\\/person\\\/2d205a608a5aa97ac279d7a5e6d89ad8\"},\"headline\":\"Ricardo Bodinho pede benfeitorias para a regi\u00e3o dos bairros Dr. Paulo Prata e Nobre Ville\",\"datePublished\":\"2021-03-10T18:58:26+00:00\",\"dateModified\":\"2021-03-10T19:00:16+00:00\",\"mainEntityOfPage\":{\"@id\":\"https:\\\/\\\/regiaonews.net.br\\\/2022\\\/2021\\\/03\\\/10\\\/ricardo-bodinho-pede-benfeitorias-para-a-regiao-dos-bairros-dr-paulo-prata-e-nobre-ville\\\/\"},\"wordCount\":356,\"commentCount\":0,\"publisher\":{\"@id\":\"https:\\\/\\\/regiaonews.net.br\\\/2022\\\/#organization\"},\"image\":{\"@id\":\"https:\\\/\\\/regiaonews.net.br\\\/2022\\\/2021\\\/03\\\/10\\\/ricardo-bodinho-pede-benfeitorias-para-a-regiao-dos-bairros-dr-paulo-prata-e-nobre-ville\\\/#primaryimage\"},\"thumbnailUrl\":\"https:\\\/\\\/regiaonews.net.br\\\/2022\\\/wp-content\\\/uploads\\\/2021\\\/03\\\/Joao-Baroni.jpg\",\"articleSection\":[\"Barretos\",\"Cidades\"],\"inLanguage\":\"pt-BR\",\"potentialAction\":[{\"@type\":\"CommentAction\",\"name\":\"Comment\",\"target\":[\"https:\\\/\\\/regiaonews.net.br\\\/2022\\\/2021\\\/03\\\/10\\\/ricardo-bodinho-pede-benfeitorias-para-a-regiao-dos-bairros-dr-paulo-prata-e-nobre-ville\\\/#respond\"]}]},{\"@type\":\"WebPage\",\"@id\":\"https:\\\/\\\/regiaonews.net.br\\\/2022\\\/2021\\\/03\\\/10\\\/ricardo-bodinho-pede-benfeitorias-para-a-regiao-dos-bairros-dr-paulo-prata-e-nobre-ville\\\/\",\"url\":\"https:\\\/\\\/regiaonews.net.br\\\/2022\\\/2021\\\/03\\\/10\\\/ricardo-bodinho-pede-benfeitorias-para-a-regiao-dos-bairros-dr-paulo-prata-e-nobre-ville\\\/\",\"name\":\"Ricardo Bodinho pede benfeitorias para a regi\u00e3o dos bairros Dr. Paulo Prata e Nobre Ville - Regi\u00e3o News\",\"isPartOf\":{\"@id\":\"https:\\\/\\\/regiaonews.net.br\\\/2022\\\/#website\"},\"primaryImageOfPage\":{\"@id\":\"https:\\\/\\\/regiaonews.net.br\\\/2022\\\/2021\\\/03\\\/10\\\/ricardo-bodinho-pede-benfeitorias-para-a-regiao-dos-bairros-dr-paulo-prata-e-nobre-ville\\\/#primaryimage\"},\"image\":{\"@id\":\"https:\\\/\\\/regiaonews.net.br\\\/2022\\\/2021\\\/03\\\/10\\\/ricardo-bodinho-pede-benfeitorias-para-a-regiao-dos-bairros-dr-paulo-prata-e-nobre-ville\\\/#primaryimage\"},\"thumbnailUrl\":\"https:\\\/\\\/regiaonews.net.br\\\/2022\\\/wp-content\\\/uploads\\\/2021\\\/03\\\/Joao-Baroni.jpg\",\"datePublished\":\"2021-03-10T18:58:26+00:00\",\"dateModified\":\"2021-03-10T19:00:16+00:00\",\"breadcrumb\":{\"@id\":\"https:\\\/\\\/regiaonews.net.br\\\/2022\\\/2021\\\/03\\\/10\\\/ricardo-bodinho-pede-benfeitorias-para-a-regiao-dos-bairros-dr-paulo-prata-e-nobre-ville\\\/#breadcrumb\"},\"inLanguage\":\"pt-BR\",\"potentialAction\":[{\"@type\":\"ReadAction\",\"target\":[\"https:\\\/\\\/regiaonews.net.br\\\/2022\\\/2021\\\/03\\\/10\\\/ricardo-bodinho-pede-benfeitorias-para-a-regiao-dos-bairros-dr-paulo-prata-e-nobre-ville\\\/\"]}]},{\"@type\":\"ImageObject\",\"inLanguage\":\"pt-BR\",\"@id\":\"https:\\\/\\\/regiaonews.net.br\\\/2022\\\/2021\\\/03\\\/10\\\/ricardo-bodinho-pede-benfeitorias-para-a-regiao-dos-bairros-dr-paulo-prata-e-nobre-ville\\\/#primaryimage\",\"url\":\"https:\\\/\\\/regiaonews.net.br\\\/2022\\\/wp-content\\\/uploads\\\/2021\\\/03\\\/Joao-Baroni.jpg\",\"contentUrl\":\"https:\\\/\\\/regiaonews.net.br\\\/2022\\\/wp-content\\\/uploads\\\/2021\\\/03\\\/Joao-Baroni.jpg\",\"width\":800,\"height\":505},{\"@type\":\"BreadcrumbList\",\"@id\":\"https:\\\/\\\/regiaonews.net.br\\\/2022\\\/2021\\\/03\\\/10\\\/ricardo-bodinho-pede-benfeitorias-para-a-regiao-dos-bairros-dr-paulo-prata-e-nobre-ville\\\/#breadcrumb\",\"itemListElement\":[{\"@type\":\"ListItem\",\"position\":1,\"name\":\"In\u00edcio\",\"item\":\"https:\\\/\\\/regiaonews.net.br\\\/2022\\\/\"},{\"@type\":\"ListItem\",\"position\":2,\"name\":\"Ricardo Bodinho pede benfeitorias para a regi\u00e3o dos bairros Dr. Paulo Prata e Nobre Ville\"}]},{\"@type\":\"WebSite\",\"@id\":\"https:\\\/\\\/regiaonews.net.br\\\/2022\\\/#website\",\"url\":\"https:\\\/\\\/regiaonews.net.br\\\/2022\\\/\",\"name\":\"Regi\u00e3o News\",\"description\":\"Site de Not\u00edcias de Barretos e regi\u00e3o\",\"publisher\":{\"@id\":\"https:\\\/\\\/regiaonews.net.br\\\/2022\\\/#organization\"},\"potentialAction\":[{\"@type\":\"SearchAction\",\"target\":{\"@type\":\"EntryPoint\",\"urlTemplate\":\"https:\\\/\\\/regiaonews.net.br\\\/2022\\\/?s={search_term_string}\"},\"query-input\":{\"@type\":\"PropertyValueSpecification\",\"valueRequired\":true,\"valueName\":\"search_term_string\"}}],\"inLanguage\":\"pt-BR\"},{\"@type\":\"Organization\",\"@id\":\"https:\\\/\\\/regiaonews.net.br\\\/2022\\\/#organization\",\"name\":\"Regi\u00e3o News\",\"url\":\"https:\\\/\\\/regiaonews.net.br\\\/2022\\\/\",\"logo\":{\"@type\":\"ImageObject\",\"inLanguage\":\"pt-BR\",\"@id\":\"https:\\\/\\\/regiaonews.net.br\\\/2022\\\/#\\\/schema\\\/logo\\\/image\\\/\",\"url\":\"https:\\\/\\\/regiaonews.net.br\\\/2022\\\/wp-content\\\/uploads\\\/2026\\\/03\\\/regiao-13-anos-scaled.jpg\",\"contentUrl\":\"https:\\\/\\\/regiaonews.net.br\\\/2022\\\/wp-content\\\/uploads\\\/2026\\\/03\\\/regiao-13-anos-scaled.jpg\",\"width\":2560,\"height\":635,\"caption\":\"Regi\u00e3o News\"},\"image\":{\"@id\":\"https:\\\/\\\/regiaonews.net.br\\\/2022\\\/#\\\/schema\\\/logo\\\/image\\\/\"}},{\"@type\":\"Person\",\"@id\":\"https:\\\/\\\/regiaonews.net.br\\\/2022\\\/#\\\/schema\\\/person\\\/2d205a608a5aa97ac279d7a5e6d89ad8\",\"name\":\"Roberto\",\"image\":{\"@type\":\"ImageObject\",\"inLanguage\":\"pt-BR\",\"@id\":\"https:\\\/\\\/secure.gravatar.com\\\/avatar\\\/42749d8b712ff9d59ca93dc150494e5b55a44134482993f5baeb97e61b7ecc89?s=96&d=mm&r=g\",\"url\":\"https:\\\/\\\/secure.gravatar.com\\\/avatar\\\/42749d8b712ff9d59ca93dc150494e5b55a44134482993f5baeb97e61b7ecc89?s=96&d=mm&r=g\",\"contentUrl\":\"https:\\\/\\\/secure.gravatar.com\\\/avatar\\\/42749d8b712ff9d59ca93dc150494e5b55a44134482993f5baeb97e61b7ecc89?s=96&d=mm&r=g\",\"caption\":\"Roberto\"},\"url\":\"https:\\\/\\\/regiaonews.net.br\\\/2022\\\/author\\\/roberto\\\/\"}]}<\/script>\n<!-- \/ Yoast SEO plugin. -->","yoast_head_json":{"title":"Ricardo Bodinho pede benfeitorias para a regi\u00e3o dos bairros Dr. Paulo Prata e Nobre Ville - Regi\u00e3o News","robots":{"index":"index","follow":"follow","max-snippet":"max-snippet:-1","max-image-preview":"max-image-preview:large","max-video-preview":"max-video-preview:-1"},"canonical":"https:\/\/regiaonews.net.br\/2022\/2021\/03\/10\/ricardo-bodinho-pede-benfeitorias-para-a-regiao-dos-bairros-dr-paulo-prata-e-nobre-ville\/","og_locale":"pt_BR","og_type":"article","og_title":"Ricardo Bodinho pede benfeitorias para a regi\u00e3o dos bairros Dr. Paulo Prata e Nobre Ville - Regi\u00e3o News","og_description":"O vereador Ricardo \u201cBodinho\u201d (PP) questionou a Administra\u00e7\u00e3o Municipal perguntando","og_url":"https:\/\/regiaonews.net.br\/2022\/2021\/03\/10\/ricardo-bodinho-pede-benfeitorias-para-a-regiao-dos-bairros-dr-paulo-prata-e-nobre-ville\/","og_site_name":"Regi\u00e3o News","article_published_time":"2021-03-10T18:58:26+00:00","article_modified_time":"2021-03-10T19:00:16+00:00","og_image":[{"width":800,"height":505,"url":"https:\/\/regiaonews.net.br\/2022\/wp-content\/uploads\/2021\/03\/Joao-Baroni.jpg","type":"image\/jpeg"}],"author":"Roberto","twitter_card":"summary_large_image","twitter_misc":{"Escrito por":"Roberto","Est. tempo de leitura":"2 minutos"},"schema":{"@context":"https:\/\/schema.org","@graph":[{"@type":"Article","@id":"https:\/\/regiaonews.net.br\/2022\/2021\/03\/10\/ricardo-bodinho-pede-benfeitorias-para-a-regiao-dos-bairros-dr-paulo-prata-e-nobre-ville\/#article","isPartOf":{"@id":"https:\/\/regiaonews.net.br\/2022\/2021\/03\/10\/ricardo-bodinho-pede-benfeitorias-para-a-regiao-dos-bairros-dr-paulo-prata-e-nobre-ville\/"},"author":{"name":"Roberto","@id":"https:\/\/regiaonews.net.br\/2022\/#\/schema\/person\/2d205a608a5aa97ac279d7a5e6d89ad8"},"headline":"Ricardo Bodinho pede benfeitorias para a regi\u00e3o dos bairros Dr. Paulo Prata e Nobre Ville","datePublished":"2021-03-10T18:58:26+00:00","dateModified":"2021-03-10T19:00:16+00:00","mainEntityOfPage":{"@id":"https:\/\/regiaonews.net.br\/2022\/2021\/03\/10\/ricardo-bodinho-pede-benfeitorias-para-a-regiao-dos-bairros-dr-paulo-prata-e-nobre-ville\/"},"wordCount":356,"commentCount":0,"publisher":{"@id":"https:\/\/regiaonews.net.br\/2022\/#organization"},"image":{"@id":"https:\/\/regiaonews.net.br\/2022\/2021\/03\/10\/ricardo-bodinho-pede-benfeitorias-para-a-regiao-dos-bairros-dr-paulo-prata-e-nobre-ville\/#primaryimage"},"thumbnailUrl":"https:\/\/regiaonews.net.br\/2022\/wp-content\/uploads\/2021\/03\/Joao-Baroni.jpg","articleSection":["Barretos","Cidades"],"inLanguage":"pt-BR","potentialAction":[{"@type":"CommentAction","name":"Comment","target":["https:\/\/regiaonews.net.br\/2022\/2021\/03\/10\/ricardo-bodinho-pede-benfeitorias-para-a-regiao-dos-bairros-dr-paulo-prata-e-nobre-ville\/#respond"]}]},{"@type":"WebPage","@id":"https:\/\/regiaonews.net.br\/2022\/2021\/03\/10\/ricardo-bodinho-pede-benfeitorias-para-a-regiao-dos-bairros-dr-paulo-prata-e-nobre-ville\/","url":"https:\/\/regiaonews.net.br\/2022\/2021\/03\/10\/ricardo-bodinho-pede-benfeitorias-para-a-regiao-dos-bairros-dr-paulo-prata-e-nobre-ville\/","name":"Ricardo Bodinho pede benfeitorias para a regi\u00e3o dos bairros Dr. Paulo Prata e Nobre Ville - Regi\u00e3o News","isPartOf":{"@id":"https:\/\/regiaonews.net.br\/2022\/#website"},"primaryImageOfPage":{"@id":"https:\/\/regiaonews.net.br\/2022\/2021\/03\/10\/ricardo-bodinho-pede-benfeitorias-para-a-regiao-dos-bairros-dr-paulo-prata-e-nobre-ville\/#primaryimage"},"image":{"@id":"https:\/\/regiaonews.net.br\/2022\/2021\/03\/10\/ricardo-bodinho-pede-benfeitorias-para-a-regiao-dos-bairros-dr-paulo-prata-e-nobre-ville\/#primaryimage"},"thumbnailUrl":"https:\/\/regiaonews.net.br\/2022\/wp-content\/uploads\/2021\/03\/Joao-Baroni.jpg","datePublished":"2021-03-10T18:58:26+00:00","dateModified":"2021-03-10T19:00:16+00:00","breadcrumb":{"@id":"https:\/\/regiaonews.net.br\/2022\/2021\/03\/10\/ricardo-bodinho-pede-benfeitorias-para-a-regiao-dos-bairros-dr-paulo-prata-e-nobre-ville\/#breadcrumb"},"inLanguage":"pt-BR","potentialAction":[{"@type":"ReadAction","target":["https:\/\/regiaonews.net.br\/2022\/2021\/03\/10\/ricardo-bodinho-pede-benfeitorias-para-a-regiao-dos-bairros-dr-paulo-prata-e-nobre-ville\/"]}]},{"@type":"ImageObject","inLanguage":"pt-BR","@id":"https:\/\/regiaonews.net.br\/2022\/2021\/03\/10\/ricardo-bodinho-pede-benfeitorias-para-a-regiao-dos-bairros-dr-paulo-prata-e-nobre-ville\/#primaryimage","url":"https:\/\/regiaonews.net.br\/2022\/wp-content\/uploads\/2021\/03\/Joao-Baroni.jpg","contentUrl":"https:\/\/regiaonews.net.br\/2022\/wp-content\/uploads\/2021\/03\/Joao-Baroni.jpg","width":800,"height":505},{"@type":"BreadcrumbList","@id":"https:\/\/regiaonews.net.br\/2022\/2021\/03\/10\/ricardo-bodinho-pede-benfeitorias-para-a-regiao-dos-bairros-dr-paulo-prata-e-nobre-ville\/#breadcrumb","itemListElement":[{"@type":"ListItem","position":1,"name":"In\u00edcio","item":"https:\/\/regiaonews.net.br\/2022\/"},{"@type":"ListItem","position":2,"name":"Ricardo Bodinho pede benfeitorias para a regi\u00e3o dos bairros Dr. Paulo Prata e Nobre Ville"}]},{"@type":"WebSite","@id":"https:\/\/regiaonews.net.br\/2022\/#website","url":"https:\/\/regiaonews.net.br\/2022\/","name":"Regi\u00e3o News","description":"Site de Not\u00edcias de Barretos e regi\u00e3o","publisher":{"@id":"https:\/\/regiaonews.net.br\/2022\/#organization"},"potentialAction":[{"@type":"SearchAction","target":{"@type":"EntryPoint","urlTemplate":"https:\/\/regiaonews.net.br\/2022\/?s={search_term_string}"},"query-input":{"@type":"PropertyValueSpecification","valueRequired":true,"valueName":"search_term_string"}}],"inLanguage":"pt-BR"},{"@type":"Organization","@id":"https:\/\/regiaonews.net.br\/2022\/#organization","name":"Regi\u00e3o News","url":"https:\/\/regiaonews.net.br\/2022\/","logo":{"@type":"ImageObject","inLanguage":"pt-BR","@id":"https:\/\/regiaonews.net.br\/2022\/#\/schema\/logo\/image\/","url":"https:\/\/regiaonews.net.br\/2022\/wp-content\/uploads\/2026\/03\/regiao-13-anos-scaled.jpg","contentUrl":"https:\/\/regiaonews.net.br\/2022\/wp-content\/uploads\/2026\/03\/regiao-13-anos-scaled.jpg","width":2560,"height":635,"caption":"Regi\u00e3o News"},"image":{"@id":"https:\/\/regiaonews.net.br\/2022\/#\/schema\/logo\/image\/"}},{"@type":"Person","@id":"https:\/\/regiaonews.net.br\/2022\/#\/schema\/person\/2d205a608a5aa97ac279d7a5e6d89ad8","name":"Roberto","image":{"@type":"ImageObject","inLanguage":"pt-BR","@id":"https:\/\/secure.gravatar.com\/avatar\/42749d8b712ff9d59ca93dc150494e5b55a44134482993f5baeb97e61b7ecc89?s=96&d=mm&r=g","url":"https:\/\/secure.gravatar.com\/avatar\/42749d8b712ff9d59ca93dc150494e5b55a44134482993f5baeb97e61b7ecc89?s=96&d=mm&r=g","contentUrl":"https:\/\/secure.gravatar.com\/avatar\/42749d8b712ff9d59ca93dc150494e5b55a44134482993f5baeb97e61b7ecc89?s=96&d=mm&r=g","caption":"Roberto"},"url":"https:\/\/regiaonews.net.br\/2022\/author\/roberto\/"}]}},"publishpress_future_action":{"enabled":false,"date":"2026-05-04 03:27:17","action":"change-status","newStatus":"draft","terms":[],"taxonomy":"category","extraData":[]},"publishpress_future_workflow_manual_trigger":{"enabledWorkflows":[]},"_links":{"self":[{"href":"https:\/\/regiaonews.net.br\/2022\/wp-json\/wp\/v2\/posts\/43848","targetHints":{"allow":["GET"]}}],"collection":[{"href":"https:\/\/regiaonews.net.br\/2022\/wp-json\/wp\/v2\/posts"}],"about":[{"href":"https:\/\/regiaonews.net.br\/2022\/wp-json\/wp\/v2\/types\/post"}],"author":[{"embeddable":true,"href":"https:\/\/regiaonews.net.br\/2022\/wp-json\/wp\/v2\/users\/2"}],"replies":[{"embeddable":true,"href":"https:\/\/regiaonews.net.br\/2022\/wp-json\/wp\/v2\/comments?post=43848"}],"version-history":[{"count":0,"href":"https:\/\/regiaonews.net.br\/2022\/wp-json\/wp\/v2\/posts\/43848\/revisions"}],"wp:featuredmedia":[{"embeddable":true,"href":"https:\/\/regiaonews.net.br\/2022\/wp-json\/wp\/v2\/media\/43851"}],"wp:attachment":[{"href":"https:\/\/regiaonews.net.br\/2022\/wp-json\/wp\/v2\/media?parent=43848"}],"wp:term":[{"taxonomy":"category","embeddable":true,"href":"https:\/\/regiaonews.net.br\/2022\/wp-json\/wp\/v2\/categories?post=43848"},{"taxonomy":"post_tag","embeddable":true,"href":"https:\/\/regiaonews.net.br\/2022\/wp-json\/wp\/v2\/tags?post=43848"}],"curies":[{"name":"wp","href":"https:\/\/api.w.org\/{rel}","templated":true}]}}