{"id":43840,"date":"2021-03-10T08:18:23","date_gmt":"2021-03-10T11:18:23","guid":{"rendered":"https:\/\/regiaonews.net.br\/2022\/?p=43840"},"modified":"2021-03-10T08:18:23","modified_gmt":"2021-03-10T11:18:23","slug":"brasil-tera-5g-em-20-pontos-do-pais-neste-ano-diz-fabio-faria","status":"publish","type":"post","link":"https:\/\/regiaonews.net.br\/2022\/2021\/03\/10\/brasil-tera-5g-em-20-pontos-do-pais-neste-ano-diz-fabio-faria\/","title":{"rendered":"Brasil ter\u00e1 5G em 20 pontos do pa\u00eds neste ano, diz F\u00e1bio Faria"},"content":{"rendered":"<p><a href=\"https:\/\/regiaonews.net.br\/2022\/wp-content\/uploads\/2021\/03\/51020228346_e7db302e4c_o.jpg\"><img loading=\"lazy\" decoding=\"async\" class=\"alignnone size-medium wp-image-43841\" src=\"https:\/\/regiaonews.net.br\/2022\/wp-content\/uploads\/2021\/03\/51020228346_e7db302e4c_o-300x179.jpg\" alt=\"\" width=\"300\" height=\"179\" \/><\/a><\/p>\n<p>O ministro das Comunica\u00e7\u00f5es, F\u00e1bio Faria, disse hoje (9), que o 5G Standalone, conhecido como 5G puro, estar\u00e1 dispon\u00edvel em 20 pontos no Brasil neste ano e em todas as capitais at\u00e9 julho de 2022. Faria participou nesta ter\u00e7a-feira (9) de uma audi\u00eancia p\u00fablica sobre o tema durante a 6\u00aa reuni\u00e3o do grupo de trabalho da C\u00e2mara dos Deputados que trata da implanta\u00e7\u00e3o da tecnologia 5G no Brasil.<img decoding=\"async\" src=\"https:\/\/agenciabrasil.ebc.com.br\/ebc.png?id=1403464&amp;o=node\" \/><img decoding=\"async\" src=\"https:\/\/agenciabrasil.ebc.com.br\/ebc.gif?id=1403464&amp;o=node\" \/><\/p>\n<p>O edital do leil\u00e3o do 5G foi aprovado pela Ag\u00eancia Nacional de Telecomunica\u00e7\u00f5es (Anatel) no dia 25 de fevereiro. O documento foi enviado para an\u00e1lise do Tribunal de Contas da Uni\u00e3o (TCU) e Faria estima que em 60 dias retorne \u00e0 Anatel.<\/p>\n<p>Durante a reuni\u00e3o, conduzida pela coordenadora do grupo, deputada Perp\u00e9tua Almeida (PcdoB-AC), Faria refor\u00e7ou que o governo tem compromisso com a celeridade nas etapas do leil\u00e3o do 5G, mas sem abrir m\u00e3o das op\u00e7\u00f5es mais modernas dispon\u00edveis em se tratando de tecnologia.<\/p>\n<p>Faria foi questionado pelos deputados sobre as tecnologias que a comitiva brasileira conheceu em empresas na Finl\u00e2ndia, na Su\u00e9cia, no Jap\u00e3o e na China. O ministro respondeu que, durante a miss\u00e3o, pode conhecer uma grande diversidade de aplica\u00e7\u00f5es pr\u00e1ticas do 5G e chegou a conhecer o 6G, tecnologia que ainda est\u00e1 em fase inicial de testes.<\/p>\n<p>Entre as aplica\u00e7\u00f5es pr\u00e1ticas do 5G, Faria citou para os parlamentares a import\u00e2ncia do 5G para atender a ind\u00fastria, que vai possibilitar o avan\u00e7o da<a href=\"https:\/\/agenciabrasil.ebc.com.br\/geral\/noticia\/2019-09\/internet-das-coisas-saiba-como-essa-tecnologia-pode-afetar-sua-vida\" target=\"_blank\" rel=\"noopener\">\u00a0Internet das Coisas<\/a>\u00a0no pa\u00eds.\u00a0Na ind\u00fastria, o ministro exemplificou que o 5G vai facilitar o monitoramento de toda a cadeia produtiva, do campo at\u00e9 a prateleira do supermercado.<\/p>\n<p>&#8220;\u00c9 muito mais do que um aumento de pot\u00eancia e velocidade. Ser\u00e3o cem vezes de aumento e teremos uma redu\u00e7\u00e3o muito grande na lat\u00eancia, o que vai permitir a um m\u00e9dico na capital federal operar um paciente na Amaz\u00f4nia. Outro exemplo est\u00e1 nos ve\u00edculos. Nossos filhos v\u00e3o poder ir \u00e0 escola em um carro ou \u00f4nibus sem motorista e, para isso, precisamos do 5G standalone, que \u00e9 o 5G puro&#8221;, disse Faria.<\/p>\n<h2>Portarias<\/h2>\n<p>O ministro tamb\u00e9m explicou sobre as obriga\u00e7\u00f5es que as empresas que vencerem o leil\u00e3o no Brasil precisar\u00e3o cumprir. O Minist\u00e9rio das Comunica\u00e7\u00f5es definiu em portarias quais ser\u00e3o as obriga\u00e7\u00f5es a serem obedecidas pelas empresas que vencerem o leil\u00e3o do 5G. Para expandir a conex\u00e3o no Brasil, o minist\u00e9rio definiu que todas as localidades com mais de 600 habitantes devem receber, no m\u00ednimo, o sinal de 4G, assim como 48 mil quil\u00f4metros de rodovias federais estrat\u00e9gicas para o escoamento da produ\u00e7\u00e3o agropecu\u00e1ria, industrial e mineral brasileira.<\/p>\n<p>De acordo com regras estabelecidas pelo minist\u00e9rio, tamb\u00e9m haver\u00e1 investimento no programa Norte Conectado, estimado em R$ 1,5 bilh\u00e3o, que atender\u00e1 cerca de 10 milh\u00f5es de habitantes da regi\u00e3o.<\/p>\n<h2>Rede privativa<\/h2>\n<p>Os deputados tamb\u00e9m quiseram saber como est\u00e1 sendo pensada a rede exclusiva do governo, que tamb\u00e9m ser\u00e1 oferecido ao Congresso Nacional, ao Supremo Tribunal Federal e \u00e0 Procuradoria-Geral da Rep\u00fablica para que possam tratar de dados sigilosos ou sens\u00edveis com total seguran\u00e7a.<\/p>\n<p>\u201c\u00c9 como se todos n\u00f3s tiv\u00e9ssemos nosso telefone normal, e os servidores de Bras\u00edlia que trabalham no Congresso, no Executivo, no Supremo teriam um aparelho, e as informa\u00e7\u00f5es sens\u00edveis, que tenham algum tipo de risco se forem adquiridas por outros pa\u00edses, seriam preservadas\u201d, disse o ministro.<\/p>\n<p>Faria explicou que tanto a empresa que vai construir, como a que vai operar a rede privativa, dever\u00e3o respeitar as regras do mercado acion\u00e1rio brasileiro. Entretanto, a chinesa Huawei n\u00e3o preenche os requisitos para participar da rede privativa de 5G do governo brasileiro. Segundo Faria, a Huawai n\u00e3o teria interesse em participar especificamente do projeto da Rede Privativa.<\/p>\n<p><em>* Com informa\u00e7\u00f5es da Ag\u00eancia C\u00e2mara\u00a0<\/em><\/p>\n<p>fonte : Ag\u00eanciaBrasil<\/p>\n","protected":false},"excerpt":{"rendered":"<p>O ministro das Comunica\u00e7\u00f5es, F\u00e1bio Faria, disse hoje (9), que<\/p>\n","protected":false},"author":2,"featured_media":43841,"comment_status":"open","ping_status":"open","sticky":false,"template":"","format":"standard","meta":{"footnotes":""},"categories":[24,25],"tags":[],"class_list":["post-43840","post","type-post","status-publish","format-standard","has-post-thumbnail","hentry","category-brasil","category-cidades"],"yoast_head":"<!-- This site is optimized with the Yoast SEO plugin v27.4 - https:\/\/yoast.com\/product\/yoast-seo-wordpress\/ -->\n<title>Brasil ter\u00e1 5G em 20 pontos do pa\u00eds neste ano, diz F\u00e1bio Faria - Regi\u00e3o News<\/title>\n<meta name=\"robots\" content=\"index, follow, max-snippet:-1, max-image-preview:large, max-video-preview:-1\" \/>\n<link rel=\"canonical\" href=\"https:\/\/regiaonews.net.br\/2022\/2021\/03\/10\/brasil-tera-5g-em-20-pontos-do-pais-neste-ano-diz-fabio-faria\/\" \/>\n<meta property=\"og:locale\" content=\"pt_BR\" \/>\n<meta property=\"og:type\" content=\"article\" \/>\n<meta property=\"og:title\" content=\"Brasil ter\u00e1 5G em 20 pontos do pa\u00eds neste ano, diz F\u00e1bio Faria - Regi\u00e3o News\" \/>\n<meta property=\"og:description\" content=\"O ministro das Comunica\u00e7\u00f5es, F\u00e1bio Faria, disse hoje (9), que\" \/>\n<meta property=\"og:url\" content=\"https:\/\/regiaonews.net.br\/2022\/2021\/03\/10\/brasil-tera-5g-em-20-pontos-do-pais-neste-ano-diz-fabio-faria\/\" \/>\n<meta property=\"og:site_name\" content=\"Regi\u00e3o News\" \/>\n<meta property=\"article:published_time\" content=\"2021-03-10T11:18:23+00:00\" \/>\n<meta property=\"og:image\" content=\"https:\/\/regiaonews.net.br\/2022\/wp-content\/uploads\/2021\/03\/51020228346_e7db302e4c_o.jpg\" \/>\n\t<meta property=\"og:image:width\" content=\"1170\" \/>\n\t<meta property=\"og:image:height\" content=\"700\" \/>\n\t<meta property=\"og:image:type\" content=\"image\/jpeg\" \/>\n<meta name=\"author\" content=\"Roberto\" \/>\n<meta name=\"twitter:card\" content=\"summary_large_image\" \/>\n<meta name=\"twitter:label1\" content=\"Escrito por\" \/>\n\t<meta name=\"twitter:data1\" content=\"Roberto\" \/>\n\t<meta name=\"twitter:label2\" content=\"Est. tempo de leitura\" \/>\n\t<meta name=\"twitter:data2\" content=\"3 minutos\" \/>\n<script type=\"application\/ld+json\" class=\"yoast-schema-graph\">{\"@context\":\"https:\\\/\\\/schema.org\",\"@graph\":[{\"@type\":\"Article\",\"@id\":\"https:\\\/\\\/regiaonews.net.br\\\/2022\\\/2021\\\/03\\\/10\\\/brasil-tera-5g-em-20-pontos-do-pais-neste-ano-diz-fabio-faria\\\/#article\",\"isPartOf\":{\"@id\":\"https:\\\/\\\/regiaonews.net.br\\\/2022\\\/2021\\\/03\\\/10\\\/brasil-tera-5g-em-20-pontos-do-pais-neste-ano-diz-fabio-faria\\\/\"},\"author\":{\"name\":\"Roberto\",\"@id\":\"https:\\\/\\\/regiaonews.net.br\\\/2022\\\/#\\\/schema\\\/person\\\/2d205a608a5aa97ac279d7a5e6d89ad8\"},\"headline\":\"Brasil ter\u00e1 5G em 20 pontos do pa\u00eds neste ano, diz F\u00e1bio Faria\",\"datePublished\":\"2021-03-10T11:18:23+00:00\",\"mainEntityOfPage\":{\"@id\":\"https:\\\/\\\/regiaonews.net.br\\\/2022\\\/2021\\\/03\\\/10\\\/brasil-tera-5g-em-20-pontos-do-pais-neste-ano-diz-fabio-faria\\\/\"},\"wordCount\":683,\"commentCount\":0,\"publisher\":{\"@id\":\"https:\\\/\\\/regiaonews.net.br\\\/2022\\\/#organization\"},\"image\":{\"@id\":\"https:\\\/\\\/regiaonews.net.br\\\/2022\\\/2021\\\/03\\\/10\\\/brasil-tera-5g-em-20-pontos-do-pais-neste-ano-diz-fabio-faria\\\/#primaryimage\"},\"thumbnailUrl\":\"https:\\\/\\\/regiaonews.net.br\\\/2022\\\/wp-content\\\/uploads\\\/2021\\\/03\\\/51020228346_e7db302e4c_o.jpg\",\"articleSection\":[\"Brasil\",\"Cidades\"],\"inLanguage\":\"pt-BR\",\"potentialAction\":[{\"@type\":\"CommentAction\",\"name\":\"Comment\",\"target\":[\"https:\\\/\\\/regiaonews.net.br\\\/2022\\\/2021\\\/03\\\/10\\\/brasil-tera-5g-em-20-pontos-do-pais-neste-ano-diz-fabio-faria\\\/#respond\"]}]},{\"@type\":\"WebPage\",\"@id\":\"https:\\\/\\\/regiaonews.net.br\\\/2022\\\/2021\\\/03\\\/10\\\/brasil-tera-5g-em-20-pontos-do-pais-neste-ano-diz-fabio-faria\\\/\",\"url\":\"https:\\\/\\\/regiaonews.net.br\\\/2022\\\/2021\\\/03\\\/10\\\/brasil-tera-5g-em-20-pontos-do-pais-neste-ano-diz-fabio-faria\\\/\",\"name\":\"Brasil ter\u00e1 5G em 20 pontos do pa\u00eds neste ano, diz F\u00e1bio Faria - Regi\u00e3o News\",\"isPartOf\":{\"@id\":\"https:\\\/\\\/regiaonews.net.br\\\/2022\\\/#website\"},\"primaryImageOfPage\":{\"@id\":\"https:\\\/\\\/regiaonews.net.br\\\/2022\\\/2021\\\/03\\\/10\\\/brasil-tera-5g-em-20-pontos-do-pais-neste-ano-diz-fabio-faria\\\/#primaryimage\"},\"image\":{\"@id\":\"https:\\\/\\\/regiaonews.net.br\\\/2022\\\/2021\\\/03\\\/10\\\/brasil-tera-5g-em-20-pontos-do-pais-neste-ano-diz-fabio-faria\\\/#primaryimage\"},\"thumbnailUrl\":\"https:\\\/\\\/regiaonews.net.br\\\/2022\\\/wp-content\\\/uploads\\\/2021\\\/03\\\/51020228346_e7db302e4c_o.jpg\",\"datePublished\":\"2021-03-10T11:18:23+00:00\",\"breadcrumb\":{\"@id\":\"https:\\\/\\\/regiaonews.net.br\\\/2022\\\/2021\\\/03\\\/10\\\/brasil-tera-5g-em-20-pontos-do-pais-neste-ano-diz-fabio-faria\\\/#breadcrumb\"},\"inLanguage\":\"pt-BR\",\"potentialAction\":[{\"@type\":\"ReadAction\",\"target\":[\"https:\\\/\\\/regiaonews.net.br\\\/2022\\\/2021\\\/03\\\/10\\\/brasil-tera-5g-em-20-pontos-do-pais-neste-ano-diz-fabio-faria\\\/\"]}]},{\"@type\":\"ImageObject\",\"inLanguage\":\"pt-BR\",\"@id\":\"https:\\\/\\\/regiaonews.net.br\\\/2022\\\/2021\\\/03\\\/10\\\/brasil-tera-5g-em-20-pontos-do-pais-neste-ano-diz-fabio-faria\\\/#primaryimage\",\"url\":\"https:\\\/\\\/regiaonews.net.br\\\/2022\\\/wp-content\\\/uploads\\\/2021\\\/03\\\/51020228346_e7db302e4c_o.jpg\",\"contentUrl\":\"https:\\\/\\\/regiaonews.net.br\\\/2022\\\/wp-content\\\/uploads\\\/2021\\\/03\\\/51020228346_e7db302e4c_o.jpg\",\"width\":1170,\"height\":700},{\"@type\":\"BreadcrumbList\",\"@id\":\"https:\\\/\\\/regiaonews.net.br\\\/2022\\\/2021\\\/03\\\/10\\\/brasil-tera-5g-em-20-pontos-do-pais-neste-ano-diz-fabio-faria\\\/#breadcrumb\",\"itemListElement\":[{\"@type\":\"ListItem\",\"position\":1,\"name\":\"In\u00edcio\",\"item\":\"https:\\\/\\\/regiaonews.net.br\\\/2022\\\/\"},{\"@type\":\"ListItem\",\"position\":2,\"name\":\"Brasil ter\u00e1 5G em 20 pontos do pa\u00eds neste ano, diz F\u00e1bio Faria\"}]},{\"@type\":\"WebSite\",\"@id\":\"https:\\\/\\\/regiaonews.net.br\\\/2022\\\/#website\",\"url\":\"https:\\\/\\\/regiaonews.net.br\\\/2022\\\/\",\"name\":\"Regi\u00e3o News\",\"description\":\"Site de Not\u00edcias de Barretos e regi\u00e3o\",\"publisher\":{\"@id\":\"https:\\\/\\\/regiaonews.net.br\\\/2022\\\/#organization\"},\"potentialAction\":[{\"@type\":\"SearchAction\",\"target\":{\"@type\":\"EntryPoint\",\"urlTemplate\":\"https:\\\/\\\/regiaonews.net.br\\\/2022\\\/?s={search_term_string}\"},\"query-input\":{\"@type\":\"PropertyValueSpecification\",\"valueRequired\":true,\"valueName\":\"search_term_string\"}}],\"inLanguage\":\"pt-BR\"},{\"@type\":\"Organization\",\"@id\":\"https:\\\/\\\/regiaonews.net.br\\\/2022\\\/#organization\",\"name\":\"Regi\u00e3o News\",\"url\":\"https:\\\/\\\/regiaonews.net.br\\\/2022\\\/\",\"logo\":{\"@type\":\"ImageObject\",\"inLanguage\":\"pt-BR\",\"@id\":\"https:\\\/\\\/regiaonews.net.br\\\/2022\\\/#\\\/schema\\\/logo\\\/image\\\/\",\"url\":\"https:\\\/\\\/regiaonews.net.br\\\/2022\\\/wp-content\\\/uploads\\\/2026\\\/03\\\/regiao-13-anos-scaled.jpg\",\"contentUrl\":\"https:\\\/\\\/regiaonews.net.br\\\/2022\\\/wp-content\\\/uploads\\\/2026\\\/03\\\/regiao-13-anos-scaled.jpg\",\"width\":2560,\"height\":635,\"caption\":\"Regi\u00e3o News\"},\"image\":{\"@id\":\"https:\\\/\\\/regiaonews.net.br\\\/2022\\\/#\\\/schema\\\/logo\\\/image\\\/\"}},{\"@type\":\"Person\",\"@id\":\"https:\\\/\\\/regiaonews.net.br\\\/2022\\\/#\\\/schema\\\/person\\\/2d205a608a5aa97ac279d7a5e6d89ad8\",\"name\":\"Roberto\",\"image\":{\"@type\":\"ImageObject\",\"inLanguage\":\"pt-BR\",\"@id\":\"https:\\\/\\\/secure.gravatar.com\\\/avatar\\\/42749d8b712ff9d59ca93dc150494e5b55a44134482993f5baeb97e61b7ecc89?s=96&d=mm&r=g\",\"url\":\"https:\\\/\\\/secure.gravatar.com\\\/avatar\\\/42749d8b712ff9d59ca93dc150494e5b55a44134482993f5baeb97e61b7ecc89?s=96&d=mm&r=g\",\"contentUrl\":\"https:\\\/\\\/secure.gravatar.com\\\/avatar\\\/42749d8b712ff9d59ca93dc150494e5b55a44134482993f5baeb97e61b7ecc89?s=96&d=mm&r=g\",\"caption\":\"Roberto\"},\"url\":\"https:\\\/\\\/regiaonews.net.br\\\/2022\\\/author\\\/roberto\\\/\"}]}<\/script>\n<!-- \/ Yoast SEO plugin. -->","yoast_head_json":{"title":"Brasil ter\u00e1 5G em 20 pontos do pa\u00eds neste ano, diz F\u00e1bio Faria - Regi\u00e3o News","robots":{"index":"index","follow":"follow","max-snippet":"max-snippet:-1","max-image-preview":"max-image-preview:large","max-video-preview":"max-video-preview:-1"},"canonical":"https:\/\/regiaonews.net.br\/2022\/2021\/03\/10\/brasil-tera-5g-em-20-pontos-do-pais-neste-ano-diz-fabio-faria\/","og_locale":"pt_BR","og_type":"article","og_title":"Brasil ter\u00e1 5G em 20 pontos do pa\u00eds neste ano, diz F\u00e1bio Faria - Regi\u00e3o News","og_description":"O ministro das Comunica\u00e7\u00f5es, F\u00e1bio Faria, disse hoje (9), que","og_url":"https:\/\/regiaonews.net.br\/2022\/2021\/03\/10\/brasil-tera-5g-em-20-pontos-do-pais-neste-ano-diz-fabio-faria\/","og_site_name":"Regi\u00e3o News","article_published_time":"2021-03-10T11:18:23+00:00","og_image":[{"width":1170,"height":700,"url":"https:\/\/regiaonews.net.br\/2022\/wp-content\/uploads\/2021\/03\/51020228346_e7db302e4c_o.jpg","type":"image\/jpeg"}],"author":"Roberto","twitter_card":"summary_large_image","twitter_misc":{"Escrito por":"Roberto","Est. tempo de leitura":"3 minutos"},"schema":{"@context":"https:\/\/schema.org","@graph":[{"@type":"Article","@id":"https:\/\/regiaonews.net.br\/2022\/2021\/03\/10\/brasil-tera-5g-em-20-pontos-do-pais-neste-ano-diz-fabio-faria\/#article","isPartOf":{"@id":"https:\/\/regiaonews.net.br\/2022\/2021\/03\/10\/brasil-tera-5g-em-20-pontos-do-pais-neste-ano-diz-fabio-faria\/"},"author":{"name":"Roberto","@id":"https:\/\/regiaonews.net.br\/2022\/#\/schema\/person\/2d205a608a5aa97ac279d7a5e6d89ad8"},"headline":"Brasil ter\u00e1 5G em 20 pontos do pa\u00eds neste ano, diz F\u00e1bio Faria","datePublished":"2021-03-10T11:18:23+00:00","mainEntityOfPage":{"@id":"https:\/\/regiaonews.net.br\/2022\/2021\/03\/10\/brasil-tera-5g-em-20-pontos-do-pais-neste-ano-diz-fabio-faria\/"},"wordCount":683,"commentCount":0,"publisher":{"@id":"https:\/\/regiaonews.net.br\/2022\/#organization"},"image":{"@id":"https:\/\/regiaonews.net.br\/2022\/2021\/03\/10\/brasil-tera-5g-em-20-pontos-do-pais-neste-ano-diz-fabio-faria\/#primaryimage"},"thumbnailUrl":"https:\/\/regiaonews.net.br\/2022\/wp-content\/uploads\/2021\/03\/51020228346_e7db302e4c_o.jpg","articleSection":["Brasil","Cidades"],"inLanguage":"pt-BR","potentialAction":[{"@type":"CommentAction","name":"Comment","target":["https:\/\/regiaonews.net.br\/2022\/2021\/03\/10\/brasil-tera-5g-em-20-pontos-do-pais-neste-ano-diz-fabio-faria\/#respond"]}]},{"@type":"WebPage","@id":"https:\/\/regiaonews.net.br\/2022\/2021\/03\/10\/brasil-tera-5g-em-20-pontos-do-pais-neste-ano-diz-fabio-faria\/","url":"https:\/\/regiaonews.net.br\/2022\/2021\/03\/10\/brasil-tera-5g-em-20-pontos-do-pais-neste-ano-diz-fabio-faria\/","name":"Brasil ter\u00e1 5G em 20 pontos do pa\u00eds neste ano, diz F\u00e1bio Faria - Regi\u00e3o News","isPartOf":{"@id":"https:\/\/regiaonews.net.br\/2022\/#website"},"primaryImageOfPage":{"@id":"https:\/\/regiaonews.net.br\/2022\/2021\/03\/10\/brasil-tera-5g-em-20-pontos-do-pais-neste-ano-diz-fabio-faria\/#primaryimage"},"image":{"@id":"https:\/\/regiaonews.net.br\/2022\/2021\/03\/10\/brasil-tera-5g-em-20-pontos-do-pais-neste-ano-diz-fabio-faria\/#primaryimage"},"thumbnailUrl":"https:\/\/regiaonews.net.br\/2022\/wp-content\/uploads\/2021\/03\/51020228346_e7db302e4c_o.jpg","datePublished":"2021-03-10T11:18:23+00:00","breadcrumb":{"@id":"https:\/\/regiaonews.net.br\/2022\/2021\/03\/10\/brasil-tera-5g-em-20-pontos-do-pais-neste-ano-diz-fabio-faria\/#breadcrumb"},"inLanguage":"pt-BR","potentialAction":[{"@type":"ReadAction","target":["https:\/\/regiaonews.net.br\/2022\/2021\/03\/10\/brasil-tera-5g-em-20-pontos-do-pais-neste-ano-diz-fabio-faria\/"]}]},{"@type":"ImageObject","inLanguage":"pt-BR","@id":"https:\/\/regiaonews.net.br\/2022\/2021\/03\/10\/brasil-tera-5g-em-20-pontos-do-pais-neste-ano-diz-fabio-faria\/#primaryimage","url":"https:\/\/regiaonews.net.br\/2022\/wp-content\/uploads\/2021\/03\/51020228346_e7db302e4c_o.jpg","contentUrl":"https:\/\/regiaonews.net.br\/2022\/wp-content\/uploads\/2021\/03\/51020228346_e7db302e4c_o.jpg","width":1170,"height":700},{"@type":"BreadcrumbList","@id":"https:\/\/regiaonews.net.br\/2022\/2021\/03\/10\/brasil-tera-5g-em-20-pontos-do-pais-neste-ano-diz-fabio-faria\/#breadcrumb","itemListElement":[{"@type":"ListItem","position":1,"name":"In\u00edcio","item":"https:\/\/regiaonews.net.br\/2022\/"},{"@type":"ListItem","position":2,"name":"Brasil ter\u00e1 5G em 20 pontos do pa\u00eds neste ano, diz F\u00e1bio Faria"}]},{"@type":"WebSite","@id":"https:\/\/regiaonews.net.br\/2022\/#website","url":"https:\/\/regiaonews.net.br\/2022\/","name":"Regi\u00e3o News","description":"Site de Not\u00edcias de Barretos e regi\u00e3o","publisher":{"@id":"https:\/\/regiaonews.net.br\/2022\/#organization"},"potentialAction":[{"@type":"SearchAction","target":{"@type":"EntryPoint","urlTemplate":"https:\/\/regiaonews.net.br\/2022\/?s={search_term_string}"},"query-input":{"@type":"PropertyValueSpecification","valueRequired":true,"valueName":"search_term_string"}}],"inLanguage":"pt-BR"},{"@type":"Organization","@id":"https:\/\/regiaonews.net.br\/2022\/#organization","name":"Regi\u00e3o News","url":"https:\/\/regiaonews.net.br\/2022\/","logo":{"@type":"ImageObject","inLanguage":"pt-BR","@id":"https:\/\/regiaonews.net.br\/2022\/#\/schema\/logo\/image\/","url":"https:\/\/regiaonews.net.br\/2022\/wp-content\/uploads\/2026\/03\/regiao-13-anos-scaled.jpg","contentUrl":"https:\/\/regiaonews.net.br\/2022\/wp-content\/uploads\/2026\/03\/regiao-13-anos-scaled.jpg","width":2560,"height":635,"caption":"Regi\u00e3o News"},"image":{"@id":"https:\/\/regiaonews.net.br\/2022\/#\/schema\/logo\/image\/"}},{"@type":"Person","@id":"https:\/\/regiaonews.net.br\/2022\/#\/schema\/person\/2d205a608a5aa97ac279d7a5e6d89ad8","name":"Roberto","image":{"@type":"ImageObject","inLanguage":"pt-BR","@id":"https:\/\/secure.gravatar.com\/avatar\/42749d8b712ff9d59ca93dc150494e5b55a44134482993f5baeb97e61b7ecc89?s=96&d=mm&r=g","url":"https:\/\/secure.gravatar.com\/avatar\/42749d8b712ff9d59ca93dc150494e5b55a44134482993f5baeb97e61b7ecc89?s=96&d=mm&r=g","contentUrl":"https:\/\/secure.gravatar.com\/avatar\/42749d8b712ff9d59ca93dc150494e5b55a44134482993f5baeb97e61b7ecc89?s=96&d=mm&r=g","caption":"Roberto"},"url":"https:\/\/regiaonews.net.br\/2022\/author\/roberto\/"}]}},"publishpress_future_action":{"enabled":false,"date":"2026-05-04 03:28:08","action":"change-status","newStatus":"draft","terms":[],"taxonomy":"category","extraData":[]},"publishpress_future_workflow_manual_trigger":{"enabledWorkflows":[]},"_links":{"self":[{"href":"https:\/\/regiaonews.net.br\/2022\/wp-json\/wp\/v2\/posts\/43840","targetHints":{"allow":["GET"]}}],"collection":[{"href":"https:\/\/regiaonews.net.br\/2022\/wp-json\/wp\/v2\/posts"}],"about":[{"href":"https:\/\/regiaonews.net.br\/2022\/wp-json\/wp\/v2\/types\/post"}],"author":[{"embeddable":true,"href":"https:\/\/regiaonews.net.br\/2022\/wp-json\/wp\/v2\/users\/2"}],"replies":[{"embeddable":true,"href":"https:\/\/regiaonews.net.br\/2022\/wp-json\/wp\/v2\/comments?post=43840"}],"version-history":[{"count":0,"href":"https:\/\/regiaonews.net.br\/2022\/wp-json\/wp\/v2\/posts\/43840\/revisions"}],"wp:featuredmedia":[{"embeddable":true,"href":"https:\/\/regiaonews.net.br\/2022\/wp-json\/wp\/v2\/media\/43841"}],"wp:attachment":[{"href":"https:\/\/regiaonews.net.br\/2022\/wp-json\/wp\/v2\/media?parent=43840"}],"wp:term":[{"taxonomy":"category","embeddable":true,"href":"https:\/\/regiaonews.net.br\/2022\/wp-json\/wp\/v2\/categories?post=43840"},{"taxonomy":"post_tag","embeddable":true,"href":"https:\/\/regiaonews.net.br\/2022\/wp-json\/wp\/v2\/tags?post=43840"}],"curies":[{"name":"wp","href":"https:\/\/api.w.org\/{rel}","templated":true}]}}