{"id":43836,"date":"2021-03-09T21:27:02","date_gmt":"2021-03-10T00:27:02","guid":{"rendered":"https:\/\/regiaonews.net.br\/2022\/?p=43836"},"modified":"2021-03-09T21:27:02","modified_gmt":"2021-03-10T00:27:02","slug":"brasil-bate-recorde-com-1-954-mortes-em-24-h-e-atinge-maior-media-de-obitos","status":"publish","type":"post","link":"https:\/\/regiaonews.net.br\/2022\/2021\/03\/09\/brasil-bate-recorde-com-1-954-mortes-em-24-h-e-atinge-maior-media-de-obitos\/","title":{"rendered":"Brasil bate recorde com 1.954 mortes em 24 h e atinge maior m\u00e9dia de \u00f3bitos."},"content":{"rendered":"<p><a href=\"https:\/\/regiaonews.net.br\/2022\/wp-content\/uploads\/2020\/10\/coronavirus-1583951542371_v2_900x506.jpg\"><img loading=\"lazy\" decoding=\"async\" class=\"alignnone size-medium wp-image-39268\" src=\"https:\/\/regiaonews.net.br\/2022\/wp-content\/uploads\/2020\/10\/coronavirus-1583951542371_v2_900x506-300x169.jpg\" alt=\"\" width=\"300\" height=\"169\" \/><\/a><\/p>\n<p>O Brasil atingiu nesta ter\u00e7a-feira os piores n\u00fameros da pandemia: foram 1.954 mortes causadas pela covid-19 em um intervalo de 24 horas, com m\u00e9dia de 1.572 v\u00edtimas da doen\u00e7a diariamente na \u00faltima semana. \u00c9 o 11\u00ba dia consecutivo de recorde na m\u00e9dia de \u00f3bitos. Os dados s\u00e3o do cons\u00f3rcio de ve\u00edculos de imprensa do qual o UOL faz parte, baseado nas informa\u00e7\u00f5es fornecidas pelas secretarias estaduais de sa\u00fade. O estado de Goi\u00e1s n\u00e3o atualizou o total de \u00f3bitos at\u00e9 a conclus\u00e3o do levantamento, \u00e0s 20h, por uma falha t\u00e9cnica do sistema<\/p>\n<p>Hoje tamb\u00e9m \u00e9 o 48\u00ba dia consecutivo no qual o pa\u00eds apresentou m\u00e9dia m\u00f3vel de mortes por covid-19 acima de mil \u2014 per\u00edodo mais longo em toda a pandemia. O Brasil j\u00e1 ultrapassou uma semana com tend\u00eancia de acelera\u00e7\u00e3o na m\u00e9dia de \u00f3bitos \u2014 a varia\u00e7\u00e3o de hoje foi 39%.<\/p>\n<p>Vinte e um estados e o Distrito Federal apresentam tend\u00eancia de alta na m\u00e9dia de mortes, enquanto apenas dois t\u00eam queda. Outros tr\u00eas mant\u00eam \u00edndices est\u00e1veis. Das regi\u00f5es, apenas o Norte (4%) e o Sudeste (12%) se mant\u00eam est\u00e1veis. Todas as demais apresentam tend\u00eancia de acelera\u00e7\u00e3o: Centro-Oeste (37%), Nordeste (70%) e Sul (110%).<\/p>\n<p>Os recordes sucessivos consolidam uma segunda onda ainda mais letal do que a primeira no Brasil. Hoje, o estado de S\u00e3o Paulo registrou o recorde de \u00f3bitos pela doen\u00e7a em um intervalo de 24 horas: 517.<\/p>\n<p><a href=\"https:\/\/regiaonews.net.br\/2022\/wp-content\/uploads\/2021\/03\/download-1.png\"><img loading=\"lazy\" decoding=\"async\" class=\"alignnone size-medium wp-image-43837\" src=\"https:\/\/regiaonews.net.br\/2022\/wp-content\/uploads\/2021\/03\/download-1-294x300.png\" alt=\"\" width=\"294\" height=\"300\" \/><\/a><\/p>\n<p>fonte : UOL<\/p>\n","protected":false},"excerpt":{"rendered":"<p>O Brasil atingiu nesta ter\u00e7a-feira os piores n\u00fameros da pandemia:<\/p>\n","protected":false},"author":2,"featured_media":43838,"comment_status":"open","ping_status":"open","sticky":false,"template":"","format":"standard","meta":{"footnotes":""},"categories":[24,25],"tags":[],"class_list":["post-43836","post","type-post","status-publish","format-standard","has-post-thumbnail","hentry","category-brasil","category-cidades"],"yoast_head":"<!-- This site is optimized with the Yoast SEO plugin v27.4 - https:\/\/yoast.com\/product\/yoast-seo-wordpress\/ -->\n<title>Brasil bate recorde com 1.954 mortes em 24 h e atinge maior m\u00e9dia de \u00f3bitos. - Regi\u00e3o News<\/title>\n<meta name=\"robots\" content=\"index, follow, max-snippet:-1, max-image-preview:large, max-video-preview:-1\" \/>\n<link rel=\"canonical\" href=\"https:\/\/regiaonews.net.br\/2022\/2021\/03\/09\/brasil-bate-recorde-com-1-954-mortes-em-24-h-e-atinge-maior-media-de-obitos\/\" \/>\n<meta property=\"og:locale\" content=\"pt_BR\" \/>\n<meta property=\"og:type\" content=\"article\" \/>\n<meta property=\"og:title\" content=\"Brasil bate recorde com 1.954 mortes em 24 h e atinge maior m\u00e9dia de \u00f3bitos. - Regi\u00e3o News\" \/>\n<meta property=\"og:description\" content=\"O Brasil atingiu nesta ter\u00e7a-feira os piores n\u00fameros da pandemia:\" \/>\n<meta property=\"og:url\" content=\"https:\/\/regiaonews.net.br\/2022\/2021\/03\/09\/brasil-bate-recorde-com-1-954-mortes-em-24-h-e-atinge-maior-media-de-obitos\/\" \/>\n<meta property=\"og:site_name\" content=\"Regi\u00e3o News\" \/>\n<meta property=\"article:published_time\" content=\"2021-03-10T00:27:02+00:00\" \/>\n<meta property=\"og:image\" content=\"https:\/\/regiaonews.net.br\/2022\/wp-content\/uploads\/2021\/03\/cemiterio-parque-em-manaus-lotado-por-mortes-devido-a-covid-19-1614733595025_v2_900x506.jpg\" \/>\n\t<meta property=\"og:image:width\" content=\"900\" \/>\n\t<meta property=\"og:image:height\" content=\"506\" \/>\n\t<meta property=\"og:image:type\" content=\"image\/jpeg\" \/>\n<meta name=\"author\" content=\"Roberto\" \/>\n<meta name=\"twitter:card\" content=\"summary_large_image\" \/>\n<meta name=\"twitter:label1\" content=\"Escrito por\" \/>\n\t<meta name=\"twitter:data1\" content=\"Roberto\" \/>\n\t<meta name=\"twitter:label2\" content=\"Est. tempo de leitura\" \/>\n\t<meta name=\"twitter:data2\" content=\"1 minuto\" \/>\n<script type=\"application\/ld+json\" class=\"yoast-schema-graph\">{\"@context\":\"https:\\\/\\\/schema.org\",\"@graph\":[{\"@type\":\"Article\",\"@id\":\"https:\\\/\\\/regiaonews.net.br\\\/2022\\\/2021\\\/03\\\/09\\\/brasil-bate-recorde-com-1-954-mortes-em-24-h-e-atinge-maior-media-de-obitos\\\/#article\",\"isPartOf\":{\"@id\":\"https:\\\/\\\/regiaonews.net.br\\\/2022\\\/2021\\\/03\\\/09\\\/brasil-bate-recorde-com-1-954-mortes-em-24-h-e-atinge-maior-media-de-obitos\\\/\"},\"author\":{\"name\":\"Roberto\",\"@id\":\"https:\\\/\\\/regiaonews.net.br\\\/2022\\\/#\\\/schema\\\/person\\\/2d205a608a5aa97ac279d7a5e6d89ad8\"},\"headline\":\"Brasil bate recorde com 1.954 mortes em 24 h e atinge maior m\u00e9dia de \u00f3bitos.\",\"datePublished\":\"2021-03-10T00:27:02+00:00\",\"mainEntityOfPage\":{\"@id\":\"https:\\\/\\\/regiaonews.net.br\\\/2022\\\/2021\\\/03\\\/09\\\/brasil-bate-recorde-com-1-954-mortes-em-24-h-e-atinge-maior-media-de-obitos\\\/\"},\"wordCount\":266,\"commentCount\":0,\"publisher\":{\"@id\":\"https:\\\/\\\/regiaonews.net.br\\\/2022\\\/#organization\"},\"image\":{\"@id\":\"https:\\\/\\\/regiaonews.net.br\\\/2022\\\/2021\\\/03\\\/09\\\/brasil-bate-recorde-com-1-954-mortes-em-24-h-e-atinge-maior-media-de-obitos\\\/#primaryimage\"},\"thumbnailUrl\":\"https:\\\/\\\/regiaonews.net.br\\\/2022\\\/wp-content\\\/uploads\\\/2021\\\/03\\\/cemiterio-parque-em-manaus-lotado-por-mortes-devido-a-covid-19-1614733595025_v2_900x506.jpg\",\"articleSection\":[\"Brasil\",\"Cidades\"],\"inLanguage\":\"pt-BR\",\"potentialAction\":[{\"@type\":\"CommentAction\",\"name\":\"Comment\",\"target\":[\"https:\\\/\\\/regiaonews.net.br\\\/2022\\\/2021\\\/03\\\/09\\\/brasil-bate-recorde-com-1-954-mortes-em-24-h-e-atinge-maior-media-de-obitos\\\/#respond\"]}]},{\"@type\":\"WebPage\",\"@id\":\"https:\\\/\\\/regiaonews.net.br\\\/2022\\\/2021\\\/03\\\/09\\\/brasil-bate-recorde-com-1-954-mortes-em-24-h-e-atinge-maior-media-de-obitos\\\/\",\"url\":\"https:\\\/\\\/regiaonews.net.br\\\/2022\\\/2021\\\/03\\\/09\\\/brasil-bate-recorde-com-1-954-mortes-em-24-h-e-atinge-maior-media-de-obitos\\\/\",\"name\":\"Brasil bate recorde com 1.954 mortes em 24 h e atinge maior m\u00e9dia de \u00f3bitos. - Regi\u00e3o News\",\"isPartOf\":{\"@id\":\"https:\\\/\\\/regiaonews.net.br\\\/2022\\\/#website\"},\"primaryImageOfPage\":{\"@id\":\"https:\\\/\\\/regiaonews.net.br\\\/2022\\\/2021\\\/03\\\/09\\\/brasil-bate-recorde-com-1-954-mortes-em-24-h-e-atinge-maior-media-de-obitos\\\/#primaryimage\"},\"image\":{\"@id\":\"https:\\\/\\\/regiaonews.net.br\\\/2022\\\/2021\\\/03\\\/09\\\/brasil-bate-recorde-com-1-954-mortes-em-24-h-e-atinge-maior-media-de-obitos\\\/#primaryimage\"},\"thumbnailUrl\":\"https:\\\/\\\/regiaonews.net.br\\\/2022\\\/wp-content\\\/uploads\\\/2021\\\/03\\\/cemiterio-parque-em-manaus-lotado-por-mortes-devido-a-covid-19-1614733595025_v2_900x506.jpg\",\"datePublished\":\"2021-03-10T00:27:02+00:00\",\"breadcrumb\":{\"@id\":\"https:\\\/\\\/regiaonews.net.br\\\/2022\\\/2021\\\/03\\\/09\\\/brasil-bate-recorde-com-1-954-mortes-em-24-h-e-atinge-maior-media-de-obitos\\\/#breadcrumb\"},\"inLanguage\":\"pt-BR\",\"potentialAction\":[{\"@type\":\"ReadAction\",\"target\":[\"https:\\\/\\\/regiaonews.net.br\\\/2022\\\/2021\\\/03\\\/09\\\/brasil-bate-recorde-com-1-954-mortes-em-24-h-e-atinge-maior-media-de-obitos\\\/\"]}]},{\"@type\":\"ImageObject\",\"inLanguage\":\"pt-BR\",\"@id\":\"https:\\\/\\\/regiaonews.net.br\\\/2022\\\/2021\\\/03\\\/09\\\/brasil-bate-recorde-com-1-954-mortes-em-24-h-e-atinge-maior-media-de-obitos\\\/#primaryimage\",\"url\":\"https:\\\/\\\/regiaonews.net.br\\\/2022\\\/wp-content\\\/uploads\\\/2021\\\/03\\\/cemiterio-parque-em-manaus-lotado-por-mortes-devido-a-covid-19-1614733595025_v2_900x506.jpg\",\"contentUrl\":\"https:\\\/\\\/regiaonews.net.br\\\/2022\\\/wp-content\\\/uploads\\\/2021\\\/03\\\/cemiterio-parque-em-manaus-lotado-por-mortes-devido-a-covid-19-1614733595025_v2_900x506.jpg\",\"width\":900,\"height\":506},{\"@type\":\"BreadcrumbList\",\"@id\":\"https:\\\/\\\/regiaonews.net.br\\\/2022\\\/2021\\\/03\\\/09\\\/brasil-bate-recorde-com-1-954-mortes-em-24-h-e-atinge-maior-media-de-obitos\\\/#breadcrumb\",\"itemListElement\":[{\"@type\":\"ListItem\",\"position\":1,\"name\":\"In\u00edcio\",\"item\":\"https:\\\/\\\/regiaonews.net.br\\\/2022\\\/\"},{\"@type\":\"ListItem\",\"position\":2,\"name\":\"Brasil bate recorde com 1.954 mortes em 24 h e atinge maior m\u00e9dia de \u00f3bitos.\"}]},{\"@type\":\"WebSite\",\"@id\":\"https:\\\/\\\/regiaonews.net.br\\\/2022\\\/#website\",\"url\":\"https:\\\/\\\/regiaonews.net.br\\\/2022\\\/\",\"name\":\"Regi\u00e3o News\",\"description\":\"Site de Not\u00edcias de Barretos e regi\u00e3o\",\"publisher\":{\"@id\":\"https:\\\/\\\/regiaonews.net.br\\\/2022\\\/#organization\"},\"potentialAction\":[{\"@type\":\"SearchAction\",\"target\":{\"@type\":\"EntryPoint\",\"urlTemplate\":\"https:\\\/\\\/regiaonews.net.br\\\/2022\\\/?s={search_term_string}\"},\"query-input\":{\"@type\":\"PropertyValueSpecification\",\"valueRequired\":true,\"valueName\":\"search_term_string\"}}],\"inLanguage\":\"pt-BR\"},{\"@type\":\"Organization\",\"@id\":\"https:\\\/\\\/regiaonews.net.br\\\/2022\\\/#organization\",\"name\":\"Regi\u00e3o News\",\"url\":\"https:\\\/\\\/regiaonews.net.br\\\/2022\\\/\",\"logo\":{\"@type\":\"ImageObject\",\"inLanguage\":\"pt-BR\",\"@id\":\"https:\\\/\\\/regiaonews.net.br\\\/2022\\\/#\\\/schema\\\/logo\\\/image\\\/\",\"url\":\"https:\\\/\\\/regiaonews.net.br\\\/2022\\\/wp-content\\\/uploads\\\/2026\\\/03\\\/regiao-13-anos-scaled.jpg\",\"contentUrl\":\"https:\\\/\\\/regiaonews.net.br\\\/2022\\\/wp-content\\\/uploads\\\/2026\\\/03\\\/regiao-13-anos-scaled.jpg\",\"width\":2560,\"height\":635,\"caption\":\"Regi\u00e3o News\"},\"image\":{\"@id\":\"https:\\\/\\\/regiaonews.net.br\\\/2022\\\/#\\\/schema\\\/logo\\\/image\\\/\"}},{\"@type\":\"Person\",\"@id\":\"https:\\\/\\\/regiaonews.net.br\\\/2022\\\/#\\\/schema\\\/person\\\/2d205a608a5aa97ac279d7a5e6d89ad8\",\"name\":\"Roberto\",\"image\":{\"@type\":\"ImageObject\",\"inLanguage\":\"pt-BR\",\"@id\":\"https:\\\/\\\/secure.gravatar.com\\\/avatar\\\/42749d8b712ff9d59ca93dc150494e5b55a44134482993f5baeb97e61b7ecc89?s=96&d=mm&r=g\",\"url\":\"https:\\\/\\\/secure.gravatar.com\\\/avatar\\\/42749d8b712ff9d59ca93dc150494e5b55a44134482993f5baeb97e61b7ecc89?s=96&d=mm&r=g\",\"contentUrl\":\"https:\\\/\\\/secure.gravatar.com\\\/avatar\\\/42749d8b712ff9d59ca93dc150494e5b55a44134482993f5baeb97e61b7ecc89?s=96&d=mm&r=g\",\"caption\":\"Roberto\"},\"url\":\"https:\\\/\\\/regiaonews.net.br\\\/2022\\\/author\\\/roberto\\\/\"}]}<\/script>\n<!-- \/ Yoast SEO plugin. -->","yoast_head_json":{"title":"Brasil bate recorde com 1.954 mortes em 24 h e atinge maior m\u00e9dia de \u00f3bitos. - Regi\u00e3o News","robots":{"index":"index","follow":"follow","max-snippet":"max-snippet:-1","max-image-preview":"max-image-preview:large","max-video-preview":"max-video-preview:-1"},"canonical":"https:\/\/regiaonews.net.br\/2022\/2021\/03\/09\/brasil-bate-recorde-com-1-954-mortes-em-24-h-e-atinge-maior-media-de-obitos\/","og_locale":"pt_BR","og_type":"article","og_title":"Brasil bate recorde com 1.954 mortes em 24 h e atinge maior m\u00e9dia de \u00f3bitos. - Regi\u00e3o News","og_description":"O Brasil atingiu nesta ter\u00e7a-feira os piores n\u00fameros da pandemia:","og_url":"https:\/\/regiaonews.net.br\/2022\/2021\/03\/09\/brasil-bate-recorde-com-1-954-mortes-em-24-h-e-atinge-maior-media-de-obitos\/","og_site_name":"Regi\u00e3o News","article_published_time":"2021-03-10T00:27:02+00:00","og_image":[{"width":900,"height":506,"url":"https:\/\/regiaonews.net.br\/2022\/wp-content\/uploads\/2021\/03\/cemiterio-parque-em-manaus-lotado-por-mortes-devido-a-covid-19-1614733595025_v2_900x506.jpg","type":"image\/jpeg"}],"author":"Roberto","twitter_card":"summary_large_image","twitter_misc":{"Escrito por":"Roberto","Est. tempo de leitura":"1 minuto"},"schema":{"@context":"https:\/\/schema.org","@graph":[{"@type":"Article","@id":"https:\/\/regiaonews.net.br\/2022\/2021\/03\/09\/brasil-bate-recorde-com-1-954-mortes-em-24-h-e-atinge-maior-media-de-obitos\/#article","isPartOf":{"@id":"https:\/\/regiaonews.net.br\/2022\/2021\/03\/09\/brasil-bate-recorde-com-1-954-mortes-em-24-h-e-atinge-maior-media-de-obitos\/"},"author":{"name":"Roberto","@id":"https:\/\/regiaonews.net.br\/2022\/#\/schema\/person\/2d205a608a5aa97ac279d7a5e6d89ad8"},"headline":"Brasil bate recorde com 1.954 mortes em 24 h e atinge maior m\u00e9dia de \u00f3bitos.","datePublished":"2021-03-10T00:27:02+00:00","mainEntityOfPage":{"@id":"https:\/\/regiaonews.net.br\/2022\/2021\/03\/09\/brasil-bate-recorde-com-1-954-mortes-em-24-h-e-atinge-maior-media-de-obitos\/"},"wordCount":266,"commentCount":0,"publisher":{"@id":"https:\/\/regiaonews.net.br\/2022\/#organization"},"image":{"@id":"https:\/\/regiaonews.net.br\/2022\/2021\/03\/09\/brasil-bate-recorde-com-1-954-mortes-em-24-h-e-atinge-maior-media-de-obitos\/#primaryimage"},"thumbnailUrl":"https:\/\/regiaonews.net.br\/2022\/wp-content\/uploads\/2021\/03\/cemiterio-parque-em-manaus-lotado-por-mortes-devido-a-covid-19-1614733595025_v2_900x506.jpg","articleSection":["Brasil","Cidades"],"inLanguage":"pt-BR","potentialAction":[{"@type":"CommentAction","name":"Comment","target":["https:\/\/regiaonews.net.br\/2022\/2021\/03\/09\/brasil-bate-recorde-com-1-954-mortes-em-24-h-e-atinge-maior-media-de-obitos\/#respond"]}]},{"@type":"WebPage","@id":"https:\/\/regiaonews.net.br\/2022\/2021\/03\/09\/brasil-bate-recorde-com-1-954-mortes-em-24-h-e-atinge-maior-media-de-obitos\/","url":"https:\/\/regiaonews.net.br\/2022\/2021\/03\/09\/brasil-bate-recorde-com-1-954-mortes-em-24-h-e-atinge-maior-media-de-obitos\/","name":"Brasil bate recorde com 1.954 mortes em 24 h e atinge maior m\u00e9dia de \u00f3bitos. - Regi\u00e3o News","isPartOf":{"@id":"https:\/\/regiaonews.net.br\/2022\/#website"},"primaryImageOfPage":{"@id":"https:\/\/regiaonews.net.br\/2022\/2021\/03\/09\/brasil-bate-recorde-com-1-954-mortes-em-24-h-e-atinge-maior-media-de-obitos\/#primaryimage"},"image":{"@id":"https:\/\/regiaonews.net.br\/2022\/2021\/03\/09\/brasil-bate-recorde-com-1-954-mortes-em-24-h-e-atinge-maior-media-de-obitos\/#primaryimage"},"thumbnailUrl":"https:\/\/regiaonews.net.br\/2022\/wp-content\/uploads\/2021\/03\/cemiterio-parque-em-manaus-lotado-por-mortes-devido-a-covid-19-1614733595025_v2_900x506.jpg","datePublished":"2021-03-10T00:27:02+00:00","breadcrumb":{"@id":"https:\/\/regiaonews.net.br\/2022\/2021\/03\/09\/brasil-bate-recorde-com-1-954-mortes-em-24-h-e-atinge-maior-media-de-obitos\/#breadcrumb"},"inLanguage":"pt-BR","potentialAction":[{"@type":"ReadAction","target":["https:\/\/regiaonews.net.br\/2022\/2021\/03\/09\/brasil-bate-recorde-com-1-954-mortes-em-24-h-e-atinge-maior-media-de-obitos\/"]}]},{"@type":"ImageObject","inLanguage":"pt-BR","@id":"https:\/\/regiaonews.net.br\/2022\/2021\/03\/09\/brasil-bate-recorde-com-1-954-mortes-em-24-h-e-atinge-maior-media-de-obitos\/#primaryimage","url":"https:\/\/regiaonews.net.br\/2022\/wp-content\/uploads\/2021\/03\/cemiterio-parque-em-manaus-lotado-por-mortes-devido-a-covid-19-1614733595025_v2_900x506.jpg","contentUrl":"https:\/\/regiaonews.net.br\/2022\/wp-content\/uploads\/2021\/03\/cemiterio-parque-em-manaus-lotado-por-mortes-devido-a-covid-19-1614733595025_v2_900x506.jpg","width":900,"height":506},{"@type":"BreadcrumbList","@id":"https:\/\/regiaonews.net.br\/2022\/2021\/03\/09\/brasil-bate-recorde-com-1-954-mortes-em-24-h-e-atinge-maior-media-de-obitos\/#breadcrumb","itemListElement":[{"@type":"ListItem","position":1,"name":"In\u00edcio","item":"https:\/\/regiaonews.net.br\/2022\/"},{"@type":"ListItem","position":2,"name":"Brasil bate recorde com 1.954 mortes em 24 h e atinge maior m\u00e9dia de \u00f3bitos."}]},{"@type":"WebSite","@id":"https:\/\/regiaonews.net.br\/2022\/#website","url":"https:\/\/regiaonews.net.br\/2022\/","name":"Regi\u00e3o News","description":"Site de Not\u00edcias de Barretos e regi\u00e3o","publisher":{"@id":"https:\/\/regiaonews.net.br\/2022\/#organization"},"potentialAction":[{"@type":"SearchAction","target":{"@type":"EntryPoint","urlTemplate":"https:\/\/regiaonews.net.br\/2022\/?s={search_term_string}"},"query-input":{"@type":"PropertyValueSpecification","valueRequired":true,"valueName":"search_term_string"}}],"inLanguage":"pt-BR"},{"@type":"Organization","@id":"https:\/\/regiaonews.net.br\/2022\/#organization","name":"Regi\u00e3o News","url":"https:\/\/regiaonews.net.br\/2022\/","logo":{"@type":"ImageObject","inLanguage":"pt-BR","@id":"https:\/\/regiaonews.net.br\/2022\/#\/schema\/logo\/image\/","url":"https:\/\/regiaonews.net.br\/2022\/wp-content\/uploads\/2026\/03\/regiao-13-anos-scaled.jpg","contentUrl":"https:\/\/regiaonews.net.br\/2022\/wp-content\/uploads\/2026\/03\/regiao-13-anos-scaled.jpg","width":2560,"height":635,"caption":"Regi\u00e3o News"},"image":{"@id":"https:\/\/regiaonews.net.br\/2022\/#\/schema\/logo\/image\/"}},{"@type":"Person","@id":"https:\/\/regiaonews.net.br\/2022\/#\/schema\/person\/2d205a608a5aa97ac279d7a5e6d89ad8","name":"Roberto","image":{"@type":"ImageObject","inLanguage":"pt-BR","@id":"https:\/\/secure.gravatar.com\/avatar\/42749d8b712ff9d59ca93dc150494e5b55a44134482993f5baeb97e61b7ecc89?s=96&d=mm&r=g","url":"https:\/\/secure.gravatar.com\/avatar\/42749d8b712ff9d59ca93dc150494e5b55a44134482993f5baeb97e61b7ecc89?s=96&d=mm&r=g","contentUrl":"https:\/\/secure.gravatar.com\/avatar\/42749d8b712ff9d59ca93dc150494e5b55a44134482993f5baeb97e61b7ecc89?s=96&d=mm&r=g","caption":"Roberto"},"url":"https:\/\/regiaonews.net.br\/2022\/author\/roberto\/"}]}},"publishpress_future_action":{"enabled":false,"date":"2026-05-04 01:55:46","action":"change-status","newStatus":"draft","terms":[],"taxonomy":"category","extraData":[]},"publishpress_future_workflow_manual_trigger":{"enabledWorkflows":[]},"_links":{"self":[{"href":"https:\/\/regiaonews.net.br\/2022\/wp-json\/wp\/v2\/posts\/43836","targetHints":{"allow":["GET"]}}],"collection":[{"href":"https:\/\/regiaonews.net.br\/2022\/wp-json\/wp\/v2\/posts"}],"about":[{"href":"https:\/\/regiaonews.net.br\/2022\/wp-json\/wp\/v2\/types\/post"}],"author":[{"embeddable":true,"href":"https:\/\/regiaonews.net.br\/2022\/wp-json\/wp\/v2\/users\/2"}],"replies":[{"embeddable":true,"href":"https:\/\/regiaonews.net.br\/2022\/wp-json\/wp\/v2\/comments?post=43836"}],"version-history":[{"count":0,"href":"https:\/\/regiaonews.net.br\/2022\/wp-json\/wp\/v2\/posts\/43836\/revisions"}],"wp:featuredmedia":[{"embeddable":true,"href":"https:\/\/regiaonews.net.br\/2022\/wp-json\/wp\/v2\/media\/43838"}],"wp:attachment":[{"href":"https:\/\/regiaonews.net.br\/2022\/wp-json\/wp\/v2\/media?parent=43836"}],"wp:term":[{"taxonomy":"category","embeddable":true,"href":"https:\/\/regiaonews.net.br\/2022\/wp-json\/wp\/v2\/categories?post=43836"},{"taxonomy":"post_tag","embeddable":true,"href":"https:\/\/regiaonews.net.br\/2022\/wp-json\/wp\/v2\/tags?post=43836"}],"curies":[{"name":"wp","href":"https:\/\/api.w.org\/{rel}","templated":true}]}}