{"id":43828,"date":"2021-03-09T11:41:15","date_gmt":"2021-03-09T14:41:15","guid":{"rendered":"https:\/\/regiaonews.net.br\/2022\/?p=43828"},"modified":"2021-03-09T11:44:13","modified_gmt":"2021-03-09T14:44:13","slug":"sp-bate-recorde-de-internados-com-covid-19-pelo-10o-dia-seguido-e-tem-maior-media-de-mortes-desde-o-inicio-da-pandemia","status":"publish","type":"post","link":"https:\/\/regiaonews.net.br\/2022\/2021\/03\/09\/sp-bate-recorde-de-internados-com-covid-19-pelo-10o-dia-seguido-e-tem-maior-media-de-mortes-desde-o-inicio-da-pandemia\/","title":{"rendered":"SP bate recorde de internados com Covid-19 pelo 10\u00ba dia seguido e tem maior m\u00e9dia de mortes desde o in\u00edcio da pandemia"},"content":{"rendered":"<p><a href=\"https:\/\/regiaonews.net.br\/2022\/wp-content\/uploads\/2020\/05\/coronavirus-brazil-1.jpg\"><img loading=\"lazy\" decoding=\"async\" class=\"alignnone size-medium wp-image-32006\" src=\"https:\/\/regiaonews.net.br\/2022\/wp-content\/uploads\/2020\/05\/coronavirus-brazil-1-300x179.jpg\" alt=\"\" width=\"300\" height=\"179\" \/><\/a><\/p>\n<p class=\"content-head__subtitle\">Taxa de ocupa\u00e7\u00e3o de UTIs tamb\u00e9m bateu recorde e chegou a 80,9%. Total de pacientes internados foi de 15,5 mil para 19,6 mil em apenas 10 dias, e m\u00e9dia m\u00f3vel chegou a 291 mortes por dia, superando a m\u00e1xima de agosto de 2020.<\/p>\n<div class=\"mc-column content-text active-extra-styles \" data-block-type=\"unstyled\" data-block-weight=\"69\" data-block-id=\"2\">\n<p class=\"content-text__container \" data-track-category=\"Link no Texto\" data-track-links=\"\">O estado de S\u00e3o Paulo registrou nesta segunda-feira (8) o\u00a0<span class=\"highlight highlighted\">10\u00ba recorde seguido de pacientes internados<\/span>\u00a0com Covid-19.\u00a0<span class=\"highlight highlighted\">A m\u00e9dia m\u00f3vel de mortes por coronav\u00edrus tamb\u00e9m foi a maior<\/span>\u00a0desde o in\u00edcio da pandemia nesta segunda, com 291 \u00f3bitos causados pela doen\u00e7a por dia. Al\u00e9m disso, a\u00a0<span class=\"highlight highlighted\">taxa de ocupa\u00e7\u00e3o de UTIs<\/span>\u00a0do estado de S\u00e3o Paulo tamb\u00e9m alcan\u00e7ou seu maior \u00edndice hist\u00f3rico, com\u00a0<span class=\"highlight highlighted\">80,9%\u00a0<\/span>dos leitos ocupados.<\/p>\n<\/div>\n<div class=\"wall protected-content\">\n<div class=\"mc-column content-text active-extra-styles \" data-block-type=\"unstyled\" data-block-weight=\"89\" data-block-id=\"3\">\n<p class=\"content-text__container \" data-track-category=\"Link no Texto\" data-track-links=\"\">Segundo dados da Secretaria da Sa\u00fade, o estado tem\u00a0<span class=\"highlight highlighted\">19.657 pacientes hospitalizados<\/span>\u00a0com quadro confirmado ou suspeito da doen\u00e7a, sendo que 11.000 pessoas est\u00e3o internadas em leitos de enfermaria e outras 8.657 em leitos de Unidade de Terapia Intensiva (UTI). O total de pacientes internados bateu recordes todos os dias desde 27 de fevereiro: naquela data, o estado tinha 15,5 mil pacientes em leitos de interna\u00e7\u00e3o, valor que j\u00e1 constitu\u00eda um recorde. Nesta segunda, s\u00e3o 19,6 mil, o que representa\u00a0<span class=\"highlight highlighted\">4,1 mil pessoas a mais em 10 dias<\/span>.<\/p>\n<\/div>\n<div class=\"mc-column content-text active-extra-styles \" data-block-type=\"unstyled\" data-block-weight=\"45\" data-block-id=\"4\">\n<p class=\"content-text__container \" data-track-category=\"Link no Texto\" data-track-links=\"\">A m\u00e9dia m\u00f3vel de mortes, que leva em considera\u00e7\u00e3o os registros dos \u00faltimos sete dias e minimiza as diferen\u00e7as das notifica\u00e7\u00f5es, \u00e9 de\u00a0<span class=\"highlight highlighted\">291 \u00f3bitos por dia<\/span>\u00a0nesta segunda, superando o recorde de agosto de 2020, quando o \u00edndice chegou a 289 mortes di\u00e1rias.<\/p>\n<\/div>\n<div class=\"content-ads content-ads--reveal\" data-block-type=\"ads\" data-block-id=\"5\"><\/div>\n<div class=\"mc-column content-text active-extra-styles \" data-block-type=\"unstyled\" data-block-weight=\"52\" data-block-id=\"6\">\n<p class=\"content-text__container \" data-track-category=\"Link no Texto\" data-track-links=\"\">O governo estadual anunciou nesta segunda a abertura de<a href=\"https:\/\/g1.globo.com\/sp\/sao-paulo\/noticia\/2021\/03\/08\/governo-de-sp-anuncia-abertura-de-11-hospitais-de-campanha-para-a-covid-19-no-estado.ghtml\">\u00a011 hospitais de campanha<\/a>\u00a0por todo o estado, vinculados a Ambulat\u00f3rios M\u00e9dicos de Especialidades (AMEs), para aumentar o total de leitos no estado. Os especialistas alertam, no entanto, que a\u00a0<span class=\"highlight highlighted\">cria\u00e7\u00e3o de novos leitos n\u00e3o \u00e9 suficiente para o controle da pandemia<\/span>.<\/p>\n<p data-track-category=\"Link no Texto\" data-track-links=\"\">FONTE : G1<\/p>\n<\/div>\n<\/div>\n","protected":false},"excerpt":{"rendered":"<p>Taxa de ocupa\u00e7\u00e3o de UTIs tamb\u00e9m bateu recorde e chegou<\/p>\n","protected":false},"author":2,"featured_media":32346,"comment_status":"open","ping_status":"open","sticky":false,"template":"","format":"standard","meta":{"footnotes":""},"categories":[25,7],"tags":[],"class_list":["post-43828","post","type-post","status-publish","format-standard","has-post-thumbnail","hentry","category-cidades","category-estado-de-sao-paulo"],"yoast_head":"<!-- This site is optimized with the Yoast SEO plugin v27.4 - https:\/\/yoast.com\/product\/yoast-seo-wordpress\/ -->\n<title>SP bate recorde de internados com Covid-19 pelo 10\u00ba dia seguido e tem maior m\u00e9dia de mortes desde o in\u00edcio da pandemia - Regi\u00e3o News<\/title>\n<meta name=\"robots\" content=\"index, follow, max-snippet:-1, max-image-preview:large, max-video-preview:-1\" \/>\n<link rel=\"canonical\" href=\"https:\/\/regiaonews.net.br\/2022\/2021\/03\/09\/sp-bate-recorde-de-internados-com-covid-19-pelo-10o-dia-seguido-e-tem-maior-media-de-mortes-desde-o-inicio-da-pandemia\/\" \/>\n<meta property=\"og:locale\" content=\"pt_BR\" \/>\n<meta property=\"og:type\" content=\"article\" \/>\n<meta property=\"og:title\" content=\"SP bate recorde de internados com Covid-19 pelo 10\u00ba dia seguido e tem maior m\u00e9dia de mortes desde o in\u00edcio da pandemia - Regi\u00e3o News\" \/>\n<meta property=\"og:description\" content=\"Taxa de ocupa\u00e7\u00e3o de UTIs tamb\u00e9m bateu recorde e chegou\" \/>\n<meta property=\"og:url\" content=\"https:\/\/regiaonews.net.br\/2022\/2021\/03\/09\/sp-bate-recorde-de-internados-com-covid-19-pelo-10o-dia-seguido-e-tem-maior-media-de-mortes-desde-o-inicio-da-pandemia\/\" \/>\n<meta property=\"og:site_name\" content=\"Regi\u00e3o News\" \/>\n<meta property=\"article:published_time\" content=\"2021-03-09T14:41:15+00:00\" \/>\n<meta property=\"article:modified_time\" content=\"2021-03-09T14:44:13+00:00\" \/>\n<meta property=\"og:image\" content=\"https:\/\/regiaonews.net.br\/2022\/wp-content\/uploads\/2020\/05\/corona-brasil-1.jpg\" \/>\n\t<meta property=\"og:image:width\" content=\"1170\" \/>\n\t<meta property=\"og:image:height\" content=\"700\" \/>\n\t<meta property=\"og:image:type\" content=\"image\/jpeg\" \/>\n<meta name=\"author\" content=\"Roberto\" \/>\n<meta name=\"twitter:card\" content=\"summary_large_image\" \/>\n<meta name=\"twitter:label1\" content=\"Escrito por\" \/>\n\t<meta name=\"twitter:data1\" content=\"Roberto\" \/>\n\t<meta name=\"twitter:label2\" content=\"Est. tempo de leitura\" \/>\n\t<meta name=\"twitter:data2\" content=\"2 minutos\" \/>\n<script type=\"application\/ld+json\" class=\"yoast-schema-graph\">{\"@context\":\"https:\\\/\\\/schema.org\",\"@graph\":[{\"@type\":\"Article\",\"@id\":\"https:\\\/\\\/regiaonews.net.br\\\/2022\\\/2021\\\/03\\\/09\\\/sp-bate-recorde-de-internados-com-covid-19-pelo-10o-dia-seguido-e-tem-maior-media-de-mortes-desde-o-inicio-da-pandemia\\\/#article\",\"isPartOf\":{\"@id\":\"https:\\\/\\\/regiaonews.net.br\\\/2022\\\/2021\\\/03\\\/09\\\/sp-bate-recorde-de-internados-com-covid-19-pelo-10o-dia-seguido-e-tem-maior-media-de-mortes-desde-o-inicio-da-pandemia\\\/\"},\"author\":{\"name\":\"Roberto\",\"@id\":\"https:\\\/\\\/regiaonews.net.br\\\/2022\\\/#\\\/schema\\\/person\\\/2d205a608a5aa97ac279d7a5e6d89ad8\"},\"headline\":\"SP bate recorde de internados com Covid-19 pelo 10\u00ba dia seguido e tem maior m\u00e9dia de mortes desde o in\u00edcio da pandemia\",\"datePublished\":\"2021-03-09T14:41:15+00:00\",\"dateModified\":\"2021-03-09T14:44:13+00:00\",\"mainEntityOfPage\":{\"@id\":\"https:\\\/\\\/regiaonews.net.br\\\/2022\\\/2021\\\/03\\\/09\\\/sp-bate-recorde-de-internados-com-covid-19-pelo-10o-dia-seguido-e-tem-maior-media-de-mortes-desde-o-inicio-da-pandemia\\\/\"},\"wordCount\":329,\"commentCount\":0,\"publisher\":{\"@id\":\"https:\\\/\\\/regiaonews.net.br\\\/2022\\\/#organization\"},\"image\":{\"@id\":\"https:\\\/\\\/regiaonews.net.br\\\/2022\\\/2021\\\/03\\\/09\\\/sp-bate-recorde-de-internados-com-covid-19-pelo-10o-dia-seguido-e-tem-maior-media-de-mortes-desde-o-inicio-da-pandemia\\\/#primaryimage\"},\"thumbnailUrl\":\"https:\\\/\\\/regiaonews.net.br\\\/2022\\\/wp-content\\\/uploads\\\/2020\\\/05\\\/corona-brasil-1.jpg\",\"articleSection\":[\"Cidades\",\"Estado de S\u00e3o Paulo\"],\"inLanguage\":\"pt-BR\",\"potentialAction\":[{\"@type\":\"CommentAction\",\"name\":\"Comment\",\"target\":[\"https:\\\/\\\/regiaonews.net.br\\\/2022\\\/2021\\\/03\\\/09\\\/sp-bate-recorde-de-internados-com-covid-19-pelo-10o-dia-seguido-e-tem-maior-media-de-mortes-desde-o-inicio-da-pandemia\\\/#respond\"]}]},{\"@type\":\"WebPage\",\"@id\":\"https:\\\/\\\/regiaonews.net.br\\\/2022\\\/2021\\\/03\\\/09\\\/sp-bate-recorde-de-internados-com-covid-19-pelo-10o-dia-seguido-e-tem-maior-media-de-mortes-desde-o-inicio-da-pandemia\\\/\",\"url\":\"https:\\\/\\\/regiaonews.net.br\\\/2022\\\/2021\\\/03\\\/09\\\/sp-bate-recorde-de-internados-com-covid-19-pelo-10o-dia-seguido-e-tem-maior-media-de-mortes-desde-o-inicio-da-pandemia\\\/\",\"name\":\"SP bate recorde de internados com Covid-19 pelo 10\u00ba dia seguido e tem maior m\u00e9dia de mortes desde o in\u00edcio da pandemia - Regi\u00e3o News\",\"isPartOf\":{\"@id\":\"https:\\\/\\\/regiaonews.net.br\\\/2022\\\/#website\"},\"primaryImageOfPage\":{\"@id\":\"https:\\\/\\\/regiaonews.net.br\\\/2022\\\/2021\\\/03\\\/09\\\/sp-bate-recorde-de-internados-com-covid-19-pelo-10o-dia-seguido-e-tem-maior-media-de-mortes-desde-o-inicio-da-pandemia\\\/#primaryimage\"},\"image\":{\"@id\":\"https:\\\/\\\/regiaonews.net.br\\\/2022\\\/2021\\\/03\\\/09\\\/sp-bate-recorde-de-internados-com-covid-19-pelo-10o-dia-seguido-e-tem-maior-media-de-mortes-desde-o-inicio-da-pandemia\\\/#primaryimage\"},\"thumbnailUrl\":\"https:\\\/\\\/regiaonews.net.br\\\/2022\\\/wp-content\\\/uploads\\\/2020\\\/05\\\/corona-brasil-1.jpg\",\"datePublished\":\"2021-03-09T14:41:15+00:00\",\"dateModified\":\"2021-03-09T14:44:13+00:00\",\"breadcrumb\":{\"@id\":\"https:\\\/\\\/regiaonews.net.br\\\/2022\\\/2021\\\/03\\\/09\\\/sp-bate-recorde-de-internados-com-covid-19-pelo-10o-dia-seguido-e-tem-maior-media-de-mortes-desde-o-inicio-da-pandemia\\\/#breadcrumb\"},\"inLanguage\":\"pt-BR\",\"potentialAction\":[{\"@type\":\"ReadAction\",\"target\":[\"https:\\\/\\\/regiaonews.net.br\\\/2022\\\/2021\\\/03\\\/09\\\/sp-bate-recorde-de-internados-com-covid-19-pelo-10o-dia-seguido-e-tem-maior-media-de-mortes-desde-o-inicio-da-pandemia\\\/\"]}]},{\"@type\":\"ImageObject\",\"inLanguage\":\"pt-BR\",\"@id\":\"https:\\\/\\\/regiaonews.net.br\\\/2022\\\/2021\\\/03\\\/09\\\/sp-bate-recorde-de-internados-com-covid-19-pelo-10o-dia-seguido-e-tem-maior-media-de-mortes-desde-o-inicio-da-pandemia\\\/#primaryimage\",\"url\":\"https:\\\/\\\/regiaonews.net.br\\\/2022\\\/wp-content\\\/uploads\\\/2020\\\/05\\\/corona-brasil-1.jpg\",\"contentUrl\":\"https:\\\/\\\/regiaonews.net.br\\\/2022\\\/wp-content\\\/uploads\\\/2020\\\/05\\\/corona-brasil-1.jpg\",\"width\":1170,\"height\":700},{\"@type\":\"BreadcrumbList\",\"@id\":\"https:\\\/\\\/regiaonews.net.br\\\/2022\\\/2021\\\/03\\\/09\\\/sp-bate-recorde-de-internados-com-covid-19-pelo-10o-dia-seguido-e-tem-maior-media-de-mortes-desde-o-inicio-da-pandemia\\\/#breadcrumb\",\"itemListElement\":[{\"@type\":\"ListItem\",\"position\":1,\"name\":\"In\u00edcio\",\"item\":\"https:\\\/\\\/regiaonews.net.br\\\/2022\\\/\"},{\"@type\":\"ListItem\",\"position\":2,\"name\":\"SP bate recorde de internados com Covid-19 pelo 10\u00ba dia seguido e tem maior m\u00e9dia de mortes desde o in\u00edcio da pandemia\"}]},{\"@type\":\"WebSite\",\"@id\":\"https:\\\/\\\/regiaonews.net.br\\\/2022\\\/#website\",\"url\":\"https:\\\/\\\/regiaonews.net.br\\\/2022\\\/\",\"name\":\"Regi\u00e3o News\",\"description\":\"Site de Not\u00edcias de Barretos e regi\u00e3o\",\"publisher\":{\"@id\":\"https:\\\/\\\/regiaonews.net.br\\\/2022\\\/#organization\"},\"potentialAction\":[{\"@type\":\"SearchAction\",\"target\":{\"@type\":\"EntryPoint\",\"urlTemplate\":\"https:\\\/\\\/regiaonews.net.br\\\/2022\\\/?s={search_term_string}\"},\"query-input\":{\"@type\":\"PropertyValueSpecification\",\"valueRequired\":true,\"valueName\":\"search_term_string\"}}],\"inLanguage\":\"pt-BR\"},{\"@type\":\"Organization\",\"@id\":\"https:\\\/\\\/regiaonews.net.br\\\/2022\\\/#organization\",\"name\":\"Regi\u00e3o News\",\"url\":\"https:\\\/\\\/regiaonews.net.br\\\/2022\\\/\",\"logo\":{\"@type\":\"ImageObject\",\"inLanguage\":\"pt-BR\",\"@id\":\"https:\\\/\\\/regiaonews.net.br\\\/2022\\\/#\\\/schema\\\/logo\\\/image\\\/\",\"url\":\"https:\\\/\\\/regiaonews.net.br\\\/2022\\\/wp-content\\\/uploads\\\/2026\\\/03\\\/regiao-13-anos-scaled.jpg\",\"contentUrl\":\"https:\\\/\\\/regiaonews.net.br\\\/2022\\\/wp-content\\\/uploads\\\/2026\\\/03\\\/regiao-13-anos-scaled.jpg\",\"width\":2560,\"height\":635,\"caption\":\"Regi\u00e3o News\"},\"image\":{\"@id\":\"https:\\\/\\\/regiaonews.net.br\\\/2022\\\/#\\\/schema\\\/logo\\\/image\\\/\"}},{\"@type\":\"Person\",\"@id\":\"https:\\\/\\\/regiaonews.net.br\\\/2022\\\/#\\\/schema\\\/person\\\/2d205a608a5aa97ac279d7a5e6d89ad8\",\"name\":\"Roberto\",\"image\":{\"@type\":\"ImageObject\",\"inLanguage\":\"pt-BR\",\"@id\":\"https:\\\/\\\/secure.gravatar.com\\\/avatar\\\/42749d8b712ff9d59ca93dc150494e5b55a44134482993f5baeb97e61b7ecc89?s=96&d=mm&r=g\",\"url\":\"https:\\\/\\\/secure.gravatar.com\\\/avatar\\\/42749d8b712ff9d59ca93dc150494e5b55a44134482993f5baeb97e61b7ecc89?s=96&d=mm&r=g\",\"contentUrl\":\"https:\\\/\\\/secure.gravatar.com\\\/avatar\\\/42749d8b712ff9d59ca93dc150494e5b55a44134482993f5baeb97e61b7ecc89?s=96&d=mm&r=g\",\"caption\":\"Roberto\"},\"url\":\"https:\\\/\\\/regiaonews.net.br\\\/2022\\\/author\\\/roberto\\\/\"}]}<\/script>\n<!-- \/ Yoast SEO plugin. -->","yoast_head_json":{"title":"SP bate recorde de internados com Covid-19 pelo 10\u00ba dia seguido e tem maior m\u00e9dia de mortes desde o in\u00edcio da pandemia - Regi\u00e3o News","robots":{"index":"index","follow":"follow","max-snippet":"max-snippet:-1","max-image-preview":"max-image-preview:large","max-video-preview":"max-video-preview:-1"},"canonical":"https:\/\/regiaonews.net.br\/2022\/2021\/03\/09\/sp-bate-recorde-de-internados-com-covid-19-pelo-10o-dia-seguido-e-tem-maior-media-de-mortes-desde-o-inicio-da-pandemia\/","og_locale":"pt_BR","og_type":"article","og_title":"SP bate recorde de internados com Covid-19 pelo 10\u00ba dia seguido e tem maior m\u00e9dia de mortes desde o in\u00edcio da pandemia - Regi\u00e3o News","og_description":"Taxa de ocupa\u00e7\u00e3o de UTIs tamb\u00e9m bateu recorde e chegou","og_url":"https:\/\/regiaonews.net.br\/2022\/2021\/03\/09\/sp-bate-recorde-de-internados-com-covid-19-pelo-10o-dia-seguido-e-tem-maior-media-de-mortes-desde-o-inicio-da-pandemia\/","og_site_name":"Regi\u00e3o News","article_published_time":"2021-03-09T14:41:15+00:00","article_modified_time":"2021-03-09T14:44:13+00:00","og_image":[{"width":1170,"height":700,"url":"https:\/\/regiaonews.net.br\/2022\/wp-content\/uploads\/2020\/05\/corona-brasil-1.jpg","type":"image\/jpeg"}],"author":"Roberto","twitter_card":"summary_large_image","twitter_misc":{"Escrito por":"Roberto","Est. tempo de leitura":"2 minutos"},"schema":{"@context":"https:\/\/schema.org","@graph":[{"@type":"Article","@id":"https:\/\/regiaonews.net.br\/2022\/2021\/03\/09\/sp-bate-recorde-de-internados-com-covid-19-pelo-10o-dia-seguido-e-tem-maior-media-de-mortes-desde-o-inicio-da-pandemia\/#article","isPartOf":{"@id":"https:\/\/regiaonews.net.br\/2022\/2021\/03\/09\/sp-bate-recorde-de-internados-com-covid-19-pelo-10o-dia-seguido-e-tem-maior-media-de-mortes-desde-o-inicio-da-pandemia\/"},"author":{"name":"Roberto","@id":"https:\/\/regiaonews.net.br\/2022\/#\/schema\/person\/2d205a608a5aa97ac279d7a5e6d89ad8"},"headline":"SP bate recorde de internados com Covid-19 pelo 10\u00ba dia seguido e tem maior m\u00e9dia de mortes desde o in\u00edcio da pandemia","datePublished":"2021-03-09T14:41:15+00:00","dateModified":"2021-03-09T14:44:13+00:00","mainEntityOfPage":{"@id":"https:\/\/regiaonews.net.br\/2022\/2021\/03\/09\/sp-bate-recorde-de-internados-com-covid-19-pelo-10o-dia-seguido-e-tem-maior-media-de-mortes-desde-o-inicio-da-pandemia\/"},"wordCount":329,"commentCount":0,"publisher":{"@id":"https:\/\/regiaonews.net.br\/2022\/#organization"},"image":{"@id":"https:\/\/regiaonews.net.br\/2022\/2021\/03\/09\/sp-bate-recorde-de-internados-com-covid-19-pelo-10o-dia-seguido-e-tem-maior-media-de-mortes-desde-o-inicio-da-pandemia\/#primaryimage"},"thumbnailUrl":"https:\/\/regiaonews.net.br\/2022\/wp-content\/uploads\/2020\/05\/corona-brasil-1.jpg","articleSection":["Cidades","Estado de S\u00e3o Paulo"],"inLanguage":"pt-BR","potentialAction":[{"@type":"CommentAction","name":"Comment","target":["https:\/\/regiaonews.net.br\/2022\/2021\/03\/09\/sp-bate-recorde-de-internados-com-covid-19-pelo-10o-dia-seguido-e-tem-maior-media-de-mortes-desde-o-inicio-da-pandemia\/#respond"]}]},{"@type":"WebPage","@id":"https:\/\/regiaonews.net.br\/2022\/2021\/03\/09\/sp-bate-recorde-de-internados-com-covid-19-pelo-10o-dia-seguido-e-tem-maior-media-de-mortes-desde-o-inicio-da-pandemia\/","url":"https:\/\/regiaonews.net.br\/2022\/2021\/03\/09\/sp-bate-recorde-de-internados-com-covid-19-pelo-10o-dia-seguido-e-tem-maior-media-de-mortes-desde-o-inicio-da-pandemia\/","name":"SP bate recorde de internados com Covid-19 pelo 10\u00ba dia seguido e tem maior m\u00e9dia de mortes desde o in\u00edcio da pandemia - Regi\u00e3o News","isPartOf":{"@id":"https:\/\/regiaonews.net.br\/2022\/#website"},"primaryImageOfPage":{"@id":"https:\/\/regiaonews.net.br\/2022\/2021\/03\/09\/sp-bate-recorde-de-internados-com-covid-19-pelo-10o-dia-seguido-e-tem-maior-media-de-mortes-desde-o-inicio-da-pandemia\/#primaryimage"},"image":{"@id":"https:\/\/regiaonews.net.br\/2022\/2021\/03\/09\/sp-bate-recorde-de-internados-com-covid-19-pelo-10o-dia-seguido-e-tem-maior-media-de-mortes-desde-o-inicio-da-pandemia\/#primaryimage"},"thumbnailUrl":"https:\/\/regiaonews.net.br\/2022\/wp-content\/uploads\/2020\/05\/corona-brasil-1.jpg","datePublished":"2021-03-09T14:41:15+00:00","dateModified":"2021-03-09T14:44:13+00:00","breadcrumb":{"@id":"https:\/\/regiaonews.net.br\/2022\/2021\/03\/09\/sp-bate-recorde-de-internados-com-covid-19-pelo-10o-dia-seguido-e-tem-maior-media-de-mortes-desde-o-inicio-da-pandemia\/#breadcrumb"},"inLanguage":"pt-BR","potentialAction":[{"@type":"ReadAction","target":["https:\/\/regiaonews.net.br\/2022\/2021\/03\/09\/sp-bate-recorde-de-internados-com-covid-19-pelo-10o-dia-seguido-e-tem-maior-media-de-mortes-desde-o-inicio-da-pandemia\/"]}]},{"@type":"ImageObject","inLanguage":"pt-BR","@id":"https:\/\/regiaonews.net.br\/2022\/2021\/03\/09\/sp-bate-recorde-de-internados-com-covid-19-pelo-10o-dia-seguido-e-tem-maior-media-de-mortes-desde-o-inicio-da-pandemia\/#primaryimage","url":"https:\/\/regiaonews.net.br\/2022\/wp-content\/uploads\/2020\/05\/corona-brasil-1.jpg","contentUrl":"https:\/\/regiaonews.net.br\/2022\/wp-content\/uploads\/2020\/05\/corona-brasil-1.jpg","width":1170,"height":700},{"@type":"BreadcrumbList","@id":"https:\/\/regiaonews.net.br\/2022\/2021\/03\/09\/sp-bate-recorde-de-internados-com-covid-19-pelo-10o-dia-seguido-e-tem-maior-media-de-mortes-desde-o-inicio-da-pandemia\/#breadcrumb","itemListElement":[{"@type":"ListItem","position":1,"name":"In\u00edcio","item":"https:\/\/regiaonews.net.br\/2022\/"},{"@type":"ListItem","position":2,"name":"SP bate recorde de internados com Covid-19 pelo 10\u00ba dia seguido e tem maior m\u00e9dia de mortes desde o in\u00edcio da pandemia"}]},{"@type":"WebSite","@id":"https:\/\/regiaonews.net.br\/2022\/#website","url":"https:\/\/regiaonews.net.br\/2022\/","name":"Regi\u00e3o News","description":"Site de Not\u00edcias de Barretos e regi\u00e3o","publisher":{"@id":"https:\/\/regiaonews.net.br\/2022\/#organization"},"potentialAction":[{"@type":"SearchAction","target":{"@type":"EntryPoint","urlTemplate":"https:\/\/regiaonews.net.br\/2022\/?s={search_term_string}"},"query-input":{"@type":"PropertyValueSpecification","valueRequired":true,"valueName":"search_term_string"}}],"inLanguage":"pt-BR"},{"@type":"Organization","@id":"https:\/\/regiaonews.net.br\/2022\/#organization","name":"Regi\u00e3o News","url":"https:\/\/regiaonews.net.br\/2022\/","logo":{"@type":"ImageObject","inLanguage":"pt-BR","@id":"https:\/\/regiaonews.net.br\/2022\/#\/schema\/logo\/image\/","url":"https:\/\/regiaonews.net.br\/2022\/wp-content\/uploads\/2026\/03\/regiao-13-anos-scaled.jpg","contentUrl":"https:\/\/regiaonews.net.br\/2022\/wp-content\/uploads\/2026\/03\/regiao-13-anos-scaled.jpg","width":2560,"height":635,"caption":"Regi\u00e3o News"},"image":{"@id":"https:\/\/regiaonews.net.br\/2022\/#\/schema\/logo\/image\/"}},{"@type":"Person","@id":"https:\/\/regiaonews.net.br\/2022\/#\/schema\/person\/2d205a608a5aa97ac279d7a5e6d89ad8","name":"Roberto","image":{"@type":"ImageObject","inLanguage":"pt-BR","@id":"https:\/\/secure.gravatar.com\/avatar\/42749d8b712ff9d59ca93dc150494e5b55a44134482993f5baeb97e61b7ecc89?s=96&d=mm&r=g","url":"https:\/\/secure.gravatar.com\/avatar\/42749d8b712ff9d59ca93dc150494e5b55a44134482993f5baeb97e61b7ecc89?s=96&d=mm&r=g","contentUrl":"https:\/\/secure.gravatar.com\/avatar\/42749d8b712ff9d59ca93dc150494e5b55a44134482993f5baeb97e61b7ecc89?s=96&d=mm&r=g","caption":"Roberto"},"url":"https:\/\/regiaonews.net.br\/2022\/author\/roberto\/"}]}},"publishpress_future_action":{"enabled":false,"date":"2026-05-03 23:57:04","action":"change-status","newStatus":"draft","terms":[],"taxonomy":"category","extraData":[]},"publishpress_future_workflow_manual_trigger":{"enabledWorkflows":[]},"_links":{"self":[{"href":"https:\/\/regiaonews.net.br\/2022\/wp-json\/wp\/v2\/posts\/43828","targetHints":{"allow":["GET"]}}],"collection":[{"href":"https:\/\/regiaonews.net.br\/2022\/wp-json\/wp\/v2\/posts"}],"about":[{"href":"https:\/\/regiaonews.net.br\/2022\/wp-json\/wp\/v2\/types\/post"}],"author":[{"embeddable":true,"href":"https:\/\/regiaonews.net.br\/2022\/wp-json\/wp\/v2\/users\/2"}],"replies":[{"embeddable":true,"href":"https:\/\/regiaonews.net.br\/2022\/wp-json\/wp\/v2\/comments?post=43828"}],"version-history":[{"count":0,"href":"https:\/\/regiaonews.net.br\/2022\/wp-json\/wp\/v2\/posts\/43828\/revisions"}],"wp:featuredmedia":[{"embeddable":true,"href":"https:\/\/regiaonews.net.br\/2022\/wp-json\/wp\/v2\/media\/32346"}],"wp:attachment":[{"href":"https:\/\/regiaonews.net.br\/2022\/wp-json\/wp\/v2\/media?parent=43828"}],"wp:term":[{"taxonomy":"category","embeddable":true,"href":"https:\/\/regiaonews.net.br\/2022\/wp-json\/wp\/v2\/categories?post=43828"},{"taxonomy":"post_tag","embeddable":true,"href":"https:\/\/regiaonews.net.br\/2022\/wp-json\/wp\/v2\/tags?post=43828"}],"curies":[{"name":"wp","href":"https:\/\/api.w.org\/{rel}","templated":true}]}}