{"id":43825,"date":"2021-03-09T11:03:10","date_gmt":"2021-03-09T14:03:10","guid":{"rendered":"https:\/\/regiaonews.net.br\/2022\/?p=43825"},"modified":"2021-03-09T11:03:10","modified_gmt":"2021-03-09T14:03:10","slug":"872-doses-de-vacina-para-a-segunda-dose-dos-idosos-de-85-a-89-anos-ja-estao-disponivel-em-barretos","status":"publish","type":"post","link":"https:\/\/regiaonews.net.br\/2022\/2021\/03\/09\/872-doses-de-vacina-para-a-segunda-dose-dos-idosos-de-85-a-89-anos-ja-estao-disponivel-em-barretos\/","title":{"rendered":"872 doses de vacina para a segunda dose dos idosos de 85 a 89 anos j\u00e1 est\u00e3o dispon\u00edvel  em Barretos"},"content":{"rendered":"<p><a href=\"https:\/\/regiaonews.net.br\/2022\/wp-content\/uploads\/2021\/03\/vacina-barretos-site.jpg\"><img loading=\"lazy\" decoding=\"async\" class=\"alignnone size-medium wp-image-43826\" src=\"https:\/\/regiaonews.net.br\/2022\/wp-content\/uploads\/2021\/03\/vacina-barretos-site-300x181.jpg\" alt=\"\" width=\"300\" height=\"181\" \/><\/a><\/p>\n<p>Nesta ter\u00e7a-feira (9),\u00a0 a Secretaria de Sa\u00fade, por meio da Vigil\u00e2ncia Epidemiol\u00f3gica distribuiu para todas as Unidades de Sa\u00fade 872 doses destinadas para aplica\u00e7\u00e3o da segunda dose do grupo de idosos de 85 a 89 anos contra o Covid19.<\/p>\n<p>Idosos pertencentes ao grupo contemplado dever\u00e3o procurar as salas de vacina das Unidades de Sa\u00fade mais pr\u00f3xima de sua resid\u00eancia \u2013 ESF, UBS\u00b4s, Post\u00e3o ou Ambulat\u00f3rio de Sa\u00fade do Idoso, das 8h as 16h. Em caso de idosos acamados a vacina\u00e7\u00e3o domiciliar deve ser agendada atrav\u00e9s do telefone (17) 9 8210 2221, das 11h \u00e0s 17h.<\/p>\n<p>De acordo com a coordenadora da Vigil\u00e2ncia Epidemiol\u00f3gica da Secretaria de Sa\u00fade, Sandra Rocha, \u201cainda tem dispon\u00edveis tamb\u00e9m em todas as Unidades a primeira dose de vacina do grupo de 80 a 84, cuja ades\u00e3o foi baixa. Refor\u00e7amos que as fam\u00edlias se conscientizem e busquem pela imuniza\u00e7\u00e3o\u201d ressaltou Sandra.<\/p>\n","protected":false},"excerpt":{"rendered":"<p>Nesta ter\u00e7a-feira (9),\u00a0 a Secretaria de Sa\u00fade, por meio da<\/p>\n","protected":false},"author":2,"featured_media":37780,"comment_status":"open","ping_status":"open","sticky":false,"template":"","format":"standard","meta":{"footnotes":""},"categories":[14,25],"tags":[],"class_list":["post-43825","post","type-post","status-publish","format-standard","has-post-thumbnail","hentry","category-barretos","category-cidades"],"yoast_head":"<!-- This site is optimized with the Yoast SEO plugin v27.4 - https:\/\/yoast.com\/product\/yoast-seo-wordpress\/ -->\n<title>872 doses de vacina para a segunda dose dos idosos de 85 a 89 anos j\u00e1 est\u00e3o dispon\u00edvel em Barretos - Regi\u00e3o News<\/title>\n<meta name=\"robots\" content=\"index, follow, max-snippet:-1, max-image-preview:large, max-video-preview:-1\" \/>\n<link rel=\"canonical\" href=\"https:\/\/regiaonews.net.br\/2022\/2021\/03\/09\/872-doses-de-vacina-para-a-segunda-dose-dos-idosos-de-85-a-89-anos-ja-estao-disponivel-em-barretos\/\" \/>\n<meta property=\"og:locale\" content=\"pt_BR\" \/>\n<meta property=\"og:type\" content=\"article\" \/>\n<meta property=\"og:title\" content=\"872 doses de vacina para a segunda dose dos idosos de 85 a 89 anos j\u00e1 est\u00e3o dispon\u00edvel em Barretos - Regi\u00e3o News\" \/>\n<meta property=\"og:description\" content=\"Nesta ter\u00e7a-feira (9),\u00a0 a Secretaria de Sa\u00fade, por meio da\" \/>\n<meta property=\"og:url\" content=\"https:\/\/regiaonews.net.br\/2022\/2021\/03\/09\/872-doses-de-vacina-para-a-segunda-dose-dos-idosos-de-85-a-89-anos-ja-estao-disponivel-em-barretos\/\" \/>\n<meta property=\"og:site_name\" content=\"Regi\u00e3o News\" \/>\n<meta property=\"article:published_time\" content=\"2021-03-09T14:03:10+00:00\" \/>\n<meta property=\"og:image\" content=\"https:\/\/regiaonews.net.br\/2022\/wp-content\/uploads\/2020\/09\/2020-05-18t143443z_1_lynxmpeg4h1mb_rtroptp_4_health-coronavirus-vaccine.jpg\" \/>\n\t<meta property=\"og:image:width\" content=\"1170\" \/>\n\t<meta property=\"og:image:height\" content=\"700\" \/>\n\t<meta property=\"og:image:type\" content=\"image\/jpeg\" \/>\n<meta name=\"author\" content=\"Roberto\" \/>\n<meta name=\"twitter:card\" content=\"summary_large_image\" \/>\n<meta name=\"twitter:label1\" content=\"Escrito por\" \/>\n\t<meta name=\"twitter:data1\" content=\"Roberto\" \/>\n\t<meta name=\"twitter:label2\" content=\"Est. tempo de leitura\" \/>\n\t<meta name=\"twitter:data2\" content=\"1 minuto\" \/>\n<script type=\"application\/ld+json\" class=\"yoast-schema-graph\">{\"@context\":\"https:\\\/\\\/schema.org\",\"@graph\":[{\"@type\":\"Article\",\"@id\":\"https:\\\/\\\/regiaonews.net.br\\\/2022\\\/2021\\\/03\\\/09\\\/872-doses-de-vacina-para-a-segunda-dose-dos-idosos-de-85-a-89-anos-ja-estao-disponivel-em-barretos\\\/#article\",\"isPartOf\":{\"@id\":\"https:\\\/\\\/regiaonews.net.br\\\/2022\\\/2021\\\/03\\\/09\\\/872-doses-de-vacina-para-a-segunda-dose-dos-idosos-de-85-a-89-anos-ja-estao-disponivel-em-barretos\\\/\"},\"author\":{\"name\":\"Roberto\",\"@id\":\"https:\\\/\\\/regiaonews.net.br\\\/2022\\\/#\\\/schema\\\/person\\\/2d205a608a5aa97ac279d7a5e6d89ad8\"},\"headline\":\"872 doses de vacina para a segunda dose dos idosos de 85 a 89 anos j\u00e1 est\u00e3o dispon\u00edvel em Barretos\",\"datePublished\":\"2021-03-09T14:03:10+00:00\",\"mainEntityOfPage\":{\"@id\":\"https:\\\/\\\/regiaonews.net.br\\\/2022\\\/2021\\\/03\\\/09\\\/872-doses-de-vacina-para-a-segunda-dose-dos-idosos-de-85-a-89-anos-ja-estao-disponivel-em-barretos\\\/\"},\"wordCount\":177,\"commentCount\":0,\"publisher\":{\"@id\":\"https:\\\/\\\/regiaonews.net.br\\\/2022\\\/#organization\"},\"image\":{\"@id\":\"https:\\\/\\\/regiaonews.net.br\\\/2022\\\/2021\\\/03\\\/09\\\/872-doses-de-vacina-para-a-segunda-dose-dos-idosos-de-85-a-89-anos-ja-estao-disponivel-em-barretos\\\/#primaryimage\"},\"thumbnailUrl\":\"https:\\\/\\\/regiaonews.net.br\\\/2022\\\/wp-content\\\/uploads\\\/2020\\\/09\\\/2020-05-18t143443z_1_lynxmpeg4h1mb_rtroptp_4_health-coronavirus-vaccine.jpg\",\"articleSection\":[\"Barretos\",\"Cidades\"],\"inLanguage\":\"pt-BR\",\"potentialAction\":[{\"@type\":\"CommentAction\",\"name\":\"Comment\",\"target\":[\"https:\\\/\\\/regiaonews.net.br\\\/2022\\\/2021\\\/03\\\/09\\\/872-doses-de-vacina-para-a-segunda-dose-dos-idosos-de-85-a-89-anos-ja-estao-disponivel-em-barretos\\\/#respond\"]}]},{\"@type\":\"WebPage\",\"@id\":\"https:\\\/\\\/regiaonews.net.br\\\/2022\\\/2021\\\/03\\\/09\\\/872-doses-de-vacina-para-a-segunda-dose-dos-idosos-de-85-a-89-anos-ja-estao-disponivel-em-barretos\\\/\",\"url\":\"https:\\\/\\\/regiaonews.net.br\\\/2022\\\/2021\\\/03\\\/09\\\/872-doses-de-vacina-para-a-segunda-dose-dos-idosos-de-85-a-89-anos-ja-estao-disponivel-em-barretos\\\/\",\"name\":\"872 doses de vacina para a segunda dose dos idosos de 85 a 89 anos j\u00e1 est\u00e3o dispon\u00edvel em Barretos - Regi\u00e3o News\",\"isPartOf\":{\"@id\":\"https:\\\/\\\/regiaonews.net.br\\\/2022\\\/#website\"},\"primaryImageOfPage\":{\"@id\":\"https:\\\/\\\/regiaonews.net.br\\\/2022\\\/2021\\\/03\\\/09\\\/872-doses-de-vacina-para-a-segunda-dose-dos-idosos-de-85-a-89-anos-ja-estao-disponivel-em-barretos\\\/#primaryimage\"},\"image\":{\"@id\":\"https:\\\/\\\/regiaonews.net.br\\\/2022\\\/2021\\\/03\\\/09\\\/872-doses-de-vacina-para-a-segunda-dose-dos-idosos-de-85-a-89-anos-ja-estao-disponivel-em-barretos\\\/#primaryimage\"},\"thumbnailUrl\":\"https:\\\/\\\/regiaonews.net.br\\\/2022\\\/wp-content\\\/uploads\\\/2020\\\/09\\\/2020-05-18t143443z_1_lynxmpeg4h1mb_rtroptp_4_health-coronavirus-vaccine.jpg\",\"datePublished\":\"2021-03-09T14:03:10+00:00\",\"breadcrumb\":{\"@id\":\"https:\\\/\\\/regiaonews.net.br\\\/2022\\\/2021\\\/03\\\/09\\\/872-doses-de-vacina-para-a-segunda-dose-dos-idosos-de-85-a-89-anos-ja-estao-disponivel-em-barretos\\\/#breadcrumb\"},\"inLanguage\":\"pt-BR\",\"potentialAction\":[{\"@type\":\"ReadAction\",\"target\":[\"https:\\\/\\\/regiaonews.net.br\\\/2022\\\/2021\\\/03\\\/09\\\/872-doses-de-vacina-para-a-segunda-dose-dos-idosos-de-85-a-89-anos-ja-estao-disponivel-em-barretos\\\/\"]}]},{\"@type\":\"ImageObject\",\"inLanguage\":\"pt-BR\",\"@id\":\"https:\\\/\\\/regiaonews.net.br\\\/2022\\\/2021\\\/03\\\/09\\\/872-doses-de-vacina-para-a-segunda-dose-dos-idosos-de-85-a-89-anos-ja-estao-disponivel-em-barretos\\\/#primaryimage\",\"url\":\"https:\\\/\\\/regiaonews.net.br\\\/2022\\\/wp-content\\\/uploads\\\/2020\\\/09\\\/2020-05-18t143443z_1_lynxmpeg4h1mb_rtroptp_4_health-coronavirus-vaccine.jpg\",\"contentUrl\":\"https:\\\/\\\/regiaonews.net.br\\\/2022\\\/wp-content\\\/uploads\\\/2020\\\/09\\\/2020-05-18t143443z_1_lynxmpeg4h1mb_rtroptp_4_health-coronavirus-vaccine.jpg\",\"width\":1170,\"height\":700},{\"@type\":\"BreadcrumbList\",\"@id\":\"https:\\\/\\\/regiaonews.net.br\\\/2022\\\/2021\\\/03\\\/09\\\/872-doses-de-vacina-para-a-segunda-dose-dos-idosos-de-85-a-89-anos-ja-estao-disponivel-em-barretos\\\/#breadcrumb\",\"itemListElement\":[{\"@type\":\"ListItem\",\"position\":1,\"name\":\"In\u00edcio\",\"item\":\"https:\\\/\\\/regiaonews.net.br\\\/2022\\\/\"},{\"@type\":\"ListItem\",\"position\":2,\"name\":\"872 doses de vacina para a segunda dose dos idosos de 85 a 89 anos j\u00e1 est\u00e3o dispon\u00edvel em Barretos\"}]},{\"@type\":\"WebSite\",\"@id\":\"https:\\\/\\\/regiaonews.net.br\\\/2022\\\/#website\",\"url\":\"https:\\\/\\\/regiaonews.net.br\\\/2022\\\/\",\"name\":\"Regi\u00e3o News\",\"description\":\"Site de Not\u00edcias de Barretos e regi\u00e3o\",\"publisher\":{\"@id\":\"https:\\\/\\\/regiaonews.net.br\\\/2022\\\/#organization\"},\"potentialAction\":[{\"@type\":\"SearchAction\",\"target\":{\"@type\":\"EntryPoint\",\"urlTemplate\":\"https:\\\/\\\/regiaonews.net.br\\\/2022\\\/?s={search_term_string}\"},\"query-input\":{\"@type\":\"PropertyValueSpecification\",\"valueRequired\":true,\"valueName\":\"search_term_string\"}}],\"inLanguage\":\"pt-BR\"},{\"@type\":\"Organization\",\"@id\":\"https:\\\/\\\/regiaonews.net.br\\\/2022\\\/#organization\",\"name\":\"Regi\u00e3o News\",\"url\":\"https:\\\/\\\/regiaonews.net.br\\\/2022\\\/\",\"logo\":{\"@type\":\"ImageObject\",\"inLanguage\":\"pt-BR\",\"@id\":\"https:\\\/\\\/regiaonews.net.br\\\/2022\\\/#\\\/schema\\\/logo\\\/image\\\/\",\"url\":\"https:\\\/\\\/regiaonews.net.br\\\/2022\\\/wp-content\\\/uploads\\\/2026\\\/03\\\/regiao-13-anos-scaled.jpg\",\"contentUrl\":\"https:\\\/\\\/regiaonews.net.br\\\/2022\\\/wp-content\\\/uploads\\\/2026\\\/03\\\/regiao-13-anos-scaled.jpg\",\"width\":2560,\"height\":635,\"caption\":\"Regi\u00e3o News\"},\"image\":{\"@id\":\"https:\\\/\\\/regiaonews.net.br\\\/2022\\\/#\\\/schema\\\/logo\\\/image\\\/\"}},{\"@type\":\"Person\",\"@id\":\"https:\\\/\\\/regiaonews.net.br\\\/2022\\\/#\\\/schema\\\/person\\\/2d205a608a5aa97ac279d7a5e6d89ad8\",\"name\":\"Roberto\",\"image\":{\"@type\":\"ImageObject\",\"inLanguage\":\"pt-BR\",\"@id\":\"https:\\\/\\\/secure.gravatar.com\\\/avatar\\\/42749d8b712ff9d59ca93dc150494e5b55a44134482993f5baeb97e61b7ecc89?s=96&d=mm&r=g\",\"url\":\"https:\\\/\\\/secure.gravatar.com\\\/avatar\\\/42749d8b712ff9d59ca93dc150494e5b55a44134482993f5baeb97e61b7ecc89?s=96&d=mm&r=g\",\"contentUrl\":\"https:\\\/\\\/secure.gravatar.com\\\/avatar\\\/42749d8b712ff9d59ca93dc150494e5b55a44134482993f5baeb97e61b7ecc89?s=96&d=mm&r=g\",\"caption\":\"Roberto\"},\"url\":\"https:\\\/\\\/regiaonews.net.br\\\/2022\\\/author\\\/roberto\\\/\"}]}<\/script>\n<!-- \/ Yoast SEO plugin. -->","yoast_head_json":{"title":"872 doses de vacina para a segunda dose dos idosos de 85 a 89 anos j\u00e1 est\u00e3o dispon\u00edvel em Barretos - Regi\u00e3o News","robots":{"index":"index","follow":"follow","max-snippet":"max-snippet:-1","max-image-preview":"max-image-preview:large","max-video-preview":"max-video-preview:-1"},"canonical":"https:\/\/regiaonews.net.br\/2022\/2021\/03\/09\/872-doses-de-vacina-para-a-segunda-dose-dos-idosos-de-85-a-89-anos-ja-estao-disponivel-em-barretos\/","og_locale":"pt_BR","og_type":"article","og_title":"872 doses de vacina para a segunda dose dos idosos de 85 a 89 anos j\u00e1 est\u00e3o dispon\u00edvel em Barretos - Regi\u00e3o News","og_description":"Nesta ter\u00e7a-feira (9),\u00a0 a Secretaria de Sa\u00fade, por meio da","og_url":"https:\/\/regiaonews.net.br\/2022\/2021\/03\/09\/872-doses-de-vacina-para-a-segunda-dose-dos-idosos-de-85-a-89-anos-ja-estao-disponivel-em-barretos\/","og_site_name":"Regi\u00e3o News","article_published_time":"2021-03-09T14:03:10+00:00","og_image":[{"width":1170,"height":700,"url":"https:\/\/regiaonews.net.br\/2022\/wp-content\/uploads\/2020\/09\/2020-05-18t143443z_1_lynxmpeg4h1mb_rtroptp_4_health-coronavirus-vaccine.jpg","type":"image\/jpeg"}],"author":"Roberto","twitter_card":"summary_large_image","twitter_misc":{"Escrito por":"Roberto","Est. tempo de leitura":"1 minuto"},"schema":{"@context":"https:\/\/schema.org","@graph":[{"@type":"Article","@id":"https:\/\/regiaonews.net.br\/2022\/2021\/03\/09\/872-doses-de-vacina-para-a-segunda-dose-dos-idosos-de-85-a-89-anos-ja-estao-disponivel-em-barretos\/#article","isPartOf":{"@id":"https:\/\/regiaonews.net.br\/2022\/2021\/03\/09\/872-doses-de-vacina-para-a-segunda-dose-dos-idosos-de-85-a-89-anos-ja-estao-disponivel-em-barretos\/"},"author":{"name":"Roberto","@id":"https:\/\/regiaonews.net.br\/2022\/#\/schema\/person\/2d205a608a5aa97ac279d7a5e6d89ad8"},"headline":"872 doses de vacina para a segunda dose dos idosos de 85 a 89 anos j\u00e1 est\u00e3o dispon\u00edvel em Barretos","datePublished":"2021-03-09T14:03:10+00:00","mainEntityOfPage":{"@id":"https:\/\/regiaonews.net.br\/2022\/2021\/03\/09\/872-doses-de-vacina-para-a-segunda-dose-dos-idosos-de-85-a-89-anos-ja-estao-disponivel-em-barretos\/"},"wordCount":177,"commentCount":0,"publisher":{"@id":"https:\/\/regiaonews.net.br\/2022\/#organization"},"image":{"@id":"https:\/\/regiaonews.net.br\/2022\/2021\/03\/09\/872-doses-de-vacina-para-a-segunda-dose-dos-idosos-de-85-a-89-anos-ja-estao-disponivel-em-barretos\/#primaryimage"},"thumbnailUrl":"https:\/\/regiaonews.net.br\/2022\/wp-content\/uploads\/2020\/09\/2020-05-18t143443z_1_lynxmpeg4h1mb_rtroptp_4_health-coronavirus-vaccine.jpg","articleSection":["Barretos","Cidades"],"inLanguage":"pt-BR","potentialAction":[{"@type":"CommentAction","name":"Comment","target":["https:\/\/regiaonews.net.br\/2022\/2021\/03\/09\/872-doses-de-vacina-para-a-segunda-dose-dos-idosos-de-85-a-89-anos-ja-estao-disponivel-em-barretos\/#respond"]}]},{"@type":"WebPage","@id":"https:\/\/regiaonews.net.br\/2022\/2021\/03\/09\/872-doses-de-vacina-para-a-segunda-dose-dos-idosos-de-85-a-89-anos-ja-estao-disponivel-em-barretos\/","url":"https:\/\/regiaonews.net.br\/2022\/2021\/03\/09\/872-doses-de-vacina-para-a-segunda-dose-dos-idosos-de-85-a-89-anos-ja-estao-disponivel-em-barretos\/","name":"872 doses de vacina para a segunda dose dos idosos de 85 a 89 anos j\u00e1 est\u00e3o dispon\u00edvel em Barretos - Regi\u00e3o News","isPartOf":{"@id":"https:\/\/regiaonews.net.br\/2022\/#website"},"primaryImageOfPage":{"@id":"https:\/\/regiaonews.net.br\/2022\/2021\/03\/09\/872-doses-de-vacina-para-a-segunda-dose-dos-idosos-de-85-a-89-anos-ja-estao-disponivel-em-barretos\/#primaryimage"},"image":{"@id":"https:\/\/regiaonews.net.br\/2022\/2021\/03\/09\/872-doses-de-vacina-para-a-segunda-dose-dos-idosos-de-85-a-89-anos-ja-estao-disponivel-em-barretos\/#primaryimage"},"thumbnailUrl":"https:\/\/regiaonews.net.br\/2022\/wp-content\/uploads\/2020\/09\/2020-05-18t143443z_1_lynxmpeg4h1mb_rtroptp_4_health-coronavirus-vaccine.jpg","datePublished":"2021-03-09T14:03:10+00:00","breadcrumb":{"@id":"https:\/\/regiaonews.net.br\/2022\/2021\/03\/09\/872-doses-de-vacina-para-a-segunda-dose-dos-idosos-de-85-a-89-anos-ja-estao-disponivel-em-barretos\/#breadcrumb"},"inLanguage":"pt-BR","potentialAction":[{"@type":"ReadAction","target":["https:\/\/regiaonews.net.br\/2022\/2021\/03\/09\/872-doses-de-vacina-para-a-segunda-dose-dos-idosos-de-85-a-89-anos-ja-estao-disponivel-em-barretos\/"]}]},{"@type":"ImageObject","inLanguage":"pt-BR","@id":"https:\/\/regiaonews.net.br\/2022\/2021\/03\/09\/872-doses-de-vacina-para-a-segunda-dose-dos-idosos-de-85-a-89-anos-ja-estao-disponivel-em-barretos\/#primaryimage","url":"https:\/\/regiaonews.net.br\/2022\/wp-content\/uploads\/2020\/09\/2020-05-18t143443z_1_lynxmpeg4h1mb_rtroptp_4_health-coronavirus-vaccine.jpg","contentUrl":"https:\/\/regiaonews.net.br\/2022\/wp-content\/uploads\/2020\/09\/2020-05-18t143443z_1_lynxmpeg4h1mb_rtroptp_4_health-coronavirus-vaccine.jpg","width":1170,"height":700},{"@type":"BreadcrumbList","@id":"https:\/\/regiaonews.net.br\/2022\/2021\/03\/09\/872-doses-de-vacina-para-a-segunda-dose-dos-idosos-de-85-a-89-anos-ja-estao-disponivel-em-barretos\/#breadcrumb","itemListElement":[{"@type":"ListItem","position":1,"name":"In\u00edcio","item":"https:\/\/regiaonews.net.br\/2022\/"},{"@type":"ListItem","position":2,"name":"872 doses de vacina para a segunda dose dos idosos de 85 a 89 anos j\u00e1 est\u00e3o dispon\u00edvel em Barretos"}]},{"@type":"WebSite","@id":"https:\/\/regiaonews.net.br\/2022\/#website","url":"https:\/\/regiaonews.net.br\/2022\/","name":"Regi\u00e3o News","description":"Site de Not\u00edcias de Barretos e regi\u00e3o","publisher":{"@id":"https:\/\/regiaonews.net.br\/2022\/#organization"},"potentialAction":[{"@type":"SearchAction","target":{"@type":"EntryPoint","urlTemplate":"https:\/\/regiaonews.net.br\/2022\/?s={search_term_string}"},"query-input":{"@type":"PropertyValueSpecification","valueRequired":true,"valueName":"search_term_string"}}],"inLanguage":"pt-BR"},{"@type":"Organization","@id":"https:\/\/regiaonews.net.br\/2022\/#organization","name":"Regi\u00e3o News","url":"https:\/\/regiaonews.net.br\/2022\/","logo":{"@type":"ImageObject","inLanguage":"pt-BR","@id":"https:\/\/regiaonews.net.br\/2022\/#\/schema\/logo\/image\/","url":"https:\/\/regiaonews.net.br\/2022\/wp-content\/uploads\/2026\/03\/regiao-13-anos-scaled.jpg","contentUrl":"https:\/\/regiaonews.net.br\/2022\/wp-content\/uploads\/2026\/03\/regiao-13-anos-scaled.jpg","width":2560,"height":635,"caption":"Regi\u00e3o News"},"image":{"@id":"https:\/\/regiaonews.net.br\/2022\/#\/schema\/logo\/image\/"}},{"@type":"Person","@id":"https:\/\/regiaonews.net.br\/2022\/#\/schema\/person\/2d205a608a5aa97ac279d7a5e6d89ad8","name":"Roberto","image":{"@type":"ImageObject","inLanguage":"pt-BR","@id":"https:\/\/secure.gravatar.com\/avatar\/42749d8b712ff9d59ca93dc150494e5b55a44134482993f5baeb97e61b7ecc89?s=96&d=mm&r=g","url":"https:\/\/secure.gravatar.com\/avatar\/42749d8b712ff9d59ca93dc150494e5b55a44134482993f5baeb97e61b7ecc89?s=96&d=mm&r=g","contentUrl":"https:\/\/secure.gravatar.com\/avatar\/42749d8b712ff9d59ca93dc150494e5b55a44134482993f5baeb97e61b7ecc89?s=96&d=mm&r=g","caption":"Roberto"},"url":"https:\/\/regiaonews.net.br\/2022\/author\/roberto\/"}]}},"publishpress_future_action":{"enabled":false,"date":"2026-05-03 21:00:18","action":"change-status","newStatus":"draft","terms":[],"taxonomy":"category","extraData":[]},"publishpress_future_workflow_manual_trigger":{"enabledWorkflows":[]},"_links":{"self":[{"href":"https:\/\/regiaonews.net.br\/2022\/wp-json\/wp\/v2\/posts\/43825","targetHints":{"allow":["GET"]}}],"collection":[{"href":"https:\/\/regiaonews.net.br\/2022\/wp-json\/wp\/v2\/posts"}],"about":[{"href":"https:\/\/regiaonews.net.br\/2022\/wp-json\/wp\/v2\/types\/post"}],"author":[{"embeddable":true,"href":"https:\/\/regiaonews.net.br\/2022\/wp-json\/wp\/v2\/users\/2"}],"replies":[{"embeddable":true,"href":"https:\/\/regiaonews.net.br\/2022\/wp-json\/wp\/v2\/comments?post=43825"}],"version-history":[{"count":0,"href":"https:\/\/regiaonews.net.br\/2022\/wp-json\/wp\/v2\/posts\/43825\/revisions"}],"wp:featuredmedia":[{"embeddable":true,"href":"https:\/\/regiaonews.net.br\/2022\/wp-json\/wp\/v2\/media\/37780"}],"wp:attachment":[{"href":"https:\/\/regiaonews.net.br\/2022\/wp-json\/wp\/v2\/media?parent=43825"}],"wp:term":[{"taxonomy":"category","embeddable":true,"href":"https:\/\/regiaonews.net.br\/2022\/wp-json\/wp\/v2\/categories?post=43825"},{"taxonomy":"post_tag","embeddable":true,"href":"https:\/\/regiaonews.net.br\/2022\/wp-json\/wp\/v2\/tags?post=43825"}],"curies":[{"name":"wp","href":"https:\/\/api.w.org\/{rel}","templated":true}]}}