{"id":43810,"date":"2021-03-08T18:00:45","date_gmt":"2021-03-08T21:00:45","guid":{"rendered":"https:\/\/regiaonews.net.br\/2022\/?p=43810"},"modified":"2021-03-08T18:00:45","modified_gmt":"2021-03-08T21:00:45","slug":"brasil-abre-cooperacao-com-israel-para-pesquisas-no-combate-a-covid-19","status":"publish","type":"post","link":"https:\/\/regiaonews.net.br\/2022\/2021\/03\/08\/brasil-abre-cooperacao-com-israel-para-pesquisas-no-combate-a-covid-19\/","title":{"rendered":"Brasil abre coopera\u00e7\u00e3o com Israel para pesquisas no combate \u00e0 covid-19"},"content":{"rendered":"<p><a href=\"https:\/\/regiaonews.net.br\/2022\/wp-content\/uploads\/2021\/03\/mre_israel.jpg\"><img loading=\"lazy\" decoding=\"async\" class=\"size-medium wp-image-43811\" src=\"https:\/\/regiaonews.net.br\/2022\/wp-content\/uploads\/2021\/03\/mre_israel-300x179.jpg\" alt=\"\" width=\"300\" height=\"179\" \/><\/a><\/p>\n<p>O governo federal e dirigentes do Instituto Weizman de Ci\u00eancia, de Israel, abriram coopera\u00e7\u00e3o para pesquisas para o combate \u00e0 covid-19. Pelo lado brasileiro, a coopera\u00e7\u00e3o acontece no \u00e2mbito da Rede V\u00edrus, do Minist\u00e9rio da Ci\u00eancia, Tecnologia e Inova\u00e7\u00f5es (MCTI), respons\u00e1vel pela articula\u00e7\u00e3o de laborat\u00f3rios de pesquisa e especialistas nos estudos sobre a doen\u00e7a.<img decoding=\"async\" src=\"https:\/\/agenciabrasil.ebc.com.br\/ebc.png?id=1403303&amp;o=node\" \/><img decoding=\"async\" src=\"https:\/\/agenciabrasil.ebc.com.br\/ebc.gif?id=1403303&amp;o=node\" \/><\/p>\n<p>De acordo com o ministro das Rela\u00e7\u00f5es Exteriores, Ernesto Ara\u00fajo, a parceria nessa \u00e1rea come\u00e7a no curt\u00edssimo prazo, e no longo prazo se estende a outras \u00e1reas, incluindo bioeconomia e meio ambiente. A coopera\u00e7\u00e3o envolver\u00e1 interc\u00e2mbio de pesquisadores e transfer\u00eancia de tecnologias.<\/p>\n<p>O representante do MCTI Marcelo Morales explicou que a troca acontecer\u00e1 com pesquisadores que iniciaram seus trabalhos em fevereiro de 2020, no in\u00edcio da pandemia do novo coronav\u00edrus (covid-19). \u201cVamos imediatamente ter reuni\u00e3o na \u00e1rea de vacinas, sequenciamento [gen\u00e9tico], novas drogas, e depois no longo prazo com troca de pesquisadores e tamb\u00e9m com outras \u00e1reas do conhecimento\u201d,\u00a0<a href=\"https:\/\/twitter.com\/ItamaratyGovBr\/status\/1368900443691220992\" target=\"_blank\" rel=\"noopener\">disse em v\u00eddeo publicado nas redes sociais do Itamaraty<\/a>.<\/p>\n<p>Morales integra a\u00a0<a href=\"https:\/\/agenciabrasil.ebc.com.br\/internacional\/noticia\/2021-03\/em-israel-ernesto-araujo-defende-parceria-tecnologica-contra-covid\" target=\"_blank\" rel=\"noopener\">comitiva chefiada por Ara\u00fajo que viajou a Israel no s\u00e1bado (6)<\/a>\u00a0para dar andamento \u00e0 coopera\u00e7\u00e3o cient\u00edfica e tecnol\u00f3gica e ao di\u00e1logo pol\u00edtico entre os dois pa\u00edses. Ontem (7), ele tamb\u00e9m\u00a0<a href=\"https:\/\/agenciabrasil.ebc.com.br\/internacional\/noticia\/2021-03\/em-israel-ernesto-araujo-defende-parceria-tecnologica-contra-covid\" target=\"_blank\" rel=\"noopener\">se reuniu com o chanceler israelense Gabi Ashkenazi<\/a>\u00a0e hoje deve se encontrar com o primeiro-ministro israelense, Benjamin Netanyahu.<\/p>\n<p>Tamb\u00e9m est\u00e3o previstos encontros com dirigentes de outros institutos de pesquisa, entre eles do Centro M\u00e9dico Sourasky (conhecido como Hospital Ichilov), que estuda a efic\u00e1cia do spray nasal EXO-CD 24 contra a covid-19. O interesse do Brasil pelo tratamento foi\u00a0<a href=\"https:\/\/agenciabrasil.ebc.com.br\/saude\/noticia\/2021-02\/brasil-deve-participar-de-testes-com-medicamento-spray-contra-covid-19\" target=\"_blank\" rel=\"noopener\">divulgado pelo presidente Jair Bolsonaro no m\u00eas passado<\/a>.<\/p>\n<p>A volta da delega\u00e7\u00e3o brasileira est\u00e1 prevista para quarta-feira (10).<\/p>\n<p>FONTE : Ag\u00eanciaBrasil<\/p>\n","protected":false},"excerpt":{"rendered":"<p>O governo federal e dirigentes do Instituto Weizman de Ci\u00eancia,<\/p>\n","protected":false},"author":2,"featured_media":43811,"comment_status":"open","ping_status":"open","sticky":false,"template":"","format":"standard","meta":{"footnotes":""},"categories":[24,25],"tags":[],"class_list":["post-43810","post","type-post","status-publish","format-standard","has-post-thumbnail","hentry","category-brasil","category-cidades"],"yoast_head":"<!-- This site is optimized with the Yoast SEO plugin v27.4 - https:\/\/yoast.com\/product\/yoast-seo-wordpress\/ -->\n<title>Brasil abre coopera\u00e7\u00e3o com Israel para pesquisas no combate \u00e0 covid-19 - Regi\u00e3o News<\/title>\n<meta name=\"robots\" content=\"index, follow, max-snippet:-1, max-image-preview:large, max-video-preview:-1\" \/>\n<link rel=\"canonical\" href=\"https:\/\/regiaonews.net.br\/2022\/2021\/03\/08\/brasil-abre-cooperacao-com-israel-para-pesquisas-no-combate-a-covid-19\/\" \/>\n<meta property=\"og:locale\" content=\"pt_BR\" \/>\n<meta property=\"og:type\" content=\"article\" \/>\n<meta property=\"og:title\" content=\"Brasil abre coopera\u00e7\u00e3o com Israel para pesquisas no combate \u00e0 covid-19 - Regi\u00e3o News\" \/>\n<meta property=\"og:description\" content=\"O governo federal e dirigentes do Instituto Weizman de Ci\u00eancia,\" \/>\n<meta property=\"og:url\" content=\"https:\/\/regiaonews.net.br\/2022\/2021\/03\/08\/brasil-abre-cooperacao-com-israel-para-pesquisas-no-combate-a-covid-19\/\" \/>\n<meta property=\"og:site_name\" content=\"Regi\u00e3o News\" \/>\n<meta property=\"article:published_time\" content=\"2021-03-08T21:00:45+00:00\" \/>\n<meta property=\"og:image\" content=\"https:\/\/regiaonews.net.br\/2022\/wp-content\/uploads\/2021\/03\/mre_israel.jpg\" \/>\n\t<meta property=\"og:image:width\" content=\"1170\" \/>\n\t<meta property=\"og:image:height\" content=\"700\" \/>\n\t<meta property=\"og:image:type\" content=\"image\/jpeg\" \/>\n<meta name=\"author\" content=\"Roberto\" \/>\n<meta name=\"twitter:card\" content=\"summary_large_image\" \/>\n<meta name=\"twitter:label1\" content=\"Escrito por\" \/>\n\t<meta name=\"twitter:data1\" content=\"Roberto\" \/>\n\t<meta name=\"twitter:label2\" content=\"Est. tempo de leitura\" \/>\n\t<meta name=\"twitter:data2\" content=\"2 minutos\" \/>\n<script type=\"application\/ld+json\" class=\"yoast-schema-graph\">{\"@context\":\"https:\\\/\\\/schema.org\",\"@graph\":[{\"@type\":\"Article\",\"@id\":\"https:\\\/\\\/regiaonews.net.br\\\/2022\\\/2021\\\/03\\\/08\\\/brasil-abre-cooperacao-com-israel-para-pesquisas-no-combate-a-covid-19\\\/#article\",\"isPartOf\":{\"@id\":\"https:\\\/\\\/regiaonews.net.br\\\/2022\\\/2021\\\/03\\\/08\\\/brasil-abre-cooperacao-com-israel-para-pesquisas-no-combate-a-covid-19\\\/\"},\"author\":{\"name\":\"Roberto\",\"@id\":\"https:\\\/\\\/regiaonews.net.br\\\/2022\\\/#\\\/schema\\\/person\\\/2d205a608a5aa97ac279d7a5e6d89ad8\"},\"headline\":\"Brasil abre coopera\u00e7\u00e3o com Israel para pesquisas no combate \u00e0 covid-19\",\"datePublished\":\"2021-03-08T21:00:45+00:00\",\"mainEntityOfPage\":{\"@id\":\"https:\\\/\\\/regiaonews.net.br\\\/2022\\\/2021\\\/03\\\/08\\\/brasil-abre-cooperacao-com-israel-para-pesquisas-no-combate-a-covid-19\\\/\"},\"wordCount\":319,\"commentCount\":0,\"publisher\":{\"@id\":\"https:\\\/\\\/regiaonews.net.br\\\/2022\\\/#organization\"},\"image\":{\"@id\":\"https:\\\/\\\/regiaonews.net.br\\\/2022\\\/2021\\\/03\\\/08\\\/brasil-abre-cooperacao-com-israel-para-pesquisas-no-combate-a-covid-19\\\/#primaryimage\"},\"thumbnailUrl\":\"https:\\\/\\\/regiaonews.net.br\\\/2022\\\/wp-content\\\/uploads\\\/2021\\\/03\\\/mre_israel.jpg\",\"articleSection\":[\"Brasil\",\"Cidades\"],\"inLanguage\":\"pt-BR\",\"potentialAction\":[{\"@type\":\"CommentAction\",\"name\":\"Comment\",\"target\":[\"https:\\\/\\\/regiaonews.net.br\\\/2022\\\/2021\\\/03\\\/08\\\/brasil-abre-cooperacao-com-israel-para-pesquisas-no-combate-a-covid-19\\\/#respond\"]}]},{\"@type\":\"WebPage\",\"@id\":\"https:\\\/\\\/regiaonews.net.br\\\/2022\\\/2021\\\/03\\\/08\\\/brasil-abre-cooperacao-com-israel-para-pesquisas-no-combate-a-covid-19\\\/\",\"url\":\"https:\\\/\\\/regiaonews.net.br\\\/2022\\\/2021\\\/03\\\/08\\\/brasil-abre-cooperacao-com-israel-para-pesquisas-no-combate-a-covid-19\\\/\",\"name\":\"Brasil abre coopera\u00e7\u00e3o com Israel para pesquisas no combate \u00e0 covid-19 - Regi\u00e3o News\",\"isPartOf\":{\"@id\":\"https:\\\/\\\/regiaonews.net.br\\\/2022\\\/#website\"},\"primaryImageOfPage\":{\"@id\":\"https:\\\/\\\/regiaonews.net.br\\\/2022\\\/2021\\\/03\\\/08\\\/brasil-abre-cooperacao-com-israel-para-pesquisas-no-combate-a-covid-19\\\/#primaryimage\"},\"image\":{\"@id\":\"https:\\\/\\\/regiaonews.net.br\\\/2022\\\/2021\\\/03\\\/08\\\/brasil-abre-cooperacao-com-israel-para-pesquisas-no-combate-a-covid-19\\\/#primaryimage\"},\"thumbnailUrl\":\"https:\\\/\\\/regiaonews.net.br\\\/2022\\\/wp-content\\\/uploads\\\/2021\\\/03\\\/mre_israel.jpg\",\"datePublished\":\"2021-03-08T21:00:45+00:00\",\"breadcrumb\":{\"@id\":\"https:\\\/\\\/regiaonews.net.br\\\/2022\\\/2021\\\/03\\\/08\\\/brasil-abre-cooperacao-com-israel-para-pesquisas-no-combate-a-covid-19\\\/#breadcrumb\"},\"inLanguage\":\"pt-BR\",\"potentialAction\":[{\"@type\":\"ReadAction\",\"target\":[\"https:\\\/\\\/regiaonews.net.br\\\/2022\\\/2021\\\/03\\\/08\\\/brasil-abre-cooperacao-com-israel-para-pesquisas-no-combate-a-covid-19\\\/\"]}]},{\"@type\":\"ImageObject\",\"inLanguage\":\"pt-BR\",\"@id\":\"https:\\\/\\\/regiaonews.net.br\\\/2022\\\/2021\\\/03\\\/08\\\/brasil-abre-cooperacao-com-israel-para-pesquisas-no-combate-a-covid-19\\\/#primaryimage\",\"url\":\"https:\\\/\\\/regiaonews.net.br\\\/2022\\\/wp-content\\\/uploads\\\/2021\\\/03\\\/mre_israel.jpg\",\"contentUrl\":\"https:\\\/\\\/regiaonews.net.br\\\/2022\\\/wp-content\\\/uploads\\\/2021\\\/03\\\/mre_israel.jpg\",\"width\":1170,\"height\":700,\"caption\":\"Na visita a Israel, a delega\u00e7\u00e3o brasileira liderada pelo Ministro Ernesto Ara\u00fajo, com participa\u00e7\u00e3o do @mctic e @minsaude , teve ontem reuni\u00e3o com o Presidente do Instituto Weizmann, um dos maiores institutos de pesquisa do mundo.\"},{\"@type\":\"BreadcrumbList\",\"@id\":\"https:\\\/\\\/regiaonews.net.br\\\/2022\\\/2021\\\/03\\\/08\\\/brasil-abre-cooperacao-com-israel-para-pesquisas-no-combate-a-covid-19\\\/#breadcrumb\",\"itemListElement\":[{\"@type\":\"ListItem\",\"position\":1,\"name\":\"In\u00edcio\",\"item\":\"https:\\\/\\\/regiaonews.net.br\\\/2022\\\/\"},{\"@type\":\"ListItem\",\"position\":2,\"name\":\"Brasil abre coopera\u00e7\u00e3o com Israel para pesquisas no combate \u00e0 covid-19\"}]},{\"@type\":\"WebSite\",\"@id\":\"https:\\\/\\\/regiaonews.net.br\\\/2022\\\/#website\",\"url\":\"https:\\\/\\\/regiaonews.net.br\\\/2022\\\/\",\"name\":\"Regi\u00e3o News\",\"description\":\"Site de Not\u00edcias de Barretos e regi\u00e3o\",\"publisher\":{\"@id\":\"https:\\\/\\\/regiaonews.net.br\\\/2022\\\/#organization\"},\"potentialAction\":[{\"@type\":\"SearchAction\",\"target\":{\"@type\":\"EntryPoint\",\"urlTemplate\":\"https:\\\/\\\/regiaonews.net.br\\\/2022\\\/?s={search_term_string}\"},\"query-input\":{\"@type\":\"PropertyValueSpecification\",\"valueRequired\":true,\"valueName\":\"search_term_string\"}}],\"inLanguage\":\"pt-BR\"},{\"@type\":\"Organization\",\"@id\":\"https:\\\/\\\/regiaonews.net.br\\\/2022\\\/#organization\",\"name\":\"Regi\u00e3o News\",\"url\":\"https:\\\/\\\/regiaonews.net.br\\\/2022\\\/\",\"logo\":{\"@type\":\"ImageObject\",\"inLanguage\":\"pt-BR\",\"@id\":\"https:\\\/\\\/regiaonews.net.br\\\/2022\\\/#\\\/schema\\\/logo\\\/image\\\/\",\"url\":\"https:\\\/\\\/regiaonews.net.br\\\/2022\\\/wp-content\\\/uploads\\\/2026\\\/03\\\/regiao-13-anos-scaled.jpg\",\"contentUrl\":\"https:\\\/\\\/regiaonews.net.br\\\/2022\\\/wp-content\\\/uploads\\\/2026\\\/03\\\/regiao-13-anos-scaled.jpg\",\"width\":2560,\"height\":635,\"caption\":\"Regi\u00e3o News\"},\"image\":{\"@id\":\"https:\\\/\\\/regiaonews.net.br\\\/2022\\\/#\\\/schema\\\/logo\\\/image\\\/\"}},{\"@type\":\"Person\",\"@id\":\"https:\\\/\\\/regiaonews.net.br\\\/2022\\\/#\\\/schema\\\/person\\\/2d205a608a5aa97ac279d7a5e6d89ad8\",\"name\":\"Roberto\",\"image\":{\"@type\":\"ImageObject\",\"inLanguage\":\"pt-BR\",\"@id\":\"https:\\\/\\\/secure.gravatar.com\\\/avatar\\\/42749d8b712ff9d59ca93dc150494e5b55a44134482993f5baeb97e61b7ecc89?s=96&d=mm&r=g\",\"url\":\"https:\\\/\\\/secure.gravatar.com\\\/avatar\\\/42749d8b712ff9d59ca93dc150494e5b55a44134482993f5baeb97e61b7ecc89?s=96&d=mm&r=g\",\"contentUrl\":\"https:\\\/\\\/secure.gravatar.com\\\/avatar\\\/42749d8b712ff9d59ca93dc150494e5b55a44134482993f5baeb97e61b7ecc89?s=96&d=mm&r=g\",\"caption\":\"Roberto\"},\"url\":\"https:\\\/\\\/regiaonews.net.br\\\/2022\\\/author\\\/roberto\\\/\"}]}<\/script>\n<!-- \/ Yoast SEO plugin. -->","yoast_head_json":{"title":"Brasil abre coopera\u00e7\u00e3o com Israel para pesquisas no combate \u00e0 covid-19 - Regi\u00e3o News","robots":{"index":"index","follow":"follow","max-snippet":"max-snippet:-1","max-image-preview":"max-image-preview:large","max-video-preview":"max-video-preview:-1"},"canonical":"https:\/\/regiaonews.net.br\/2022\/2021\/03\/08\/brasil-abre-cooperacao-com-israel-para-pesquisas-no-combate-a-covid-19\/","og_locale":"pt_BR","og_type":"article","og_title":"Brasil abre coopera\u00e7\u00e3o com Israel para pesquisas no combate \u00e0 covid-19 - Regi\u00e3o News","og_description":"O governo federal e dirigentes do Instituto Weizman de Ci\u00eancia,","og_url":"https:\/\/regiaonews.net.br\/2022\/2021\/03\/08\/brasil-abre-cooperacao-com-israel-para-pesquisas-no-combate-a-covid-19\/","og_site_name":"Regi\u00e3o News","article_published_time":"2021-03-08T21:00:45+00:00","og_image":[{"width":1170,"height":700,"url":"https:\/\/regiaonews.net.br\/2022\/wp-content\/uploads\/2021\/03\/mre_israel.jpg","type":"image\/jpeg"}],"author":"Roberto","twitter_card":"summary_large_image","twitter_misc":{"Escrito por":"Roberto","Est. tempo de leitura":"2 minutos"},"schema":{"@context":"https:\/\/schema.org","@graph":[{"@type":"Article","@id":"https:\/\/regiaonews.net.br\/2022\/2021\/03\/08\/brasil-abre-cooperacao-com-israel-para-pesquisas-no-combate-a-covid-19\/#article","isPartOf":{"@id":"https:\/\/regiaonews.net.br\/2022\/2021\/03\/08\/brasil-abre-cooperacao-com-israel-para-pesquisas-no-combate-a-covid-19\/"},"author":{"name":"Roberto","@id":"https:\/\/regiaonews.net.br\/2022\/#\/schema\/person\/2d205a608a5aa97ac279d7a5e6d89ad8"},"headline":"Brasil abre coopera\u00e7\u00e3o com Israel para pesquisas no combate \u00e0 covid-19","datePublished":"2021-03-08T21:00:45+00:00","mainEntityOfPage":{"@id":"https:\/\/regiaonews.net.br\/2022\/2021\/03\/08\/brasil-abre-cooperacao-com-israel-para-pesquisas-no-combate-a-covid-19\/"},"wordCount":319,"commentCount":0,"publisher":{"@id":"https:\/\/regiaonews.net.br\/2022\/#organization"},"image":{"@id":"https:\/\/regiaonews.net.br\/2022\/2021\/03\/08\/brasil-abre-cooperacao-com-israel-para-pesquisas-no-combate-a-covid-19\/#primaryimage"},"thumbnailUrl":"https:\/\/regiaonews.net.br\/2022\/wp-content\/uploads\/2021\/03\/mre_israel.jpg","articleSection":["Brasil","Cidades"],"inLanguage":"pt-BR","potentialAction":[{"@type":"CommentAction","name":"Comment","target":["https:\/\/regiaonews.net.br\/2022\/2021\/03\/08\/brasil-abre-cooperacao-com-israel-para-pesquisas-no-combate-a-covid-19\/#respond"]}]},{"@type":"WebPage","@id":"https:\/\/regiaonews.net.br\/2022\/2021\/03\/08\/brasil-abre-cooperacao-com-israel-para-pesquisas-no-combate-a-covid-19\/","url":"https:\/\/regiaonews.net.br\/2022\/2021\/03\/08\/brasil-abre-cooperacao-com-israel-para-pesquisas-no-combate-a-covid-19\/","name":"Brasil abre coopera\u00e7\u00e3o com Israel para pesquisas no combate \u00e0 covid-19 - Regi\u00e3o News","isPartOf":{"@id":"https:\/\/regiaonews.net.br\/2022\/#website"},"primaryImageOfPage":{"@id":"https:\/\/regiaonews.net.br\/2022\/2021\/03\/08\/brasil-abre-cooperacao-com-israel-para-pesquisas-no-combate-a-covid-19\/#primaryimage"},"image":{"@id":"https:\/\/regiaonews.net.br\/2022\/2021\/03\/08\/brasil-abre-cooperacao-com-israel-para-pesquisas-no-combate-a-covid-19\/#primaryimage"},"thumbnailUrl":"https:\/\/regiaonews.net.br\/2022\/wp-content\/uploads\/2021\/03\/mre_israel.jpg","datePublished":"2021-03-08T21:00:45+00:00","breadcrumb":{"@id":"https:\/\/regiaonews.net.br\/2022\/2021\/03\/08\/brasil-abre-cooperacao-com-israel-para-pesquisas-no-combate-a-covid-19\/#breadcrumb"},"inLanguage":"pt-BR","potentialAction":[{"@type":"ReadAction","target":["https:\/\/regiaonews.net.br\/2022\/2021\/03\/08\/brasil-abre-cooperacao-com-israel-para-pesquisas-no-combate-a-covid-19\/"]}]},{"@type":"ImageObject","inLanguage":"pt-BR","@id":"https:\/\/regiaonews.net.br\/2022\/2021\/03\/08\/brasil-abre-cooperacao-com-israel-para-pesquisas-no-combate-a-covid-19\/#primaryimage","url":"https:\/\/regiaonews.net.br\/2022\/wp-content\/uploads\/2021\/03\/mre_israel.jpg","contentUrl":"https:\/\/regiaonews.net.br\/2022\/wp-content\/uploads\/2021\/03\/mre_israel.jpg","width":1170,"height":700,"caption":"Na visita a Israel, a delega\u00e7\u00e3o brasileira liderada pelo Ministro Ernesto Ara\u00fajo, com participa\u00e7\u00e3o do @mctic e @minsaude , teve ontem reuni\u00e3o com o Presidente do Instituto Weizmann, um dos maiores institutos de pesquisa do mundo."},{"@type":"BreadcrumbList","@id":"https:\/\/regiaonews.net.br\/2022\/2021\/03\/08\/brasil-abre-cooperacao-com-israel-para-pesquisas-no-combate-a-covid-19\/#breadcrumb","itemListElement":[{"@type":"ListItem","position":1,"name":"In\u00edcio","item":"https:\/\/regiaonews.net.br\/2022\/"},{"@type":"ListItem","position":2,"name":"Brasil abre coopera\u00e7\u00e3o com Israel para pesquisas no combate \u00e0 covid-19"}]},{"@type":"WebSite","@id":"https:\/\/regiaonews.net.br\/2022\/#website","url":"https:\/\/regiaonews.net.br\/2022\/","name":"Regi\u00e3o News","description":"Site de Not\u00edcias de Barretos e regi\u00e3o","publisher":{"@id":"https:\/\/regiaonews.net.br\/2022\/#organization"},"potentialAction":[{"@type":"SearchAction","target":{"@type":"EntryPoint","urlTemplate":"https:\/\/regiaonews.net.br\/2022\/?s={search_term_string}"},"query-input":{"@type":"PropertyValueSpecification","valueRequired":true,"valueName":"search_term_string"}}],"inLanguage":"pt-BR"},{"@type":"Organization","@id":"https:\/\/regiaonews.net.br\/2022\/#organization","name":"Regi\u00e3o News","url":"https:\/\/regiaonews.net.br\/2022\/","logo":{"@type":"ImageObject","inLanguage":"pt-BR","@id":"https:\/\/regiaonews.net.br\/2022\/#\/schema\/logo\/image\/","url":"https:\/\/regiaonews.net.br\/2022\/wp-content\/uploads\/2026\/03\/regiao-13-anos-scaled.jpg","contentUrl":"https:\/\/regiaonews.net.br\/2022\/wp-content\/uploads\/2026\/03\/regiao-13-anos-scaled.jpg","width":2560,"height":635,"caption":"Regi\u00e3o News"},"image":{"@id":"https:\/\/regiaonews.net.br\/2022\/#\/schema\/logo\/image\/"}},{"@type":"Person","@id":"https:\/\/regiaonews.net.br\/2022\/#\/schema\/person\/2d205a608a5aa97ac279d7a5e6d89ad8","name":"Roberto","image":{"@type":"ImageObject","inLanguage":"pt-BR","@id":"https:\/\/secure.gravatar.com\/avatar\/42749d8b712ff9d59ca93dc150494e5b55a44134482993f5baeb97e61b7ecc89?s=96&d=mm&r=g","url":"https:\/\/secure.gravatar.com\/avatar\/42749d8b712ff9d59ca93dc150494e5b55a44134482993f5baeb97e61b7ecc89?s=96&d=mm&r=g","contentUrl":"https:\/\/secure.gravatar.com\/avatar\/42749d8b712ff9d59ca93dc150494e5b55a44134482993f5baeb97e61b7ecc89?s=96&d=mm&r=g","caption":"Roberto"},"url":"https:\/\/regiaonews.net.br\/2022\/author\/roberto\/"}]}},"publishpress_future_action":{"enabled":false,"date":"2026-05-03 22:38:43","action":"change-status","newStatus":"draft","terms":[],"taxonomy":"category","extraData":[]},"publishpress_future_workflow_manual_trigger":{"enabledWorkflows":[]},"_links":{"self":[{"href":"https:\/\/regiaonews.net.br\/2022\/wp-json\/wp\/v2\/posts\/43810","targetHints":{"allow":["GET"]}}],"collection":[{"href":"https:\/\/regiaonews.net.br\/2022\/wp-json\/wp\/v2\/posts"}],"about":[{"href":"https:\/\/regiaonews.net.br\/2022\/wp-json\/wp\/v2\/types\/post"}],"author":[{"embeddable":true,"href":"https:\/\/regiaonews.net.br\/2022\/wp-json\/wp\/v2\/users\/2"}],"replies":[{"embeddable":true,"href":"https:\/\/regiaonews.net.br\/2022\/wp-json\/wp\/v2\/comments?post=43810"}],"version-history":[{"count":0,"href":"https:\/\/regiaonews.net.br\/2022\/wp-json\/wp\/v2\/posts\/43810\/revisions"}],"wp:featuredmedia":[{"embeddable":true,"href":"https:\/\/regiaonews.net.br\/2022\/wp-json\/wp\/v2\/media\/43811"}],"wp:attachment":[{"href":"https:\/\/regiaonews.net.br\/2022\/wp-json\/wp\/v2\/media?parent=43810"}],"wp:term":[{"taxonomy":"category","embeddable":true,"href":"https:\/\/regiaonews.net.br\/2022\/wp-json\/wp\/v2\/categories?post=43810"},{"taxonomy":"post_tag","embeddable":true,"href":"https:\/\/regiaonews.net.br\/2022\/wp-json\/wp\/v2\/tags?post=43810"}],"curies":[{"name":"wp","href":"https:\/\/api.w.org\/{rel}","templated":true}]}}