{"id":43752,"date":"2021-03-05T14:28:51","date_gmt":"2021-03-05T17:28:51","guid":{"rendered":"https:\/\/regiaonews.net.br\/2022\/?p=43752"},"modified":"2021-03-05T14:33:40","modified_gmt":"2021-03-05T17:33:40","slug":"vai-ter-paciente-no-corredor-diz-secretario-da-saude-de-sp","status":"publish","type":"post","link":"https:\/\/regiaonews.net.br\/2022\/2021\/03\/05\/vai-ter-paciente-no-corredor-diz-secretario-da-saude-de-sp\/","title":{"rendered":"Vai ter paciente no corredor&#8217;, diz secret\u00e1rio da Sa\u00fade de SP"},"content":{"rendered":"<p><a href=\"https:\/\/regiaonews.net.br\/2022\/wp-content\/uploads\/2021\/03\/fup20210118241.jpg\"><img loading=\"lazy\" decoding=\"async\" class=\"alignnone size-medium wp-image-43753\" src=\"https:\/\/regiaonews.net.br\/2022\/wp-content\/uploads\/2021\/03\/fup20210118241-300x200.jpg\" alt=\"\" width=\"300\" height=\"200\" \/><\/a><\/p>\n<p>O secret\u00e1rio da Sa\u00fade de\u00a0<a href=\"https:\/\/g1.globo.com\/sp\/sao-paulo\/\">S\u00e3o Paulo<\/a>, Jean Gorinchteyn, anunciou nesta sexta-feira (5) uma \u201copera\u00e7\u00e3o de guerra\u201d no sistema de sa\u00fade para acolher pacientes com\u00a0<a href=\"https:\/\/g1.globo.com\/bemestar\/coronavirus\/\">Covid-19\u00a0<\/a>no estado. O governador\u00a0<a href=\"https:\/\/g1.globo.com\/politica\/politico\/joao-doria\/\">Jo\u00e3o Doria\u00a0<\/a>(PSDB) anunciou ainda a cria\u00e7\u00e3o de um novo hospital de campanha, que deve ser detalhada na pr\u00f3xima segunda-feira (8).<\/p>\n<p>\u201c<\/p>\n<p class=\"content-head__subtitle\">&#8216;N\u00f3s precisamos de ajuda, porque estamos em guerra&#8217;, disse Jean Gorinchteyn nesta sexta-feira (5), em coletiva na qual governador Jo\u00e3o Doria anunciou cria\u00e7\u00e3o de novo hospital de campanha. Estado de SP bateu recorde de ocupa\u00e7\u00e3o de UTIs, de mortes por coronav\u00edrus em 24h e de pacientes internados com Covid-19 nesta semana.<\/p>\n<p>N\u00f3s vamos continuar abrindo leitos dentro dos hospitais. Abriremos em qualquer lugar desses hospitais: seja nos anfiteatros, seja nos ambulat\u00f3rios, seja nos corredores. Ah, paciente no corredor?\u00a0<span class=\"highlight highlighted\">Vai ter paciente no corredor, o que n\u00f3s n\u00e3o queremos \u00e9 paciente desassistido<\/span>\u201d, disse Gorinchteyn.<\/p>\n<div class=\"mc-column content-text active-extra-styles \" data-block-type=\"unstyled\" data-block-weight=\"54\" data-block-id=\"6\">\n<p class=\"content-text__container \" data-track-category=\"Link no Texto\" data-track-links=\"\">Durante a coletiva de imprensa, o secret\u00e1rio apresentou ainda os indicadores de sa\u00fade do estado, que teve\u00a0<a href=\"https:\/\/g1.globo.com\/sp\/sao-paulo\/noticia\/2021\/03\/02\/estado-de-sp-tem-468-mortes-por-covid-19-em-24h-maior-numero-desde-o-inicio-da-pandemia-e-ultrapassa-marca-de-60-mil-obitos.ghtml\">recorde de mortes por Covid-19<\/a>\u00a0em 24h nesta semana, al\u00e9m do\u00a0<a href=\"https:\/\/g1.globo.com\/sp\/sao-paulo\/noticia\/2021\/03\/04\/ocupacao-de-utis-no-estado-de-sp-bate-recorde-e-chega-a-791percent-numero-de-internados-com-covid-e-o-maior-da-pandemia-pelo-3o-dia.ghtml\">maior \u00edndice de ocupa\u00e7\u00e3o de UTIs desde o in\u00edcio da pandemia<\/a>\u00a0e tamb\u00e9m o\u00a0<a href=\"https:\/\/g1.globo.com\/sp\/sao-paulo\/noticia\/2021\/03\/03\/estado-de-sp-bate-recorde-de-internados-com-covid-19-pelo-2o-dia-seguido-e-tem-mais-de-17-mil-pessoas-em-utis-e-enfermarias.ghtml\">maior total de pacientes internados<\/a>\u00a0com confirma\u00e7\u00e3o ou suspeita da doen\u00e7a.<\/p>\n<\/div>\n<div class=\"content-ads content-ads--reveal\" data-block-type=\"ads\" data-block-id=\"7\"><\/div>\n<div class=\"mc-column content-text active-extra-styles \" data-block-type=\"unstyled\" data-block-weight=\"22\" data-block-id=\"8\">\n<p class=\"content-text__container \" data-track-category=\"Link no Texto\" data-track-links=\"\">O secret\u00e1rio pediu ajuda aos conselhos regionais de profissionais de sa\u00fade para que volunt\u00e1rios possam auxiliar no atendimento da linha de frente.<\/p>\n<\/div>\n<div class=\"mc-column content-text active-extra-styles\" data-block-type=\"raw\" data-block-weight=\"40\" data-block-id=\"9\">\n<blockquote class=\"content-blockquote theme-border-color-primary-before\"><p>\u201cN\u00f3s precisamos agora do apoio dos conselhos regionais de classe: do Conselho Regional de Medicina, do Conselho Regional de Fisioterapia, do Conselho Regional de Enfermagem, para que nos ajudem com volunt\u00e1rios.\u00a0<span class=\"highlight highlighted\">N\u00f3s precisamos de ajuda. Porque estamos em guerra<\/span>\u201d, afirmou.<\/p><\/blockquote>\n<blockquote><p>Fonte : G1<\/p><\/blockquote>\n<p>&nbsp;<\/p>\n<\/div>\n<div class=\"block-podcast\"><\/div>\n","protected":false},"excerpt":{"rendered":"<p>O secret\u00e1rio da Sa\u00fade de\u00a0S\u00e3o Paulo, Jean Gorinchteyn, anunciou nesta<\/p>\n","protected":false},"author":2,"featured_media":43753,"comment_status":"open","ping_status":"open","sticky":false,"template":"","format":"standard","meta":{"footnotes":""},"categories":[7],"tags":[],"class_list":["post-43752","post","type-post","status-publish","format-standard","has-post-thumbnail","hentry","category-estado-de-sao-paulo"],"yoast_head":"<!-- This site is optimized with the Yoast SEO plugin v27.4 - https:\/\/yoast.com\/product\/yoast-seo-wordpress\/ -->\n<title>Vai ter paciente no corredor&#039;, diz secret\u00e1rio da Sa\u00fade de SP - Regi\u00e3o News<\/title>\n<meta name=\"robots\" content=\"index, follow, max-snippet:-1, max-image-preview:large, max-video-preview:-1\" \/>\n<link rel=\"canonical\" href=\"https:\/\/regiaonews.net.br\/2022\/2021\/03\/05\/vai-ter-paciente-no-corredor-diz-secretario-da-saude-de-sp\/\" \/>\n<meta property=\"og:locale\" content=\"pt_BR\" \/>\n<meta property=\"og:type\" content=\"article\" \/>\n<meta property=\"og:title\" content=\"Vai ter paciente no corredor&#039;, diz secret\u00e1rio da Sa\u00fade de SP - Regi\u00e3o News\" \/>\n<meta property=\"og:description\" content=\"O secret\u00e1rio da Sa\u00fade de\u00a0S\u00e3o Paulo, Jean Gorinchteyn, anunciou nesta\" \/>\n<meta property=\"og:url\" content=\"https:\/\/regiaonews.net.br\/2022\/2021\/03\/05\/vai-ter-paciente-no-corredor-diz-secretario-da-saude-de-sp\/\" \/>\n<meta property=\"og:site_name\" content=\"Regi\u00e3o News\" \/>\n<meta property=\"article:published_time\" content=\"2021-03-05T17:28:51+00:00\" \/>\n<meta property=\"article:modified_time\" content=\"2021-03-05T17:33:40+00:00\" \/>\n<meta property=\"og:image\" content=\"https:\/\/regiaonews.net.br\/2022\/wp-content\/uploads\/2021\/03\/fup20210118241.jpg\" \/>\n\t<meta property=\"og:image:width\" content=\"984\" \/>\n\t<meta property=\"og:image:height\" content=\"656\" \/>\n\t<meta property=\"og:image:type\" content=\"image\/jpeg\" \/>\n<meta name=\"author\" content=\"Roberto\" \/>\n<meta name=\"twitter:card\" content=\"summary_large_image\" \/>\n<meta name=\"twitter:label1\" content=\"Escrito por\" \/>\n\t<meta name=\"twitter:data1\" content=\"Roberto\" \/>\n\t<meta name=\"twitter:label2\" content=\"Est. tempo de leitura\" \/>\n\t<meta name=\"twitter:data2\" content=\"1 minuto\" \/>\n<script type=\"application\/ld+json\" class=\"yoast-schema-graph\">{\"@context\":\"https:\\\/\\\/schema.org\",\"@graph\":[{\"@type\":\"Article\",\"@id\":\"https:\\\/\\\/regiaonews.net.br\\\/2022\\\/2021\\\/03\\\/05\\\/vai-ter-paciente-no-corredor-diz-secretario-da-saude-de-sp\\\/#article\",\"isPartOf\":{\"@id\":\"https:\\\/\\\/regiaonews.net.br\\\/2022\\\/2021\\\/03\\\/05\\\/vai-ter-paciente-no-corredor-diz-secretario-da-saude-de-sp\\\/\"},\"author\":{\"name\":\"Roberto\",\"@id\":\"https:\\\/\\\/regiaonews.net.br\\\/2022\\\/#\\\/schema\\\/person\\\/2d205a608a5aa97ac279d7a5e6d89ad8\"},\"headline\":\"Vai ter paciente no corredor&#8217;, diz secret\u00e1rio da Sa\u00fade de SP\",\"datePublished\":\"2021-03-05T17:28:51+00:00\",\"dateModified\":\"2021-03-05T17:33:40+00:00\",\"mainEntityOfPage\":{\"@id\":\"https:\\\/\\\/regiaonews.net.br\\\/2022\\\/2021\\\/03\\\/05\\\/vai-ter-paciente-no-corredor-diz-secretario-da-saude-de-sp\\\/\"},\"wordCount\":302,\"commentCount\":0,\"publisher\":{\"@id\":\"https:\\\/\\\/regiaonews.net.br\\\/2022\\\/#organization\"},\"image\":{\"@id\":\"https:\\\/\\\/regiaonews.net.br\\\/2022\\\/2021\\\/03\\\/05\\\/vai-ter-paciente-no-corredor-diz-secretario-da-saude-de-sp\\\/#primaryimage\"},\"thumbnailUrl\":\"https:\\\/\\\/regiaonews.net.br\\\/2022\\\/wp-content\\\/uploads\\\/2021\\\/03\\\/fup20210118241.jpg\",\"articleSection\":[\"Estado de S\u00e3o Paulo\"],\"inLanguage\":\"pt-BR\",\"potentialAction\":[{\"@type\":\"CommentAction\",\"name\":\"Comment\",\"target\":[\"https:\\\/\\\/regiaonews.net.br\\\/2022\\\/2021\\\/03\\\/05\\\/vai-ter-paciente-no-corredor-diz-secretario-da-saude-de-sp\\\/#respond\"]}]},{\"@type\":\"WebPage\",\"@id\":\"https:\\\/\\\/regiaonews.net.br\\\/2022\\\/2021\\\/03\\\/05\\\/vai-ter-paciente-no-corredor-diz-secretario-da-saude-de-sp\\\/\",\"url\":\"https:\\\/\\\/regiaonews.net.br\\\/2022\\\/2021\\\/03\\\/05\\\/vai-ter-paciente-no-corredor-diz-secretario-da-saude-de-sp\\\/\",\"name\":\"Vai ter paciente no corredor', diz secret\u00e1rio da Sa\u00fade de SP - Regi\u00e3o News\",\"isPartOf\":{\"@id\":\"https:\\\/\\\/regiaonews.net.br\\\/2022\\\/#website\"},\"primaryImageOfPage\":{\"@id\":\"https:\\\/\\\/regiaonews.net.br\\\/2022\\\/2021\\\/03\\\/05\\\/vai-ter-paciente-no-corredor-diz-secretario-da-saude-de-sp\\\/#primaryimage\"},\"image\":{\"@id\":\"https:\\\/\\\/regiaonews.net.br\\\/2022\\\/2021\\\/03\\\/05\\\/vai-ter-paciente-no-corredor-diz-secretario-da-saude-de-sp\\\/#primaryimage\"},\"thumbnailUrl\":\"https:\\\/\\\/regiaonews.net.br\\\/2022\\\/wp-content\\\/uploads\\\/2021\\\/03\\\/fup20210118241.jpg\",\"datePublished\":\"2021-03-05T17:28:51+00:00\",\"dateModified\":\"2021-03-05T17:33:40+00:00\",\"breadcrumb\":{\"@id\":\"https:\\\/\\\/regiaonews.net.br\\\/2022\\\/2021\\\/03\\\/05\\\/vai-ter-paciente-no-corredor-diz-secretario-da-saude-de-sp\\\/#breadcrumb\"},\"inLanguage\":\"pt-BR\",\"potentialAction\":[{\"@type\":\"ReadAction\",\"target\":[\"https:\\\/\\\/regiaonews.net.br\\\/2022\\\/2021\\\/03\\\/05\\\/vai-ter-paciente-no-corredor-diz-secretario-da-saude-de-sp\\\/\"]}]},{\"@type\":\"ImageObject\",\"inLanguage\":\"pt-BR\",\"@id\":\"https:\\\/\\\/regiaonews.net.br\\\/2022\\\/2021\\\/03\\\/05\\\/vai-ter-paciente-no-corredor-diz-secretario-da-saude-de-sp\\\/#primaryimage\",\"url\":\"https:\\\/\\\/regiaonews.net.br\\\/2022\\\/wp-content\\\/uploads\\\/2021\\\/03\\\/fup20210118241.jpg\",\"contentUrl\":\"https:\\\/\\\/regiaonews.net.br\\\/2022\\\/wp-content\\\/uploads\\\/2021\\\/03\\\/fup20210118241.jpg\",\"width\":984,\"height\":656},{\"@type\":\"BreadcrumbList\",\"@id\":\"https:\\\/\\\/regiaonews.net.br\\\/2022\\\/2021\\\/03\\\/05\\\/vai-ter-paciente-no-corredor-diz-secretario-da-saude-de-sp\\\/#breadcrumb\",\"itemListElement\":[{\"@type\":\"ListItem\",\"position\":1,\"name\":\"In\u00edcio\",\"item\":\"https:\\\/\\\/regiaonews.net.br\\\/2022\\\/\"},{\"@type\":\"ListItem\",\"position\":2,\"name\":\"Vai ter paciente no corredor&#8217;, diz secret\u00e1rio da Sa\u00fade de SP\"}]},{\"@type\":\"WebSite\",\"@id\":\"https:\\\/\\\/regiaonews.net.br\\\/2022\\\/#website\",\"url\":\"https:\\\/\\\/regiaonews.net.br\\\/2022\\\/\",\"name\":\"Regi\u00e3o News\",\"description\":\"Site de Not\u00edcias de Barretos e regi\u00e3o\",\"publisher\":{\"@id\":\"https:\\\/\\\/regiaonews.net.br\\\/2022\\\/#organization\"},\"potentialAction\":[{\"@type\":\"SearchAction\",\"target\":{\"@type\":\"EntryPoint\",\"urlTemplate\":\"https:\\\/\\\/regiaonews.net.br\\\/2022\\\/?s={search_term_string}\"},\"query-input\":{\"@type\":\"PropertyValueSpecification\",\"valueRequired\":true,\"valueName\":\"search_term_string\"}}],\"inLanguage\":\"pt-BR\"},{\"@type\":\"Organization\",\"@id\":\"https:\\\/\\\/regiaonews.net.br\\\/2022\\\/#organization\",\"name\":\"Regi\u00e3o News\",\"url\":\"https:\\\/\\\/regiaonews.net.br\\\/2022\\\/\",\"logo\":{\"@type\":\"ImageObject\",\"inLanguage\":\"pt-BR\",\"@id\":\"https:\\\/\\\/regiaonews.net.br\\\/2022\\\/#\\\/schema\\\/logo\\\/image\\\/\",\"url\":\"https:\\\/\\\/regiaonews.net.br\\\/2022\\\/wp-content\\\/uploads\\\/2026\\\/03\\\/regiao-13-anos-scaled.jpg\",\"contentUrl\":\"https:\\\/\\\/regiaonews.net.br\\\/2022\\\/wp-content\\\/uploads\\\/2026\\\/03\\\/regiao-13-anos-scaled.jpg\",\"width\":2560,\"height\":635,\"caption\":\"Regi\u00e3o News\"},\"image\":{\"@id\":\"https:\\\/\\\/regiaonews.net.br\\\/2022\\\/#\\\/schema\\\/logo\\\/image\\\/\"}},{\"@type\":\"Person\",\"@id\":\"https:\\\/\\\/regiaonews.net.br\\\/2022\\\/#\\\/schema\\\/person\\\/2d205a608a5aa97ac279d7a5e6d89ad8\",\"name\":\"Roberto\",\"image\":{\"@type\":\"ImageObject\",\"inLanguage\":\"pt-BR\",\"@id\":\"https:\\\/\\\/secure.gravatar.com\\\/avatar\\\/42749d8b712ff9d59ca93dc150494e5b55a44134482993f5baeb97e61b7ecc89?s=96&d=mm&r=g\",\"url\":\"https:\\\/\\\/secure.gravatar.com\\\/avatar\\\/42749d8b712ff9d59ca93dc150494e5b55a44134482993f5baeb97e61b7ecc89?s=96&d=mm&r=g\",\"contentUrl\":\"https:\\\/\\\/secure.gravatar.com\\\/avatar\\\/42749d8b712ff9d59ca93dc150494e5b55a44134482993f5baeb97e61b7ecc89?s=96&d=mm&r=g\",\"caption\":\"Roberto\"},\"url\":\"https:\\\/\\\/regiaonews.net.br\\\/2022\\\/author\\\/roberto\\\/\"}]}<\/script>\n<!-- \/ Yoast SEO plugin. -->","yoast_head_json":{"title":"Vai ter paciente no corredor', diz secret\u00e1rio da Sa\u00fade de SP - Regi\u00e3o News","robots":{"index":"index","follow":"follow","max-snippet":"max-snippet:-1","max-image-preview":"max-image-preview:large","max-video-preview":"max-video-preview:-1"},"canonical":"https:\/\/regiaonews.net.br\/2022\/2021\/03\/05\/vai-ter-paciente-no-corredor-diz-secretario-da-saude-de-sp\/","og_locale":"pt_BR","og_type":"article","og_title":"Vai ter paciente no corredor', diz secret\u00e1rio da Sa\u00fade de SP - Regi\u00e3o News","og_description":"O secret\u00e1rio da Sa\u00fade de\u00a0S\u00e3o Paulo, Jean Gorinchteyn, anunciou nesta","og_url":"https:\/\/regiaonews.net.br\/2022\/2021\/03\/05\/vai-ter-paciente-no-corredor-diz-secretario-da-saude-de-sp\/","og_site_name":"Regi\u00e3o News","article_published_time":"2021-03-05T17:28:51+00:00","article_modified_time":"2021-03-05T17:33:40+00:00","og_image":[{"width":984,"height":656,"url":"https:\/\/regiaonews.net.br\/2022\/wp-content\/uploads\/2021\/03\/fup20210118241.jpg","type":"image\/jpeg"}],"author":"Roberto","twitter_card":"summary_large_image","twitter_misc":{"Escrito por":"Roberto","Est. tempo de leitura":"1 minuto"},"schema":{"@context":"https:\/\/schema.org","@graph":[{"@type":"Article","@id":"https:\/\/regiaonews.net.br\/2022\/2021\/03\/05\/vai-ter-paciente-no-corredor-diz-secretario-da-saude-de-sp\/#article","isPartOf":{"@id":"https:\/\/regiaonews.net.br\/2022\/2021\/03\/05\/vai-ter-paciente-no-corredor-diz-secretario-da-saude-de-sp\/"},"author":{"name":"Roberto","@id":"https:\/\/regiaonews.net.br\/2022\/#\/schema\/person\/2d205a608a5aa97ac279d7a5e6d89ad8"},"headline":"Vai ter paciente no corredor&#8217;, diz secret\u00e1rio da Sa\u00fade de SP","datePublished":"2021-03-05T17:28:51+00:00","dateModified":"2021-03-05T17:33:40+00:00","mainEntityOfPage":{"@id":"https:\/\/regiaonews.net.br\/2022\/2021\/03\/05\/vai-ter-paciente-no-corredor-diz-secretario-da-saude-de-sp\/"},"wordCount":302,"commentCount":0,"publisher":{"@id":"https:\/\/regiaonews.net.br\/2022\/#organization"},"image":{"@id":"https:\/\/regiaonews.net.br\/2022\/2021\/03\/05\/vai-ter-paciente-no-corredor-diz-secretario-da-saude-de-sp\/#primaryimage"},"thumbnailUrl":"https:\/\/regiaonews.net.br\/2022\/wp-content\/uploads\/2021\/03\/fup20210118241.jpg","articleSection":["Estado de S\u00e3o Paulo"],"inLanguage":"pt-BR","potentialAction":[{"@type":"CommentAction","name":"Comment","target":["https:\/\/regiaonews.net.br\/2022\/2021\/03\/05\/vai-ter-paciente-no-corredor-diz-secretario-da-saude-de-sp\/#respond"]}]},{"@type":"WebPage","@id":"https:\/\/regiaonews.net.br\/2022\/2021\/03\/05\/vai-ter-paciente-no-corredor-diz-secretario-da-saude-de-sp\/","url":"https:\/\/regiaonews.net.br\/2022\/2021\/03\/05\/vai-ter-paciente-no-corredor-diz-secretario-da-saude-de-sp\/","name":"Vai ter paciente no corredor', diz secret\u00e1rio da Sa\u00fade de SP - Regi\u00e3o News","isPartOf":{"@id":"https:\/\/regiaonews.net.br\/2022\/#website"},"primaryImageOfPage":{"@id":"https:\/\/regiaonews.net.br\/2022\/2021\/03\/05\/vai-ter-paciente-no-corredor-diz-secretario-da-saude-de-sp\/#primaryimage"},"image":{"@id":"https:\/\/regiaonews.net.br\/2022\/2021\/03\/05\/vai-ter-paciente-no-corredor-diz-secretario-da-saude-de-sp\/#primaryimage"},"thumbnailUrl":"https:\/\/regiaonews.net.br\/2022\/wp-content\/uploads\/2021\/03\/fup20210118241.jpg","datePublished":"2021-03-05T17:28:51+00:00","dateModified":"2021-03-05T17:33:40+00:00","breadcrumb":{"@id":"https:\/\/regiaonews.net.br\/2022\/2021\/03\/05\/vai-ter-paciente-no-corredor-diz-secretario-da-saude-de-sp\/#breadcrumb"},"inLanguage":"pt-BR","potentialAction":[{"@type":"ReadAction","target":["https:\/\/regiaonews.net.br\/2022\/2021\/03\/05\/vai-ter-paciente-no-corredor-diz-secretario-da-saude-de-sp\/"]}]},{"@type":"ImageObject","inLanguage":"pt-BR","@id":"https:\/\/regiaonews.net.br\/2022\/2021\/03\/05\/vai-ter-paciente-no-corredor-diz-secretario-da-saude-de-sp\/#primaryimage","url":"https:\/\/regiaonews.net.br\/2022\/wp-content\/uploads\/2021\/03\/fup20210118241.jpg","contentUrl":"https:\/\/regiaonews.net.br\/2022\/wp-content\/uploads\/2021\/03\/fup20210118241.jpg","width":984,"height":656},{"@type":"BreadcrumbList","@id":"https:\/\/regiaonews.net.br\/2022\/2021\/03\/05\/vai-ter-paciente-no-corredor-diz-secretario-da-saude-de-sp\/#breadcrumb","itemListElement":[{"@type":"ListItem","position":1,"name":"In\u00edcio","item":"https:\/\/regiaonews.net.br\/2022\/"},{"@type":"ListItem","position":2,"name":"Vai ter paciente no corredor&#8217;, diz secret\u00e1rio da Sa\u00fade de SP"}]},{"@type":"WebSite","@id":"https:\/\/regiaonews.net.br\/2022\/#website","url":"https:\/\/regiaonews.net.br\/2022\/","name":"Regi\u00e3o News","description":"Site de Not\u00edcias de Barretos e regi\u00e3o","publisher":{"@id":"https:\/\/regiaonews.net.br\/2022\/#organization"},"potentialAction":[{"@type":"SearchAction","target":{"@type":"EntryPoint","urlTemplate":"https:\/\/regiaonews.net.br\/2022\/?s={search_term_string}"},"query-input":{"@type":"PropertyValueSpecification","valueRequired":true,"valueName":"search_term_string"}}],"inLanguage":"pt-BR"},{"@type":"Organization","@id":"https:\/\/regiaonews.net.br\/2022\/#organization","name":"Regi\u00e3o News","url":"https:\/\/regiaonews.net.br\/2022\/","logo":{"@type":"ImageObject","inLanguage":"pt-BR","@id":"https:\/\/regiaonews.net.br\/2022\/#\/schema\/logo\/image\/","url":"https:\/\/regiaonews.net.br\/2022\/wp-content\/uploads\/2026\/03\/regiao-13-anos-scaled.jpg","contentUrl":"https:\/\/regiaonews.net.br\/2022\/wp-content\/uploads\/2026\/03\/regiao-13-anos-scaled.jpg","width":2560,"height":635,"caption":"Regi\u00e3o News"},"image":{"@id":"https:\/\/regiaonews.net.br\/2022\/#\/schema\/logo\/image\/"}},{"@type":"Person","@id":"https:\/\/regiaonews.net.br\/2022\/#\/schema\/person\/2d205a608a5aa97ac279d7a5e6d89ad8","name":"Roberto","image":{"@type":"ImageObject","inLanguage":"pt-BR","@id":"https:\/\/secure.gravatar.com\/avatar\/42749d8b712ff9d59ca93dc150494e5b55a44134482993f5baeb97e61b7ecc89?s=96&d=mm&r=g","url":"https:\/\/secure.gravatar.com\/avatar\/42749d8b712ff9d59ca93dc150494e5b55a44134482993f5baeb97e61b7ecc89?s=96&d=mm&r=g","contentUrl":"https:\/\/secure.gravatar.com\/avatar\/42749d8b712ff9d59ca93dc150494e5b55a44134482993f5baeb97e61b7ecc89?s=96&d=mm&r=g","caption":"Roberto"},"url":"https:\/\/regiaonews.net.br\/2022\/author\/roberto\/"}]}},"publishpress_future_action":{"enabled":false,"date":"2026-05-03 22:16:43","action":"change-status","newStatus":"draft","terms":[],"taxonomy":"category","extraData":[]},"publishpress_future_workflow_manual_trigger":{"enabledWorkflows":[]},"_links":{"self":[{"href":"https:\/\/regiaonews.net.br\/2022\/wp-json\/wp\/v2\/posts\/43752","targetHints":{"allow":["GET"]}}],"collection":[{"href":"https:\/\/regiaonews.net.br\/2022\/wp-json\/wp\/v2\/posts"}],"about":[{"href":"https:\/\/regiaonews.net.br\/2022\/wp-json\/wp\/v2\/types\/post"}],"author":[{"embeddable":true,"href":"https:\/\/regiaonews.net.br\/2022\/wp-json\/wp\/v2\/users\/2"}],"replies":[{"embeddable":true,"href":"https:\/\/regiaonews.net.br\/2022\/wp-json\/wp\/v2\/comments?post=43752"}],"version-history":[{"count":0,"href":"https:\/\/regiaonews.net.br\/2022\/wp-json\/wp\/v2\/posts\/43752\/revisions"}],"wp:featuredmedia":[{"embeddable":true,"href":"https:\/\/regiaonews.net.br\/2022\/wp-json\/wp\/v2\/media\/43753"}],"wp:attachment":[{"href":"https:\/\/regiaonews.net.br\/2022\/wp-json\/wp\/v2\/media?parent=43752"}],"wp:term":[{"taxonomy":"category","embeddable":true,"href":"https:\/\/regiaonews.net.br\/2022\/wp-json\/wp\/v2\/categories?post=43752"},{"taxonomy":"post_tag","embeddable":true,"href":"https:\/\/regiaonews.net.br\/2022\/wp-json\/wp\/v2\/tags?post=43752"}],"curies":[{"name":"wp","href":"https:\/\/api.w.org\/{rel}","templated":true}]}}