{"id":43736,"date":"2021-03-05T07:41:15","date_gmt":"2021-03-05T10:41:15","guid":{"rendered":"https:\/\/regiaonews.net.br\/2022\/?p=43736"},"modified":"2021-03-05T07:41:15","modified_gmt":"2021-03-05T10:41:15","slug":"profissionais-de-saude-participam-de-curso-de-urgencia-e-emergencia","status":"publish","type":"post","link":"https:\/\/regiaonews.net.br\/2022\/2021\/03\/05\/profissionais-de-saude-participam-de-curso-de-urgencia-e-emergencia\/","title":{"rendered":"Profissionais de sa\u00fade participam de curso de Urg\u00eancia e Emerg\u00eancia"},"content":{"rendered":"<p>Na \u00faltima\u00a0<strong>ter\u00e7a-feira, 2 de mar\u00e7o\/21<\/strong>, no<strong>\u00a0Audit\u00f3rio do SAMU \u2013 Barretos<\/strong>,\u00a0<strong>profissionais do Centro Municipal de Reabilita\u00e7\u00e3o e Sa\u00fade do Idoso<\/strong>\u00a0participam de uma<strong>\u00a0capacita\u00e7\u00e3o e treinamento\u00a0<\/strong>sobre\u00a0<strong>Suporte B\u00e1sico de Vida na Urg\u00eancia e Emerg\u00eancia<\/strong>,<strong>\u00a0teoria e pr\u00e1tica.<\/strong><\/p>\n<p>Participaram das\u00a0<strong>atividades fisioterapeutas<\/strong>,\u00a0<strong>terapeutas ocupacionais, fonoaudi\u00f3logos, enfermeiros e t\u00e9cnicos de enfermagem.<\/strong>\u00a0Dois per\u00edodos de<strong>\u00a0treinamentos\u00a0<\/strong>foram realizados,\u00a0<strong>manh\u00e3 e tarde<\/strong>, para que os trabalhos nas\u00a0<strong>Unidades<\/strong>\u00a0n\u00e3o sofressem altera\u00e7\u00f5es e desta forma tamb\u00e9m evitasse aglomera\u00e7\u00e3o no espa\u00e7o, obedecendo todos os protocolos contra o\u00a0<strong>Covid19.<\/strong><\/p>\n<p>A\u00a0<strong>capacita\u00e7\u00e3o<\/strong>\u00a0foi organizada pela<strong>\u00a0Educa\u00e7\u00e3o Permanente da Secretaria de Sa\u00fade<\/strong>, por meio da coordenadora\u00a0<strong>Alessandra Maria Balbo<\/strong>\u00a0e<strong>\u00a0Patr\u00edcia Rosseto Brito<\/strong>, e ministrada pelo coordenador do\u00a0<strong>SAMU, Dr. Paulo Fernando Muzetti Ferreira<\/strong>.<\/p>\n<p>De acordo com\u00a0<strong>Paulo<\/strong>,\u00a0<em>\u201co curso capacita profissionais de diversas \u00e1reas para poss\u00edveis atendimentos, podendo ser feito de maneira mais precisa no caso de alguma urg\u00eancia ou emerg\u00eancia\u201d.<\/em><\/p>\n<p><a href=\"https:\/\/regiaonews.net.br\/2022\/wp-content\/uploads\/2021\/03\/NIV_7142-Copy.jpg\"><img loading=\"lazy\" decoding=\"async\" class=\"size-medium wp-image-43737\" src=\"https:\/\/regiaonews.net.br\/2022\/wp-content\/uploads\/2021\/03\/NIV_7142-Copy-300x199.jpg\" alt=\"\" width=\"300\" height=\"199\" \/><\/a><\/p>\n<p><a href=\"https:\/\/regiaonews.net.br\/2022\/wp-content\/uploads\/2021\/03\/NIV_7116-Copy.jpg\"><img loading=\"lazy\" decoding=\"async\" class=\"size-medium wp-image-43738\" src=\"https:\/\/regiaonews.net.br\/2022\/wp-content\/uploads\/2021\/03\/NIV_7116-Copy-300x199.jpg\" alt=\"\" width=\"300\" height=\"199\" \/><\/a><\/p>\n<p><a href=\"https:\/\/regiaonews.net.br\/2022\/wp-content\/uploads\/2021\/03\/NIV_7122-Copy.jpg\"><img loading=\"lazy\" decoding=\"async\" class=\"size-medium wp-image-43739\" src=\"https:\/\/regiaonews.net.br\/2022\/wp-content\/uploads\/2021\/03\/NIV_7122-Copy-300x199.jpg\" alt=\"\" width=\"300\" height=\"199\" \/><\/a><\/p>\n","protected":false},"excerpt":{"rendered":"<p>Na \u00faltima\u00a0ter\u00e7a-feira, 2 de mar\u00e7o\/21, no\u00a0Audit\u00f3rio do SAMU \u2013 Barretos,\u00a0profissionais<\/p>\n","protected":false},"author":2,"featured_media":43738,"comment_status":"open","ping_status":"open","sticky":false,"template":"","format":"standard","meta":{"footnotes":""},"categories":[14,25],"tags":[],"class_list":["post-43736","post","type-post","status-publish","format-standard","has-post-thumbnail","hentry","category-barretos","category-cidades"],"yoast_head":"<!-- This site is optimized with the Yoast SEO plugin v27.4 - https:\/\/yoast.com\/product\/yoast-seo-wordpress\/ -->\n<title>Profissionais de sa\u00fade participam de curso de Urg\u00eancia e Emerg\u00eancia - Regi\u00e3o News<\/title>\n<meta name=\"robots\" content=\"index, follow, max-snippet:-1, max-image-preview:large, max-video-preview:-1\" \/>\n<link rel=\"canonical\" href=\"https:\/\/regiaonews.net.br\/2022\/2021\/03\/05\/profissionais-de-saude-participam-de-curso-de-urgencia-e-emergencia\/\" \/>\n<meta property=\"og:locale\" content=\"pt_BR\" \/>\n<meta property=\"og:type\" content=\"article\" \/>\n<meta property=\"og:title\" content=\"Profissionais de sa\u00fade participam de curso de Urg\u00eancia e Emerg\u00eancia - Regi\u00e3o News\" \/>\n<meta property=\"og:description\" content=\"Na \u00faltima\u00a0ter\u00e7a-feira, 2 de mar\u00e7o\/21, no\u00a0Audit\u00f3rio do SAMU \u2013 Barretos,\u00a0profissionais\" \/>\n<meta property=\"og:url\" content=\"https:\/\/regiaonews.net.br\/2022\/2021\/03\/05\/profissionais-de-saude-participam-de-curso-de-urgencia-e-emergencia\/\" \/>\n<meta property=\"og:site_name\" content=\"Regi\u00e3o News\" \/>\n<meta property=\"article:published_time\" content=\"2021-03-05T10:41:15+00:00\" \/>\n<meta property=\"og:image\" content=\"https:\/\/regiaonews.net.br\/2022\/wp-content\/uploads\/2021\/03\/NIV_7116-Copy.jpg\" \/>\n\t<meta property=\"og:image:width\" content=\"860\" \/>\n\t<meta property=\"og:image:height\" content=\"571\" \/>\n\t<meta property=\"og:image:type\" content=\"image\/jpeg\" \/>\n<meta name=\"author\" content=\"Roberto\" \/>\n<meta name=\"twitter:card\" content=\"summary_large_image\" \/>\n<meta name=\"twitter:label1\" content=\"Escrito por\" \/>\n\t<meta name=\"twitter:data1\" content=\"Roberto\" \/>\n\t<meta name=\"twitter:label2\" content=\"Est. tempo de leitura\" \/>\n\t<meta name=\"twitter:data2\" content=\"1 minuto\" \/>\n<script type=\"application\/ld+json\" class=\"yoast-schema-graph\">{\"@context\":\"https:\\\/\\\/schema.org\",\"@graph\":[{\"@type\":\"Article\",\"@id\":\"https:\\\/\\\/regiaonews.net.br\\\/2022\\\/2021\\\/03\\\/05\\\/profissionais-de-saude-participam-de-curso-de-urgencia-e-emergencia\\\/#article\",\"isPartOf\":{\"@id\":\"https:\\\/\\\/regiaonews.net.br\\\/2022\\\/2021\\\/03\\\/05\\\/profissionais-de-saude-participam-de-curso-de-urgencia-e-emergencia\\\/\"},\"author\":{\"name\":\"Roberto\",\"@id\":\"https:\\\/\\\/regiaonews.net.br\\\/2022\\\/#\\\/schema\\\/person\\\/2d205a608a5aa97ac279d7a5e6d89ad8\"},\"headline\":\"Profissionais de sa\u00fade participam de curso de Urg\u00eancia e Emerg\u00eancia\",\"datePublished\":\"2021-03-05T10:41:15+00:00\",\"mainEntityOfPage\":{\"@id\":\"https:\\\/\\\/regiaonews.net.br\\\/2022\\\/2021\\\/03\\\/05\\\/profissionais-de-saude-participam-de-curso-de-urgencia-e-emergencia\\\/\"},\"wordCount\":182,\"commentCount\":0,\"publisher\":{\"@id\":\"https:\\\/\\\/regiaonews.net.br\\\/2022\\\/#organization\"},\"image\":{\"@id\":\"https:\\\/\\\/regiaonews.net.br\\\/2022\\\/2021\\\/03\\\/05\\\/profissionais-de-saude-participam-de-curso-de-urgencia-e-emergencia\\\/#primaryimage\"},\"thumbnailUrl\":\"https:\\\/\\\/regiaonews.net.br\\\/2022\\\/wp-content\\\/uploads\\\/2021\\\/03\\\/NIV_7116-Copy.jpg\",\"articleSection\":[\"Barretos\",\"Cidades\"],\"inLanguage\":\"pt-BR\",\"potentialAction\":[{\"@type\":\"CommentAction\",\"name\":\"Comment\",\"target\":[\"https:\\\/\\\/regiaonews.net.br\\\/2022\\\/2021\\\/03\\\/05\\\/profissionais-de-saude-participam-de-curso-de-urgencia-e-emergencia\\\/#respond\"]}]},{\"@type\":\"WebPage\",\"@id\":\"https:\\\/\\\/regiaonews.net.br\\\/2022\\\/2021\\\/03\\\/05\\\/profissionais-de-saude-participam-de-curso-de-urgencia-e-emergencia\\\/\",\"url\":\"https:\\\/\\\/regiaonews.net.br\\\/2022\\\/2021\\\/03\\\/05\\\/profissionais-de-saude-participam-de-curso-de-urgencia-e-emergencia\\\/\",\"name\":\"Profissionais de sa\u00fade participam de curso de Urg\u00eancia e Emerg\u00eancia - Regi\u00e3o News\",\"isPartOf\":{\"@id\":\"https:\\\/\\\/regiaonews.net.br\\\/2022\\\/#website\"},\"primaryImageOfPage\":{\"@id\":\"https:\\\/\\\/regiaonews.net.br\\\/2022\\\/2021\\\/03\\\/05\\\/profissionais-de-saude-participam-de-curso-de-urgencia-e-emergencia\\\/#primaryimage\"},\"image\":{\"@id\":\"https:\\\/\\\/regiaonews.net.br\\\/2022\\\/2021\\\/03\\\/05\\\/profissionais-de-saude-participam-de-curso-de-urgencia-e-emergencia\\\/#primaryimage\"},\"thumbnailUrl\":\"https:\\\/\\\/regiaonews.net.br\\\/2022\\\/wp-content\\\/uploads\\\/2021\\\/03\\\/NIV_7116-Copy.jpg\",\"datePublished\":\"2021-03-05T10:41:15+00:00\",\"breadcrumb\":{\"@id\":\"https:\\\/\\\/regiaonews.net.br\\\/2022\\\/2021\\\/03\\\/05\\\/profissionais-de-saude-participam-de-curso-de-urgencia-e-emergencia\\\/#breadcrumb\"},\"inLanguage\":\"pt-BR\",\"potentialAction\":[{\"@type\":\"ReadAction\",\"target\":[\"https:\\\/\\\/regiaonews.net.br\\\/2022\\\/2021\\\/03\\\/05\\\/profissionais-de-saude-participam-de-curso-de-urgencia-e-emergencia\\\/\"]}]},{\"@type\":\"ImageObject\",\"inLanguage\":\"pt-BR\",\"@id\":\"https:\\\/\\\/regiaonews.net.br\\\/2022\\\/2021\\\/03\\\/05\\\/profissionais-de-saude-participam-de-curso-de-urgencia-e-emergencia\\\/#primaryimage\",\"url\":\"https:\\\/\\\/regiaonews.net.br\\\/2022\\\/wp-content\\\/uploads\\\/2021\\\/03\\\/NIV_7116-Copy.jpg\",\"contentUrl\":\"https:\\\/\\\/regiaonews.net.br\\\/2022\\\/wp-content\\\/uploads\\\/2021\\\/03\\\/NIV_7116-Copy.jpg\",\"width\":860,\"height\":571,\"caption\":\"????????????????????????????????????\"},{\"@type\":\"BreadcrumbList\",\"@id\":\"https:\\\/\\\/regiaonews.net.br\\\/2022\\\/2021\\\/03\\\/05\\\/profissionais-de-saude-participam-de-curso-de-urgencia-e-emergencia\\\/#breadcrumb\",\"itemListElement\":[{\"@type\":\"ListItem\",\"position\":1,\"name\":\"In\u00edcio\",\"item\":\"https:\\\/\\\/regiaonews.net.br\\\/2022\\\/\"},{\"@type\":\"ListItem\",\"position\":2,\"name\":\"Profissionais de sa\u00fade participam de curso de Urg\u00eancia e Emerg\u00eancia\"}]},{\"@type\":\"WebSite\",\"@id\":\"https:\\\/\\\/regiaonews.net.br\\\/2022\\\/#website\",\"url\":\"https:\\\/\\\/regiaonews.net.br\\\/2022\\\/\",\"name\":\"Regi\u00e3o News\",\"description\":\"Site de Not\u00edcias de Barretos e regi\u00e3o\",\"publisher\":{\"@id\":\"https:\\\/\\\/regiaonews.net.br\\\/2022\\\/#organization\"},\"potentialAction\":[{\"@type\":\"SearchAction\",\"target\":{\"@type\":\"EntryPoint\",\"urlTemplate\":\"https:\\\/\\\/regiaonews.net.br\\\/2022\\\/?s={search_term_string}\"},\"query-input\":{\"@type\":\"PropertyValueSpecification\",\"valueRequired\":true,\"valueName\":\"search_term_string\"}}],\"inLanguage\":\"pt-BR\"},{\"@type\":\"Organization\",\"@id\":\"https:\\\/\\\/regiaonews.net.br\\\/2022\\\/#organization\",\"name\":\"Regi\u00e3o News\",\"url\":\"https:\\\/\\\/regiaonews.net.br\\\/2022\\\/\",\"logo\":{\"@type\":\"ImageObject\",\"inLanguage\":\"pt-BR\",\"@id\":\"https:\\\/\\\/regiaonews.net.br\\\/2022\\\/#\\\/schema\\\/logo\\\/image\\\/\",\"url\":\"https:\\\/\\\/regiaonews.net.br\\\/2022\\\/wp-content\\\/uploads\\\/2026\\\/03\\\/regiao-13-anos-scaled.jpg\",\"contentUrl\":\"https:\\\/\\\/regiaonews.net.br\\\/2022\\\/wp-content\\\/uploads\\\/2026\\\/03\\\/regiao-13-anos-scaled.jpg\",\"width\":2560,\"height\":635,\"caption\":\"Regi\u00e3o News\"},\"image\":{\"@id\":\"https:\\\/\\\/regiaonews.net.br\\\/2022\\\/#\\\/schema\\\/logo\\\/image\\\/\"}},{\"@type\":\"Person\",\"@id\":\"https:\\\/\\\/regiaonews.net.br\\\/2022\\\/#\\\/schema\\\/person\\\/2d205a608a5aa97ac279d7a5e6d89ad8\",\"name\":\"Roberto\",\"image\":{\"@type\":\"ImageObject\",\"inLanguage\":\"pt-BR\",\"@id\":\"https:\\\/\\\/secure.gravatar.com\\\/avatar\\\/42749d8b712ff9d59ca93dc150494e5b55a44134482993f5baeb97e61b7ecc89?s=96&d=mm&r=g\",\"url\":\"https:\\\/\\\/secure.gravatar.com\\\/avatar\\\/42749d8b712ff9d59ca93dc150494e5b55a44134482993f5baeb97e61b7ecc89?s=96&d=mm&r=g\",\"contentUrl\":\"https:\\\/\\\/secure.gravatar.com\\\/avatar\\\/42749d8b712ff9d59ca93dc150494e5b55a44134482993f5baeb97e61b7ecc89?s=96&d=mm&r=g\",\"caption\":\"Roberto\"},\"url\":\"https:\\\/\\\/regiaonews.net.br\\\/2022\\\/author\\\/roberto\\\/\"}]}<\/script>\n<!-- \/ Yoast SEO plugin. -->","yoast_head_json":{"title":"Profissionais de sa\u00fade participam de curso de Urg\u00eancia e Emerg\u00eancia - Regi\u00e3o News","robots":{"index":"index","follow":"follow","max-snippet":"max-snippet:-1","max-image-preview":"max-image-preview:large","max-video-preview":"max-video-preview:-1"},"canonical":"https:\/\/regiaonews.net.br\/2022\/2021\/03\/05\/profissionais-de-saude-participam-de-curso-de-urgencia-e-emergencia\/","og_locale":"pt_BR","og_type":"article","og_title":"Profissionais de sa\u00fade participam de curso de Urg\u00eancia e Emerg\u00eancia - Regi\u00e3o News","og_description":"Na \u00faltima\u00a0ter\u00e7a-feira, 2 de mar\u00e7o\/21, no\u00a0Audit\u00f3rio do SAMU \u2013 Barretos,\u00a0profissionais","og_url":"https:\/\/regiaonews.net.br\/2022\/2021\/03\/05\/profissionais-de-saude-participam-de-curso-de-urgencia-e-emergencia\/","og_site_name":"Regi\u00e3o News","article_published_time":"2021-03-05T10:41:15+00:00","og_image":[{"width":860,"height":571,"url":"https:\/\/regiaonews.net.br\/2022\/wp-content\/uploads\/2021\/03\/NIV_7116-Copy.jpg","type":"image\/jpeg"}],"author":"Roberto","twitter_card":"summary_large_image","twitter_misc":{"Escrito por":"Roberto","Est. tempo de leitura":"1 minuto"},"schema":{"@context":"https:\/\/schema.org","@graph":[{"@type":"Article","@id":"https:\/\/regiaonews.net.br\/2022\/2021\/03\/05\/profissionais-de-saude-participam-de-curso-de-urgencia-e-emergencia\/#article","isPartOf":{"@id":"https:\/\/regiaonews.net.br\/2022\/2021\/03\/05\/profissionais-de-saude-participam-de-curso-de-urgencia-e-emergencia\/"},"author":{"name":"Roberto","@id":"https:\/\/regiaonews.net.br\/2022\/#\/schema\/person\/2d205a608a5aa97ac279d7a5e6d89ad8"},"headline":"Profissionais de sa\u00fade participam de curso de Urg\u00eancia e Emerg\u00eancia","datePublished":"2021-03-05T10:41:15+00:00","mainEntityOfPage":{"@id":"https:\/\/regiaonews.net.br\/2022\/2021\/03\/05\/profissionais-de-saude-participam-de-curso-de-urgencia-e-emergencia\/"},"wordCount":182,"commentCount":0,"publisher":{"@id":"https:\/\/regiaonews.net.br\/2022\/#organization"},"image":{"@id":"https:\/\/regiaonews.net.br\/2022\/2021\/03\/05\/profissionais-de-saude-participam-de-curso-de-urgencia-e-emergencia\/#primaryimage"},"thumbnailUrl":"https:\/\/regiaonews.net.br\/2022\/wp-content\/uploads\/2021\/03\/NIV_7116-Copy.jpg","articleSection":["Barretos","Cidades"],"inLanguage":"pt-BR","potentialAction":[{"@type":"CommentAction","name":"Comment","target":["https:\/\/regiaonews.net.br\/2022\/2021\/03\/05\/profissionais-de-saude-participam-de-curso-de-urgencia-e-emergencia\/#respond"]}]},{"@type":"WebPage","@id":"https:\/\/regiaonews.net.br\/2022\/2021\/03\/05\/profissionais-de-saude-participam-de-curso-de-urgencia-e-emergencia\/","url":"https:\/\/regiaonews.net.br\/2022\/2021\/03\/05\/profissionais-de-saude-participam-de-curso-de-urgencia-e-emergencia\/","name":"Profissionais de sa\u00fade participam de curso de Urg\u00eancia e Emerg\u00eancia - Regi\u00e3o News","isPartOf":{"@id":"https:\/\/regiaonews.net.br\/2022\/#website"},"primaryImageOfPage":{"@id":"https:\/\/regiaonews.net.br\/2022\/2021\/03\/05\/profissionais-de-saude-participam-de-curso-de-urgencia-e-emergencia\/#primaryimage"},"image":{"@id":"https:\/\/regiaonews.net.br\/2022\/2021\/03\/05\/profissionais-de-saude-participam-de-curso-de-urgencia-e-emergencia\/#primaryimage"},"thumbnailUrl":"https:\/\/regiaonews.net.br\/2022\/wp-content\/uploads\/2021\/03\/NIV_7116-Copy.jpg","datePublished":"2021-03-05T10:41:15+00:00","breadcrumb":{"@id":"https:\/\/regiaonews.net.br\/2022\/2021\/03\/05\/profissionais-de-saude-participam-de-curso-de-urgencia-e-emergencia\/#breadcrumb"},"inLanguage":"pt-BR","potentialAction":[{"@type":"ReadAction","target":["https:\/\/regiaonews.net.br\/2022\/2021\/03\/05\/profissionais-de-saude-participam-de-curso-de-urgencia-e-emergencia\/"]}]},{"@type":"ImageObject","inLanguage":"pt-BR","@id":"https:\/\/regiaonews.net.br\/2022\/2021\/03\/05\/profissionais-de-saude-participam-de-curso-de-urgencia-e-emergencia\/#primaryimage","url":"https:\/\/regiaonews.net.br\/2022\/wp-content\/uploads\/2021\/03\/NIV_7116-Copy.jpg","contentUrl":"https:\/\/regiaonews.net.br\/2022\/wp-content\/uploads\/2021\/03\/NIV_7116-Copy.jpg","width":860,"height":571,"caption":"????????????????????????????????????"},{"@type":"BreadcrumbList","@id":"https:\/\/regiaonews.net.br\/2022\/2021\/03\/05\/profissionais-de-saude-participam-de-curso-de-urgencia-e-emergencia\/#breadcrumb","itemListElement":[{"@type":"ListItem","position":1,"name":"In\u00edcio","item":"https:\/\/regiaonews.net.br\/2022\/"},{"@type":"ListItem","position":2,"name":"Profissionais de sa\u00fade participam de curso de Urg\u00eancia e Emerg\u00eancia"}]},{"@type":"WebSite","@id":"https:\/\/regiaonews.net.br\/2022\/#website","url":"https:\/\/regiaonews.net.br\/2022\/","name":"Regi\u00e3o News","description":"Site de Not\u00edcias de Barretos e regi\u00e3o","publisher":{"@id":"https:\/\/regiaonews.net.br\/2022\/#organization"},"potentialAction":[{"@type":"SearchAction","target":{"@type":"EntryPoint","urlTemplate":"https:\/\/regiaonews.net.br\/2022\/?s={search_term_string}"},"query-input":{"@type":"PropertyValueSpecification","valueRequired":true,"valueName":"search_term_string"}}],"inLanguage":"pt-BR"},{"@type":"Organization","@id":"https:\/\/regiaonews.net.br\/2022\/#organization","name":"Regi\u00e3o News","url":"https:\/\/regiaonews.net.br\/2022\/","logo":{"@type":"ImageObject","inLanguage":"pt-BR","@id":"https:\/\/regiaonews.net.br\/2022\/#\/schema\/logo\/image\/","url":"https:\/\/regiaonews.net.br\/2022\/wp-content\/uploads\/2026\/03\/regiao-13-anos-scaled.jpg","contentUrl":"https:\/\/regiaonews.net.br\/2022\/wp-content\/uploads\/2026\/03\/regiao-13-anos-scaled.jpg","width":2560,"height":635,"caption":"Regi\u00e3o News"},"image":{"@id":"https:\/\/regiaonews.net.br\/2022\/#\/schema\/logo\/image\/"}},{"@type":"Person","@id":"https:\/\/regiaonews.net.br\/2022\/#\/schema\/person\/2d205a608a5aa97ac279d7a5e6d89ad8","name":"Roberto","image":{"@type":"ImageObject","inLanguage":"pt-BR","@id":"https:\/\/secure.gravatar.com\/avatar\/42749d8b712ff9d59ca93dc150494e5b55a44134482993f5baeb97e61b7ecc89?s=96&d=mm&r=g","url":"https:\/\/secure.gravatar.com\/avatar\/42749d8b712ff9d59ca93dc150494e5b55a44134482993f5baeb97e61b7ecc89?s=96&d=mm&r=g","contentUrl":"https:\/\/secure.gravatar.com\/avatar\/42749d8b712ff9d59ca93dc150494e5b55a44134482993f5baeb97e61b7ecc89?s=96&d=mm&r=g","caption":"Roberto"},"url":"https:\/\/regiaonews.net.br\/2022\/author\/roberto\/"}]}},"publishpress_future_action":{"enabled":false,"date":"2026-05-04 00:18:28","action":"change-status","newStatus":"draft","terms":[],"taxonomy":"category","extraData":[]},"publishpress_future_workflow_manual_trigger":{"enabledWorkflows":[]},"_links":{"self":[{"href":"https:\/\/regiaonews.net.br\/2022\/wp-json\/wp\/v2\/posts\/43736","targetHints":{"allow":["GET"]}}],"collection":[{"href":"https:\/\/regiaonews.net.br\/2022\/wp-json\/wp\/v2\/posts"}],"about":[{"href":"https:\/\/regiaonews.net.br\/2022\/wp-json\/wp\/v2\/types\/post"}],"author":[{"embeddable":true,"href":"https:\/\/regiaonews.net.br\/2022\/wp-json\/wp\/v2\/users\/2"}],"replies":[{"embeddable":true,"href":"https:\/\/regiaonews.net.br\/2022\/wp-json\/wp\/v2\/comments?post=43736"}],"version-history":[{"count":0,"href":"https:\/\/regiaonews.net.br\/2022\/wp-json\/wp\/v2\/posts\/43736\/revisions"}],"wp:featuredmedia":[{"embeddable":true,"href":"https:\/\/regiaonews.net.br\/2022\/wp-json\/wp\/v2\/media\/43738"}],"wp:attachment":[{"href":"https:\/\/regiaonews.net.br\/2022\/wp-json\/wp\/v2\/media?parent=43736"}],"wp:term":[{"taxonomy":"category","embeddable":true,"href":"https:\/\/regiaonews.net.br\/2022\/wp-json\/wp\/v2\/categories?post=43736"},{"taxonomy":"post_tag","embeddable":true,"href":"https:\/\/regiaonews.net.br\/2022\/wp-json\/wp\/v2\/tags?post=43736"}],"curies":[{"name":"wp","href":"https:\/\/api.w.org\/{rel}","templated":true}]}}