{"id":43719,"date":"2021-03-04T14:33:59","date_gmt":"2021-03-04T17:33:59","guid":{"rendered":"https:\/\/regiaonews.net.br\/2022\/?p=43719"},"modified":"2021-03-04T14:34:25","modified_gmt":"2021-03-04T17:34:25","slug":"paula-lemos-anuncia-interesse-de-barretos-para-aquisicao-de-80-mil-doses-da-vacina-sputnik-v","status":"publish","type":"post","link":"https:\/\/regiaonews.net.br\/2022\/2021\/03\/04\/paula-lemos-anuncia-interesse-de-barretos-para-aquisicao-de-80-mil-doses-da-vacina-sputnik-v\/","title":{"rendered":"Paula Lemos anuncia interesse de Barretos para aquisi\u00e7\u00e3o de 80 mil doses da vacina Sputnik V"},"content":{"rendered":"<div class=\"conteudo-completo\">\n<p>A prefeita Paula Lemos de Barretos, anunciou durante live, com o vice prefeito Gustavo Abr\u00e3o Sasdelli; e os secret\u00e1rios Kleber Rosa (Sa\u00fade), Fernando Oliveira Soares (Finan\u00e7as) e Gra\u00e7a Lemos (Governo e Gest\u00e3o e Estrat\u00e9gica), que o\u00a0 munic\u00edpio manifestou interesse para a aquisi\u00e7\u00e3o de 80 mil doses da vacina Sputinik V, produzida por The Gamaleya Center e R\u00fassia Direct Investiment Fund.<br \/>\n\u201cAtestamos que temos interesse na aquisi\u00e7\u00e3o da vacina supra referida e que essas vacinas poder\u00e3o ser adquiridas para exclusiva vacina\u00e7\u00e3o da popula\u00e7\u00e3o contra a COVID-19 e n\u00e3o para fins de revenda. Considerando a enorme urg\u00eancia pela qual atravessamos, dado os avan\u00e7os devastadores da pandemia, solicitamos m\u00e1xima brevidade no encaminhamento da proposta de aquisi\u00e7\u00e3o para podermos rapidamente avan\u00e7armos com a aquisi\u00e7\u00e3o pretendida\u201d, afirma a Prefeita em of\u00edcio especial direcionado \u00e0s farmac\u00eauticas.<br \/>\nEm outro of\u00edcio, endere\u00e7ado ao diplomata e chefe da representa\u00e7\u00e3o comercial da R\u00fassia no Brasil, Viktor Vadimovich Sheremetker, Paula Lemos declara a inten\u00e7\u00e3o de Barretos na compra da vacina contra a COVID-19. \u201cConfirmamos com total responsabilidade que estamos dispostos e aptos a celebrar o contrato para a compra da vacina e que a parte financeira est\u00e1 dispon\u00edvel. Adicionalmente, estamos cientes de que a aprova\u00e7\u00e3o da vacina Sputinik V, pela ANVISA (Ag\u00eancia Nacional de Vigil\u00e2ncia Sanit\u00e1ria), ser\u00e1 considerada uma condi\u00e7\u00e3o precedente para a efetiva\u00e7\u00e3o da transa\u00e7\u00e3o\u201d.<br \/>\nA manifesta\u00e7\u00e3o de interesse foi feita tamb\u00e9m \u00e0 Frente Nacional dos Prefeitos, em que Paula Lemos manifesta o interesse em Barretos firmar Protocolo de Inten\u00e7\u00f5es com a finalidade de aderir a cons\u00f3rcio p\u00fablico a ser institu\u00eddo para a aquisi\u00e7\u00e3o de vacinas para enfrentamento da pandemia da Covid-19, al\u00e9m de aquisi\u00e7\u00e3o de medicamentos, equipamentos e outros insumos de interesse dos munic\u00edpios. \u201cO poder executivo se compromete a submeter o protocolo de inten\u00e7\u00f5es a referendo da C\u00e2mara de Vereadores, nos termos do artigo 5\u00ba, caput, a Lei Federal n\u00ba 11.107\/2005, estando ciente que ap\u00f3s ratifica\u00e7\u00e3o pelo legislativo municipal, o protocolo de inten\u00e7\u00f5es ser\u00e1 convertido em contrato de cons\u00f3rcio p\u00fablico\u201d, explica.<br \/>\nAo anunciar o interesse na compra das vacinas, Paula Lemos agradeceu ao presidente da C\u00e2mara de Vereadores, Paulo Correa e demais vereadores que apoiam a iniciativa. O investimento para a aquisi\u00e7\u00e3o das vacinas \u00e9 de R$ 4 milh\u00f5es, incluindo repasse de R$ 400 mil pela C\u00e2mara. \u201cEsses valores j\u00e1 est\u00e3o reservados. Agradecemos imensamente ao barretense que est\u00e1 pagando seus tributos, incluindo os d\u00e9bitos de exerc\u00edcios anteriores, que nos proporciona condi\u00e7\u00f5es para este investimento na compra de vacinas\u201d, afirmou o secret\u00e1rio Fernando Soares.<br \/>\nO ponto de partida para Barretos manifestar o interesse na aquisi\u00e7\u00e3o das vacinas, \u00e9 o vice-prefeito Gustavo Sasdelli, que \u00e9 m\u00e9dico e entrou em contato com profissional da \u00e1rea farmac\u00eautica, abrindo o caminho para as tratativas. \u201cO colega que atua nesta \u00e1rea entrou em contato comigo, que v\u00e1rios munic\u00edpios est\u00e3o indo atr\u00e1s da vacina russa. Imediatamente, a prefeita Paula Lemos e os secret\u00e1rios Fernando, Kleber e Gra\u00e7a tomaram todas as provid\u00eancias para que logo a vacina possa estar em Barretos\u201d, disse o vice-prefeito, que tamb\u00e9m \u00e9 m\u00e9dico.<\/p>\n<p><strong>INDEPEND\u00caNCIA\u00a0<\/strong>\u2013 Gustavo Sasdelli observou, que nesta semana o Brasil teve v\u00e1rias medidas principalmente relacionadas ao Congresso Nacional, que liberaram para fazer diretamente a compra da vacina. A partir disso os munic\u00edpios passaram a ter mais independ\u00eancia para ir atr\u00e1s das vacinas. \u201cIsto foi muito bom para n\u00f3s demonstramos o interesse para adquirir esta vacina russa que tem grande efic\u00e1cia\u201d, ressaltou o vice-prefeito.<br \/>\nKleber Rosa disse que para a aquisi\u00e7\u00e3o das vacinas, Barretos est\u00e1 trabalhando em linhas importantes, financeira e t\u00e9cnica. \u201cA Secretaria de Sa\u00fade vai trabalhar na linha de armazenamento, log\u00edstica e distribui\u00e7\u00e3o. S\u00e3o 80 mil doses e \u00e9 preciso um armazenamento especial e com seguran\u00e7a para podermos manter e garantir a qualidade das vacinas\u201d, afirmou o Secret\u00e1rio.<br \/>\nSegundo Kleber, as 80 mil vacinas ser\u00e3o para 40 pessoas com aplica\u00e7\u00e3o de duas doses por pessoa. \u201cAl\u00e9m dessas, a distribui\u00e7\u00e3o pelo Estado continuar\u00e1, n\u00e3o interferindo nesta iniciativa do Munic\u00edpio. \u201cEsta busca da prefeita Paula Lemos s\u00f3 vai melhorar e adiantar a imuniza\u00e7\u00e3o dos barretenses\u201d frisou.<br \/>\nSobre as tr\u00eas frentes para a busca da vacina, Paula Lemos explicou que uma \u00e9 pela Frente Nacional dos Prefeitos; outra com uma empresa de Portugal e com a Embaixada da R\u00fassia. \u201cOnde for assinado o primeiro contrato estaremos l\u00e1 para garantir a vacina do barretense. A inten\u00e7\u00e3o j\u00e1 esta demonstrada, o dinheiro garantido e separado\u201d, disse.<br \/>\n\u201cNosso objetivo \u00e9 somar com os demais governos e n\u00e3o dividir. \u00c9 continuar aplicando a vacinas fornecidas e ao mesmo tempo vacinar um n\u00famero maior de barretenses comprando tamb\u00e9m as vacinas. E, assim, confirmando, teremos tr\u00eas vacinas: Coronavac, AstraZeneca e Sputnik, querendo, de fato, que o barretense seja beneficiado. Estou muito empenhada e trabalhando para isto\u201d, concluiu a Prefeita.<\/p>\n<\/div>\n<div id=\"galeria-de-fotos-interna\" class=\"row\"><a href=\"https:\/\/regiaonews.net.br\/2022\/wp-content\/uploads\/2021\/03\/NIV_7193.jpg\"><img loading=\"lazy\" decoding=\"async\" class=\"alignnone size-medium wp-image-43720\" src=\"https:\/\/regiaonews.net.br\/2022\/wp-content\/uploads\/2021\/03\/NIV_7193-300x199.jpg\" alt=\"\" width=\"300\" height=\"199\" \/><\/a> <a href=\"https:\/\/regiaonews.net.br\/2022\/wp-content\/uploads\/2021\/03\/paula-vacinas-site.jpg\"><img loading=\"lazy\" decoding=\"async\" class=\"alignnone size-medium wp-image-43721\" src=\"https:\/\/regiaonews.net.br\/2022\/wp-content\/uploads\/2021\/03\/paula-vacinas-site-300x184.jpg\" alt=\"\" width=\"300\" height=\"184\" \/><\/a><\/div>\n","protected":false},"excerpt":{"rendered":"<p>A prefeita Paula Lemos de Barretos, anunciou durante live, com<\/p>\n","protected":false},"author":2,"featured_media":43720,"comment_status":"open","ping_status":"open","sticky":false,"template":"","format":"standard","meta":{"footnotes":""},"categories":[14,25],"tags":[],"class_list":["post-43719","post","type-post","status-publish","format-standard","has-post-thumbnail","hentry","category-barretos","category-cidades"],"yoast_head":"<!-- This site is optimized with the Yoast SEO plugin v27.4 - https:\/\/yoast.com\/product\/yoast-seo-wordpress\/ -->\n<title>Paula Lemos anuncia interesse de Barretos para aquisi\u00e7\u00e3o de 80 mil doses da vacina Sputnik V - Regi\u00e3o News<\/title>\n<meta name=\"robots\" content=\"index, follow, max-snippet:-1, max-image-preview:large, max-video-preview:-1\" \/>\n<link rel=\"canonical\" href=\"https:\/\/regiaonews.net.br\/2022\/2021\/03\/04\/paula-lemos-anuncia-interesse-de-barretos-para-aquisicao-de-80-mil-doses-da-vacina-sputnik-v\/\" \/>\n<meta property=\"og:locale\" content=\"pt_BR\" \/>\n<meta property=\"og:type\" content=\"article\" \/>\n<meta property=\"og:title\" content=\"Paula Lemos anuncia interesse de Barretos para aquisi\u00e7\u00e3o de 80 mil doses da vacina Sputnik V - Regi\u00e3o News\" \/>\n<meta property=\"og:description\" content=\"A prefeita Paula Lemos de Barretos, anunciou durante live, com\" \/>\n<meta property=\"og:url\" content=\"https:\/\/regiaonews.net.br\/2022\/2021\/03\/04\/paula-lemos-anuncia-interesse-de-barretos-para-aquisicao-de-80-mil-doses-da-vacina-sputnik-v\/\" \/>\n<meta property=\"og:site_name\" content=\"Regi\u00e3o News\" \/>\n<meta property=\"article:published_time\" content=\"2021-03-04T17:33:59+00:00\" \/>\n<meta property=\"article:modified_time\" content=\"2021-03-04T17:34:25+00:00\" \/>\n<meta property=\"og:image\" content=\"https:\/\/regiaonews.net.br\/2022\/wp-content\/uploads\/2021\/03\/NIV_7193.jpg\" \/>\n\t<meta property=\"og:image:width\" content=\"836\" \/>\n\t<meta property=\"og:image:height\" content=\"555\" \/>\n\t<meta property=\"og:image:type\" content=\"image\/jpeg\" \/>\n<meta name=\"author\" content=\"Roberto\" \/>\n<meta name=\"twitter:card\" content=\"summary_large_image\" \/>\n<meta name=\"twitter:label1\" content=\"Escrito por\" \/>\n\t<meta name=\"twitter:data1\" content=\"Roberto\" \/>\n\t<meta name=\"twitter:label2\" content=\"Est. tempo de leitura\" \/>\n\t<meta name=\"twitter:data2\" content=\"4 minutos\" \/>\n<script type=\"application\/ld+json\" class=\"yoast-schema-graph\">{\"@context\":\"https:\\\/\\\/schema.org\",\"@graph\":[{\"@type\":\"Article\",\"@id\":\"https:\\\/\\\/regiaonews.net.br\\\/2022\\\/2021\\\/03\\\/04\\\/paula-lemos-anuncia-interesse-de-barretos-para-aquisicao-de-80-mil-doses-da-vacina-sputnik-v\\\/#article\",\"isPartOf\":{\"@id\":\"https:\\\/\\\/regiaonews.net.br\\\/2022\\\/2021\\\/03\\\/04\\\/paula-lemos-anuncia-interesse-de-barretos-para-aquisicao-de-80-mil-doses-da-vacina-sputnik-v\\\/\"},\"author\":{\"name\":\"Roberto\",\"@id\":\"https:\\\/\\\/regiaonews.net.br\\\/2022\\\/#\\\/schema\\\/person\\\/2d205a608a5aa97ac279d7a5e6d89ad8\"},\"headline\":\"Paula Lemos anuncia interesse de Barretos para aquisi\u00e7\u00e3o de 80 mil doses da vacina Sputnik V\",\"datePublished\":\"2021-03-04T17:33:59+00:00\",\"dateModified\":\"2021-03-04T17:34:25+00:00\",\"mainEntityOfPage\":{\"@id\":\"https:\\\/\\\/regiaonews.net.br\\\/2022\\\/2021\\\/03\\\/04\\\/paula-lemos-anuncia-interesse-de-barretos-para-aquisicao-de-80-mil-doses-da-vacina-sputnik-v\\\/\"},\"wordCount\":874,\"commentCount\":0,\"publisher\":{\"@id\":\"https:\\\/\\\/regiaonews.net.br\\\/2022\\\/#organization\"},\"image\":{\"@id\":\"https:\\\/\\\/regiaonews.net.br\\\/2022\\\/2021\\\/03\\\/04\\\/paula-lemos-anuncia-interesse-de-barretos-para-aquisicao-de-80-mil-doses-da-vacina-sputnik-v\\\/#primaryimage\"},\"thumbnailUrl\":\"https:\\\/\\\/regiaonews.net.br\\\/2022\\\/wp-content\\\/uploads\\\/2021\\\/03\\\/NIV_7193.jpg\",\"articleSection\":[\"Barretos\",\"Cidades\"],\"inLanguage\":\"pt-BR\",\"potentialAction\":[{\"@type\":\"CommentAction\",\"name\":\"Comment\",\"target\":[\"https:\\\/\\\/regiaonews.net.br\\\/2022\\\/2021\\\/03\\\/04\\\/paula-lemos-anuncia-interesse-de-barretos-para-aquisicao-de-80-mil-doses-da-vacina-sputnik-v\\\/#respond\"]}]},{\"@type\":\"WebPage\",\"@id\":\"https:\\\/\\\/regiaonews.net.br\\\/2022\\\/2021\\\/03\\\/04\\\/paula-lemos-anuncia-interesse-de-barretos-para-aquisicao-de-80-mil-doses-da-vacina-sputnik-v\\\/\",\"url\":\"https:\\\/\\\/regiaonews.net.br\\\/2022\\\/2021\\\/03\\\/04\\\/paula-lemos-anuncia-interesse-de-barretos-para-aquisicao-de-80-mil-doses-da-vacina-sputnik-v\\\/\",\"name\":\"Paula Lemos anuncia interesse de Barretos para aquisi\u00e7\u00e3o de 80 mil doses da vacina Sputnik V - Regi\u00e3o News\",\"isPartOf\":{\"@id\":\"https:\\\/\\\/regiaonews.net.br\\\/2022\\\/#website\"},\"primaryImageOfPage\":{\"@id\":\"https:\\\/\\\/regiaonews.net.br\\\/2022\\\/2021\\\/03\\\/04\\\/paula-lemos-anuncia-interesse-de-barretos-para-aquisicao-de-80-mil-doses-da-vacina-sputnik-v\\\/#primaryimage\"},\"image\":{\"@id\":\"https:\\\/\\\/regiaonews.net.br\\\/2022\\\/2021\\\/03\\\/04\\\/paula-lemos-anuncia-interesse-de-barretos-para-aquisicao-de-80-mil-doses-da-vacina-sputnik-v\\\/#primaryimage\"},\"thumbnailUrl\":\"https:\\\/\\\/regiaonews.net.br\\\/2022\\\/wp-content\\\/uploads\\\/2021\\\/03\\\/NIV_7193.jpg\",\"datePublished\":\"2021-03-04T17:33:59+00:00\",\"dateModified\":\"2021-03-04T17:34:25+00:00\",\"breadcrumb\":{\"@id\":\"https:\\\/\\\/regiaonews.net.br\\\/2022\\\/2021\\\/03\\\/04\\\/paula-lemos-anuncia-interesse-de-barretos-para-aquisicao-de-80-mil-doses-da-vacina-sputnik-v\\\/#breadcrumb\"},\"inLanguage\":\"pt-BR\",\"potentialAction\":[{\"@type\":\"ReadAction\",\"target\":[\"https:\\\/\\\/regiaonews.net.br\\\/2022\\\/2021\\\/03\\\/04\\\/paula-lemos-anuncia-interesse-de-barretos-para-aquisicao-de-80-mil-doses-da-vacina-sputnik-v\\\/\"]}]},{\"@type\":\"ImageObject\",\"inLanguage\":\"pt-BR\",\"@id\":\"https:\\\/\\\/regiaonews.net.br\\\/2022\\\/2021\\\/03\\\/04\\\/paula-lemos-anuncia-interesse-de-barretos-para-aquisicao-de-80-mil-doses-da-vacina-sputnik-v\\\/#primaryimage\",\"url\":\"https:\\\/\\\/regiaonews.net.br\\\/2022\\\/wp-content\\\/uploads\\\/2021\\\/03\\\/NIV_7193.jpg\",\"contentUrl\":\"https:\\\/\\\/regiaonews.net.br\\\/2022\\\/wp-content\\\/uploads\\\/2021\\\/03\\\/NIV_7193.jpg\",\"width\":836,\"height\":555},{\"@type\":\"BreadcrumbList\",\"@id\":\"https:\\\/\\\/regiaonews.net.br\\\/2022\\\/2021\\\/03\\\/04\\\/paula-lemos-anuncia-interesse-de-barretos-para-aquisicao-de-80-mil-doses-da-vacina-sputnik-v\\\/#breadcrumb\",\"itemListElement\":[{\"@type\":\"ListItem\",\"position\":1,\"name\":\"In\u00edcio\",\"item\":\"https:\\\/\\\/regiaonews.net.br\\\/2022\\\/\"},{\"@type\":\"ListItem\",\"position\":2,\"name\":\"Paula Lemos anuncia interesse de Barretos para aquisi\u00e7\u00e3o de 80 mil doses da vacina Sputnik V\"}]},{\"@type\":\"WebSite\",\"@id\":\"https:\\\/\\\/regiaonews.net.br\\\/2022\\\/#website\",\"url\":\"https:\\\/\\\/regiaonews.net.br\\\/2022\\\/\",\"name\":\"Regi\u00e3o News\",\"description\":\"Site de Not\u00edcias de Barretos e regi\u00e3o\",\"publisher\":{\"@id\":\"https:\\\/\\\/regiaonews.net.br\\\/2022\\\/#organization\"},\"potentialAction\":[{\"@type\":\"SearchAction\",\"target\":{\"@type\":\"EntryPoint\",\"urlTemplate\":\"https:\\\/\\\/regiaonews.net.br\\\/2022\\\/?s={search_term_string}\"},\"query-input\":{\"@type\":\"PropertyValueSpecification\",\"valueRequired\":true,\"valueName\":\"search_term_string\"}}],\"inLanguage\":\"pt-BR\"},{\"@type\":\"Organization\",\"@id\":\"https:\\\/\\\/regiaonews.net.br\\\/2022\\\/#organization\",\"name\":\"Regi\u00e3o News\",\"url\":\"https:\\\/\\\/regiaonews.net.br\\\/2022\\\/\",\"logo\":{\"@type\":\"ImageObject\",\"inLanguage\":\"pt-BR\",\"@id\":\"https:\\\/\\\/regiaonews.net.br\\\/2022\\\/#\\\/schema\\\/logo\\\/image\\\/\",\"url\":\"https:\\\/\\\/regiaonews.net.br\\\/2022\\\/wp-content\\\/uploads\\\/2026\\\/03\\\/regiao-13-anos-scaled.jpg\",\"contentUrl\":\"https:\\\/\\\/regiaonews.net.br\\\/2022\\\/wp-content\\\/uploads\\\/2026\\\/03\\\/regiao-13-anos-scaled.jpg\",\"width\":2560,\"height\":635,\"caption\":\"Regi\u00e3o News\"},\"image\":{\"@id\":\"https:\\\/\\\/regiaonews.net.br\\\/2022\\\/#\\\/schema\\\/logo\\\/image\\\/\"}},{\"@type\":\"Person\",\"@id\":\"https:\\\/\\\/regiaonews.net.br\\\/2022\\\/#\\\/schema\\\/person\\\/2d205a608a5aa97ac279d7a5e6d89ad8\",\"name\":\"Roberto\",\"image\":{\"@type\":\"ImageObject\",\"inLanguage\":\"pt-BR\",\"@id\":\"https:\\\/\\\/secure.gravatar.com\\\/avatar\\\/42749d8b712ff9d59ca93dc150494e5b55a44134482993f5baeb97e61b7ecc89?s=96&d=mm&r=g\",\"url\":\"https:\\\/\\\/secure.gravatar.com\\\/avatar\\\/42749d8b712ff9d59ca93dc150494e5b55a44134482993f5baeb97e61b7ecc89?s=96&d=mm&r=g\",\"contentUrl\":\"https:\\\/\\\/secure.gravatar.com\\\/avatar\\\/42749d8b712ff9d59ca93dc150494e5b55a44134482993f5baeb97e61b7ecc89?s=96&d=mm&r=g\",\"caption\":\"Roberto\"},\"url\":\"https:\\\/\\\/regiaonews.net.br\\\/2022\\\/author\\\/roberto\\\/\"}]}<\/script>\n<!-- \/ Yoast SEO plugin. -->","yoast_head_json":{"title":"Paula Lemos anuncia interesse de Barretos para aquisi\u00e7\u00e3o de 80 mil doses da vacina Sputnik V - Regi\u00e3o News","robots":{"index":"index","follow":"follow","max-snippet":"max-snippet:-1","max-image-preview":"max-image-preview:large","max-video-preview":"max-video-preview:-1"},"canonical":"https:\/\/regiaonews.net.br\/2022\/2021\/03\/04\/paula-lemos-anuncia-interesse-de-barretos-para-aquisicao-de-80-mil-doses-da-vacina-sputnik-v\/","og_locale":"pt_BR","og_type":"article","og_title":"Paula Lemos anuncia interesse de Barretos para aquisi\u00e7\u00e3o de 80 mil doses da vacina Sputnik V - Regi\u00e3o News","og_description":"A prefeita Paula Lemos de Barretos, anunciou durante live, com","og_url":"https:\/\/regiaonews.net.br\/2022\/2021\/03\/04\/paula-lemos-anuncia-interesse-de-barretos-para-aquisicao-de-80-mil-doses-da-vacina-sputnik-v\/","og_site_name":"Regi\u00e3o News","article_published_time":"2021-03-04T17:33:59+00:00","article_modified_time":"2021-03-04T17:34:25+00:00","og_image":[{"width":836,"height":555,"url":"https:\/\/regiaonews.net.br\/2022\/wp-content\/uploads\/2021\/03\/NIV_7193.jpg","type":"image\/jpeg"}],"author":"Roberto","twitter_card":"summary_large_image","twitter_misc":{"Escrito por":"Roberto","Est. tempo de leitura":"4 minutos"},"schema":{"@context":"https:\/\/schema.org","@graph":[{"@type":"Article","@id":"https:\/\/regiaonews.net.br\/2022\/2021\/03\/04\/paula-lemos-anuncia-interesse-de-barretos-para-aquisicao-de-80-mil-doses-da-vacina-sputnik-v\/#article","isPartOf":{"@id":"https:\/\/regiaonews.net.br\/2022\/2021\/03\/04\/paula-lemos-anuncia-interesse-de-barretos-para-aquisicao-de-80-mil-doses-da-vacina-sputnik-v\/"},"author":{"name":"Roberto","@id":"https:\/\/regiaonews.net.br\/2022\/#\/schema\/person\/2d205a608a5aa97ac279d7a5e6d89ad8"},"headline":"Paula Lemos anuncia interesse de Barretos para aquisi\u00e7\u00e3o de 80 mil doses da vacina Sputnik V","datePublished":"2021-03-04T17:33:59+00:00","dateModified":"2021-03-04T17:34:25+00:00","mainEntityOfPage":{"@id":"https:\/\/regiaonews.net.br\/2022\/2021\/03\/04\/paula-lemos-anuncia-interesse-de-barretos-para-aquisicao-de-80-mil-doses-da-vacina-sputnik-v\/"},"wordCount":874,"commentCount":0,"publisher":{"@id":"https:\/\/regiaonews.net.br\/2022\/#organization"},"image":{"@id":"https:\/\/regiaonews.net.br\/2022\/2021\/03\/04\/paula-lemos-anuncia-interesse-de-barretos-para-aquisicao-de-80-mil-doses-da-vacina-sputnik-v\/#primaryimage"},"thumbnailUrl":"https:\/\/regiaonews.net.br\/2022\/wp-content\/uploads\/2021\/03\/NIV_7193.jpg","articleSection":["Barretos","Cidades"],"inLanguage":"pt-BR","potentialAction":[{"@type":"CommentAction","name":"Comment","target":["https:\/\/regiaonews.net.br\/2022\/2021\/03\/04\/paula-lemos-anuncia-interesse-de-barretos-para-aquisicao-de-80-mil-doses-da-vacina-sputnik-v\/#respond"]}]},{"@type":"WebPage","@id":"https:\/\/regiaonews.net.br\/2022\/2021\/03\/04\/paula-lemos-anuncia-interesse-de-barretos-para-aquisicao-de-80-mil-doses-da-vacina-sputnik-v\/","url":"https:\/\/regiaonews.net.br\/2022\/2021\/03\/04\/paula-lemos-anuncia-interesse-de-barretos-para-aquisicao-de-80-mil-doses-da-vacina-sputnik-v\/","name":"Paula Lemos anuncia interesse de Barretos para aquisi\u00e7\u00e3o de 80 mil doses da vacina Sputnik V - Regi\u00e3o News","isPartOf":{"@id":"https:\/\/regiaonews.net.br\/2022\/#website"},"primaryImageOfPage":{"@id":"https:\/\/regiaonews.net.br\/2022\/2021\/03\/04\/paula-lemos-anuncia-interesse-de-barretos-para-aquisicao-de-80-mil-doses-da-vacina-sputnik-v\/#primaryimage"},"image":{"@id":"https:\/\/regiaonews.net.br\/2022\/2021\/03\/04\/paula-lemos-anuncia-interesse-de-barretos-para-aquisicao-de-80-mil-doses-da-vacina-sputnik-v\/#primaryimage"},"thumbnailUrl":"https:\/\/regiaonews.net.br\/2022\/wp-content\/uploads\/2021\/03\/NIV_7193.jpg","datePublished":"2021-03-04T17:33:59+00:00","dateModified":"2021-03-04T17:34:25+00:00","breadcrumb":{"@id":"https:\/\/regiaonews.net.br\/2022\/2021\/03\/04\/paula-lemos-anuncia-interesse-de-barretos-para-aquisicao-de-80-mil-doses-da-vacina-sputnik-v\/#breadcrumb"},"inLanguage":"pt-BR","potentialAction":[{"@type":"ReadAction","target":["https:\/\/regiaonews.net.br\/2022\/2021\/03\/04\/paula-lemos-anuncia-interesse-de-barretos-para-aquisicao-de-80-mil-doses-da-vacina-sputnik-v\/"]}]},{"@type":"ImageObject","inLanguage":"pt-BR","@id":"https:\/\/regiaonews.net.br\/2022\/2021\/03\/04\/paula-lemos-anuncia-interesse-de-barretos-para-aquisicao-de-80-mil-doses-da-vacina-sputnik-v\/#primaryimage","url":"https:\/\/regiaonews.net.br\/2022\/wp-content\/uploads\/2021\/03\/NIV_7193.jpg","contentUrl":"https:\/\/regiaonews.net.br\/2022\/wp-content\/uploads\/2021\/03\/NIV_7193.jpg","width":836,"height":555},{"@type":"BreadcrumbList","@id":"https:\/\/regiaonews.net.br\/2022\/2021\/03\/04\/paula-lemos-anuncia-interesse-de-barretos-para-aquisicao-de-80-mil-doses-da-vacina-sputnik-v\/#breadcrumb","itemListElement":[{"@type":"ListItem","position":1,"name":"In\u00edcio","item":"https:\/\/regiaonews.net.br\/2022\/"},{"@type":"ListItem","position":2,"name":"Paula Lemos anuncia interesse de Barretos para aquisi\u00e7\u00e3o de 80 mil doses da vacina Sputnik V"}]},{"@type":"WebSite","@id":"https:\/\/regiaonews.net.br\/2022\/#website","url":"https:\/\/regiaonews.net.br\/2022\/","name":"Regi\u00e3o News","description":"Site de Not\u00edcias de Barretos e regi\u00e3o","publisher":{"@id":"https:\/\/regiaonews.net.br\/2022\/#organization"},"potentialAction":[{"@type":"SearchAction","target":{"@type":"EntryPoint","urlTemplate":"https:\/\/regiaonews.net.br\/2022\/?s={search_term_string}"},"query-input":{"@type":"PropertyValueSpecification","valueRequired":true,"valueName":"search_term_string"}}],"inLanguage":"pt-BR"},{"@type":"Organization","@id":"https:\/\/regiaonews.net.br\/2022\/#organization","name":"Regi\u00e3o News","url":"https:\/\/regiaonews.net.br\/2022\/","logo":{"@type":"ImageObject","inLanguage":"pt-BR","@id":"https:\/\/regiaonews.net.br\/2022\/#\/schema\/logo\/image\/","url":"https:\/\/regiaonews.net.br\/2022\/wp-content\/uploads\/2026\/03\/regiao-13-anos-scaled.jpg","contentUrl":"https:\/\/regiaonews.net.br\/2022\/wp-content\/uploads\/2026\/03\/regiao-13-anos-scaled.jpg","width":2560,"height":635,"caption":"Regi\u00e3o News"},"image":{"@id":"https:\/\/regiaonews.net.br\/2022\/#\/schema\/logo\/image\/"}},{"@type":"Person","@id":"https:\/\/regiaonews.net.br\/2022\/#\/schema\/person\/2d205a608a5aa97ac279d7a5e6d89ad8","name":"Roberto","image":{"@type":"ImageObject","inLanguage":"pt-BR","@id":"https:\/\/secure.gravatar.com\/avatar\/42749d8b712ff9d59ca93dc150494e5b55a44134482993f5baeb97e61b7ecc89?s=96&d=mm&r=g","url":"https:\/\/secure.gravatar.com\/avatar\/42749d8b712ff9d59ca93dc150494e5b55a44134482993f5baeb97e61b7ecc89?s=96&d=mm&r=g","contentUrl":"https:\/\/secure.gravatar.com\/avatar\/42749d8b712ff9d59ca93dc150494e5b55a44134482993f5baeb97e61b7ecc89?s=96&d=mm&r=g","caption":"Roberto"},"url":"https:\/\/regiaonews.net.br\/2022\/author\/roberto\/"}]}},"publishpress_future_action":{"enabled":false,"date":"2026-05-03 22:39:55","action":"change-status","newStatus":"draft","terms":[],"taxonomy":"category","extraData":[]},"publishpress_future_workflow_manual_trigger":{"enabledWorkflows":[]},"_links":{"self":[{"href":"https:\/\/regiaonews.net.br\/2022\/wp-json\/wp\/v2\/posts\/43719","targetHints":{"allow":["GET"]}}],"collection":[{"href":"https:\/\/regiaonews.net.br\/2022\/wp-json\/wp\/v2\/posts"}],"about":[{"href":"https:\/\/regiaonews.net.br\/2022\/wp-json\/wp\/v2\/types\/post"}],"author":[{"embeddable":true,"href":"https:\/\/regiaonews.net.br\/2022\/wp-json\/wp\/v2\/users\/2"}],"replies":[{"embeddable":true,"href":"https:\/\/regiaonews.net.br\/2022\/wp-json\/wp\/v2\/comments?post=43719"}],"version-history":[{"count":0,"href":"https:\/\/regiaonews.net.br\/2022\/wp-json\/wp\/v2\/posts\/43719\/revisions"}],"wp:featuredmedia":[{"embeddable":true,"href":"https:\/\/regiaonews.net.br\/2022\/wp-json\/wp\/v2\/media\/43720"}],"wp:attachment":[{"href":"https:\/\/regiaonews.net.br\/2022\/wp-json\/wp\/v2\/media?parent=43719"}],"wp:term":[{"taxonomy":"category","embeddable":true,"href":"https:\/\/regiaonews.net.br\/2022\/wp-json\/wp\/v2\/categories?post=43719"},{"taxonomy":"post_tag","embeddable":true,"href":"https:\/\/regiaonews.net.br\/2022\/wp-json\/wp\/v2\/tags?post=43719"}],"curies":[{"name":"wp","href":"https:\/\/api.w.org\/{rel}","templated":true}]}}