{"id":43714,"date":"2021-03-04T10:07:22","date_gmt":"2021-03-04T13:07:22","guid":{"rendered":"https:\/\/regiaonews.net.br\/2022\/?p=43714"},"modified":"2021-03-04T10:08:50","modified_gmt":"2021-03-04T13:08:50","slug":"diretoria-da-triunfo-transbrasilianaanuncia-duplicacao-da-br-153-ate-rio-grande","status":"publish","type":"post","link":"https:\/\/regiaonews.net.br\/2022\/2021\/03\/04\/diretoria-da-triunfo-transbrasilianaanuncia-duplicacao-da-br-153-ate-rio-grande\/","title":{"rendered":"Diretoria da Triunfo Transbrasiliana anuncia duplica\u00e7\u00e3o da BR-153 at\u00e9 rio Grande"},"content":{"rendered":"<p><a href=\"https:\/\/regiaonews.net.br\/2022\/wp-content\/uploads\/2021\/03\/diretoria-da-triunfo-anuncia-duplicacao-da-br-153-ate-rio-grande-2133225530.png\"><img loading=\"lazy\" decoding=\"async\" class=\"alignnone size-medium wp-image-43715\" src=\"https:\/\/regiaonews.net.br\/2022\/wp-content\/uploads\/2021\/03\/diretoria-da-triunfo-anuncia-duplicacao-da-br-153-ate-rio-grande-2133225530-300x187.png\" alt=\"\" width=\"300\" height=\"187\" \/><\/a><\/p>\n<p class=\"pt-1 gazeta-content__head--subtitle\">Prefeito Edinho Ara\u00fajo recebeu representantes da concession\u00e1ria nesta quarta-feira<\/p>\n<p>Representantes da concession\u00e1ria Triunfo Transbrasiliana se reuniram com o prefeito de Rio Preto, Edinho Ara\u00fajo, na tarde desta quarta-feira, 3, para informar a retomada dos processos de licenciamento e desapropria\u00e7\u00e3o necess\u00e1rios para a duplica\u00e7\u00e3o da rodovia Transbrasiliana (BR-153), entre Rio Preto e Ic\u00e9m, na divisa com Minas Gerais.<\/p>\n<p>A tramita\u00e7\u00e3o estava suspensa por decis\u00e3o da Justi\u00e7a Federal, a pedido da Ag\u00eancia Nacional de Transportes Terrestres (ANTT). Nova decis\u00e3o do TRF da 1\u00aa Regi\u00e3o liberou, na segunda-feira, 1\u00b0, o prosseguimento do processo burocr\u00e1tico.<\/p>\n<p>Participaram da reuni\u00e3o com o prefeito: Marcos Pereira, diretor-presidente da Triunfo Transbrasiliana; Rodrigo Barboza, diretor de engenharia e Opera\u00e7\u00f5es; Jos\u00e9 Garcia Neto, gerente jur\u00eddico da empresa; e o secret\u00e1rio de Obras de Rio Preto, Israel Cestari.<\/p>\n<p><strong>A decis\u00e3o<\/strong><\/p>\n<p>O Tribunal Regional Federal da 1\u00aa Regi\u00e3o deu provimento ao recurso interposto pela concession\u00e1ria, nos autos do Mandado de Seguran\u00e7a que autoriza o in\u00edcio das obras de duplica\u00e7\u00e3o da BR-153\/SP, especificamente do Lote 01 (km 0 ao km 51+700), de Ic\u00e9m a S\u00e3o Jos\u00e9 de Rio Preto, e Lote 03 (km 162 ao km 195+200), de Promiss\u00e3o a Getulina.<\/p>\n<p>Al\u00e9m disso, a decis\u00e3o prev\u00ea o reequil\u00edbrio do contrato de concess\u00e3o, por meio da revis\u00e3o da tarifa de ped\u00e1gio, j\u00e1 que as obras de duplica\u00e7\u00e3o n\u00e3o estavam previstas no contrato original.<\/p>\n<p>A previs\u00e3o \u00e9 que sejam gerados 720 empregos diretos, 1,5 mil empregos indiretos, al\u00e9m de mais de R$ 72,1 milh\u00f5es em impostos.<\/p>\n<p><strong>Os trechos<\/strong><\/p>\n<p><strong>Lote 01:<\/strong>\u00a0duplica\u00e7\u00e3o de 51,7 quil\u00f4metros das faixas de rolamento, quatro pontes, um passarela, \u00a0tr\u00eas acessos em n\u00edvel, seis acessos em desn\u00edvel, quatro retornos em desn\u00edvel, tr\u00eas passagens de fauna e duas amplia\u00e7\u00f5es de obras de arte especiais j\u00e1 existentes.<\/p>\n<p><strong>Lote 03:<\/strong>\u00a0duplica\u00e7\u00e3o de 33,2 quil\u00f4metros das faixas de rolamento, uma passarela, um acesso em n\u00edvel, quatro acessos em desn\u00edvel, um retorno em desn\u00edvel, dois adequa\u00e7\u00f5es para a pista dupla da obra de arte existente e seis passagens de fauna.<\/p>\n<p>FONTE : GAZETA DE RIO PRETO<\/p>\n","protected":false},"excerpt":{"rendered":"<p>Prefeito Edinho Ara\u00fajo recebeu representantes da concession\u00e1ria nesta quarta-feira Representantes<\/p>\n","protected":false},"author":2,"featured_media":43715,"comment_status":"open","ping_status":"open","sticky":false,"template":"","format":"standard","meta":{"footnotes":""},"categories":[25,38],"tags":[],"class_list":["post-43714","post","type-post","status-publish","format-standard","has-post-thumbnail","hentry","category-cidades","category-sao-jose-do-rio-preto"],"yoast_head":"<!-- This site is optimized with the Yoast SEO plugin v27.4 - https:\/\/yoast.com\/product\/yoast-seo-wordpress\/ -->\n<title>Diretoria da Triunfo Transbrasiliana anuncia duplica\u00e7\u00e3o da BR-153 at\u00e9 rio Grande - Regi\u00e3o News<\/title>\n<meta name=\"robots\" content=\"index, follow, max-snippet:-1, max-image-preview:large, max-video-preview:-1\" \/>\n<link rel=\"canonical\" href=\"https:\/\/regiaonews.net.br\/2022\/2021\/03\/04\/diretoria-da-triunfo-transbrasilianaanuncia-duplicacao-da-br-153-ate-rio-grande\/\" \/>\n<meta property=\"og:locale\" content=\"pt_BR\" \/>\n<meta property=\"og:type\" content=\"article\" \/>\n<meta property=\"og:title\" content=\"Diretoria da Triunfo Transbrasiliana anuncia duplica\u00e7\u00e3o da BR-153 at\u00e9 rio Grande - Regi\u00e3o News\" \/>\n<meta property=\"og:description\" content=\"Prefeito Edinho Ara\u00fajo recebeu representantes da concession\u00e1ria nesta quarta-feira Representantes\" \/>\n<meta property=\"og:url\" content=\"https:\/\/regiaonews.net.br\/2022\/2021\/03\/04\/diretoria-da-triunfo-transbrasilianaanuncia-duplicacao-da-br-153-ate-rio-grande\/\" \/>\n<meta property=\"og:site_name\" content=\"Regi\u00e3o News\" \/>\n<meta property=\"article:published_time\" content=\"2021-03-04T13:07:22+00:00\" \/>\n<meta property=\"article:modified_time\" content=\"2021-03-04T13:08:50+00:00\" \/>\n<meta property=\"og:image\" content=\"https:\/\/regiaonews.net.br\/2022\/wp-content\/uploads\/2021\/03\/diretoria-da-triunfo-anuncia-duplicacao-da-br-153-ate-rio-grande-2133225530.png\" \/>\n\t<meta property=\"og:image:width\" content=\"1140\" \/>\n\t<meta property=\"og:image:height\" content=\"712\" \/>\n\t<meta property=\"og:image:type\" content=\"image\/png\" \/>\n<meta name=\"author\" content=\"Roberto\" \/>\n<meta name=\"twitter:card\" content=\"summary_large_image\" \/>\n<meta name=\"twitter:label1\" content=\"Escrito por\" \/>\n\t<meta name=\"twitter:data1\" content=\"Roberto\" \/>\n\t<meta name=\"twitter:label2\" content=\"Est. tempo de leitura\" \/>\n\t<meta name=\"twitter:data2\" content=\"2 minutos\" \/>\n<script type=\"application\/ld+json\" class=\"yoast-schema-graph\">{\"@context\":\"https:\\\/\\\/schema.org\",\"@graph\":[{\"@type\":\"Article\",\"@id\":\"https:\\\/\\\/regiaonews.net.br\\\/2022\\\/2021\\\/03\\\/04\\\/diretoria-da-triunfo-transbrasilianaanuncia-duplicacao-da-br-153-ate-rio-grande\\\/#article\",\"isPartOf\":{\"@id\":\"https:\\\/\\\/regiaonews.net.br\\\/2022\\\/2021\\\/03\\\/04\\\/diretoria-da-triunfo-transbrasilianaanuncia-duplicacao-da-br-153-ate-rio-grande\\\/\"},\"author\":{\"name\":\"Roberto\",\"@id\":\"https:\\\/\\\/regiaonews.net.br\\\/2022\\\/#\\\/schema\\\/person\\\/2d205a608a5aa97ac279d7a5e6d89ad8\"},\"headline\":\"Diretoria da Triunfo Transbrasiliana anuncia duplica\u00e7\u00e3o da BR-153 at\u00e9 rio Grande\",\"datePublished\":\"2021-03-04T13:07:22+00:00\",\"dateModified\":\"2021-03-04T13:08:50+00:00\",\"mainEntityOfPage\":{\"@id\":\"https:\\\/\\\/regiaonews.net.br\\\/2022\\\/2021\\\/03\\\/04\\\/diretoria-da-triunfo-transbrasilianaanuncia-duplicacao-da-br-153-ate-rio-grande\\\/\"},\"wordCount\":376,\"commentCount\":0,\"publisher\":{\"@id\":\"https:\\\/\\\/regiaonews.net.br\\\/2022\\\/#organization\"},\"image\":{\"@id\":\"https:\\\/\\\/regiaonews.net.br\\\/2022\\\/2021\\\/03\\\/04\\\/diretoria-da-triunfo-transbrasilianaanuncia-duplicacao-da-br-153-ate-rio-grande\\\/#primaryimage\"},\"thumbnailUrl\":\"https:\\\/\\\/regiaonews.net.br\\\/2022\\\/wp-content\\\/uploads\\\/2021\\\/03\\\/diretoria-da-triunfo-anuncia-duplicacao-da-br-153-ate-rio-grande-2133225530.png\",\"articleSection\":[\"Cidades\",\"S\u00e3o Jos\u00e9 do RIo Preto\"],\"inLanguage\":\"pt-BR\",\"potentialAction\":[{\"@type\":\"CommentAction\",\"name\":\"Comment\",\"target\":[\"https:\\\/\\\/regiaonews.net.br\\\/2022\\\/2021\\\/03\\\/04\\\/diretoria-da-triunfo-transbrasilianaanuncia-duplicacao-da-br-153-ate-rio-grande\\\/#respond\"]}]},{\"@type\":\"WebPage\",\"@id\":\"https:\\\/\\\/regiaonews.net.br\\\/2022\\\/2021\\\/03\\\/04\\\/diretoria-da-triunfo-transbrasilianaanuncia-duplicacao-da-br-153-ate-rio-grande\\\/\",\"url\":\"https:\\\/\\\/regiaonews.net.br\\\/2022\\\/2021\\\/03\\\/04\\\/diretoria-da-triunfo-transbrasilianaanuncia-duplicacao-da-br-153-ate-rio-grande\\\/\",\"name\":\"Diretoria da Triunfo Transbrasiliana anuncia duplica\u00e7\u00e3o da BR-153 at\u00e9 rio Grande - Regi\u00e3o News\",\"isPartOf\":{\"@id\":\"https:\\\/\\\/regiaonews.net.br\\\/2022\\\/#website\"},\"primaryImageOfPage\":{\"@id\":\"https:\\\/\\\/regiaonews.net.br\\\/2022\\\/2021\\\/03\\\/04\\\/diretoria-da-triunfo-transbrasilianaanuncia-duplicacao-da-br-153-ate-rio-grande\\\/#primaryimage\"},\"image\":{\"@id\":\"https:\\\/\\\/regiaonews.net.br\\\/2022\\\/2021\\\/03\\\/04\\\/diretoria-da-triunfo-transbrasilianaanuncia-duplicacao-da-br-153-ate-rio-grande\\\/#primaryimage\"},\"thumbnailUrl\":\"https:\\\/\\\/regiaonews.net.br\\\/2022\\\/wp-content\\\/uploads\\\/2021\\\/03\\\/diretoria-da-triunfo-anuncia-duplicacao-da-br-153-ate-rio-grande-2133225530.png\",\"datePublished\":\"2021-03-04T13:07:22+00:00\",\"dateModified\":\"2021-03-04T13:08:50+00:00\",\"breadcrumb\":{\"@id\":\"https:\\\/\\\/regiaonews.net.br\\\/2022\\\/2021\\\/03\\\/04\\\/diretoria-da-triunfo-transbrasilianaanuncia-duplicacao-da-br-153-ate-rio-grande\\\/#breadcrumb\"},\"inLanguage\":\"pt-BR\",\"potentialAction\":[{\"@type\":\"ReadAction\",\"target\":[\"https:\\\/\\\/regiaonews.net.br\\\/2022\\\/2021\\\/03\\\/04\\\/diretoria-da-triunfo-transbrasilianaanuncia-duplicacao-da-br-153-ate-rio-grande\\\/\"]}]},{\"@type\":\"ImageObject\",\"inLanguage\":\"pt-BR\",\"@id\":\"https:\\\/\\\/regiaonews.net.br\\\/2022\\\/2021\\\/03\\\/04\\\/diretoria-da-triunfo-transbrasilianaanuncia-duplicacao-da-br-153-ate-rio-grande\\\/#primaryimage\",\"url\":\"https:\\\/\\\/regiaonews.net.br\\\/2022\\\/wp-content\\\/uploads\\\/2021\\\/03\\\/diretoria-da-triunfo-anuncia-duplicacao-da-br-153-ate-rio-grande-2133225530.png\",\"contentUrl\":\"https:\\\/\\\/regiaonews.net.br\\\/2022\\\/wp-content\\\/uploads\\\/2021\\\/03\\\/diretoria-da-triunfo-anuncia-duplicacao-da-br-153-ate-rio-grande-2133225530.png\",\"width\":1140,\"height\":712},{\"@type\":\"BreadcrumbList\",\"@id\":\"https:\\\/\\\/regiaonews.net.br\\\/2022\\\/2021\\\/03\\\/04\\\/diretoria-da-triunfo-transbrasilianaanuncia-duplicacao-da-br-153-ate-rio-grande\\\/#breadcrumb\",\"itemListElement\":[{\"@type\":\"ListItem\",\"position\":1,\"name\":\"In\u00edcio\",\"item\":\"https:\\\/\\\/regiaonews.net.br\\\/2022\\\/\"},{\"@type\":\"ListItem\",\"position\":2,\"name\":\"Diretoria da Triunfo Transbrasiliana anuncia duplica\u00e7\u00e3o da BR-153 at\u00e9 rio Grande\"}]},{\"@type\":\"WebSite\",\"@id\":\"https:\\\/\\\/regiaonews.net.br\\\/2022\\\/#website\",\"url\":\"https:\\\/\\\/regiaonews.net.br\\\/2022\\\/\",\"name\":\"Regi\u00e3o News\",\"description\":\"Site de Not\u00edcias de Barretos e regi\u00e3o\",\"publisher\":{\"@id\":\"https:\\\/\\\/regiaonews.net.br\\\/2022\\\/#organization\"},\"potentialAction\":[{\"@type\":\"SearchAction\",\"target\":{\"@type\":\"EntryPoint\",\"urlTemplate\":\"https:\\\/\\\/regiaonews.net.br\\\/2022\\\/?s={search_term_string}\"},\"query-input\":{\"@type\":\"PropertyValueSpecification\",\"valueRequired\":true,\"valueName\":\"search_term_string\"}}],\"inLanguage\":\"pt-BR\"},{\"@type\":\"Organization\",\"@id\":\"https:\\\/\\\/regiaonews.net.br\\\/2022\\\/#organization\",\"name\":\"Regi\u00e3o News\",\"url\":\"https:\\\/\\\/regiaonews.net.br\\\/2022\\\/\",\"logo\":{\"@type\":\"ImageObject\",\"inLanguage\":\"pt-BR\",\"@id\":\"https:\\\/\\\/regiaonews.net.br\\\/2022\\\/#\\\/schema\\\/logo\\\/image\\\/\",\"url\":\"https:\\\/\\\/regiaonews.net.br\\\/2022\\\/wp-content\\\/uploads\\\/2026\\\/03\\\/regiao-13-anos-scaled.jpg\",\"contentUrl\":\"https:\\\/\\\/regiaonews.net.br\\\/2022\\\/wp-content\\\/uploads\\\/2026\\\/03\\\/regiao-13-anos-scaled.jpg\",\"width\":2560,\"height\":635,\"caption\":\"Regi\u00e3o News\"},\"image\":{\"@id\":\"https:\\\/\\\/regiaonews.net.br\\\/2022\\\/#\\\/schema\\\/logo\\\/image\\\/\"}},{\"@type\":\"Person\",\"@id\":\"https:\\\/\\\/regiaonews.net.br\\\/2022\\\/#\\\/schema\\\/person\\\/2d205a608a5aa97ac279d7a5e6d89ad8\",\"name\":\"Roberto\",\"image\":{\"@type\":\"ImageObject\",\"inLanguage\":\"pt-BR\",\"@id\":\"https:\\\/\\\/secure.gravatar.com\\\/avatar\\\/42749d8b712ff9d59ca93dc150494e5b55a44134482993f5baeb97e61b7ecc89?s=96&d=mm&r=g\",\"url\":\"https:\\\/\\\/secure.gravatar.com\\\/avatar\\\/42749d8b712ff9d59ca93dc150494e5b55a44134482993f5baeb97e61b7ecc89?s=96&d=mm&r=g\",\"contentUrl\":\"https:\\\/\\\/secure.gravatar.com\\\/avatar\\\/42749d8b712ff9d59ca93dc150494e5b55a44134482993f5baeb97e61b7ecc89?s=96&d=mm&r=g\",\"caption\":\"Roberto\"},\"url\":\"https:\\\/\\\/regiaonews.net.br\\\/2022\\\/author\\\/roberto\\\/\"}]}<\/script>\n<!-- \/ Yoast SEO plugin. -->","yoast_head_json":{"title":"Diretoria da Triunfo Transbrasiliana anuncia duplica\u00e7\u00e3o da BR-153 at\u00e9 rio Grande - Regi\u00e3o News","robots":{"index":"index","follow":"follow","max-snippet":"max-snippet:-1","max-image-preview":"max-image-preview:large","max-video-preview":"max-video-preview:-1"},"canonical":"https:\/\/regiaonews.net.br\/2022\/2021\/03\/04\/diretoria-da-triunfo-transbrasilianaanuncia-duplicacao-da-br-153-ate-rio-grande\/","og_locale":"pt_BR","og_type":"article","og_title":"Diretoria da Triunfo Transbrasiliana anuncia duplica\u00e7\u00e3o da BR-153 at\u00e9 rio Grande - Regi\u00e3o News","og_description":"Prefeito Edinho Ara\u00fajo recebeu representantes da concession\u00e1ria nesta quarta-feira Representantes","og_url":"https:\/\/regiaonews.net.br\/2022\/2021\/03\/04\/diretoria-da-triunfo-transbrasilianaanuncia-duplicacao-da-br-153-ate-rio-grande\/","og_site_name":"Regi\u00e3o News","article_published_time":"2021-03-04T13:07:22+00:00","article_modified_time":"2021-03-04T13:08:50+00:00","og_image":[{"width":1140,"height":712,"url":"https:\/\/regiaonews.net.br\/2022\/wp-content\/uploads\/2021\/03\/diretoria-da-triunfo-anuncia-duplicacao-da-br-153-ate-rio-grande-2133225530.png","type":"image\/png"}],"author":"Roberto","twitter_card":"summary_large_image","twitter_misc":{"Escrito por":"Roberto","Est. tempo de leitura":"2 minutos"},"schema":{"@context":"https:\/\/schema.org","@graph":[{"@type":"Article","@id":"https:\/\/regiaonews.net.br\/2022\/2021\/03\/04\/diretoria-da-triunfo-transbrasilianaanuncia-duplicacao-da-br-153-ate-rio-grande\/#article","isPartOf":{"@id":"https:\/\/regiaonews.net.br\/2022\/2021\/03\/04\/diretoria-da-triunfo-transbrasilianaanuncia-duplicacao-da-br-153-ate-rio-grande\/"},"author":{"name":"Roberto","@id":"https:\/\/regiaonews.net.br\/2022\/#\/schema\/person\/2d205a608a5aa97ac279d7a5e6d89ad8"},"headline":"Diretoria da Triunfo Transbrasiliana anuncia duplica\u00e7\u00e3o da BR-153 at\u00e9 rio Grande","datePublished":"2021-03-04T13:07:22+00:00","dateModified":"2021-03-04T13:08:50+00:00","mainEntityOfPage":{"@id":"https:\/\/regiaonews.net.br\/2022\/2021\/03\/04\/diretoria-da-triunfo-transbrasilianaanuncia-duplicacao-da-br-153-ate-rio-grande\/"},"wordCount":376,"commentCount":0,"publisher":{"@id":"https:\/\/regiaonews.net.br\/2022\/#organization"},"image":{"@id":"https:\/\/regiaonews.net.br\/2022\/2021\/03\/04\/diretoria-da-triunfo-transbrasilianaanuncia-duplicacao-da-br-153-ate-rio-grande\/#primaryimage"},"thumbnailUrl":"https:\/\/regiaonews.net.br\/2022\/wp-content\/uploads\/2021\/03\/diretoria-da-triunfo-anuncia-duplicacao-da-br-153-ate-rio-grande-2133225530.png","articleSection":["Cidades","S\u00e3o Jos\u00e9 do RIo Preto"],"inLanguage":"pt-BR","potentialAction":[{"@type":"CommentAction","name":"Comment","target":["https:\/\/regiaonews.net.br\/2022\/2021\/03\/04\/diretoria-da-triunfo-transbrasilianaanuncia-duplicacao-da-br-153-ate-rio-grande\/#respond"]}]},{"@type":"WebPage","@id":"https:\/\/regiaonews.net.br\/2022\/2021\/03\/04\/diretoria-da-triunfo-transbrasilianaanuncia-duplicacao-da-br-153-ate-rio-grande\/","url":"https:\/\/regiaonews.net.br\/2022\/2021\/03\/04\/diretoria-da-triunfo-transbrasilianaanuncia-duplicacao-da-br-153-ate-rio-grande\/","name":"Diretoria da Triunfo Transbrasiliana anuncia duplica\u00e7\u00e3o da BR-153 at\u00e9 rio Grande - Regi\u00e3o News","isPartOf":{"@id":"https:\/\/regiaonews.net.br\/2022\/#website"},"primaryImageOfPage":{"@id":"https:\/\/regiaonews.net.br\/2022\/2021\/03\/04\/diretoria-da-triunfo-transbrasilianaanuncia-duplicacao-da-br-153-ate-rio-grande\/#primaryimage"},"image":{"@id":"https:\/\/regiaonews.net.br\/2022\/2021\/03\/04\/diretoria-da-triunfo-transbrasilianaanuncia-duplicacao-da-br-153-ate-rio-grande\/#primaryimage"},"thumbnailUrl":"https:\/\/regiaonews.net.br\/2022\/wp-content\/uploads\/2021\/03\/diretoria-da-triunfo-anuncia-duplicacao-da-br-153-ate-rio-grande-2133225530.png","datePublished":"2021-03-04T13:07:22+00:00","dateModified":"2021-03-04T13:08:50+00:00","breadcrumb":{"@id":"https:\/\/regiaonews.net.br\/2022\/2021\/03\/04\/diretoria-da-triunfo-transbrasilianaanuncia-duplicacao-da-br-153-ate-rio-grande\/#breadcrumb"},"inLanguage":"pt-BR","potentialAction":[{"@type":"ReadAction","target":["https:\/\/regiaonews.net.br\/2022\/2021\/03\/04\/diretoria-da-triunfo-transbrasilianaanuncia-duplicacao-da-br-153-ate-rio-grande\/"]}]},{"@type":"ImageObject","inLanguage":"pt-BR","@id":"https:\/\/regiaonews.net.br\/2022\/2021\/03\/04\/diretoria-da-triunfo-transbrasilianaanuncia-duplicacao-da-br-153-ate-rio-grande\/#primaryimage","url":"https:\/\/regiaonews.net.br\/2022\/wp-content\/uploads\/2021\/03\/diretoria-da-triunfo-anuncia-duplicacao-da-br-153-ate-rio-grande-2133225530.png","contentUrl":"https:\/\/regiaonews.net.br\/2022\/wp-content\/uploads\/2021\/03\/diretoria-da-triunfo-anuncia-duplicacao-da-br-153-ate-rio-grande-2133225530.png","width":1140,"height":712},{"@type":"BreadcrumbList","@id":"https:\/\/regiaonews.net.br\/2022\/2021\/03\/04\/diretoria-da-triunfo-transbrasilianaanuncia-duplicacao-da-br-153-ate-rio-grande\/#breadcrumb","itemListElement":[{"@type":"ListItem","position":1,"name":"In\u00edcio","item":"https:\/\/regiaonews.net.br\/2022\/"},{"@type":"ListItem","position":2,"name":"Diretoria da Triunfo Transbrasiliana anuncia duplica\u00e7\u00e3o da BR-153 at\u00e9 rio Grande"}]},{"@type":"WebSite","@id":"https:\/\/regiaonews.net.br\/2022\/#website","url":"https:\/\/regiaonews.net.br\/2022\/","name":"Regi\u00e3o News","description":"Site de Not\u00edcias de Barretos e regi\u00e3o","publisher":{"@id":"https:\/\/regiaonews.net.br\/2022\/#organization"},"potentialAction":[{"@type":"SearchAction","target":{"@type":"EntryPoint","urlTemplate":"https:\/\/regiaonews.net.br\/2022\/?s={search_term_string}"},"query-input":{"@type":"PropertyValueSpecification","valueRequired":true,"valueName":"search_term_string"}}],"inLanguage":"pt-BR"},{"@type":"Organization","@id":"https:\/\/regiaonews.net.br\/2022\/#organization","name":"Regi\u00e3o News","url":"https:\/\/regiaonews.net.br\/2022\/","logo":{"@type":"ImageObject","inLanguage":"pt-BR","@id":"https:\/\/regiaonews.net.br\/2022\/#\/schema\/logo\/image\/","url":"https:\/\/regiaonews.net.br\/2022\/wp-content\/uploads\/2026\/03\/regiao-13-anos-scaled.jpg","contentUrl":"https:\/\/regiaonews.net.br\/2022\/wp-content\/uploads\/2026\/03\/regiao-13-anos-scaled.jpg","width":2560,"height":635,"caption":"Regi\u00e3o News"},"image":{"@id":"https:\/\/regiaonews.net.br\/2022\/#\/schema\/logo\/image\/"}},{"@type":"Person","@id":"https:\/\/regiaonews.net.br\/2022\/#\/schema\/person\/2d205a608a5aa97ac279d7a5e6d89ad8","name":"Roberto","image":{"@type":"ImageObject","inLanguage":"pt-BR","@id":"https:\/\/secure.gravatar.com\/avatar\/42749d8b712ff9d59ca93dc150494e5b55a44134482993f5baeb97e61b7ecc89?s=96&d=mm&r=g","url":"https:\/\/secure.gravatar.com\/avatar\/42749d8b712ff9d59ca93dc150494e5b55a44134482993f5baeb97e61b7ecc89?s=96&d=mm&r=g","contentUrl":"https:\/\/secure.gravatar.com\/avatar\/42749d8b712ff9d59ca93dc150494e5b55a44134482993f5baeb97e61b7ecc89?s=96&d=mm&r=g","caption":"Roberto"},"url":"https:\/\/regiaonews.net.br\/2022\/author\/roberto\/"}]}},"publishpress_future_action":{"enabled":false,"date":"2026-05-03 20:54:14","action":"change-status","newStatus":"draft","terms":[],"taxonomy":"category","extraData":[]},"publishpress_future_workflow_manual_trigger":{"enabledWorkflows":[]},"_links":{"self":[{"href":"https:\/\/regiaonews.net.br\/2022\/wp-json\/wp\/v2\/posts\/43714","targetHints":{"allow":["GET"]}}],"collection":[{"href":"https:\/\/regiaonews.net.br\/2022\/wp-json\/wp\/v2\/posts"}],"about":[{"href":"https:\/\/regiaonews.net.br\/2022\/wp-json\/wp\/v2\/types\/post"}],"author":[{"embeddable":true,"href":"https:\/\/regiaonews.net.br\/2022\/wp-json\/wp\/v2\/users\/2"}],"replies":[{"embeddable":true,"href":"https:\/\/regiaonews.net.br\/2022\/wp-json\/wp\/v2\/comments?post=43714"}],"version-history":[{"count":0,"href":"https:\/\/regiaonews.net.br\/2022\/wp-json\/wp\/v2\/posts\/43714\/revisions"}],"wp:featuredmedia":[{"embeddable":true,"href":"https:\/\/regiaonews.net.br\/2022\/wp-json\/wp\/v2\/media\/43715"}],"wp:attachment":[{"href":"https:\/\/regiaonews.net.br\/2022\/wp-json\/wp\/v2\/media?parent=43714"}],"wp:term":[{"taxonomy":"category","embeddable":true,"href":"https:\/\/regiaonews.net.br\/2022\/wp-json\/wp\/v2\/categories?post=43714"},{"taxonomy":"post_tag","embeddable":true,"href":"https:\/\/regiaonews.net.br\/2022\/wp-json\/wp\/v2\/tags?post=43714"}],"curies":[{"name":"wp","href":"https:\/\/api.w.org\/{rel}","templated":true}]}}