{"id":43709,"date":"2021-03-04T06:43:47","date_gmt":"2021-03-04T09:43:47","guid":{"rendered":"https:\/\/regiaonews.net.br\/2022\/?p=43709"},"modified":"2021-03-04T06:43:47","modified_gmt":"2021-03-04T09:43:47","slug":"senado-aprova-pec-emergencial-em-1o-turno-proposta-viabiliza-auxilio-emergencial","status":"publish","type":"post","link":"https:\/\/regiaonews.net.br\/2022\/2021\/03\/04\/senado-aprova-pec-emergencial-em-1o-turno-proposta-viabiliza-auxilio-emergencial\/","title":{"rendered":"Senado aprova PEC Emergencial em 1\u00ba turno; proposta viabiliza aux\u00edlio emergencial"},"content":{"rendered":"<div class=\"mc-column content-text active-extra-styles \" data-block-type=\"unstyled\" data-block-weight=\"19\" data-block-id=\"2\">\n<p data-track-category=\"Link no Texto\" data-track-links=\"\"><a href=\"https:\/\/regiaonews.net.br\/2022\/wp-content\/uploads\/2020\/04\/auxilio-emergencial-passos-1200x675.jpg\"><img loading=\"lazy\" decoding=\"async\" class=\"alignnone size-medium wp-image-30422\" src=\"https:\/\/regiaonews.net.br\/2022\/wp-content\/uploads\/2020\/04\/auxilio-emergencial-passos-1200x675-300x169.jpg\" alt=\"\" width=\"300\" height=\"169\" \/><\/a><\/p>\n<p class=\"content-text__container \" data-track-category=\"Link no Texto\" data-track-links=\"\">O\u00a0<a href=\"https:\/\/g1.globo.com\/tudo-sobre\/senado-federal\/\">Senado<\/a>\u00a0aprovou nesta quarta-feira (3) em 1\u00ba turno a proposta de emenda \u00e0 Constitui\u00e7\u00e3o conhecida como\u00a0<a href=\"https:\/\/g1.globo.com\/politica\/noticia\/2021\/03\/02\/pec-emergencial-bittar-retira-fim-dos-pisos-constitucionais-de-saude-e-educacao-e-le-relatorio.ghtml\">PEC Emergencial<\/a>.<\/p>\n<\/div>\n<div class=\"wall protected-content\">\n<div class=\"mc-column content-text active-extra-styles \" data-block-type=\"unstyled\" data-block-weight=\"42\" data-block-id=\"3\">\n<p class=\"content-text__container \" data-track-category=\"Link no Texto\" data-track-links=\"\">A proposta prev\u00ea uma s\u00e9rie de medidas que podem ser adotadas em caso de descumprimento do<a href=\"https:\/\/g1.globo.com\/politica\/noticia\/pec-do-teto-de-gastos-e-promulgada-no-congresso.ghtml\">\u00a0teto de gastos<\/a>, regra que limita o aumento dos gastos da Uni\u00e3o \u00e0 infla\u00e7\u00e3o do ano anterior. O texto tamb\u00e9m viabiliza a retomada do\u00a0<a href=\"https:\/\/g1.globo.com\/economia\/auxilio-emergencial\/\">aux\u00edlio emergencial<\/a>.<\/p>\n<\/div>\n<div class=\"mc-column content-text active-extra-styles \" data-block-type=\"unstyled\" data-block-weight=\"43\" data-block-id=\"4\">\n<p class=\"content-text__container \" data-track-category=\"Link no Texto\" data-track-links=\"\">Em um primeiro momento da sess\u00e3o, os senadores aprovaram o texto-base por 62 votos a 16. Depois, passaram \u00e0 an\u00e1lise dos destaques, que visavam modificar o conte\u00fado. Todos foram rejeitados, incluindo um do PT, que definia em R$ 600 o valor do aux\u00edlio.<\/p>\n<\/div>\n<div class=\"mc-column content-text active-extra-styles\" data-block-type=\"raw\" data-block-weight=\"8\" data-block-id=\"5\">\n<p class=\"content-text__container\">\n<ul class=\"content-unordered-list\">\n<li><a href=\"https:\/\/especiais.g1.globo.com\/politica\/2019\/o-voto-dos-senadores\/#\/projetos\/pec-emergencial-1-turno\/\" target=\"_blank\" rel=\"noopener\"><strong>Saiba como votou cada senador sobre o texto-base<\/strong><\/a><\/li>\n<\/ul>\n<p>&nbsp;<\/p>\n<\/div>\n<div class=\"mc-column content-text active-extra-styles \" data-block-type=\"unstyled\" data-block-weight=\"19\" data-block-id=\"6\">\n<p class=\"content-text__container \" data-track-category=\"Link no Texto\" data-track-links=\"\">Para concluir a vota\u00e7\u00e3o, os senadores ainda precisam aprovar a PEC em segundo turno, marcado para esta quinta (4).<\/p>\n<\/div>\n<div class=\"mc-column content-text active-extra-styles \" data-block-type=\"unstyled\" data-block-weight=\"33\" data-block-id=\"7\">\n<p class=\"content-text__container \" data-track-category=\"Link no Texto\" data-track-links=\"\">Se aprovado em dois turnos, o texto seguir\u00e1 para a\u00a0<a href=\"https:\/\/g1.globo.com\/tudo-sobre\/camara-dos-deputados\/\">C\u00e2mara dos Deputados<\/a>, onde, de acordo com o presidente da Casa,\u00a0<a href=\"https:\/\/g1.globo.com\/tudo-sobre\/arthur-lira\/\">Arthur Lira<\/a>\u00a0(PP-AL), a maioria dos l\u00edderes apoia a an\u00e1lise com rapidez.<\/p>\n<div class=\"mc-column content-text active-extra-styles\" data-block-type=\"raw\" data-block-weight=\"2\" data-block-id=\"11\">\n<div class=\"content-intertitle\">\n<h2>Aux\u00edlio emergencial<\/h2>\n<\/div>\n<p>&nbsp;<\/p>\n<\/div>\n<div class=\"mc-column content-text active-extra-styles \" data-block-type=\"unstyled\" data-block-weight=\"27\" data-block-id=\"12\">\n<p class=\"content-text__container \" data-track-category=\"Link no Texto\" data-track-links=\"\">A proposta aprovada\u00a0<span class=\"highlight highlighted\">n\u00e3o detalha valores, dura\u00e7\u00e3o ou condi\u00e7\u00f5es<\/span>\u00a0para o novo aux\u00edlio emergencial. O texto\u00a0<span class=\"highlight highlighted\">flexibiliza regras fiscais<\/span>\u00a0para abrir espa\u00e7o para a retomada do programa.<\/p>\n<\/div>\n<div class=\"mc-column content-text active-extra-styles \" data-block-type=\"unstyled\" data-block-weight=\"20\" data-block-id=\"13\">\n<p class=\"content-text__container \" data-track-category=\"Link no Texto\" data-track-links=\"\">Isso porque, pela PEC, a eventual retomada do aux\u00edlio n\u00e3o precisar\u00e1 ser submetida a limita\u00e7\u00f5es previstas no teto de gastos.<\/p>\n<\/div>\n<div class=\"mc-column content-text active-extra-styles \" data-block-type=\"unstyled\" data-block-weight=\"22\" data-block-id=\"14\">\n<p class=\"content-text__container \" data-track-category=\"Link no Texto\" data-track-links=\"\">A proposta concede autoriza\u00e7\u00e3o para descumprimento das limita\u00e7\u00f5es\u00a0<span class=\"highlight highlighted\">somente para a Uni\u00e3o<\/span>, tentando evitar maior deteriora\u00e7\u00e3o das contas de estados e munic\u00edpios.<\/p>\n<\/div>\n<div class=\"mc-column content-text active-extra-styles \" data-block-type=\"unstyled\" data-block-weight=\"29\" data-block-id=\"15\">\n<p class=\"content-text__container \" data-track-category=\"Link no Texto\" data-track-links=\"\">O texto determina ainda que as despesas com o novo programa ser\u00e3o previstas por meio de abertura de cr\u00e9dito extraordin\u00e1rio, a ser encaminhado pelo governo para an\u00e1lise do Congresso.<\/p>\n<\/div>\n<div class=\"mc-column content-text active-extra-styles \" data-block-type=\"unstyled\" data-block-weight=\"52\" data-block-id=\"16\">\n<p class=\"content-text__container \" data-track-category=\"Link no Texto\" data-track-links=\"\">Nesta quarta-feira, em uma complementa\u00e7\u00e3o do relat\u00f3rio, o senador M\u00e1rcio Bittar (MDB-AC), relator da PEC, estipulou um limite para gastos fora do teto,\u00a0<span class=\"highlight highlighted\">no valor de R$ 44 bilh\u00f5es, para custeio do novo aux\u00edlio<\/span>. Essa trava n\u00e3o \u00e9 uma estimativa de quanto custar\u00e1 o programa, mas um teto de recursos para banc\u00e1-lo.<\/p>\n<\/div>\n<div class=\"mc-column content-text active-extra-styles \" data-block-type=\"unstyled\" data-block-weight=\"27\" data-block-id=\"17\">\n<p class=\"content-text__container \" data-track-category=\"Link no Texto\" data-track-links=\"\">O limite foi definido ap\u00f3s parlamentares tentarem\u00a0<a href=\"https:\/\/g1.globo.com\/economia\/blog\/ana-flor\/post\/2021\/03\/02\/lideres-sugerem-deixar-bolsa-familia-fora-do-teto-de-gastos.ghtml\">estender ao Bolsa Fam\u00edlia a possibilidade de extrapolar o teto<\/a>, proposta que, segundo Arthur Lira,\u00a0<a href=\"https:\/\/g1.globo.com\/politica\/noticia\/2021\/03\/03\/pec-emergencial-lira-diz-que-congresso-nao-criara-nova-excecao-no-teto-de-gastos.ghtml\">n\u00e3o ser\u00e1 aprovada pelo Congresso<\/a>.<\/p>\n<div class=\"mc-column content-text active-extra-styles\" data-block-type=\"raw\" data-block-weight=\"5\" data-block-id=\"19\">\n<div class=\"content-intertitle\">\n<h2>R$ 250 por 4 meses<\/h2>\n<\/div>\n<p>Em uma transmiss\u00e3o na semana passada, o presidente <a href=\"https:\/\/g1.globo.com\/politica\/politico\/jair-bolsonaro\/\">Jair Bolsonaro<\/a>\u00a0disse que o aux\u00edlio emergencial dever\u00e1 ser retomado ainda no m\u00eas de mar\u00e7o, com\u00a0<a href=\"https:\/\/g1.globo.com\/politica\/noticia\/2021\/02\/25\/auxilio-emergencial-bolsonaro-fala-em-pagar-quatro-parcelas-de-r-250-na-nova-rodada.ghtml\">dura\u00e7\u00e3o de quatro meses<\/a>.<\/p>\n<div class=\"mc-column content-text active-extra-styles \" data-block-type=\"unstyled\" data-block-weight=\"31\" data-block-id=\"22\">\n<p class=\"content-text__container \" data-track-category=\"Link no Texto\" data-track-links=\"\">Inicialmente, a equipe econ\u00f4mica do governo defendia o valor de R$ 200, enquanto congressistas prop\u00f5em pelo menos R$ 300, ou seja, metade do valor pago no in\u00edcio do programa em 2020.<\/p>\n<\/div>\n<div class=\"mc-column content-text active-extra-styles \" data-block-type=\"unstyled\" data-block-weight=\"22\" data-block-id=\"23\">\n<p class=\"content-text__container \" data-track-category=\"Link no Texto\" data-track-links=\"\">O governo tamb\u00e9m quer\u00a0<a href=\"https:\/\/g1.globo.com\/economia\/noticia\/2021\/02\/04\/guedes-diz-que-auxilio-emergencial-pode-voltar-para-metade-dos-beneficiarios.ghtml\">reduzir a quantidade de benefici\u00e1rios \u00e0 metade<\/a>, portanto, conceder o aux\u00edlio a cerca de 32 milh\u00f5es de brasileiros.<\/p>\n<p data-track-category=\"Link no Texto\" data-track-links=\"\">fonte : G1<\/p>\n<\/div>\n<\/div>\n<\/div>\n<\/div>\n<\/div>\n","protected":false},"excerpt":{"rendered":"<p>O\u00a0Senado\u00a0aprovou nesta quarta-feira (3) em 1\u00ba turno a proposta de<\/p>\n","protected":false},"author":2,"featured_media":30422,"comment_status":"open","ping_status":"open","sticky":false,"template":"","format":"standard","meta":{"footnotes":""},"categories":[24,25],"tags":[],"class_list":["post-43709","post","type-post","status-publish","format-standard","has-post-thumbnail","hentry","category-brasil","category-cidades"],"yoast_head":"<!-- This site is optimized with the Yoast SEO plugin v27.4 - https:\/\/yoast.com\/product\/yoast-seo-wordpress\/ -->\n<title>Senado aprova PEC Emergencial em 1\u00ba turno; proposta viabiliza aux\u00edlio emergencial - Regi\u00e3o News<\/title>\n<meta name=\"robots\" content=\"index, follow, max-snippet:-1, max-image-preview:large, max-video-preview:-1\" \/>\n<link rel=\"canonical\" href=\"https:\/\/regiaonews.net.br\/2022\/2021\/03\/04\/senado-aprova-pec-emergencial-em-1o-turno-proposta-viabiliza-auxilio-emergencial\/\" \/>\n<meta property=\"og:locale\" content=\"pt_BR\" \/>\n<meta property=\"og:type\" content=\"article\" \/>\n<meta property=\"og:title\" content=\"Senado aprova PEC Emergencial em 1\u00ba turno; proposta viabiliza aux\u00edlio emergencial - Regi\u00e3o News\" \/>\n<meta property=\"og:description\" content=\"O\u00a0Senado\u00a0aprovou nesta quarta-feira (3) em 1\u00ba turno a proposta de\" \/>\n<meta property=\"og:url\" content=\"https:\/\/regiaonews.net.br\/2022\/2021\/03\/04\/senado-aprova-pec-emergencial-em-1o-turno-proposta-viabiliza-auxilio-emergencial\/\" \/>\n<meta property=\"og:site_name\" content=\"Regi\u00e3o News\" \/>\n<meta property=\"article:published_time\" content=\"2021-03-04T09:43:47+00:00\" \/>\n<meta property=\"og:image\" content=\"https:\/\/regiaonews.net.br\/2022\/wp-content\/uploads\/2020\/04\/auxilio-emergencial-passos-1200x675.jpg\" \/>\n\t<meta property=\"og:image:width\" content=\"1200\" \/>\n\t<meta property=\"og:image:height\" content=\"675\" \/>\n\t<meta property=\"og:image:type\" content=\"image\/jpeg\" \/>\n<meta name=\"author\" content=\"Roberto\" \/>\n<meta name=\"twitter:card\" content=\"summary_large_image\" \/>\n<meta name=\"twitter:label1\" content=\"Escrito por\" \/>\n\t<meta name=\"twitter:data1\" content=\"Roberto\" \/>\n\t<meta name=\"twitter:label2\" content=\"Est. tempo de leitura\" \/>\n\t<meta name=\"twitter:data2\" content=\"2 minutos\" \/>\n<script type=\"application\/ld+json\" class=\"yoast-schema-graph\">{\"@context\":\"https:\\\/\\\/schema.org\",\"@graph\":[{\"@type\":\"Article\",\"@id\":\"https:\\\/\\\/regiaonews.net.br\\\/2022\\\/2021\\\/03\\\/04\\\/senado-aprova-pec-emergencial-em-1o-turno-proposta-viabiliza-auxilio-emergencial\\\/#article\",\"isPartOf\":{\"@id\":\"https:\\\/\\\/regiaonews.net.br\\\/2022\\\/2021\\\/03\\\/04\\\/senado-aprova-pec-emergencial-em-1o-turno-proposta-viabiliza-auxilio-emergencial\\\/\"},\"author\":{\"name\":\"Roberto\",\"@id\":\"https:\\\/\\\/regiaonews.net.br\\\/2022\\\/#\\\/schema\\\/person\\\/2d205a608a5aa97ac279d7a5e6d89ad8\"},\"headline\":\"Senado aprova PEC Emergencial em 1\u00ba turno; proposta viabiliza aux\u00edlio emergencial\",\"datePublished\":\"2021-03-04T09:43:47+00:00\",\"mainEntityOfPage\":{\"@id\":\"https:\\\/\\\/regiaonews.net.br\\\/2022\\\/2021\\\/03\\\/04\\\/senado-aprova-pec-emergencial-em-1o-turno-proposta-viabiliza-auxilio-emergencial\\\/\"},\"wordCount\":480,\"commentCount\":0,\"publisher\":{\"@id\":\"https:\\\/\\\/regiaonews.net.br\\\/2022\\\/#organization\"},\"image\":{\"@id\":\"https:\\\/\\\/regiaonews.net.br\\\/2022\\\/2021\\\/03\\\/04\\\/senado-aprova-pec-emergencial-em-1o-turno-proposta-viabiliza-auxilio-emergencial\\\/#primaryimage\"},\"thumbnailUrl\":\"https:\\\/\\\/regiaonews.net.br\\\/2022\\\/wp-content\\\/uploads\\\/2020\\\/04\\\/auxilio-emergencial-passos-1200x675.jpg\",\"articleSection\":[\"Brasil\",\"Cidades\"],\"inLanguage\":\"pt-BR\",\"potentialAction\":[{\"@type\":\"CommentAction\",\"name\":\"Comment\",\"target\":[\"https:\\\/\\\/regiaonews.net.br\\\/2022\\\/2021\\\/03\\\/04\\\/senado-aprova-pec-emergencial-em-1o-turno-proposta-viabiliza-auxilio-emergencial\\\/#respond\"]}]},{\"@type\":\"WebPage\",\"@id\":\"https:\\\/\\\/regiaonews.net.br\\\/2022\\\/2021\\\/03\\\/04\\\/senado-aprova-pec-emergencial-em-1o-turno-proposta-viabiliza-auxilio-emergencial\\\/\",\"url\":\"https:\\\/\\\/regiaonews.net.br\\\/2022\\\/2021\\\/03\\\/04\\\/senado-aprova-pec-emergencial-em-1o-turno-proposta-viabiliza-auxilio-emergencial\\\/\",\"name\":\"Senado aprova PEC Emergencial em 1\u00ba turno; proposta viabiliza aux\u00edlio emergencial - Regi\u00e3o News\",\"isPartOf\":{\"@id\":\"https:\\\/\\\/regiaonews.net.br\\\/2022\\\/#website\"},\"primaryImageOfPage\":{\"@id\":\"https:\\\/\\\/regiaonews.net.br\\\/2022\\\/2021\\\/03\\\/04\\\/senado-aprova-pec-emergencial-em-1o-turno-proposta-viabiliza-auxilio-emergencial\\\/#primaryimage\"},\"image\":{\"@id\":\"https:\\\/\\\/regiaonews.net.br\\\/2022\\\/2021\\\/03\\\/04\\\/senado-aprova-pec-emergencial-em-1o-turno-proposta-viabiliza-auxilio-emergencial\\\/#primaryimage\"},\"thumbnailUrl\":\"https:\\\/\\\/regiaonews.net.br\\\/2022\\\/wp-content\\\/uploads\\\/2020\\\/04\\\/auxilio-emergencial-passos-1200x675.jpg\",\"datePublished\":\"2021-03-04T09:43:47+00:00\",\"breadcrumb\":{\"@id\":\"https:\\\/\\\/regiaonews.net.br\\\/2022\\\/2021\\\/03\\\/04\\\/senado-aprova-pec-emergencial-em-1o-turno-proposta-viabiliza-auxilio-emergencial\\\/#breadcrumb\"},\"inLanguage\":\"pt-BR\",\"potentialAction\":[{\"@type\":\"ReadAction\",\"target\":[\"https:\\\/\\\/regiaonews.net.br\\\/2022\\\/2021\\\/03\\\/04\\\/senado-aprova-pec-emergencial-em-1o-turno-proposta-viabiliza-auxilio-emergencial\\\/\"]}]},{\"@type\":\"ImageObject\",\"inLanguage\":\"pt-BR\",\"@id\":\"https:\\\/\\\/regiaonews.net.br\\\/2022\\\/2021\\\/03\\\/04\\\/senado-aprova-pec-emergencial-em-1o-turno-proposta-viabiliza-auxilio-emergencial\\\/#primaryimage\",\"url\":\"https:\\\/\\\/regiaonews.net.br\\\/2022\\\/wp-content\\\/uploads\\\/2020\\\/04\\\/auxilio-emergencial-passos-1200x675.jpg\",\"contentUrl\":\"https:\\\/\\\/regiaonews.net.br\\\/2022\\\/wp-content\\\/uploads\\\/2020\\\/04\\\/auxilio-emergencial-passos-1200x675.jpg\",\"width\":1200,\"height\":675},{\"@type\":\"BreadcrumbList\",\"@id\":\"https:\\\/\\\/regiaonews.net.br\\\/2022\\\/2021\\\/03\\\/04\\\/senado-aprova-pec-emergencial-em-1o-turno-proposta-viabiliza-auxilio-emergencial\\\/#breadcrumb\",\"itemListElement\":[{\"@type\":\"ListItem\",\"position\":1,\"name\":\"In\u00edcio\",\"item\":\"https:\\\/\\\/regiaonews.net.br\\\/2022\\\/\"},{\"@type\":\"ListItem\",\"position\":2,\"name\":\"Senado aprova PEC Emergencial em 1\u00ba turno; proposta viabiliza aux\u00edlio emergencial\"}]},{\"@type\":\"WebSite\",\"@id\":\"https:\\\/\\\/regiaonews.net.br\\\/2022\\\/#website\",\"url\":\"https:\\\/\\\/regiaonews.net.br\\\/2022\\\/\",\"name\":\"Regi\u00e3o News\",\"description\":\"Site de Not\u00edcias de Barretos e regi\u00e3o\",\"publisher\":{\"@id\":\"https:\\\/\\\/regiaonews.net.br\\\/2022\\\/#organization\"},\"potentialAction\":[{\"@type\":\"SearchAction\",\"target\":{\"@type\":\"EntryPoint\",\"urlTemplate\":\"https:\\\/\\\/regiaonews.net.br\\\/2022\\\/?s={search_term_string}\"},\"query-input\":{\"@type\":\"PropertyValueSpecification\",\"valueRequired\":true,\"valueName\":\"search_term_string\"}}],\"inLanguage\":\"pt-BR\"},{\"@type\":\"Organization\",\"@id\":\"https:\\\/\\\/regiaonews.net.br\\\/2022\\\/#organization\",\"name\":\"Regi\u00e3o News\",\"url\":\"https:\\\/\\\/regiaonews.net.br\\\/2022\\\/\",\"logo\":{\"@type\":\"ImageObject\",\"inLanguage\":\"pt-BR\",\"@id\":\"https:\\\/\\\/regiaonews.net.br\\\/2022\\\/#\\\/schema\\\/logo\\\/image\\\/\",\"url\":\"https:\\\/\\\/regiaonews.net.br\\\/2022\\\/wp-content\\\/uploads\\\/2026\\\/03\\\/regiao-13-anos-scaled.jpg\",\"contentUrl\":\"https:\\\/\\\/regiaonews.net.br\\\/2022\\\/wp-content\\\/uploads\\\/2026\\\/03\\\/regiao-13-anos-scaled.jpg\",\"width\":2560,\"height\":635,\"caption\":\"Regi\u00e3o News\"},\"image\":{\"@id\":\"https:\\\/\\\/regiaonews.net.br\\\/2022\\\/#\\\/schema\\\/logo\\\/image\\\/\"}},{\"@type\":\"Person\",\"@id\":\"https:\\\/\\\/regiaonews.net.br\\\/2022\\\/#\\\/schema\\\/person\\\/2d205a608a5aa97ac279d7a5e6d89ad8\",\"name\":\"Roberto\",\"image\":{\"@type\":\"ImageObject\",\"inLanguage\":\"pt-BR\",\"@id\":\"https:\\\/\\\/secure.gravatar.com\\\/avatar\\\/42749d8b712ff9d59ca93dc150494e5b55a44134482993f5baeb97e61b7ecc89?s=96&d=mm&r=g\",\"url\":\"https:\\\/\\\/secure.gravatar.com\\\/avatar\\\/42749d8b712ff9d59ca93dc150494e5b55a44134482993f5baeb97e61b7ecc89?s=96&d=mm&r=g\",\"contentUrl\":\"https:\\\/\\\/secure.gravatar.com\\\/avatar\\\/42749d8b712ff9d59ca93dc150494e5b55a44134482993f5baeb97e61b7ecc89?s=96&d=mm&r=g\",\"caption\":\"Roberto\"},\"url\":\"https:\\\/\\\/regiaonews.net.br\\\/2022\\\/author\\\/roberto\\\/\"}]}<\/script>\n<!-- \/ Yoast SEO plugin. -->","yoast_head_json":{"title":"Senado aprova PEC Emergencial em 1\u00ba turno; proposta viabiliza aux\u00edlio emergencial - Regi\u00e3o News","robots":{"index":"index","follow":"follow","max-snippet":"max-snippet:-1","max-image-preview":"max-image-preview:large","max-video-preview":"max-video-preview:-1"},"canonical":"https:\/\/regiaonews.net.br\/2022\/2021\/03\/04\/senado-aprova-pec-emergencial-em-1o-turno-proposta-viabiliza-auxilio-emergencial\/","og_locale":"pt_BR","og_type":"article","og_title":"Senado aprova PEC Emergencial em 1\u00ba turno; proposta viabiliza aux\u00edlio emergencial - Regi\u00e3o News","og_description":"O\u00a0Senado\u00a0aprovou nesta quarta-feira (3) em 1\u00ba turno a proposta de","og_url":"https:\/\/regiaonews.net.br\/2022\/2021\/03\/04\/senado-aprova-pec-emergencial-em-1o-turno-proposta-viabiliza-auxilio-emergencial\/","og_site_name":"Regi\u00e3o News","article_published_time":"2021-03-04T09:43:47+00:00","og_image":[{"width":1200,"height":675,"url":"https:\/\/regiaonews.net.br\/2022\/wp-content\/uploads\/2020\/04\/auxilio-emergencial-passos-1200x675.jpg","type":"image\/jpeg"}],"author":"Roberto","twitter_card":"summary_large_image","twitter_misc":{"Escrito por":"Roberto","Est. tempo de leitura":"2 minutos"},"schema":{"@context":"https:\/\/schema.org","@graph":[{"@type":"Article","@id":"https:\/\/regiaonews.net.br\/2022\/2021\/03\/04\/senado-aprova-pec-emergencial-em-1o-turno-proposta-viabiliza-auxilio-emergencial\/#article","isPartOf":{"@id":"https:\/\/regiaonews.net.br\/2022\/2021\/03\/04\/senado-aprova-pec-emergencial-em-1o-turno-proposta-viabiliza-auxilio-emergencial\/"},"author":{"name":"Roberto","@id":"https:\/\/regiaonews.net.br\/2022\/#\/schema\/person\/2d205a608a5aa97ac279d7a5e6d89ad8"},"headline":"Senado aprova PEC Emergencial em 1\u00ba turno; proposta viabiliza aux\u00edlio emergencial","datePublished":"2021-03-04T09:43:47+00:00","mainEntityOfPage":{"@id":"https:\/\/regiaonews.net.br\/2022\/2021\/03\/04\/senado-aprova-pec-emergencial-em-1o-turno-proposta-viabiliza-auxilio-emergencial\/"},"wordCount":480,"commentCount":0,"publisher":{"@id":"https:\/\/regiaonews.net.br\/2022\/#organization"},"image":{"@id":"https:\/\/regiaonews.net.br\/2022\/2021\/03\/04\/senado-aprova-pec-emergencial-em-1o-turno-proposta-viabiliza-auxilio-emergencial\/#primaryimage"},"thumbnailUrl":"https:\/\/regiaonews.net.br\/2022\/wp-content\/uploads\/2020\/04\/auxilio-emergencial-passos-1200x675.jpg","articleSection":["Brasil","Cidades"],"inLanguage":"pt-BR","potentialAction":[{"@type":"CommentAction","name":"Comment","target":["https:\/\/regiaonews.net.br\/2022\/2021\/03\/04\/senado-aprova-pec-emergencial-em-1o-turno-proposta-viabiliza-auxilio-emergencial\/#respond"]}]},{"@type":"WebPage","@id":"https:\/\/regiaonews.net.br\/2022\/2021\/03\/04\/senado-aprova-pec-emergencial-em-1o-turno-proposta-viabiliza-auxilio-emergencial\/","url":"https:\/\/regiaonews.net.br\/2022\/2021\/03\/04\/senado-aprova-pec-emergencial-em-1o-turno-proposta-viabiliza-auxilio-emergencial\/","name":"Senado aprova PEC Emergencial em 1\u00ba turno; proposta viabiliza aux\u00edlio emergencial - Regi\u00e3o News","isPartOf":{"@id":"https:\/\/regiaonews.net.br\/2022\/#website"},"primaryImageOfPage":{"@id":"https:\/\/regiaonews.net.br\/2022\/2021\/03\/04\/senado-aprova-pec-emergencial-em-1o-turno-proposta-viabiliza-auxilio-emergencial\/#primaryimage"},"image":{"@id":"https:\/\/regiaonews.net.br\/2022\/2021\/03\/04\/senado-aprova-pec-emergencial-em-1o-turno-proposta-viabiliza-auxilio-emergencial\/#primaryimage"},"thumbnailUrl":"https:\/\/regiaonews.net.br\/2022\/wp-content\/uploads\/2020\/04\/auxilio-emergencial-passos-1200x675.jpg","datePublished":"2021-03-04T09:43:47+00:00","breadcrumb":{"@id":"https:\/\/regiaonews.net.br\/2022\/2021\/03\/04\/senado-aprova-pec-emergencial-em-1o-turno-proposta-viabiliza-auxilio-emergencial\/#breadcrumb"},"inLanguage":"pt-BR","potentialAction":[{"@type":"ReadAction","target":["https:\/\/regiaonews.net.br\/2022\/2021\/03\/04\/senado-aprova-pec-emergencial-em-1o-turno-proposta-viabiliza-auxilio-emergencial\/"]}]},{"@type":"ImageObject","inLanguage":"pt-BR","@id":"https:\/\/regiaonews.net.br\/2022\/2021\/03\/04\/senado-aprova-pec-emergencial-em-1o-turno-proposta-viabiliza-auxilio-emergencial\/#primaryimage","url":"https:\/\/regiaonews.net.br\/2022\/wp-content\/uploads\/2020\/04\/auxilio-emergencial-passos-1200x675.jpg","contentUrl":"https:\/\/regiaonews.net.br\/2022\/wp-content\/uploads\/2020\/04\/auxilio-emergencial-passos-1200x675.jpg","width":1200,"height":675},{"@type":"BreadcrumbList","@id":"https:\/\/regiaonews.net.br\/2022\/2021\/03\/04\/senado-aprova-pec-emergencial-em-1o-turno-proposta-viabiliza-auxilio-emergencial\/#breadcrumb","itemListElement":[{"@type":"ListItem","position":1,"name":"In\u00edcio","item":"https:\/\/regiaonews.net.br\/2022\/"},{"@type":"ListItem","position":2,"name":"Senado aprova PEC Emergencial em 1\u00ba turno; proposta viabiliza aux\u00edlio emergencial"}]},{"@type":"WebSite","@id":"https:\/\/regiaonews.net.br\/2022\/#website","url":"https:\/\/regiaonews.net.br\/2022\/","name":"Regi\u00e3o News","description":"Site de Not\u00edcias de Barretos e regi\u00e3o","publisher":{"@id":"https:\/\/regiaonews.net.br\/2022\/#organization"},"potentialAction":[{"@type":"SearchAction","target":{"@type":"EntryPoint","urlTemplate":"https:\/\/regiaonews.net.br\/2022\/?s={search_term_string}"},"query-input":{"@type":"PropertyValueSpecification","valueRequired":true,"valueName":"search_term_string"}}],"inLanguage":"pt-BR"},{"@type":"Organization","@id":"https:\/\/regiaonews.net.br\/2022\/#organization","name":"Regi\u00e3o News","url":"https:\/\/regiaonews.net.br\/2022\/","logo":{"@type":"ImageObject","inLanguage":"pt-BR","@id":"https:\/\/regiaonews.net.br\/2022\/#\/schema\/logo\/image\/","url":"https:\/\/regiaonews.net.br\/2022\/wp-content\/uploads\/2026\/03\/regiao-13-anos-scaled.jpg","contentUrl":"https:\/\/regiaonews.net.br\/2022\/wp-content\/uploads\/2026\/03\/regiao-13-anos-scaled.jpg","width":2560,"height":635,"caption":"Regi\u00e3o News"},"image":{"@id":"https:\/\/regiaonews.net.br\/2022\/#\/schema\/logo\/image\/"}},{"@type":"Person","@id":"https:\/\/regiaonews.net.br\/2022\/#\/schema\/person\/2d205a608a5aa97ac279d7a5e6d89ad8","name":"Roberto","image":{"@type":"ImageObject","inLanguage":"pt-BR","@id":"https:\/\/secure.gravatar.com\/avatar\/42749d8b712ff9d59ca93dc150494e5b55a44134482993f5baeb97e61b7ecc89?s=96&d=mm&r=g","url":"https:\/\/secure.gravatar.com\/avatar\/42749d8b712ff9d59ca93dc150494e5b55a44134482993f5baeb97e61b7ecc89?s=96&d=mm&r=g","contentUrl":"https:\/\/secure.gravatar.com\/avatar\/42749d8b712ff9d59ca93dc150494e5b55a44134482993f5baeb97e61b7ecc89?s=96&d=mm&r=g","caption":"Roberto"},"url":"https:\/\/regiaonews.net.br\/2022\/author\/roberto\/"}]}},"publishpress_future_action":{"enabled":false,"date":"2026-05-03 22:39:03","action":"change-status","newStatus":"draft","terms":[],"taxonomy":"category","extraData":[]},"publishpress_future_workflow_manual_trigger":{"enabledWorkflows":[]},"_links":{"self":[{"href":"https:\/\/regiaonews.net.br\/2022\/wp-json\/wp\/v2\/posts\/43709","targetHints":{"allow":["GET"]}}],"collection":[{"href":"https:\/\/regiaonews.net.br\/2022\/wp-json\/wp\/v2\/posts"}],"about":[{"href":"https:\/\/regiaonews.net.br\/2022\/wp-json\/wp\/v2\/types\/post"}],"author":[{"embeddable":true,"href":"https:\/\/regiaonews.net.br\/2022\/wp-json\/wp\/v2\/users\/2"}],"replies":[{"embeddable":true,"href":"https:\/\/regiaonews.net.br\/2022\/wp-json\/wp\/v2\/comments?post=43709"}],"version-history":[{"count":0,"href":"https:\/\/regiaonews.net.br\/2022\/wp-json\/wp\/v2\/posts\/43709\/revisions"}],"wp:featuredmedia":[{"embeddable":true,"href":"https:\/\/regiaonews.net.br\/2022\/wp-json\/wp\/v2\/media\/30422"}],"wp:attachment":[{"href":"https:\/\/regiaonews.net.br\/2022\/wp-json\/wp\/v2\/media?parent=43709"}],"wp:term":[{"taxonomy":"category","embeddable":true,"href":"https:\/\/regiaonews.net.br\/2022\/wp-json\/wp\/v2\/categories?post=43709"},{"taxonomy":"post_tag","embeddable":true,"href":"https:\/\/regiaonews.net.br\/2022\/wp-json\/wp\/v2\/tags?post=43709"}],"curies":[{"name":"wp","href":"https:\/\/api.w.org\/{rel}","templated":true}]}}