{"id":43706,"date":"2021-03-04T06:24:35","date_gmt":"2021-03-04T09:24:35","guid":{"rendered":"https:\/\/regiaonews.net.br\/2022\/?p=43706"},"modified":"2021-03-04T06:25:43","modified_gmt":"2021-03-04T09:25:43","slug":"saae-esclarece-problema-sobre-abastecimento-de-agua-nos-predinhos","status":"publish","type":"post","link":"https:\/\/regiaonews.net.br\/2022\/2021\/03\/04\/saae-esclarece-problema-sobre-abastecimento-de-agua-nos-predinhos\/","title":{"rendered":"SAAE esclarece problema sobre abastecimento de \u00e1gua nos Predinhos"},"content":{"rendered":"<p><a href=\"https:\/\/regiaonews.net.br\/2022\/wp-content\/uploads\/2021\/03\/predinhos-site.jpg\"><img loading=\"lazy\" decoding=\"async\" class=\"alignnone size-medium wp-image-43707\" src=\"https:\/\/regiaonews.net.br\/2022\/wp-content\/uploads\/2021\/03\/predinhos-site-300x188.jpg\" alt=\"\" width=\"300\" height=\"188\" \/><\/a><\/p>\n<p>Na noite de ter\u00e7a-feira (02), uma equipe do SAAE Barretos, na companhia do vereador Raphael Silv\u00e9rio, esteve no Bloco 23B do Conjunto Nilton Siqueira Sopa para instruir os moradores quanto \u00e0s adequa\u00e7\u00f5es necess\u00e1rias que eles precisam realizar a fim de que o problema de abastecimento de \u00e1gua seja resolvido.<\/p>\n<p>O encontro com os moradores foi uma resposta a um requerimento da C\u00e2mara Municipal n\u00ba 166\/2021, de autoria do vereador, encaminhado para a autarquia que esteve representada por Waldo Villani J\u00fanior \u2013 Engenheiro Civil e Superintendente, Leone Wilman Filho \u2013 Engenheiro Civil e Diretor T\u00e9cnico, Lu\u00eds Carlos Diniz Buch \u2013 coordenador da Se\u00e7\u00e3o de Apoio Administrativo, e Renato Silva Pereira \u2013 Engenheiro Civil.<\/p>\n<p>Foi explicado que o problema n\u00e3o era causado e nem podia ser solucionado pelo SAAEB, tendo em vista que a CDHU construiu os pr\u00e9dios dentro das normas de engenharia com reservat\u00f3rio subterr\u00e2neo que leva \u00e1gua, por meio de uma bomba, para o reservat\u00f3rio elevado. E que tempos atr\u00e1s essa bomba, cujo o custo da energia era rateado, foi retirada pelos pr\u00f3prios moradores, tendo em vista de que nem todos queriam ou podiam dividir o valor da despesa de energia. Anularam, ent\u00e3o, por conta pr\u00f3pria a bomba e a \u00e1gua, em momentos de grande consumo no pr\u00e9dio, n\u00e3o tem for\u00e7a para subir para todos os apartamentos.<\/p>\n<p>\u201cPara terminar o problema de falta de \u00e1gua os moradores precisam reativar o reservat\u00f3rio subterr\u00e2neo conforme o projeto da CDHU para que a \u00e1gua volte a ser bombeada para cima. O SAAE se prop\u00f4s, via Departamento de Engenharia, a apresentar um projeto com as especifica\u00e7\u00f5es de equipamentos necess\u00e1rios para auxiliar os moradores nessa reativa\u00e7\u00e3o da bomba\u201d, explicou Buch.<\/p>\n<p>Segundo o superintendente, a Lei Complementar N\u00ba 4 de Barretos, a exemplo do que a norma brasileira de instala\u00e7\u00f5es hidr\u00e1ulicas determina, edif\u00edcios com altura superior a 9 metros, com tr\u00eas ou mais pavimentos, s\u00e3o obrigados a ter reservat\u00f3rios inferiores. \u201cO SAAEB tem que entregar \u00e1gua no reservat\u00f3rio inferior e o transporte dela at\u00e9 o superior \u00e9 por conta do edif\u00edcio. A obriga\u00e7\u00e3o do SAAEB termina na exata divisa do terreno. Para dentro \u00e9 obriga\u00e7\u00e3o do morador, para fora \u00e9 obriga\u00e7\u00e3o do SAAE\u201d, destacou.<\/p>\n","protected":false},"excerpt":{"rendered":"<p>Na noite de ter\u00e7a-feira (02), uma equipe do SAAE Barretos,<\/p>\n","protected":false},"author":2,"featured_media":27946,"comment_status":"open","ping_status":"open","sticky":false,"template":"","format":"standard","meta":{"footnotes":""},"categories":[14,25],"tags":[],"class_list":["post-43706","post","type-post","status-publish","format-standard","has-post-thumbnail","hentry","category-barretos","category-cidades"],"yoast_head":"<!-- This site is optimized with the Yoast SEO plugin v27.4 - https:\/\/yoast.com\/product\/yoast-seo-wordpress\/ -->\n<title>SAAE esclarece problema sobre abastecimento de \u00e1gua nos Predinhos - Regi\u00e3o News<\/title>\n<meta name=\"robots\" content=\"index, follow, max-snippet:-1, max-image-preview:large, max-video-preview:-1\" \/>\n<link rel=\"canonical\" href=\"https:\/\/regiaonews.net.br\/2022\/2021\/03\/04\/saae-esclarece-problema-sobre-abastecimento-de-agua-nos-predinhos\/\" \/>\n<meta property=\"og:locale\" content=\"pt_BR\" \/>\n<meta property=\"og:type\" content=\"article\" \/>\n<meta property=\"og:title\" content=\"SAAE esclarece problema sobre abastecimento de \u00e1gua nos Predinhos - Regi\u00e3o News\" \/>\n<meta property=\"og:description\" content=\"Na noite de ter\u00e7a-feira (02), uma equipe do SAAE Barretos,\" \/>\n<meta property=\"og:url\" content=\"https:\/\/regiaonews.net.br\/2022\/2021\/03\/04\/saae-esclarece-problema-sobre-abastecimento-de-agua-nos-predinhos\/\" \/>\n<meta property=\"og:site_name\" content=\"Regi\u00e3o News\" \/>\n<meta property=\"article:published_time\" content=\"2021-03-04T09:24:35+00:00\" \/>\n<meta property=\"article:modified_time\" content=\"2021-03-04T09:25:43+00:00\" \/>\n<meta property=\"og:image\" content=\"https:\/\/regiaonews.net.br\/2022\/wp-content\/uploads\/2020\/02\/SAAE-BARRETOS.jpg\" \/>\n\t<meta property=\"og:image:width\" content=\"512\" \/>\n\t<meta property=\"og:image:height\" content=\"342\" \/>\n\t<meta property=\"og:image:type\" content=\"image\/jpeg\" \/>\n<meta name=\"author\" content=\"Roberto\" \/>\n<meta name=\"twitter:card\" content=\"summary_large_image\" \/>\n<meta name=\"twitter:label1\" content=\"Escrito por\" \/>\n\t<meta name=\"twitter:data1\" content=\"Roberto\" \/>\n\t<meta name=\"twitter:label2\" content=\"Est. tempo de leitura\" \/>\n\t<meta name=\"twitter:data2\" content=\"2 minutos\" \/>\n<script type=\"application\/ld+json\" class=\"yoast-schema-graph\">{\"@context\":\"https:\\\/\\\/schema.org\",\"@graph\":[{\"@type\":\"Article\",\"@id\":\"https:\\\/\\\/regiaonews.net.br\\\/2022\\\/2021\\\/03\\\/04\\\/saae-esclarece-problema-sobre-abastecimento-de-agua-nos-predinhos\\\/#article\",\"isPartOf\":{\"@id\":\"https:\\\/\\\/regiaonews.net.br\\\/2022\\\/2021\\\/03\\\/04\\\/saae-esclarece-problema-sobre-abastecimento-de-agua-nos-predinhos\\\/\"},\"author\":{\"name\":\"Roberto\",\"@id\":\"https:\\\/\\\/regiaonews.net.br\\\/2022\\\/#\\\/schema\\\/person\\\/2d205a608a5aa97ac279d7a5e6d89ad8\"},\"headline\":\"SAAE esclarece problema sobre abastecimento de \u00e1gua nos Predinhos\",\"datePublished\":\"2021-03-04T09:24:35+00:00\",\"dateModified\":\"2021-03-04T09:25:43+00:00\",\"mainEntityOfPage\":{\"@id\":\"https:\\\/\\\/regiaonews.net.br\\\/2022\\\/2021\\\/03\\\/04\\\/saae-esclarece-problema-sobre-abastecimento-de-agua-nos-predinhos\\\/\"},\"wordCount\":394,\"commentCount\":0,\"publisher\":{\"@id\":\"https:\\\/\\\/regiaonews.net.br\\\/2022\\\/#organization\"},\"image\":{\"@id\":\"https:\\\/\\\/regiaonews.net.br\\\/2022\\\/2021\\\/03\\\/04\\\/saae-esclarece-problema-sobre-abastecimento-de-agua-nos-predinhos\\\/#primaryimage\"},\"thumbnailUrl\":\"https:\\\/\\\/regiaonews.net.br\\\/2022\\\/wp-content\\\/uploads\\\/2020\\\/02\\\/SAAE-BARRETOS.jpg\",\"articleSection\":[\"Barretos\",\"Cidades\"],\"inLanguage\":\"pt-BR\",\"potentialAction\":[{\"@type\":\"CommentAction\",\"name\":\"Comment\",\"target\":[\"https:\\\/\\\/regiaonews.net.br\\\/2022\\\/2021\\\/03\\\/04\\\/saae-esclarece-problema-sobre-abastecimento-de-agua-nos-predinhos\\\/#respond\"]}]},{\"@type\":\"WebPage\",\"@id\":\"https:\\\/\\\/regiaonews.net.br\\\/2022\\\/2021\\\/03\\\/04\\\/saae-esclarece-problema-sobre-abastecimento-de-agua-nos-predinhos\\\/\",\"url\":\"https:\\\/\\\/regiaonews.net.br\\\/2022\\\/2021\\\/03\\\/04\\\/saae-esclarece-problema-sobre-abastecimento-de-agua-nos-predinhos\\\/\",\"name\":\"SAAE esclarece problema sobre abastecimento de \u00e1gua nos Predinhos - Regi\u00e3o News\",\"isPartOf\":{\"@id\":\"https:\\\/\\\/regiaonews.net.br\\\/2022\\\/#website\"},\"primaryImageOfPage\":{\"@id\":\"https:\\\/\\\/regiaonews.net.br\\\/2022\\\/2021\\\/03\\\/04\\\/saae-esclarece-problema-sobre-abastecimento-de-agua-nos-predinhos\\\/#primaryimage\"},\"image\":{\"@id\":\"https:\\\/\\\/regiaonews.net.br\\\/2022\\\/2021\\\/03\\\/04\\\/saae-esclarece-problema-sobre-abastecimento-de-agua-nos-predinhos\\\/#primaryimage\"},\"thumbnailUrl\":\"https:\\\/\\\/regiaonews.net.br\\\/2022\\\/wp-content\\\/uploads\\\/2020\\\/02\\\/SAAE-BARRETOS.jpg\",\"datePublished\":\"2021-03-04T09:24:35+00:00\",\"dateModified\":\"2021-03-04T09:25:43+00:00\",\"breadcrumb\":{\"@id\":\"https:\\\/\\\/regiaonews.net.br\\\/2022\\\/2021\\\/03\\\/04\\\/saae-esclarece-problema-sobre-abastecimento-de-agua-nos-predinhos\\\/#breadcrumb\"},\"inLanguage\":\"pt-BR\",\"potentialAction\":[{\"@type\":\"ReadAction\",\"target\":[\"https:\\\/\\\/regiaonews.net.br\\\/2022\\\/2021\\\/03\\\/04\\\/saae-esclarece-problema-sobre-abastecimento-de-agua-nos-predinhos\\\/\"]}]},{\"@type\":\"ImageObject\",\"inLanguage\":\"pt-BR\",\"@id\":\"https:\\\/\\\/regiaonews.net.br\\\/2022\\\/2021\\\/03\\\/04\\\/saae-esclarece-problema-sobre-abastecimento-de-agua-nos-predinhos\\\/#primaryimage\",\"url\":\"https:\\\/\\\/regiaonews.net.br\\\/2022\\\/wp-content\\\/uploads\\\/2020\\\/02\\\/SAAE-BARRETOS.jpg\",\"contentUrl\":\"https:\\\/\\\/regiaonews.net.br\\\/2022\\\/wp-content\\\/uploads\\\/2020\\\/02\\\/SAAE-BARRETOS.jpg\",\"width\":512,\"height\":342},{\"@type\":\"BreadcrumbList\",\"@id\":\"https:\\\/\\\/regiaonews.net.br\\\/2022\\\/2021\\\/03\\\/04\\\/saae-esclarece-problema-sobre-abastecimento-de-agua-nos-predinhos\\\/#breadcrumb\",\"itemListElement\":[{\"@type\":\"ListItem\",\"position\":1,\"name\":\"In\u00edcio\",\"item\":\"https:\\\/\\\/regiaonews.net.br\\\/2022\\\/\"},{\"@type\":\"ListItem\",\"position\":2,\"name\":\"SAAE esclarece problema sobre abastecimento de \u00e1gua nos Predinhos\"}]},{\"@type\":\"WebSite\",\"@id\":\"https:\\\/\\\/regiaonews.net.br\\\/2022\\\/#website\",\"url\":\"https:\\\/\\\/regiaonews.net.br\\\/2022\\\/\",\"name\":\"Regi\u00e3o News\",\"description\":\"Site de Not\u00edcias de Barretos e regi\u00e3o\",\"publisher\":{\"@id\":\"https:\\\/\\\/regiaonews.net.br\\\/2022\\\/#organization\"},\"potentialAction\":[{\"@type\":\"SearchAction\",\"target\":{\"@type\":\"EntryPoint\",\"urlTemplate\":\"https:\\\/\\\/regiaonews.net.br\\\/2022\\\/?s={search_term_string}\"},\"query-input\":{\"@type\":\"PropertyValueSpecification\",\"valueRequired\":true,\"valueName\":\"search_term_string\"}}],\"inLanguage\":\"pt-BR\"},{\"@type\":\"Organization\",\"@id\":\"https:\\\/\\\/regiaonews.net.br\\\/2022\\\/#organization\",\"name\":\"Regi\u00e3o News\",\"url\":\"https:\\\/\\\/regiaonews.net.br\\\/2022\\\/\",\"logo\":{\"@type\":\"ImageObject\",\"inLanguage\":\"pt-BR\",\"@id\":\"https:\\\/\\\/regiaonews.net.br\\\/2022\\\/#\\\/schema\\\/logo\\\/image\\\/\",\"url\":\"https:\\\/\\\/regiaonews.net.br\\\/2022\\\/wp-content\\\/uploads\\\/2026\\\/03\\\/regiao-13-anos-scaled.jpg\",\"contentUrl\":\"https:\\\/\\\/regiaonews.net.br\\\/2022\\\/wp-content\\\/uploads\\\/2026\\\/03\\\/regiao-13-anos-scaled.jpg\",\"width\":2560,\"height\":635,\"caption\":\"Regi\u00e3o News\"},\"image\":{\"@id\":\"https:\\\/\\\/regiaonews.net.br\\\/2022\\\/#\\\/schema\\\/logo\\\/image\\\/\"}},{\"@type\":\"Person\",\"@id\":\"https:\\\/\\\/regiaonews.net.br\\\/2022\\\/#\\\/schema\\\/person\\\/2d205a608a5aa97ac279d7a5e6d89ad8\",\"name\":\"Roberto\",\"image\":{\"@type\":\"ImageObject\",\"inLanguage\":\"pt-BR\",\"@id\":\"https:\\\/\\\/secure.gravatar.com\\\/avatar\\\/42749d8b712ff9d59ca93dc150494e5b55a44134482993f5baeb97e61b7ecc89?s=96&d=mm&r=g\",\"url\":\"https:\\\/\\\/secure.gravatar.com\\\/avatar\\\/42749d8b712ff9d59ca93dc150494e5b55a44134482993f5baeb97e61b7ecc89?s=96&d=mm&r=g\",\"contentUrl\":\"https:\\\/\\\/secure.gravatar.com\\\/avatar\\\/42749d8b712ff9d59ca93dc150494e5b55a44134482993f5baeb97e61b7ecc89?s=96&d=mm&r=g\",\"caption\":\"Roberto\"},\"url\":\"https:\\\/\\\/regiaonews.net.br\\\/2022\\\/author\\\/roberto\\\/\"}]}<\/script>\n<!-- \/ Yoast SEO plugin. -->","yoast_head_json":{"title":"SAAE esclarece problema sobre abastecimento de \u00e1gua nos Predinhos - Regi\u00e3o News","robots":{"index":"index","follow":"follow","max-snippet":"max-snippet:-1","max-image-preview":"max-image-preview:large","max-video-preview":"max-video-preview:-1"},"canonical":"https:\/\/regiaonews.net.br\/2022\/2021\/03\/04\/saae-esclarece-problema-sobre-abastecimento-de-agua-nos-predinhos\/","og_locale":"pt_BR","og_type":"article","og_title":"SAAE esclarece problema sobre abastecimento de \u00e1gua nos Predinhos - Regi\u00e3o News","og_description":"Na noite de ter\u00e7a-feira (02), uma equipe do SAAE Barretos,","og_url":"https:\/\/regiaonews.net.br\/2022\/2021\/03\/04\/saae-esclarece-problema-sobre-abastecimento-de-agua-nos-predinhos\/","og_site_name":"Regi\u00e3o News","article_published_time":"2021-03-04T09:24:35+00:00","article_modified_time":"2021-03-04T09:25:43+00:00","og_image":[{"width":512,"height":342,"url":"https:\/\/regiaonews.net.br\/2022\/wp-content\/uploads\/2020\/02\/SAAE-BARRETOS.jpg","type":"image\/jpeg"}],"author":"Roberto","twitter_card":"summary_large_image","twitter_misc":{"Escrito por":"Roberto","Est. tempo de leitura":"2 minutos"},"schema":{"@context":"https:\/\/schema.org","@graph":[{"@type":"Article","@id":"https:\/\/regiaonews.net.br\/2022\/2021\/03\/04\/saae-esclarece-problema-sobre-abastecimento-de-agua-nos-predinhos\/#article","isPartOf":{"@id":"https:\/\/regiaonews.net.br\/2022\/2021\/03\/04\/saae-esclarece-problema-sobre-abastecimento-de-agua-nos-predinhos\/"},"author":{"name":"Roberto","@id":"https:\/\/regiaonews.net.br\/2022\/#\/schema\/person\/2d205a608a5aa97ac279d7a5e6d89ad8"},"headline":"SAAE esclarece problema sobre abastecimento de \u00e1gua nos Predinhos","datePublished":"2021-03-04T09:24:35+00:00","dateModified":"2021-03-04T09:25:43+00:00","mainEntityOfPage":{"@id":"https:\/\/regiaonews.net.br\/2022\/2021\/03\/04\/saae-esclarece-problema-sobre-abastecimento-de-agua-nos-predinhos\/"},"wordCount":394,"commentCount":0,"publisher":{"@id":"https:\/\/regiaonews.net.br\/2022\/#organization"},"image":{"@id":"https:\/\/regiaonews.net.br\/2022\/2021\/03\/04\/saae-esclarece-problema-sobre-abastecimento-de-agua-nos-predinhos\/#primaryimage"},"thumbnailUrl":"https:\/\/regiaonews.net.br\/2022\/wp-content\/uploads\/2020\/02\/SAAE-BARRETOS.jpg","articleSection":["Barretos","Cidades"],"inLanguage":"pt-BR","potentialAction":[{"@type":"CommentAction","name":"Comment","target":["https:\/\/regiaonews.net.br\/2022\/2021\/03\/04\/saae-esclarece-problema-sobre-abastecimento-de-agua-nos-predinhos\/#respond"]}]},{"@type":"WebPage","@id":"https:\/\/regiaonews.net.br\/2022\/2021\/03\/04\/saae-esclarece-problema-sobre-abastecimento-de-agua-nos-predinhos\/","url":"https:\/\/regiaonews.net.br\/2022\/2021\/03\/04\/saae-esclarece-problema-sobre-abastecimento-de-agua-nos-predinhos\/","name":"SAAE esclarece problema sobre abastecimento de \u00e1gua nos Predinhos - Regi\u00e3o News","isPartOf":{"@id":"https:\/\/regiaonews.net.br\/2022\/#website"},"primaryImageOfPage":{"@id":"https:\/\/regiaonews.net.br\/2022\/2021\/03\/04\/saae-esclarece-problema-sobre-abastecimento-de-agua-nos-predinhos\/#primaryimage"},"image":{"@id":"https:\/\/regiaonews.net.br\/2022\/2021\/03\/04\/saae-esclarece-problema-sobre-abastecimento-de-agua-nos-predinhos\/#primaryimage"},"thumbnailUrl":"https:\/\/regiaonews.net.br\/2022\/wp-content\/uploads\/2020\/02\/SAAE-BARRETOS.jpg","datePublished":"2021-03-04T09:24:35+00:00","dateModified":"2021-03-04T09:25:43+00:00","breadcrumb":{"@id":"https:\/\/regiaonews.net.br\/2022\/2021\/03\/04\/saae-esclarece-problema-sobre-abastecimento-de-agua-nos-predinhos\/#breadcrumb"},"inLanguage":"pt-BR","potentialAction":[{"@type":"ReadAction","target":["https:\/\/regiaonews.net.br\/2022\/2021\/03\/04\/saae-esclarece-problema-sobre-abastecimento-de-agua-nos-predinhos\/"]}]},{"@type":"ImageObject","inLanguage":"pt-BR","@id":"https:\/\/regiaonews.net.br\/2022\/2021\/03\/04\/saae-esclarece-problema-sobre-abastecimento-de-agua-nos-predinhos\/#primaryimage","url":"https:\/\/regiaonews.net.br\/2022\/wp-content\/uploads\/2020\/02\/SAAE-BARRETOS.jpg","contentUrl":"https:\/\/regiaonews.net.br\/2022\/wp-content\/uploads\/2020\/02\/SAAE-BARRETOS.jpg","width":512,"height":342},{"@type":"BreadcrumbList","@id":"https:\/\/regiaonews.net.br\/2022\/2021\/03\/04\/saae-esclarece-problema-sobre-abastecimento-de-agua-nos-predinhos\/#breadcrumb","itemListElement":[{"@type":"ListItem","position":1,"name":"In\u00edcio","item":"https:\/\/regiaonews.net.br\/2022\/"},{"@type":"ListItem","position":2,"name":"SAAE esclarece problema sobre abastecimento de \u00e1gua nos Predinhos"}]},{"@type":"WebSite","@id":"https:\/\/regiaonews.net.br\/2022\/#website","url":"https:\/\/regiaonews.net.br\/2022\/","name":"Regi\u00e3o News","description":"Site de Not\u00edcias de Barretos e regi\u00e3o","publisher":{"@id":"https:\/\/regiaonews.net.br\/2022\/#organization"},"potentialAction":[{"@type":"SearchAction","target":{"@type":"EntryPoint","urlTemplate":"https:\/\/regiaonews.net.br\/2022\/?s={search_term_string}"},"query-input":{"@type":"PropertyValueSpecification","valueRequired":true,"valueName":"search_term_string"}}],"inLanguage":"pt-BR"},{"@type":"Organization","@id":"https:\/\/regiaonews.net.br\/2022\/#organization","name":"Regi\u00e3o News","url":"https:\/\/regiaonews.net.br\/2022\/","logo":{"@type":"ImageObject","inLanguage":"pt-BR","@id":"https:\/\/regiaonews.net.br\/2022\/#\/schema\/logo\/image\/","url":"https:\/\/regiaonews.net.br\/2022\/wp-content\/uploads\/2026\/03\/regiao-13-anos-scaled.jpg","contentUrl":"https:\/\/regiaonews.net.br\/2022\/wp-content\/uploads\/2026\/03\/regiao-13-anos-scaled.jpg","width":2560,"height":635,"caption":"Regi\u00e3o News"},"image":{"@id":"https:\/\/regiaonews.net.br\/2022\/#\/schema\/logo\/image\/"}},{"@type":"Person","@id":"https:\/\/regiaonews.net.br\/2022\/#\/schema\/person\/2d205a608a5aa97ac279d7a5e6d89ad8","name":"Roberto","image":{"@type":"ImageObject","inLanguage":"pt-BR","@id":"https:\/\/secure.gravatar.com\/avatar\/42749d8b712ff9d59ca93dc150494e5b55a44134482993f5baeb97e61b7ecc89?s=96&d=mm&r=g","url":"https:\/\/secure.gravatar.com\/avatar\/42749d8b712ff9d59ca93dc150494e5b55a44134482993f5baeb97e61b7ecc89?s=96&d=mm&r=g","contentUrl":"https:\/\/secure.gravatar.com\/avatar\/42749d8b712ff9d59ca93dc150494e5b55a44134482993f5baeb97e61b7ecc89?s=96&d=mm&r=g","caption":"Roberto"},"url":"https:\/\/regiaonews.net.br\/2022\/author\/roberto\/"}]}},"publishpress_future_action":{"enabled":false,"date":"2026-05-03 22:38:32","action":"change-status","newStatus":"draft","terms":[],"taxonomy":"category","extraData":[]},"publishpress_future_workflow_manual_trigger":{"enabledWorkflows":[]},"_links":{"self":[{"href":"https:\/\/regiaonews.net.br\/2022\/wp-json\/wp\/v2\/posts\/43706","targetHints":{"allow":["GET"]}}],"collection":[{"href":"https:\/\/regiaonews.net.br\/2022\/wp-json\/wp\/v2\/posts"}],"about":[{"href":"https:\/\/regiaonews.net.br\/2022\/wp-json\/wp\/v2\/types\/post"}],"author":[{"embeddable":true,"href":"https:\/\/regiaonews.net.br\/2022\/wp-json\/wp\/v2\/users\/2"}],"replies":[{"embeddable":true,"href":"https:\/\/regiaonews.net.br\/2022\/wp-json\/wp\/v2\/comments?post=43706"}],"version-history":[{"count":0,"href":"https:\/\/regiaonews.net.br\/2022\/wp-json\/wp\/v2\/posts\/43706\/revisions"}],"wp:featuredmedia":[{"embeddable":true,"href":"https:\/\/regiaonews.net.br\/2022\/wp-json\/wp\/v2\/media\/27946"}],"wp:attachment":[{"href":"https:\/\/regiaonews.net.br\/2022\/wp-json\/wp\/v2\/media?parent=43706"}],"wp:term":[{"taxonomy":"category","embeddable":true,"href":"https:\/\/regiaonews.net.br\/2022\/wp-json\/wp\/v2\/categories?post=43706"},{"taxonomy":"post_tag","embeddable":true,"href":"https:\/\/regiaonews.net.br\/2022\/wp-json\/wp\/v2\/tags?post=43706"}],"curies":[{"name":"wp","href":"https:\/\/api.w.org\/{rel}","templated":true}]}}