{"id":43703,"date":"2021-03-04T06:21:59","date_gmt":"2021-03-04T09:21:59","guid":{"rendered":"https:\/\/regiaonews.net.br\/2022\/?p=43703"},"modified":"2021-03-04T06:21:59","modified_gmt":"2021-03-04T09:21:59","slug":"saude-assina-intencao-de-compra-de-vacinas-da-pfizer-e-da-janssen","status":"publish","type":"post","link":"https:\/\/regiaonews.net.br\/2022\/2021\/03\/04\/saude-assina-intencao-de-compra-de-vacinas-da-pfizer-e-da-janssen\/","title":{"rendered":"Sa\u00fade assina inten\u00e7\u00e3o de compra de vacinas da Pfizer e da Janssen"},"content":{"rendered":"<figure id=\"attachment_43704\" aria-describedby=\"caption-attachment-43704\" style=\"width: 300px\" class=\"wp-caption alignnone\"><a href=\"https:\/\/regiaonews.net.br\/2022\/wp-content\/uploads\/2021\/03\/vacinacao_drive_thru_universidade_estadual_do_rio_de_janeiro_uerj_tnrgo_abr_2502214596_0.jpg\"><img loading=\"lazy\" decoding=\"async\" class=\"size-medium wp-image-43704\" src=\"https:\/\/regiaonews.net.br\/2022\/wp-content\/uploads\/2021\/03\/vacinacao_drive_thru_universidade_estadual_do_rio_de_janeiro_uerj_tnrgo_abr_2502214596_0-300x179.jpg\" alt=\"\" width=\"300\" height=\"179\" \/><\/a><figcaption id=\"caption-attachment-43704\" class=\"wp-caption-text\">Vacina\u00e7\u00e3o drive thru na Universidade Estadual do Rio de Janeiro (UERJ)<\/figcaption><\/figure>\n<p>O Minist\u00e9rio da Sa\u00fade publicou nesta quarta-feira (3), em edi\u00e7\u00e3o extra do<em>\u00a0Di\u00e1rio Oficial da Uni\u00e3o,\u00a0<\/em>avisos de dispensa de licita\u00e7\u00e3o\u00a0que sinaliza a inten\u00e7\u00e3o de compra de 100 milh\u00f5es de doses da vacina contra a covid-19\u00a0<a href=\"https:\/\/www.in.gov.br\/web\/dou\/-\/aviso-de-dispensa-de-licitacao-uasg-250005-306469809\" target=\"_blank\" rel=\"noopener\">da Pfizer<\/a>\u00a0e de 38 milh\u00f5es da<a href=\"https:\/\/www.in.gov.br\/web\/dou\/-\/aviso-de-dispensa-de-licitacao-uasg-250005-306469727\" target=\"_blank\" rel=\"noopener\">\u00a0vacina da Janssen<\/a>\u00a0(bra\u00e7o da Johnson e Johnson). Os documentos preveem a entrega dos imunizantes at\u00e9 dia 31 de dezembro de 2021.<img decoding=\"async\" src=\"https:\/\/agenciabrasil.ebc.com.br\/ebc.png?id=1402915&amp;o=node\" \/><img decoding=\"async\" src=\"https:\/\/agenciabrasil.ebc.com.br\/ebc.gif?id=1402915&amp;o=node\" \/><\/p>\n<p>Segundo a pasta, as doses da Pfizer come\u00e7am\u00a0chegar ao Brasil no segundo trimestre de 2021, mas n\u00e3o houve detalhamento do cronograma. Com a Janssen, o cronograma proposto prev\u00ea a disponibilidade de 16,9 milh\u00f5es de doses entre julho e setembro e\u00a021,1 milh\u00f5es de doses entre outubro e dezembro de 2021.<\/p>\n<p>O ministro refor\u00e7ou que o governo trabalha para que, at\u00e9 o fim do ano, todos os maiores de 18 anos que puderem, sejam vacinados. \u201cEnquanto isso, alerto sobre a import\u00e2ncia de que todos mantenham os cuidados preventivos individuais para diminuir os riscos de ficar doente\u201d.<\/p>\n<p>A compra foi negociada depois que\u00a0<a href=\"https:\/\/agenciabrasil.ebc.com.br\/politica\/noticia\/2021-03\/covid-19-camara-aprova-projeto-para-compra-de-vacinas-por-estados\" target=\"_blank\" rel=\"noopener\">projeto de lei aprovado<\/a>\u00a0ontem (3) na C\u00e2mara dos Deputados facilitou a compra de vacinas com autoriza\u00e7\u00e3o para uso em car\u00e1ter emergencial pela Ag\u00eancia Nacional de Vigil\u00e2ncia Sanit\u00e1ria (Anvisa) por estados, munic\u00edpios e por empresas.<\/p>\n<p>Mais cedo, o ministro da Sa\u00fade Eduardo Pazuello\u00a0esteve em reuni\u00e3o com representantes dos laborat\u00f3rios. \u201cA proposta de cronograma de entrega \u00e9 uma boa proposta e, a partir de agora, a gente segue para fechar o contrato o mais r\u00e1pido poss\u00edvel. Agrade\u00e7o \u00e0 equipe da Pfizer que est\u00e1 \u00e0 disposi\u00e7\u00e3o aqui e vamos juntos cumprir essa miss\u00e3o de vacinar o povo brasileiro\u201d, afirmou Pazuello, sobre a reuni\u00e3o com a Pfizer.<\/p>\n<h2>Recorde de mortes<\/h2>\n<p>O ministro ainda disse em v\u00eddeo que hoje \u00e9 um dia dif\u00edcil para os brasileiros. \u201cAtingimos um grave momento da pandemia, as variantes do corona nos atingem de forma agressiva. A todos voc\u00eas quero dizer que estamos trabalhando firme para mudar esse quadro\u201d.<\/p>\n<p>O pa\u00eds registrou desde ontem\u00a0<a href=\"https:\/\/agenciabrasil.ebc.com.br\/saude\/noticia\/2021-03\/brasil-tem-maior-numero-de-mortes-por-covid-19-em-um-dia-1910-obitos\" target=\"_blank\" rel=\"noopener\">1.910 mortes<\/a>\u00a0por covid-19, maior n\u00famero de mortes pela doen\u00e7a em um dia.<\/p>\n<p>fonte : Ag\u00eanciaBrasil<\/p>\n","protected":false},"excerpt":{"rendered":"<p>O Minist\u00e9rio da Sa\u00fade publicou nesta quarta-feira (3), em edi\u00e7\u00e3o<\/p>\n","protected":false},"author":2,"featured_media":43704,"comment_status":"open","ping_status":"open","sticky":false,"template":"","format":"standard","meta":{"footnotes":""},"categories":[24,25],"tags":[],"class_list":["post-43703","post","type-post","status-publish","format-standard","has-post-thumbnail","hentry","category-brasil","category-cidades"],"yoast_head":"<!-- This site is optimized with the Yoast SEO plugin v27.4 - https:\/\/yoast.com\/product\/yoast-seo-wordpress\/ -->\n<title>Sa\u00fade assina inten\u00e7\u00e3o de compra de vacinas da Pfizer e da Janssen - Regi\u00e3o News<\/title>\n<meta name=\"robots\" content=\"index, follow, max-snippet:-1, max-image-preview:large, max-video-preview:-1\" \/>\n<link rel=\"canonical\" href=\"https:\/\/regiaonews.net.br\/2022\/2021\/03\/04\/saude-assina-intencao-de-compra-de-vacinas-da-pfizer-e-da-janssen\/\" \/>\n<meta property=\"og:locale\" content=\"pt_BR\" \/>\n<meta property=\"og:type\" content=\"article\" \/>\n<meta property=\"og:title\" content=\"Sa\u00fade assina inten\u00e7\u00e3o de compra de vacinas da Pfizer e da Janssen - Regi\u00e3o News\" \/>\n<meta property=\"og:description\" content=\"O Minist\u00e9rio da Sa\u00fade publicou nesta quarta-feira (3), em edi\u00e7\u00e3o\" \/>\n<meta property=\"og:url\" content=\"https:\/\/regiaonews.net.br\/2022\/2021\/03\/04\/saude-assina-intencao-de-compra-de-vacinas-da-pfizer-e-da-janssen\/\" \/>\n<meta property=\"og:site_name\" content=\"Regi\u00e3o News\" \/>\n<meta property=\"article:published_time\" content=\"2021-03-04T09:21:59+00:00\" \/>\n<meta property=\"og:image\" content=\"https:\/\/regiaonews.net.br\/2022\/wp-content\/uploads\/2021\/03\/vacinacao_drive_thru_universidade_estadual_do_rio_de_janeiro_uerj_tnrgo_abr_2502214596_0.jpg\" \/>\n\t<meta property=\"og:image:width\" content=\"1170\" \/>\n\t<meta property=\"og:image:height\" content=\"700\" \/>\n\t<meta property=\"og:image:type\" content=\"image\/jpeg\" \/>\n<meta name=\"author\" content=\"Roberto\" \/>\n<meta name=\"twitter:card\" content=\"summary_large_image\" \/>\n<meta name=\"twitter:label1\" content=\"Escrito por\" \/>\n\t<meta name=\"twitter:data1\" content=\"Roberto\" \/>\n\t<meta name=\"twitter:label2\" content=\"Est. tempo de leitura\" \/>\n\t<meta name=\"twitter:data2\" content=\"2 minutos\" \/>\n<script type=\"application\/ld+json\" class=\"yoast-schema-graph\">{\"@context\":\"https:\\\/\\\/schema.org\",\"@graph\":[{\"@type\":\"Article\",\"@id\":\"https:\\\/\\\/regiaonews.net.br\\\/2022\\\/2021\\\/03\\\/04\\\/saude-assina-intencao-de-compra-de-vacinas-da-pfizer-e-da-janssen\\\/#article\",\"isPartOf\":{\"@id\":\"https:\\\/\\\/regiaonews.net.br\\\/2022\\\/2021\\\/03\\\/04\\\/saude-assina-intencao-de-compra-de-vacinas-da-pfizer-e-da-janssen\\\/\"},\"author\":{\"name\":\"Roberto\",\"@id\":\"https:\\\/\\\/regiaonews.net.br\\\/2022\\\/#\\\/schema\\\/person\\\/2d205a608a5aa97ac279d7a5e6d89ad8\"},\"headline\":\"Sa\u00fade assina inten\u00e7\u00e3o de compra de vacinas da Pfizer e da Janssen\",\"datePublished\":\"2021-03-04T09:21:59+00:00\",\"mainEntityOfPage\":{\"@id\":\"https:\\\/\\\/regiaonews.net.br\\\/2022\\\/2021\\\/03\\\/04\\\/saude-assina-intencao-de-compra-de-vacinas-da-pfizer-e-da-janssen\\\/\"},\"wordCount\":395,\"commentCount\":0,\"publisher\":{\"@id\":\"https:\\\/\\\/regiaonews.net.br\\\/2022\\\/#organization\"},\"image\":{\"@id\":\"https:\\\/\\\/regiaonews.net.br\\\/2022\\\/2021\\\/03\\\/04\\\/saude-assina-intencao-de-compra-de-vacinas-da-pfizer-e-da-janssen\\\/#primaryimage\"},\"thumbnailUrl\":\"https:\\\/\\\/regiaonews.net.br\\\/2022\\\/wp-content\\\/uploads\\\/2021\\\/03\\\/vacinacao_drive_thru_universidade_estadual_do_rio_de_janeiro_uerj_tnrgo_abr_2502214596_0.jpg\",\"articleSection\":[\"Brasil\",\"Cidades\"],\"inLanguage\":\"pt-BR\",\"potentialAction\":[{\"@type\":\"CommentAction\",\"name\":\"Comment\",\"target\":[\"https:\\\/\\\/regiaonews.net.br\\\/2022\\\/2021\\\/03\\\/04\\\/saude-assina-intencao-de-compra-de-vacinas-da-pfizer-e-da-janssen\\\/#respond\"]}]},{\"@type\":\"WebPage\",\"@id\":\"https:\\\/\\\/regiaonews.net.br\\\/2022\\\/2021\\\/03\\\/04\\\/saude-assina-intencao-de-compra-de-vacinas-da-pfizer-e-da-janssen\\\/\",\"url\":\"https:\\\/\\\/regiaonews.net.br\\\/2022\\\/2021\\\/03\\\/04\\\/saude-assina-intencao-de-compra-de-vacinas-da-pfizer-e-da-janssen\\\/\",\"name\":\"Sa\u00fade assina inten\u00e7\u00e3o de compra de vacinas da Pfizer e da Janssen - Regi\u00e3o News\",\"isPartOf\":{\"@id\":\"https:\\\/\\\/regiaonews.net.br\\\/2022\\\/#website\"},\"primaryImageOfPage\":{\"@id\":\"https:\\\/\\\/regiaonews.net.br\\\/2022\\\/2021\\\/03\\\/04\\\/saude-assina-intencao-de-compra-de-vacinas-da-pfizer-e-da-janssen\\\/#primaryimage\"},\"image\":{\"@id\":\"https:\\\/\\\/regiaonews.net.br\\\/2022\\\/2021\\\/03\\\/04\\\/saude-assina-intencao-de-compra-de-vacinas-da-pfizer-e-da-janssen\\\/#primaryimage\"},\"thumbnailUrl\":\"https:\\\/\\\/regiaonews.net.br\\\/2022\\\/wp-content\\\/uploads\\\/2021\\\/03\\\/vacinacao_drive_thru_universidade_estadual_do_rio_de_janeiro_uerj_tnrgo_abr_2502214596_0.jpg\",\"datePublished\":\"2021-03-04T09:21:59+00:00\",\"breadcrumb\":{\"@id\":\"https:\\\/\\\/regiaonews.net.br\\\/2022\\\/2021\\\/03\\\/04\\\/saude-assina-intencao-de-compra-de-vacinas-da-pfizer-e-da-janssen\\\/#breadcrumb\"},\"inLanguage\":\"pt-BR\",\"potentialAction\":[{\"@type\":\"ReadAction\",\"target\":[\"https:\\\/\\\/regiaonews.net.br\\\/2022\\\/2021\\\/03\\\/04\\\/saude-assina-intencao-de-compra-de-vacinas-da-pfizer-e-da-janssen\\\/\"]}]},{\"@type\":\"ImageObject\",\"inLanguage\":\"pt-BR\",\"@id\":\"https:\\\/\\\/regiaonews.net.br\\\/2022\\\/2021\\\/03\\\/04\\\/saude-assina-intencao-de-compra-de-vacinas-da-pfizer-e-da-janssen\\\/#primaryimage\",\"url\":\"https:\\\/\\\/regiaonews.net.br\\\/2022\\\/wp-content\\\/uploads\\\/2021\\\/03\\\/vacinacao_drive_thru_universidade_estadual_do_rio_de_janeiro_uerj_tnrgo_abr_2502214596_0.jpg\",\"contentUrl\":\"https:\\\/\\\/regiaonews.net.br\\\/2022\\\/wp-content\\\/uploads\\\/2021\\\/03\\\/vacinacao_drive_thru_universidade_estadual_do_rio_de_janeiro_uerj_tnrgo_abr_2502214596_0.jpg\",\"width\":1170,\"height\":700,\"caption\":\"Vacina\u00e7\u00e3o drive thru na Universidade Estadual do Rio de Janeiro (UERJ), zona norte do Rio. A cidade do Rio de Janeiro retoma hoje (25) sua campanha de aplica\u00e7\u00e3o da primeira dose da vacina contra a covid-19 em idosos da popula\u00e7\u00e3o em geral. Hoje ser\u00e3o vacinados os idosos com 82 anos.\"},{\"@type\":\"BreadcrumbList\",\"@id\":\"https:\\\/\\\/regiaonews.net.br\\\/2022\\\/2021\\\/03\\\/04\\\/saude-assina-intencao-de-compra-de-vacinas-da-pfizer-e-da-janssen\\\/#breadcrumb\",\"itemListElement\":[{\"@type\":\"ListItem\",\"position\":1,\"name\":\"In\u00edcio\",\"item\":\"https:\\\/\\\/regiaonews.net.br\\\/2022\\\/\"},{\"@type\":\"ListItem\",\"position\":2,\"name\":\"Sa\u00fade assina inten\u00e7\u00e3o de compra de vacinas da Pfizer e da Janssen\"}]},{\"@type\":\"WebSite\",\"@id\":\"https:\\\/\\\/regiaonews.net.br\\\/2022\\\/#website\",\"url\":\"https:\\\/\\\/regiaonews.net.br\\\/2022\\\/\",\"name\":\"Regi\u00e3o News\",\"description\":\"Site de Not\u00edcias de Barretos e regi\u00e3o\",\"publisher\":{\"@id\":\"https:\\\/\\\/regiaonews.net.br\\\/2022\\\/#organization\"},\"potentialAction\":[{\"@type\":\"SearchAction\",\"target\":{\"@type\":\"EntryPoint\",\"urlTemplate\":\"https:\\\/\\\/regiaonews.net.br\\\/2022\\\/?s={search_term_string}\"},\"query-input\":{\"@type\":\"PropertyValueSpecification\",\"valueRequired\":true,\"valueName\":\"search_term_string\"}}],\"inLanguage\":\"pt-BR\"},{\"@type\":\"Organization\",\"@id\":\"https:\\\/\\\/regiaonews.net.br\\\/2022\\\/#organization\",\"name\":\"Regi\u00e3o News\",\"url\":\"https:\\\/\\\/regiaonews.net.br\\\/2022\\\/\",\"logo\":{\"@type\":\"ImageObject\",\"inLanguage\":\"pt-BR\",\"@id\":\"https:\\\/\\\/regiaonews.net.br\\\/2022\\\/#\\\/schema\\\/logo\\\/image\\\/\",\"url\":\"https:\\\/\\\/regiaonews.net.br\\\/2022\\\/wp-content\\\/uploads\\\/2026\\\/03\\\/regiao-13-anos-scaled.jpg\",\"contentUrl\":\"https:\\\/\\\/regiaonews.net.br\\\/2022\\\/wp-content\\\/uploads\\\/2026\\\/03\\\/regiao-13-anos-scaled.jpg\",\"width\":2560,\"height\":635,\"caption\":\"Regi\u00e3o News\"},\"image\":{\"@id\":\"https:\\\/\\\/regiaonews.net.br\\\/2022\\\/#\\\/schema\\\/logo\\\/image\\\/\"}},{\"@type\":\"Person\",\"@id\":\"https:\\\/\\\/regiaonews.net.br\\\/2022\\\/#\\\/schema\\\/person\\\/2d205a608a5aa97ac279d7a5e6d89ad8\",\"name\":\"Roberto\",\"image\":{\"@type\":\"ImageObject\",\"inLanguage\":\"pt-BR\",\"@id\":\"https:\\\/\\\/secure.gravatar.com\\\/avatar\\\/42749d8b712ff9d59ca93dc150494e5b55a44134482993f5baeb97e61b7ecc89?s=96&d=mm&r=g\",\"url\":\"https:\\\/\\\/secure.gravatar.com\\\/avatar\\\/42749d8b712ff9d59ca93dc150494e5b55a44134482993f5baeb97e61b7ecc89?s=96&d=mm&r=g\",\"contentUrl\":\"https:\\\/\\\/secure.gravatar.com\\\/avatar\\\/42749d8b712ff9d59ca93dc150494e5b55a44134482993f5baeb97e61b7ecc89?s=96&d=mm&r=g\",\"caption\":\"Roberto\"},\"url\":\"https:\\\/\\\/regiaonews.net.br\\\/2022\\\/author\\\/roberto\\\/\"}]}<\/script>\n<!-- \/ Yoast SEO plugin. -->","yoast_head_json":{"title":"Sa\u00fade assina inten\u00e7\u00e3o de compra de vacinas da Pfizer e da Janssen - Regi\u00e3o News","robots":{"index":"index","follow":"follow","max-snippet":"max-snippet:-1","max-image-preview":"max-image-preview:large","max-video-preview":"max-video-preview:-1"},"canonical":"https:\/\/regiaonews.net.br\/2022\/2021\/03\/04\/saude-assina-intencao-de-compra-de-vacinas-da-pfizer-e-da-janssen\/","og_locale":"pt_BR","og_type":"article","og_title":"Sa\u00fade assina inten\u00e7\u00e3o de compra de vacinas da Pfizer e da Janssen - Regi\u00e3o News","og_description":"O Minist\u00e9rio da Sa\u00fade publicou nesta quarta-feira (3), em edi\u00e7\u00e3o","og_url":"https:\/\/regiaonews.net.br\/2022\/2021\/03\/04\/saude-assina-intencao-de-compra-de-vacinas-da-pfizer-e-da-janssen\/","og_site_name":"Regi\u00e3o News","article_published_time":"2021-03-04T09:21:59+00:00","og_image":[{"width":1170,"height":700,"url":"https:\/\/regiaonews.net.br\/2022\/wp-content\/uploads\/2021\/03\/vacinacao_drive_thru_universidade_estadual_do_rio_de_janeiro_uerj_tnrgo_abr_2502214596_0.jpg","type":"image\/jpeg"}],"author":"Roberto","twitter_card":"summary_large_image","twitter_misc":{"Escrito por":"Roberto","Est. tempo de leitura":"2 minutos"},"schema":{"@context":"https:\/\/schema.org","@graph":[{"@type":"Article","@id":"https:\/\/regiaonews.net.br\/2022\/2021\/03\/04\/saude-assina-intencao-de-compra-de-vacinas-da-pfizer-e-da-janssen\/#article","isPartOf":{"@id":"https:\/\/regiaonews.net.br\/2022\/2021\/03\/04\/saude-assina-intencao-de-compra-de-vacinas-da-pfizer-e-da-janssen\/"},"author":{"name":"Roberto","@id":"https:\/\/regiaonews.net.br\/2022\/#\/schema\/person\/2d205a608a5aa97ac279d7a5e6d89ad8"},"headline":"Sa\u00fade assina inten\u00e7\u00e3o de compra de vacinas da Pfizer e da Janssen","datePublished":"2021-03-04T09:21:59+00:00","mainEntityOfPage":{"@id":"https:\/\/regiaonews.net.br\/2022\/2021\/03\/04\/saude-assina-intencao-de-compra-de-vacinas-da-pfizer-e-da-janssen\/"},"wordCount":395,"commentCount":0,"publisher":{"@id":"https:\/\/regiaonews.net.br\/2022\/#organization"},"image":{"@id":"https:\/\/regiaonews.net.br\/2022\/2021\/03\/04\/saude-assina-intencao-de-compra-de-vacinas-da-pfizer-e-da-janssen\/#primaryimage"},"thumbnailUrl":"https:\/\/regiaonews.net.br\/2022\/wp-content\/uploads\/2021\/03\/vacinacao_drive_thru_universidade_estadual_do_rio_de_janeiro_uerj_tnrgo_abr_2502214596_0.jpg","articleSection":["Brasil","Cidades"],"inLanguage":"pt-BR","potentialAction":[{"@type":"CommentAction","name":"Comment","target":["https:\/\/regiaonews.net.br\/2022\/2021\/03\/04\/saude-assina-intencao-de-compra-de-vacinas-da-pfizer-e-da-janssen\/#respond"]}]},{"@type":"WebPage","@id":"https:\/\/regiaonews.net.br\/2022\/2021\/03\/04\/saude-assina-intencao-de-compra-de-vacinas-da-pfizer-e-da-janssen\/","url":"https:\/\/regiaonews.net.br\/2022\/2021\/03\/04\/saude-assina-intencao-de-compra-de-vacinas-da-pfizer-e-da-janssen\/","name":"Sa\u00fade assina inten\u00e7\u00e3o de compra de vacinas da Pfizer e da Janssen - Regi\u00e3o News","isPartOf":{"@id":"https:\/\/regiaonews.net.br\/2022\/#website"},"primaryImageOfPage":{"@id":"https:\/\/regiaonews.net.br\/2022\/2021\/03\/04\/saude-assina-intencao-de-compra-de-vacinas-da-pfizer-e-da-janssen\/#primaryimage"},"image":{"@id":"https:\/\/regiaonews.net.br\/2022\/2021\/03\/04\/saude-assina-intencao-de-compra-de-vacinas-da-pfizer-e-da-janssen\/#primaryimage"},"thumbnailUrl":"https:\/\/regiaonews.net.br\/2022\/wp-content\/uploads\/2021\/03\/vacinacao_drive_thru_universidade_estadual_do_rio_de_janeiro_uerj_tnrgo_abr_2502214596_0.jpg","datePublished":"2021-03-04T09:21:59+00:00","breadcrumb":{"@id":"https:\/\/regiaonews.net.br\/2022\/2021\/03\/04\/saude-assina-intencao-de-compra-de-vacinas-da-pfizer-e-da-janssen\/#breadcrumb"},"inLanguage":"pt-BR","potentialAction":[{"@type":"ReadAction","target":["https:\/\/regiaonews.net.br\/2022\/2021\/03\/04\/saude-assina-intencao-de-compra-de-vacinas-da-pfizer-e-da-janssen\/"]}]},{"@type":"ImageObject","inLanguage":"pt-BR","@id":"https:\/\/regiaonews.net.br\/2022\/2021\/03\/04\/saude-assina-intencao-de-compra-de-vacinas-da-pfizer-e-da-janssen\/#primaryimage","url":"https:\/\/regiaonews.net.br\/2022\/wp-content\/uploads\/2021\/03\/vacinacao_drive_thru_universidade_estadual_do_rio_de_janeiro_uerj_tnrgo_abr_2502214596_0.jpg","contentUrl":"https:\/\/regiaonews.net.br\/2022\/wp-content\/uploads\/2021\/03\/vacinacao_drive_thru_universidade_estadual_do_rio_de_janeiro_uerj_tnrgo_abr_2502214596_0.jpg","width":1170,"height":700,"caption":"Vacina\u00e7\u00e3o drive thru na Universidade Estadual do Rio de Janeiro (UERJ), zona norte do Rio. A cidade do Rio de Janeiro retoma hoje (25) sua campanha de aplica\u00e7\u00e3o da primeira dose da vacina contra a covid-19 em idosos da popula\u00e7\u00e3o em geral. Hoje ser\u00e3o vacinados os idosos com 82 anos."},{"@type":"BreadcrumbList","@id":"https:\/\/regiaonews.net.br\/2022\/2021\/03\/04\/saude-assina-intencao-de-compra-de-vacinas-da-pfizer-e-da-janssen\/#breadcrumb","itemListElement":[{"@type":"ListItem","position":1,"name":"In\u00edcio","item":"https:\/\/regiaonews.net.br\/2022\/"},{"@type":"ListItem","position":2,"name":"Sa\u00fade assina inten\u00e7\u00e3o de compra de vacinas da Pfizer e da Janssen"}]},{"@type":"WebSite","@id":"https:\/\/regiaonews.net.br\/2022\/#website","url":"https:\/\/regiaonews.net.br\/2022\/","name":"Regi\u00e3o News","description":"Site de Not\u00edcias de Barretos e regi\u00e3o","publisher":{"@id":"https:\/\/regiaonews.net.br\/2022\/#organization"},"potentialAction":[{"@type":"SearchAction","target":{"@type":"EntryPoint","urlTemplate":"https:\/\/regiaonews.net.br\/2022\/?s={search_term_string}"},"query-input":{"@type":"PropertyValueSpecification","valueRequired":true,"valueName":"search_term_string"}}],"inLanguage":"pt-BR"},{"@type":"Organization","@id":"https:\/\/regiaonews.net.br\/2022\/#organization","name":"Regi\u00e3o News","url":"https:\/\/regiaonews.net.br\/2022\/","logo":{"@type":"ImageObject","inLanguage":"pt-BR","@id":"https:\/\/regiaonews.net.br\/2022\/#\/schema\/logo\/image\/","url":"https:\/\/regiaonews.net.br\/2022\/wp-content\/uploads\/2026\/03\/regiao-13-anos-scaled.jpg","contentUrl":"https:\/\/regiaonews.net.br\/2022\/wp-content\/uploads\/2026\/03\/regiao-13-anos-scaled.jpg","width":2560,"height":635,"caption":"Regi\u00e3o News"},"image":{"@id":"https:\/\/regiaonews.net.br\/2022\/#\/schema\/logo\/image\/"}},{"@type":"Person","@id":"https:\/\/regiaonews.net.br\/2022\/#\/schema\/person\/2d205a608a5aa97ac279d7a5e6d89ad8","name":"Roberto","image":{"@type":"ImageObject","inLanguage":"pt-BR","@id":"https:\/\/secure.gravatar.com\/avatar\/42749d8b712ff9d59ca93dc150494e5b55a44134482993f5baeb97e61b7ecc89?s=96&d=mm&r=g","url":"https:\/\/secure.gravatar.com\/avatar\/42749d8b712ff9d59ca93dc150494e5b55a44134482993f5baeb97e61b7ecc89?s=96&d=mm&r=g","contentUrl":"https:\/\/secure.gravatar.com\/avatar\/42749d8b712ff9d59ca93dc150494e5b55a44134482993f5baeb97e61b7ecc89?s=96&d=mm&r=g","caption":"Roberto"},"url":"https:\/\/regiaonews.net.br\/2022\/author\/roberto\/"}]}},"publishpress_future_action":{"enabled":false,"date":"2026-05-04 00:18:00","action":"change-status","newStatus":"draft","terms":[],"taxonomy":"category","extraData":[]},"publishpress_future_workflow_manual_trigger":{"enabledWorkflows":[]},"_links":{"self":[{"href":"https:\/\/regiaonews.net.br\/2022\/wp-json\/wp\/v2\/posts\/43703","targetHints":{"allow":["GET"]}}],"collection":[{"href":"https:\/\/regiaonews.net.br\/2022\/wp-json\/wp\/v2\/posts"}],"about":[{"href":"https:\/\/regiaonews.net.br\/2022\/wp-json\/wp\/v2\/types\/post"}],"author":[{"embeddable":true,"href":"https:\/\/regiaonews.net.br\/2022\/wp-json\/wp\/v2\/users\/2"}],"replies":[{"embeddable":true,"href":"https:\/\/regiaonews.net.br\/2022\/wp-json\/wp\/v2\/comments?post=43703"}],"version-history":[{"count":0,"href":"https:\/\/regiaonews.net.br\/2022\/wp-json\/wp\/v2\/posts\/43703\/revisions"}],"wp:featuredmedia":[{"embeddable":true,"href":"https:\/\/regiaonews.net.br\/2022\/wp-json\/wp\/v2\/media\/43704"}],"wp:attachment":[{"href":"https:\/\/regiaonews.net.br\/2022\/wp-json\/wp\/v2\/media?parent=43703"}],"wp:term":[{"taxonomy":"category","embeddable":true,"href":"https:\/\/regiaonews.net.br\/2022\/wp-json\/wp\/v2\/categories?post=43703"},{"taxonomy":"post_tag","embeddable":true,"href":"https:\/\/regiaonews.net.br\/2022\/wp-json\/wp\/v2\/tags?post=43703"}],"curies":[{"name":"wp","href":"https:\/\/api.w.org\/{rel}","templated":true}]}}