{"id":43657,"date":"2021-03-02T20:32:54","date_gmt":"2021-03-02T23:32:54","guid":{"rendered":"https:\/\/regiaonews.net.br\/2022\/?p=43657"},"modified":"2021-03-02T20:32:54","modified_gmt":"2021-03-02T23:32:54","slug":"brasil-registra-1-726-mortes-em-24-horas-e-bate-novo-recorde-na-pandemia-total-chega-a-2575-mil","status":"publish","type":"post","link":"https:\/\/regiaonews.net.br\/2022\/2021\/03\/02\/brasil-registra-1-726-mortes-em-24-horas-e-bate-novo-recorde-na-pandemia-total-chega-a-2575-mil\/","title":{"rendered":"Brasil registra 1.726 mortes em 24 horas e bate novo recorde na pandemia; total chega a 257,5 mil"},"content":{"rendered":"<div class=\"mc-column content-text active-extra-styles active-capital-letter\" data-block-type=\"unstyled\" data-block-weight=\"32\" data-block-id=\"1\">\n<p data-track-category=\"Link no Texto\" data-track-links=\"\"><a href=\"https:\/\/regiaonews.net.br\/2022\/wp-content\/uploads\/2021\/03\/uti-covid.jpg\"><img loading=\"lazy\" decoding=\"async\" class=\"alignnone size-medium wp-image-43658\" src=\"https:\/\/regiaonews.net.br\/2022\/wp-content\/uploads\/2021\/03\/uti-covid-300x168.jpg\" alt=\"\" width=\"300\" height=\"168\" \/><\/a><\/p>\n<p class=\"content-text__container theme-color-primary-first-letter\" data-track-category=\"Link no Texto\" data-track-links=\"\">O cons\u00f3rcio de ve\u00edculos de imprensa divulgou novo levantamento da situa\u00e7\u00e3o da pandemia de coronav\u00edrus no Brasil a partir de dados das secretarias estaduais de Sa\u00fade, consolidados \u00e0s 20h desta ter\u00e7a-feira (2).<\/p>\n<\/div>\n<div class=\"wall protected-content\">\n<div class=\"mc-column content-text active-extra-styles \" data-block-type=\"unstyled\" data-block-weight=\"68\" data-block-id=\"2\">\n<p class=\"content-text__container \" data-track-category=\"Link no Texto\" data-track-links=\"\">O pa\u00eds registrou<span class=\"highlight highlighted\">\u00a01.726 mortes pela Covid-19 nas \u00faltimas 24 horas &#8211; recorde desde o in\u00edcio da pandemia &#8211;\u00a0<\/span>chegando ao\u00a0<span class=\"highlight highlighted\">total de 257.562 mil \u00f3bitos desde seu come\u00e7o.\u00a0<\/span>Com isso, a\u00a0<strong><span class=\"highlight highlighted\">m\u00e9dia m\u00f3vel de mortes no Brasil nos \u00faltimos 7 dias chegou a 1.274<\/span><\/strong>. A varia\u00e7\u00e3o foi de<span class=\"highlight highlighted\">\u00a023%<\/span>\u00a0em compara\u00e7\u00e3o \u00e0 m\u00e9dia de 14 dias atr\u00e1s, indicando\u00a0<strong><span class=\"highlight highlighted\">tend\u00eancia de alta nos \u00f3bitos<\/span><\/strong><span class=\"highlight highlighted\">\u00a0pela doen\u00e7a<\/span>.<\/p>\n<\/div>\n<div class=\"mc-column content-text active-extra-styles \" data-block-type=\"unstyled\" data-block-weight=\"72\" data-block-id=\"3\">\n<p class=\"content-text__container \" data-track-category=\"Link no Texto\" data-track-links=\"\">O n\u00famero de mortes em 24 horas registrado no Brasil nesta ter\u00e7a-feira (2) \u00e9 superior ao registrado preliminarmente nos Estados Unidos na segunda-feira (1\u00ba) e compilado nos principais pain\u00e9is de monitoramento. Segundo a Johns Hopkins, os EUA tiveram 1.567 mortes. O n\u00famero \u00e9 semelhante ao verificado pela plataforma Our World in Data, da Universidade de Oxford, que aponta 1.565 mortes no pa\u00eds. Os EUA somam, desde o in\u00edcio da pandemia, 515.985 \u00f3bitos.<\/p>\n<\/div>\n<div class=\"mc-column content-text active-extra-styles \" data-block-type=\"unstyled\" data-block-weight=\"51\" data-block-id=\"4\">\n<p class=\"content-text__container \" data-track-category=\"Link no Texto\" data-track-links=\"\">J\u00e1 s\u00e3o 40 dias seguidos com a m\u00e9dia m\u00f3vel de mortes acima da marca de 1 mil, 6 dias acima de 1,1 mil, e pelo terceiro dia a marca aparece acima de 1,2 mil. Foram quatro recordes seguidos de s\u00e1bado at\u00e9 aqui.\u00a0<strong>Veja a sequ\u00eancia da \u00faltima semana na m\u00e9dia m\u00f3vel:<\/strong><\/p>\n<\/div>\n<div class=\"mc-column content-text active-extra-styles\" data-block-type=\"raw\" data-block-weight=\"27\" data-block-id=\"5\">\n<p class=\"content-text__container\">\n<ul class=\"content-unordered-list\">\n<li>Quarta-feira (24):\u00a0<strong>1.129<\/strong>\u00a0(<span class=\"highlight highlighted\">recorde<\/span>)<\/li>\n<li>Quinta-feira (25):\u00a0<strong>1.150<\/strong>\u00a0(<span class=\"highlight highlighted\">recorde<\/span>)<\/li>\n<li>Sexta-feira (26): 1.148<\/li>\n<li>S\u00e1bado (27):\u00a0<strong>1.180<\/strong>\u00a0(<span class=\"highlight highlighted\">recorde<\/span>)<\/li>\n<li>Domingo (28):\u00a0<strong>1.208<\/strong>\u00a0(<span class=\"highlight highlighted\">recorde<\/span>)<\/li>\n<li>Segunda-feira (1\u00ba):\u00a0<strong>1.223<\/strong>\u00a0(<span class=\"highlight highlighted\">recorde<\/span>)<\/li>\n<li>Ter\u00e7a-feira (2):\u00a0<strong>1.726\u00a0<\/strong>(<span class=\"highlight highlighted\">recorde<\/span>)<\/li>\n<\/ul>\n<p>&nbsp;<\/p>\n<\/div>\n<div class=\"mc-column content-text active-extra-styles \" data-block-type=\"unstyled\" data-block-weight=\"62\" data-block-id=\"6\">\n<p class=\"content-text__container \" data-track-category=\"Link no Texto\" data-track-links=\"\">Em casos confirmados, desde o come\u00e7o da pandemia\u00a0<span class=\"highlight highlighted\">10.647.845 brasileiros j\u00e1 tiveram ou t\u00eam o novo coronav\u00edrus<\/span>, com\u00a0<span class=\"highlight highlighted\">58.237 desses confirmados no \u00faltimo dia<\/span>. A m\u00e9dia m\u00f3vel nos \u00faltimos 7 dias foi de\u00a0<span class=\"highlight highlighted\">55.318 novos diagn\u00f3sticos por dia<\/span>. Isso representa uma varia\u00e7\u00e3o de<span class=\"highlight highlighted\">\u00a022%<\/span>\u00a0em rela\u00e7\u00e3o aos casos registrados em duas semanas, o que indica\u00a0<span class=\"highlight highlighted\">tend\u00eancia de alta tamb\u00e9m nos diagn\u00f3sticos<\/span>.<\/p>\n<\/div>\n<div class=\"content-ads content-ads--reveal\" data-block-type=\"ads\" data-block-id=\"7\"><\/div>\n<div class=\"mc-column content-text active-extra-styles \" data-block-type=\"unstyled\" data-block-weight=\"28\" data-block-id=\"8\">\n<p class=\"content-text__container \" data-track-category=\"Link no Texto\" data-track-links=\"\"><span class=\"highlight highlighted\">Quinze estados e o Distrito Federal est\u00e3o com alta nas mortes<\/span>: PR, RS, SC, DF, SP, AC, PA, TO, AL, BA, CE, MA, PB, PI, RN e SE<\/p>\n<div class=\"mc-column content-text active-extra-styles\" data-block-type=\"raw\" data-block-weight=\"10\" data-block-id=\"9\">\n<ul class=\"content-unordered-list\">\n<li><a href=\"http:\/\/especiais.g1.globo.com\/bemestar\/coronavirus\/estados-brasil-mortes-casos-media-movel\/\" target=\"_blank\" rel=\"noopener\">Mortes e casos de coronav\u00edrus no Brasil e nos estados<\/a><\/li>\n<\/ul>\n<p>&nbsp;<\/p>\n<\/div>\n<div class=\"mc-column content-text active-extra-styles\" data-block-type=\"raw\" data-block-weight=\"4\" data-block-id=\"10\">\n<p class=\"content-text__container\">\n<div class=\"content-intertitle\">\n<h2>Brasil, 2 de mar\u00e7o<\/h2>\n<\/div>\n<p>&nbsp;<\/p>\n<\/div>\n<div class=\"mc-column content-text active-extra-styles\" data-block-type=\"raw\" data-block-weight=\"56\" data-block-id=\"11\">\n<p class=\"content-text__container\">\n<ul class=\"content-unordered-list\">\n<li><strong>Total de mortes:\u00a0<\/strong>257.562<\/li>\n<li><strong>Registro de mortes em 24 horas:\u00a0<\/strong>1.726<\/li>\n<li><strong>M\u00e9dia de novas mortes nos \u00faltimos 7 dias:\u00a0<\/strong>1.274 (varia\u00e7\u00e3o em 14 dias: +23%)<\/li>\n<li><strong>Total de casos confirmados:<\/strong>\u00a010.647.845<\/li>\n<li><strong>Registro de casos confirmados em 24 horas:<\/strong>\u00a058.237<\/li>\n<li><strong>M\u00e9dia de novos casos nos \u00faltimos 7 dias:\u00a0<\/strong>55.318 por dia (varia\u00e7\u00e3o em 14 dias: +22%)<\/li>\n<\/ul>\n<p>&nbsp;<\/p>\n<\/div>\n<div class=\"mc-column content-text active-extra-styles\" data-block-type=\"raw\" data-block-weight=\"1\" data-block-id=\"12\">\n<p class=\"content-text__container\">\n<div class=\"content-intertitle\">\n<h2>Estados<\/h2>\n<\/div>\n<p>&nbsp;<\/p>\n<\/div>\n<div class=\"mc-column content-text active-extra-styles\" data-block-type=\"raw\" data-block-weight=\"45\" data-block-id=\"13\">\n<p class=\"content-text__container\">\n<ul class=\"content-unordered-list\">\n<li><strong>Subindo (15 estados mais o Distrito Federal):\u00a0<\/strong>PR, RS, SC, SP, DF, AC, PA, TO, AL, BA, CE, MA, PB, PI, RN e SE<\/li>\n<li><strong>Em estabilidade (8 estados):\u00a0<\/strong>ES, MG, RJ, GO, MS, MT, RO e PE<\/li>\n<li><strong>Em queda (3 estados):\u00a0<\/strong>AM, AP e RR<\/li>\n<\/ul>\n<p>&nbsp;<\/p>\n<\/div>\n<div class=\"mc-column content-text active-extra-styles \" data-block-type=\"unstyled\" data-block-weight=\"38\" data-block-id=\"14\">\n<p class=\"content-text__container \" data-track-category=\"Link no Texto\" data-track-links=\"\">Essa compara\u00e7\u00e3o leva em conta a m\u00e9dia de mortes nos \u00faltimos 7 dias at\u00e9 a publica\u00e7\u00e3o deste balan\u00e7o em rela\u00e7\u00e3o \u00e0 m\u00e9dia registrada duas semanas atr\u00e1s (<a href=\"https:\/\/g1.globo.com\/bemestar\/coronavirus\/noticia\/2020\/07\/27\/entenda-como-e-calculada-a-media-movel-e-a-variacao-dos-casos-e-mortes-por-covid-19.ghtml\">entenda os crit\u00e9rios usados pelo\u00a0<strong>G1<\/strong>\u00a0para analisar as tend\u00eancias da pandemia<\/a>).<\/p>\n<\/div>\n<div class=\"mc-column content-text active-extra-styles \" data-block-type=\"unstyled\" data-block-weight=\"38\" data-block-id=\"15\">\n<p class=\"content-text__container \" data-track-category=\"Link no Texto\" data-track-links=\"\">Vale ressaltar que h\u00e1 estados em que o baixo n\u00famero m\u00e9dio de \u00f3bitos pode levar a grandes varia\u00e7\u00f5es percentuais. Os dados de m\u00e9dias m\u00f3veis s\u00e3o, em geral, em n\u00fameros decimais e arredondados para facilitar a apresenta\u00e7\u00e3o dos dados.<\/p>\n<\/div>\n<div class=\"mc-column content-text active-extra-styles\" data-block-type=\"raw\" data-block-weight=\"1\" data-block-id=\"16\">\n<p class=\"content-text__container\">\n<div class=\"content-intertitle\">\n<h2>Vacina\u00e7\u00e3o<\/h2>\n<\/div>\n<p>&nbsp;<\/p>\n<\/div>\n<div class=\"mc-column content-text active-extra-styles \" data-block-type=\"unstyled\" data-block-weight=\"35\" data-block-id=\"17\">\n<p class=\"content-text__container \" data-track-category=\"Link no Texto\" data-track-links=\"\"><a href=\"https:\/\/g1.globo.com\/bemestar\/vacina\/noticia\/2021\/03\/02\/brasil-ja-aplicou-ao-menos-uma-dose-de-vacina-em-71-milhoes-aponta-consorcio-de-veiculos-de-imprensa.ghtml\">Balan\u00e7o da vacina\u00e7\u00e3o contra Covid-19 desta ter\u00e7a-feira (2)<\/a>\u00a0aponta que 7.106.147 pessoas j\u00e1 receberam a primeira dose de vacina contra a Covid-19, segundo dados divulgados at\u00e9 as 20h. O n\u00famero representa 3,36% da popula\u00e7\u00e3o brasileira.<\/p>\n<\/div>\n<div class=\"mc-column content-text active-extra-styles \" data-block-type=\"unstyled\" data-block-weight=\"32\" data-block-id=\"18\">\n<p class=\"content-text__container \" data-track-category=\"Link no Texto\" data-track-links=\"\">A segunda dose j\u00e1 foi aplicada em 2.166.982 pessoas (1,02% da popula\u00e7\u00e3o do pa\u00eds) em todos os estados e no Distrito Federal. No total, 9.273.129 doses foram aplicadas em todo o pa\u00eds.<\/p>\n<p data-track-category=\"Link no Texto\" data-track-links=\"\">fonte: G1<\/p>\n<\/div>\n<\/div>\n<\/div>\n","protected":false},"excerpt":{"rendered":"<p>O cons\u00f3rcio de ve\u00edculos de imprensa divulgou novo levantamento da<\/p>\n","protected":false},"author":2,"featured_media":43658,"comment_status":"open","ping_status":"open","sticky":false,"template":"","format":"standard","meta":{"footnotes":""},"categories":[24,25],"tags":[],"class_list":["post-43657","post","type-post","status-publish","format-standard","has-post-thumbnail","hentry","category-brasil","category-cidades"],"yoast_head":"<!-- This site is optimized with the Yoast SEO plugin v27.4 - https:\/\/yoast.com\/product\/yoast-seo-wordpress\/ -->\n<title>Brasil registra 1.726 mortes em 24 horas e bate novo recorde na pandemia; total chega a 257,5 mil - Regi\u00e3o News<\/title>\n<meta name=\"robots\" content=\"index, follow, max-snippet:-1, max-image-preview:large, max-video-preview:-1\" \/>\n<link rel=\"canonical\" href=\"https:\/\/regiaonews.net.br\/2022\/2021\/03\/02\/brasil-registra-1-726-mortes-em-24-horas-e-bate-novo-recorde-na-pandemia-total-chega-a-2575-mil\/\" \/>\n<meta property=\"og:locale\" content=\"pt_BR\" \/>\n<meta property=\"og:type\" content=\"article\" \/>\n<meta property=\"og:title\" content=\"Brasil registra 1.726 mortes em 24 horas e bate novo recorde na pandemia; total chega a 257,5 mil - Regi\u00e3o News\" \/>\n<meta property=\"og:description\" content=\"O cons\u00f3rcio de ve\u00edculos de imprensa divulgou novo levantamento da\" \/>\n<meta property=\"og:url\" content=\"https:\/\/regiaonews.net.br\/2022\/2021\/03\/02\/brasil-registra-1-726-mortes-em-24-horas-e-bate-novo-recorde-na-pandemia-total-chega-a-2575-mil\/\" \/>\n<meta property=\"og:site_name\" content=\"Regi\u00e3o News\" \/>\n<meta property=\"article:published_time\" content=\"2021-03-02T23:32:54+00:00\" \/>\n<meta property=\"og:image\" content=\"https:\/\/regiaonews.net.br\/2022\/wp-content\/uploads\/2021\/03\/uti-covid.jpg\" \/>\n\t<meta property=\"og:image:width\" content=\"984\" \/>\n\t<meta property=\"og:image:height\" content=\"551\" \/>\n\t<meta property=\"og:image:type\" content=\"image\/jpeg\" \/>\n<meta name=\"author\" content=\"Roberto\" \/>\n<meta name=\"twitter:card\" content=\"summary_large_image\" \/>\n<meta name=\"twitter:label1\" content=\"Escrito por\" \/>\n\t<meta name=\"twitter:data1\" content=\"Roberto\" \/>\n\t<meta name=\"twitter:label2\" content=\"Est. tempo de leitura\" \/>\n\t<meta name=\"twitter:data2\" content=\"3 minutos\" \/>\n<script type=\"application\/ld+json\" class=\"yoast-schema-graph\">{\"@context\":\"https:\\\/\\\/schema.org\",\"@graph\":[{\"@type\":\"Article\",\"@id\":\"https:\\\/\\\/regiaonews.net.br\\\/2022\\\/2021\\\/03\\\/02\\\/brasil-registra-1-726-mortes-em-24-horas-e-bate-novo-recorde-na-pandemia-total-chega-a-2575-mil\\\/#article\",\"isPartOf\":{\"@id\":\"https:\\\/\\\/regiaonews.net.br\\\/2022\\\/2021\\\/03\\\/02\\\/brasil-registra-1-726-mortes-em-24-horas-e-bate-novo-recorde-na-pandemia-total-chega-a-2575-mil\\\/\"},\"author\":{\"name\":\"Roberto\",\"@id\":\"https:\\\/\\\/regiaonews.net.br\\\/2022\\\/#\\\/schema\\\/person\\\/2d205a608a5aa97ac279d7a5e6d89ad8\"},\"headline\":\"Brasil registra 1.726 mortes em 24 horas e bate novo recorde na pandemia; total chega a 257,5 mil\",\"datePublished\":\"2021-03-02T23:32:54+00:00\",\"mainEntityOfPage\":{\"@id\":\"https:\\\/\\\/regiaonews.net.br\\\/2022\\\/2021\\\/03\\\/02\\\/brasil-registra-1-726-mortes-em-24-horas-e-bate-novo-recorde-na-pandemia-total-chega-a-2575-mil\\\/\"},\"wordCount\":628,\"commentCount\":0,\"publisher\":{\"@id\":\"https:\\\/\\\/regiaonews.net.br\\\/2022\\\/#organization\"},\"image\":{\"@id\":\"https:\\\/\\\/regiaonews.net.br\\\/2022\\\/2021\\\/03\\\/02\\\/brasil-registra-1-726-mortes-em-24-horas-e-bate-novo-recorde-na-pandemia-total-chega-a-2575-mil\\\/#primaryimage\"},\"thumbnailUrl\":\"https:\\\/\\\/regiaonews.net.br\\\/2022\\\/wp-content\\\/uploads\\\/2021\\\/03\\\/uti-covid.jpg\",\"articleSection\":[\"Brasil\",\"Cidades\"],\"inLanguage\":\"pt-BR\",\"potentialAction\":[{\"@type\":\"CommentAction\",\"name\":\"Comment\",\"target\":[\"https:\\\/\\\/regiaonews.net.br\\\/2022\\\/2021\\\/03\\\/02\\\/brasil-registra-1-726-mortes-em-24-horas-e-bate-novo-recorde-na-pandemia-total-chega-a-2575-mil\\\/#respond\"]}]},{\"@type\":\"WebPage\",\"@id\":\"https:\\\/\\\/regiaonews.net.br\\\/2022\\\/2021\\\/03\\\/02\\\/brasil-registra-1-726-mortes-em-24-horas-e-bate-novo-recorde-na-pandemia-total-chega-a-2575-mil\\\/\",\"url\":\"https:\\\/\\\/regiaonews.net.br\\\/2022\\\/2021\\\/03\\\/02\\\/brasil-registra-1-726-mortes-em-24-horas-e-bate-novo-recorde-na-pandemia-total-chega-a-2575-mil\\\/\",\"name\":\"Brasil registra 1.726 mortes em 24 horas e bate novo recorde na pandemia; total chega a 257,5 mil - Regi\u00e3o News\",\"isPartOf\":{\"@id\":\"https:\\\/\\\/regiaonews.net.br\\\/2022\\\/#website\"},\"primaryImageOfPage\":{\"@id\":\"https:\\\/\\\/regiaonews.net.br\\\/2022\\\/2021\\\/03\\\/02\\\/brasil-registra-1-726-mortes-em-24-horas-e-bate-novo-recorde-na-pandemia-total-chega-a-2575-mil\\\/#primaryimage\"},\"image\":{\"@id\":\"https:\\\/\\\/regiaonews.net.br\\\/2022\\\/2021\\\/03\\\/02\\\/brasil-registra-1-726-mortes-em-24-horas-e-bate-novo-recorde-na-pandemia-total-chega-a-2575-mil\\\/#primaryimage\"},\"thumbnailUrl\":\"https:\\\/\\\/regiaonews.net.br\\\/2022\\\/wp-content\\\/uploads\\\/2021\\\/03\\\/uti-covid.jpg\",\"datePublished\":\"2021-03-02T23:32:54+00:00\",\"breadcrumb\":{\"@id\":\"https:\\\/\\\/regiaonews.net.br\\\/2022\\\/2021\\\/03\\\/02\\\/brasil-registra-1-726-mortes-em-24-horas-e-bate-novo-recorde-na-pandemia-total-chega-a-2575-mil\\\/#breadcrumb\"},\"inLanguage\":\"pt-BR\",\"potentialAction\":[{\"@type\":\"ReadAction\",\"target\":[\"https:\\\/\\\/regiaonews.net.br\\\/2022\\\/2021\\\/03\\\/02\\\/brasil-registra-1-726-mortes-em-24-horas-e-bate-novo-recorde-na-pandemia-total-chega-a-2575-mil\\\/\"]}]},{\"@type\":\"ImageObject\",\"inLanguage\":\"pt-BR\",\"@id\":\"https:\\\/\\\/regiaonews.net.br\\\/2022\\\/2021\\\/03\\\/02\\\/brasil-registra-1-726-mortes-em-24-horas-e-bate-novo-recorde-na-pandemia-total-chega-a-2575-mil\\\/#primaryimage\",\"url\":\"https:\\\/\\\/regiaonews.net.br\\\/2022\\\/wp-content\\\/uploads\\\/2021\\\/03\\\/uti-covid.jpg\",\"contentUrl\":\"https:\\\/\\\/regiaonews.net.br\\\/2022\\\/wp-content\\\/uploads\\\/2021\\\/03\\\/uti-covid.jpg\",\"width\":984,\"height\":551},{\"@type\":\"BreadcrumbList\",\"@id\":\"https:\\\/\\\/regiaonews.net.br\\\/2022\\\/2021\\\/03\\\/02\\\/brasil-registra-1-726-mortes-em-24-horas-e-bate-novo-recorde-na-pandemia-total-chega-a-2575-mil\\\/#breadcrumb\",\"itemListElement\":[{\"@type\":\"ListItem\",\"position\":1,\"name\":\"In\u00edcio\",\"item\":\"https:\\\/\\\/regiaonews.net.br\\\/2022\\\/\"},{\"@type\":\"ListItem\",\"position\":2,\"name\":\"Brasil registra 1.726 mortes em 24 horas e bate novo recorde na pandemia; total chega a 257,5 mil\"}]},{\"@type\":\"WebSite\",\"@id\":\"https:\\\/\\\/regiaonews.net.br\\\/2022\\\/#website\",\"url\":\"https:\\\/\\\/regiaonews.net.br\\\/2022\\\/\",\"name\":\"Regi\u00e3o News\",\"description\":\"Site de Not\u00edcias de Barretos e regi\u00e3o\",\"publisher\":{\"@id\":\"https:\\\/\\\/regiaonews.net.br\\\/2022\\\/#organization\"},\"potentialAction\":[{\"@type\":\"SearchAction\",\"target\":{\"@type\":\"EntryPoint\",\"urlTemplate\":\"https:\\\/\\\/regiaonews.net.br\\\/2022\\\/?s={search_term_string}\"},\"query-input\":{\"@type\":\"PropertyValueSpecification\",\"valueRequired\":true,\"valueName\":\"search_term_string\"}}],\"inLanguage\":\"pt-BR\"},{\"@type\":\"Organization\",\"@id\":\"https:\\\/\\\/regiaonews.net.br\\\/2022\\\/#organization\",\"name\":\"Regi\u00e3o News\",\"url\":\"https:\\\/\\\/regiaonews.net.br\\\/2022\\\/\",\"logo\":{\"@type\":\"ImageObject\",\"inLanguage\":\"pt-BR\",\"@id\":\"https:\\\/\\\/regiaonews.net.br\\\/2022\\\/#\\\/schema\\\/logo\\\/image\\\/\",\"url\":\"https:\\\/\\\/regiaonews.net.br\\\/2022\\\/wp-content\\\/uploads\\\/2026\\\/03\\\/regiao-13-anos-scaled.jpg\",\"contentUrl\":\"https:\\\/\\\/regiaonews.net.br\\\/2022\\\/wp-content\\\/uploads\\\/2026\\\/03\\\/regiao-13-anos-scaled.jpg\",\"width\":2560,\"height\":635,\"caption\":\"Regi\u00e3o News\"},\"image\":{\"@id\":\"https:\\\/\\\/regiaonews.net.br\\\/2022\\\/#\\\/schema\\\/logo\\\/image\\\/\"}},{\"@type\":\"Person\",\"@id\":\"https:\\\/\\\/regiaonews.net.br\\\/2022\\\/#\\\/schema\\\/person\\\/2d205a608a5aa97ac279d7a5e6d89ad8\",\"name\":\"Roberto\",\"image\":{\"@type\":\"ImageObject\",\"inLanguage\":\"pt-BR\",\"@id\":\"https:\\\/\\\/secure.gravatar.com\\\/avatar\\\/42749d8b712ff9d59ca93dc150494e5b55a44134482993f5baeb97e61b7ecc89?s=96&d=mm&r=g\",\"url\":\"https:\\\/\\\/secure.gravatar.com\\\/avatar\\\/42749d8b712ff9d59ca93dc150494e5b55a44134482993f5baeb97e61b7ecc89?s=96&d=mm&r=g\",\"contentUrl\":\"https:\\\/\\\/secure.gravatar.com\\\/avatar\\\/42749d8b712ff9d59ca93dc150494e5b55a44134482993f5baeb97e61b7ecc89?s=96&d=mm&r=g\",\"caption\":\"Roberto\"},\"url\":\"https:\\\/\\\/regiaonews.net.br\\\/2022\\\/author\\\/roberto\\\/\"}]}<\/script>\n<!-- \/ Yoast SEO plugin. -->","yoast_head_json":{"title":"Brasil registra 1.726 mortes em 24 horas e bate novo recorde na pandemia; total chega a 257,5 mil - Regi\u00e3o News","robots":{"index":"index","follow":"follow","max-snippet":"max-snippet:-1","max-image-preview":"max-image-preview:large","max-video-preview":"max-video-preview:-1"},"canonical":"https:\/\/regiaonews.net.br\/2022\/2021\/03\/02\/brasil-registra-1-726-mortes-em-24-horas-e-bate-novo-recorde-na-pandemia-total-chega-a-2575-mil\/","og_locale":"pt_BR","og_type":"article","og_title":"Brasil registra 1.726 mortes em 24 horas e bate novo recorde na pandemia; total chega a 257,5 mil - Regi\u00e3o News","og_description":"O cons\u00f3rcio de ve\u00edculos de imprensa divulgou novo levantamento da","og_url":"https:\/\/regiaonews.net.br\/2022\/2021\/03\/02\/brasil-registra-1-726-mortes-em-24-horas-e-bate-novo-recorde-na-pandemia-total-chega-a-2575-mil\/","og_site_name":"Regi\u00e3o News","article_published_time":"2021-03-02T23:32:54+00:00","og_image":[{"width":984,"height":551,"url":"https:\/\/regiaonews.net.br\/2022\/wp-content\/uploads\/2021\/03\/uti-covid.jpg","type":"image\/jpeg"}],"author":"Roberto","twitter_card":"summary_large_image","twitter_misc":{"Escrito por":"Roberto","Est. tempo de leitura":"3 minutos"},"schema":{"@context":"https:\/\/schema.org","@graph":[{"@type":"Article","@id":"https:\/\/regiaonews.net.br\/2022\/2021\/03\/02\/brasil-registra-1-726-mortes-em-24-horas-e-bate-novo-recorde-na-pandemia-total-chega-a-2575-mil\/#article","isPartOf":{"@id":"https:\/\/regiaonews.net.br\/2022\/2021\/03\/02\/brasil-registra-1-726-mortes-em-24-horas-e-bate-novo-recorde-na-pandemia-total-chega-a-2575-mil\/"},"author":{"name":"Roberto","@id":"https:\/\/regiaonews.net.br\/2022\/#\/schema\/person\/2d205a608a5aa97ac279d7a5e6d89ad8"},"headline":"Brasil registra 1.726 mortes em 24 horas e bate novo recorde na pandemia; total chega a 257,5 mil","datePublished":"2021-03-02T23:32:54+00:00","mainEntityOfPage":{"@id":"https:\/\/regiaonews.net.br\/2022\/2021\/03\/02\/brasil-registra-1-726-mortes-em-24-horas-e-bate-novo-recorde-na-pandemia-total-chega-a-2575-mil\/"},"wordCount":628,"commentCount":0,"publisher":{"@id":"https:\/\/regiaonews.net.br\/2022\/#organization"},"image":{"@id":"https:\/\/regiaonews.net.br\/2022\/2021\/03\/02\/brasil-registra-1-726-mortes-em-24-horas-e-bate-novo-recorde-na-pandemia-total-chega-a-2575-mil\/#primaryimage"},"thumbnailUrl":"https:\/\/regiaonews.net.br\/2022\/wp-content\/uploads\/2021\/03\/uti-covid.jpg","articleSection":["Brasil","Cidades"],"inLanguage":"pt-BR","potentialAction":[{"@type":"CommentAction","name":"Comment","target":["https:\/\/regiaonews.net.br\/2022\/2021\/03\/02\/brasil-registra-1-726-mortes-em-24-horas-e-bate-novo-recorde-na-pandemia-total-chega-a-2575-mil\/#respond"]}]},{"@type":"WebPage","@id":"https:\/\/regiaonews.net.br\/2022\/2021\/03\/02\/brasil-registra-1-726-mortes-em-24-horas-e-bate-novo-recorde-na-pandemia-total-chega-a-2575-mil\/","url":"https:\/\/regiaonews.net.br\/2022\/2021\/03\/02\/brasil-registra-1-726-mortes-em-24-horas-e-bate-novo-recorde-na-pandemia-total-chega-a-2575-mil\/","name":"Brasil registra 1.726 mortes em 24 horas e bate novo recorde na pandemia; total chega a 257,5 mil - Regi\u00e3o News","isPartOf":{"@id":"https:\/\/regiaonews.net.br\/2022\/#website"},"primaryImageOfPage":{"@id":"https:\/\/regiaonews.net.br\/2022\/2021\/03\/02\/brasil-registra-1-726-mortes-em-24-horas-e-bate-novo-recorde-na-pandemia-total-chega-a-2575-mil\/#primaryimage"},"image":{"@id":"https:\/\/regiaonews.net.br\/2022\/2021\/03\/02\/brasil-registra-1-726-mortes-em-24-horas-e-bate-novo-recorde-na-pandemia-total-chega-a-2575-mil\/#primaryimage"},"thumbnailUrl":"https:\/\/regiaonews.net.br\/2022\/wp-content\/uploads\/2021\/03\/uti-covid.jpg","datePublished":"2021-03-02T23:32:54+00:00","breadcrumb":{"@id":"https:\/\/regiaonews.net.br\/2022\/2021\/03\/02\/brasil-registra-1-726-mortes-em-24-horas-e-bate-novo-recorde-na-pandemia-total-chega-a-2575-mil\/#breadcrumb"},"inLanguage":"pt-BR","potentialAction":[{"@type":"ReadAction","target":["https:\/\/regiaonews.net.br\/2022\/2021\/03\/02\/brasil-registra-1-726-mortes-em-24-horas-e-bate-novo-recorde-na-pandemia-total-chega-a-2575-mil\/"]}]},{"@type":"ImageObject","inLanguage":"pt-BR","@id":"https:\/\/regiaonews.net.br\/2022\/2021\/03\/02\/brasil-registra-1-726-mortes-em-24-horas-e-bate-novo-recorde-na-pandemia-total-chega-a-2575-mil\/#primaryimage","url":"https:\/\/regiaonews.net.br\/2022\/wp-content\/uploads\/2021\/03\/uti-covid.jpg","contentUrl":"https:\/\/regiaonews.net.br\/2022\/wp-content\/uploads\/2021\/03\/uti-covid.jpg","width":984,"height":551},{"@type":"BreadcrumbList","@id":"https:\/\/regiaonews.net.br\/2022\/2021\/03\/02\/brasil-registra-1-726-mortes-em-24-horas-e-bate-novo-recorde-na-pandemia-total-chega-a-2575-mil\/#breadcrumb","itemListElement":[{"@type":"ListItem","position":1,"name":"In\u00edcio","item":"https:\/\/regiaonews.net.br\/2022\/"},{"@type":"ListItem","position":2,"name":"Brasil registra 1.726 mortes em 24 horas e bate novo recorde na pandemia; total chega a 257,5 mil"}]},{"@type":"WebSite","@id":"https:\/\/regiaonews.net.br\/2022\/#website","url":"https:\/\/regiaonews.net.br\/2022\/","name":"Regi\u00e3o News","description":"Site de Not\u00edcias de Barretos e regi\u00e3o","publisher":{"@id":"https:\/\/regiaonews.net.br\/2022\/#organization"},"potentialAction":[{"@type":"SearchAction","target":{"@type":"EntryPoint","urlTemplate":"https:\/\/regiaonews.net.br\/2022\/?s={search_term_string}"},"query-input":{"@type":"PropertyValueSpecification","valueRequired":true,"valueName":"search_term_string"}}],"inLanguage":"pt-BR"},{"@type":"Organization","@id":"https:\/\/regiaonews.net.br\/2022\/#organization","name":"Regi\u00e3o News","url":"https:\/\/regiaonews.net.br\/2022\/","logo":{"@type":"ImageObject","inLanguage":"pt-BR","@id":"https:\/\/regiaonews.net.br\/2022\/#\/schema\/logo\/image\/","url":"https:\/\/regiaonews.net.br\/2022\/wp-content\/uploads\/2026\/03\/regiao-13-anos-scaled.jpg","contentUrl":"https:\/\/regiaonews.net.br\/2022\/wp-content\/uploads\/2026\/03\/regiao-13-anos-scaled.jpg","width":2560,"height":635,"caption":"Regi\u00e3o News"},"image":{"@id":"https:\/\/regiaonews.net.br\/2022\/#\/schema\/logo\/image\/"}},{"@type":"Person","@id":"https:\/\/regiaonews.net.br\/2022\/#\/schema\/person\/2d205a608a5aa97ac279d7a5e6d89ad8","name":"Roberto","image":{"@type":"ImageObject","inLanguage":"pt-BR","@id":"https:\/\/secure.gravatar.com\/avatar\/42749d8b712ff9d59ca93dc150494e5b55a44134482993f5baeb97e61b7ecc89?s=96&d=mm&r=g","url":"https:\/\/secure.gravatar.com\/avatar\/42749d8b712ff9d59ca93dc150494e5b55a44134482993f5baeb97e61b7ecc89?s=96&d=mm&r=g","contentUrl":"https:\/\/secure.gravatar.com\/avatar\/42749d8b712ff9d59ca93dc150494e5b55a44134482993f5baeb97e61b7ecc89?s=96&d=mm&r=g","caption":"Roberto"},"url":"https:\/\/regiaonews.net.br\/2022\/author\/roberto\/"}]}},"publishpress_future_action":{"enabled":false,"date":"2026-05-05 07:41:27","action":"change-status","newStatus":"draft","terms":[],"taxonomy":"category","extraData":[]},"publishpress_future_workflow_manual_trigger":{"enabledWorkflows":[]},"_links":{"self":[{"href":"https:\/\/regiaonews.net.br\/2022\/wp-json\/wp\/v2\/posts\/43657","targetHints":{"allow":["GET"]}}],"collection":[{"href":"https:\/\/regiaonews.net.br\/2022\/wp-json\/wp\/v2\/posts"}],"about":[{"href":"https:\/\/regiaonews.net.br\/2022\/wp-json\/wp\/v2\/types\/post"}],"author":[{"embeddable":true,"href":"https:\/\/regiaonews.net.br\/2022\/wp-json\/wp\/v2\/users\/2"}],"replies":[{"embeddable":true,"href":"https:\/\/regiaonews.net.br\/2022\/wp-json\/wp\/v2\/comments?post=43657"}],"version-history":[{"count":0,"href":"https:\/\/regiaonews.net.br\/2022\/wp-json\/wp\/v2\/posts\/43657\/revisions"}],"wp:featuredmedia":[{"embeddable":true,"href":"https:\/\/regiaonews.net.br\/2022\/wp-json\/wp\/v2\/media\/43658"}],"wp:attachment":[{"href":"https:\/\/regiaonews.net.br\/2022\/wp-json\/wp\/v2\/media?parent=43657"}],"wp:term":[{"taxonomy":"category","embeddable":true,"href":"https:\/\/regiaonews.net.br\/2022\/wp-json\/wp\/v2\/categories?post=43657"},{"taxonomy":"post_tag","embeddable":true,"href":"https:\/\/regiaonews.net.br\/2022\/wp-json\/wp\/v2\/tags?post=43657"}],"curies":[{"name":"wp","href":"https:\/\/api.w.org\/{rel}","templated":true}]}}