{"id":43648,"date":"2021-03-02T16:00:21","date_gmt":"2021-03-02T19:00:21","guid":{"rendered":"https:\/\/regiaonews.net.br\/2022\/?p=43648"},"modified":"2021-03-02T16:00:21","modified_gmt":"2021-03-02T19:00:21","slug":"doria-diz-que-sp-entrou-na-pior-semana-desde-o-inicio-da-pandemia-e-nao-descarta-nenhuma-medida","status":"publish","type":"post","link":"https:\/\/regiaonews.net.br\/2022\/2021\/03\/02\/doria-diz-que-sp-entrou-na-pior-semana-desde-o-inicio-da-pandemia-e-nao-descarta-nenhuma-medida\/","title":{"rendered":"Doria diz que SP entrou na pior semana desde o in\u00edcio da pandemia e n\u00e3o descarta nenhuma medida"},"content":{"rendered":"<p><a href=\"https:\/\/regiaonews.net.br\/2022\/wp-content\/uploads\/2020\/11\/governador-de-sao-paulo-joao-doria-psdb-1599060541580_v2_900x506.jpg\"><img loading=\"lazy\" decoding=\"async\" class=\"alignnone size-medium wp-image-39603\" src=\"https:\/\/regiaonews.net.br\/2022\/wp-content\/uploads\/2020\/11\/governador-de-sao-paulo-joao-doria-psdb-1599060541580_v2_900x506-300x169.jpg\" alt=\"\" width=\"300\" height=\"169\" \/><\/a><\/p>\n<div class=\"mc-column content-text active-extra-styles \" data-block-type=\"unstyled\" data-block-weight=\"48\" data-block-id=\"2\">\n<p class=\"content-text__container \" data-track-category=\"Link no Texto\" data-track-links=\"\">O governador de S\u00e3o Paulo, Jo\u00e3o Doria, disse nesta ter\u00e7a-feira (2) que o estado est\u00e1 na pior semana desde o come\u00e7o da pandemia. Doria participou do in\u00edcio da vacina\u00e7\u00e3o drive-thru no est\u00e1dio do Morumbi, na Zona Sul da capital, e falou sobre a situa\u00e7\u00e3o da doen\u00e7a no estado.<\/p>\n<\/div>\n<div class=\"wall protected-content\">\n<div class=\"mc-column content-text active-extra-styles\" data-block-type=\"raw\" data-block-weight=\"39\" data-block-id=\"3\">\n<p class=\"content-text__container\">\n<blockquote class=\"content-blockquote theme-border-color-primary-before\"><p>&#8220;Entramos na pior semana da Covid-19 da hist\u00f3ria da pandemia desde 26 de fevereiro. Isso n\u00e3o apenas em S\u00e3o Paulo, os demais estados tamb\u00e9m, eu tenho falado com governadores de outros estados. H\u00e1 uma preocupa\u00e7\u00e3o generalizada&#8221;, disse o governador.<\/p><\/blockquote>\n<p>&nbsp;<\/p>\n<\/div>\n<div class=\"mc-column content-text active-extra-styles \" data-block-type=\"unstyled\" data-block-weight=\"22\" data-block-id=\"4\">\n<p class=\"content-text__container \" data-track-category=\"Link no Texto\" data-track-links=\"\">Questionado sobre se ele adotaria o lockdown para evitar maior propaga\u00e7\u00e3o da doen\u00e7a, o governador diz que n\u00e3o descarta nenhuma medida.<\/p>\n<\/div>\n<div class=\"mc-column content-text active-extra-styles \" data-block-type=\"unstyled\" data-block-weight=\"17\" data-block-id=\"5\">\n<p class=\"content-text__container \" data-track-category=\"Link no Texto\" data-track-links=\"\">&#8220;N\u00e3o se descarta nenhuma medida, desde que elas sejam embasadas pela ci\u00eancia e pela sa\u00fade&#8221;, afirmou Doria.<\/p>\n<\/div>\n<div class=\"mc-column content-text active-extra-styles \" data-block-type=\"unstyled\" data-block-weight=\"47\" data-block-id=\"6\">\n<p class=\"content-text__container \" data-track-category=\"Link no Texto\" data-track-links=\"\">O estado de S\u00e3o Paulo registrou nesta ter\u00e7a\u00a0<a href=\"https:\/\/g1.globo.com\/sp\/sao-paulo\/noticia\/2021\/03\/02\/estado-de-sp-tem-468-mortes-por-covid-19-em-24h-maior-numero-desde-o-inicio-da-pandemia-e-ultrapassa-marca-de-60-mil-obitos.ghtml\">o maior n\u00famero de mortes por Covid-19 em 24h<\/a>\u00a0desde o in\u00edcio da pandemia, com 468 novos \u00f3bitos, segundo dados da Secretaria Estadual da Sa\u00fade. Com os novos registros, o estado chegou a 60.014 mortes provocadas pela doen\u00e7a.<\/p>\n<\/div>\n<div class=\"mc-column content-text active-extra-styles \" data-block-type=\"unstyled\" data-block-weight=\"40\" data-block-id=\"7\">\n<p class=\"content-text__container \" data-track-category=\"Link no Texto\" data-track-links=\"\">As novas confirma\u00e7\u00f5es em 24 horas n\u00e3o significam, necessariamente, que as mortes aconteceram de um dia para o outro, mas que foram contabilizadas no sistema neste per\u00edodo. Os n\u00fameros costumam ser menores aos finais de semana e segundas-feiras.<\/p>\n<\/div>\n<div class=\"mc-column content-text active-extra-styles \" data-block-type=\"unstyled\" data-block-weight=\"23\" data-block-id=\"9\">\n<p class=\"content-text__container \" data-track-category=\"Link no Texto\" data-track-links=\"\">O governador disse que o Centro de Conting\u00eancia ir\u00e1 se reunir nesta ter\u00e7a e o que for decidido ser\u00e1 anunciado nesta quarta-feira (3).<\/p>\n<\/div>\n<div class=\"mc-column content-text active-extra-styles \" data-block-type=\"unstyled\" data-block-weight=\"78\" data-block-id=\"10\">\n<p class=\"content-text__container \" data-track-category=\"Link no Texto\" data-track-links=\"\">A m\u00e9dia m\u00f3vel de mortes, que leva em considera\u00e7\u00e3o os registros dos \u00faltimos 7 dias e minimiza as diferen\u00e7as das notifica\u00e7\u00f5es, \u00e9 de 259 \u00f3bitos por dia nesta ter\u00e7a. O n\u00famero representa uma alta de 18% em compara\u00e7\u00e3o com o valor registrado h\u00e1 14 dias, o que para os especialistas indica tend\u00eancia de estabilidade. Como o c\u00e1lculo da m\u00e9dia m\u00f3vel leva em conta um per\u00edodo maior, \u00e9 poss\u00edvel medir de forma mais fidedigna a tend\u00eancia da pandemia.<\/p>\n<\/div>\n<div class=\"mc-column content-text active-extra-styles \" data-block-type=\"unstyled\" data-block-weight=\"42\" data-block-id=\"11\">\n<p class=\"content-text__container \" data-track-category=\"Link no Texto\" data-track-links=\"\">Nos \u00faltimos dias, o estado vem batendo recordes sucessivos de pacientes internados com quadros mais graves da doen\u00e7a. No s\u00e1bado (27), o total de pacientes internados em UTI superou o valor de 7 mil pela primeira vez desde o in\u00edcio da pandemia.<\/p>\n<\/div>\n<div class=\"mc-column content-text active-extra-styles \" data-block-type=\"unstyled\" data-block-weight=\"42\" data-block-id=\"12\">\n<p class=\"content-text__container \" data-track-category=\"Link no Texto\" data-track-links=\"\">Segundo a Secretaria Estadual da Sa\u00fade, o maior valor anterior durante o primeiro pico da doen\u00e7a havia sido registrado em 29 de julho, com 6.250 pacientes em UTI.\u00a0<a href=\"https:\/\/g1.globo.com\/sp\/sao-paulo\/noticia\/2021\/02\/24\/com-mais-de-2-milhoes-de-casos-de-covid-19-e-novas-variantes-estado-de-sp-diz-que-leitos-de-uti-podem-acabar-em-ate-22-dias.ghtml\">A gest\u00e3o estadual v\u00ea risco de colapso no sistema de sa\u00fade nas pr\u00f3ximas semanas.<\/a><\/p>\n<\/div>\n<div class=\"mc-column content-text active-extra-styles\" data-block-type=\"raw\" data-block-weight=\"4\" data-block-id=\"13\">\n<p class=\"content-text__container\">\n<div class=\"content-intertitle\">\n<h2>Aumento de novas interna\u00e7\u00f5es<\/h2>\n<div class=\"mc-column content-text active-extra-styles \" data-block-type=\"unstyled\" data-block-weight=\"28\" data-block-id=\"22\">\n<p class=\"content-text__container \" data-track-category=\"Link no Texto\" data-track-links=\"\">Diante da piora da epidemia em todo pa\u00eds, autoridades e sa\u00fade e\u00a0<a href=\"https:\/\/g1.globo.com\/bemestar\/coronavirus\/noticia\/2021\/03\/01\/conselho-de-secretarios-divulga-carta-com-sugestoes-de-medidas-urgentes-contra-iminente-colapso-das-redes-publica-e-privada-por-causa-da-covid.ghtml\">conselho de secret\u00e1rios pedem que medidas mais duras de restri\u00e7\u00e3o<\/a>\u00a0\u00e0 circula\u00e7\u00e3o de pessoas sejam tomadas.<\/p>\n<\/div>\n<div class=\"mc-column content-text active-extra-styles \" data-block-type=\"unstyled\" data-block-weight=\"44\" data-block-id=\"23\">\n<p class=\"content-text__container \" data-track-category=\"Link no Texto\" data-track-links=\"\">No estado de S\u00e3o Paulo, come\u00e7ou a valer na sexta-feira (26) a restri\u00e7\u00e3o de circula\u00e7\u00e3o das 23h \u00e0s 5h, batizada pela gest\u00e3o Jo\u00e3o Doria (PSDB) de &#8220;toque de restri\u00e7\u00e3o&#8221;. O objetivo \u00e9 aumentar a fiscaliza\u00e7\u00e3o no per\u00edodo noturno para coibir aglomera\u00e7\u00f5es e festas clandestinas.<\/p>\n<\/div>\n<div class=\"mc-column content-text active-extra-styles \" data-block-type=\"unstyled\" data-block-weight=\"46\" data-block-id=\"24\">\n<p class=\"content-text__container \" data-track-category=\"Link no Texto\" data-track-links=\"\">A medida, no entanto, n\u00e3o tem poder de proibi\u00e7\u00e3o, e \u00e9 diferente de um &#8220;lockdown&#8221;. Ap\u00f3s a lota\u00e7\u00e3o de leitos, algumas prefeituras como a de Araraquara e de munic\u00edpios do ABC paulista j\u00e1 decidiram adotar proibi\u00e7\u00f5es que v\u00e3o al\u00e9m do que \u00e9 determinado pelo governo estadual.<\/p>\n<\/div>\n<div class=\"content-ads content-ads--reveal\" data-block-type=\"ads\" data-block-id=\"25\"><\/div>\n<div data-track-category=\"multicontent\" data-track-action=\"ultimo chunk conteudo\" data-track-noninteraction=\"false\" data-track-scroll=\"view\">\n<div class=\"block-podcast\">\n<div class=\"mc-column content-media content-media--normal podcast-container\" data-block-type=\"multicontent-podcast\" data-block-id=\"26\">FONTE : G1<\/div>\n<\/div>\n<\/div>\n<\/div>\n<\/div>\n<\/div>\n","protected":false},"excerpt":{"rendered":"<p>O governador de S\u00e3o Paulo, Jo\u00e3o Doria, disse nesta ter\u00e7a-feira<\/p>\n","protected":false},"author":2,"featured_media":39603,"comment_status":"open","ping_status":"open","sticky":false,"template":"","format":"standard","meta":{"footnotes":""},"categories":[25,7],"tags":[],"class_list":["post-43648","post","type-post","status-publish","format-standard","has-post-thumbnail","hentry","category-cidades","category-estado-de-sao-paulo"],"yoast_head":"<!-- This site is optimized with the Yoast SEO plugin v27.4 - https:\/\/yoast.com\/product\/yoast-seo-wordpress\/ -->\n<title>Doria diz que SP entrou na pior semana desde o in\u00edcio da pandemia e n\u00e3o descarta nenhuma medida - Regi\u00e3o News<\/title>\n<meta name=\"robots\" content=\"index, follow, max-snippet:-1, max-image-preview:large, max-video-preview:-1\" \/>\n<link rel=\"canonical\" href=\"https:\/\/regiaonews.net.br\/2022\/2021\/03\/02\/doria-diz-que-sp-entrou-na-pior-semana-desde-o-inicio-da-pandemia-e-nao-descarta-nenhuma-medida\/\" \/>\n<meta property=\"og:locale\" content=\"pt_BR\" \/>\n<meta property=\"og:type\" content=\"article\" \/>\n<meta property=\"og:title\" content=\"Doria diz que SP entrou na pior semana desde o in\u00edcio da pandemia e n\u00e3o descarta nenhuma medida - Regi\u00e3o News\" \/>\n<meta property=\"og:description\" content=\"O governador de S\u00e3o Paulo, Jo\u00e3o Doria, disse nesta ter\u00e7a-feira\" \/>\n<meta property=\"og:url\" content=\"https:\/\/regiaonews.net.br\/2022\/2021\/03\/02\/doria-diz-que-sp-entrou-na-pior-semana-desde-o-inicio-da-pandemia-e-nao-descarta-nenhuma-medida\/\" \/>\n<meta property=\"og:site_name\" content=\"Regi\u00e3o News\" \/>\n<meta property=\"article:published_time\" content=\"2021-03-02T19:00:21+00:00\" \/>\n<meta property=\"og:image\" content=\"https:\/\/regiaonews.net.br\/2022\/wp-content\/uploads\/2020\/11\/governador-de-sao-paulo-joao-doria-psdb-1599060541580_v2_900x506.jpg\" \/>\n\t<meta property=\"og:image:width\" content=\"900\" \/>\n\t<meta property=\"og:image:height\" content=\"506\" \/>\n\t<meta property=\"og:image:type\" content=\"image\/jpeg\" \/>\n<meta name=\"author\" content=\"Roberto\" \/>\n<meta name=\"twitter:card\" content=\"summary_large_image\" \/>\n<meta name=\"twitter:label1\" content=\"Escrito por\" \/>\n\t<meta name=\"twitter:data1\" content=\"Roberto\" \/>\n\t<meta name=\"twitter:label2\" content=\"Est. tempo de leitura\" \/>\n\t<meta name=\"twitter:data2\" content=\"3 minutos\" \/>\n<script type=\"application\/ld+json\" class=\"yoast-schema-graph\">{\"@context\":\"https:\\\/\\\/schema.org\",\"@graph\":[{\"@type\":\"Article\",\"@id\":\"https:\\\/\\\/regiaonews.net.br\\\/2022\\\/2021\\\/03\\\/02\\\/doria-diz-que-sp-entrou-na-pior-semana-desde-o-inicio-da-pandemia-e-nao-descarta-nenhuma-medida\\\/#article\",\"isPartOf\":{\"@id\":\"https:\\\/\\\/regiaonews.net.br\\\/2022\\\/2021\\\/03\\\/02\\\/doria-diz-que-sp-entrou-na-pior-semana-desde-o-inicio-da-pandemia-e-nao-descarta-nenhuma-medida\\\/\"},\"author\":{\"name\":\"Roberto\",\"@id\":\"https:\\\/\\\/regiaonews.net.br\\\/2022\\\/#\\\/schema\\\/person\\\/2d205a608a5aa97ac279d7a5e6d89ad8\"},\"headline\":\"Doria diz que SP entrou na pior semana desde o in\u00edcio da pandemia e n\u00e3o descarta nenhuma medida\",\"datePublished\":\"2021-03-02T19:00:21+00:00\",\"mainEntityOfPage\":{\"@id\":\"https:\\\/\\\/regiaonews.net.br\\\/2022\\\/2021\\\/03\\\/02\\\/doria-diz-que-sp-entrou-na-pior-semana-desde-o-inicio-da-pandemia-e-nao-descarta-nenhuma-medida\\\/\"},\"wordCount\":596,\"commentCount\":0,\"publisher\":{\"@id\":\"https:\\\/\\\/regiaonews.net.br\\\/2022\\\/#organization\"},\"image\":{\"@id\":\"https:\\\/\\\/regiaonews.net.br\\\/2022\\\/2021\\\/03\\\/02\\\/doria-diz-que-sp-entrou-na-pior-semana-desde-o-inicio-da-pandemia-e-nao-descarta-nenhuma-medida\\\/#primaryimage\"},\"thumbnailUrl\":\"https:\\\/\\\/regiaonews.net.br\\\/2022\\\/wp-content\\\/uploads\\\/2020\\\/11\\\/governador-de-sao-paulo-joao-doria-psdb-1599060541580_v2_900x506.jpg\",\"articleSection\":[\"Cidades\",\"Estado de S\u00e3o Paulo\"],\"inLanguage\":\"pt-BR\",\"potentialAction\":[{\"@type\":\"CommentAction\",\"name\":\"Comment\",\"target\":[\"https:\\\/\\\/regiaonews.net.br\\\/2022\\\/2021\\\/03\\\/02\\\/doria-diz-que-sp-entrou-na-pior-semana-desde-o-inicio-da-pandemia-e-nao-descarta-nenhuma-medida\\\/#respond\"]}]},{\"@type\":\"WebPage\",\"@id\":\"https:\\\/\\\/regiaonews.net.br\\\/2022\\\/2021\\\/03\\\/02\\\/doria-diz-que-sp-entrou-na-pior-semana-desde-o-inicio-da-pandemia-e-nao-descarta-nenhuma-medida\\\/\",\"url\":\"https:\\\/\\\/regiaonews.net.br\\\/2022\\\/2021\\\/03\\\/02\\\/doria-diz-que-sp-entrou-na-pior-semana-desde-o-inicio-da-pandemia-e-nao-descarta-nenhuma-medida\\\/\",\"name\":\"Doria diz que SP entrou na pior semana desde o in\u00edcio da pandemia e n\u00e3o descarta nenhuma medida - Regi\u00e3o News\",\"isPartOf\":{\"@id\":\"https:\\\/\\\/regiaonews.net.br\\\/2022\\\/#website\"},\"primaryImageOfPage\":{\"@id\":\"https:\\\/\\\/regiaonews.net.br\\\/2022\\\/2021\\\/03\\\/02\\\/doria-diz-que-sp-entrou-na-pior-semana-desde-o-inicio-da-pandemia-e-nao-descarta-nenhuma-medida\\\/#primaryimage\"},\"image\":{\"@id\":\"https:\\\/\\\/regiaonews.net.br\\\/2022\\\/2021\\\/03\\\/02\\\/doria-diz-que-sp-entrou-na-pior-semana-desde-o-inicio-da-pandemia-e-nao-descarta-nenhuma-medida\\\/#primaryimage\"},\"thumbnailUrl\":\"https:\\\/\\\/regiaonews.net.br\\\/2022\\\/wp-content\\\/uploads\\\/2020\\\/11\\\/governador-de-sao-paulo-joao-doria-psdb-1599060541580_v2_900x506.jpg\",\"datePublished\":\"2021-03-02T19:00:21+00:00\",\"breadcrumb\":{\"@id\":\"https:\\\/\\\/regiaonews.net.br\\\/2022\\\/2021\\\/03\\\/02\\\/doria-diz-que-sp-entrou-na-pior-semana-desde-o-inicio-da-pandemia-e-nao-descarta-nenhuma-medida\\\/#breadcrumb\"},\"inLanguage\":\"pt-BR\",\"potentialAction\":[{\"@type\":\"ReadAction\",\"target\":[\"https:\\\/\\\/regiaonews.net.br\\\/2022\\\/2021\\\/03\\\/02\\\/doria-diz-que-sp-entrou-na-pior-semana-desde-o-inicio-da-pandemia-e-nao-descarta-nenhuma-medida\\\/\"]}]},{\"@type\":\"ImageObject\",\"inLanguage\":\"pt-BR\",\"@id\":\"https:\\\/\\\/regiaonews.net.br\\\/2022\\\/2021\\\/03\\\/02\\\/doria-diz-que-sp-entrou-na-pior-semana-desde-o-inicio-da-pandemia-e-nao-descarta-nenhuma-medida\\\/#primaryimage\",\"url\":\"https:\\\/\\\/regiaonews.net.br\\\/2022\\\/wp-content\\\/uploads\\\/2020\\\/11\\\/governador-de-sao-paulo-joao-doria-psdb-1599060541580_v2_900x506.jpg\",\"contentUrl\":\"https:\\\/\\\/regiaonews.net.br\\\/2022\\\/wp-content\\\/uploads\\\/2020\\\/11\\\/governador-de-sao-paulo-joao-doria-psdb-1599060541580_v2_900x506.jpg\",\"width\":900,\"height\":506},{\"@type\":\"BreadcrumbList\",\"@id\":\"https:\\\/\\\/regiaonews.net.br\\\/2022\\\/2021\\\/03\\\/02\\\/doria-diz-que-sp-entrou-na-pior-semana-desde-o-inicio-da-pandemia-e-nao-descarta-nenhuma-medida\\\/#breadcrumb\",\"itemListElement\":[{\"@type\":\"ListItem\",\"position\":1,\"name\":\"In\u00edcio\",\"item\":\"https:\\\/\\\/regiaonews.net.br\\\/2022\\\/\"},{\"@type\":\"ListItem\",\"position\":2,\"name\":\"Doria diz que SP entrou na pior semana desde o in\u00edcio da pandemia e n\u00e3o descarta nenhuma medida\"}]},{\"@type\":\"WebSite\",\"@id\":\"https:\\\/\\\/regiaonews.net.br\\\/2022\\\/#website\",\"url\":\"https:\\\/\\\/regiaonews.net.br\\\/2022\\\/\",\"name\":\"Regi\u00e3o News\",\"description\":\"Site de Not\u00edcias de Barretos e regi\u00e3o\",\"publisher\":{\"@id\":\"https:\\\/\\\/regiaonews.net.br\\\/2022\\\/#organization\"},\"potentialAction\":[{\"@type\":\"SearchAction\",\"target\":{\"@type\":\"EntryPoint\",\"urlTemplate\":\"https:\\\/\\\/regiaonews.net.br\\\/2022\\\/?s={search_term_string}\"},\"query-input\":{\"@type\":\"PropertyValueSpecification\",\"valueRequired\":true,\"valueName\":\"search_term_string\"}}],\"inLanguage\":\"pt-BR\"},{\"@type\":\"Organization\",\"@id\":\"https:\\\/\\\/regiaonews.net.br\\\/2022\\\/#organization\",\"name\":\"Regi\u00e3o News\",\"url\":\"https:\\\/\\\/regiaonews.net.br\\\/2022\\\/\",\"logo\":{\"@type\":\"ImageObject\",\"inLanguage\":\"pt-BR\",\"@id\":\"https:\\\/\\\/regiaonews.net.br\\\/2022\\\/#\\\/schema\\\/logo\\\/image\\\/\",\"url\":\"https:\\\/\\\/regiaonews.net.br\\\/2022\\\/wp-content\\\/uploads\\\/2026\\\/03\\\/regiao-13-anos-scaled.jpg\",\"contentUrl\":\"https:\\\/\\\/regiaonews.net.br\\\/2022\\\/wp-content\\\/uploads\\\/2026\\\/03\\\/regiao-13-anos-scaled.jpg\",\"width\":2560,\"height\":635,\"caption\":\"Regi\u00e3o News\"},\"image\":{\"@id\":\"https:\\\/\\\/regiaonews.net.br\\\/2022\\\/#\\\/schema\\\/logo\\\/image\\\/\"}},{\"@type\":\"Person\",\"@id\":\"https:\\\/\\\/regiaonews.net.br\\\/2022\\\/#\\\/schema\\\/person\\\/2d205a608a5aa97ac279d7a5e6d89ad8\",\"name\":\"Roberto\",\"image\":{\"@type\":\"ImageObject\",\"inLanguage\":\"pt-BR\",\"@id\":\"https:\\\/\\\/secure.gravatar.com\\\/avatar\\\/42749d8b712ff9d59ca93dc150494e5b55a44134482993f5baeb97e61b7ecc89?s=96&d=mm&r=g\",\"url\":\"https:\\\/\\\/secure.gravatar.com\\\/avatar\\\/42749d8b712ff9d59ca93dc150494e5b55a44134482993f5baeb97e61b7ecc89?s=96&d=mm&r=g\",\"contentUrl\":\"https:\\\/\\\/secure.gravatar.com\\\/avatar\\\/42749d8b712ff9d59ca93dc150494e5b55a44134482993f5baeb97e61b7ecc89?s=96&d=mm&r=g\",\"caption\":\"Roberto\"},\"url\":\"https:\\\/\\\/regiaonews.net.br\\\/2022\\\/author\\\/roberto\\\/\"}]}<\/script>\n<!-- \/ Yoast SEO plugin. -->","yoast_head_json":{"title":"Doria diz que SP entrou na pior semana desde o in\u00edcio da pandemia e n\u00e3o descarta nenhuma medida - Regi\u00e3o News","robots":{"index":"index","follow":"follow","max-snippet":"max-snippet:-1","max-image-preview":"max-image-preview:large","max-video-preview":"max-video-preview:-1"},"canonical":"https:\/\/regiaonews.net.br\/2022\/2021\/03\/02\/doria-diz-que-sp-entrou-na-pior-semana-desde-o-inicio-da-pandemia-e-nao-descarta-nenhuma-medida\/","og_locale":"pt_BR","og_type":"article","og_title":"Doria diz que SP entrou na pior semana desde o in\u00edcio da pandemia e n\u00e3o descarta nenhuma medida - Regi\u00e3o News","og_description":"O governador de S\u00e3o Paulo, Jo\u00e3o Doria, disse nesta ter\u00e7a-feira","og_url":"https:\/\/regiaonews.net.br\/2022\/2021\/03\/02\/doria-diz-que-sp-entrou-na-pior-semana-desde-o-inicio-da-pandemia-e-nao-descarta-nenhuma-medida\/","og_site_name":"Regi\u00e3o News","article_published_time":"2021-03-02T19:00:21+00:00","og_image":[{"width":900,"height":506,"url":"https:\/\/regiaonews.net.br\/2022\/wp-content\/uploads\/2020\/11\/governador-de-sao-paulo-joao-doria-psdb-1599060541580_v2_900x506.jpg","type":"image\/jpeg"}],"author":"Roberto","twitter_card":"summary_large_image","twitter_misc":{"Escrito por":"Roberto","Est. tempo de leitura":"3 minutos"},"schema":{"@context":"https:\/\/schema.org","@graph":[{"@type":"Article","@id":"https:\/\/regiaonews.net.br\/2022\/2021\/03\/02\/doria-diz-que-sp-entrou-na-pior-semana-desde-o-inicio-da-pandemia-e-nao-descarta-nenhuma-medida\/#article","isPartOf":{"@id":"https:\/\/regiaonews.net.br\/2022\/2021\/03\/02\/doria-diz-que-sp-entrou-na-pior-semana-desde-o-inicio-da-pandemia-e-nao-descarta-nenhuma-medida\/"},"author":{"name":"Roberto","@id":"https:\/\/regiaonews.net.br\/2022\/#\/schema\/person\/2d205a608a5aa97ac279d7a5e6d89ad8"},"headline":"Doria diz que SP entrou na pior semana desde o in\u00edcio da pandemia e n\u00e3o descarta nenhuma medida","datePublished":"2021-03-02T19:00:21+00:00","mainEntityOfPage":{"@id":"https:\/\/regiaonews.net.br\/2022\/2021\/03\/02\/doria-diz-que-sp-entrou-na-pior-semana-desde-o-inicio-da-pandemia-e-nao-descarta-nenhuma-medida\/"},"wordCount":596,"commentCount":0,"publisher":{"@id":"https:\/\/regiaonews.net.br\/2022\/#organization"},"image":{"@id":"https:\/\/regiaonews.net.br\/2022\/2021\/03\/02\/doria-diz-que-sp-entrou-na-pior-semana-desde-o-inicio-da-pandemia-e-nao-descarta-nenhuma-medida\/#primaryimage"},"thumbnailUrl":"https:\/\/regiaonews.net.br\/2022\/wp-content\/uploads\/2020\/11\/governador-de-sao-paulo-joao-doria-psdb-1599060541580_v2_900x506.jpg","articleSection":["Cidades","Estado de S\u00e3o Paulo"],"inLanguage":"pt-BR","potentialAction":[{"@type":"CommentAction","name":"Comment","target":["https:\/\/regiaonews.net.br\/2022\/2021\/03\/02\/doria-diz-que-sp-entrou-na-pior-semana-desde-o-inicio-da-pandemia-e-nao-descarta-nenhuma-medida\/#respond"]}]},{"@type":"WebPage","@id":"https:\/\/regiaonews.net.br\/2022\/2021\/03\/02\/doria-diz-que-sp-entrou-na-pior-semana-desde-o-inicio-da-pandemia-e-nao-descarta-nenhuma-medida\/","url":"https:\/\/regiaonews.net.br\/2022\/2021\/03\/02\/doria-diz-que-sp-entrou-na-pior-semana-desde-o-inicio-da-pandemia-e-nao-descarta-nenhuma-medida\/","name":"Doria diz que SP entrou na pior semana desde o in\u00edcio da pandemia e n\u00e3o descarta nenhuma medida - Regi\u00e3o News","isPartOf":{"@id":"https:\/\/regiaonews.net.br\/2022\/#website"},"primaryImageOfPage":{"@id":"https:\/\/regiaonews.net.br\/2022\/2021\/03\/02\/doria-diz-que-sp-entrou-na-pior-semana-desde-o-inicio-da-pandemia-e-nao-descarta-nenhuma-medida\/#primaryimage"},"image":{"@id":"https:\/\/regiaonews.net.br\/2022\/2021\/03\/02\/doria-diz-que-sp-entrou-na-pior-semana-desde-o-inicio-da-pandemia-e-nao-descarta-nenhuma-medida\/#primaryimage"},"thumbnailUrl":"https:\/\/regiaonews.net.br\/2022\/wp-content\/uploads\/2020\/11\/governador-de-sao-paulo-joao-doria-psdb-1599060541580_v2_900x506.jpg","datePublished":"2021-03-02T19:00:21+00:00","breadcrumb":{"@id":"https:\/\/regiaonews.net.br\/2022\/2021\/03\/02\/doria-diz-que-sp-entrou-na-pior-semana-desde-o-inicio-da-pandemia-e-nao-descarta-nenhuma-medida\/#breadcrumb"},"inLanguage":"pt-BR","potentialAction":[{"@type":"ReadAction","target":["https:\/\/regiaonews.net.br\/2022\/2021\/03\/02\/doria-diz-que-sp-entrou-na-pior-semana-desde-o-inicio-da-pandemia-e-nao-descarta-nenhuma-medida\/"]}]},{"@type":"ImageObject","inLanguage":"pt-BR","@id":"https:\/\/regiaonews.net.br\/2022\/2021\/03\/02\/doria-diz-que-sp-entrou-na-pior-semana-desde-o-inicio-da-pandemia-e-nao-descarta-nenhuma-medida\/#primaryimage","url":"https:\/\/regiaonews.net.br\/2022\/wp-content\/uploads\/2020\/11\/governador-de-sao-paulo-joao-doria-psdb-1599060541580_v2_900x506.jpg","contentUrl":"https:\/\/regiaonews.net.br\/2022\/wp-content\/uploads\/2020\/11\/governador-de-sao-paulo-joao-doria-psdb-1599060541580_v2_900x506.jpg","width":900,"height":506},{"@type":"BreadcrumbList","@id":"https:\/\/regiaonews.net.br\/2022\/2021\/03\/02\/doria-diz-que-sp-entrou-na-pior-semana-desde-o-inicio-da-pandemia-e-nao-descarta-nenhuma-medida\/#breadcrumb","itemListElement":[{"@type":"ListItem","position":1,"name":"In\u00edcio","item":"https:\/\/regiaonews.net.br\/2022\/"},{"@type":"ListItem","position":2,"name":"Doria diz que SP entrou na pior semana desde o in\u00edcio da pandemia e n\u00e3o descarta nenhuma medida"}]},{"@type":"WebSite","@id":"https:\/\/regiaonews.net.br\/2022\/#website","url":"https:\/\/regiaonews.net.br\/2022\/","name":"Regi\u00e3o News","description":"Site de Not\u00edcias de Barretos e regi\u00e3o","publisher":{"@id":"https:\/\/regiaonews.net.br\/2022\/#organization"},"potentialAction":[{"@type":"SearchAction","target":{"@type":"EntryPoint","urlTemplate":"https:\/\/regiaonews.net.br\/2022\/?s={search_term_string}"},"query-input":{"@type":"PropertyValueSpecification","valueRequired":true,"valueName":"search_term_string"}}],"inLanguage":"pt-BR"},{"@type":"Organization","@id":"https:\/\/regiaonews.net.br\/2022\/#organization","name":"Regi\u00e3o News","url":"https:\/\/regiaonews.net.br\/2022\/","logo":{"@type":"ImageObject","inLanguage":"pt-BR","@id":"https:\/\/regiaonews.net.br\/2022\/#\/schema\/logo\/image\/","url":"https:\/\/regiaonews.net.br\/2022\/wp-content\/uploads\/2026\/03\/regiao-13-anos-scaled.jpg","contentUrl":"https:\/\/regiaonews.net.br\/2022\/wp-content\/uploads\/2026\/03\/regiao-13-anos-scaled.jpg","width":2560,"height":635,"caption":"Regi\u00e3o News"},"image":{"@id":"https:\/\/regiaonews.net.br\/2022\/#\/schema\/logo\/image\/"}},{"@type":"Person","@id":"https:\/\/regiaonews.net.br\/2022\/#\/schema\/person\/2d205a608a5aa97ac279d7a5e6d89ad8","name":"Roberto","image":{"@type":"ImageObject","inLanguage":"pt-BR","@id":"https:\/\/secure.gravatar.com\/avatar\/42749d8b712ff9d59ca93dc150494e5b55a44134482993f5baeb97e61b7ecc89?s=96&d=mm&r=g","url":"https:\/\/secure.gravatar.com\/avatar\/42749d8b712ff9d59ca93dc150494e5b55a44134482993f5baeb97e61b7ecc89?s=96&d=mm&r=g","contentUrl":"https:\/\/secure.gravatar.com\/avatar\/42749d8b712ff9d59ca93dc150494e5b55a44134482993f5baeb97e61b7ecc89?s=96&d=mm&r=g","caption":"Roberto"},"url":"https:\/\/regiaonews.net.br\/2022\/author\/roberto\/"}]}},"publishpress_future_action":{"enabled":false,"date":"2026-05-05 01:28:19","action":"change-status","newStatus":"draft","terms":[],"taxonomy":"category","extraData":[]},"publishpress_future_workflow_manual_trigger":{"enabledWorkflows":[]},"_links":{"self":[{"href":"https:\/\/regiaonews.net.br\/2022\/wp-json\/wp\/v2\/posts\/43648","targetHints":{"allow":["GET"]}}],"collection":[{"href":"https:\/\/regiaonews.net.br\/2022\/wp-json\/wp\/v2\/posts"}],"about":[{"href":"https:\/\/regiaonews.net.br\/2022\/wp-json\/wp\/v2\/types\/post"}],"author":[{"embeddable":true,"href":"https:\/\/regiaonews.net.br\/2022\/wp-json\/wp\/v2\/users\/2"}],"replies":[{"embeddable":true,"href":"https:\/\/regiaonews.net.br\/2022\/wp-json\/wp\/v2\/comments?post=43648"}],"version-history":[{"count":0,"href":"https:\/\/regiaonews.net.br\/2022\/wp-json\/wp\/v2\/posts\/43648\/revisions"}],"wp:featuredmedia":[{"embeddable":true,"href":"https:\/\/regiaonews.net.br\/2022\/wp-json\/wp\/v2\/media\/39603"}],"wp:attachment":[{"href":"https:\/\/regiaonews.net.br\/2022\/wp-json\/wp\/v2\/media?parent=43648"}],"wp:term":[{"taxonomy":"category","embeddable":true,"href":"https:\/\/regiaonews.net.br\/2022\/wp-json\/wp\/v2\/categories?post=43648"},{"taxonomy":"post_tag","embeddable":true,"href":"https:\/\/regiaonews.net.br\/2022\/wp-json\/wp\/v2\/tags?post=43648"}],"curies":[{"name":"wp","href":"https:\/\/api.w.org\/{rel}","templated":true}]}}