{"id":43645,"date":"2021-03-02T15:43:19","date_gmt":"2021-03-02T18:43:19","guid":{"rendered":"https:\/\/regiaonews.net.br\/2022\/?p=43645"},"modified":"2021-03-02T15:43:19","modified_gmt":"2021-03-02T18:43:19","slug":"estado-de-sp-tem-468-mortes-por-covid-19-em-24h-maior-numero-desde-o-inicio-da-pandemia-e-ultrapassa-marca-de-60-mil-obitos","status":"publish","type":"post","link":"https:\/\/regiaonews.net.br\/2022\/2021\/03\/02\/estado-de-sp-tem-468-mortes-por-covid-19-em-24h-maior-numero-desde-o-inicio-da-pandemia-e-ultrapassa-marca-de-60-mil-obitos\/","title":{"rendered":"Estado de SP tem 468 mortes por Covid-19 em 24h, maior n\u00famero desde o in\u00edcio da pandemia, e ultrapassa marca de 60 mil \u00f3bitos"},"content":{"rendered":"<div class=\"mc-column content-text active-extra-styles \" data-block-type=\"unstyled\" data-block-weight=\"48\" data-block-id=\"2\">\n<p data-track-category=\"Link no Texto\" data-track-links=\"\"><a href=\"https:\/\/regiaonews.net.br\/2022\/wp-content\/uploads\/2021\/03\/fup20210225156.jpg\"><img loading=\"lazy\" decoding=\"async\" class=\"alignnone size-medium wp-image-43646\" src=\"https:\/\/regiaonews.net.br\/2022\/wp-content\/uploads\/2021\/03\/fup20210225156-300x200.jpg\" alt=\"\" width=\"300\" height=\"200\" \/><\/a><\/p>\n<p class=\"content-text__container \" data-track-category=\"Link no Texto\" data-track-links=\"\">O estado de\u00a0<a href=\"https:\/\/g1.globo.com\/sp\/sao-paulo\/\">S\u00e3o Paulo\u00a0<\/a>registrou nesta ter\u00e7a-feira (2) o maior n\u00famero de mortes por\u00a0<a href=\"https:\/\/g1.globo.com\/bemestar\/coronavirus\/\">Covid-19<\/a>\u00a0em 24h desde o in\u00edcio da pandemia, com\u00a0<span class=\"highlight highlighted\">468 novos \u00f3bitos<\/span>, segundo dados da Secretaria Estadual da Sa\u00fade. Com os novos registros, o estado chegou a\u00a0<span class=\"highlight highlighted\">60.014 mortes<\/span>\u00a0provocadas pela doen\u00e7a.<\/p>\n<\/div>\n<div class=\"wall protected-content\">\n<div class=\"mc-column content-text active-extra-styles \" data-block-type=\"unstyled\" data-block-weight=\"47\" data-block-id=\"3\">\n<p class=\"content-text__container \" data-track-category=\"Link no Texto\" data-track-links=\"\">As novas confirma\u00e7\u00f5es em 24 horas n\u00e3o significam, necessariamente, que as mortes aconteceram de um dia para o outro, mas que foram contabilizadas no sistema neste per\u00edodo. Os n\u00fameros costumam ser menores aos finais de semana e segundas-feiras, por conta da subnotifica\u00e7\u00e3o nessas datas.<\/p>\n<\/div>\n<div class=\"mc-column content-text active-extra-styles \" data-block-type=\"unstyled\" data-block-weight=\"79\" data-block-id=\"4\">\n<p class=\"content-text__container \" data-track-category=\"Link no Texto\" data-track-links=\"\">A m\u00e9dia m\u00f3vel de mortes, que leva em considera\u00e7\u00e3o os registros dos \u00faltimos 7 dias e minimiza as diferen\u00e7as das notifica\u00e7\u00f5es, \u00e9 de\u00a0<span class=\"highlight highlighted\">259 \u00f3bitos por dia nesta ter\u00e7a<\/span>. O n\u00famero representa uma\u00a0<span class=\"highlight highlighted\">alta de 18% em compara\u00e7\u00e3o<\/span>\u00a0com o valor registrado h\u00e1 14 dias, o que para os especialistas indica tend\u00eancia de estabilidade. Como o c\u00e1lculo da m\u00e9dia m\u00f3vel leva em conta um per\u00edodo maior, \u00e9 poss\u00edvel medir de forma mais fidedigna a tend\u00eancia da pandemia.<\/p>\n<\/div>\n<div class=\"mc-column content-text active-extra-styles \" data-block-type=\"unstyled\" data-block-weight=\"44\" data-block-id=\"5\">\n<p class=\"content-text__container \" data-track-category=\"Link no Texto\" data-track-links=\"\">De acordo com dados da Secretaria Estadual da Sa\u00fade, tamb\u00e9m foram registrados 10.168 casos da doen\u00e7a nas \u00faltimas 24 horas, totalizando 2.054.867 casos confirmados do novo coronav\u00edrus desde o in\u00edcio da pandemia. A m\u00e9dia m\u00f3vel de casos di\u00e1rios est\u00e1 em 9.188 nesta ter\u00e7a.<\/p>\n<\/div>\n<div class=\"content-ads content-ads--reveal\" data-block-type=\"ads\" data-block-id=\"6\"><\/div>\n<div class=\"mc-column content-text active-extra-styles \" data-block-type=\"unstyled\" data-block-weight=\"12\" data-block-id=\"7\">\n<p class=\"content-text__container \" data-track-category=\"Link no Texto\" data-track-links=\"\"><strong>Veja os novos registros no estado de SP nas \u00faltimas 24 horas:<\/strong><\/p>\n<\/div>\n<div class=\"mc-column content-text active-extra-styles\" data-block-type=\"raw\" data-block-weight=\"6\" data-block-id=\"8\">\n<p class=\"content-text__container\">\n<ul class=\"content-unordered-list\">\n<li>468 novas mortes<\/li>\n<li>10.168 novos casos<\/li>\n<\/ul>\n<p>&nbsp;<\/p>\n<\/div>\n<div class=\"mc-column content-text active-extra-styles \" data-block-type=\"unstyled\" data-block-weight=\"12\" data-block-id=\"9\">\n<p class=\"content-text__container \" data-track-category=\"Link no Texto\" data-track-links=\"\"><strong>Veja o total no estado de SP desde o in\u00edcio da pandemia:<\/strong><\/p>\n<\/div>\n<div class=\"mc-column content-text active-extra-styles\" data-block-type=\"raw\" data-block-weight=\"5\" data-block-id=\"10\">\n<p class=\"content-text__container\">\n<ul class=\"content-unordered-list\">\n<li>60.014 mortes<\/li>\n<li>2.054.867 casos confirmados<\/li>\n<\/ul>\n<p>&nbsp;<\/p>\n<\/div>\n<div class=\"mc-column content-text active-extra-styles \" data-block-type=\"unstyled\" data-block-weight=\"43\" data-block-id=\"11\">\n<p class=\"content-text__container \" data-track-category=\"Link no Texto\" data-track-links=\"\">Nos \u00faltimos dias,\u00a0<a href=\"https:\/\/g1.globo.com\/sp\/sao-paulo\/noticia\/2021\/02\/26\/com-recorde-de-pacientes-em-uti-estado-de-sp-estuda-criacao-de-nova-fase-da-quarentena-mais-restritiva-do-que-a-vermelha.ghtml\">o estado vem batendo recordes sucessivos de pacientes internados<\/a>\u00a0com quadros mais graves da doen\u00e7a. No s\u00e1bado (27), o\u00a0<a href=\"https:\/\/g1.globo.com\/sp\/sao-paulo\/noticia\/2021\/02\/27\/estado-de-sp-tem-mais-de-7-mil-pacientes-internados-em-uti-com-covid-19-pela-primeira-vez-desde-inicio-da-pandemia.ghtml\">total de pacientes internados em UTI superou o valor de 7 mil pela primeira vez<\/a>\u00a0desde o in\u00edcio da pandemia.<\/p>\n<\/div>\n<div class=\"mc-column content-text active-extra-styles \" data-block-type=\"unstyled\" data-block-weight=\"43\" data-block-id=\"12\">\n<p class=\"content-text__container \" data-track-category=\"Link no Texto\" data-track-links=\"\">Segundo a Secretaria Estadual da Sa\u00fade, o maior valor anterior durante o primeiro pico da doen\u00e7a havia sido registrado em 29 de julho, com 6.250 pacientes em UTI. A gest\u00e3o estadual v\u00ea\u00a0<a href=\"https:\/\/g1.globo.com\/sp\/sao-paulo\/noticia\/2021\/02\/24\/com-mais-de-2-milhoes-de-casos-de-covid-19-e-novas-variantes-estado-de-sp-diz-que-leitos-de-uti-podem-acabar-em-ate-22-dias.ghtml\">risco de colapso no sistema de sa\u00fade nas pr\u00f3ximas semanas<\/a>.<\/p>\n<\/div>\n<div class=\"mc-column content-text active-extra-styles\" data-block-type=\"raw\" data-block-weight=\"4\" data-block-id=\"13\">\n<p class=\"content-text__container\">\n<div class=\"content-intertitle\">\n<h2>Aumento de novas interna\u00e7\u00f5es<\/h2>\n<\/div>\n<\/div>\n<div class=\"bs-video-block mc-column  content-media content-video\" data-block-type=\"backstage-video\" data-block-id=\"14\">\n<div class=\"content-media__container\">\n<p class=\"content-media__description content-media__description\">Estado de S\u00e3o Paulo registra mais de 7 mil internados em UTI Covid pela primeira vez<\/p>\n<\/div>\n<\/div>\n<div class=\"mc-column content-text active-extra-styles \" data-block-type=\"unstyled\" data-block-weight=\"41\" data-block-id=\"15\">\n<p class=\"content-text__container \" data-track-category=\"Link no Texto\" data-track-links=\"\">As novas interna\u00e7\u00f5es por Covid-19\u00a0<span class=\"highlight highlighted\">aumentaram 18,3% no estado de S\u00e3o Paulo<\/span>\u00a0na \u00faltima semana, em rela\u00e7\u00e3o \u00e0 semana anterior. A velocidade do aumento verificado nos \u00faltimos dias preocupa autoridades sanit\u00e1rias, que temem\u00a0<a href=\"https:\/\/g1.globo.com\/sp\/sao-paulo\/noticia\/2021\/02\/24\/com-mais-de-2-milhoes-de-casos-de-covid-19-e-novas-variantes-estado-de-sp-diz-que-leitos-de-uti-podem-acabar-em-ate-22-dias.ghtml\">colapso no sistema de sa\u00fade<\/a>\u00a0do estado.<\/p>\n<\/div>\n<div class=\"mc-column content-text active-extra-styles \" data-block-type=\"unstyled\" data-block-weight=\"38\" data-block-id=\"16\">\n<p class=\"content-text__container \" data-track-category=\"Link no Texto\" data-track-links=\"\">Na semana entre 14 e 20 de fevereiro, em m\u00e9dia 1.541 pacientes eram internados por dia no estado. J\u00e1 na semana entre 21 de fevereiro e o \u00faltimo domingo (28), o valor saltou para 1.823 por dia.<\/p>\n<\/div>\n<div class=\"content-ads content-ads--reveal\" data-block-type=\"ads\" data-block-id=\"17\"><\/div>\n<div class=\"mc-column content-text active-extra-styles\" data-block-type=\"raw\" data-block-weight=\"43\" data-block-id=\"18\">\n<p class=\"content-text__container\">\n<blockquote class=\"content-blockquote theme-border-color-primary-before\"><p>&#8220;Precisamos da colabora\u00e7\u00e3o da popula\u00e7\u00e3o.\u00a0<span class=\"highlight highlighted\">N\u00e3o adianta abrir mais leitos<\/span>. N\u00f3s estamos abrindo, estamos expandindo. Estamos fazendo a nossa parte, mas n\u00f3s temos a limita\u00e7\u00e3o, tanto de espa\u00e7o, mas tamb\u00e9m de recursos humanos&#8221;, afirmou o secret\u00e1rio estadual da Sa\u00fade, Jean Gorinchteyn, nesta segunda.<\/p><\/blockquote>\n<p>&nbsp;<\/p>\n<\/div>\n<div class=\"mc-column content-text active-extra-styles \" data-block-type=\"unstyled\" data-block-weight=\"20\" data-block-id=\"19\">\n<p class=\"content-text__container \" data-track-category=\"Link no Texto\" data-track-links=\"\">De acordo com o secret\u00e1rio, as pessoas precisam colaborar para evitar aglomera\u00e7\u00f5es que possam disseminar o cont\u00e1gio pelo v\u00edrus.<\/p>\n<\/div>\n<div class=\"mc-column content-text active-extra-styles \" data-block-type=\"unstyled\" data-block-weight=\"38\" data-block-id=\"20\">\n<p class=\"content-text__container \" data-track-category=\"Link no Texto\" data-track-links=\"\">&#8220;N\u00f3s temos que parar com a velocidade e a instala\u00e7\u00e3o da pandemia no nosso meio.\u00a0<span class=\"highlight highlighted\">N\u00f3s imploramos, n\u00f3s j\u00e1 n\u00e3o pedimos, que a popula\u00e7\u00e3o colabore<\/span>. Precisamos ter responsabilidade. Estamos todos no mesmo<\/p>\n<div class=\"mc-column content-text active-extra-styles \" data-block-type=\"unstyled\" data-block-weight=\"29\" data-block-id=\"23\">\n<p class=\"content-text__container \" data-track-category=\"Link no Texto\" data-track-links=\"\">Diante da piora da epidemia em todo pa\u00eds, autoridades e sa\u00fade e\u00a0<a href=\"https:\/\/g1.globo.com\/bemestar\/coronavirus\/noticia\/2021\/03\/01\/conselho-de-secretarios-divulga-carta-com-sugestoes-de-medidas-urgentes-contra-iminente-colapso-das-redes-publica-e-privada-por-causa-da-covid.ghtml\">conselho de secret\u00e1rios pedem que medidas mais duras de restri\u00e7\u00e3o<\/a>\u00a0\u00e0 circula\u00e7\u00e3o de pessoas sejam tomadas.<\/p>\n<\/div>\n<div class=\"mc-column content-text active-extra-styles \" data-block-type=\"unstyled\" data-block-weight=\"45\" data-block-id=\"24\">\n<p class=\"content-text__container \" data-track-category=\"Link no Texto\" data-track-links=\"\">No estado de S\u00e3o Paulo,\u00a0<a href=\"https:\/\/g1.globo.com\/sp\/sao-paulo\/noticia\/2021\/02\/27\/fiscalizacao-fecha-bares-com-aglomeracao-na-zona-sul-da-capital-em-1a-noite-de-toque-de-restricao-em-sp.ghtml\">come\u00e7ou a valer na sexta-feira (26) a restri\u00e7\u00e3o de circula\u00e7\u00e3o das 23h \u00e0s 5h<\/a>, batizada pela gest\u00e3o Jo\u00e3o Doria (PSDB) de &#8220;toque de restri\u00e7\u00e3o&#8221;. O objetivo \u00e9 aumentar a fiscaliza\u00e7\u00e3o no per\u00edodo noturno para coibir aglomera\u00e7\u00f5es e festas clandestinas.<\/p>\n<\/div>\n<div class=\"mc-column content-text active-extra-styles \" data-block-type=\"unstyled\" data-block-weight=\"47\" data-block-id=\"25\">\n<p class=\"content-text__container \" data-track-category=\"Link no Texto\" data-track-links=\"\">A medida, no entanto,\u00a0<span class=\"highlight highlighted\">n\u00e3o tem poder de proibi\u00e7\u00e3o<\/span>, e \u00e9 diferente de um &#8220;lockdown&#8221;. Ap\u00f3s a lota\u00e7\u00e3o de leitos, algumas prefeituras como a de Araraquara e de\u00a0<a href=\"https:\/\/g1.globo.com\/sp\/sao-paulo\/noticia\/2021\/02\/27\/cidades-do-abc-farao-lockdown-das-21h-as-4h-a-partir-deste-sabado-apos-alta-das-mortes-e-da-ocupacao-de-leitos-para-covid-19.ghtml\">munic\u00edpios do ABC paulista<\/a>\u00a0j\u00e1 decidiram adotar proibi\u00e7\u00f5es que v\u00e3o al\u00e9m do que \u00e9 determinado pelo governo estadual.<\/p>\n<p data-track-category=\"Link no Texto\" data-track-links=\"\">fonte: G1<\/p>\n<\/div>\n<div class=\"content-ads content-ads--reveal\" data-block-type=\"ads\" data-block-id=\"26\"><\/div>\n<div class=\"block-podcast\"><\/div>\n<\/div>\n<\/div>\n","protected":false},"excerpt":{"rendered":"<p>O estado de\u00a0S\u00e3o Paulo\u00a0registrou nesta ter\u00e7a-feira (2) o maior n\u00famero<\/p>\n","protected":false},"author":2,"featured_media":43646,"comment_status":"open","ping_status":"open","sticky":false,"template":"","format":"standard","meta":{"footnotes":""},"categories":[25,7],"tags":[],"class_list":["post-43645","post","type-post","status-publish","format-standard","has-post-thumbnail","hentry","category-cidades","category-estado-de-sao-paulo"],"yoast_head":"<!-- This site is optimized with the Yoast SEO plugin v27.4 - https:\/\/yoast.com\/product\/yoast-seo-wordpress\/ -->\n<title>Estado de SP tem 468 mortes por Covid-19 em 24h, maior n\u00famero desde o in\u00edcio da pandemia, e ultrapassa marca de 60 mil \u00f3bitos - Regi\u00e3o News<\/title>\n<meta name=\"robots\" content=\"index, follow, max-snippet:-1, max-image-preview:large, max-video-preview:-1\" \/>\n<link rel=\"canonical\" href=\"https:\/\/regiaonews.net.br\/2022\/2021\/03\/02\/estado-de-sp-tem-468-mortes-por-covid-19-em-24h-maior-numero-desde-o-inicio-da-pandemia-e-ultrapassa-marca-de-60-mil-obitos\/\" \/>\n<meta property=\"og:locale\" content=\"pt_BR\" \/>\n<meta property=\"og:type\" content=\"article\" \/>\n<meta property=\"og:title\" content=\"Estado de SP tem 468 mortes por Covid-19 em 24h, maior n\u00famero desde o in\u00edcio da pandemia, e ultrapassa marca de 60 mil \u00f3bitos - Regi\u00e3o News\" \/>\n<meta property=\"og:description\" content=\"O estado de\u00a0S\u00e3o Paulo\u00a0registrou nesta ter\u00e7a-feira (2) o maior n\u00famero\" \/>\n<meta property=\"og:url\" content=\"https:\/\/regiaonews.net.br\/2022\/2021\/03\/02\/estado-de-sp-tem-468-mortes-por-covid-19-em-24h-maior-numero-desde-o-inicio-da-pandemia-e-ultrapassa-marca-de-60-mil-obitos\/\" \/>\n<meta property=\"og:site_name\" content=\"Regi\u00e3o News\" \/>\n<meta property=\"article:published_time\" content=\"2021-03-02T18:43:19+00:00\" \/>\n<meta property=\"og:image\" content=\"https:\/\/regiaonews.net.br\/2022\/wp-content\/uploads\/2021\/03\/fup20210225156.jpg\" \/>\n\t<meta property=\"og:image:width\" content=\"984\" \/>\n\t<meta property=\"og:image:height\" content=\"656\" \/>\n\t<meta property=\"og:image:type\" content=\"image\/jpeg\" \/>\n<meta name=\"author\" content=\"Roberto\" \/>\n<meta name=\"twitter:card\" content=\"summary_large_image\" \/>\n<meta name=\"twitter:label1\" content=\"Escrito por\" \/>\n\t<meta name=\"twitter:data1\" content=\"Roberto\" \/>\n\t<meta name=\"twitter:label2\" content=\"Est. tempo de leitura\" \/>\n\t<meta name=\"twitter:data2\" content=\"4 minutos\" \/>\n<script type=\"application\/ld+json\" class=\"yoast-schema-graph\">{\"@context\":\"https:\\\/\\\/schema.org\",\"@graph\":[{\"@type\":\"Article\",\"@id\":\"https:\\\/\\\/regiaonews.net.br\\\/2022\\\/2021\\\/03\\\/02\\\/estado-de-sp-tem-468-mortes-por-covid-19-em-24h-maior-numero-desde-o-inicio-da-pandemia-e-ultrapassa-marca-de-60-mil-obitos\\\/#article\",\"isPartOf\":{\"@id\":\"https:\\\/\\\/regiaonews.net.br\\\/2022\\\/2021\\\/03\\\/02\\\/estado-de-sp-tem-468-mortes-por-covid-19-em-24h-maior-numero-desde-o-inicio-da-pandemia-e-ultrapassa-marca-de-60-mil-obitos\\\/\"},\"author\":{\"name\":\"Roberto\",\"@id\":\"https:\\\/\\\/regiaonews.net.br\\\/2022\\\/#\\\/schema\\\/person\\\/2d205a608a5aa97ac279d7a5e6d89ad8\"},\"headline\":\"Estado de SP tem 468 mortes por Covid-19 em 24h, maior n\u00famero desde o in\u00edcio da pandemia, e ultrapassa marca de 60 mil \u00f3bitos\",\"datePublished\":\"2021-03-02T18:43:19+00:00\",\"mainEntityOfPage\":{\"@id\":\"https:\\\/\\\/regiaonews.net.br\\\/2022\\\/2021\\\/03\\\/02\\\/estado-de-sp-tem-468-mortes-por-covid-19-em-24h-maior-numero-desde-o-inicio-da-pandemia-e-ultrapassa-marca-de-60-mil-obitos\\\/\"},\"wordCount\":726,\"commentCount\":0,\"publisher\":{\"@id\":\"https:\\\/\\\/regiaonews.net.br\\\/2022\\\/#organization\"},\"image\":{\"@id\":\"https:\\\/\\\/regiaonews.net.br\\\/2022\\\/2021\\\/03\\\/02\\\/estado-de-sp-tem-468-mortes-por-covid-19-em-24h-maior-numero-desde-o-inicio-da-pandemia-e-ultrapassa-marca-de-60-mil-obitos\\\/#primaryimage\"},\"thumbnailUrl\":\"https:\\\/\\\/regiaonews.net.br\\\/2022\\\/wp-content\\\/uploads\\\/2021\\\/03\\\/fup20210225156.jpg\",\"articleSection\":[\"Cidades\",\"Estado de S\u00e3o Paulo\"],\"inLanguage\":\"pt-BR\",\"potentialAction\":[{\"@type\":\"CommentAction\",\"name\":\"Comment\",\"target\":[\"https:\\\/\\\/regiaonews.net.br\\\/2022\\\/2021\\\/03\\\/02\\\/estado-de-sp-tem-468-mortes-por-covid-19-em-24h-maior-numero-desde-o-inicio-da-pandemia-e-ultrapassa-marca-de-60-mil-obitos\\\/#respond\"]}]},{\"@type\":\"WebPage\",\"@id\":\"https:\\\/\\\/regiaonews.net.br\\\/2022\\\/2021\\\/03\\\/02\\\/estado-de-sp-tem-468-mortes-por-covid-19-em-24h-maior-numero-desde-o-inicio-da-pandemia-e-ultrapassa-marca-de-60-mil-obitos\\\/\",\"url\":\"https:\\\/\\\/regiaonews.net.br\\\/2022\\\/2021\\\/03\\\/02\\\/estado-de-sp-tem-468-mortes-por-covid-19-em-24h-maior-numero-desde-o-inicio-da-pandemia-e-ultrapassa-marca-de-60-mil-obitos\\\/\",\"name\":\"Estado de SP tem 468 mortes por Covid-19 em 24h, maior n\u00famero desde o in\u00edcio da pandemia, e ultrapassa marca de 60 mil \u00f3bitos - Regi\u00e3o News\",\"isPartOf\":{\"@id\":\"https:\\\/\\\/regiaonews.net.br\\\/2022\\\/#website\"},\"primaryImageOfPage\":{\"@id\":\"https:\\\/\\\/regiaonews.net.br\\\/2022\\\/2021\\\/03\\\/02\\\/estado-de-sp-tem-468-mortes-por-covid-19-em-24h-maior-numero-desde-o-inicio-da-pandemia-e-ultrapassa-marca-de-60-mil-obitos\\\/#primaryimage\"},\"image\":{\"@id\":\"https:\\\/\\\/regiaonews.net.br\\\/2022\\\/2021\\\/03\\\/02\\\/estado-de-sp-tem-468-mortes-por-covid-19-em-24h-maior-numero-desde-o-inicio-da-pandemia-e-ultrapassa-marca-de-60-mil-obitos\\\/#primaryimage\"},\"thumbnailUrl\":\"https:\\\/\\\/regiaonews.net.br\\\/2022\\\/wp-content\\\/uploads\\\/2021\\\/03\\\/fup20210225156.jpg\",\"datePublished\":\"2021-03-02T18:43:19+00:00\",\"breadcrumb\":{\"@id\":\"https:\\\/\\\/regiaonews.net.br\\\/2022\\\/2021\\\/03\\\/02\\\/estado-de-sp-tem-468-mortes-por-covid-19-em-24h-maior-numero-desde-o-inicio-da-pandemia-e-ultrapassa-marca-de-60-mil-obitos\\\/#breadcrumb\"},\"inLanguage\":\"pt-BR\",\"potentialAction\":[{\"@type\":\"ReadAction\",\"target\":[\"https:\\\/\\\/regiaonews.net.br\\\/2022\\\/2021\\\/03\\\/02\\\/estado-de-sp-tem-468-mortes-por-covid-19-em-24h-maior-numero-desde-o-inicio-da-pandemia-e-ultrapassa-marca-de-60-mil-obitos\\\/\"]}]},{\"@type\":\"ImageObject\",\"inLanguage\":\"pt-BR\",\"@id\":\"https:\\\/\\\/regiaonews.net.br\\\/2022\\\/2021\\\/03\\\/02\\\/estado-de-sp-tem-468-mortes-por-covid-19-em-24h-maior-numero-desde-o-inicio-da-pandemia-e-ultrapassa-marca-de-60-mil-obitos\\\/#primaryimage\",\"url\":\"https:\\\/\\\/regiaonews.net.br\\\/2022\\\/wp-content\\\/uploads\\\/2021\\\/03\\\/fup20210225156.jpg\",\"contentUrl\":\"https:\\\/\\\/regiaonews.net.br\\\/2022\\\/wp-content\\\/uploads\\\/2021\\\/03\\\/fup20210225156.jpg\",\"width\":984,\"height\":656},{\"@type\":\"BreadcrumbList\",\"@id\":\"https:\\\/\\\/regiaonews.net.br\\\/2022\\\/2021\\\/03\\\/02\\\/estado-de-sp-tem-468-mortes-por-covid-19-em-24h-maior-numero-desde-o-inicio-da-pandemia-e-ultrapassa-marca-de-60-mil-obitos\\\/#breadcrumb\",\"itemListElement\":[{\"@type\":\"ListItem\",\"position\":1,\"name\":\"In\u00edcio\",\"item\":\"https:\\\/\\\/regiaonews.net.br\\\/2022\\\/\"},{\"@type\":\"ListItem\",\"position\":2,\"name\":\"Estado de SP tem 468 mortes por Covid-19 em 24h, maior n\u00famero desde o in\u00edcio da pandemia, e ultrapassa marca de 60 mil \u00f3bitos\"}]},{\"@type\":\"WebSite\",\"@id\":\"https:\\\/\\\/regiaonews.net.br\\\/2022\\\/#website\",\"url\":\"https:\\\/\\\/regiaonews.net.br\\\/2022\\\/\",\"name\":\"Regi\u00e3o News\",\"description\":\"Site de Not\u00edcias de Barretos e regi\u00e3o\",\"publisher\":{\"@id\":\"https:\\\/\\\/regiaonews.net.br\\\/2022\\\/#organization\"},\"potentialAction\":[{\"@type\":\"SearchAction\",\"target\":{\"@type\":\"EntryPoint\",\"urlTemplate\":\"https:\\\/\\\/regiaonews.net.br\\\/2022\\\/?s={search_term_string}\"},\"query-input\":{\"@type\":\"PropertyValueSpecification\",\"valueRequired\":true,\"valueName\":\"search_term_string\"}}],\"inLanguage\":\"pt-BR\"},{\"@type\":\"Organization\",\"@id\":\"https:\\\/\\\/regiaonews.net.br\\\/2022\\\/#organization\",\"name\":\"Regi\u00e3o News\",\"url\":\"https:\\\/\\\/regiaonews.net.br\\\/2022\\\/\",\"logo\":{\"@type\":\"ImageObject\",\"inLanguage\":\"pt-BR\",\"@id\":\"https:\\\/\\\/regiaonews.net.br\\\/2022\\\/#\\\/schema\\\/logo\\\/image\\\/\",\"url\":\"https:\\\/\\\/regiaonews.net.br\\\/2022\\\/wp-content\\\/uploads\\\/2026\\\/03\\\/regiao-13-anos-scaled.jpg\",\"contentUrl\":\"https:\\\/\\\/regiaonews.net.br\\\/2022\\\/wp-content\\\/uploads\\\/2026\\\/03\\\/regiao-13-anos-scaled.jpg\",\"width\":2560,\"height\":635,\"caption\":\"Regi\u00e3o News\"},\"image\":{\"@id\":\"https:\\\/\\\/regiaonews.net.br\\\/2022\\\/#\\\/schema\\\/logo\\\/image\\\/\"}},{\"@type\":\"Person\",\"@id\":\"https:\\\/\\\/regiaonews.net.br\\\/2022\\\/#\\\/schema\\\/person\\\/2d205a608a5aa97ac279d7a5e6d89ad8\",\"name\":\"Roberto\",\"image\":{\"@type\":\"ImageObject\",\"inLanguage\":\"pt-BR\",\"@id\":\"https:\\\/\\\/secure.gravatar.com\\\/avatar\\\/42749d8b712ff9d59ca93dc150494e5b55a44134482993f5baeb97e61b7ecc89?s=96&d=mm&r=g\",\"url\":\"https:\\\/\\\/secure.gravatar.com\\\/avatar\\\/42749d8b712ff9d59ca93dc150494e5b55a44134482993f5baeb97e61b7ecc89?s=96&d=mm&r=g\",\"contentUrl\":\"https:\\\/\\\/secure.gravatar.com\\\/avatar\\\/42749d8b712ff9d59ca93dc150494e5b55a44134482993f5baeb97e61b7ecc89?s=96&d=mm&r=g\",\"caption\":\"Roberto\"},\"url\":\"https:\\\/\\\/regiaonews.net.br\\\/2022\\\/author\\\/roberto\\\/\"}]}<\/script>\n<!-- \/ Yoast SEO plugin. -->","yoast_head_json":{"title":"Estado de SP tem 468 mortes por Covid-19 em 24h, maior n\u00famero desde o in\u00edcio da pandemia, e ultrapassa marca de 60 mil \u00f3bitos - Regi\u00e3o News","robots":{"index":"index","follow":"follow","max-snippet":"max-snippet:-1","max-image-preview":"max-image-preview:large","max-video-preview":"max-video-preview:-1"},"canonical":"https:\/\/regiaonews.net.br\/2022\/2021\/03\/02\/estado-de-sp-tem-468-mortes-por-covid-19-em-24h-maior-numero-desde-o-inicio-da-pandemia-e-ultrapassa-marca-de-60-mil-obitos\/","og_locale":"pt_BR","og_type":"article","og_title":"Estado de SP tem 468 mortes por Covid-19 em 24h, maior n\u00famero desde o in\u00edcio da pandemia, e ultrapassa marca de 60 mil \u00f3bitos - Regi\u00e3o News","og_description":"O estado de\u00a0S\u00e3o Paulo\u00a0registrou nesta ter\u00e7a-feira (2) o maior n\u00famero","og_url":"https:\/\/regiaonews.net.br\/2022\/2021\/03\/02\/estado-de-sp-tem-468-mortes-por-covid-19-em-24h-maior-numero-desde-o-inicio-da-pandemia-e-ultrapassa-marca-de-60-mil-obitos\/","og_site_name":"Regi\u00e3o News","article_published_time":"2021-03-02T18:43:19+00:00","og_image":[{"width":984,"height":656,"url":"https:\/\/regiaonews.net.br\/2022\/wp-content\/uploads\/2021\/03\/fup20210225156.jpg","type":"image\/jpeg"}],"author":"Roberto","twitter_card":"summary_large_image","twitter_misc":{"Escrito por":"Roberto","Est. tempo de leitura":"4 minutos"},"schema":{"@context":"https:\/\/schema.org","@graph":[{"@type":"Article","@id":"https:\/\/regiaonews.net.br\/2022\/2021\/03\/02\/estado-de-sp-tem-468-mortes-por-covid-19-em-24h-maior-numero-desde-o-inicio-da-pandemia-e-ultrapassa-marca-de-60-mil-obitos\/#article","isPartOf":{"@id":"https:\/\/regiaonews.net.br\/2022\/2021\/03\/02\/estado-de-sp-tem-468-mortes-por-covid-19-em-24h-maior-numero-desde-o-inicio-da-pandemia-e-ultrapassa-marca-de-60-mil-obitos\/"},"author":{"name":"Roberto","@id":"https:\/\/regiaonews.net.br\/2022\/#\/schema\/person\/2d205a608a5aa97ac279d7a5e6d89ad8"},"headline":"Estado de SP tem 468 mortes por Covid-19 em 24h, maior n\u00famero desde o in\u00edcio da pandemia, e ultrapassa marca de 60 mil \u00f3bitos","datePublished":"2021-03-02T18:43:19+00:00","mainEntityOfPage":{"@id":"https:\/\/regiaonews.net.br\/2022\/2021\/03\/02\/estado-de-sp-tem-468-mortes-por-covid-19-em-24h-maior-numero-desde-o-inicio-da-pandemia-e-ultrapassa-marca-de-60-mil-obitos\/"},"wordCount":726,"commentCount":0,"publisher":{"@id":"https:\/\/regiaonews.net.br\/2022\/#organization"},"image":{"@id":"https:\/\/regiaonews.net.br\/2022\/2021\/03\/02\/estado-de-sp-tem-468-mortes-por-covid-19-em-24h-maior-numero-desde-o-inicio-da-pandemia-e-ultrapassa-marca-de-60-mil-obitos\/#primaryimage"},"thumbnailUrl":"https:\/\/regiaonews.net.br\/2022\/wp-content\/uploads\/2021\/03\/fup20210225156.jpg","articleSection":["Cidades","Estado de S\u00e3o Paulo"],"inLanguage":"pt-BR","potentialAction":[{"@type":"CommentAction","name":"Comment","target":["https:\/\/regiaonews.net.br\/2022\/2021\/03\/02\/estado-de-sp-tem-468-mortes-por-covid-19-em-24h-maior-numero-desde-o-inicio-da-pandemia-e-ultrapassa-marca-de-60-mil-obitos\/#respond"]}]},{"@type":"WebPage","@id":"https:\/\/regiaonews.net.br\/2022\/2021\/03\/02\/estado-de-sp-tem-468-mortes-por-covid-19-em-24h-maior-numero-desde-o-inicio-da-pandemia-e-ultrapassa-marca-de-60-mil-obitos\/","url":"https:\/\/regiaonews.net.br\/2022\/2021\/03\/02\/estado-de-sp-tem-468-mortes-por-covid-19-em-24h-maior-numero-desde-o-inicio-da-pandemia-e-ultrapassa-marca-de-60-mil-obitos\/","name":"Estado de SP tem 468 mortes por Covid-19 em 24h, maior n\u00famero desde o in\u00edcio da pandemia, e ultrapassa marca de 60 mil \u00f3bitos - Regi\u00e3o News","isPartOf":{"@id":"https:\/\/regiaonews.net.br\/2022\/#website"},"primaryImageOfPage":{"@id":"https:\/\/regiaonews.net.br\/2022\/2021\/03\/02\/estado-de-sp-tem-468-mortes-por-covid-19-em-24h-maior-numero-desde-o-inicio-da-pandemia-e-ultrapassa-marca-de-60-mil-obitos\/#primaryimage"},"image":{"@id":"https:\/\/regiaonews.net.br\/2022\/2021\/03\/02\/estado-de-sp-tem-468-mortes-por-covid-19-em-24h-maior-numero-desde-o-inicio-da-pandemia-e-ultrapassa-marca-de-60-mil-obitos\/#primaryimage"},"thumbnailUrl":"https:\/\/regiaonews.net.br\/2022\/wp-content\/uploads\/2021\/03\/fup20210225156.jpg","datePublished":"2021-03-02T18:43:19+00:00","breadcrumb":{"@id":"https:\/\/regiaonews.net.br\/2022\/2021\/03\/02\/estado-de-sp-tem-468-mortes-por-covid-19-em-24h-maior-numero-desde-o-inicio-da-pandemia-e-ultrapassa-marca-de-60-mil-obitos\/#breadcrumb"},"inLanguage":"pt-BR","potentialAction":[{"@type":"ReadAction","target":["https:\/\/regiaonews.net.br\/2022\/2021\/03\/02\/estado-de-sp-tem-468-mortes-por-covid-19-em-24h-maior-numero-desde-o-inicio-da-pandemia-e-ultrapassa-marca-de-60-mil-obitos\/"]}]},{"@type":"ImageObject","inLanguage":"pt-BR","@id":"https:\/\/regiaonews.net.br\/2022\/2021\/03\/02\/estado-de-sp-tem-468-mortes-por-covid-19-em-24h-maior-numero-desde-o-inicio-da-pandemia-e-ultrapassa-marca-de-60-mil-obitos\/#primaryimage","url":"https:\/\/regiaonews.net.br\/2022\/wp-content\/uploads\/2021\/03\/fup20210225156.jpg","contentUrl":"https:\/\/regiaonews.net.br\/2022\/wp-content\/uploads\/2021\/03\/fup20210225156.jpg","width":984,"height":656},{"@type":"BreadcrumbList","@id":"https:\/\/regiaonews.net.br\/2022\/2021\/03\/02\/estado-de-sp-tem-468-mortes-por-covid-19-em-24h-maior-numero-desde-o-inicio-da-pandemia-e-ultrapassa-marca-de-60-mil-obitos\/#breadcrumb","itemListElement":[{"@type":"ListItem","position":1,"name":"In\u00edcio","item":"https:\/\/regiaonews.net.br\/2022\/"},{"@type":"ListItem","position":2,"name":"Estado de SP tem 468 mortes por Covid-19 em 24h, maior n\u00famero desde o in\u00edcio da pandemia, e ultrapassa marca de 60 mil \u00f3bitos"}]},{"@type":"WebSite","@id":"https:\/\/regiaonews.net.br\/2022\/#website","url":"https:\/\/regiaonews.net.br\/2022\/","name":"Regi\u00e3o News","description":"Site de Not\u00edcias de Barretos e regi\u00e3o","publisher":{"@id":"https:\/\/regiaonews.net.br\/2022\/#organization"},"potentialAction":[{"@type":"SearchAction","target":{"@type":"EntryPoint","urlTemplate":"https:\/\/regiaonews.net.br\/2022\/?s={search_term_string}"},"query-input":{"@type":"PropertyValueSpecification","valueRequired":true,"valueName":"search_term_string"}}],"inLanguage":"pt-BR"},{"@type":"Organization","@id":"https:\/\/regiaonews.net.br\/2022\/#organization","name":"Regi\u00e3o News","url":"https:\/\/regiaonews.net.br\/2022\/","logo":{"@type":"ImageObject","inLanguage":"pt-BR","@id":"https:\/\/regiaonews.net.br\/2022\/#\/schema\/logo\/image\/","url":"https:\/\/regiaonews.net.br\/2022\/wp-content\/uploads\/2026\/03\/regiao-13-anos-scaled.jpg","contentUrl":"https:\/\/regiaonews.net.br\/2022\/wp-content\/uploads\/2026\/03\/regiao-13-anos-scaled.jpg","width":2560,"height":635,"caption":"Regi\u00e3o News"},"image":{"@id":"https:\/\/regiaonews.net.br\/2022\/#\/schema\/logo\/image\/"}},{"@type":"Person","@id":"https:\/\/regiaonews.net.br\/2022\/#\/schema\/person\/2d205a608a5aa97ac279d7a5e6d89ad8","name":"Roberto","image":{"@type":"ImageObject","inLanguage":"pt-BR","@id":"https:\/\/secure.gravatar.com\/avatar\/42749d8b712ff9d59ca93dc150494e5b55a44134482993f5baeb97e61b7ecc89?s=96&d=mm&r=g","url":"https:\/\/secure.gravatar.com\/avatar\/42749d8b712ff9d59ca93dc150494e5b55a44134482993f5baeb97e61b7ecc89?s=96&d=mm&r=g","contentUrl":"https:\/\/secure.gravatar.com\/avatar\/42749d8b712ff9d59ca93dc150494e5b55a44134482993f5baeb97e61b7ecc89?s=96&d=mm&r=g","caption":"Roberto"},"url":"https:\/\/regiaonews.net.br\/2022\/author\/roberto\/"}]}},"publishpress_future_action":{"enabled":false,"date":"2026-05-04 23:50:58","action":"change-status","newStatus":"draft","terms":[],"taxonomy":"category","extraData":[]},"publishpress_future_workflow_manual_trigger":{"enabledWorkflows":[]},"_links":{"self":[{"href":"https:\/\/regiaonews.net.br\/2022\/wp-json\/wp\/v2\/posts\/43645","targetHints":{"allow":["GET"]}}],"collection":[{"href":"https:\/\/regiaonews.net.br\/2022\/wp-json\/wp\/v2\/posts"}],"about":[{"href":"https:\/\/regiaonews.net.br\/2022\/wp-json\/wp\/v2\/types\/post"}],"author":[{"embeddable":true,"href":"https:\/\/regiaonews.net.br\/2022\/wp-json\/wp\/v2\/users\/2"}],"replies":[{"embeddable":true,"href":"https:\/\/regiaonews.net.br\/2022\/wp-json\/wp\/v2\/comments?post=43645"}],"version-history":[{"count":0,"href":"https:\/\/regiaonews.net.br\/2022\/wp-json\/wp\/v2\/posts\/43645\/revisions"}],"wp:featuredmedia":[{"embeddable":true,"href":"https:\/\/regiaonews.net.br\/2022\/wp-json\/wp\/v2\/media\/43646"}],"wp:attachment":[{"href":"https:\/\/regiaonews.net.br\/2022\/wp-json\/wp\/v2\/media?parent=43645"}],"wp:term":[{"taxonomy":"category","embeddable":true,"href":"https:\/\/regiaonews.net.br\/2022\/wp-json\/wp\/v2\/categories?post=43645"},{"taxonomy":"post_tag","embeddable":true,"href":"https:\/\/regiaonews.net.br\/2022\/wp-json\/wp\/v2\/tags?post=43645"}],"curies":[{"name":"wp","href":"https:\/\/api.w.org\/{rel}","templated":true}]}}