{"id":43638,"date":"2021-03-02T11:13:13","date_gmt":"2021-03-02T14:13:13","guid":{"rendered":"https:\/\/regiaonews.net.br\/2022\/?p=43638"},"modified":"2021-03-02T11:16:32","modified_gmt":"2021-03-02T14:16:32","slug":"cemart-barretos-tem-matriculas-abertas-para-cursos-on-line-no-primeiro-semestre","status":"publish","type":"post","link":"https:\/\/regiaonews.net.br\/2022\/2021\/03\/02\/cemart-barretos-tem-matriculas-abertas-para-cursos-on-line-no-primeiro-semestre\/","title":{"rendered":"CEMART Barretos tem matr\u00edculas abertas para cursos on-line no primeiro semestre"},"content":{"rendered":"<p><a href=\"https:\/\/regiaonews.net.br\/2022\/wp-content\/uploads\/2021\/03\/download.png\"><img loading=\"lazy\" decoding=\"async\" class=\"alignnone size-full wp-image-43639\" src=\"https:\/\/regiaonews.net.br\/2022\/wp-content\/uploads\/2021\/03\/download.png\" alt=\"\" width=\"225\" height=\"225\" \/><\/a><\/p>\n<p>O Centro Municipal de Artes \u201cBezerra de Menezes \u2013 Bezerrinha\u201d, escola livre de artes da Prefeitura de Barretos, sob a coordena\u00e7\u00e3o da Secretaria Municipal de Cultura, localizado na Rua 30, equina com a avenida 5,\u00a0 2010, Bairro Fortaleza, telefone: 17 3324 391, est\u00e1 com matr\u00edculas abertas para alunos novos \u00a0para os cursos de desenho art\u00edstico e mang\u00e1, teatro, flauta doce e transversal, violino , violoncelo, viol\u00e3o, teoria musical e hist\u00f3ria da m\u00fasica, ministrados na vers\u00e3o on-line para e o primeiro semestre\/2021. As inscri\u00e7\u00f5es acontecem de 1 a 10 de mar\u00e7o\u00a0 somente em\u00a0 formato on-line pelo e-mail:\u00a0<a href=\"https:\/\/emktenv.com.br\/index.php\/campaigns\/zo363qlox0d68\/track-url\/hp5297cf9h3d3\/bd5ae1734d4df31820be424dfef7432421bd274a\">cemartbarretosoficial@gmail.com<\/a><u>.<\/u><br \/>\nAs aulas ser\u00e3o realizadas por meio da plataforma Zoom e por outros aplicativos sugeridos pelos professores. A vers\u00e3o on-line foi institu\u00edda e continua at\u00e9 o momento, devido a necessidade de isolamento\u00a0 social em decorr\u00eancia da preven\u00e7\u00e3o ao covid-19. O in\u00edcio das aulas est\u00e1 marcado para o dia 15 de mar\u00e7o.\u00a0 As aulas para os alunos antigos j\u00e1 come\u00e7aram dia 1\u00b0 de fevereiro.<br \/>\nPara a inscri\u00e7\u00e3o \u00e9 preciso escrever no email: nome completo (para alunos menores de idade escrever nome dos pais ou respons\u00e1veis), data de nascimento, n\u00famero do RG e CPF ou certid\u00e3o de nascimento, endere\u00e7o, n\u00famero de telefone (de prefer\u00eancia whatsapp) e o curso de interesse e per\u00edodo \u00a0em que gostaria de fazer o curso (manh\u00e3, tarde ou noite).<br \/>\nAp\u00f3s a inscri\u00e7\u00e3o on-line\u00a0 o \u00a0CEMART ir\u00e1 entrar em contato para a confirma\u00e7\u00e3o da matr\u00edcula e do hor\u00e1rio das aulas. As vagas ser\u00e3o preenchidas por ordem de inscri\u00e7\u00e3o. As inscri\u00e7\u00f5es para os\u00a0 demais cursos ser\u00e3o \u00a0informadas de acordo com a abertura de novas vagas.<\/p>\n","protected":false},"excerpt":{"rendered":"<p>O Centro Municipal de Artes \u201cBezerra de Menezes \u2013 Bezerrinha\u201d,<\/p>\n","protected":false},"author":2,"featured_media":43642,"comment_status":"open","ping_status":"open","sticky":false,"template":"","format":"standard","meta":{"footnotes":""},"categories":[14,25],"tags":[],"class_list":["post-43638","post","type-post","status-publish","format-standard","has-post-thumbnail","hentry","category-barretos","category-cidades"],"yoast_head":"<!-- This site is optimized with the Yoast SEO plugin v27.4 - https:\/\/yoast.com\/product\/yoast-seo-wordpress\/ -->\n<title>CEMART Barretos tem matr\u00edculas abertas para cursos on-line no primeiro semestre - Regi\u00e3o News<\/title>\n<meta name=\"robots\" content=\"index, follow, max-snippet:-1, max-image-preview:large, max-video-preview:-1\" \/>\n<link rel=\"canonical\" href=\"https:\/\/regiaonews.net.br\/2022\/2021\/03\/02\/cemart-barretos-tem-matriculas-abertas-para-cursos-on-line-no-primeiro-semestre\/\" \/>\n<meta property=\"og:locale\" content=\"pt_BR\" \/>\n<meta property=\"og:type\" content=\"article\" \/>\n<meta property=\"og:title\" content=\"CEMART Barretos tem matr\u00edculas abertas para cursos on-line no primeiro semestre - Regi\u00e3o News\" \/>\n<meta property=\"og:description\" content=\"O Centro Municipal de Artes \u201cBezerra de Menezes \u2013 Bezerrinha\u201d,\" \/>\n<meta property=\"og:url\" content=\"https:\/\/regiaonews.net.br\/2022\/2021\/03\/02\/cemart-barretos-tem-matriculas-abertas-para-cursos-on-line-no-primeiro-semestre\/\" \/>\n<meta property=\"og:site_name\" content=\"Regi\u00e3o News\" \/>\n<meta property=\"article:published_time\" content=\"2021-03-02T14:13:13+00:00\" \/>\n<meta property=\"article:modified_time\" content=\"2021-03-02T14:16:32+00:00\" \/>\n<meta property=\"og:image\" content=\"https:\/\/regiaonews.net.br\/2022\/wp-content\/uploads\/2021\/03\/GbkZbhRZ1OktEM4xJUlX.jpg\" \/>\n\t<meta property=\"og:image:width\" content=\"530\" \/>\n\t<meta property=\"og:image:height\" content=\"299\" \/>\n\t<meta property=\"og:image:type\" content=\"image\/jpeg\" \/>\n<meta name=\"author\" content=\"Roberto\" \/>\n<meta name=\"twitter:card\" content=\"summary_large_image\" \/>\n<meta name=\"twitter:label1\" content=\"Escrito por\" \/>\n\t<meta name=\"twitter:data1\" content=\"Roberto\" \/>\n\t<meta name=\"twitter:label2\" content=\"Est. tempo de leitura\" \/>\n\t<meta name=\"twitter:data2\" content=\"1 minuto\" \/>\n<script type=\"application\/ld+json\" class=\"yoast-schema-graph\">{\"@context\":\"https:\\\/\\\/schema.org\",\"@graph\":[{\"@type\":\"Article\",\"@id\":\"https:\\\/\\\/regiaonews.net.br\\\/2022\\\/2021\\\/03\\\/02\\\/cemart-barretos-tem-matriculas-abertas-para-cursos-on-line-no-primeiro-semestre\\\/#article\",\"isPartOf\":{\"@id\":\"https:\\\/\\\/regiaonews.net.br\\\/2022\\\/2021\\\/03\\\/02\\\/cemart-barretos-tem-matriculas-abertas-para-cursos-on-line-no-primeiro-semestre\\\/\"},\"author\":{\"name\":\"Roberto\",\"@id\":\"https:\\\/\\\/regiaonews.net.br\\\/2022\\\/#\\\/schema\\\/person\\\/2d205a608a5aa97ac279d7a5e6d89ad8\"},\"headline\":\"CEMART Barretos tem matr\u00edculas abertas para cursos on-line no primeiro semestre\",\"datePublished\":\"2021-03-02T14:13:13+00:00\",\"dateModified\":\"2021-03-02T14:16:32+00:00\",\"mainEntityOfPage\":{\"@id\":\"https:\\\/\\\/regiaonews.net.br\\\/2022\\\/2021\\\/03\\\/02\\\/cemart-barretos-tem-matriculas-abertas-para-cursos-on-line-no-primeiro-semestre\\\/\"},\"wordCount\":296,\"commentCount\":0,\"publisher\":{\"@id\":\"https:\\\/\\\/regiaonews.net.br\\\/2022\\\/#organization\"},\"image\":{\"@id\":\"https:\\\/\\\/regiaonews.net.br\\\/2022\\\/2021\\\/03\\\/02\\\/cemart-barretos-tem-matriculas-abertas-para-cursos-on-line-no-primeiro-semestre\\\/#primaryimage\"},\"thumbnailUrl\":\"https:\\\/\\\/regiaonews.net.br\\\/2022\\\/wp-content\\\/uploads\\\/2021\\\/03\\\/GbkZbhRZ1OktEM4xJUlX.jpg\",\"articleSection\":[\"Barretos\",\"Cidades\"],\"inLanguage\":\"pt-BR\",\"potentialAction\":[{\"@type\":\"CommentAction\",\"name\":\"Comment\",\"target\":[\"https:\\\/\\\/regiaonews.net.br\\\/2022\\\/2021\\\/03\\\/02\\\/cemart-barretos-tem-matriculas-abertas-para-cursos-on-line-no-primeiro-semestre\\\/#respond\"]}]},{\"@type\":\"WebPage\",\"@id\":\"https:\\\/\\\/regiaonews.net.br\\\/2022\\\/2021\\\/03\\\/02\\\/cemart-barretos-tem-matriculas-abertas-para-cursos-on-line-no-primeiro-semestre\\\/\",\"url\":\"https:\\\/\\\/regiaonews.net.br\\\/2022\\\/2021\\\/03\\\/02\\\/cemart-barretos-tem-matriculas-abertas-para-cursos-on-line-no-primeiro-semestre\\\/\",\"name\":\"CEMART Barretos tem matr\u00edculas abertas para cursos on-line no primeiro semestre - Regi\u00e3o News\",\"isPartOf\":{\"@id\":\"https:\\\/\\\/regiaonews.net.br\\\/2022\\\/#website\"},\"primaryImageOfPage\":{\"@id\":\"https:\\\/\\\/regiaonews.net.br\\\/2022\\\/2021\\\/03\\\/02\\\/cemart-barretos-tem-matriculas-abertas-para-cursos-on-line-no-primeiro-semestre\\\/#primaryimage\"},\"image\":{\"@id\":\"https:\\\/\\\/regiaonews.net.br\\\/2022\\\/2021\\\/03\\\/02\\\/cemart-barretos-tem-matriculas-abertas-para-cursos-on-line-no-primeiro-semestre\\\/#primaryimage\"},\"thumbnailUrl\":\"https:\\\/\\\/regiaonews.net.br\\\/2022\\\/wp-content\\\/uploads\\\/2021\\\/03\\\/GbkZbhRZ1OktEM4xJUlX.jpg\",\"datePublished\":\"2021-03-02T14:13:13+00:00\",\"dateModified\":\"2021-03-02T14:16:32+00:00\",\"breadcrumb\":{\"@id\":\"https:\\\/\\\/regiaonews.net.br\\\/2022\\\/2021\\\/03\\\/02\\\/cemart-barretos-tem-matriculas-abertas-para-cursos-on-line-no-primeiro-semestre\\\/#breadcrumb\"},\"inLanguage\":\"pt-BR\",\"potentialAction\":[{\"@type\":\"ReadAction\",\"target\":[\"https:\\\/\\\/regiaonews.net.br\\\/2022\\\/2021\\\/03\\\/02\\\/cemart-barretos-tem-matriculas-abertas-para-cursos-on-line-no-primeiro-semestre\\\/\"]}]},{\"@type\":\"ImageObject\",\"inLanguage\":\"pt-BR\",\"@id\":\"https:\\\/\\\/regiaonews.net.br\\\/2022\\\/2021\\\/03\\\/02\\\/cemart-barretos-tem-matriculas-abertas-para-cursos-on-line-no-primeiro-semestre\\\/#primaryimage\",\"url\":\"https:\\\/\\\/regiaonews.net.br\\\/2022\\\/wp-content\\\/uploads\\\/2021\\\/03\\\/GbkZbhRZ1OktEM4xJUlX.jpg\",\"contentUrl\":\"https:\\\/\\\/regiaonews.net.br\\\/2022\\\/wp-content\\\/uploads\\\/2021\\\/03\\\/GbkZbhRZ1OktEM4xJUlX.jpg\",\"width\":530,\"height\":299},{\"@type\":\"BreadcrumbList\",\"@id\":\"https:\\\/\\\/regiaonews.net.br\\\/2022\\\/2021\\\/03\\\/02\\\/cemart-barretos-tem-matriculas-abertas-para-cursos-on-line-no-primeiro-semestre\\\/#breadcrumb\",\"itemListElement\":[{\"@type\":\"ListItem\",\"position\":1,\"name\":\"In\u00edcio\",\"item\":\"https:\\\/\\\/regiaonews.net.br\\\/2022\\\/\"},{\"@type\":\"ListItem\",\"position\":2,\"name\":\"CEMART Barretos tem matr\u00edculas abertas para cursos on-line no primeiro semestre\"}]},{\"@type\":\"WebSite\",\"@id\":\"https:\\\/\\\/regiaonews.net.br\\\/2022\\\/#website\",\"url\":\"https:\\\/\\\/regiaonews.net.br\\\/2022\\\/\",\"name\":\"Regi\u00e3o News\",\"description\":\"Site de Not\u00edcias de Barretos e regi\u00e3o\",\"publisher\":{\"@id\":\"https:\\\/\\\/regiaonews.net.br\\\/2022\\\/#organization\"},\"potentialAction\":[{\"@type\":\"SearchAction\",\"target\":{\"@type\":\"EntryPoint\",\"urlTemplate\":\"https:\\\/\\\/regiaonews.net.br\\\/2022\\\/?s={search_term_string}\"},\"query-input\":{\"@type\":\"PropertyValueSpecification\",\"valueRequired\":true,\"valueName\":\"search_term_string\"}}],\"inLanguage\":\"pt-BR\"},{\"@type\":\"Organization\",\"@id\":\"https:\\\/\\\/regiaonews.net.br\\\/2022\\\/#organization\",\"name\":\"Regi\u00e3o News\",\"url\":\"https:\\\/\\\/regiaonews.net.br\\\/2022\\\/\",\"logo\":{\"@type\":\"ImageObject\",\"inLanguage\":\"pt-BR\",\"@id\":\"https:\\\/\\\/regiaonews.net.br\\\/2022\\\/#\\\/schema\\\/logo\\\/image\\\/\",\"url\":\"https:\\\/\\\/regiaonews.net.br\\\/2022\\\/wp-content\\\/uploads\\\/2026\\\/03\\\/regiao-13-anos-scaled.jpg\",\"contentUrl\":\"https:\\\/\\\/regiaonews.net.br\\\/2022\\\/wp-content\\\/uploads\\\/2026\\\/03\\\/regiao-13-anos-scaled.jpg\",\"width\":2560,\"height\":635,\"caption\":\"Regi\u00e3o News\"},\"image\":{\"@id\":\"https:\\\/\\\/regiaonews.net.br\\\/2022\\\/#\\\/schema\\\/logo\\\/image\\\/\"}},{\"@type\":\"Person\",\"@id\":\"https:\\\/\\\/regiaonews.net.br\\\/2022\\\/#\\\/schema\\\/person\\\/2d205a608a5aa97ac279d7a5e6d89ad8\",\"name\":\"Roberto\",\"image\":{\"@type\":\"ImageObject\",\"inLanguage\":\"pt-BR\",\"@id\":\"https:\\\/\\\/secure.gravatar.com\\\/avatar\\\/42749d8b712ff9d59ca93dc150494e5b55a44134482993f5baeb97e61b7ecc89?s=96&d=mm&r=g\",\"url\":\"https:\\\/\\\/secure.gravatar.com\\\/avatar\\\/42749d8b712ff9d59ca93dc150494e5b55a44134482993f5baeb97e61b7ecc89?s=96&d=mm&r=g\",\"contentUrl\":\"https:\\\/\\\/secure.gravatar.com\\\/avatar\\\/42749d8b712ff9d59ca93dc150494e5b55a44134482993f5baeb97e61b7ecc89?s=96&d=mm&r=g\",\"caption\":\"Roberto\"},\"url\":\"https:\\\/\\\/regiaonews.net.br\\\/2022\\\/author\\\/roberto\\\/\"}]}<\/script>\n<!-- \/ Yoast SEO plugin. -->","yoast_head_json":{"title":"CEMART Barretos tem matr\u00edculas abertas para cursos on-line no primeiro semestre - Regi\u00e3o News","robots":{"index":"index","follow":"follow","max-snippet":"max-snippet:-1","max-image-preview":"max-image-preview:large","max-video-preview":"max-video-preview:-1"},"canonical":"https:\/\/regiaonews.net.br\/2022\/2021\/03\/02\/cemart-barretos-tem-matriculas-abertas-para-cursos-on-line-no-primeiro-semestre\/","og_locale":"pt_BR","og_type":"article","og_title":"CEMART Barretos tem matr\u00edculas abertas para cursos on-line no primeiro semestre - Regi\u00e3o News","og_description":"O Centro Municipal de Artes \u201cBezerra de Menezes \u2013 Bezerrinha\u201d,","og_url":"https:\/\/regiaonews.net.br\/2022\/2021\/03\/02\/cemart-barretos-tem-matriculas-abertas-para-cursos-on-line-no-primeiro-semestre\/","og_site_name":"Regi\u00e3o News","article_published_time":"2021-03-02T14:13:13+00:00","article_modified_time":"2021-03-02T14:16:32+00:00","og_image":[{"width":530,"height":299,"url":"https:\/\/regiaonews.net.br\/2022\/wp-content\/uploads\/2021\/03\/GbkZbhRZ1OktEM4xJUlX.jpg","type":"image\/jpeg"}],"author":"Roberto","twitter_card":"summary_large_image","twitter_misc":{"Escrito por":"Roberto","Est. tempo de leitura":"1 minuto"},"schema":{"@context":"https:\/\/schema.org","@graph":[{"@type":"Article","@id":"https:\/\/regiaonews.net.br\/2022\/2021\/03\/02\/cemart-barretos-tem-matriculas-abertas-para-cursos-on-line-no-primeiro-semestre\/#article","isPartOf":{"@id":"https:\/\/regiaonews.net.br\/2022\/2021\/03\/02\/cemart-barretos-tem-matriculas-abertas-para-cursos-on-line-no-primeiro-semestre\/"},"author":{"name":"Roberto","@id":"https:\/\/regiaonews.net.br\/2022\/#\/schema\/person\/2d205a608a5aa97ac279d7a5e6d89ad8"},"headline":"CEMART Barretos tem matr\u00edculas abertas para cursos on-line no primeiro semestre","datePublished":"2021-03-02T14:13:13+00:00","dateModified":"2021-03-02T14:16:32+00:00","mainEntityOfPage":{"@id":"https:\/\/regiaonews.net.br\/2022\/2021\/03\/02\/cemart-barretos-tem-matriculas-abertas-para-cursos-on-line-no-primeiro-semestre\/"},"wordCount":296,"commentCount":0,"publisher":{"@id":"https:\/\/regiaonews.net.br\/2022\/#organization"},"image":{"@id":"https:\/\/regiaonews.net.br\/2022\/2021\/03\/02\/cemart-barretos-tem-matriculas-abertas-para-cursos-on-line-no-primeiro-semestre\/#primaryimage"},"thumbnailUrl":"https:\/\/regiaonews.net.br\/2022\/wp-content\/uploads\/2021\/03\/GbkZbhRZ1OktEM4xJUlX.jpg","articleSection":["Barretos","Cidades"],"inLanguage":"pt-BR","potentialAction":[{"@type":"CommentAction","name":"Comment","target":["https:\/\/regiaonews.net.br\/2022\/2021\/03\/02\/cemart-barretos-tem-matriculas-abertas-para-cursos-on-line-no-primeiro-semestre\/#respond"]}]},{"@type":"WebPage","@id":"https:\/\/regiaonews.net.br\/2022\/2021\/03\/02\/cemart-barretos-tem-matriculas-abertas-para-cursos-on-line-no-primeiro-semestre\/","url":"https:\/\/regiaonews.net.br\/2022\/2021\/03\/02\/cemart-barretos-tem-matriculas-abertas-para-cursos-on-line-no-primeiro-semestre\/","name":"CEMART Barretos tem matr\u00edculas abertas para cursos on-line no primeiro semestre - Regi\u00e3o News","isPartOf":{"@id":"https:\/\/regiaonews.net.br\/2022\/#website"},"primaryImageOfPage":{"@id":"https:\/\/regiaonews.net.br\/2022\/2021\/03\/02\/cemart-barretos-tem-matriculas-abertas-para-cursos-on-line-no-primeiro-semestre\/#primaryimage"},"image":{"@id":"https:\/\/regiaonews.net.br\/2022\/2021\/03\/02\/cemart-barretos-tem-matriculas-abertas-para-cursos-on-line-no-primeiro-semestre\/#primaryimage"},"thumbnailUrl":"https:\/\/regiaonews.net.br\/2022\/wp-content\/uploads\/2021\/03\/GbkZbhRZ1OktEM4xJUlX.jpg","datePublished":"2021-03-02T14:13:13+00:00","dateModified":"2021-03-02T14:16:32+00:00","breadcrumb":{"@id":"https:\/\/regiaonews.net.br\/2022\/2021\/03\/02\/cemart-barretos-tem-matriculas-abertas-para-cursos-on-line-no-primeiro-semestre\/#breadcrumb"},"inLanguage":"pt-BR","potentialAction":[{"@type":"ReadAction","target":["https:\/\/regiaonews.net.br\/2022\/2021\/03\/02\/cemart-barretos-tem-matriculas-abertas-para-cursos-on-line-no-primeiro-semestre\/"]}]},{"@type":"ImageObject","inLanguage":"pt-BR","@id":"https:\/\/regiaonews.net.br\/2022\/2021\/03\/02\/cemart-barretos-tem-matriculas-abertas-para-cursos-on-line-no-primeiro-semestre\/#primaryimage","url":"https:\/\/regiaonews.net.br\/2022\/wp-content\/uploads\/2021\/03\/GbkZbhRZ1OktEM4xJUlX.jpg","contentUrl":"https:\/\/regiaonews.net.br\/2022\/wp-content\/uploads\/2021\/03\/GbkZbhRZ1OktEM4xJUlX.jpg","width":530,"height":299},{"@type":"BreadcrumbList","@id":"https:\/\/regiaonews.net.br\/2022\/2021\/03\/02\/cemart-barretos-tem-matriculas-abertas-para-cursos-on-line-no-primeiro-semestre\/#breadcrumb","itemListElement":[{"@type":"ListItem","position":1,"name":"In\u00edcio","item":"https:\/\/regiaonews.net.br\/2022\/"},{"@type":"ListItem","position":2,"name":"CEMART Barretos tem matr\u00edculas abertas para cursos on-line no primeiro semestre"}]},{"@type":"WebSite","@id":"https:\/\/regiaonews.net.br\/2022\/#website","url":"https:\/\/regiaonews.net.br\/2022\/","name":"Regi\u00e3o News","description":"Site de Not\u00edcias de Barretos e regi\u00e3o","publisher":{"@id":"https:\/\/regiaonews.net.br\/2022\/#organization"},"potentialAction":[{"@type":"SearchAction","target":{"@type":"EntryPoint","urlTemplate":"https:\/\/regiaonews.net.br\/2022\/?s={search_term_string}"},"query-input":{"@type":"PropertyValueSpecification","valueRequired":true,"valueName":"search_term_string"}}],"inLanguage":"pt-BR"},{"@type":"Organization","@id":"https:\/\/regiaonews.net.br\/2022\/#organization","name":"Regi\u00e3o News","url":"https:\/\/regiaonews.net.br\/2022\/","logo":{"@type":"ImageObject","inLanguage":"pt-BR","@id":"https:\/\/regiaonews.net.br\/2022\/#\/schema\/logo\/image\/","url":"https:\/\/regiaonews.net.br\/2022\/wp-content\/uploads\/2026\/03\/regiao-13-anos-scaled.jpg","contentUrl":"https:\/\/regiaonews.net.br\/2022\/wp-content\/uploads\/2026\/03\/regiao-13-anos-scaled.jpg","width":2560,"height":635,"caption":"Regi\u00e3o News"},"image":{"@id":"https:\/\/regiaonews.net.br\/2022\/#\/schema\/logo\/image\/"}},{"@type":"Person","@id":"https:\/\/regiaonews.net.br\/2022\/#\/schema\/person\/2d205a608a5aa97ac279d7a5e6d89ad8","name":"Roberto","image":{"@type":"ImageObject","inLanguage":"pt-BR","@id":"https:\/\/secure.gravatar.com\/avatar\/42749d8b712ff9d59ca93dc150494e5b55a44134482993f5baeb97e61b7ecc89?s=96&d=mm&r=g","url":"https:\/\/secure.gravatar.com\/avatar\/42749d8b712ff9d59ca93dc150494e5b55a44134482993f5baeb97e61b7ecc89?s=96&d=mm&r=g","contentUrl":"https:\/\/secure.gravatar.com\/avatar\/42749d8b712ff9d59ca93dc150494e5b55a44134482993f5baeb97e61b7ecc89?s=96&d=mm&r=g","caption":"Roberto"},"url":"https:\/\/regiaonews.net.br\/2022\/author\/roberto\/"}]}},"publishpress_future_action":{"enabled":false,"date":"2026-05-04 22:06:00","action":"change-status","newStatus":"draft","terms":[],"taxonomy":"category","extraData":[]},"publishpress_future_workflow_manual_trigger":{"enabledWorkflows":[]},"_links":{"self":[{"href":"https:\/\/regiaonews.net.br\/2022\/wp-json\/wp\/v2\/posts\/43638","targetHints":{"allow":["GET"]}}],"collection":[{"href":"https:\/\/regiaonews.net.br\/2022\/wp-json\/wp\/v2\/posts"}],"about":[{"href":"https:\/\/regiaonews.net.br\/2022\/wp-json\/wp\/v2\/types\/post"}],"author":[{"embeddable":true,"href":"https:\/\/regiaonews.net.br\/2022\/wp-json\/wp\/v2\/users\/2"}],"replies":[{"embeddable":true,"href":"https:\/\/regiaonews.net.br\/2022\/wp-json\/wp\/v2\/comments?post=43638"}],"version-history":[{"count":0,"href":"https:\/\/regiaonews.net.br\/2022\/wp-json\/wp\/v2\/posts\/43638\/revisions"}],"wp:featuredmedia":[{"embeddable":true,"href":"https:\/\/regiaonews.net.br\/2022\/wp-json\/wp\/v2\/media\/43642"}],"wp:attachment":[{"href":"https:\/\/regiaonews.net.br\/2022\/wp-json\/wp\/v2\/media?parent=43638"}],"wp:term":[{"taxonomy":"category","embeddable":true,"href":"https:\/\/regiaonews.net.br\/2022\/wp-json\/wp\/v2\/categories?post=43638"},{"taxonomy":"post_tag","embeddable":true,"href":"https:\/\/regiaonews.net.br\/2022\/wp-json\/wp\/v2\/tags?post=43638"}],"curies":[{"name":"wp","href":"https:\/\/api.w.org\/{rel}","templated":true}]}}