{"id":43622,"date":"2021-03-01T18:07:32","date_gmt":"2021-03-01T21:07:32","guid":{"rendered":"https:\/\/regiaonews.net.br\/2022\/?p=43622"},"modified":"2021-03-01T18:19:35","modified_gmt":"2021-03-01T21:19:35","slug":"confira-novo-decreto-de-segunda-feira-01-de-marco-com-restricoes-da-prefeitura-de-barretos","status":"publish","type":"post","link":"https:\/\/regiaonews.net.br\/2022\/2021\/03\/01\/confira-novo-decreto-de-segunda-feira-01-de-marco-com-restricoes-da-prefeitura-de-barretos\/","title":{"rendered":"Confira novo decreto de segunda-feira 01 de mar\u00e7o com restri\u00e7\u00f5es  da prefeitura de Barretos"},"content":{"rendered":"<p><a href=\"https:\/\/regiaonews.net.br\/2022\/wp-content\/uploads\/2021\/03\/paula-lemos-decreto-site.jpg\"><img loading=\"lazy\" decoding=\"async\" class=\"alignnone size-medium wp-image-43625\" src=\"https:\/\/regiaonews.net.br\/2022\/wp-content\/uploads\/2021\/03\/paula-lemos-decreto-site-300x169.jpg\" alt=\"\" width=\"300\" height=\"169\" \/><\/a><\/p>\n<p>A prefeita Paula Lemos juntamente com os secret\u00e1rios Roberto Arutim (Ind\u00fastria, Com\u00e9rcio e Emprego) e Kleber Rosa (Sa\u00fade), deram uma entrevista coletiva na tarde desta segunda-feira (01) no audit\u00f3rio da Prefeitura Municipal, onde informaram a emiss\u00e3o de novo Decreto Municipal restringindo mais as atividades comerciais no munic\u00edpio.<\/p>\n<p>Visto a intensidade de interna\u00e7\u00f5es no \u00faltimo final de semana onde os leitos de UTI da cidade est\u00e3o praticamente lotados, a necessidade de conten\u00e7\u00e3o de contamina\u00e7\u00e3o do v\u00edrus e controle de interna\u00e7\u00f5es fizeram com que fosse adotado medidas de redu\u00e7\u00e3o de circula\u00e7\u00e3o tamb\u00e9m durante o dia.<\/p>\n<p>O com\u00e9rcio poder\u00e1 receber boletos mas desde que o cliente n\u00e3o adentre o estabelecimento, sendo atendido na porta, e as vendas ser\u00e3o realizadas somente por meio virtual.<\/p>\n<p>Bares, lanchonetes e restaurantes poder\u00e3o realizar as vendas somente pelo Delivery at\u00e9 no m\u00e1ximo as 23 horas.<\/p>\n<p>As atividades religiosas est\u00e3o proibidas com a presen\u00e7a de fi\u00e9is, sendo permitido apenas a transmiss\u00e3o por meio de redes sociais.<\/p>\n<p>Os supermercados ter\u00e3o que controlar o acesso com funcion\u00e1rio na porta e distanciamento na fila de espera.<\/p>\n<p>Uma grande quantidade de festas clandestinas e familiares com aglomera\u00e7\u00f5es foram encontradas neste fim de semana, com aumento de interna\u00e7\u00f5es e mortes, para n\u00e3o ocorrer um \u201ccolapso\u201d nos sistema de sa\u00fade do munic\u00edpio, as medidas foram adotadas, mas na pr\u00f3xima semana ser\u00e1 feita uma nova avalia\u00e7\u00e3o para saber se haver\u00e1 nova flexibiliza\u00e7\u00e3o do Decreto.<\/p>\n<p>\u201cHoje pratico um ato necess\u00e1rio para que o nosso sistema n\u00e3o entre em colapso. \u00c9 um momento onde a colabora\u00e7\u00e3o de todos \u00e9 de extrema import\u00e2ncia. Pe\u00e7o uma semana para que possamos reavaliar a situa\u00e7\u00e3o. Pois \u00e9 momento de unidade e n\u00e3o de divis\u00e3o \u201c salientou a Prefeita.<\/p>\n<p>&nbsp;<\/p>\n<p><a href=\"https:\/\/regiaonews.net.br\/2022\/wp-content\/uploads\/2021\/03\/Decreto-Prefeitura.pdf\">\u00a0Clique aqui e baixe novo Decreto-Prefeitura Barretos 01-03-2021<\/a><\/p>\n","protected":false},"excerpt":{"rendered":"<p>A prefeita Paula Lemos juntamente com os secret\u00e1rios Roberto Arutim<\/p>\n","protected":false},"author":2,"featured_media":2762,"comment_status":"open","ping_status":"open","sticky":false,"template":"","format":"standard","meta":{"footnotes":""},"categories":[14,25],"tags":[],"class_list":["post-43622","post","type-post","status-publish","format-standard","has-post-thumbnail","hentry","category-barretos","category-cidades"],"yoast_head":"<!-- This site is optimized with the Yoast SEO plugin v27.4 - https:\/\/yoast.com\/product\/yoast-seo-wordpress\/ -->\n<title>Confira novo decreto de segunda-feira 01 de mar\u00e7o com restri\u00e7\u00f5es da prefeitura de Barretos - Regi\u00e3o News<\/title>\n<meta name=\"robots\" content=\"index, follow, max-snippet:-1, max-image-preview:large, max-video-preview:-1\" \/>\n<link rel=\"canonical\" href=\"https:\/\/regiaonews.net.br\/2022\/2021\/03\/01\/confira-novo-decreto-de-segunda-feira-01-de-marco-com-restricoes-da-prefeitura-de-barretos\/\" \/>\n<meta property=\"og:locale\" content=\"pt_BR\" \/>\n<meta property=\"og:type\" content=\"article\" \/>\n<meta property=\"og:title\" content=\"Confira novo decreto de segunda-feira 01 de mar\u00e7o com restri\u00e7\u00f5es da prefeitura de Barretos - Regi\u00e3o News\" \/>\n<meta property=\"og:description\" content=\"A prefeita Paula Lemos juntamente com os secret\u00e1rios Roberto Arutim\" \/>\n<meta property=\"og:url\" content=\"https:\/\/regiaonews.net.br\/2022\/2021\/03\/01\/confira-novo-decreto-de-segunda-feira-01-de-marco-com-restricoes-da-prefeitura-de-barretos\/\" \/>\n<meta property=\"og:site_name\" content=\"Regi\u00e3o News\" \/>\n<meta property=\"article:published_time\" content=\"2021-03-01T21:07:32+00:00\" \/>\n<meta property=\"article:modified_time\" content=\"2021-03-01T21:19:35+00:00\" \/>\n<meta property=\"og:image\" content=\"https:\/\/regiaonews.net.br\/2022\/wp-content\/uploads\/2017\/01\/prefeitura-nova-1.jpg\" \/>\n\t<meta property=\"og:image:width\" content=\"650\" \/>\n\t<meta property=\"og:image:height\" content=\"400\" \/>\n\t<meta property=\"og:image:type\" content=\"image\/jpeg\" \/>\n<meta name=\"author\" content=\"Roberto\" \/>\n<meta name=\"twitter:card\" content=\"summary_large_image\" \/>\n<meta name=\"twitter:label1\" content=\"Escrito por\" \/>\n\t<meta name=\"twitter:data1\" content=\"Roberto\" \/>\n\t<meta name=\"twitter:label2\" content=\"Est. tempo de leitura\" \/>\n\t<meta name=\"twitter:data2\" content=\"2 minutos\" \/>\n<script type=\"application\/ld+json\" class=\"yoast-schema-graph\">{\"@context\":\"https:\\\/\\\/schema.org\",\"@graph\":[{\"@type\":\"Article\",\"@id\":\"https:\\\/\\\/regiaonews.net.br\\\/2022\\\/2021\\\/03\\\/01\\\/confira-novo-decreto-de-segunda-feira-01-de-marco-com-restricoes-da-prefeitura-de-barretos\\\/#article\",\"isPartOf\":{\"@id\":\"https:\\\/\\\/regiaonews.net.br\\\/2022\\\/2021\\\/03\\\/01\\\/confira-novo-decreto-de-segunda-feira-01-de-marco-com-restricoes-da-prefeitura-de-barretos\\\/\"},\"author\":{\"name\":\"Roberto\",\"@id\":\"https:\\\/\\\/regiaonews.net.br\\\/2022\\\/#\\\/schema\\\/person\\\/2d205a608a5aa97ac279d7a5e6d89ad8\"},\"headline\":\"Confira novo decreto de segunda-feira 01 de mar\u00e7o com restri\u00e7\u00f5es da prefeitura de Barretos\",\"datePublished\":\"2021-03-01T21:07:32+00:00\",\"dateModified\":\"2021-03-01T21:19:35+00:00\",\"mainEntityOfPage\":{\"@id\":\"https:\\\/\\\/regiaonews.net.br\\\/2022\\\/2021\\\/03\\\/01\\\/confira-novo-decreto-de-segunda-feira-01-de-marco-com-restricoes-da-prefeitura-de-barretos\\\/\"},\"wordCount\":338,\"commentCount\":0,\"publisher\":{\"@id\":\"https:\\\/\\\/regiaonews.net.br\\\/2022\\\/#organization\"},\"image\":{\"@id\":\"https:\\\/\\\/regiaonews.net.br\\\/2022\\\/2021\\\/03\\\/01\\\/confira-novo-decreto-de-segunda-feira-01-de-marco-com-restricoes-da-prefeitura-de-barretos\\\/#primaryimage\"},\"thumbnailUrl\":\"https:\\\/\\\/regiaonews.net.br\\\/2022\\\/wp-content\\\/uploads\\\/2017\\\/01\\\/prefeitura-nova-1.jpg\",\"articleSection\":[\"Barretos\",\"Cidades\"],\"inLanguage\":\"pt-BR\",\"potentialAction\":[{\"@type\":\"CommentAction\",\"name\":\"Comment\",\"target\":[\"https:\\\/\\\/regiaonews.net.br\\\/2022\\\/2021\\\/03\\\/01\\\/confira-novo-decreto-de-segunda-feira-01-de-marco-com-restricoes-da-prefeitura-de-barretos\\\/#respond\"]}]},{\"@type\":\"WebPage\",\"@id\":\"https:\\\/\\\/regiaonews.net.br\\\/2022\\\/2021\\\/03\\\/01\\\/confira-novo-decreto-de-segunda-feira-01-de-marco-com-restricoes-da-prefeitura-de-barretos\\\/\",\"url\":\"https:\\\/\\\/regiaonews.net.br\\\/2022\\\/2021\\\/03\\\/01\\\/confira-novo-decreto-de-segunda-feira-01-de-marco-com-restricoes-da-prefeitura-de-barretos\\\/\",\"name\":\"Confira novo decreto de segunda-feira 01 de mar\u00e7o com restri\u00e7\u00f5es da prefeitura de Barretos - Regi\u00e3o News\",\"isPartOf\":{\"@id\":\"https:\\\/\\\/regiaonews.net.br\\\/2022\\\/#website\"},\"primaryImageOfPage\":{\"@id\":\"https:\\\/\\\/regiaonews.net.br\\\/2022\\\/2021\\\/03\\\/01\\\/confira-novo-decreto-de-segunda-feira-01-de-marco-com-restricoes-da-prefeitura-de-barretos\\\/#primaryimage\"},\"image\":{\"@id\":\"https:\\\/\\\/regiaonews.net.br\\\/2022\\\/2021\\\/03\\\/01\\\/confira-novo-decreto-de-segunda-feira-01-de-marco-com-restricoes-da-prefeitura-de-barretos\\\/#primaryimage\"},\"thumbnailUrl\":\"https:\\\/\\\/regiaonews.net.br\\\/2022\\\/wp-content\\\/uploads\\\/2017\\\/01\\\/prefeitura-nova-1.jpg\",\"datePublished\":\"2021-03-01T21:07:32+00:00\",\"dateModified\":\"2021-03-01T21:19:35+00:00\",\"breadcrumb\":{\"@id\":\"https:\\\/\\\/regiaonews.net.br\\\/2022\\\/2021\\\/03\\\/01\\\/confira-novo-decreto-de-segunda-feira-01-de-marco-com-restricoes-da-prefeitura-de-barretos\\\/#breadcrumb\"},\"inLanguage\":\"pt-BR\",\"potentialAction\":[{\"@type\":\"ReadAction\",\"target\":[\"https:\\\/\\\/regiaonews.net.br\\\/2022\\\/2021\\\/03\\\/01\\\/confira-novo-decreto-de-segunda-feira-01-de-marco-com-restricoes-da-prefeitura-de-barretos\\\/\"]}]},{\"@type\":\"ImageObject\",\"inLanguage\":\"pt-BR\",\"@id\":\"https:\\\/\\\/regiaonews.net.br\\\/2022\\\/2021\\\/03\\\/01\\\/confira-novo-decreto-de-segunda-feira-01-de-marco-com-restricoes-da-prefeitura-de-barretos\\\/#primaryimage\",\"url\":\"https:\\\/\\\/regiaonews.net.br\\\/2022\\\/wp-content\\\/uploads\\\/2017\\\/01\\\/prefeitura-nova-1.jpg\",\"contentUrl\":\"https:\\\/\\\/regiaonews.net.br\\\/2022\\\/wp-content\\\/uploads\\\/2017\\\/01\\\/prefeitura-nova-1.jpg\",\"width\":650,\"height\":400},{\"@type\":\"BreadcrumbList\",\"@id\":\"https:\\\/\\\/regiaonews.net.br\\\/2022\\\/2021\\\/03\\\/01\\\/confira-novo-decreto-de-segunda-feira-01-de-marco-com-restricoes-da-prefeitura-de-barretos\\\/#breadcrumb\",\"itemListElement\":[{\"@type\":\"ListItem\",\"position\":1,\"name\":\"In\u00edcio\",\"item\":\"https:\\\/\\\/regiaonews.net.br\\\/2022\\\/\"},{\"@type\":\"ListItem\",\"position\":2,\"name\":\"Confira novo decreto de segunda-feira 01 de mar\u00e7o com restri\u00e7\u00f5es da prefeitura de Barretos\"}]},{\"@type\":\"WebSite\",\"@id\":\"https:\\\/\\\/regiaonews.net.br\\\/2022\\\/#website\",\"url\":\"https:\\\/\\\/regiaonews.net.br\\\/2022\\\/\",\"name\":\"Regi\u00e3o News\",\"description\":\"Site de Not\u00edcias de Barretos e regi\u00e3o\",\"publisher\":{\"@id\":\"https:\\\/\\\/regiaonews.net.br\\\/2022\\\/#organization\"},\"potentialAction\":[{\"@type\":\"SearchAction\",\"target\":{\"@type\":\"EntryPoint\",\"urlTemplate\":\"https:\\\/\\\/regiaonews.net.br\\\/2022\\\/?s={search_term_string}\"},\"query-input\":{\"@type\":\"PropertyValueSpecification\",\"valueRequired\":true,\"valueName\":\"search_term_string\"}}],\"inLanguage\":\"pt-BR\"},{\"@type\":\"Organization\",\"@id\":\"https:\\\/\\\/regiaonews.net.br\\\/2022\\\/#organization\",\"name\":\"Regi\u00e3o News\",\"url\":\"https:\\\/\\\/regiaonews.net.br\\\/2022\\\/\",\"logo\":{\"@type\":\"ImageObject\",\"inLanguage\":\"pt-BR\",\"@id\":\"https:\\\/\\\/regiaonews.net.br\\\/2022\\\/#\\\/schema\\\/logo\\\/image\\\/\",\"url\":\"https:\\\/\\\/regiaonews.net.br\\\/2022\\\/wp-content\\\/uploads\\\/2026\\\/03\\\/regiao-13-anos-scaled.jpg\",\"contentUrl\":\"https:\\\/\\\/regiaonews.net.br\\\/2022\\\/wp-content\\\/uploads\\\/2026\\\/03\\\/regiao-13-anos-scaled.jpg\",\"width\":2560,\"height\":635,\"caption\":\"Regi\u00e3o News\"},\"image\":{\"@id\":\"https:\\\/\\\/regiaonews.net.br\\\/2022\\\/#\\\/schema\\\/logo\\\/image\\\/\"}},{\"@type\":\"Person\",\"@id\":\"https:\\\/\\\/regiaonews.net.br\\\/2022\\\/#\\\/schema\\\/person\\\/2d205a608a5aa97ac279d7a5e6d89ad8\",\"name\":\"Roberto\",\"image\":{\"@type\":\"ImageObject\",\"inLanguage\":\"pt-BR\",\"@id\":\"https:\\\/\\\/secure.gravatar.com\\\/avatar\\\/42749d8b712ff9d59ca93dc150494e5b55a44134482993f5baeb97e61b7ecc89?s=96&d=mm&r=g\",\"url\":\"https:\\\/\\\/secure.gravatar.com\\\/avatar\\\/42749d8b712ff9d59ca93dc150494e5b55a44134482993f5baeb97e61b7ecc89?s=96&d=mm&r=g\",\"contentUrl\":\"https:\\\/\\\/secure.gravatar.com\\\/avatar\\\/42749d8b712ff9d59ca93dc150494e5b55a44134482993f5baeb97e61b7ecc89?s=96&d=mm&r=g\",\"caption\":\"Roberto\"},\"url\":\"https:\\\/\\\/regiaonews.net.br\\\/2022\\\/author\\\/roberto\\\/\"}]}<\/script>\n<!-- \/ Yoast SEO plugin. -->","yoast_head_json":{"title":"Confira novo decreto de segunda-feira 01 de mar\u00e7o com restri\u00e7\u00f5es da prefeitura de Barretos - Regi\u00e3o News","robots":{"index":"index","follow":"follow","max-snippet":"max-snippet:-1","max-image-preview":"max-image-preview:large","max-video-preview":"max-video-preview:-1"},"canonical":"https:\/\/regiaonews.net.br\/2022\/2021\/03\/01\/confira-novo-decreto-de-segunda-feira-01-de-marco-com-restricoes-da-prefeitura-de-barretos\/","og_locale":"pt_BR","og_type":"article","og_title":"Confira novo decreto de segunda-feira 01 de mar\u00e7o com restri\u00e7\u00f5es da prefeitura de Barretos - Regi\u00e3o News","og_description":"A prefeita Paula Lemos juntamente com os secret\u00e1rios Roberto Arutim","og_url":"https:\/\/regiaonews.net.br\/2022\/2021\/03\/01\/confira-novo-decreto-de-segunda-feira-01-de-marco-com-restricoes-da-prefeitura-de-barretos\/","og_site_name":"Regi\u00e3o News","article_published_time":"2021-03-01T21:07:32+00:00","article_modified_time":"2021-03-01T21:19:35+00:00","og_image":[{"width":650,"height":400,"url":"https:\/\/regiaonews.net.br\/2022\/wp-content\/uploads\/2017\/01\/prefeitura-nova-1.jpg","type":"image\/jpeg"}],"author":"Roberto","twitter_card":"summary_large_image","twitter_misc":{"Escrito por":"Roberto","Est. tempo de leitura":"2 minutos"},"schema":{"@context":"https:\/\/schema.org","@graph":[{"@type":"Article","@id":"https:\/\/regiaonews.net.br\/2022\/2021\/03\/01\/confira-novo-decreto-de-segunda-feira-01-de-marco-com-restricoes-da-prefeitura-de-barretos\/#article","isPartOf":{"@id":"https:\/\/regiaonews.net.br\/2022\/2021\/03\/01\/confira-novo-decreto-de-segunda-feira-01-de-marco-com-restricoes-da-prefeitura-de-barretos\/"},"author":{"name":"Roberto","@id":"https:\/\/regiaonews.net.br\/2022\/#\/schema\/person\/2d205a608a5aa97ac279d7a5e6d89ad8"},"headline":"Confira novo decreto de segunda-feira 01 de mar\u00e7o com restri\u00e7\u00f5es da prefeitura de Barretos","datePublished":"2021-03-01T21:07:32+00:00","dateModified":"2021-03-01T21:19:35+00:00","mainEntityOfPage":{"@id":"https:\/\/regiaonews.net.br\/2022\/2021\/03\/01\/confira-novo-decreto-de-segunda-feira-01-de-marco-com-restricoes-da-prefeitura-de-barretos\/"},"wordCount":338,"commentCount":0,"publisher":{"@id":"https:\/\/regiaonews.net.br\/2022\/#organization"},"image":{"@id":"https:\/\/regiaonews.net.br\/2022\/2021\/03\/01\/confira-novo-decreto-de-segunda-feira-01-de-marco-com-restricoes-da-prefeitura-de-barretos\/#primaryimage"},"thumbnailUrl":"https:\/\/regiaonews.net.br\/2022\/wp-content\/uploads\/2017\/01\/prefeitura-nova-1.jpg","articleSection":["Barretos","Cidades"],"inLanguage":"pt-BR","potentialAction":[{"@type":"CommentAction","name":"Comment","target":["https:\/\/regiaonews.net.br\/2022\/2021\/03\/01\/confira-novo-decreto-de-segunda-feira-01-de-marco-com-restricoes-da-prefeitura-de-barretos\/#respond"]}]},{"@type":"WebPage","@id":"https:\/\/regiaonews.net.br\/2022\/2021\/03\/01\/confira-novo-decreto-de-segunda-feira-01-de-marco-com-restricoes-da-prefeitura-de-barretos\/","url":"https:\/\/regiaonews.net.br\/2022\/2021\/03\/01\/confira-novo-decreto-de-segunda-feira-01-de-marco-com-restricoes-da-prefeitura-de-barretos\/","name":"Confira novo decreto de segunda-feira 01 de mar\u00e7o com restri\u00e7\u00f5es da prefeitura de Barretos - Regi\u00e3o News","isPartOf":{"@id":"https:\/\/regiaonews.net.br\/2022\/#website"},"primaryImageOfPage":{"@id":"https:\/\/regiaonews.net.br\/2022\/2021\/03\/01\/confira-novo-decreto-de-segunda-feira-01-de-marco-com-restricoes-da-prefeitura-de-barretos\/#primaryimage"},"image":{"@id":"https:\/\/regiaonews.net.br\/2022\/2021\/03\/01\/confira-novo-decreto-de-segunda-feira-01-de-marco-com-restricoes-da-prefeitura-de-barretos\/#primaryimage"},"thumbnailUrl":"https:\/\/regiaonews.net.br\/2022\/wp-content\/uploads\/2017\/01\/prefeitura-nova-1.jpg","datePublished":"2021-03-01T21:07:32+00:00","dateModified":"2021-03-01T21:19:35+00:00","breadcrumb":{"@id":"https:\/\/regiaonews.net.br\/2022\/2021\/03\/01\/confira-novo-decreto-de-segunda-feira-01-de-marco-com-restricoes-da-prefeitura-de-barretos\/#breadcrumb"},"inLanguage":"pt-BR","potentialAction":[{"@type":"ReadAction","target":["https:\/\/regiaonews.net.br\/2022\/2021\/03\/01\/confira-novo-decreto-de-segunda-feira-01-de-marco-com-restricoes-da-prefeitura-de-barretos\/"]}]},{"@type":"ImageObject","inLanguage":"pt-BR","@id":"https:\/\/regiaonews.net.br\/2022\/2021\/03\/01\/confira-novo-decreto-de-segunda-feira-01-de-marco-com-restricoes-da-prefeitura-de-barretos\/#primaryimage","url":"https:\/\/regiaonews.net.br\/2022\/wp-content\/uploads\/2017\/01\/prefeitura-nova-1.jpg","contentUrl":"https:\/\/regiaonews.net.br\/2022\/wp-content\/uploads\/2017\/01\/prefeitura-nova-1.jpg","width":650,"height":400},{"@type":"BreadcrumbList","@id":"https:\/\/regiaonews.net.br\/2022\/2021\/03\/01\/confira-novo-decreto-de-segunda-feira-01-de-marco-com-restricoes-da-prefeitura-de-barretos\/#breadcrumb","itemListElement":[{"@type":"ListItem","position":1,"name":"In\u00edcio","item":"https:\/\/regiaonews.net.br\/2022\/"},{"@type":"ListItem","position":2,"name":"Confira novo decreto de segunda-feira 01 de mar\u00e7o com restri\u00e7\u00f5es da prefeitura de Barretos"}]},{"@type":"WebSite","@id":"https:\/\/regiaonews.net.br\/2022\/#website","url":"https:\/\/regiaonews.net.br\/2022\/","name":"Regi\u00e3o News","description":"Site de Not\u00edcias de Barretos e regi\u00e3o","publisher":{"@id":"https:\/\/regiaonews.net.br\/2022\/#organization"},"potentialAction":[{"@type":"SearchAction","target":{"@type":"EntryPoint","urlTemplate":"https:\/\/regiaonews.net.br\/2022\/?s={search_term_string}"},"query-input":{"@type":"PropertyValueSpecification","valueRequired":true,"valueName":"search_term_string"}}],"inLanguage":"pt-BR"},{"@type":"Organization","@id":"https:\/\/regiaonews.net.br\/2022\/#organization","name":"Regi\u00e3o News","url":"https:\/\/regiaonews.net.br\/2022\/","logo":{"@type":"ImageObject","inLanguage":"pt-BR","@id":"https:\/\/regiaonews.net.br\/2022\/#\/schema\/logo\/image\/","url":"https:\/\/regiaonews.net.br\/2022\/wp-content\/uploads\/2026\/03\/regiao-13-anos-scaled.jpg","contentUrl":"https:\/\/regiaonews.net.br\/2022\/wp-content\/uploads\/2026\/03\/regiao-13-anos-scaled.jpg","width":2560,"height":635,"caption":"Regi\u00e3o News"},"image":{"@id":"https:\/\/regiaonews.net.br\/2022\/#\/schema\/logo\/image\/"}},{"@type":"Person","@id":"https:\/\/regiaonews.net.br\/2022\/#\/schema\/person\/2d205a608a5aa97ac279d7a5e6d89ad8","name":"Roberto","image":{"@type":"ImageObject","inLanguage":"pt-BR","@id":"https:\/\/secure.gravatar.com\/avatar\/42749d8b712ff9d59ca93dc150494e5b55a44134482993f5baeb97e61b7ecc89?s=96&d=mm&r=g","url":"https:\/\/secure.gravatar.com\/avatar\/42749d8b712ff9d59ca93dc150494e5b55a44134482993f5baeb97e61b7ecc89?s=96&d=mm&r=g","contentUrl":"https:\/\/secure.gravatar.com\/avatar\/42749d8b712ff9d59ca93dc150494e5b55a44134482993f5baeb97e61b7ecc89?s=96&d=mm&r=g","caption":"Roberto"},"url":"https:\/\/regiaonews.net.br\/2022\/author\/roberto\/"}]}},"publishpress_future_action":{"enabled":false,"date":"2026-05-04 17:09:43","action":"change-status","newStatus":"draft","terms":[],"taxonomy":"category","extraData":[]},"publishpress_future_workflow_manual_trigger":{"enabledWorkflows":[]},"_links":{"self":[{"href":"https:\/\/regiaonews.net.br\/2022\/wp-json\/wp\/v2\/posts\/43622","targetHints":{"allow":["GET"]}}],"collection":[{"href":"https:\/\/regiaonews.net.br\/2022\/wp-json\/wp\/v2\/posts"}],"about":[{"href":"https:\/\/regiaonews.net.br\/2022\/wp-json\/wp\/v2\/types\/post"}],"author":[{"embeddable":true,"href":"https:\/\/regiaonews.net.br\/2022\/wp-json\/wp\/v2\/users\/2"}],"replies":[{"embeddable":true,"href":"https:\/\/regiaonews.net.br\/2022\/wp-json\/wp\/v2\/comments?post=43622"}],"version-history":[{"count":0,"href":"https:\/\/regiaonews.net.br\/2022\/wp-json\/wp\/v2\/posts\/43622\/revisions"}],"wp:featuredmedia":[{"embeddable":true,"href":"https:\/\/regiaonews.net.br\/2022\/wp-json\/wp\/v2\/media\/2762"}],"wp:attachment":[{"href":"https:\/\/regiaonews.net.br\/2022\/wp-json\/wp\/v2\/media?parent=43622"}],"wp:term":[{"taxonomy":"category","embeddable":true,"href":"https:\/\/regiaonews.net.br\/2022\/wp-json\/wp\/v2\/categories?post=43622"},{"taxonomy":"post_tag","embeddable":true,"href":"https:\/\/regiaonews.net.br\/2022\/wp-json\/wp\/v2\/tags?post=43622"}],"curies":[{"name":"wp","href":"https:\/\/api.w.org\/{rel}","templated":true}]}}