{"id":43619,"date":"2021-03-01T17:46:03","date_gmt":"2021-03-01T20:46:03","guid":{"rendered":"https:\/\/regiaonews.net.br\/2022\/?p=43619"},"modified":"2021-03-01T17:46:03","modified_gmt":"2021-03-01T20:46:03","slug":"novas-internacoes-por-covid-19-sobem-18-em-uma-semana-em-sp-regioes-no-interior-tem-ocupacao-de-uti-acima-de-90","status":"publish","type":"post","link":"https:\/\/regiaonews.net.br\/2022\/2021\/03\/01\/novas-internacoes-por-covid-19-sobem-18-em-uma-semana-em-sp-regioes-no-interior-tem-ocupacao-de-uti-acima-de-90\/","title":{"rendered":"Novas interna\u00e7\u00f5es por Covid-19 sobem 18% em uma semana em SP; regi\u00f5es no interior t\u00eam ocupa\u00e7\u00e3o de UTI acima de 90%"},"content":{"rendered":"<div class=\"mc-column content-text active-extra-styles \" data-block-type=\"unstyled\" data-block-weight=\"41\" data-block-id=\"2\">\n<p data-track-category=\"Link no Texto\" data-track-links=\"\"><a href=\"https:\/\/regiaonews.net.br\/2022\/wp-content\/uploads\/2021\/03\/age20210221030.jpg\"><img loading=\"lazy\" decoding=\"async\" class=\"alignnone size-medium wp-image-43620\" src=\"https:\/\/regiaonews.net.br\/2022\/wp-content\/uploads\/2021\/03\/age20210221030-300x200.jpg\" alt=\"\" width=\"300\" height=\"200\" \/><\/a><\/p>\n<p class=\"content-text__container \" data-track-category=\"Link no Texto\" data-track-links=\"\">As novas interna\u00e7\u00f5es por Covid-19\u00a0<span class=\"highlight highlighted\">aumentaram 18,3% no estado de S\u00e3o Paulo<\/span>\u00a0na \u00faltima semana em rela\u00e7\u00e3o \u00e0 semana anterior. A velocidade do aumento verificado nos \u00faltimos dias preocupa autoridades sanit\u00e1rias, que temem\u00a0<a href=\"https:\/\/g1.globo.com\/sp\/sao-paulo\/noticia\/2021\/02\/24\/com-mais-de-2-milhoes-de-casos-de-covid-19-e-novas-variantes-estado-de-sp-diz-que-leitos-de-uti-podem-acabar-em-ate-22-dias.ghtml\">colapso no sistema de sa\u00fade<\/a>\u00a0do estado.<\/p>\n<\/div>\n<div class=\"wall protected-content\">\n<div class=\"mc-column content-text active-extra-styles \" data-block-type=\"unstyled\" data-block-weight=\"38\" data-block-id=\"3\">\n<p class=\"content-text__container \" data-track-category=\"Link no Texto\" data-track-links=\"\">Na semana entre 14 e 20 de fevereiro, em m\u00e9dia 1.541 pacientes eram internados por dia no estado. J\u00e1 na semana entre 21 de fevereiro e o \u00faltimo domingo (28), o valor saltou para 1.823 por dia.<\/p>\n<\/div>\n<div class=\"mc-column content-text active-extra-styles \" data-block-type=\"unstyled\" data-block-weight=\"37\" data-block-id=\"4\">\n<p class=\"content-text__container \" data-track-category=\"Link no Texto\" data-track-links=\"\">Mais pacientes com quadros graves da doen\u00e7a est\u00e3o sendo internados. A taxa geral de ocupa\u00e7\u00e3o de leitos de Unidade Terapia Intensiva (UTI) no estado\u00a0<span class=\"highlight highlighted\">subiu para 73,2% nesta segunda-feira,<\/span>\u00a0e para 74,3% na Grande S\u00e3o Paulo.<\/p>\n<\/div>\n<div class=\"mc-column content-text active-extra-styles\" data-block-type=\"raw\" data-block-weight=\"43\" data-block-id=\"5\">\n<p class=\"content-text__container\">\n<blockquote class=\"content-blockquote theme-border-color-primary-before\"><p>&#8220;Precisamos da colabora\u00e7\u00e3o da popula\u00e7\u00e3o.\u00a0<span class=\"highlight highlighted\">N\u00e3o adianta abrir mais leitos<\/span>. N\u00f3s estamos abrindo, estamos expandindo. Estamos fazendo a nossa parte, mas n\u00f3s temos a limita\u00e7\u00e3o, tanto de espa\u00e7o, mas tamb\u00e9m de recursos humanos&#8221;, afirmou o secret\u00e1rio estadual da Sa\u00fade, Jean Gorinchteyn, nesta segunda<\/p><\/blockquote>\n<\/div>\n<div class=\"bs-video-block mc-column  content-media content-video\" data-block-type=\"backstage-video\" data-block-id=\"6\">\n<div class=\"content-media__container\">\n<div class=\"content-video__bigger-player-description-fixer\">\n<article class=\"content-video\">\n<section class=\"content-video__video-container\">\n<div class=\"content-video__video\">\n<div id=\"wp3-player-2\" class=\"clappr-player\" tabindex=\"9999\" data-player=\"\">\n<div class=\"media-control media-control-hide\">\n<div class=\"media-control-panel\">\n<div class=\"media-control-panel__lower\" data-controls=\"\">\n<div class=\"opposites-container\">\n<div class=\"media-control-position__left\">\n<div class=\"time-indicator media-control-element\"><span data-position=\"\">&#8211;<\/span><\/div>\n<\/div>\n<\/div>\n<\/div>\n<\/div>\n<\/div>\n<\/div>\n<\/div>\n<\/section>\n<\/article>\n<\/div>\n<p class=\"content-media__description content-media__description\">Come\u00e7a hoje vacina\u00e7\u00e3o de idosos de 80 a 84 anos nos postos de sa\u00fade da cidade de S\u00e3o Paulo<\/p>\n<\/div>\n<\/div>\n<div class=\"mc-column content-text active-extra-styles \" data-block-type=\"unstyled\" data-block-weight=\"34\" data-block-id=\"8\">\n<p class=\"content-text__container \" data-track-category=\"Link no Texto\" data-track-links=\"\">Algumas regi\u00f5es, como Araraquara, Presidente Prudente e Bauru, j\u00e1 t\u00eam ocupa\u00e7\u00e3o de UTI acima de 90%. Al\u00e9m disso, hospitais p\u00fablicos e particulares da Regi\u00e3o Metropolitana de S\u00e3o Paulo\u00a0<a href=\"https:\/\/g1.globo.com\/sp\/sao-paulo\/noticia\/2021\/02\/26\/sao-paulo-faz-um-ano-de-covid-19-com-einstein-e-emilio-ribas-com-100percent-dos-leitos-ocupados-e-sirio-libanes-com-97percent.ghtml\">est\u00e3o com leitos totalmente ocupados<\/a>.<\/p>\n<\/div>\n<div class=\"mc-column content-text active-extra-styles \" data-block-type=\"unstyled\" data-block-weight=\"20\" data-block-id=\"9\">\n<p class=\"content-text__container \" data-track-category=\"Link no Texto\" data-track-links=\"\">De acordo com o secret\u00e1rio, as pessoas precisam colaborar para evitar aglomera\u00e7\u00f5es que possam disseminar o cont\u00e1gio pelo v\u00edrus.<\/p>\n<\/div>\n<div class=\"mc-column content-text active-extra-styles \" data-block-type=\"unstyled\" data-block-weight=\"38\" data-block-id=\"10\">\n<p class=\"content-text__container \" data-track-category=\"Link no Texto\" data-track-links=\"\">&#8220;N\u00f3s temos que parar com a velocidade e a instala\u00e7\u00e3o da pandemia no nosso meio. N\u00f3s imploramos, n\u00f3s j\u00e1 n\u00e3o pedimos, que a popula\u00e7\u00e3o colabore. Precisamos ter responsabilidade. Estamos todos no mesmo barco. E todos estamos em risco.&#8221;<\/p>\n<\/div>\n<div class=\"mc-column content-text active-extra-styles \" data-block-type=\"unstyled\" data-block-weight=\"43\" data-block-id=\"11\">\n<p class=\"content-text__container \" data-track-category=\"Link no Texto\" data-track-links=\"\">Nos \u00faltimos dias,\u00a0<a href=\"https:\/\/g1.globo.com\/sp\/sao-paulo\/noticia\/2021\/02\/26\/com-recorde-de-pacientes-em-uti-estado-de-sp-estuda-criacao-de-nova-fase-da-quarentena-mais-restritiva-do-que-a-vermelha.ghtml\">o estado vem batendo recordes sucessivos de pacientes internados<\/a>\u00a0com quadros mais graves da doen\u00e7a. No s\u00e1bado (27), o\u00a0<a href=\"https:\/\/g1.globo.com\/sp\/sao-paulo\/noticia\/2021\/02\/27\/estado-de-sp-tem-mais-de-7-mil-pacientes-internados-em-uti-com-covid-19-pela-primeira-vez-desde-inicio-da-pandemia.ghtml\">total de pacientes internados em UTI superou o valor de 7 mil pela primeira vez<\/a>\u00a0desde o in\u00edcio da pandemia.<\/p>\n<\/div>\n<div class=\"mc-column content-text active-extra-styles \" data-block-type=\"unstyled\" data-block-weight=\"43\" data-block-id=\"12\">\n<p class=\"content-text__container \" data-track-category=\"Link no Texto\" data-track-links=\"\">Segundo a Secretaria Estadual de Sa\u00fade, o maior valor anterior durante o primeiro pico da doen\u00e7a havia sido registrado em 29 de julho, com 6.250 pacientes em UTI. A gest\u00e3o estadual v\u00ea\u00a0<a href=\"https:\/\/g1.globo.com\/sp\/sao-paulo\/noticia\/2021\/02\/24\/com-mais-de-2-milhoes-de-casos-de-covid-19-e-novas-variantes-estado-de-sp-diz-que-leitos-de-uti-podem-acabar-em-ate-22-dias.ghtml\">risco de colapso no sistema de sa\u00fade nas pr\u00f3ximas semanas<\/a>.<\/p>\n<\/div>\n<div class=\"mc-column content-text active-extra-styles\" data-block-type=\"raw\" data-block-weight=\"3\" data-block-id=\"13\">\n<p class=\"content-text__container\">\n<div class=\"content-intertitle\">\n<h2>Medidas mais duras<\/h2>\n<\/div>\n<p>&nbsp;<\/p>\n<\/div>\n<div class=\"mc-column content-text active-extra-styles \" data-block-type=\"unstyled\" data-block-weight=\"29\" data-block-id=\"15\">\n<p class=\"content-text__container \" data-track-category=\"Link no Texto\" data-track-links=\"\">Diante da piora da epidemia em todo pa\u00eds, autoridades e sa\u00fade e\u00a0<a href=\"https:\/\/g1.globo.com\/bemestar\/coronavirus\/noticia\/2021\/03\/01\/conselho-de-secretarios-divulga-carta-com-sugestoes-de-medidas-urgentes-contra-iminente-colapso-das-redes-publica-e-privada-por-causa-da-covid.ghtml\">conselho de secret\u00e1rios pedem que medidas mais duras de restri\u00e7\u00e3o<\/a>\u00a0\u00e0 circula\u00e7\u00e3o de pessoas sejam tomadas.<\/p>\n<\/div>\n<div class=\"content-ads content-ads--reveal\" data-block-type=\"ads\" data-block-id=\"16\"><\/div>\n<div class=\"mc-column content-text active-extra-styles \" data-block-type=\"unstyled\" data-block-weight=\"45\" data-block-id=\"17\">\n<p class=\"content-text__container \" data-track-category=\"Link no Texto\" data-track-links=\"\">No estado de S\u00e3o Paulo,\u00a0<a href=\"https:\/\/g1.globo.com\/sp\/sao-paulo\/noticia\/2021\/02\/27\/fiscalizacao-fecha-bares-com-aglomeracao-na-zona-sul-da-capital-em-1a-noite-de-toque-de-restricao-em-sp.ghtml\">come\u00e7ou a valer na sexta-feira (26) a restri\u00e7\u00e3o de circula\u00e7\u00e3o das 23h \u00e0s 5h<\/a>, batizada pela gest\u00e3o Jo\u00e3o Doria (PSDB) de &#8220;toque de restri\u00e7\u00e3o&#8221;. O objetivo \u00e9 aumentar a fiscaliza\u00e7\u00e3o no per\u00edodo noturno para coibir aglomera\u00e7\u00f5es e festas clandestinas.<\/p>\n<\/div>\n<div class=\"mc-column content-text active-extra-styles \" data-block-type=\"unstyled\" data-block-weight=\"46\" data-block-id=\"18\">\n<p class=\"content-text__container \" data-track-category=\"Link no Texto\" data-track-links=\"\">A medida, no entanto,\u00a0<span class=\"highlight highlighted\">n\u00e3o tem poder de proibi\u00e7\u00e3o<\/span>, e \u00e9 diferente de um &#8220;lockdown&#8221;. Ap\u00f3s a lota\u00e7\u00e3o de leitos, algumas prefeituras como a de Araraquara e de\u00a0<a href=\"https:\/\/g1.globo.com\/sp\/sao-paulo\/noticia\/2021\/02\/27\/cidades-do-abc-farao-lockdown-das-21h-as-4h-a-partir-deste-sabado-apos-alta-das-mortes-e-da-ocupacao-de-leitos-para-covid-19.ghtml\">munic\u00edpios do ABC paulista<\/a>\u00a0j\u00e1 decidiram adotar proibi\u00e7\u00f5es que v\u00e3o al\u00e9m do que \u00e9 determinado pelo governo estadual.<\/p>\n<\/div>\n<div class=\"mc-column content-text active-extra-styles \" data-block-type=\"unstyled\" data-block-weight=\"47\" data-block-id=\"19\">\n<p class=\"content-text__container \" data-track-category=\"Link no Texto\" data-track-links=\"\">Questionado sobre o por que de n\u00e3o adotar regras mais r\u00edgidas como o &#8220;lockdown&#8221; para conter o avan\u00e7o da doen\u00e7a em todo o estado, Doria afirmou que aguarda orienta\u00e7\u00f5es do Centro de Conting\u00eancia da Covid-19, grupo de especialistas consultado pelo governo para as regras da quarentena.<\/p>\n<\/div>\n<div class=\"mc-column content-text active-extra-styles\" data-block-type=\"raw\" data-block-weight=\"77\" data-block-id=\"20\">\n<p class=\"content-text__container\">\n<blockquote class=\"content-blockquote theme-border-color-primary-before\"><p>&#8220;A velocidade de crescimento de interna\u00e7\u00f5es que estamos assistindo nos \u00faltimos dias n\u00e3o tinha sido vista em um ano de pandemia. A transmiss\u00e3o est\u00e1 muito alta. O Centro de Conting\u00eancia est\u00e1 estudando que recomenda\u00e7\u00f5es far\u00e1 para o governo. Eu acredito que vais ser de maior restri\u00e7\u00e3o para todo o estado. Estamos discutindo a possibilidade de ter uma classifica\u00e7\u00e3o mais restritiva do que a fase vermelha [do Plano S\u00e3o Paulo]&#8221;, disse Paulo Menezes, coordenador do Centro de Conting\u00eancia.<\/p><\/blockquote>\n<blockquote><p>fonte : G1<\/p><\/blockquote>\n<\/div>\n<\/div>\n","protected":false},"excerpt":{"rendered":"<p>As novas interna\u00e7\u00f5es por Covid-19\u00a0aumentaram 18,3% no estado de S\u00e3o<\/p>\n","protected":false},"author":2,"featured_media":43620,"comment_status":"open","ping_status":"open","sticky":false,"template":"","format":"standard","meta":{"footnotes":""},"categories":[25,7],"tags":[],"class_list":["post-43619","post","type-post","status-publish","format-standard","has-post-thumbnail","hentry","category-cidades","category-estado-de-sao-paulo"],"yoast_head":"<!-- This site is optimized with the Yoast SEO plugin v27.4 - https:\/\/yoast.com\/product\/yoast-seo-wordpress\/ -->\n<title>Novas interna\u00e7\u00f5es por Covid-19 sobem 18% em uma semana em SP; regi\u00f5es no interior t\u00eam ocupa\u00e7\u00e3o de UTI acima de 90% - Regi\u00e3o News<\/title>\n<meta name=\"robots\" content=\"index, follow, max-snippet:-1, max-image-preview:large, max-video-preview:-1\" \/>\n<link rel=\"canonical\" href=\"https:\/\/regiaonews.net.br\/2022\/2021\/03\/01\/novas-internacoes-por-covid-19-sobem-18-em-uma-semana-em-sp-regioes-no-interior-tem-ocupacao-de-uti-acima-de-90\/\" \/>\n<meta property=\"og:locale\" content=\"pt_BR\" \/>\n<meta property=\"og:type\" content=\"article\" \/>\n<meta property=\"og:title\" content=\"Novas interna\u00e7\u00f5es por Covid-19 sobem 18% em uma semana em SP; regi\u00f5es no interior t\u00eam ocupa\u00e7\u00e3o de UTI acima de 90% - Regi\u00e3o News\" \/>\n<meta property=\"og:description\" content=\"As novas interna\u00e7\u00f5es por Covid-19\u00a0aumentaram 18,3% no estado de S\u00e3o\" \/>\n<meta property=\"og:url\" content=\"https:\/\/regiaonews.net.br\/2022\/2021\/03\/01\/novas-internacoes-por-covid-19-sobem-18-em-uma-semana-em-sp-regioes-no-interior-tem-ocupacao-de-uti-acima-de-90\/\" \/>\n<meta property=\"og:site_name\" content=\"Regi\u00e3o News\" \/>\n<meta property=\"article:published_time\" content=\"2021-03-01T20:46:03+00:00\" \/>\n<meta property=\"og:image\" content=\"https:\/\/regiaonews.net.br\/2022\/wp-content\/uploads\/2021\/03\/age20210221030.jpg\" \/>\n\t<meta property=\"og:image:width\" content=\"984\" \/>\n\t<meta property=\"og:image:height\" content=\"656\" \/>\n\t<meta property=\"og:image:type\" content=\"image\/jpeg\" \/>\n<meta name=\"author\" content=\"Roberto\" \/>\n<meta name=\"twitter:card\" content=\"summary_large_image\" \/>\n<meta name=\"twitter:label1\" content=\"Escrito por\" \/>\n\t<meta name=\"twitter:data1\" content=\"Roberto\" \/>\n\t<meta name=\"twitter:label2\" content=\"Est. tempo de leitura\" \/>\n\t<meta name=\"twitter:data2\" content=\"3 minutos\" \/>\n<script type=\"application\/ld+json\" class=\"yoast-schema-graph\">{\"@context\":\"https:\\\/\\\/schema.org\",\"@graph\":[{\"@type\":\"Article\",\"@id\":\"https:\\\/\\\/regiaonews.net.br\\\/2022\\\/2021\\\/03\\\/01\\\/novas-internacoes-por-covid-19-sobem-18-em-uma-semana-em-sp-regioes-no-interior-tem-ocupacao-de-uti-acima-de-90\\\/#article\",\"isPartOf\":{\"@id\":\"https:\\\/\\\/regiaonews.net.br\\\/2022\\\/2021\\\/03\\\/01\\\/novas-internacoes-por-covid-19-sobem-18-em-uma-semana-em-sp-regioes-no-interior-tem-ocupacao-de-uti-acima-de-90\\\/\"},\"author\":{\"name\":\"Roberto\",\"@id\":\"https:\\\/\\\/regiaonews.net.br\\\/2022\\\/#\\\/schema\\\/person\\\/2d205a608a5aa97ac279d7a5e6d89ad8\"},\"headline\":\"Novas interna\u00e7\u00f5es por Covid-19 sobem 18% em uma semana em SP; regi\u00f5es no interior t\u00eam ocupa\u00e7\u00e3o de UTI acima de 90%\",\"datePublished\":\"2021-03-01T20:46:03+00:00\",\"mainEntityOfPage\":{\"@id\":\"https:\\\/\\\/regiaonews.net.br\\\/2022\\\/2021\\\/03\\\/01\\\/novas-internacoes-por-covid-19-sobem-18-em-uma-semana-em-sp-regioes-no-interior-tem-ocupacao-de-uti-acima-de-90\\\/\"},\"wordCount\":686,\"commentCount\":0,\"publisher\":{\"@id\":\"https:\\\/\\\/regiaonews.net.br\\\/2022\\\/#organization\"},\"image\":{\"@id\":\"https:\\\/\\\/regiaonews.net.br\\\/2022\\\/2021\\\/03\\\/01\\\/novas-internacoes-por-covid-19-sobem-18-em-uma-semana-em-sp-regioes-no-interior-tem-ocupacao-de-uti-acima-de-90\\\/#primaryimage\"},\"thumbnailUrl\":\"https:\\\/\\\/regiaonews.net.br\\\/2022\\\/wp-content\\\/uploads\\\/2021\\\/03\\\/age20210221030.jpg\",\"articleSection\":[\"Cidades\",\"Estado de S\u00e3o Paulo\"],\"inLanguage\":\"pt-BR\",\"potentialAction\":[{\"@type\":\"CommentAction\",\"name\":\"Comment\",\"target\":[\"https:\\\/\\\/regiaonews.net.br\\\/2022\\\/2021\\\/03\\\/01\\\/novas-internacoes-por-covid-19-sobem-18-em-uma-semana-em-sp-regioes-no-interior-tem-ocupacao-de-uti-acima-de-90\\\/#respond\"]}]},{\"@type\":\"WebPage\",\"@id\":\"https:\\\/\\\/regiaonews.net.br\\\/2022\\\/2021\\\/03\\\/01\\\/novas-internacoes-por-covid-19-sobem-18-em-uma-semana-em-sp-regioes-no-interior-tem-ocupacao-de-uti-acima-de-90\\\/\",\"url\":\"https:\\\/\\\/regiaonews.net.br\\\/2022\\\/2021\\\/03\\\/01\\\/novas-internacoes-por-covid-19-sobem-18-em-uma-semana-em-sp-regioes-no-interior-tem-ocupacao-de-uti-acima-de-90\\\/\",\"name\":\"Novas interna\u00e7\u00f5es por Covid-19 sobem 18% em uma semana em SP; regi\u00f5es no interior t\u00eam ocupa\u00e7\u00e3o de UTI acima de 90% - Regi\u00e3o News\",\"isPartOf\":{\"@id\":\"https:\\\/\\\/regiaonews.net.br\\\/2022\\\/#website\"},\"primaryImageOfPage\":{\"@id\":\"https:\\\/\\\/regiaonews.net.br\\\/2022\\\/2021\\\/03\\\/01\\\/novas-internacoes-por-covid-19-sobem-18-em-uma-semana-em-sp-regioes-no-interior-tem-ocupacao-de-uti-acima-de-90\\\/#primaryimage\"},\"image\":{\"@id\":\"https:\\\/\\\/regiaonews.net.br\\\/2022\\\/2021\\\/03\\\/01\\\/novas-internacoes-por-covid-19-sobem-18-em-uma-semana-em-sp-regioes-no-interior-tem-ocupacao-de-uti-acima-de-90\\\/#primaryimage\"},\"thumbnailUrl\":\"https:\\\/\\\/regiaonews.net.br\\\/2022\\\/wp-content\\\/uploads\\\/2021\\\/03\\\/age20210221030.jpg\",\"datePublished\":\"2021-03-01T20:46:03+00:00\",\"breadcrumb\":{\"@id\":\"https:\\\/\\\/regiaonews.net.br\\\/2022\\\/2021\\\/03\\\/01\\\/novas-internacoes-por-covid-19-sobem-18-em-uma-semana-em-sp-regioes-no-interior-tem-ocupacao-de-uti-acima-de-90\\\/#breadcrumb\"},\"inLanguage\":\"pt-BR\",\"potentialAction\":[{\"@type\":\"ReadAction\",\"target\":[\"https:\\\/\\\/regiaonews.net.br\\\/2022\\\/2021\\\/03\\\/01\\\/novas-internacoes-por-covid-19-sobem-18-em-uma-semana-em-sp-regioes-no-interior-tem-ocupacao-de-uti-acima-de-90\\\/\"]}]},{\"@type\":\"ImageObject\",\"inLanguage\":\"pt-BR\",\"@id\":\"https:\\\/\\\/regiaonews.net.br\\\/2022\\\/2021\\\/03\\\/01\\\/novas-internacoes-por-covid-19-sobem-18-em-uma-semana-em-sp-regioes-no-interior-tem-ocupacao-de-uti-acima-de-90\\\/#primaryimage\",\"url\":\"https:\\\/\\\/regiaonews.net.br\\\/2022\\\/wp-content\\\/uploads\\\/2021\\\/03\\\/age20210221030.jpg\",\"contentUrl\":\"https:\\\/\\\/regiaonews.net.br\\\/2022\\\/wp-content\\\/uploads\\\/2021\\\/03\\\/age20210221030.jpg\",\"width\":984,\"height\":656},{\"@type\":\"BreadcrumbList\",\"@id\":\"https:\\\/\\\/regiaonews.net.br\\\/2022\\\/2021\\\/03\\\/01\\\/novas-internacoes-por-covid-19-sobem-18-em-uma-semana-em-sp-regioes-no-interior-tem-ocupacao-de-uti-acima-de-90\\\/#breadcrumb\",\"itemListElement\":[{\"@type\":\"ListItem\",\"position\":1,\"name\":\"In\u00edcio\",\"item\":\"https:\\\/\\\/regiaonews.net.br\\\/2022\\\/\"},{\"@type\":\"ListItem\",\"position\":2,\"name\":\"Novas interna\u00e7\u00f5es por Covid-19 sobem 18% em uma semana em SP; regi\u00f5es no interior t\u00eam ocupa\u00e7\u00e3o de UTI acima de 90%\"}]},{\"@type\":\"WebSite\",\"@id\":\"https:\\\/\\\/regiaonews.net.br\\\/2022\\\/#website\",\"url\":\"https:\\\/\\\/regiaonews.net.br\\\/2022\\\/\",\"name\":\"Regi\u00e3o News\",\"description\":\"Site de Not\u00edcias de Barretos e regi\u00e3o\",\"publisher\":{\"@id\":\"https:\\\/\\\/regiaonews.net.br\\\/2022\\\/#organization\"},\"potentialAction\":[{\"@type\":\"SearchAction\",\"target\":{\"@type\":\"EntryPoint\",\"urlTemplate\":\"https:\\\/\\\/regiaonews.net.br\\\/2022\\\/?s={search_term_string}\"},\"query-input\":{\"@type\":\"PropertyValueSpecification\",\"valueRequired\":true,\"valueName\":\"search_term_string\"}}],\"inLanguage\":\"pt-BR\"},{\"@type\":\"Organization\",\"@id\":\"https:\\\/\\\/regiaonews.net.br\\\/2022\\\/#organization\",\"name\":\"Regi\u00e3o News\",\"url\":\"https:\\\/\\\/regiaonews.net.br\\\/2022\\\/\",\"logo\":{\"@type\":\"ImageObject\",\"inLanguage\":\"pt-BR\",\"@id\":\"https:\\\/\\\/regiaonews.net.br\\\/2022\\\/#\\\/schema\\\/logo\\\/image\\\/\",\"url\":\"https:\\\/\\\/regiaonews.net.br\\\/2022\\\/wp-content\\\/uploads\\\/2026\\\/03\\\/regiao-13-anos-scaled.jpg\",\"contentUrl\":\"https:\\\/\\\/regiaonews.net.br\\\/2022\\\/wp-content\\\/uploads\\\/2026\\\/03\\\/regiao-13-anos-scaled.jpg\",\"width\":2560,\"height\":635,\"caption\":\"Regi\u00e3o News\"},\"image\":{\"@id\":\"https:\\\/\\\/regiaonews.net.br\\\/2022\\\/#\\\/schema\\\/logo\\\/image\\\/\"}},{\"@type\":\"Person\",\"@id\":\"https:\\\/\\\/regiaonews.net.br\\\/2022\\\/#\\\/schema\\\/person\\\/2d205a608a5aa97ac279d7a5e6d89ad8\",\"name\":\"Roberto\",\"image\":{\"@type\":\"ImageObject\",\"inLanguage\":\"pt-BR\",\"@id\":\"https:\\\/\\\/secure.gravatar.com\\\/avatar\\\/42749d8b712ff9d59ca93dc150494e5b55a44134482993f5baeb97e61b7ecc89?s=96&d=mm&r=g\",\"url\":\"https:\\\/\\\/secure.gravatar.com\\\/avatar\\\/42749d8b712ff9d59ca93dc150494e5b55a44134482993f5baeb97e61b7ecc89?s=96&d=mm&r=g\",\"contentUrl\":\"https:\\\/\\\/secure.gravatar.com\\\/avatar\\\/42749d8b712ff9d59ca93dc150494e5b55a44134482993f5baeb97e61b7ecc89?s=96&d=mm&r=g\",\"caption\":\"Roberto\"},\"url\":\"https:\\\/\\\/regiaonews.net.br\\\/2022\\\/author\\\/roberto\\\/\"}]}<\/script>\n<!-- \/ Yoast SEO plugin. -->","yoast_head_json":{"title":"Novas interna\u00e7\u00f5es por Covid-19 sobem 18% em uma semana em SP; regi\u00f5es no interior t\u00eam ocupa\u00e7\u00e3o de UTI acima de 90% - Regi\u00e3o News","robots":{"index":"index","follow":"follow","max-snippet":"max-snippet:-1","max-image-preview":"max-image-preview:large","max-video-preview":"max-video-preview:-1"},"canonical":"https:\/\/regiaonews.net.br\/2022\/2021\/03\/01\/novas-internacoes-por-covid-19-sobem-18-em-uma-semana-em-sp-regioes-no-interior-tem-ocupacao-de-uti-acima-de-90\/","og_locale":"pt_BR","og_type":"article","og_title":"Novas interna\u00e7\u00f5es por Covid-19 sobem 18% em uma semana em SP; regi\u00f5es no interior t\u00eam ocupa\u00e7\u00e3o de UTI acima de 90% - Regi\u00e3o News","og_description":"As novas interna\u00e7\u00f5es por Covid-19\u00a0aumentaram 18,3% no estado de S\u00e3o","og_url":"https:\/\/regiaonews.net.br\/2022\/2021\/03\/01\/novas-internacoes-por-covid-19-sobem-18-em-uma-semana-em-sp-regioes-no-interior-tem-ocupacao-de-uti-acima-de-90\/","og_site_name":"Regi\u00e3o News","article_published_time":"2021-03-01T20:46:03+00:00","og_image":[{"width":984,"height":656,"url":"https:\/\/regiaonews.net.br\/2022\/wp-content\/uploads\/2021\/03\/age20210221030.jpg","type":"image\/jpeg"}],"author":"Roberto","twitter_card":"summary_large_image","twitter_misc":{"Escrito por":"Roberto","Est. tempo de leitura":"3 minutos"},"schema":{"@context":"https:\/\/schema.org","@graph":[{"@type":"Article","@id":"https:\/\/regiaonews.net.br\/2022\/2021\/03\/01\/novas-internacoes-por-covid-19-sobem-18-em-uma-semana-em-sp-regioes-no-interior-tem-ocupacao-de-uti-acima-de-90\/#article","isPartOf":{"@id":"https:\/\/regiaonews.net.br\/2022\/2021\/03\/01\/novas-internacoes-por-covid-19-sobem-18-em-uma-semana-em-sp-regioes-no-interior-tem-ocupacao-de-uti-acima-de-90\/"},"author":{"name":"Roberto","@id":"https:\/\/regiaonews.net.br\/2022\/#\/schema\/person\/2d205a608a5aa97ac279d7a5e6d89ad8"},"headline":"Novas interna\u00e7\u00f5es por Covid-19 sobem 18% em uma semana em SP; regi\u00f5es no interior t\u00eam ocupa\u00e7\u00e3o de UTI acima de 90%","datePublished":"2021-03-01T20:46:03+00:00","mainEntityOfPage":{"@id":"https:\/\/regiaonews.net.br\/2022\/2021\/03\/01\/novas-internacoes-por-covid-19-sobem-18-em-uma-semana-em-sp-regioes-no-interior-tem-ocupacao-de-uti-acima-de-90\/"},"wordCount":686,"commentCount":0,"publisher":{"@id":"https:\/\/regiaonews.net.br\/2022\/#organization"},"image":{"@id":"https:\/\/regiaonews.net.br\/2022\/2021\/03\/01\/novas-internacoes-por-covid-19-sobem-18-em-uma-semana-em-sp-regioes-no-interior-tem-ocupacao-de-uti-acima-de-90\/#primaryimage"},"thumbnailUrl":"https:\/\/regiaonews.net.br\/2022\/wp-content\/uploads\/2021\/03\/age20210221030.jpg","articleSection":["Cidades","Estado de S\u00e3o Paulo"],"inLanguage":"pt-BR","potentialAction":[{"@type":"CommentAction","name":"Comment","target":["https:\/\/regiaonews.net.br\/2022\/2021\/03\/01\/novas-internacoes-por-covid-19-sobem-18-em-uma-semana-em-sp-regioes-no-interior-tem-ocupacao-de-uti-acima-de-90\/#respond"]}]},{"@type":"WebPage","@id":"https:\/\/regiaonews.net.br\/2022\/2021\/03\/01\/novas-internacoes-por-covid-19-sobem-18-em-uma-semana-em-sp-regioes-no-interior-tem-ocupacao-de-uti-acima-de-90\/","url":"https:\/\/regiaonews.net.br\/2022\/2021\/03\/01\/novas-internacoes-por-covid-19-sobem-18-em-uma-semana-em-sp-regioes-no-interior-tem-ocupacao-de-uti-acima-de-90\/","name":"Novas interna\u00e7\u00f5es por Covid-19 sobem 18% em uma semana em SP; regi\u00f5es no interior t\u00eam ocupa\u00e7\u00e3o de UTI acima de 90% - Regi\u00e3o News","isPartOf":{"@id":"https:\/\/regiaonews.net.br\/2022\/#website"},"primaryImageOfPage":{"@id":"https:\/\/regiaonews.net.br\/2022\/2021\/03\/01\/novas-internacoes-por-covid-19-sobem-18-em-uma-semana-em-sp-regioes-no-interior-tem-ocupacao-de-uti-acima-de-90\/#primaryimage"},"image":{"@id":"https:\/\/regiaonews.net.br\/2022\/2021\/03\/01\/novas-internacoes-por-covid-19-sobem-18-em-uma-semana-em-sp-regioes-no-interior-tem-ocupacao-de-uti-acima-de-90\/#primaryimage"},"thumbnailUrl":"https:\/\/regiaonews.net.br\/2022\/wp-content\/uploads\/2021\/03\/age20210221030.jpg","datePublished":"2021-03-01T20:46:03+00:00","breadcrumb":{"@id":"https:\/\/regiaonews.net.br\/2022\/2021\/03\/01\/novas-internacoes-por-covid-19-sobem-18-em-uma-semana-em-sp-regioes-no-interior-tem-ocupacao-de-uti-acima-de-90\/#breadcrumb"},"inLanguage":"pt-BR","potentialAction":[{"@type":"ReadAction","target":["https:\/\/regiaonews.net.br\/2022\/2021\/03\/01\/novas-internacoes-por-covid-19-sobem-18-em-uma-semana-em-sp-regioes-no-interior-tem-ocupacao-de-uti-acima-de-90\/"]}]},{"@type":"ImageObject","inLanguage":"pt-BR","@id":"https:\/\/regiaonews.net.br\/2022\/2021\/03\/01\/novas-internacoes-por-covid-19-sobem-18-em-uma-semana-em-sp-regioes-no-interior-tem-ocupacao-de-uti-acima-de-90\/#primaryimage","url":"https:\/\/regiaonews.net.br\/2022\/wp-content\/uploads\/2021\/03\/age20210221030.jpg","contentUrl":"https:\/\/regiaonews.net.br\/2022\/wp-content\/uploads\/2021\/03\/age20210221030.jpg","width":984,"height":656},{"@type":"BreadcrumbList","@id":"https:\/\/regiaonews.net.br\/2022\/2021\/03\/01\/novas-internacoes-por-covid-19-sobem-18-em-uma-semana-em-sp-regioes-no-interior-tem-ocupacao-de-uti-acima-de-90\/#breadcrumb","itemListElement":[{"@type":"ListItem","position":1,"name":"In\u00edcio","item":"https:\/\/regiaonews.net.br\/2022\/"},{"@type":"ListItem","position":2,"name":"Novas interna\u00e7\u00f5es por Covid-19 sobem 18% em uma semana em SP; regi\u00f5es no interior t\u00eam ocupa\u00e7\u00e3o de UTI acima de 90%"}]},{"@type":"WebSite","@id":"https:\/\/regiaonews.net.br\/2022\/#website","url":"https:\/\/regiaonews.net.br\/2022\/","name":"Regi\u00e3o News","description":"Site de Not\u00edcias de Barretos e regi\u00e3o","publisher":{"@id":"https:\/\/regiaonews.net.br\/2022\/#organization"},"potentialAction":[{"@type":"SearchAction","target":{"@type":"EntryPoint","urlTemplate":"https:\/\/regiaonews.net.br\/2022\/?s={search_term_string}"},"query-input":{"@type":"PropertyValueSpecification","valueRequired":true,"valueName":"search_term_string"}}],"inLanguage":"pt-BR"},{"@type":"Organization","@id":"https:\/\/regiaonews.net.br\/2022\/#organization","name":"Regi\u00e3o News","url":"https:\/\/regiaonews.net.br\/2022\/","logo":{"@type":"ImageObject","inLanguage":"pt-BR","@id":"https:\/\/regiaonews.net.br\/2022\/#\/schema\/logo\/image\/","url":"https:\/\/regiaonews.net.br\/2022\/wp-content\/uploads\/2026\/03\/regiao-13-anos-scaled.jpg","contentUrl":"https:\/\/regiaonews.net.br\/2022\/wp-content\/uploads\/2026\/03\/regiao-13-anos-scaled.jpg","width":2560,"height":635,"caption":"Regi\u00e3o News"},"image":{"@id":"https:\/\/regiaonews.net.br\/2022\/#\/schema\/logo\/image\/"}},{"@type":"Person","@id":"https:\/\/regiaonews.net.br\/2022\/#\/schema\/person\/2d205a608a5aa97ac279d7a5e6d89ad8","name":"Roberto","image":{"@type":"ImageObject","inLanguage":"pt-BR","@id":"https:\/\/secure.gravatar.com\/avatar\/42749d8b712ff9d59ca93dc150494e5b55a44134482993f5baeb97e61b7ecc89?s=96&d=mm&r=g","url":"https:\/\/secure.gravatar.com\/avatar\/42749d8b712ff9d59ca93dc150494e5b55a44134482993f5baeb97e61b7ecc89?s=96&d=mm&r=g","contentUrl":"https:\/\/secure.gravatar.com\/avatar\/42749d8b712ff9d59ca93dc150494e5b55a44134482993f5baeb97e61b7ecc89?s=96&d=mm&r=g","caption":"Roberto"},"url":"https:\/\/regiaonews.net.br\/2022\/author\/roberto\/"}]}},"publishpress_future_action":{"enabled":false,"date":"2026-05-04 17:08:29","action":"change-status","newStatus":"draft","terms":[],"taxonomy":"category","extraData":[]},"publishpress_future_workflow_manual_trigger":{"enabledWorkflows":[]},"_links":{"self":[{"href":"https:\/\/regiaonews.net.br\/2022\/wp-json\/wp\/v2\/posts\/43619","targetHints":{"allow":["GET"]}}],"collection":[{"href":"https:\/\/regiaonews.net.br\/2022\/wp-json\/wp\/v2\/posts"}],"about":[{"href":"https:\/\/regiaonews.net.br\/2022\/wp-json\/wp\/v2\/types\/post"}],"author":[{"embeddable":true,"href":"https:\/\/regiaonews.net.br\/2022\/wp-json\/wp\/v2\/users\/2"}],"replies":[{"embeddable":true,"href":"https:\/\/regiaonews.net.br\/2022\/wp-json\/wp\/v2\/comments?post=43619"}],"version-history":[{"count":0,"href":"https:\/\/regiaonews.net.br\/2022\/wp-json\/wp\/v2\/posts\/43619\/revisions"}],"wp:featuredmedia":[{"embeddable":true,"href":"https:\/\/regiaonews.net.br\/2022\/wp-json\/wp\/v2\/media\/43620"}],"wp:attachment":[{"href":"https:\/\/regiaonews.net.br\/2022\/wp-json\/wp\/v2\/media?parent=43619"}],"wp:term":[{"taxonomy":"category","embeddable":true,"href":"https:\/\/regiaonews.net.br\/2022\/wp-json\/wp\/v2\/categories?post=43619"},{"taxonomy":"post_tag","embeddable":true,"href":"https:\/\/regiaonews.net.br\/2022\/wp-json\/wp\/v2\/tags?post=43619"}],"curies":[{"name":"wp","href":"https:\/\/api.w.org\/{rel}","templated":true}]}}