{"id":43594,"date":"2021-03-01T09:43:59","date_gmt":"2021-03-01T12:43:59","guid":{"rendered":"https:\/\/regiaonews.net.br\/2022\/?p=43594"},"modified":"2021-03-01T09:43:59","modified_gmt":"2021-03-01T12:43:59","slug":"fiscalizacao-interrompe-baile-da-terceira-idade-com-190-idosos-durante-toque-de-restricao-em-sp","status":"publish","type":"post","link":"https:\/\/regiaonews.net.br\/2022\/2021\/03\/01\/fiscalizacao-interrompe-baile-da-terceira-idade-com-190-idosos-durante-toque-de-restricao-em-sp\/","title":{"rendered":"Fiscaliza\u00e7\u00e3o interrompe baile da terceira idade com 190 idosos durante &#8216;toque de restri\u00e7\u00e3o&#8217; em SP"},"content":{"rendered":"<div class=\"mc-column content-text active-extra-styles \" data-block-type=\"unstyled\" data-block-weight=\"33\" data-block-id=\"2\">\n<p data-track-category=\"Link no Texto\" data-track-links=\"\"><a href=\"https:\/\/regiaonews.net.br\/2022\/wp-content\/uploads\/2021\/03\/fiscais.jpg\"><img loading=\"lazy\" decoding=\"async\" class=\"alignnone size-medium wp-image-43595\" src=\"https:\/\/regiaonews.net.br\/2022\/wp-content\/uploads\/2021\/03\/fiscais-300x141.jpg\" alt=\"\" width=\"300\" height=\"141\" \/><\/a><\/p>\n<p class=\"content-text__container \" data-track-category=\"Link no Texto\" data-track-links=\"\">Fiscais da Vigil\u00e2ncia Sanit\u00e1ria Estadual interromperam na madrugada deste domingo (28) um baile da terceira idade com mais de 190 idosos no bairro da Penha, na Zona Leste da cidade de S\u00e3o Paulo.<\/p>\n<\/div>\n<div class=\"wall protected-content\">\n<div class=\"mc-column content-text active-extra-styles \" data-block-type=\"unstyled\" data-block-weight=\"41\" data-block-id=\"3\">\n<p class=\"content-text__container \" data-track-category=\"Link no Texto\" data-track-links=\"\">A festa descumpria o chamado &#8220;toque de restri\u00e7\u00e3o&#8221;,<a href=\"https:\/\/g1.globo.com\/sp\/sao-paulo\/noticia\/2021\/02\/24\/governo-de-sp-determina-restricao-de-circulacao-das-23h-as-5h-em-todo-o-estado-a-partir-de-sexta-feira.ghtml\">\u00a0medida adotada pelo governo de S\u00e3o Paulo desde sexta-feira (26) com o objetivo de limitar a circula\u00e7\u00e3o de pessoas das 23h \u00e0s 5h<\/a>\u00a0para conter o avan\u00e7o do cont\u00e1gio pelo coronav\u00edrus.<\/p>\n<\/div>\n<div class=\"mc-column content-text active-extra-styles \" data-block-type=\"unstyled\" data-block-weight=\"24\" data-block-id=\"4\">\n<p class=\"content-text__container \" data-track-category=\"Link no Texto\" data-track-links=\"\">Os idosos fazem parte do grupo de risco pela Covid-19, representando mais de 70% das mortes pela doen\u00e7a no estado de S\u00e3o Paulo.<\/p>\n<\/div>\n<div class=\"mc-column content-text active-extra-styles\" data-block-type=\"raw\" data-block-weight=\"13\" data-block-id=\"5\">\n<p class=\"content-text__container\">\n<ul class=\"content-unordered-list\">\n<li><a href=\"https:\/\/g1.globo.com\/sp\/sao-paulo\/noticia\/2021\/02\/27\/estado-de-sp-tem-mais-de-7-mil-pacientes-internados-em-uti-com-covid-19-pela-primeira-vez-desde-inicio-da-pandemia.ghtml\">Estado de SP tem n\u00famero recorde de pacientes internados em UTI com Covid-19<\/a><\/li>\n<\/ul>\n<p>&nbsp;<\/p>\n<\/div>\n<div class=\"mc-column content-text active-extra-styles \" data-block-type=\"unstyled\" data-block-weight=\"61\" data-block-id=\"6\">\n<p class=\"content-text__container \" data-track-category=\"Link no Texto\" data-track-links=\"\">A nova medida adotada pelo governo estadual\u00a0<span class=\"highlight highlighted\">n\u00e3o tem o mesmo efeito proibitivo de um &#8220;lockdown&#8221;<\/span>, em que as pessoas n\u00e3o podem deixar suas casas. Segundo a gest\u00e3o Jo\u00e3o Doria (PSDB), o &#8220;toque de restri\u00e7\u00e3o&#8221; tem car\u00e1ter educativo para que a popula\u00e7\u00e3o respeite as restri\u00e7\u00f5es que j\u00e1 estavam em vigor no Plano S\u00e3o Paulo, que regula a quarentena no estado.<\/p>\n<\/div>\n<div class=\"mc-column content-text active-extra-styles \" data-block-type=\"unstyled\" data-block-weight=\"26\" data-block-id=\"7\">\n<p class=\"content-text__container \" data-track-category=\"Link no Texto\" data-track-links=\"\">O governo afirma que a fiscaliza\u00e7\u00e3o ser\u00e1 intensificada com blitze de a\u00e7\u00e3o conjunta entre Vigil\u00e2ncia Sanit\u00e1ria, Pol\u00edcia Militar e Procon-SP at\u00e9 o dia 14 de mar\u00e7o.<\/p>\n<\/div>\n<div class=\"mc-column content-text active-extra-styles \" data-block-type=\"unstyled\" data-block-weight=\"42\" data-block-id=\"8\">\n<p class=\"content-text__container \" data-track-category=\"Link no Texto\" data-track-links=\"\">De acordo com balan\u00e7o da Secretaria Estadual de Sa\u00fade, a opera\u00e7\u00e3o para fiscaliza\u00e7\u00e3o do cumprimento ao toque de restri\u00e7\u00e3o j\u00e1 resultou na<span class=\"highlight highlighted\">\u00a0autua\u00e7\u00e3o de pelo menos 46 estabelecimentos da capital, entre a noite de sexta-feira (26) e a madrugada deste domingo (28)<\/span>.<\/p>\n<p data-track-category=\"Link no Texto\" data-track-links=\"\">FONTE : G1<\/p>\n<\/div>\n<\/div>\n","protected":false},"excerpt":{"rendered":"<p>Fiscais da Vigil\u00e2ncia Sanit\u00e1ria Estadual interromperam na madrugada deste domingo<\/p>\n","protected":false},"author":2,"featured_media":43595,"comment_status":"open","ping_status":"open","sticky":false,"template":"","format":"standard","meta":{"footnotes":""},"categories":[25,7],"tags":[],"class_list":["post-43594","post","type-post","status-publish","format-standard","has-post-thumbnail","hentry","category-cidades","category-estado-de-sao-paulo"],"yoast_head":"<!-- This site is optimized with the Yoast SEO plugin v27.4 - https:\/\/yoast.com\/product\/yoast-seo-wordpress\/ -->\n<title>Fiscaliza\u00e7\u00e3o interrompe baile da terceira idade com 190 idosos durante &#039;toque de restri\u00e7\u00e3o&#039; em SP - Regi\u00e3o News<\/title>\n<meta name=\"robots\" content=\"index, follow, max-snippet:-1, max-image-preview:large, max-video-preview:-1\" \/>\n<link rel=\"canonical\" href=\"https:\/\/regiaonews.net.br\/2022\/2021\/03\/01\/fiscalizacao-interrompe-baile-da-terceira-idade-com-190-idosos-durante-toque-de-restricao-em-sp\/\" \/>\n<meta property=\"og:locale\" content=\"pt_BR\" \/>\n<meta property=\"og:type\" content=\"article\" \/>\n<meta property=\"og:title\" content=\"Fiscaliza\u00e7\u00e3o interrompe baile da terceira idade com 190 idosos durante &#039;toque de restri\u00e7\u00e3o&#039; em SP - Regi\u00e3o News\" \/>\n<meta property=\"og:description\" content=\"Fiscais da Vigil\u00e2ncia Sanit\u00e1ria Estadual interromperam na madrugada deste domingo\" \/>\n<meta property=\"og:url\" content=\"https:\/\/regiaonews.net.br\/2022\/2021\/03\/01\/fiscalizacao-interrompe-baile-da-terceira-idade-com-190-idosos-durante-toque-de-restricao-em-sp\/\" \/>\n<meta property=\"og:site_name\" content=\"Regi\u00e3o News\" \/>\n<meta property=\"article:published_time\" content=\"2021-03-01T12:43:59+00:00\" \/>\n<meta property=\"og:image\" content=\"https:\/\/regiaonews.net.br\/2022\/wp-content\/uploads\/2021\/03\/fiscais.jpg\" \/>\n\t<meta property=\"og:image:width\" content=\"984\" \/>\n\t<meta property=\"og:image:height\" content=\"463\" \/>\n\t<meta property=\"og:image:type\" content=\"image\/jpeg\" \/>\n<meta name=\"author\" content=\"Roberto\" \/>\n<meta name=\"twitter:card\" content=\"summary_large_image\" \/>\n<meta name=\"twitter:label1\" content=\"Escrito por\" \/>\n\t<meta name=\"twitter:data1\" content=\"Roberto\" \/>\n\t<meta name=\"twitter:label2\" content=\"Est. tempo de leitura\" \/>\n\t<meta name=\"twitter:data2\" content=\"1 minuto\" \/>\n<script type=\"application\/ld+json\" class=\"yoast-schema-graph\">{\"@context\":\"https:\\\/\\\/schema.org\",\"@graph\":[{\"@type\":\"Article\",\"@id\":\"https:\\\/\\\/regiaonews.net.br\\\/2022\\\/2021\\\/03\\\/01\\\/fiscalizacao-interrompe-baile-da-terceira-idade-com-190-idosos-durante-toque-de-restricao-em-sp\\\/#article\",\"isPartOf\":{\"@id\":\"https:\\\/\\\/regiaonews.net.br\\\/2022\\\/2021\\\/03\\\/01\\\/fiscalizacao-interrompe-baile-da-terceira-idade-com-190-idosos-durante-toque-de-restricao-em-sp\\\/\"},\"author\":{\"name\":\"Roberto\",\"@id\":\"https:\\\/\\\/regiaonews.net.br\\\/2022\\\/#\\\/schema\\\/person\\\/2d205a608a5aa97ac279d7a5e6d89ad8\"},\"headline\":\"Fiscaliza\u00e7\u00e3o interrompe baile da terceira idade com 190 idosos durante &#8216;toque de restri\u00e7\u00e3o&#8217; em SP\",\"datePublished\":\"2021-03-01T12:43:59+00:00\",\"mainEntityOfPage\":{\"@id\":\"https:\\\/\\\/regiaonews.net.br\\\/2022\\\/2021\\\/03\\\/01\\\/fiscalizacao-interrompe-baile-da-terceira-idade-com-190-idosos-durante-toque-de-restricao-em-sp\\\/\"},\"wordCount\":280,\"commentCount\":0,\"publisher\":{\"@id\":\"https:\\\/\\\/regiaonews.net.br\\\/2022\\\/#organization\"},\"image\":{\"@id\":\"https:\\\/\\\/regiaonews.net.br\\\/2022\\\/2021\\\/03\\\/01\\\/fiscalizacao-interrompe-baile-da-terceira-idade-com-190-idosos-durante-toque-de-restricao-em-sp\\\/#primaryimage\"},\"thumbnailUrl\":\"https:\\\/\\\/regiaonews.net.br\\\/2022\\\/wp-content\\\/uploads\\\/2021\\\/03\\\/fiscais.jpg\",\"articleSection\":[\"Cidades\",\"Estado de S\u00e3o Paulo\"],\"inLanguage\":\"pt-BR\",\"potentialAction\":[{\"@type\":\"CommentAction\",\"name\":\"Comment\",\"target\":[\"https:\\\/\\\/regiaonews.net.br\\\/2022\\\/2021\\\/03\\\/01\\\/fiscalizacao-interrompe-baile-da-terceira-idade-com-190-idosos-durante-toque-de-restricao-em-sp\\\/#respond\"]}]},{\"@type\":\"WebPage\",\"@id\":\"https:\\\/\\\/regiaonews.net.br\\\/2022\\\/2021\\\/03\\\/01\\\/fiscalizacao-interrompe-baile-da-terceira-idade-com-190-idosos-durante-toque-de-restricao-em-sp\\\/\",\"url\":\"https:\\\/\\\/regiaonews.net.br\\\/2022\\\/2021\\\/03\\\/01\\\/fiscalizacao-interrompe-baile-da-terceira-idade-com-190-idosos-durante-toque-de-restricao-em-sp\\\/\",\"name\":\"Fiscaliza\u00e7\u00e3o interrompe baile da terceira idade com 190 idosos durante 'toque de restri\u00e7\u00e3o' em SP - Regi\u00e3o News\",\"isPartOf\":{\"@id\":\"https:\\\/\\\/regiaonews.net.br\\\/2022\\\/#website\"},\"primaryImageOfPage\":{\"@id\":\"https:\\\/\\\/regiaonews.net.br\\\/2022\\\/2021\\\/03\\\/01\\\/fiscalizacao-interrompe-baile-da-terceira-idade-com-190-idosos-durante-toque-de-restricao-em-sp\\\/#primaryimage\"},\"image\":{\"@id\":\"https:\\\/\\\/regiaonews.net.br\\\/2022\\\/2021\\\/03\\\/01\\\/fiscalizacao-interrompe-baile-da-terceira-idade-com-190-idosos-durante-toque-de-restricao-em-sp\\\/#primaryimage\"},\"thumbnailUrl\":\"https:\\\/\\\/regiaonews.net.br\\\/2022\\\/wp-content\\\/uploads\\\/2021\\\/03\\\/fiscais.jpg\",\"datePublished\":\"2021-03-01T12:43:59+00:00\",\"breadcrumb\":{\"@id\":\"https:\\\/\\\/regiaonews.net.br\\\/2022\\\/2021\\\/03\\\/01\\\/fiscalizacao-interrompe-baile-da-terceira-idade-com-190-idosos-durante-toque-de-restricao-em-sp\\\/#breadcrumb\"},\"inLanguage\":\"pt-BR\",\"potentialAction\":[{\"@type\":\"ReadAction\",\"target\":[\"https:\\\/\\\/regiaonews.net.br\\\/2022\\\/2021\\\/03\\\/01\\\/fiscalizacao-interrompe-baile-da-terceira-idade-com-190-idosos-durante-toque-de-restricao-em-sp\\\/\"]}]},{\"@type\":\"ImageObject\",\"inLanguage\":\"pt-BR\",\"@id\":\"https:\\\/\\\/regiaonews.net.br\\\/2022\\\/2021\\\/03\\\/01\\\/fiscalizacao-interrompe-baile-da-terceira-idade-com-190-idosos-durante-toque-de-restricao-em-sp\\\/#primaryimage\",\"url\":\"https:\\\/\\\/regiaonews.net.br\\\/2022\\\/wp-content\\\/uploads\\\/2021\\\/03\\\/fiscais.jpg\",\"contentUrl\":\"https:\\\/\\\/regiaonews.net.br\\\/2022\\\/wp-content\\\/uploads\\\/2021\\\/03\\\/fiscais.jpg\",\"width\":984,\"height\":463},{\"@type\":\"BreadcrumbList\",\"@id\":\"https:\\\/\\\/regiaonews.net.br\\\/2022\\\/2021\\\/03\\\/01\\\/fiscalizacao-interrompe-baile-da-terceira-idade-com-190-idosos-durante-toque-de-restricao-em-sp\\\/#breadcrumb\",\"itemListElement\":[{\"@type\":\"ListItem\",\"position\":1,\"name\":\"In\u00edcio\",\"item\":\"https:\\\/\\\/regiaonews.net.br\\\/2022\\\/\"},{\"@type\":\"ListItem\",\"position\":2,\"name\":\"Fiscaliza\u00e7\u00e3o interrompe baile da terceira idade com 190 idosos durante &#8216;toque de restri\u00e7\u00e3o&#8217; em SP\"}]},{\"@type\":\"WebSite\",\"@id\":\"https:\\\/\\\/regiaonews.net.br\\\/2022\\\/#website\",\"url\":\"https:\\\/\\\/regiaonews.net.br\\\/2022\\\/\",\"name\":\"Regi\u00e3o News\",\"description\":\"Site de Not\u00edcias de Barretos e regi\u00e3o\",\"publisher\":{\"@id\":\"https:\\\/\\\/regiaonews.net.br\\\/2022\\\/#organization\"},\"potentialAction\":[{\"@type\":\"SearchAction\",\"target\":{\"@type\":\"EntryPoint\",\"urlTemplate\":\"https:\\\/\\\/regiaonews.net.br\\\/2022\\\/?s={search_term_string}\"},\"query-input\":{\"@type\":\"PropertyValueSpecification\",\"valueRequired\":true,\"valueName\":\"search_term_string\"}}],\"inLanguage\":\"pt-BR\"},{\"@type\":\"Organization\",\"@id\":\"https:\\\/\\\/regiaonews.net.br\\\/2022\\\/#organization\",\"name\":\"Regi\u00e3o News\",\"url\":\"https:\\\/\\\/regiaonews.net.br\\\/2022\\\/\",\"logo\":{\"@type\":\"ImageObject\",\"inLanguage\":\"pt-BR\",\"@id\":\"https:\\\/\\\/regiaonews.net.br\\\/2022\\\/#\\\/schema\\\/logo\\\/image\\\/\",\"url\":\"https:\\\/\\\/regiaonews.net.br\\\/2022\\\/wp-content\\\/uploads\\\/2026\\\/03\\\/regiao-13-anos-scaled.jpg\",\"contentUrl\":\"https:\\\/\\\/regiaonews.net.br\\\/2022\\\/wp-content\\\/uploads\\\/2026\\\/03\\\/regiao-13-anos-scaled.jpg\",\"width\":2560,\"height\":635,\"caption\":\"Regi\u00e3o News\"},\"image\":{\"@id\":\"https:\\\/\\\/regiaonews.net.br\\\/2022\\\/#\\\/schema\\\/logo\\\/image\\\/\"}},{\"@type\":\"Person\",\"@id\":\"https:\\\/\\\/regiaonews.net.br\\\/2022\\\/#\\\/schema\\\/person\\\/2d205a608a5aa97ac279d7a5e6d89ad8\",\"name\":\"Roberto\",\"image\":{\"@type\":\"ImageObject\",\"inLanguage\":\"pt-BR\",\"@id\":\"https:\\\/\\\/secure.gravatar.com\\\/avatar\\\/42749d8b712ff9d59ca93dc150494e5b55a44134482993f5baeb97e61b7ecc89?s=96&d=mm&r=g\",\"url\":\"https:\\\/\\\/secure.gravatar.com\\\/avatar\\\/42749d8b712ff9d59ca93dc150494e5b55a44134482993f5baeb97e61b7ecc89?s=96&d=mm&r=g\",\"contentUrl\":\"https:\\\/\\\/secure.gravatar.com\\\/avatar\\\/42749d8b712ff9d59ca93dc150494e5b55a44134482993f5baeb97e61b7ecc89?s=96&d=mm&r=g\",\"caption\":\"Roberto\"},\"url\":\"https:\\\/\\\/regiaonews.net.br\\\/2022\\\/author\\\/roberto\\\/\"}]}<\/script>\n<!-- \/ Yoast SEO plugin. -->","yoast_head_json":{"title":"Fiscaliza\u00e7\u00e3o interrompe baile da terceira idade com 190 idosos durante 'toque de restri\u00e7\u00e3o' em SP - Regi\u00e3o News","robots":{"index":"index","follow":"follow","max-snippet":"max-snippet:-1","max-image-preview":"max-image-preview:large","max-video-preview":"max-video-preview:-1"},"canonical":"https:\/\/regiaonews.net.br\/2022\/2021\/03\/01\/fiscalizacao-interrompe-baile-da-terceira-idade-com-190-idosos-durante-toque-de-restricao-em-sp\/","og_locale":"pt_BR","og_type":"article","og_title":"Fiscaliza\u00e7\u00e3o interrompe baile da terceira idade com 190 idosos durante 'toque de restri\u00e7\u00e3o' em SP - Regi\u00e3o News","og_description":"Fiscais da Vigil\u00e2ncia Sanit\u00e1ria Estadual interromperam na madrugada deste domingo","og_url":"https:\/\/regiaonews.net.br\/2022\/2021\/03\/01\/fiscalizacao-interrompe-baile-da-terceira-idade-com-190-idosos-durante-toque-de-restricao-em-sp\/","og_site_name":"Regi\u00e3o News","article_published_time":"2021-03-01T12:43:59+00:00","og_image":[{"width":984,"height":463,"url":"https:\/\/regiaonews.net.br\/2022\/wp-content\/uploads\/2021\/03\/fiscais.jpg","type":"image\/jpeg"}],"author":"Roberto","twitter_card":"summary_large_image","twitter_misc":{"Escrito por":"Roberto","Est. tempo de leitura":"1 minuto"},"schema":{"@context":"https:\/\/schema.org","@graph":[{"@type":"Article","@id":"https:\/\/regiaonews.net.br\/2022\/2021\/03\/01\/fiscalizacao-interrompe-baile-da-terceira-idade-com-190-idosos-durante-toque-de-restricao-em-sp\/#article","isPartOf":{"@id":"https:\/\/regiaonews.net.br\/2022\/2021\/03\/01\/fiscalizacao-interrompe-baile-da-terceira-idade-com-190-idosos-durante-toque-de-restricao-em-sp\/"},"author":{"name":"Roberto","@id":"https:\/\/regiaonews.net.br\/2022\/#\/schema\/person\/2d205a608a5aa97ac279d7a5e6d89ad8"},"headline":"Fiscaliza\u00e7\u00e3o interrompe baile da terceira idade com 190 idosos durante &#8216;toque de restri\u00e7\u00e3o&#8217; em SP","datePublished":"2021-03-01T12:43:59+00:00","mainEntityOfPage":{"@id":"https:\/\/regiaonews.net.br\/2022\/2021\/03\/01\/fiscalizacao-interrompe-baile-da-terceira-idade-com-190-idosos-durante-toque-de-restricao-em-sp\/"},"wordCount":280,"commentCount":0,"publisher":{"@id":"https:\/\/regiaonews.net.br\/2022\/#organization"},"image":{"@id":"https:\/\/regiaonews.net.br\/2022\/2021\/03\/01\/fiscalizacao-interrompe-baile-da-terceira-idade-com-190-idosos-durante-toque-de-restricao-em-sp\/#primaryimage"},"thumbnailUrl":"https:\/\/regiaonews.net.br\/2022\/wp-content\/uploads\/2021\/03\/fiscais.jpg","articleSection":["Cidades","Estado de S\u00e3o Paulo"],"inLanguage":"pt-BR","potentialAction":[{"@type":"CommentAction","name":"Comment","target":["https:\/\/regiaonews.net.br\/2022\/2021\/03\/01\/fiscalizacao-interrompe-baile-da-terceira-idade-com-190-idosos-durante-toque-de-restricao-em-sp\/#respond"]}]},{"@type":"WebPage","@id":"https:\/\/regiaonews.net.br\/2022\/2021\/03\/01\/fiscalizacao-interrompe-baile-da-terceira-idade-com-190-idosos-durante-toque-de-restricao-em-sp\/","url":"https:\/\/regiaonews.net.br\/2022\/2021\/03\/01\/fiscalizacao-interrompe-baile-da-terceira-idade-com-190-idosos-durante-toque-de-restricao-em-sp\/","name":"Fiscaliza\u00e7\u00e3o interrompe baile da terceira idade com 190 idosos durante 'toque de restri\u00e7\u00e3o' em SP - Regi\u00e3o News","isPartOf":{"@id":"https:\/\/regiaonews.net.br\/2022\/#website"},"primaryImageOfPage":{"@id":"https:\/\/regiaonews.net.br\/2022\/2021\/03\/01\/fiscalizacao-interrompe-baile-da-terceira-idade-com-190-idosos-durante-toque-de-restricao-em-sp\/#primaryimage"},"image":{"@id":"https:\/\/regiaonews.net.br\/2022\/2021\/03\/01\/fiscalizacao-interrompe-baile-da-terceira-idade-com-190-idosos-durante-toque-de-restricao-em-sp\/#primaryimage"},"thumbnailUrl":"https:\/\/regiaonews.net.br\/2022\/wp-content\/uploads\/2021\/03\/fiscais.jpg","datePublished":"2021-03-01T12:43:59+00:00","breadcrumb":{"@id":"https:\/\/regiaonews.net.br\/2022\/2021\/03\/01\/fiscalizacao-interrompe-baile-da-terceira-idade-com-190-idosos-durante-toque-de-restricao-em-sp\/#breadcrumb"},"inLanguage":"pt-BR","potentialAction":[{"@type":"ReadAction","target":["https:\/\/regiaonews.net.br\/2022\/2021\/03\/01\/fiscalizacao-interrompe-baile-da-terceira-idade-com-190-idosos-durante-toque-de-restricao-em-sp\/"]}]},{"@type":"ImageObject","inLanguage":"pt-BR","@id":"https:\/\/regiaonews.net.br\/2022\/2021\/03\/01\/fiscalizacao-interrompe-baile-da-terceira-idade-com-190-idosos-durante-toque-de-restricao-em-sp\/#primaryimage","url":"https:\/\/regiaonews.net.br\/2022\/wp-content\/uploads\/2021\/03\/fiscais.jpg","contentUrl":"https:\/\/regiaonews.net.br\/2022\/wp-content\/uploads\/2021\/03\/fiscais.jpg","width":984,"height":463},{"@type":"BreadcrumbList","@id":"https:\/\/regiaonews.net.br\/2022\/2021\/03\/01\/fiscalizacao-interrompe-baile-da-terceira-idade-com-190-idosos-durante-toque-de-restricao-em-sp\/#breadcrumb","itemListElement":[{"@type":"ListItem","position":1,"name":"In\u00edcio","item":"https:\/\/regiaonews.net.br\/2022\/"},{"@type":"ListItem","position":2,"name":"Fiscaliza\u00e7\u00e3o interrompe baile da terceira idade com 190 idosos durante &#8216;toque de restri\u00e7\u00e3o&#8217; em SP"}]},{"@type":"WebSite","@id":"https:\/\/regiaonews.net.br\/2022\/#website","url":"https:\/\/regiaonews.net.br\/2022\/","name":"Regi\u00e3o News","description":"Site de Not\u00edcias de Barretos e regi\u00e3o","publisher":{"@id":"https:\/\/regiaonews.net.br\/2022\/#organization"},"potentialAction":[{"@type":"SearchAction","target":{"@type":"EntryPoint","urlTemplate":"https:\/\/regiaonews.net.br\/2022\/?s={search_term_string}"},"query-input":{"@type":"PropertyValueSpecification","valueRequired":true,"valueName":"search_term_string"}}],"inLanguage":"pt-BR"},{"@type":"Organization","@id":"https:\/\/regiaonews.net.br\/2022\/#organization","name":"Regi\u00e3o News","url":"https:\/\/regiaonews.net.br\/2022\/","logo":{"@type":"ImageObject","inLanguage":"pt-BR","@id":"https:\/\/regiaonews.net.br\/2022\/#\/schema\/logo\/image\/","url":"https:\/\/regiaonews.net.br\/2022\/wp-content\/uploads\/2026\/03\/regiao-13-anos-scaled.jpg","contentUrl":"https:\/\/regiaonews.net.br\/2022\/wp-content\/uploads\/2026\/03\/regiao-13-anos-scaled.jpg","width":2560,"height":635,"caption":"Regi\u00e3o News"},"image":{"@id":"https:\/\/regiaonews.net.br\/2022\/#\/schema\/logo\/image\/"}},{"@type":"Person","@id":"https:\/\/regiaonews.net.br\/2022\/#\/schema\/person\/2d205a608a5aa97ac279d7a5e6d89ad8","name":"Roberto","image":{"@type":"ImageObject","inLanguage":"pt-BR","@id":"https:\/\/secure.gravatar.com\/avatar\/42749d8b712ff9d59ca93dc150494e5b55a44134482993f5baeb97e61b7ecc89?s=96&d=mm&r=g","url":"https:\/\/secure.gravatar.com\/avatar\/42749d8b712ff9d59ca93dc150494e5b55a44134482993f5baeb97e61b7ecc89?s=96&d=mm&r=g","contentUrl":"https:\/\/secure.gravatar.com\/avatar\/42749d8b712ff9d59ca93dc150494e5b55a44134482993f5baeb97e61b7ecc89?s=96&d=mm&r=g","caption":"Roberto"},"url":"https:\/\/regiaonews.net.br\/2022\/author\/roberto\/"}]}},"publishpress_future_action":{"enabled":false,"date":"2026-05-04 06:26:50","action":"change-status","newStatus":"draft","terms":[],"taxonomy":"category","extraData":[]},"publishpress_future_workflow_manual_trigger":{"enabledWorkflows":[]},"_links":{"self":[{"href":"https:\/\/regiaonews.net.br\/2022\/wp-json\/wp\/v2\/posts\/43594","targetHints":{"allow":["GET"]}}],"collection":[{"href":"https:\/\/regiaonews.net.br\/2022\/wp-json\/wp\/v2\/posts"}],"about":[{"href":"https:\/\/regiaonews.net.br\/2022\/wp-json\/wp\/v2\/types\/post"}],"author":[{"embeddable":true,"href":"https:\/\/regiaonews.net.br\/2022\/wp-json\/wp\/v2\/users\/2"}],"replies":[{"embeddable":true,"href":"https:\/\/regiaonews.net.br\/2022\/wp-json\/wp\/v2\/comments?post=43594"}],"version-history":[{"count":0,"href":"https:\/\/regiaonews.net.br\/2022\/wp-json\/wp\/v2\/posts\/43594\/revisions"}],"wp:featuredmedia":[{"embeddable":true,"href":"https:\/\/regiaonews.net.br\/2022\/wp-json\/wp\/v2\/media\/43595"}],"wp:attachment":[{"href":"https:\/\/regiaonews.net.br\/2022\/wp-json\/wp\/v2\/media?parent=43594"}],"wp:term":[{"taxonomy":"category","embeddable":true,"href":"https:\/\/regiaonews.net.br\/2022\/wp-json\/wp\/v2\/categories?post=43594"},{"taxonomy":"post_tag","embeddable":true,"href":"https:\/\/regiaonews.net.br\/2022\/wp-json\/wp\/v2\/tags?post=43594"}],"curies":[{"name":"wp","href":"https:\/\/api.w.org\/{rel}","templated":true}]}}