{"id":43589,"date":"2021-02-28T14:35:16","date_gmt":"2021-02-28T17:35:16","guid":{"rendered":"https:\/\/regiaonews.net.br\/2022\/?p=43589"},"modified":"2021-02-28T14:35:16","modified_gmt":"2021-02-28T17:35:16","slug":"primeiro-satelite-100-brasileiro-amazonia-1-e-lancado-ao-espaco","status":"publish","type":"post","link":"https:\/\/regiaonews.net.br\/2022\/2021\/02\/28\/primeiro-satelite-100-brasileiro-amazonia-1-e-lancado-ao-espaco\/","title":{"rendered":"Primeiro sat\u00e9lite 100% brasileiro, Amaz\u00f4nia-1 \u00e9 lan\u00e7ado ao espa\u00e7o"},"content":{"rendered":"<p>O primeiro sat\u00e9lite 100% brasileiro, o Amaz\u00f4nia-1, foi lan\u00e7ado com sucesso ao espa\u00e7o na madrugada deste domingo (28), transportado \u00e0 \u00f3rbita terrestre pelo foguete indiano PSLV-51. O sat\u00e9lite partiu do Centro Espacial Satish Dhawan, em Sriharioka Andhra Pradresh, na \u00cdndia, \u00e0s 1h54 (hor\u00e1rio de Bras\u00edlia).<\/p>\n<p>Atualmente, outros dois sat\u00e9lites brasileiros de sensoriamento remoto j\u00e1 est\u00e3o em opera\u00e7\u00e3o no espa\u00e7o: o CBERS-4 e o CBERS-04A, lan\u00e7ados em 2014 e 2019, respectivamente. Diferentemente do Amaz\u00f4nia -1, no entanto, ambos os equipamentos de explora\u00e7\u00e3o espacial foram desenvolvidos em parceria com a China, em uma propor\u00e7\u00e3o de 50% para cada pa\u00eds.<\/p>\n<p>&#8220;O Amaz\u00f4nia-1 \u00e9 o primeiro sat\u00e9lite exclusivamente brasileiro, tendo sido integralmente concebido, projetado, desenvolvido, integrado, testado, e em breve, operado pelo Brasil&#8221;, afirma a diretora substituta do Inpe (Instituto Nacional de Pesquisas Espaciais), M\u00f4nica Rocha.<\/p>\n<p>&#8220;A import\u00e2ncia do feito passa por duas principais quest\u00f5es: a capacidade do Brasil de realizar uma importante tarefa de forma totalmente aut\u00f4noma e de ter o dom\u00ednio do ciclo completo de produ\u00e7\u00e3o de um sat\u00e9lite desse porte \u2014 640 quilos e 2,5m de altura \u2014, o que coloca o pa\u00eds em um grupo de menos de 20 pa\u00edses com essa compet\u00eancia&#8221;, completa.<\/p>\n<div class=\"toolkit-image-container media_box full-dimensions771x420\">\n<div class=\"toolkit-image-container__edges edges\">\n<div id=\"standard_2\" class=\"st-placement standard_2 inImage\">\n<div class=\"st-adunit st-reset st-show\">\n<div class=\"st-adunit-ad st-reset\">\n<div class=\"st-display-render st-reset\">\n<div class=\"st-reset\">\n<div class=\"important-styled st-canvas-container direct HorizontalQuarter in-image-display fssquz2\">\n<div class=\"important-styled st-canvas-el fhxwyqa\">\n<div class=\"important-styled st-canvas-container undefined fssquz2\">\n<div class=\"important-styled st-canvas-el f37pgnr\">\n<div class=\"important-styled st-canvas-container undefined fssquz2\">\n<div class=\"important-styled st-canvas-el fhxwyqa\">\n<div class=\"important-styled f15wnhdz\">\n<div class=\"important-styled display-render-wrapper f15wnhdz\"><a href=\"https:\/\/regiaonews.net.br\/2022\/wp-content\/uploads\/2021\/02\/foguete-satelite-amazonia-27022021212209238.jpeg\"><img loading=\"lazy\" decoding=\"async\" class=\"alignnone size-medium wp-image-43590\" src=\"https:\/\/regiaonews.net.br\/2022\/wp-content\/uploads\/2021\/02\/foguete-satelite-amazonia-27022021212209238-300x163.jpeg\" alt=\"\" width=\"300\" height=\"163\" \/><\/a><\/div>\n<\/div>\n<\/div>\n<\/div>\n<\/div>\n<\/div>\n<\/div>\n<\/div>\n<\/div>\n<\/div>\n<\/div>\n<\/div>\n<\/div>\n<div class=\"gallery_link\"><\/div>\n<\/div>\n<div class=\"toolkit-image-container__info content_image\" data-dimensions=\"771x420\">\n<h4 class=\"toolkit-image-container__caption legend_box  \">Foguete lan\u00e7ado na \u00cdndia leva o sat\u00e9lite brasileiro ao espa\u00e7o<\/h4>\n<p><span class=\"toolkit-image-container__credit credit_box \">DIVULGA\u00c7\u00c3O\/ISRO<\/span><\/div>\n<\/div>\n<p>Isso inclui integrar, testar e acompanhar o lan\u00e7amento, realizar as manobras iniciais para o posicionamento do Amaz\u00f4nia-1 na \u00f3rbita correta, verificar o funcionamento adequado de todos os equipamentos e subsistemas, realizar a opera\u00e7\u00e3o durante a vida do \u00fatil do sat\u00e9lite \u2014 que \u00e9 de pelo menos quatro anos \u2014 e, por fim, promover sua retirada de \u00f3rbita, ao t\u00e9rmino da miss\u00e3o.<\/p>\n<p class=\"r7ad-intextvideo\">\n<p>A importante tarefa do novo sat\u00e9lite \u00e9 monitorar desmatamento na regi\u00e3o amaz\u00f4nica e o desenvolvimento da agricultura em todo o territ\u00f3rio nacional. Para isso, o equipamento de explora\u00e7\u00e3o espacial ser\u00e1 colocado em uma \u00f3rbita sol-sincrona \u2014 isto \u00e9, que permite passagens sucessivas sobre o mesmo ponto da Terra \u00e0 mesma hora solar \u2014 a uma altura de 760km e cruzar\u00e1 a Linha do Equador no sentido Norte-Sul \u00e0s 10h30 do hor\u00e1rio local, viajando a uma velocidade de quase 27 mil quil\u00f4metros por hora.<\/p>\n<p>A essa velocidade, o sat\u00e9lite levar\u00e1 apenas cem minutos para dar uma volta na Terra, permitindo com que ele obtenha imagens de qualquer ponto do planeta a cada cinco dias. Conjuntamente, o CBERS-4 e CBERS-04A ir\u00e3o promover imagens recorrentes do territ\u00f3rio brasileiro a cada dois ou tr\u00eas dias.<\/p>\n<div class=\"toolkit-image-container media_box full-dimensions771x420\">\n<div class=\"toolkit-image-container__edges edges\">\n<div id=\"standard_3_child_1\" class=\"st-placement standard_3_child_1 inImage\">\n<div class=\"st-adunit st-reset st-show\">\n<div class=\"st-adunit-ad st-reset\">\n<div class=\"st-display-render st-reset\">\n<div class=\"st-reset\">\n<div class=\"important-styled st-canvas-container direct HorizontalQuarter in-image-display fssquz2\">\n<div class=\"important-styled st-canvas-el fhxwyqa\">\n<div class=\"important-styled st-canvas-container undefined fssquz2\">\n<div class=\"important-styled st-canvas-el f37pgnr\">\n<div class=\"important-styled st-canvas-container undefined fssquz2\">\n<div class=\"important-styled st-canvas-el fhxwyqa\">\n<div class=\"important-styled f15wnhdz\">\n<div class=\"important-styled display-render-wrapper f15wnhdz\"><a href=\"https:\/\/regiaonews.net.br\/2022\/wp-content\/uploads\/2021\/02\/satelite-amazonia-1-26022021113552659.jpeg\"><img loading=\"lazy\" decoding=\"async\" class=\"alignnone size-medium wp-image-43591\" src=\"https:\/\/regiaonews.net.br\/2022\/wp-content\/uploads\/2021\/02\/satelite-amazonia-1-26022021113552659-300x163.jpeg\" alt=\"\" width=\"300\" height=\"163\" \/><\/a><\/div>\n<\/div>\n<\/div>\n<\/div>\n<\/div>\n<\/div>\n<\/div>\n<\/div>\n<\/div>\n<\/div>\n<\/div>\n<\/div>\n<\/div>\n<div class=\"gallery_link\"><\/div>\n<\/div>\n<div class=\"toolkit-image-container__info content_image\" data-dimensions=\"771x420\">\n<h4 class=\"toolkit-image-container__caption legend_box  \">Sat\u00e9lite Amaz\u00f4nia-1<\/h4>\n<p><span class=\"toolkit-image-container__credit credit_box \">INPE<\/span><\/div>\n<\/div>\n<p>&#8220;Os dados estar\u00e3o dispon\u00edveis gratuitamente para a comunidade cient\u00edfica, \u00f3rg\u00e3os governamentais, empresas e quaisquer usu\u00e1rios interessados em uma melhor compreens\u00e3o do ambiente terrestre&#8221;, diz a diretora substituta do Inpe.<\/p>\n<div class=\"teads-inread sm-screen teads-display-format\">\n<div class=\"teads-ui-components-label\"><\/div>\n<div class=\"teads-display-absolute\"><\/div>\n<div id=\"teads0\" class=\"teads-player\"><\/div>\n<\/div>\n<p>M\u00f4nica ressalta que, em raz\u00e3o da pol\u00edtica brasileira de livre distribui\u00e7\u00e3o de imagens de sat\u00e9lites, que tem sido praticada desde o in\u00edcio dos anos 2000, o Brasil \u00e9 hoje um dos maiores distribuidores de imagens de sat\u00e9lites gratuitas do mundo.<\/p>\n<p>O ministro de Ci\u00eancia e Tecnologia, Marcos Pontes, acompanhou desde o Centro Espacial de Satish Dhawan, na \u00cdndia. O primeiro astronauta brasileiro festejou o sucesso do lan\u00e7amento. &#8220;Este \u00e9 o resultado do esfor\u00e7o de muitas pessoas, que por muitos anos trabalharam no desenvolvendo do sat\u00e9lite Amaz\u00f4nia-1&#8221;, afirmou.<\/p>\n<p>&#8220;O lan\u00e7amento de hoje representa para o Brasil o in\u00edcio de uma nova era para a ind\u00fastria de produ\u00e7\u00e3o de sat\u00e9lites e para o desenvolvimento aeroespacial&#8221;, completou o ministro Marcos Pontes.<\/p>\n<p>fonte : R7<\/p>\n","protected":false},"excerpt":{"rendered":"<p>O primeiro sat\u00e9lite 100% brasileiro, o Amaz\u00f4nia-1, foi lan\u00e7ado com<\/p>\n","protected":false},"author":2,"featured_media":43592,"comment_status":"open","ping_status":"open","sticky":false,"template":"","format":"standard","meta":{"footnotes":""},"categories":[24,25],"tags":[],"class_list":["post-43589","post","type-post","status-publish","format-standard","has-post-thumbnail","hentry","category-brasil","category-cidades"],"yoast_head":"<!-- This site is optimized with the Yoast SEO plugin v27.4 - https:\/\/yoast.com\/product\/yoast-seo-wordpress\/ -->\n<title>Primeiro sat\u00e9lite 100% brasileiro, Amaz\u00f4nia-1 \u00e9 lan\u00e7ado ao espa\u00e7o - Regi\u00e3o News<\/title>\n<meta name=\"robots\" content=\"index, follow, max-snippet:-1, max-image-preview:large, max-video-preview:-1\" \/>\n<link rel=\"canonical\" href=\"https:\/\/regiaonews.net.br\/2022\/2021\/02\/28\/primeiro-satelite-100-brasileiro-amazonia-1-e-lancado-ao-espaco\/\" \/>\n<meta property=\"og:locale\" content=\"pt_BR\" \/>\n<meta property=\"og:type\" content=\"article\" \/>\n<meta property=\"og:title\" content=\"Primeiro sat\u00e9lite 100% brasileiro, Amaz\u00f4nia-1 \u00e9 lan\u00e7ado ao espa\u00e7o - Regi\u00e3o News\" \/>\n<meta property=\"og:description\" content=\"O primeiro sat\u00e9lite 100% brasileiro, o Amaz\u00f4nia-1, foi lan\u00e7ado com\" \/>\n<meta property=\"og:url\" content=\"https:\/\/regiaonews.net.br\/2022\/2021\/02\/28\/primeiro-satelite-100-brasileiro-amazonia-1-e-lancado-ao-espaco\/\" \/>\n<meta property=\"og:site_name\" content=\"Regi\u00e3o News\" \/>\n<meta property=\"article:published_time\" content=\"2021-02-28T17:35:16+00:00\" \/>\n<meta property=\"og:image\" content=\"https:\/\/regiaonews.net.br\/2022\/wp-content\/uploads\/2021\/02\/satelite-amazonia-1-25012021154547811.jpeg\" \/>\n\t<meta property=\"og:image:width\" content=\"770\" \/>\n\t<meta property=\"og:image:height\" content=\"420\" \/>\n\t<meta property=\"og:image:type\" content=\"image\/jpeg\" \/>\n<meta name=\"author\" content=\"Roberto\" \/>\n<meta name=\"twitter:card\" content=\"summary_large_image\" \/>\n<meta name=\"twitter:label1\" content=\"Escrito por\" \/>\n\t<meta name=\"twitter:data1\" content=\"Roberto\" \/>\n\t<meta name=\"twitter:label2\" content=\"Est. tempo de leitura\" \/>\n\t<meta name=\"twitter:data2\" content=\"3 minutos\" \/>\n<script type=\"application\/ld+json\" class=\"yoast-schema-graph\">{\"@context\":\"https:\\\/\\\/schema.org\",\"@graph\":[{\"@type\":\"Article\",\"@id\":\"https:\\\/\\\/regiaonews.net.br\\\/2022\\\/2021\\\/02\\\/28\\\/primeiro-satelite-100-brasileiro-amazonia-1-e-lancado-ao-espaco\\\/#article\",\"isPartOf\":{\"@id\":\"https:\\\/\\\/regiaonews.net.br\\\/2022\\\/2021\\\/02\\\/28\\\/primeiro-satelite-100-brasileiro-amazonia-1-e-lancado-ao-espaco\\\/\"},\"author\":{\"name\":\"Roberto\",\"@id\":\"https:\\\/\\\/regiaonews.net.br\\\/2022\\\/#\\\/schema\\\/person\\\/2d205a608a5aa97ac279d7a5e6d89ad8\"},\"headline\":\"Primeiro sat\u00e9lite 100% brasileiro, Amaz\u00f4nia-1 \u00e9 lan\u00e7ado ao espa\u00e7o\",\"datePublished\":\"2021-02-28T17:35:16+00:00\",\"mainEntityOfPage\":{\"@id\":\"https:\\\/\\\/regiaonews.net.br\\\/2022\\\/2021\\\/02\\\/28\\\/primeiro-satelite-100-brasileiro-amazonia-1-e-lancado-ao-espaco\\\/\"},\"wordCount\":614,\"commentCount\":0,\"publisher\":{\"@id\":\"https:\\\/\\\/regiaonews.net.br\\\/2022\\\/#organization\"},\"image\":{\"@id\":\"https:\\\/\\\/regiaonews.net.br\\\/2022\\\/2021\\\/02\\\/28\\\/primeiro-satelite-100-brasileiro-amazonia-1-e-lancado-ao-espaco\\\/#primaryimage\"},\"thumbnailUrl\":\"https:\\\/\\\/regiaonews.net.br\\\/2022\\\/wp-content\\\/uploads\\\/2021\\\/02\\\/satelite-amazonia-1-25012021154547811.jpeg\",\"articleSection\":[\"Brasil\",\"Cidades\"],\"inLanguage\":\"pt-BR\",\"potentialAction\":[{\"@type\":\"CommentAction\",\"name\":\"Comment\",\"target\":[\"https:\\\/\\\/regiaonews.net.br\\\/2022\\\/2021\\\/02\\\/28\\\/primeiro-satelite-100-brasileiro-amazonia-1-e-lancado-ao-espaco\\\/#respond\"]}]},{\"@type\":\"WebPage\",\"@id\":\"https:\\\/\\\/regiaonews.net.br\\\/2022\\\/2021\\\/02\\\/28\\\/primeiro-satelite-100-brasileiro-amazonia-1-e-lancado-ao-espaco\\\/\",\"url\":\"https:\\\/\\\/regiaonews.net.br\\\/2022\\\/2021\\\/02\\\/28\\\/primeiro-satelite-100-brasileiro-amazonia-1-e-lancado-ao-espaco\\\/\",\"name\":\"Primeiro sat\u00e9lite 100% brasileiro, Amaz\u00f4nia-1 \u00e9 lan\u00e7ado ao espa\u00e7o - Regi\u00e3o News\",\"isPartOf\":{\"@id\":\"https:\\\/\\\/regiaonews.net.br\\\/2022\\\/#website\"},\"primaryImageOfPage\":{\"@id\":\"https:\\\/\\\/regiaonews.net.br\\\/2022\\\/2021\\\/02\\\/28\\\/primeiro-satelite-100-brasileiro-amazonia-1-e-lancado-ao-espaco\\\/#primaryimage\"},\"image\":{\"@id\":\"https:\\\/\\\/regiaonews.net.br\\\/2022\\\/2021\\\/02\\\/28\\\/primeiro-satelite-100-brasileiro-amazonia-1-e-lancado-ao-espaco\\\/#primaryimage\"},\"thumbnailUrl\":\"https:\\\/\\\/regiaonews.net.br\\\/2022\\\/wp-content\\\/uploads\\\/2021\\\/02\\\/satelite-amazonia-1-25012021154547811.jpeg\",\"datePublished\":\"2021-02-28T17:35:16+00:00\",\"breadcrumb\":{\"@id\":\"https:\\\/\\\/regiaonews.net.br\\\/2022\\\/2021\\\/02\\\/28\\\/primeiro-satelite-100-brasileiro-amazonia-1-e-lancado-ao-espaco\\\/#breadcrumb\"},\"inLanguage\":\"pt-BR\",\"potentialAction\":[{\"@type\":\"ReadAction\",\"target\":[\"https:\\\/\\\/regiaonews.net.br\\\/2022\\\/2021\\\/02\\\/28\\\/primeiro-satelite-100-brasileiro-amazonia-1-e-lancado-ao-espaco\\\/\"]}]},{\"@type\":\"ImageObject\",\"inLanguage\":\"pt-BR\",\"@id\":\"https:\\\/\\\/regiaonews.net.br\\\/2022\\\/2021\\\/02\\\/28\\\/primeiro-satelite-100-brasileiro-amazonia-1-e-lancado-ao-espaco\\\/#primaryimage\",\"url\":\"https:\\\/\\\/regiaonews.net.br\\\/2022\\\/wp-content\\\/uploads\\\/2021\\\/02\\\/satelite-amazonia-1-25012021154547811.jpeg\",\"contentUrl\":\"https:\\\/\\\/regiaonews.net.br\\\/2022\\\/wp-content\\\/uploads\\\/2021\\\/02\\\/satelite-amazonia-1-25012021154547811.jpeg\",\"width\":770,\"height\":420},{\"@type\":\"BreadcrumbList\",\"@id\":\"https:\\\/\\\/regiaonews.net.br\\\/2022\\\/2021\\\/02\\\/28\\\/primeiro-satelite-100-brasileiro-amazonia-1-e-lancado-ao-espaco\\\/#breadcrumb\",\"itemListElement\":[{\"@type\":\"ListItem\",\"position\":1,\"name\":\"In\u00edcio\",\"item\":\"https:\\\/\\\/regiaonews.net.br\\\/2022\\\/\"},{\"@type\":\"ListItem\",\"position\":2,\"name\":\"Primeiro sat\u00e9lite 100% brasileiro, Amaz\u00f4nia-1 \u00e9 lan\u00e7ado ao espa\u00e7o\"}]},{\"@type\":\"WebSite\",\"@id\":\"https:\\\/\\\/regiaonews.net.br\\\/2022\\\/#website\",\"url\":\"https:\\\/\\\/regiaonews.net.br\\\/2022\\\/\",\"name\":\"Regi\u00e3o News\",\"description\":\"Site de Not\u00edcias de Barretos e regi\u00e3o\",\"publisher\":{\"@id\":\"https:\\\/\\\/regiaonews.net.br\\\/2022\\\/#organization\"},\"potentialAction\":[{\"@type\":\"SearchAction\",\"target\":{\"@type\":\"EntryPoint\",\"urlTemplate\":\"https:\\\/\\\/regiaonews.net.br\\\/2022\\\/?s={search_term_string}\"},\"query-input\":{\"@type\":\"PropertyValueSpecification\",\"valueRequired\":true,\"valueName\":\"search_term_string\"}}],\"inLanguage\":\"pt-BR\"},{\"@type\":\"Organization\",\"@id\":\"https:\\\/\\\/regiaonews.net.br\\\/2022\\\/#organization\",\"name\":\"Regi\u00e3o News\",\"url\":\"https:\\\/\\\/regiaonews.net.br\\\/2022\\\/\",\"logo\":{\"@type\":\"ImageObject\",\"inLanguage\":\"pt-BR\",\"@id\":\"https:\\\/\\\/regiaonews.net.br\\\/2022\\\/#\\\/schema\\\/logo\\\/image\\\/\",\"url\":\"https:\\\/\\\/regiaonews.net.br\\\/2022\\\/wp-content\\\/uploads\\\/2026\\\/03\\\/regiao-13-anos-scaled.jpg\",\"contentUrl\":\"https:\\\/\\\/regiaonews.net.br\\\/2022\\\/wp-content\\\/uploads\\\/2026\\\/03\\\/regiao-13-anos-scaled.jpg\",\"width\":2560,\"height\":635,\"caption\":\"Regi\u00e3o News\"},\"image\":{\"@id\":\"https:\\\/\\\/regiaonews.net.br\\\/2022\\\/#\\\/schema\\\/logo\\\/image\\\/\"}},{\"@type\":\"Person\",\"@id\":\"https:\\\/\\\/regiaonews.net.br\\\/2022\\\/#\\\/schema\\\/person\\\/2d205a608a5aa97ac279d7a5e6d89ad8\",\"name\":\"Roberto\",\"image\":{\"@type\":\"ImageObject\",\"inLanguage\":\"pt-BR\",\"@id\":\"https:\\\/\\\/secure.gravatar.com\\\/avatar\\\/42749d8b712ff9d59ca93dc150494e5b55a44134482993f5baeb97e61b7ecc89?s=96&d=mm&r=g\",\"url\":\"https:\\\/\\\/secure.gravatar.com\\\/avatar\\\/42749d8b712ff9d59ca93dc150494e5b55a44134482993f5baeb97e61b7ecc89?s=96&d=mm&r=g\",\"contentUrl\":\"https:\\\/\\\/secure.gravatar.com\\\/avatar\\\/42749d8b712ff9d59ca93dc150494e5b55a44134482993f5baeb97e61b7ecc89?s=96&d=mm&r=g\",\"caption\":\"Roberto\"},\"url\":\"https:\\\/\\\/regiaonews.net.br\\\/2022\\\/author\\\/roberto\\\/\"}]}<\/script>\n<!-- \/ Yoast SEO plugin. -->","yoast_head_json":{"title":"Primeiro sat\u00e9lite 100% brasileiro, Amaz\u00f4nia-1 \u00e9 lan\u00e7ado ao espa\u00e7o - Regi\u00e3o News","robots":{"index":"index","follow":"follow","max-snippet":"max-snippet:-1","max-image-preview":"max-image-preview:large","max-video-preview":"max-video-preview:-1"},"canonical":"https:\/\/regiaonews.net.br\/2022\/2021\/02\/28\/primeiro-satelite-100-brasileiro-amazonia-1-e-lancado-ao-espaco\/","og_locale":"pt_BR","og_type":"article","og_title":"Primeiro sat\u00e9lite 100% brasileiro, Amaz\u00f4nia-1 \u00e9 lan\u00e7ado ao espa\u00e7o - Regi\u00e3o News","og_description":"O primeiro sat\u00e9lite 100% brasileiro, o Amaz\u00f4nia-1, foi lan\u00e7ado com","og_url":"https:\/\/regiaonews.net.br\/2022\/2021\/02\/28\/primeiro-satelite-100-brasileiro-amazonia-1-e-lancado-ao-espaco\/","og_site_name":"Regi\u00e3o News","article_published_time":"2021-02-28T17:35:16+00:00","og_image":[{"width":770,"height":420,"url":"https:\/\/regiaonews.net.br\/2022\/wp-content\/uploads\/2021\/02\/satelite-amazonia-1-25012021154547811.jpeg","type":"image\/jpeg"}],"author":"Roberto","twitter_card":"summary_large_image","twitter_misc":{"Escrito por":"Roberto","Est. tempo de leitura":"3 minutos"},"schema":{"@context":"https:\/\/schema.org","@graph":[{"@type":"Article","@id":"https:\/\/regiaonews.net.br\/2022\/2021\/02\/28\/primeiro-satelite-100-brasileiro-amazonia-1-e-lancado-ao-espaco\/#article","isPartOf":{"@id":"https:\/\/regiaonews.net.br\/2022\/2021\/02\/28\/primeiro-satelite-100-brasileiro-amazonia-1-e-lancado-ao-espaco\/"},"author":{"name":"Roberto","@id":"https:\/\/regiaonews.net.br\/2022\/#\/schema\/person\/2d205a608a5aa97ac279d7a5e6d89ad8"},"headline":"Primeiro sat\u00e9lite 100% brasileiro, Amaz\u00f4nia-1 \u00e9 lan\u00e7ado ao espa\u00e7o","datePublished":"2021-02-28T17:35:16+00:00","mainEntityOfPage":{"@id":"https:\/\/regiaonews.net.br\/2022\/2021\/02\/28\/primeiro-satelite-100-brasileiro-amazonia-1-e-lancado-ao-espaco\/"},"wordCount":614,"commentCount":0,"publisher":{"@id":"https:\/\/regiaonews.net.br\/2022\/#organization"},"image":{"@id":"https:\/\/regiaonews.net.br\/2022\/2021\/02\/28\/primeiro-satelite-100-brasileiro-amazonia-1-e-lancado-ao-espaco\/#primaryimage"},"thumbnailUrl":"https:\/\/regiaonews.net.br\/2022\/wp-content\/uploads\/2021\/02\/satelite-amazonia-1-25012021154547811.jpeg","articleSection":["Brasil","Cidades"],"inLanguage":"pt-BR","potentialAction":[{"@type":"CommentAction","name":"Comment","target":["https:\/\/regiaonews.net.br\/2022\/2021\/02\/28\/primeiro-satelite-100-brasileiro-amazonia-1-e-lancado-ao-espaco\/#respond"]}]},{"@type":"WebPage","@id":"https:\/\/regiaonews.net.br\/2022\/2021\/02\/28\/primeiro-satelite-100-brasileiro-amazonia-1-e-lancado-ao-espaco\/","url":"https:\/\/regiaonews.net.br\/2022\/2021\/02\/28\/primeiro-satelite-100-brasileiro-amazonia-1-e-lancado-ao-espaco\/","name":"Primeiro sat\u00e9lite 100% brasileiro, Amaz\u00f4nia-1 \u00e9 lan\u00e7ado ao espa\u00e7o - Regi\u00e3o News","isPartOf":{"@id":"https:\/\/regiaonews.net.br\/2022\/#website"},"primaryImageOfPage":{"@id":"https:\/\/regiaonews.net.br\/2022\/2021\/02\/28\/primeiro-satelite-100-brasileiro-amazonia-1-e-lancado-ao-espaco\/#primaryimage"},"image":{"@id":"https:\/\/regiaonews.net.br\/2022\/2021\/02\/28\/primeiro-satelite-100-brasileiro-amazonia-1-e-lancado-ao-espaco\/#primaryimage"},"thumbnailUrl":"https:\/\/regiaonews.net.br\/2022\/wp-content\/uploads\/2021\/02\/satelite-amazonia-1-25012021154547811.jpeg","datePublished":"2021-02-28T17:35:16+00:00","breadcrumb":{"@id":"https:\/\/regiaonews.net.br\/2022\/2021\/02\/28\/primeiro-satelite-100-brasileiro-amazonia-1-e-lancado-ao-espaco\/#breadcrumb"},"inLanguage":"pt-BR","potentialAction":[{"@type":"ReadAction","target":["https:\/\/regiaonews.net.br\/2022\/2021\/02\/28\/primeiro-satelite-100-brasileiro-amazonia-1-e-lancado-ao-espaco\/"]}]},{"@type":"ImageObject","inLanguage":"pt-BR","@id":"https:\/\/regiaonews.net.br\/2022\/2021\/02\/28\/primeiro-satelite-100-brasileiro-amazonia-1-e-lancado-ao-espaco\/#primaryimage","url":"https:\/\/regiaonews.net.br\/2022\/wp-content\/uploads\/2021\/02\/satelite-amazonia-1-25012021154547811.jpeg","contentUrl":"https:\/\/regiaonews.net.br\/2022\/wp-content\/uploads\/2021\/02\/satelite-amazonia-1-25012021154547811.jpeg","width":770,"height":420},{"@type":"BreadcrumbList","@id":"https:\/\/regiaonews.net.br\/2022\/2021\/02\/28\/primeiro-satelite-100-brasileiro-amazonia-1-e-lancado-ao-espaco\/#breadcrumb","itemListElement":[{"@type":"ListItem","position":1,"name":"In\u00edcio","item":"https:\/\/regiaonews.net.br\/2022\/"},{"@type":"ListItem","position":2,"name":"Primeiro sat\u00e9lite 100% brasileiro, Amaz\u00f4nia-1 \u00e9 lan\u00e7ado ao espa\u00e7o"}]},{"@type":"WebSite","@id":"https:\/\/regiaonews.net.br\/2022\/#website","url":"https:\/\/regiaonews.net.br\/2022\/","name":"Regi\u00e3o News","description":"Site de Not\u00edcias de Barretos e regi\u00e3o","publisher":{"@id":"https:\/\/regiaonews.net.br\/2022\/#organization"},"potentialAction":[{"@type":"SearchAction","target":{"@type":"EntryPoint","urlTemplate":"https:\/\/regiaonews.net.br\/2022\/?s={search_term_string}"},"query-input":{"@type":"PropertyValueSpecification","valueRequired":true,"valueName":"search_term_string"}}],"inLanguage":"pt-BR"},{"@type":"Organization","@id":"https:\/\/regiaonews.net.br\/2022\/#organization","name":"Regi\u00e3o News","url":"https:\/\/regiaonews.net.br\/2022\/","logo":{"@type":"ImageObject","inLanguage":"pt-BR","@id":"https:\/\/regiaonews.net.br\/2022\/#\/schema\/logo\/image\/","url":"https:\/\/regiaonews.net.br\/2022\/wp-content\/uploads\/2026\/03\/regiao-13-anos-scaled.jpg","contentUrl":"https:\/\/regiaonews.net.br\/2022\/wp-content\/uploads\/2026\/03\/regiao-13-anos-scaled.jpg","width":2560,"height":635,"caption":"Regi\u00e3o News"},"image":{"@id":"https:\/\/regiaonews.net.br\/2022\/#\/schema\/logo\/image\/"}},{"@type":"Person","@id":"https:\/\/regiaonews.net.br\/2022\/#\/schema\/person\/2d205a608a5aa97ac279d7a5e6d89ad8","name":"Roberto","image":{"@type":"ImageObject","inLanguage":"pt-BR","@id":"https:\/\/secure.gravatar.com\/avatar\/42749d8b712ff9d59ca93dc150494e5b55a44134482993f5baeb97e61b7ecc89?s=96&d=mm&r=g","url":"https:\/\/secure.gravatar.com\/avatar\/42749d8b712ff9d59ca93dc150494e5b55a44134482993f5baeb97e61b7ecc89?s=96&d=mm&r=g","contentUrl":"https:\/\/secure.gravatar.com\/avatar\/42749d8b712ff9d59ca93dc150494e5b55a44134482993f5baeb97e61b7ecc89?s=96&d=mm&r=g","caption":"Roberto"},"url":"https:\/\/regiaonews.net.br\/2022\/author\/roberto\/"}]}},"publishpress_future_action":{"enabled":false,"date":"2026-05-04 03:28:08","action":"change-status","newStatus":"draft","terms":[],"taxonomy":"category","extraData":[]},"publishpress_future_workflow_manual_trigger":{"enabledWorkflows":[]},"_links":{"self":[{"href":"https:\/\/regiaonews.net.br\/2022\/wp-json\/wp\/v2\/posts\/43589","targetHints":{"allow":["GET"]}}],"collection":[{"href":"https:\/\/regiaonews.net.br\/2022\/wp-json\/wp\/v2\/posts"}],"about":[{"href":"https:\/\/regiaonews.net.br\/2022\/wp-json\/wp\/v2\/types\/post"}],"author":[{"embeddable":true,"href":"https:\/\/regiaonews.net.br\/2022\/wp-json\/wp\/v2\/users\/2"}],"replies":[{"embeddable":true,"href":"https:\/\/regiaonews.net.br\/2022\/wp-json\/wp\/v2\/comments?post=43589"}],"version-history":[{"count":0,"href":"https:\/\/regiaonews.net.br\/2022\/wp-json\/wp\/v2\/posts\/43589\/revisions"}],"wp:featuredmedia":[{"embeddable":true,"href":"https:\/\/regiaonews.net.br\/2022\/wp-json\/wp\/v2\/media\/43592"}],"wp:attachment":[{"href":"https:\/\/regiaonews.net.br\/2022\/wp-json\/wp\/v2\/media?parent=43589"}],"wp:term":[{"taxonomy":"category","embeddable":true,"href":"https:\/\/regiaonews.net.br\/2022\/wp-json\/wp\/v2\/categories?post=43589"},{"taxonomy":"post_tag","embeddable":true,"href":"https:\/\/regiaonews.net.br\/2022\/wp-json\/wp\/v2\/tags?post=43589"}],"curies":[{"name":"wp","href":"https:\/\/api.w.org\/{rel}","templated":true}]}}