{"id":43565,"date":"2021-02-26T19:25:06","date_gmt":"2021-02-26T22:25:06","guid":{"rendered":"https:\/\/regiaonews.net.br\/2022\/?p=43565"},"modified":"2021-02-26T19:25:06","modified_gmt":"2021-02-26T22:25:06","slug":"policia-militar-ambiental-realizou-operacao-em-colombia-sp","status":"publish","type":"post","link":"https:\/\/regiaonews.net.br\/2022\/2021\/02\/26\/policia-militar-ambiental-realizou-operacao-em-colombia-sp\/","title":{"rendered":"Pol\u00edcia Militar Ambiental realizou  Opera\u00e7\u00e3o em Col\u00f4mbia-SP"},"content":{"rendered":"<p>&nbsp;<\/p>\n<p><a href=\"https:\/\/regiaonews.net.br\/2022\/wp-content\/uploads\/2021\/02\/d4dd8182-f3e1-4207-a517-83684df9aa85.jpg\"><img loading=\"lazy\" decoding=\"async\" class=\"alignnone size-medium wp-image-43566\" src=\"https:\/\/regiaonews.net.br\/2022\/wp-content\/uploads\/2021\/02\/d4dd8182-f3e1-4207-a517-83684df9aa85-300x169.jpg\" alt=\"\" width=\"300\" height=\"169\" \/><\/a><\/p>\n<p>No dia 26 de fevereiro de 2021 a Pol\u00edcia Militar Ambiental realizou no munic\u00edpio de Col\u00f4mbia, local propicio a pesca predat\u00f3ria, Opera\u00e7\u00e3o Policial afim de coibir os diversos crimes efetuados contra a natureza.<br \/>\nEfetuamos o cumprimento de oito mandados de busca e apreens\u00e3o \u00e0 pessoas com hist\u00f3rico de reintegradas pr\u00e1ticas infra\u00e7\u00f5es ambientais, que culminaram na pris\u00e3o em flagrante delito de dois infratores por posse irregular de muni\u00e7\u00e3o de uso restrito\u201d .<br \/>\nLogramos \u00eaxito em fiscalizar e apreender 2,220 quilos de pescado armazenado de forma irregular da esp\u00e9cie Pintado o qual apesar de estar sem cabe\u00e7a e rabo tinham apenas 40 cent\u00edmetros, ou seja, muito abaixo do permitido, tornando-se produto da pesca proibida e sem comprovante de origem.<br \/>\nTamb\u00e9m efetuamos apreens\u00f5es de diversos materiais utilizados para pr\u00e1tica de crimes ambientais relacionados a pesca tais como: Redes, que possu\u00edam malha de tamanho inferior ao permitido que n\u00e3o possui RGP (registro geral de pesca), tarrafas, espinheis ou seja, petrechos proibidos para qualquer categoria de pescador em qualquer \u00e9poca do ano, vez que tem elevado potencial de dano \u00e0 fauna ictiol\u00f3gica.<br \/>\nElaboramos ainda um Auto de infra\u00e7\u00e3o ambiental e apreendemos duas aves silvestres nativas (periquit\u00e3o maracan\u00e3 e uma da esp\u00e9cie papagaio verdadeiro) em posse de duas pessoas sem autoriza\u00e7\u00e3o da autoridade competente. Caracterizando infra\u00e7\u00e3o penal e administrativa que responder\u00e3o pelo crime em liberdade a esfera penal, a infring\u00eancia ao art. 29, par\u00e1grafo 1\u00ba, inciso III da Lei de Crimes ambientais (9605\/98).<br \/>\nResumo final:<br \/>\n01 BOPAmb de Pesca<br \/>\n02 Boletim de Ocorr\u00eancia\/Pol\u00edcia Civil<br \/>\n01 Auto Infra\u00e7\u00e3o Administrativa &#8211; Pesca<br \/>\n01 Auto Infra\u00e7\u00e3o Administrativa &#8211; Fauna<br \/>\n06 Termo de Vistoria Ambiental &#8211; Pesca<br \/>\n01 Boletim de Ocorrencia eletr\u00f4nico<br \/>\n2,22 kg de pescado apreendido<br \/>\n12 unidades e 797 metros de redes apreendidas<br \/>\n08 tarrafas apreendidas<br \/>\n01 espinhel<br \/>\n02 aves<br \/>\n02 pessoas presas em flagrantes<br \/>\n08 mandados de busca cumpridos<br \/>\n03 pontos de visibilidade<br \/>\n03 pontos de bloqueio<br \/>\n07 condutores fiscalizados<br \/>\n28 pessoas abordadas<br \/>\nR$ 3.088,80 em multas<\/p>\n","protected":false},"excerpt":{"rendered":"<p>&nbsp; No dia 26 de fevereiro de 2021 a Pol\u00edcia<\/p>\n","protected":false},"author":2,"featured_media":43566,"comment_status":"open","ping_status":"open","sticky":false,"template":"","format":"standard","meta":{"footnotes":""},"categories":[14,25,23],"tags":[],"class_list":["post-43565","post","type-post","status-publish","format-standard","has-post-thumbnail","hentry","category-barretos","category-cidades","category-policia"],"yoast_head":"<!-- This site is optimized with the Yoast SEO plugin v27.4 - https:\/\/yoast.com\/product\/yoast-seo-wordpress\/ -->\n<title>Pol\u00edcia Militar Ambiental realizou Opera\u00e7\u00e3o em Col\u00f4mbia-SP - Regi\u00e3o News<\/title>\n<meta name=\"robots\" content=\"index, follow, max-snippet:-1, max-image-preview:large, max-video-preview:-1\" \/>\n<link rel=\"canonical\" href=\"https:\/\/regiaonews.net.br\/2022\/2021\/02\/26\/policia-militar-ambiental-realizou-operacao-em-colombia-sp\/\" \/>\n<meta property=\"og:locale\" content=\"pt_BR\" \/>\n<meta property=\"og:type\" content=\"article\" \/>\n<meta property=\"og:title\" content=\"Pol\u00edcia Militar Ambiental realizou Opera\u00e7\u00e3o em Col\u00f4mbia-SP - Regi\u00e3o News\" \/>\n<meta property=\"og:description\" content=\"&nbsp; No dia 26 de fevereiro de 2021 a Pol\u00edcia\" \/>\n<meta property=\"og:url\" content=\"https:\/\/regiaonews.net.br\/2022\/2021\/02\/26\/policia-militar-ambiental-realizou-operacao-em-colombia-sp\/\" \/>\n<meta property=\"og:site_name\" content=\"Regi\u00e3o News\" \/>\n<meta property=\"article:published_time\" content=\"2021-02-26T22:25:06+00:00\" \/>\n<meta property=\"og:image\" content=\"https:\/\/regiaonews.net.br\/2022\/wp-content\/uploads\/2021\/02\/d4dd8182-f3e1-4207-a517-83684df9aa85.jpg\" \/>\n\t<meta property=\"og:image:width\" content=\"1280\" \/>\n\t<meta property=\"og:image:height\" content=\"720\" \/>\n\t<meta property=\"og:image:type\" content=\"image\/jpeg\" \/>\n<meta name=\"author\" content=\"Roberto\" \/>\n<meta name=\"twitter:card\" content=\"summary_large_image\" \/>\n<meta name=\"twitter:label1\" content=\"Escrito por\" \/>\n\t<meta name=\"twitter:data1\" content=\"Roberto\" \/>\n\t<meta name=\"twitter:label2\" content=\"Est. tempo de leitura\" \/>\n\t<meta name=\"twitter:data2\" content=\"2 minutos\" \/>\n<script type=\"application\/ld+json\" class=\"yoast-schema-graph\">{\"@context\":\"https:\\\/\\\/schema.org\",\"@graph\":[{\"@type\":\"Article\",\"@id\":\"https:\\\/\\\/regiaonews.net.br\\\/2022\\\/2021\\\/02\\\/26\\\/policia-militar-ambiental-realizou-operacao-em-colombia-sp\\\/#article\",\"isPartOf\":{\"@id\":\"https:\\\/\\\/regiaonews.net.br\\\/2022\\\/2021\\\/02\\\/26\\\/policia-militar-ambiental-realizou-operacao-em-colombia-sp\\\/\"},\"author\":{\"name\":\"Roberto\",\"@id\":\"https:\\\/\\\/regiaonews.net.br\\\/2022\\\/#\\\/schema\\\/person\\\/2d205a608a5aa97ac279d7a5e6d89ad8\"},\"headline\":\"Pol\u00edcia Militar Ambiental realizou Opera\u00e7\u00e3o em Col\u00f4mbia-SP\",\"datePublished\":\"2021-02-26T22:25:06+00:00\",\"mainEntityOfPage\":{\"@id\":\"https:\\\/\\\/regiaonews.net.br\\\/2022\\\/2021\\\/02\\\/26\\\/policia-militar-ambiental-realizou-operacao-em-colombia-sp\\\/\"},\"wordCount\":336,\"commentCount\":0,\"publisher\":{\"@id\":\"https:\\\/\\\/regiaonews.net.br\\\/2022\\\/#organization\"},\"image\":{\"@id\":\"https:\\\/\\\/regiaonews.net.br\\\/2022\\\/2021\\\/02\\\/26\\\/policia-militar-ambiental-realizou-operacao-em-colombia-sp\\\/#primaryimage\"},\"thumbnailUrl\":\"https:\\\/\\\/regiaonews.net.br\\\/2022\\\/wp-content\\\/uploads\\\/2021\\\/02\\\/d4dd8182-f3e1-4207-a517-83684df9aa85.jpg\",\"articleSection\":[\"Barretos\",\"Cidades\",\"Policia\"],\"inLanguage\":\"pt-BR\",\"potentialAction\":[{\"@type\":\"CommentAction\",\"name\":\"Comment\",\"target\":[\"https:\\\/\\\/regiaonews.net.br\\\/2022\\\/2021\\\/02\\\/26\\\/policia-militar-ambiental-realizou-operacao-em-colombia-sp\\\/#respond\"]}]},{\"@type\":\"WebPage\",\"@id\":\"https:\\\/\\\/regiaonews.net.br\\\/2022\\\/2021\\\/02\\\/26\\\/policia-militar-ambiental-realizou-operacao-em-colombia-sp\\\/\",\"url\":\"https:\\\/\\\/regiaonews.net.br\\\/2022\\\/2021\\\/02\\\/26\\\/policia-militar-ambiental-realizou-operacao-em-colombia-sp\\\/\",\"name\":\"Pol\u00edcia Militar Ambiental realizou Opera\u00e7\u00e3o em Col\u00f4mbia-SP - Regi\u00e3o News\",\"isPartOf\":{\"@id\":\"https:\\\/\\\/regiaonews.net.br\\\/2022\\\/#website\"},\"primaryImageOfPage\":{\"@id\":\"https:\\\/\\\/regiaonews.net.br\\\/2022\\\/2021\\\/02\\\/26\\\/policia-militar-ambiental-realizou-operacao-em-colombia-sp\\\/#primaryimage\"},\"image\":{\"@id\":\"https:\\\/\\\/regiaonews.net.br\\\/2022\\\/2021\\\/02\\\/26\\\/policia-militar-ambiental-realizou-operacao-em-colombia-sp\\\/#primaryimage\"},\"thumbnailUrl\":\"https:\\\/\\\/regiaonews.net.br\\\/2022\\\/wp-content\\\/uploads\\\/2021\\\/02\\\/d4dd8182-f3e1-4207-a517-83684df9aa85.jpg\",\"datePublished\":\"2021-02-26T22:25:06+00:00\",\"breadcrumb\":{\"@id\":\"https:\\\/\\\/regiaonews.net.br\\\/2022\\\/2021\\\/02\\\/26\\\/policia-militar-ambiental-realizou-operacao-em-colombia-sp\\\/#breadcrumb\"},\"inLanguage\":\"pt-BR\",\"potentialAction\":[{\"@type\":\"ReadAction\",\"target\":[\"https:\\\/\\\/regiaonews.net.br\\\/2022\\\/2021\\\/02\\\/26\\\/policia-militar-ambiental-realizou-operacao-em-colombia-sp\\\/\"]}]},{\"@type\":\"ImageObject\",\"inLanguage\":\"pt-BR\",\"@id\":\"https:\\\/\\\/regiaonews.net.br\\\/2022\\\/2021\\\/02\\\/26\\\/policia-militar-ambiental-realizou-operacao-em-colombia-sp\\\/#primaryimage\",\"url\":\"https:\\\/\\\/regiaonews.net.br\\\/2022\\\/wp-content\\\/uploads\\\/2021\\\/02\\\/d4dd8182-f3e1-4207-a517-83684df9aa85.jpg\",\"contentUrl\":\"https:\\\/\\\/regiaonews.net.br\\\/2022\\\/wp-content\\\/uploads\\\/2021\\\/02\\\/d4dd8182-f3e1-4207-a517-83684df9aa85.jpg\",\"width\":1280,\"height\":720},{\"@type\":\"BreadcrumbList\",\"@id\":\"https:\\\/\\\/regiaonews.net.br\\\/2022\\\/2021\\\/02\\\/26\\\/policia-militar-ambiental-realizou-operacao-em-colombia-sp\\\/#breadcrumb\",\"itemListElement\":[{\"@type\":\"ListItem\",\"position\":1,\"name\":\"In\u00edcio\",\"item\":\"https:\\\/\\\/regiaonews.net.br\\\/2022\\\/\"},{\"@type\":\"ListItem\",\"position\":2,\"name\":\"Pol\u00edcia Militar Ambiental realizou Opera\u00e7\u00e3o em Col\u00f4mbia-SP\"}]},{\"@type\":\"WebSite\",\"@id\":\"https:\\\/\\\/regiaonews.net.br\\\/2022\\\/#website\",\"url\":\"https:\\\/\\\/regiaonews.net.br\\\/2022\\\/\",\"name\":\"Regi\u00e3o News\",\"description\":\"Site de Not\u00edcias de Barretos e regi\u00e3o\",\"publisher\":{\"@id\":\"https:\\\/\\\/regiaonews.net.br\\\/2022\\\/#organization\"},\"potentialAction\":[{\"@type\":\"SearchAction\",\"target\":{\"@type\":\"EntryPoint\",\"urlTemplate\":\"https:\\\/\\\/regiaonews.net.br\\\/2022\\\/?s={search_term_string}\"},\"query-input\":{\"@type\":\"PropertyValueSpecification\",\"valueRequired\":true,\"valueName\":\"search_term_string\"}}],\"inLanguage\":\"pt-BR\"},{\"@type\":\"Organization\",\"@id\":\"https:\\\/\\\/regiaonews.net.br\\\/2022\\\/#organization\",\"name\":\"Regi\u00e3o News\",\"url\":\"https:\\\/\\\/regiaonews.net.br\\\/2022\\\/\",\"logo\":{\"@type\":\"ImageObject\",\"inLanguage\":\"pt-BR\",\"@id\":\"https:\\\/\\\/regiaonews.net.br\\\/2022\\\/#\\\/schema\\\/logo\\\/image\\\/\",\"url\":\"https:\\\/\\\/regiaonews.net.br\\\/2022\\\/wp-content\\\/uploads\\\/2026\\\/03\\\/regiao-13-anos-scaled.jpg\",\"contentUrl\":\"https:\\\/\\\/regiaonews.net.br\\\/2022\\\/wp-content\\\/uploads\\\/2026\\\/03\\\/regiao-13-anos-scaled.jpg\",\"width\":2560,\"height\":635,\"caption\":\"Regi\u00e3o News\"},\"image\":{\"@id\":\"https:\\\/\\\/regiaonews.net.br\\\/2022\\\/#\\\/schema\\\/logo\\\/image\\\/\"}},{\"@type\":\"Person\",\"@id\":\"https:\\\/\\\/regiaonews.net.br\\\/2022\\\/#\\\/schema\\\/person\\\/2d205a608a5aa97ac279d7a5e6d89ad8\",\"name\":\"Roberto\",\"image\":{\"@type\":\"ImageObject\",\"inLanguage\":\"pt-BR\",\"@id\":\"https:\\\/\\\/secure.gravatar.com\\\/avatar\\\/42749d8b712ff9d59ca93dc150494e5b55a44134482993f5baeb97e61b7ecc89?s=96&d=mm&r=g\",\"url\":\"https:\\\/\\\/secure.gravatar.com\\\/avatar\\\/42749d8b712ff9d59ca93dc150494e5b55a44134482993f5baeb97e61b7ecc89?s=96&d=mm&r=g\",\"contentUrl\":\"https:\\\/\\\/secure.gravatar.com\\\/avatar\\\/42749d8b712ff9d59ca93dc150494e5b55a44134482993f5baeb97e61b7ecc89?s=96&d=mm&r=g\",\"caption\":\"Roberto\"},\"url\":\"https:\\\/\\\/regiaonews.net.br\\\/2022\\\/author\\\/roberto\\\/\"}]}<\/script>\n<!-- \/ Yoast SEO plugin. -->","yoast_head_json":{"title":"Pol\u00edcia Militar Ambiental realizou Opera\u00e7\u00e3o em Col\u00f4mbia-SP - Regi\u00e3o News","robots":{"index":"index","follow":"follow","max-snippet":"max-snippet:-1","max-image-preview":"max-image-preview:large","max-video-preview":"max-video-preview:-1"},"canonical":"https:\/\/regiaonews.net.br\/2022\/2021\/02\/26\/policia-militar-ambiental-realizou-operacao-em-colombia-sp\/","og_locale":"pt_BR","og_type":"article","og_title":"Pol\u00edcia Militar Ambiental realizou Opera\u00e7\u00e3o em Col\u00f4mbia-SP - Regi\u00e3o News","og_description":"&nbsp; No dia 26 de fevereiro de 2021 a Pol\u00edcia","og_url":"https:\/\/regiaonews.net.br\/2022\/2021\/02\/26\/policia-militar-ambiental-realizou-operacao-em-colombia-sp\/","og_site_name":"Regi\u00e3o News","article_published_time":"2021-02-26T22:25:06+00:00","og_image":[{"width":1280,"height":720,"url":"https:\/\/regiaonews.net.br\/2022\/wp-content\/uploads\/2021\/02\/d4dd8182-f3e1-4207-a517-83684df9aa85.jpg","type":"image\/jpeg"}],"author":"Roberto","twitter_card":"summary_large_image","twitter_misc":{"Escrito por":"Roberto","Est. tempo de leitura":"2 minutos"},"schema":{"@context":"https:\/\/schema.org","@graph":[{"@type":"Article","@id":"https:\/\/regiaonews.net.br\/2022\/2021\/02\/26\/policia-militar-ambiental-realizou-operacao-em-colombia-sp\/#article","isPartOf":{"@id":"https:\/\/regiaonews.net.br\/2022\/2021\/02\/26\/policia-militar-ambiental-realizou-operacao-em-colombia-sp\/"},"author":{"name":"Roberto","@id":"https:\/\/regiaonews.net.br\/2022\/#\/schema\/person\/2d205a608a5aa97ac279d7a5e6d89ad8"},"headline":"Pol\u00edcia Militar Ambiental realizou Opera\u00e7\u00e3o em Col\u00f4mbia-SP","datePublished":"2021-02-26T22:25:06+00:00","mainEntityOfPage":{"@id":"https:\/\/regiaonews.net.br\/2022\/2021\/02\/26\/policia-militar-ambiental-realizou-operacao-em-colombia-sp\/"},"wordCount":336,"commentCount":0,"publisher":{"@id":"https:\/\/regiaonews.net.br\/2022\/#organization"},"image":{"@id":"https:\/\/regiaonews.net.br\/2022\/2021\/02\/26\/policia-militar-ambiental-realizou-operacao-em-colombia-sp\/#primaryimage"},"thumbnailUrl":"https:\/\/regiaonews.net.br\/2022\/wp-content\/uploads\/2021\/02\/d4dd8182-f3e1-4207-a517-83684df9aa85.jpg","articleSection":["Barretos","Cidades","Policia"],"inLanguage":"pt-BR","potentialAction":[{"@type":"CommentAction","name":"Comment","target":["https:\/\/regiaonews.net.br\/2022\/2021\/02\/26\/policia-militar-ambiental-realizou-operacao-em-colombia-sp\/#respond"]}]},{"@type":"WebPage","@id":"https:\/\/regiaonews.net.br\/2022\/2021\/02\/26\/policia-militar-ambiental-realizou-operacao-em-colombia-sp\/","url":"https:\/\/regiaonews.net.br\/2022\/2021\/02\/26\/policia-militar-ambiental-realizou-operacao-em-colombia-sp\/","name":"Pol\u00edcia Militar Ambiental realizou Opera\u00e7\u00e3o em Col\u00f4mbia-SP - Regi\u00e3o News","isPartOf":{"@id":"https:\/\/regiaonews.net.br\/2022\/#website"},"primaryImageOfPage":{"@id":"https:\/\/regiaonews.net.br\/2022\/2021\/02\/26\/policia-militar-ambiental-realizou-operacao-em-colombia-sp\/#primaryimage"},"image":{"@id":"https:\/\/regiaonews.net.br\/2022\/2021\/02\/26\/policia-militar-ambiental-realizou-operacao-em-colombia-sp\/#primaryimage"},"thumbnailUrl":"https:\/\/regiaonews.net.br\/2022\/wp-content\/uploads\/2021\/02\/d4dd8182-f3e1-4207-a517-83684df9aa85.jpg","datePublished":"2021-02-26T22:25:06+00:00","breadcrumb":{"@id":"https:\/\/regiaonews.net.br\/2022\/2021\/02\/26\/policia-militar-ambiental-realizou-operacao-em-colombia-sp\/#breadcrumb"},"inLanguage":"pt-BR","potentialAction":[{"@type":"ReadAction","target":["https:\/\/regiaonews.net.br\/2022\/2021\/02\/26\/policia-militar-ambiental-realizou-operacao-em-colombia-sp\/"]}]},{"@type":"ImageObject","inLanguage":"pt-BR","@id":"https:\/\/regiaonews.net.br\/2022\/2021\/02\/26\/policia-militar-ambiental-realizou-operacao-em-colombia-sp\/#primaryimage","url":"https:\/\/regiaonews.net.br\/2022\/wp-content\/uploads\/2021\/02\/d4dd8182-f3e1-4207-a517-83684df9aa85.jpg","contentUrl":"https:\/\/regiaonews.net.br\/2022\/wp-content\/uploads\/2021\/02\/d4dd8182-f3e1-4207-a517-83684df9aa85.jpg","width":1280,"height":720},{"@type":"BreadcrumbList","@id":"https:\/\/regiaonews.net.br\/2022\/2021\/02\/26\/policia-militar-ambiental-realizou-operacao-em-colombia-sp\/#breadcrumb","itemListElement":[{"@type":"ListItem","position":1,"name":"In\u00edcio","item":"https:\/\/regiaonews.net.br\/2022\/"},{"@type":"ListItem","position":2,"name":"Pol\u00edcia Militar Ambiental realizou Opera\u00e7\u00e3o em Col\u00f4mbia-SP"}]},{"@type":"WebSite","@id":"https:\/\/regiaonews.net.br\/2022\/#website","url":"https:\/\/regiaonews.net.br\/2022\/","name":"Regi\u00e3o News","description":"Site de Not\u00edcias de Barretos e regi\u00e3o","publisher":{"@id":"https:\/\/regiaonews.net.br\/2022\/#organization"},"potentialAction":[{"@type":"SearchAction","target":{"@type":"EntryPoint","urlTemplate":"https:\/\/regiaonews.net.br\/2022\/?s={search_term_string}"},"query-input":{"@type":"PropertyValueSpecification","valueRequired":true,"valueName":"search_term_string"}}],"inLanguage":"pt-BR"},{"@type":"Organization","@id":"https:\/\/regiaonews.net.br\/2022\/#organization","name":"Regi\u00e3o News","url":"https:\/\/regiaonews.net.br\/2022\/","logo":{"@type":"ImageObject","inLanguage":"pt-BR","@id":"https:\/\/regiaonews.net.br\/2022\/#\/schema\/logo\/image\/","url":"https:\/\/regiaonews.net.br\/2022\/wp-content\/uploads\/2026\/03\/regiao-13-anos-scaled.jpg","contentUrl":"https:\/\/regiaonews.net.br\/2022\/wp-content\/uploads\/2026\/03\/regiao-13-anos-scaled.jpg","width":2560,"height":635,"caption":"Regi\u00e3o News"},"image":{"@id":"https:\/\/regiaonews.net.br\/2022\/#\/schema\/logo\/image\/"}},{"@type":"Person","@id":"https:\/\/regiaonews.net.br\/2022\/#\/schema\/person\/2d205a608a5aa97ac279d7a5e6d89ad8","name":"Roberto","image":{"@type":"ImageObject","inLanguage":"pt-BR","@id":"https:\/\/secure.gravatar.com\/avatar\/42749d8b712ff9d59ca93dc150494e5b55a44134482993f5baeb97e61b7ecc89?s=96&d=mm&r=g","url":"https:\/\/secure.gravatar.com\/avatar\/42749d8b712ff9d59ca93dc150494e5b55a44134482993f5baeb97e61b7ecc89?s=96&d=mm&r=g","contentUrl":"https:\/\/secure.gravatar.com\/avatar\/42749d8b712ff9d59ca93dc150494e5b55a44134482993f5baeb97e61b7ecc89?s=96&d=mm&r=g","caption":"Roberto"},"url":"https:\/\/regiaonews.net.br\/2022\/author\/roberto\/"}]}},"publishpress_future_action":{"enabled":false,"date":"2026-05-03 17:11:43","action":"change-status","newStatus":"draft","terms":[],"taxonomy":"category","extraData":[]},"publishpress_future_workflow_manual_trigger":{"enabledWorkflows":[]},"_links":{"self":[{"href":"https:\/\/regiaonews.net.br\/2022\/wp-json\/wp\/v2\/posts\/43565","targetHints":{"allow":["GET"]}}],"collection":[{"href":"https:\/\/regiaonews.net.br\/2022\/wp-json\/wp\/v2\/posts"}],"about":[{"href":"https:\/\/regiaonews.net.br\/2022\/wp-json\/wp\/v2\/types\/post"}],"author":[{"embeddable":true,"href":"https:\/\/regiaonews.net.br\/2022\/wp-json\/wp\/v2\/users\/2"}],"replies":[{"embeddable":true,"href":"https:\/\/regiaonews.net.br\/2022\/wp-json\/wp\/v2\/comments?post=43565"}],"version-history":[{"count":0,"href":"https:\/\/regiaonews.net.br\/2022\/wp-json\/wp\/v2\/posts\/43565\/revisions"}],"wp:featuredmedia":[{"embeddable":true,"href":"https:\/\/regiaonews.net.br\/2022\/wp-json\/wp\/v2\/media\/43566"}],"wp:attachment":[{"href":"https:\/\/regiaonews.net.br\/2022\/wp-json\/wp\/v2\/media?parent=43565"}],"wp:term":[{"taxonomy":"category","embeddable":true,"href":"https:\/\/regiaonews.net.br\/2022\/wp-json\/wp\/v2\/categories?post=43565"},{"taxonomy":"post_tag","embeddable":true,"href":"https:\/\/regiaonews.net.br\/2022\/wp-json\/wp\/v2\/tags?post=43565"}],"curies":[{"name":"wp","href":"https:\/\/api.w.org\/{rel}","templated":true}]}}