{"id":43558,"date":"2021-02-26T16:18:57","date_gmt":"2021-02-26T19:18:57","guid":{"rendered":"https:\/\/regiaonews.net.br\/2022\/?p=43558"},"modified":"2021-02-26T16:18:57","modified_gmt":"2021-02-26T19:18:57","slug":"paula-lemos-cumpre-item-do-plano-de-governo-em-menos-de-100-dias","status":"publish","type":"post","link":"https:\/\/regiaonews.net.br\/2022\/2021\/02\/26\/paula-lemos-cumpre-item-do-plano-de-governo-em-menos-de-100-dias\/","title":{"rendered":"Paula Lemos cumpre item do Plano de Governo em menos de 100 dias"},"content":{"rendered":"<p><strong><a href=\"https:\/\/regiaonews.net.br\/2022\/wp-content\/uploads\/2021\/02\/NIV_7025.jpg\"><img loading=\"lazy\" decoding=\"async\" class=\"alignnone size-medium wp-image-43559\" src=\"https:\/\/regiaonews.net.br\/2022\/wp-content\/uploads\/2021\/02\/NIV_7025-300x199.jpg\" alt=\"\" width=\"300\" height=\"199\" \/><\/a> <a href=\"https:\/\/regiaonews.net.br\/2022\/wp-content\/uploads\/2021\/02\/NIV_7032.jpg\"><img loading=\"lazy\" decoding=\"async\" class=\"alignnone size-medium wp-image-43560\" src=\"https:\/\/regiaonews.net.br\/2022\/wp-content\/uploads\/2021\/02\/NIV_7032-300x199.jpg\" alt=\"\" width=\"300\" height=\"199\" \/><\/a> <a href=\"https:\/\/regiaonews.net.br\/2022\/wp-content\/uploads\/2021\/02\/NIV_7082.jpg\"><img loading=\"lazy\" decoding=\"async\" class=\"alignnone size-medium wp-image-43561\" src=\"https:\/\/regiaonews.net.br\/2022\/wp-content\/uploads\/2021\/02\/NIV_7082-300x199.jpg\" alt=\"\" width=\"300\" height=\"199\" \/><\/a> <a href=\"https:\/\/regiaonews.net.br\/2022\/wp-content\/uploads\/2021\/02\/NIV_7100.jpg\"><img loading=\"lazy\" decoding=\"async\" class=\"alignnone size-medium wp-image-43562\" src=\"https:\/\/regiaonews.net.br\/2022\/wp-content\/uploads\/2021\/02\/NIV_7100-300x199.jpg\" alt=\"\" width=\"300\" height=\"199\" \/><\/a> <a href=\"https:\/\/regiaonews.net.br\/2022\/wp-content\/uploads\/2021\/02\/NIV_7104.jpg\"><img loading=\"lazy\" decoding=\"async\" class=\"alignnone size-medium wp-image-43563\" src=\"https:\/\/regiaonews.net.br\/2022\/wp-content\/uploads\/2021\/02\/NIV_7104-300x199.jpg\" alt=\"\" width=\"300\" height=\"199\" \/><\/a><\/strong><\/p>\n<p>A prefeita Paula Lemos anunciou e assinou durante live, na tarde desta sexta-feira, 26 de fevereiro\/21, no audit\u00f3rio do Pa\u00e7o Municipal \u201cSim\u00e3o Ant\u00f4nio Marques \u2013 Librina\u201d, a celebra\u00e7\u00e3o de conv\u00eanio com a Secretaria de Estado da Seguran\u00e7a Publica, tendo como executora a Pol\u00edcia Militar, para implanta\u00e7\u00e3o da Atividade Delegada com o emprego de policiais militares no munic\u00edpio.<br \/>\nO an\u00fancio e assinatura foram feitos com a participa\u00e7\u00e3o do Tenente Coronel Mauro Alves dos Santos J\u00fanior, comandante do 33\u00ba BPMI; o subcomandante, Major D\u2019Aarbo, o coordenador operacional, Major Frugeri; o chefe de servi\u00e7o de opera\u00e7\u00f5es, Capit\u00e3o Webel, oficiais da institui\u00e7\u00e3o militar;\u00a0 \u00a0o secret\u00e1rio municipal de Ordem P\u00fablica, Jorge Coutinho; os vereadores Paulo Correa (presidente da C\u00e2mara Municipal), Lupa Vieira, Juninho Bandeira, Rodrigo Malaman, Nestor Leonel e Chafei Amsei Neto<br \/>\nO objetivo do conv\u00eanio, cuja participa\u00e7\u00e3o do munic\u00edpio de Barretos foi autorizada pela Lei 4.578, de 12 de setembro de 2011, e altera\u00e7\u00f5es subsequentes, \u00e9 a conjuga\u00e7\u00e3o de esfor\u00e7os em que a atividade delegada ter\u00e1 o emprego de militares do Estado, fardados e munidos do equipamento de prote\u00e7\u00e3o individual, em escala especial e em locais especificados em Plano de Trabalho, mediante delega\u00e7\u00e3o compartilhada das atribui\u00e7\u00f5es previstas em lei, que se refere \u00e0 fiscaliza\u00e7\u00e3o do funcionamento do com\u00e9rcio em geral, \u00a0ambulantes e inerentes ao sossego p\u00fablico, tudo sempre mantendo rela\u00e7\u00e3o com as miss\u00f5es constitucionais do Pol\u00edcia Militar do Estado de S\u00e3o Paulo, quais sejam o policiamento ostensivo e a preserva\u00e7\u00e3o da ordem p\u00fablica.<br \/>\nAs atividades realizadas pelo militar por for\u00e7a do objeto do conv\u00eanio, caracterizam-se como Regime Especial de Trabalho Policial, o que lhe garante todos os direitos pelo exerc\u00edcio de sua fun\u00e7\u00e3o. A jornada de PM empregado na atividade delegada, respeitadas as caracter\u00edsticas e exig\u00eancias do objeto, para efeito de pagamento de Gratifica\u00e7\u00e3o por Desempenho de Atividade Delegada, ser\u00e1 de oito horas de servi\u00e7o di\u00e1rias, com limite de at\u00e9 80 horas dentro do m\u00eas considerado.<br \/>\nO pagamento da gratifica\u00e7\u00e3o por desempenho de Atividade Delegada, conforme a Lei municipal 4.578, de 12 de setembro de 2011, ser\u00e1 para o conv\u00eanio, fixado em uma hora e meia UFESP (Unidade Fiscal do Estado de S\u00e3o Paulo), por hora trabalhada, para cada policial empregado, independente do posto ou gradua\u00e7\u00e3o que ocupe.<br \/>\nO tenente coronel Mauro afirmou que a celebra\u00e7\u00e3o do conv\u00eanio entre a Pol\u00edcia Militar e a Prefeitura \u00e9 muito importante, pois haver\u00e1 mais policiais nas ruas. \u201cTeremos um efetivo muito consider\u00e1vel no servi\u00e7o de policiamento. Isto \u00e9 mais seguran\u00e7a para as pessoas e a iniciativa da prefeita Paula Lemos que implanta efetivamente a Atividade Delegada \u00e9 muito louv\u00e1vel\u201d, destacou.<br \/>\n<strong>BENEF\u00cdCIOS \u2013<\/strong> O subcomandante do 33\u00ba BPMI, Major Frugeri, elencou os benef\u00edcios que proporciona para o munic\u00edpio, que na Atividade Delegada, a for\u00e7a policial sob coordena\u00e7\u00e3o de emprego a cargo do munic\u00edpio utiliza policiais militares em suas horas de folga, sem v\u00ednculo empregat\u00edcio do profissional com a Prefeitura, o que reflete em maior economia aos cofres municipais, pois \u00a0gastos e responsabilidades que ficariam a cargo somente do Estado, a Prefeitura fica isenta na forma\u00e7\u00e3o do profissional, treinamento, fardamento, colete bal\u00edstico, estrutura de r\u00e1dio comunica\u00e7\u00e3o, armamento, viatura\/combust\u00edvel, seguro contra acidentes, previd\u00eancia, estrutura administrativa.<br \/>\nOutro apontamento do oficial \u00e9 sobre a possibilidade de aumento ou diminui\u00e7\u00e3o de emprego do efetivo, a qualquer tempo, conforme a disponibilidade financeira do munic\u00edpio; possibilidade de emprego da atividade delegada tanto na \u00e1rea urbana quanto rural; e presta\u00e7\u00e3o de servi\u00e7os de responsabilidade do munic\u00edpio: fiscaliza\u00e7\u00e3o de ambulantes, alvar\u00e1s de postura, etc., refor\u00e7ados com a investidura policial militar.<br \/>\nA prefeita Paula Lemos ressaltou que cumpre mais um item do seu programa de governo antes mesmo dos 100 dias de gest\u00e3o com a implanta\u00e7\u00e3o da Atividade Delegada com a Pol\u00edcia Militar. \u201cA import\u00e2ncia deste conv\u00eanio est\u00e1 n\u00e3o s\u00f3 no fato de oferecermos mais seguran\u00e7a p\u00fablica para as pessoas, mas tamb\u00e9m a valoriza\u00e7\u00e3o profissional do militar que exercem seu trabalho com muita dedica\u00e7\u00e3o no seu dia\u201d, frisou.<\/p>\n","protected":false},"excerpt":{"rendered":"<p>A prefeita Paula Lemos anunciou e assinou durante live, na<\/p>\n","protected":false},"author":2,"featured_media":43562,"comment_status":"open","ping_status":"open","sticky":false,"template":"","format":"standard","meta":{"footnotes":""},"categories":[14,25],"tags":[],"class_list":["post-43558","post","type-post","status-publish","format-standard","has-post-thumbnail","hentry","category-barretos","category-cidades"],"yoast_head":"<!-- This site is optimized with the Yoast SEO plugin v27.4 - https:\/\/yoast.com\/product\/yoast-seo-wordpress\/ -->\n<title>Paula Lemos cumpre item do Plano de Governo em menos de 100 dias - Regi\u00e3o News<\/title>\n<meta name=\"robots\" content=\"index, follow, max-snippet:-1, max-image-preview:large, max-video-preview:-1\" \/>\n<link rel=\"canonical\" href=\"https:\/\/regiaonews.net.br\/2022\/2021\/02\/26\/paula-lemos-cumpre-item-do-plano-de-governo-em-menos-de-100-dias\/\" \/>\n<meta property=\"og:locale\" content=\"pt_BR\" \/>\n<meta property=\"og:type\" content=\"article\" \/>\n<meta property=\"og:title\" content=\"Paula Lemos cumpre item do Plano de Governo em menos de 100 dias - Regi\u00e3o News\" \/>\n<meta property=\"og:description\" content=\"A prefeita Paula Lemos anunciou e assinou durante live, na\" \/>\n<meta property=\"og:url\" content=\"https:\/\/regiaonews.net.br\/2022\/2021\/02\/26\/paula-lemos-cumpre-item-do-plano-de-governo-em-menos-de-100-dias\/\" \/>\n<meta property=\"og:site_name\" content=\"Regi\u00e3o News\" \/>\n<meta property=\"article:published_time\" content=\"2021-02-26T19:18:57+00:00\" \/>\n<meta property=\"og:image\" content=\"https:\/\/regiaonews.net.br\/2022\/wp-content\/uploads\/2021\/02\/NIV_7100.jpg\" \/>\n\t<meta property=\"og:image:width\" content=\"836\" \/>\n\t<meta property=\"og:image:height\" content=\"555\" \/>\n\t<meta property=\"og:image:type\" content=\"image\/jpeg\" \/>\n<meta name=\"author\" content=\"Roberto\" \/>\n<meta name=\"twitter:card\" content=\"summary_large_image\" \/>\n<meta name=\"twitter:label1\" content=\"Escrito por\" \/>\n\t<meta name=\"twitter:data1\" content=\"Roberto\" \/>\n\t<meta name=\"twitter:label2\" content=\"Est. tempo de leitura\" \/>\n\t<meta name=\"twitter:data2\" content=\"4 minutos\" \/>\n<script type=\"application\/ld+json\" class=\"yoast-schema-graph\">{\"@context\":\"https:\\\/\\\/schema.org\",\"@graph\":[{\"@type\":\"Article\",\"@id\":\"https:\\\/\\\/regiaonews.net.br\\\/2022\\\/2021\\\/02\\\/26\\\/paula-lemos-cumpre-item-do-plano-de-governo-em-menos-de-100-dias\\\/#article\",\"isPartOf\":{\"@id\":\"https:\\\/\\\/regiaonews.net.br\\\/2022\\\/2021\\\/02\\\/26\\\/paula-lemos-cumpre-item-do-plano-de-governo-em-menos-de-100-dias\\\/\"},\"author\":{\"name\":\"Roberto\",\"@id\":\"https:\\\/\\\/regiaonews.net.br\\\/2022\\\/#\\\/schema\\\/person\\\/2d205a608a5aa97ac279d7a5e6d89ad8\"},\"headline\":\"Paula Lemos cumpre item do Plano de Governo em menos de 100 dias\",\"datePublished\":\"2021-02-26T19:18:57+00:00\",\"mainEntityOfPage\":{\"@id\":\"https:\\\/\\\/regiaonews.net.br\\\/2022\\\/2021\\\/02\\\/26\\\/paula-lemos-cumpre-item-do-plano-de-governo-em-menos-de-100-dias\\\/\"},\"wordCount\":727,\"commentCount\":0,\"publisher\":{\"@id\":\"https:\\\/\\\/regiaonews.net.br\\\/2022\\\/#organization\"},\"image\":{\"@id\":\"https:\\\/\\\/regiaonews.net.br\\\/2022\\\/2021\\\/02\\\/26\\\/paula-lemos-cumpre-item-do-plano-de-governo-em-menos-de-100-dias\\\/#primaryimage\"},\"thumbnailUrl\":\"https:\\\/\\\/regiaonews.net.br\\\/2022\\\/wp-content\\\/uploads\\\/2021\\\/02\\\/NIV_7100.jpg\",\"articleSection\":[\"Barretos\",\"Cidades\"],\"inLanguage\":\"pt-BR\",\"potentialAction\":[{\"@type\":\"CommentAction\",\"name\":\"Comment\",\"target\":[\"https:\\\/\\\/regiaonews.net.br\\\/2022\\\/2021\\\/02\\\/26\\\/paula-lemos-cumpre-item-do-plano-de-governo-em-menos-de-100-dias\\\/#respond\"]}]},{\"@type\":\"WebPage\",\"@id\":\"https:\\\/\\\/regiaonews.net.br\\\/2022\\\/2021\\\/02\\\/26\\\/paula-lemos-cumpre-item-do-plano-de-governo-em-menos-de-100-dias\\\/\",\"url\":\"https:\\\/\\\/regiaonews.net.br\\\/2022\\\/2021\\\/02\\\/26\\\/paula-lemos-cumpre-item-do-plano-de-governo-em-menos-de-100-dias\\\/\",\"name\":\"Paula Lemos cumpre item do Plano de Governo em menos de 100 dias - Regi\u00e3o News\",\"isPartOf\":{\"@id\":\"https:\\\/\\\/regiaonews.net.br\\\/2022\\\/#website\"},\"primaryImageOfPage\":{\"@id\":\"https:\\\/\\\/regiaonews.net.br\\\/2022\\\/2021\\\/02\\\/26\\\/paula-lemos-cumpre-item-do-plano-de-governo-em-menos-de-100-dias\\\/#primaryimage\"},\"image\":{\"@id\":\"https:\\\/\\\/regiaonews.net.br\\\/2022\\\/2021\\\/02\\\/26\\\/paula-lemos-cumpre-item-do-plano-de-governo-em-menos-de-100-dias\\\/#primaryimage\"},\"thumbnailUrl\":\"https:\\\/\\\/regiaonews.net.br\\\/2022\\\/wp-content\\\/uploads\\\/2021\\\/02\\\/NIV_7100.jpg\",\"datePublished\":\"2021-02-26T19:18:57+00:00\",\"breadcrumb\":{\"@id\":\"https:\\\/\\\/regiaonews.net.br\\\/2022\\\/2021\\\/02\\\/26\\\/paula-lemos-cumpre-item-do-plano-de-governo-em-menos-de-100-dias\\\/#breadcrumb\"},\"inLanguage\":\"pt-BR\",\"potentialAction\":[{\"@type\":\"ReadAction\",\"target\":[\"https:\\\/\\\/regiaonews.net.br\\\/2022\\\/2021\\\/02\\\/26\\\/paula-lemos-cumpre-item-do-plano-de-governo-em-menos-de-100-dias\\\/\"]}]},{\"@type\":\"ImageObject\",\"inLanguage\":\"pt-BR\",\"@id\":\"https:\\\/\\\/regiaonews.net.br\\\/2022\\\/2021\\\/02\\\/26\\\/paula-lemos-cumpre-item-do-plano-de-governo-em-menos-de-100-dias\\\/#primaryimage\",\"url\":\"https:\\\/\\\/regiaonews.net.br\\\/2022\\\/wp-content\\\/uploads\\\/2021\\\/02\\\/NIV_7100.jpg\",\"contentUrl\":\"https:\\\/\\\/regiaonews.net.br\\\/2022\\\/wp-content\\\/uploads\\\/2021\\\/02\\\/NIV_7100.jpg\",\"width\":836,\"height\":555},{\"@type\":\"BreadcrumbList\",\"@id\":\"https:\\\/\\\/regiaonews.net.br\\\/2022\\\/2021\\\/02\\\/26\\\/paula-lemos-cumpre-item-do-plano-de-governo-em-menos-de-100-dias\\\/#breadcrumb\",\"itemListElement\":[{\"@type\":\"ListItem\",\"position\":1,\"name\":\"In\u00edcio\",\"item\":\"https:\\\/\\\/regiaonews.net.br\\\/2022\\\/\"},{\"@type\":\"ListItem\",\"position\":2,\"name\":\"Paula Lemos cumpre item do Plano de Governo em menos de 100 dias\"}]},{\"@type\":\"WebSite\",\"@id\":\"https:\\\/\\\/regiaonews.net.br\\\/2022\\\/#website\",\"url\":\"https:\\\/\\\/regiaonews.net.br\\\/2022\\\/\",\"name\":\"Regi\u00e3o News\",\"description\":\"Site de Not\u00edcias de Barretos e regi\u00e3o\",\"publisher\":{\"@id\":\"https:\\\/\\\/regiaonews.net.br\\\/2022\\\/#organization\"},\"potentialAction\":[{\"@type\":\"SearchAction\",\"target\":{\"@type\":\"EntryPoint\",\"urlTemplate\":\"https:\\\/\\\/regiaonews.net.br\\\/2022\\\/?s={search_term_string}\"},\"query-input\":{\"@type\":\"PropertyValueSpecification\",\"valueRequired\":true,\"valueName\":\"search_term_string\"}}],\"inLanguage\":\"pt-BR\"},{\"@type\":\"Organization\",\"@id\":\"https:\\\/\\\/regiaonews.net.br\\\/2022\\\/#organization\",\"name\":\"Regi\u00e3o News\",\"url\":\"https:\\\/\\\/regiaonews.net.br\\\/2022\\\/\",\"logo\":{\"@type\":\"ImageObject\",\"inLanguage\":\"pt-BR\",\"@id\":\"https:\\\/\\\/regiaonews.net.br\\\/2022\\\/#\\\/schema\\\/logo\\\/image\\\/\",\"url\":\"https:\\\/\\\/regiaonews.net.br\\\/2022\\\/wp-content\\\/uploads\\\/2026\\\/03\\\/regiao-13-anos-scaled.jpg\",\"contentUrl\":\"https:\\\/\\\/regiaonews.net.br\\\/2022\\\/wp-content\\\/uploads\\\/2026\\\/03\\\/regiao-13-anos-scaled.jpg\",\"width\":2560,\"height\":635,\"caption\":\"Regi\u00e3o News\"},\"image\":{\"@id\":\"https:\\\/\\\/regiaonews.net.br\\\/2022\\\/#\\\/schema\\\/logo\\\/image\\\/\"}},{\"@type\":\"Person\",\"@id\":\"https:\\\/\\\/regiaonews.net.br\\\/2022\\\/#\\\/schema\\\/person\\\/2d205a608a5aa97ac279d7a5e6d89ad8\",\"name\":\"Roberto\",\"image\":{\"@type\":\"ImageObject\",\"inLanguage\":\"pt-BR\",\"@id\":\"https:\\\/\\\/secure.gravatar.com\\\/avatar\\\/42749d8b712ff9d59ca93dc150494e5b55a44134482993f5baeb97e61b7ecc89?s=96&d=mm&r=g\",\"url\":\"https:\\\/\\\/secure.gravatar.com\\\/avatar\\\/42749d8b712ff9d59ca93dc150494e5b55a44134482993f5baeb97e61b7ecc89?s=96&d=mm&r=g\",\"contentUrl\":\"https:\\\/\\\/secure.gravatar.com\\\/avatar\\\/42749d8b712ff9d59ca93dc150494e5b55a44134482993f5baeb97e61b7ecc89?s=96&d=mm&r=g\",\"caption\":\"Roberto\"},\"url\":\"https:\\\/\\\/regiaonews.net.br\\\/2022\\\/author\\\/roberto\\\/\"}]}<\/script>\n<!-- \/ Yoast SEO plugin. -->","yoast_head_json":{"title":"Paula Lemos cumpre item do Plano de Governo em menos de 100 dias - Regi\u00e3o News","robots":{"index":"index","follow":"follow","max-snippet":"max-snippet:-1","max-image-preview":"max-image-preview:large","max-video-preview":"max-video-preview:-1"},"canonical":"https:\/\/regiaonews.net.br\/2022\/2021\/02\/26\/paula-lemos-cumpre-item-do-plano-de-governo-em-menos-de-100-dias\/","og_locale":"pt_BR","og_type":"article","og_title":"Paula Lemos cumpre item do Plano de Governo em menos de 100 dias - Regi\u00e3o News","og_description":"A prefeita Paula Lemos anunciou e assinou durante live, na","og_url":"https:\/\/regiaonews.net.br\/2022\/2021\/02\/26\/paula-lemos-cumpre-item-do-plano-de-governo-em-menos-de-100-dias\/","og_site_name":"Regi\u00e3o News","article_published_time":"2021-02-26T19:18:57+00:00","og_image":[{"width":836,"height":555,"url":"https:\/\/regiaonews.net.br\/2022\/wp-content\/uploads\/2021\/02\/NIV_7100.jpg","type":"image\/jpeg"}],"author":"Roberto","twitter_card":"summary_large_image","twitter_misc":{"Escrito por":"Roberto","Est. tempo de leitura":"4 minutos"},"schema":{"@context":"https:\/\/schema.org","@graph":[{"@type":"Article","@id":"https:\/\/regiaonews.net.br\/2022\/2021\/02\/26\/paula-lemos-cumpre-item-do-plano-de-governo-em-menos-de-100-dias\/#article","isPartOf":{"@id":"https:\/\/regiaonews.net.br\/2022\/2021\/02\/26\/paula-lemos-cumpre-item-do-plano-de-governo-em-menos-de-100-dias\/"},"author":{"name":"Roberto","@id":"https:\/\/regiaonews.net.br\/2022\/#\/schema\/person\/2d205a608a5aa97ac279d7a5e6d89ad8"},"headline":"Paula Lemos cumpre item do Plano de Governo em menos de 100 dias","datePublished":"2021-02-26T19:18:57+00:00","mainEntityOfPage":{"@id":"https:\/\/regiaonews.net.br\/2022\/2021\/02\/26\/paula-lemos-cumpre-item-do-plano-de-governo-em-menos-de-100-dias\/"},"wordCount":727,"commentCount":0,"publisher":{"@id":"https:\/\/regiaonews.net.br\/2022\/#organization"},"image":{"@id":"https:\/\/regiaonews.net.br\/2022\/2021\/02\/26\/paula-lemos-cumpre-item-do-plano-de-governo-em-menos-de-100-dias\/#primaryimage"},"thumbnailUrl":"https:\/\/regiaonews.net.br\/2022\/wp-content\/uploads\/2021\/02\/NIV_7100.jpg","articleSection":["Barretos","Cidades"],"inLanguage":"pt-BR","potentialAction":[{"@type":"CommentAction","name":"Comment","target":["https:\/\/regiaonews.net.br\/2022\/2021\/02\/26\/paula-lemos-cumpre-item-do-plano-de-governo-em-menos-de-100-dias\/#respond"]}]},{"@type":"WebPage","@id":"https:\/\/regiaonews.net.br\/2022\/2021\/02\/26\/paula-lemos-cumpre-item-do-plano-de-governo-em-menos-de-100-dias\/","url":"https:\/\/regiaonews.net.br\/2022\/2021\/02\/26\/paula-lemos-cumpre-item-do-plano-de-governo-em-menos-de-100-dias\/","name":"Paula Lemos cumpre item do Plano de Governo em menos de 100 dias - Regi\u00e3o News","isPartOf":{"@id":"https:\/\/regiaonews.net.br\/2022\/#website"},"primaryImageOfPage":{"@id":"https:\/\/regiaonews.net.br\/2022\/2021\/02\/26\/paula-lemos-cumpre-item-do-plano-de-governo-em-menos-de-100-dias\/#primaryimage"},"image":{"@id":"https:\/\/regiaonews.net.br\/2022\/2021\/02\/26\/paula-lemos-cumpre-item-do-plano-de-governo-em-menos-de-100-dias\/#primaryimage"},"thumbnailUrl":"https:\/\/regiaonews.net.br\/2022\/wp-content\/uploads\/2021\/02\/NIV_7100.jpg","datePublished":"2021-02-26T19:18:57+00:00","breadcrumb":{"@id":"https:\/\/regiaonews.net.br\/2022\/2021\/02\/26\/paula-lemos-cumpre-item-do-plano-de-governo-em-menos-de-100-dias\/#breadcrumb"},"inLanguage":"pt-BR","potentialAction":[{"@type":"ReadAction","target":["https:\/\/regiaonews.net.br\/2022\/2021\/02\/26\/paula-lemos-cumpre-item-do-plano-de-governo-em-menos-de-100-dias\/"]}]},{"@type":"ImageObject","inLanguage":"pt-BR","@id":"https:\/\/regiaonews.net.br\/2022\/2021\/02\/26\/paula-lemos-cumpre-item-do-plano-de-governo-em-menos-de-100-dias\/#primaryimage","url":"https:\/\/regiaonews.net.br\/2022\/wp-content\/uploads\/2021\/02\/NIV_7100.jpg","contentUrl":"https:\/\/regiaonews.net.br\/2022\/wp-content\/uploads\/2021\/02\/NIV_7100.jpg","width":836,"height":555},{"@type":"BreadcrumbList","@id":"https:\/\/regiaonews.net.br\/2022\/2021\/02\/26\/paula-lemos-cumpre-item-do-plano-de-governo-em-menos-de-100-dias\/#breadcrumb","itemListElement":[{"@type":"ListItem","position":1,"name":"In\u00edcio","item":"https:\/\/regiaonews.net.br\/2022\/"},{"@type":"ListItem","position":2,"name":"Paula Lemos cumpre item do Plano de Governo em menos de 100 dias"}]},{"@type":"WebSite","@id":"https:\/\/regiaonews.net.br\/2022\/#website","url":"https:\/\/regiaonews.net.br\/2022\/","name":"Regi\u00e3o News","description":"Site de Not\u00edcias de Barretos e regi\u00e3o","publisher":{"@id":"https:\/\/regiaonews.net.br\/2022\/#organization"},"potentialAction":[{"@type":"SearchAction","target":{"@type":"EntryPoint","urlTemplate":"https:\/\/regiaonews.net.br\/2022\/?s={search_term_string}"},"query-input":{"@type":"PropertyValueSpecification","valueRequired":true,"valueName":"search_term_string"}}],"inLanguage":"pt-BR"},{"@type":"Organization","@id":"https:\/\/regiaonews.net.br\/2022\/#organization","name":"Regi\u00e3o News","url":"https:\/\/regiaonews.net.br\/2022\/","logo":{"@type":"ImageObject","inLanguage":"pt-BR","@id":"https:\/\/regiaonews.net.br\/2022\/#\/schema\/logo\/image\/","url":"https:\/\/regiaonews.net.br\/2022\/wp-content\/uploads\/2026\/03\/regiao-13-anos-scaled.jpg","contentUrl":"https:\/\/regiaonews.net.br\/2022\/wp-content\/uploads\/2026\/03\/regiao-13-anos-scaled.jpg","width":2560,"height":635,"caption":"Regi\u00e3o News"},"image":{"@id":"https:\/\/regiaonews.net.br\/2022\/#\/schema\/logo\/image\/"}},{"@type":"Person","@id":"https:\/\/regiaonews.net.br\/2022\/#\/schema\/person\/2d205a608a5aa97ac279d7a5e6d89ad8","name":"Roberto","image":{"@type":"ImageObject","inLanguage":"pt-BR","@id":"https:\/\/secure.gravatar.com\/avatar\/42749d8b712ff9d59ca93dc150494e5b55a44134482993f5baeb97e61b7ecc89?s=96&d=mm&r=g","url":"https:\/\/secure.gravatar.com\/avatar\/42749d8b712ff9d59ca93dc150494e5b55a44134482993f5baeb97e61b7ecc89?s=96&d=mm&r=g","contentUrl":"https:\/\/secure.gravatar.com\/avatar\/42749d8b712ff9d59ca93dc150494e5b55a44134482993f5baeb97e61b7ecc89?s=96&d=mm&r=g","caption":"Roberto"},"url":"https:\/\/regiaonews.net.br\/2022\/author\/roberto\/"}]}},"publishpress_future_action":{"enabled":false,"date":"2026-05-03 18:56:42","action":"change-status","newStatus":"draft","terms":[],"taxonomy":"category","extraData":[]},"publishpress_future_workflow_manual_trigger":{"enabledWorkflows":[]},"_links":{"self":[{"href":"https:\/\/regiaonews.net.br\/2022\/wp-json\/wp\/v2\/posts\/43558","targetHints":{"allow":["GET"]}}],"collection":[{"href":"https:\/\/regiaonews.net.br\/2022\/wp-json\/wp\/v2\/posts"}],"about":[{"href":"https:\/\/regiaonews.net.br\/2022\/wp-json\/wp\/v2\/types\/post"}],"author":[{"embeddable":true,"href":"https:\/\/regiaonews.net.br\/2022\/wp-json\/wp\/v2\/users\/2"}],"replies":[{"embeddable":true,"href":"https:\/\/regiaonews.net.br\/2022\/wp-json\/wp\/v2\/comments?post=43558"}],"version-history":[{"count":0,"href":"https:\/\/regiaonews.net.br\/2022\/wp-json\/wp\/v2\/posts\/43558\/revisions"}],"wp:featuredmedia":[{"embeddable":true,"href":"https:\/\/regiaonews.net.br\/2022\/wp-json\/wp\/v2\/media\/43562"}],"wp:attachment":[{"href":"https:\/\/regiaonews.net.br\/2022\/wp-json\/wp\/v2\/media?parent=43558"}],"wp:term":[{"taxonomy":"category","embeddable":true,"href":"https:\/\/regiaonews.net.br\/2022\/wp-json\/wp\/v2\/categories?post=43558"},{"taxonomy":"post_tag","embeddable":true,"href":"https:\/\/regiaonews.net.br\/2022\/wp-json\/wp\/v2\/tags?post=43558"}],"curies":[{"name":"wp","href":"https:\/\/api.w.org\/{rel}","templated":true}]}}