{"id":43466,"date":"2021-02-23T20:42:46","date_gmt":"2021-02-23T23:42:46","guid":{"rendered":"https:\/\/regiaonews.net.br\/2022\/?p=43466"},"modified":"2021-02-23T20:42:46","modified_gmt":"2021-02-23T23:42:46","slug":"prefeita-paula-anuncia-prorrogacao-do-prazo-para-pagamento-a-vista-do-iptu-em-barretos","status":"publish","type":"post","link":"https:\/\/regiaonews.net.br\/2022\/2021\/02\/23\/prefeita-paula-anuncia-prorrogacao-do-prazo-para-pagamento-a-vista-do-iptu-em-barretos\/","title":{"rendered":"Prefeita Paula anuncia prorroga\u00e7\u00e3o do prazo para pagamento \u00e0 vista do IPTU em Barretos"},"content":{"rendered":"<p><a href=\"https:\/\/regiaonews.net.br\/2022\/wp-content\/uploads\/2021\/02\/20210223_204029.jpg\"><img loading=\"lazy\" decoding=\"async\" class=\"alignnone size-medium wp-image-43469\" src=\"https:\/\/regiaonews.net.br\/2022\/wp-content\/uploads\/2021\/02\/20210223_204029-300x193.jpg\" alt=\"\" width=\"300\" height=\"193\" \/><\/a><\/p>\n<p>O pagamento a vista do IPTU (Imposto Predial e Territorial Urbano) est\u00e1 prorrogado at\u00e9 o dia 10 de mar\u00e7o, em Barretos. Para isto a prefeita Paula Lemos enviou projeto de lei complementar \u00a0para a C\u00e2mara de Vereadores, que foi aprovado em sess\u00e3o na segunda-feira, 22 de fevereiro. O anuncio foi feito em live \u2013 coletivo, nesta ter\u00e7a-feira, 23 de fevereiro\/21.<br \/>\nPara usufruir do novo prazo, o contribuinte dever\u00e1 solicitar novo boleto para o pagamento da parcela \u00fanica no Departamento de Receita do Pa\u00e7o Municipal \u201cSim\u00e3o Ant\u00f4nio Marques \u2013 Librina\u201d, ou no site:\u00a0<a class=\"ms-outlook-linkify\" href=\"http:\/\/www.barretos.sp.gov.br\/\">www.barretos.sp.gov.br<\/a>, Servi\u00e7os Online (Consulta d\u00e9bitos: IPTU\/Taxa de Licen\u00e7a).<br \/>\nO Departamento de Receita informou que os descontos vigentes para o prazo anterior permanecem para a prorroga\u00e7\u00e3o. Em rela\u00e7\u00e3o ao pagamento parcelado, o prazo \u00e9 sempre no sexto dia \u00fatil de cada m\u00eas.<br \/>\nA Prefeitura lembra, que conforme lei municipal, para quem pagar \u00e0 vista o desconto pode chegar at\u00e9 45%, sendo 10% por ser \u00e0 vista, 15% por adimpl\u00eancia e mais 20% desde que tenha \u00e1rvore plantada na cal\u00e7ada, n\u00famero bem vis\u00edvel no im\u00f3vel, caixa de correio instalada, boa visualiza\u00e7\u00e3o para medi\u00e7\u00e3o do hidr\u00f4metro e rel\u00f3gio de energia, e lixeira colocada na cal\u00e7ada, cujo pedido tenha sido feito por requerimento junto a Prefeitura, nos anos anteriores.<br \/>\nPara quem optou pelo pagamento parceladamente os descontos tamb\u00e9m est\u00e3o previstos em lei, sendo 5% para adimplentes at\u00e9 a data do vencimento, e metade do desconto complementar para cada item, chegando at\u00e9 poss\u00edveis 15% de descontos no total.<br \/>\nO pagamento pode ser feito em qualquer ag\u00eancia banc\u00e1ria at\u00e9 a data do vencimento, pois a Prefeitura adota a forma de boleto registrado. \u201cO projeto de minha iniciativa visa atender as pessoas neste momento de dificuldade por qual passa toda sociedade, assim as pessoas ter\u00e3o mais tempo para se reestruturarem financeiramente\u201d, concluiu Paula Lemos.<\/p>\n","protected":false},"excerpt":{"rendered":"<p>O pagamento a vista do IPTU (Imposto Predial e Territorial<\/p>\n","protected":false},"author":2,"featured_media":43469,"comment_status":"open","ping_status":"open","sticky":false,"template":"","format":"standard","meta":{"footnotes":""},"categories":[14,25,22],"tags":[],"class_list":["post-43466","post","type-post","status-publish","format-standard","has-post-thumbnail","hentry","category-barretos","category-cidades","category-politica"],"yoast_head":"<!-- This site is optimized with the Yoast SEO plugin v27.4 - https:\/\/yoast.com\/product\/yoast-seo-wordpress\/ -->\n<title>Prefeita Paula anuncia prorroga\u00e7\u00e3o do prazo para pagamento \u00e0 vista do IPTU em Barretos - Regi\u00e3o News<\/title>\n<meta name=\"robots\" content=\"index, follow, max-snippet:-1, max-image-preview:large, max-video-preview:-1\" \/>\n<link rel=\"canonical\" href=\"https:\/\/regiaonews.net.br\/2022\/2021\/02\/23\/prefeita-paula-anuncia-prorrogacao-do-prazo-para-pagamento-a-vista-do-iptu-em-barretos\/\" \/>\n<meta property=\"og:locale\" content=\"pt_BR\" \/>\n<meta property=\"og:type\" content=\"article\" \/>\n<meta property=\"og:title\" content=\"Prefeita Paula anuncia prorroga\u00e7\u00e3o do prazo para pagamento \u00e0 vista do IPTU em Barretos - Regi\u00e3o News\" \/>\n<meta property=\"og:description\" content=\"O pagamento a vista do IPTU (Imposto Predial e Territorial\" \/>\n<meta property=\"og:url\" content=\"https:\/\/regiaonews.net.br\/2022\/2021\/02\/23\/prefeita-paula-anuncia-prorrogacao-do-prazo-para-pagamento-a-vista-do-iptu-em-barretos\/\" \/>\n<meta property=\"og:site_name\" content=\"Regi\u00e3o News\" \/>\n<meta property=\"article:published_time\" content=\"2021-02-23T23:42:46+00:00\" \/>\n<meta property=\"og:image\" content=\"https:\/\/regiaonews.net.br\/2022\/wp-content\/uploads\/2021\/02\/20210223_204029.jpg\" \/>\n\t<meta property=\"og:image:width\" content=\"1080\" \/>\n\t<meta property=\"og:image:height\" content=\"695\" \/>\n\t<meta property=\"og:image:type\" content=\"image\/jpeg\" \/>\n<meta name=\"author\" content=\"Roberto\" \/>\n<meta name=\"twitter:card\" content=\"summary_large_image\" \/>\n<meta name=\"twitter:label1\" content=\"Escrito por\" \/>\n\t<meta name=\"twitter:data1\" content=\"Roberto\" \/>\n\t<meta name=\"twitter:label2\" content=\"Est. tempo de leitura\" \/>\n\t<meta name=\"twitter:data2\" content=\"2 minutos\" \/>\n<script type=\"application\/ld+json\" class=\"yoast-schema-graph\">{\"@context\":\"https:\\\/\\\/schema.org\",\"@graph\":[{\"@type\":\"Article\",\"@id\":\"https:\\\/\\\/regiaonews.net.br\\\/2022\\\/2021\\\/02\\\/23\\\/prefeita-paula-anuncia-prorrogacao-do-prazo-para-pagamento-a-vista-do-iptu-em-barretos\\\/#article\",\"isPartOf\":{\"@id\":\"https:\\\/\\\/regiaonews.net.br\\\/2022\\\/2021\\\/02\\\/23\\\/prefeita-paula-anuncia-prorrogacao-do-prazo-para-pagamento-a-vista-do-iptu-em-barretos\\\/\"},\"author\":{\"name\":\"Roberto\",\"@id\":\"https:\\\/\\\/regiaonews.net.br\\\/2022\\\/#\\\/schema\\\/person\\\/2d205a608a5aa97ac279d7a5e6d89ad8\"},\"headline\":\"Prefeita Paula anuncia prorroga\u00e7\u00e3o do prazo para pagamento \u00e0 vista do IPTU em Barretos\",\"datePublished\":\"2021-02-23T23:42:46+00:00\",\"mainEntityOfPage\":{\"@id\":\"https:\\\/\\\/regiaonews.net.br\\\/2022\\\/2021\\\/02\\\/23\\\/prefeita-paula-anuncia-prorrogacao-do-prazo-para-pagamento-a-vista-do-iptu-em-barretos\\\/\"},\"wordCount\":333,\"commentCount\":0,\"publisher\":{\"@id\":\"https:\\\/\\\/regiaonews.net.br\\\/2022\\\/#organization\"},\"image\":{\"@id\":\"https:\\\/\\\/regiaonews.net.br\\\/2022\\\/2021\\\/02\\\/23\\\/prefeita-paula-anuncia-prorrogacao-do-prazo-para-pagamento-a-vista-do-iptu-em-barretos\\\/#primaryimage\"},\"thumbnailUrl\":\"https:\\\/\\\/regiaonews.net.br\\\/2022\\\/wp-content\\\/uploads\\\/2021\\\/02\\\/20210223_204029.jpg\",\"articleSection\":[\"Barretos\",\"Cidades\",\"Pol\u00edtica\"],\"inLanguage\":\"pt-BR\",\"potentialAction\":[{\"@type\":\"CommentAction\",\"name\":\"Comment\",\"target\":[\"https:\\\/\\\/regiaonews.net.br\\\/2022\\\/2021\\\/02\\\/23\\\/prefeita-paula-anuncia-prorrogacao-do-prazo-para-pagamento-a-vista-do-iptu-em-barretos\\\/#respond\"]}]},{\"@type\":\"WebPage\",\"@id\":\"https:\\\/\\\/regiaonews.net.br\\\/2022\\\/2021\\\/02\\\/23\\\/prefeita-paula-anuncia-prorrogacao-do-prazo-para-pagamento-a-vista-do-iptu-em-barretos\\\/\",\"url\":\"https:\\\/\\\/regiaonews.net.br\\\/2022\\\/2021\\\/02\\\/23\\\/prefeita-paula-anuncia-prorrogacao-do-prazo-para-pagamento-a-vista-do-iptu-em-barretos\\\/\",\"name\":\"Prefeita Paula anuncia prorroga\u00e7\u00e3o do prazo para pagamento \u00e0 vista do IPTU em Barretos - Regi\u00e3o News\",\"isPartOf\":{\"@id\":\"https:\\\/\\\/regiaonews.net.br\\\/2022\\\/#website\"},\"primaryImageOfPage\":{\"@id\":\"https:\\\/\\\/regiaonews.net.br\\\/2022\\\/2021\\\/02\\\/23\\\/prefeita-paula-anuncia-prorrogacao-do-prazo-para-pagamento-a-vista-do-iptu-em-barretos\\\/#primaryimage\"},\"image\":{\"@id\":\"https:\\\/\\\/regiaonews.net.br\\\/2022\\\/2021\\\/02\\\/23\\\/prefeita-paula-anuncia-prorrogacao-do-prazo-para-pagamento-a-vista-do-iptu-em-barretos\\\/#primaryimage\"},\"thumbnailUrl\":\"https:\\\/\\\/regiaonews.net.br\\\/2022\\\/wp-content\\\/uploads\\\/2021\\\/02\\\/20210223_204029.jpg\",\"datePublished\":\"2021-02-23T23:42:46+00:00\",\"breadcrumb\":{\"@id\":\"https:\\\/\\\/regiaonews.net.br\\\/2022\\\/2021\\\/02\\\/23\\\/prefeita-paula-anuncia-prorrogacao-do-prazo-para-pagamento-a-vista-do-iptu-em-barretos\\\/#breadcrumb\"},\"inLanguage\":\"pt-BR\",\"potentialAction\":[{\"@type\":\"ReadAction\",\"target\":[\"https:\\\/\\\/regiaonews.net.br\\\/2022\\\/2021\\\/02\\\/23\\\/prefeita-paula-anuncia-prorrogacao-do-prazo-para-pagamento-a-vista-do-iptu-em-barretos\\\/\"]}]},{\"@type\":\"ImageObject\",\"inLanguage\":\"pt-BR\",\"@id\":\"https:\\\/\\\/regiaonews.net.br\\\/2022\\\/2021\\\/02\\\/23\\\/prefeita-paula-anuncia-prorrogacao-do-prazo-para-pagamento-a-vista-do-iptu-em-barretos\\\/#primaryimage\",\"url\":\"https:\\\/\\\/regiaonews.net.br\\\/2022\\\/wp-content\\\/uploads\\\/2021\\\/02\\\/20210223_204029.jpg\",\"contentUrl\":\"https:\\\/\\\/regiaonews.net.br\\\/2022\\\/wp-content\\\/uploads\\\/2021\\\/02\\\/20210223_204029.jpg\",\"width\":1080,\"height\":695},{\"@type\":\"BreadcrumbList\",\"@id\":\"https:\\\/\\\/regiaonews.net.br\\\/2022\\\/2021\\\/02\\\/23\\\/prefeita-paula-anuncia-prorrogacao-do-prazo-para-pagamento-a-vista-do-iptu-em-barretos\\\/#breadcrumb\",\"itemListElement\":[{\"@type\":\"ListItem\",\"position\":1,\"name\":\"In\u00edcio\",\"item\":\"https:\\\/\\\/regiaonews.net.br\\\/2022\\\/\"},{\"@type\":\"ListItem\",\"position\":2,\"name\":\"Prefeita Paula anuncia prorroga\u00e7\u00e3o do prazo para pagamento \u00e0 vista do IPTU em Barretos\"}]},{\"@type\":\"WebSite\",\"@id\":\"https:\\\/\\\/regiaonews.net.br\\\/2022\\\/#website\",\"url\":\"https:\\\/\\\/regiaonews.net.br\\\/2022\\\/\",\"name\":\"Regi\u00e3o News\",\"description\":\"Site de Not\u00edcias de Barretos e regi\u00e3o\",\"publisher\":{\"@id\":\"https:\\\/\\\/regiaonews.net.br\\\/2022\\\/#organization\"},\"potentialAction\":[{\"@type\":\"SearchAction\",\"target\":{\"@type\":\"EntryPoint\",\"urlTemplate\":\"https:\\\/\\\/regiaonews.net.br\\\/2022\\\/?s={search_term_string}\"},\"query-input\":{\"@type\":\"PropertyValueSpecification\",\"valueRequired\":true,\"valueName\":\"search_term_string\"}}],\"inLanguage\":\"pt-BR\"},{\"@type\":\"Organization\",\"@id\":\"https:\\\/\\\/regiaonews.net.br\\\/2022\\\/#organization\",\"name\":\"Regi\u00e3o News\",\"url\":\"https:\\\/\\\/regiaonews.net.br\\\/2022\\\/\",\"logo\":{\"@type\":\"ImageObject\",\"inLanguage\":\"pt-BR\",\"@id\":\"https:\\\/\\\/regiaonews.net.br\\\/2022\\\/#\\\/schema\\\/logo\\\/image\\\/\",\"url\":\"https:\\\/\\\/regiaonews.net.br\\\/2022\\\/wp-content\\\/uploads\\\/2026\\\/03\\\/regiao-13-anos-scaled.jpg\",\"contentUrl\":\"https:\\\/\\\/regiaonews.net.br\\\/2022\\\/wp-content\\\/uploads\\\/2026\\\/03\\\/regiao-13-anos-scaled.jpg\",\"width\":2560,\"height\":635,\"caption\":\"Regi\u00e3o News\"},\"image\":{\"@id\":\"https:\\\/\\\/regiaonews.net.br\\\/2022\\\/#\\\/schema\\\/logo\\\/image\\\/\"}},{\"@type\":\"Person\",\"@id\":\"https:\\\/\\\/regiaonews.net.br\\\/2022\\\/#\\\/schema\\\/person\\\/2d205a608a5aa97ac279d7a5e6d89ad8\",\"name\":\"Roberto\",\"image\":{\"@type\":\"ImageObject\",\"inLanguage\":\"pt-BR\",\"@id\":\"https:\\\/\\\/secure.gravatar.com\\\/avatar\\\/42749d8b712ff9d59ca93dc150494e5b55a44134482993f5baeb97e61b7ecc89?s=96&d=mm&r=g\",\"url\":\"https:\\\/\\\/secure.gravatar.com\\\/avatar\\\/42749d8b712ff9d59ca93dc150494e5b55a44134482993f5baeb97e61b7ecc89?s=96&d=mm&r=g\",\"contentUrl\":\"https:\\\/\\\/secure.gravatar.com\\\/avatar\\\/42749d8b712ff9d59ca93dc150494e5b55a44134482993f5baeb97e61b7ecc89?s=96&d=mm&r=g\",\"caption\":\"Roberto\"},\"url\":\"https:\\\/\\\/regiaonews.net.br\\\/2022\\\/author\\\/roberto\\\/\"}]}<\/script>\n<!-- \/ Yoast SEO plugin. -->","yoast_head_json":{"title":"Prefeita Paula anuncia prorroga\u00e7\u00e3o do prazo para pagamento \u00e0 vista do IPTU em Barretos - Regi\u00e3o News","robots":{"index":"index","follow":"follow","max-snippet":"max-snippet:-1","max-image-preview":"max-image-preview:large","max-video-preview":"max-video-preview:-1"},"canonical":"https:\/\/regiaonews.net.br\/2022\/2021\/02\/23\/prefeita-paula-anuncia-prorrogacao-do-prazo-para-pagamento-a-vista-do-iptu-em-barretos\/","og_locale":"pt_BR","og_type":"article","og_title":"Prefeita Paula anuncia prorroga\u00e7\u00e3o do prazo para pagamento \u00e0 vista do IPTU em Barretos - Regi\u00e3o News","og_description":"O pagamento a vista do IPTU (Imposto Predial e Territorial","og_url":"https:\/\/regiaonews.net.br\/2022\/2021\/02\/23\/prefeita-paula-anuncia-prorrogacao-do-prazo-para-pagamento-a-vista-do-iptu-em-barretos\/","og_site_name":"Regi\u00e3o News","article_published_time":"2021-02-23T23:42:46+00:00","og_image":[{"width":1080,"height":695,"url":"https:\/\/regiaonews.net.br\/2022\/wp-content\/uploads\/2021\/02\/20210223_204029.jpg","type":"image\/jpeg"}],"author":"Roberto","twitter_card":"summary_large_image","twitter_misc":{"Escrito por":"Roberto","Est. tempo de leitura":"2 minutos"},"schema":{"@context":"https:\/\/schema.org","@graph":[{"@type":"Article","@id":"https:\/\/regiaonews.net.br\/2022\/2021\/02\/23\/prefeita-paula-anuncia-prorrogacao-do-prazo-para-pagamento-a-vista-do-iptu-em-barretos\/#article","isPartOf":{"@id":"https:\/\/regiaonews.net.br\/2022\/2021\/02\/23\/prefeita-paula-anuncia-prorrogacao-do-prazo-para-pagamento-a-vista-do-iptu-em-barretos\/"},"author":{"name":"Roberto","@id":"https:\/\/regiaonews.net.br\/2022\/#\/schema\/person\/2d205a608a5aa97ac279d7a5e6d89ad8"},"headline":"Prefeita Paula anuncia prorroga\u00e7\u00e3o do prazo para pagamento \u00e0 vista do IPTU em Barretos","datePublished":"2021-02-23T23:42:46+00:00","mainEntityOfPage":{"@id":"https:\/\/regiaonews.net.br\/2022\/2021\/02\/23\/prefeita-paula-anuncia-prorrogacao-do-prazo-para-pagamento-a-vista-do-iptu-em-barretos\/"},"wordCount":333,"commentCount":0,"publisher":{"@id":"https:\/\/regiaonews.net.br\/2022\/#organization"},"image":{"@id":"https:\/\/regiaonews.net.br\/2022\/2021\/02\/23\/prefeita-paula-anuncia-prorrogacao-do-prazo-para-pagamento-a-vista-do-iptu-em-barretos\/#primaryimage"},"thumbnailUrl":"https:\/\/regiaonews.net.br\/2022\/wp-content\/uploads\/2021\/02\/20210223_204029.jpg","articleSection":["Barretos","Cidades","Pol\u00edtica"],"inLanguage":"pt-BR","potentialAction":[{"@type":"CommentAction","name":"Comment","target":["https:\/\/regiaonews.net.br\/2022\/2021\/02\/23\/prefeita-paula-anuncia-prorrogacao-do-prazo-para-pagamento-a-vista-do-iptu-em-barretos\/#respond"]}]},{"@type":"WebPage","@id":"https:\/\/regiaonews.net.br\/2022\/2021\/02\/23\/prefeita-paula-anuncia-prorrogacao-do-prazo-para-pagamento-a-vista-do-iptu-em-barretos\/","url":"https:\/\/regiaonews.net.br\/2022\/2021\/02\/23\/prefeita-paula-anuncia-prorrogacao-do-prazo-para-pagamento-a-vista-do-iptu-em-barretos\/","name":"Prefeita Paula anuncia prorroga\u00e7\u00e3o do prazo para pagamento \u00e0 vista do IPTU em Barretos - Regi\u00e3o News","isPartOf":{"@id":"https:\/\/regiaonews.net.br\/2022\/#website"},"primaryImageOfPage":{"@id":"https:\/\/regiaonews.net.br\/2022\/2021\/02\/23\/prefeita-paula-anuncia-prorrogacao-do-prazo-para-pagamento-a-vista-do-iptu-em-barretos\/#primaryimage"},"image":{"@id":"https:\/\/regiaonews.net.br\/2022\/2021\/02\/23\/prefeita-paula-anuncia-prorrogacao-do-prazo-para-pagamento-a-vista-do-iptu-em-barretos\/#primaryimage"},"thumbnailUrl":"https:\/\/regiaonews.net.br\/2022\/wp-content\/uploads\/2021\/02\/20210223_204029.jpg","datePublished":"2021-02-23T23:42:46+00:00","breadcrumb":{"@id":"https:\/\/regiaonews.net.br\/2022\/2021\/02\/23\/prefeita-paula-anuncia-prorrogacao-do-prazo-para-pagamento-a-vista-do-iptu-em-barretos\/#breadcrumb"},"inLanguage":"pt-BR","potentialAction":[{"@type":"ReadAction","target":["https:\/\/regiaonews.net.br\/2022\/2021\/02\/23\/prefeita-paula-anuncia-prorrogacao-do-prazo-para-pagamento-a-vista-do-iptu-em-barretos\/"]}]},{"@type":"ImageObject","inLanguage":"pt-BR","@id":"https:\/\/regiaonews.net.br\/2022\/2021\/02\/23\/prefeita-paula-anuncia-prorrogacao-do-prazo-para-pagamento-a-vista-do-iptu-em-barretos\/#primaryimage","url":"https:\/\/regiaonews.net.br\/2022\/wp-content\/uploads\/2021\/02\/20210223_204029.jpg","contentUrl":"https:\/\/regiaonews.net.br\/2022\/wp-content\/uploads\/2021\/02\/20210223_204029.jpg","width":1080,"height":695},{"@type":"BreadcrumbList","@id":"https:\/\/regiaonews.net.br\/2022\/2021\/02\/23\/prefeita-paula-anuncia-prorrogacao-do-prazo-para-pagamento-a-vista-do-iptu-em-barretos\/#breadcrumb","itemListElement":[{"@type":"ListItem","position":1,"name":"In\u00edcio","item":"https:\/\/regiaonews.net.br\/2022\/"},{"@type":"ListItem","position":2,"name":"Prefeita Paula anuncia prorroga\u00e7\u00e3o do prazo para pagamento \u00e0 vista do IPTU em Barretos"}]},{"@type":"WebSite","@id":"https:\/\/regiaonews.net.br\/2022\/#website","url":"https:\/\/regiaonews.net.br\/2022\/","name":"Regi\u00e3o News","description":"Site de Not\u00edcias de Barretos e regi\u00e3o","publisher":{"@id":"https:\/\/regiaonews.net.br\/2022\/#organization"},"potentialAction":[{"@type":"SearchAction","target":{"@type":"EntryPoint","urlTemplate":"https:\/\/regiaonews.net.br\/2022\/?s={search_term_string}"},"query-input":{"@type":"PropertyValueSpecification","valueRequired":true,"valueName":"search_term_string"}}],"inLanguage":"pt-BR"},{"@type":"Organization","@id":"https:\/\/regiaonews.net.br\/2022\/#organization","name":"Regi\u00e3o News","url":"https:\/\/regiaonews.net.br\/2022\/","logo":{"@type":"ImageObject","inLanguage":"pt-BR","@id":"https:\/\/regiaonews.net.br\/2022\/#\/schema\/logo\/image\/","url":"https:\/\/regiaonews.net.br\/2022\/wp-content\/uploads\/2026\/03\/regiao-13-anos-scaled.jpg","contentUrl":"https:\/\/regiaonews.net.br\/2022\/wp-content\/uploads\/2026\/03\/regiao-13-anos-scaled.jpg","width":2560,"height":635,"caption":"Regi\u00e3o News"},"image":{"@id":"https:\/\/regiaonews.net.br\/2022\/#\/schema\/logo\/image\/"}},{"@type":"Person","@id":"https:\/\/regiaonews.net.br\/2022\/#\/schema\/person\/2d205a608a5aa97ac279d7a5e6d89ad8","name":"Roberto","image":{"@type":"ImageObject","inLanguage":"pt-BR","@id":"https:\/\/secure.gravatar.com\/avatar\/42749d8b712ff9d59ca93dc150494e5b55a44134482993f5baeb97e61b7ecc89?s=96&d=mm&r=g","url":"https:\/\/secure.gravatar.com\/avatar\/42749d8b712ff9d59ca93dc150494e5b55a44134482993f5baeb97e61b7ecc89?s=96&d=mm&r=g","contentUrl":"https:\/\/secure.gravatar.com\/avatar\/42749d8b712ff9d59ca93dc150494e5b55a44134482993f5baeb97e61b7ecc89?s=96&d=mm&r=g","caption":"Roberto"},"url":"https:\/\/regiaonews.net.br\/2022\/author\/roberto\/"}]}},"publishpress_future_action":{"enabled":false,"date":"2026-05-03 23:57:31","action":"change-status","newStatus":"draft","terms":[],"taxonomy":"category","extraData":[]},"publishpress_future_workflow_manual_trigger":{"enabledWorkflows":[]},"_links":{"self":[{"href":"https:\/\/regiaonews.net.br\/2022\/wp-json\/wp\/v2\/posts\/43466","targetHints":{"allow":["GET"]}}],"collection":[{"href":"https:\/\/regiaonews.net.br\/2022\/wp-json\/wp\/v2\/posts"}],"about":[{"href":"https:\/\/regiaonews.net.br\/2022\/wp-json\/wp\/v2\/types\/post"}],"author":[{"embeddable":true,"href":"https:\/\/regiaonews.net.br\/2022\/wp-json\/wp\/v2\/users\/2"}],"replies":[{"embeddable":true,"href":"https:\/\/regiaonews.net.br\/2022\/wp-json\/wp\/v2\/comments?post=43466"}],"version-history":[{"count":0,"href":"https:\/\/regiaonews.net.br\/2022\/wp-json\/wp\/v2\/posts\/43466\/revisions"}],"wp:featuredmedia":[{"embeddable":true,"href":"https:\/\/regiaonews.net.br\/2022\/wp-json\/wp\/v2\/media\/43469"}],"wp:attachment":[{"href":"https:\/\/regiaonews.net.br\/2022\/wp-json\/wp\/v2\/media?parent=43466"}],"wp:term":[{"taxonomy":"category","embeddable":true,"href":"https:\/\/regiaonews.net.br\/2022\/wp-json\/wp\/v2\/categories?post=43466"},{"taxonomy":"post_tag","embeddable":true,"href":"https:\/\/regiaonews.net.br\/2022\/wp-json\/wp\/v2\/tags?post=43466"}],"curies":[{"name":"wp","href":"https:\/\/api.w.org\/{rel}","templated":true}]}}