{"id":43459,"date":"2021-02-23T20:11:38","date_gmt":"2021-02-23T23:11:38","guid":{"rendered":"https:\/\/regiaonews.net.br\/2022\/?p=43459"},"modified":"2021-02-23T20:11:38","modified_gmt":"2021-02-23T23:11:38","slug":"prefeitura-de-bebedouro-abre-processo-seletivo-para-contratacao-de-fonoaudiologo","status":"publish","type":"post","link":"https:\/\/regiaonews.net.br\/2022\/2021\/02\/23\/prefeitura-de-bebedouro-abre-processo-seletivo-para-contratacao-de-fonoaudiologo\/","title":{"rendered":"Prefeitura de  Bebedouro abre processo seletivo para contrata\u00e7\u00e3o de fonoaudi\u00f3logo"},"content":{"rendered":"<p>&nbsp;<\/p>\n<p><strong> <a href=\"https:\/\/regiaonews.net.br\/2022\/wp-content\/uploads\/2021\/02\/Processo-Seletivo.jpeg\"><img loading=\"lazy\" decoding=\"async\" class=\"alignnone size-medium wp-image-43460\" src=\"https:\/\/regiaonews.net.br\/2022\/wp-content\/uploads\/2021\/02\/Processo-Seletivo-300x208.jpeg\" alt=\"\" width=\"300\" height=\"208\" \/><\/a><\/strong><\/p>\n<p>A Prefeitura de Bebedouro informa que est\u00e3o abertas as inscri\u00e7\u00f5es de um processo seletivo para a contrata\u00e7\u00e3o de fonoaudi\u00f3logo que atuar\u00e1 na Secretaria Municipal de Sa\u00fade. Os interessados devem se dirigir ao Departamento de Recursos Humanos da Prefeitura (RH), localizado na Pra\u00e7a Jos\u00e9 Stamato Sobrinho n\u00ba 151 &#8211; Centro, at\u00e9 a ter\u00e7a-feira (02), das 12h \u00e0s 16h.<\/p>\n<p>&nbsp;<\/p>\n<p>Os interessados devem apresentar c\u00f3pia do RG ou qualquer outro documento oficial com foto, al\u00e9m da c\u00f3pia de comprovante de endere\u00e7o atualizada. O aprovado atuar\u00e1 na fun\u00e7\u00e3o por um ano, prazo que pode ser prorrogado por mais um.<\/p>\n<p>&nbsp;<\/p>\n<p>A prova escrita ser\u00e1 realizada no Instituto Municipal de Ensino Superior de Bebedouro \u201cIMESB\u201d, Vict\u00f3rio Cardassi\u201d, localizado na Rua N\u00e9lson Domingos Madeira n\u00ba 300, Jardim Eldorado, no dia 06 de mar\u00e7o, das 09h \u00e0s 12h. O sal\u00e1rio \u00e9 de R$ 1.505,76.<\/p>\n<p>&nbsp;<\/p>\n<p>Todos os candidatos dever\u00e3o utilizar m\u00e1scara durante o tempo em que permanecerem no local de aplica\u00e7\u00e3o da prova escrita. Ser\u00e3o impedidos de participar os que apresentarem temperatura superior a 37\u00bac.<\/p>\n<p>&nbsp;<\/p>\n<p>Informa\u00e7\u00f5es pelo telefone (17) 3342-7665.<\/p>\n<p>&nbsp;<\/p>\n<p>&#8212;<\/p>\n","protected":false},"excerpt":{"rendered":"<p>&nbsp; A Prefeitura de Bebedouro informa que est\u00e3o abertas as<\/p>\n","protected":false},"author":2,"featured_media":43460,"comment_status":"open","ping_status":"open","sticky":false,"template":"","format":"standard","meta":{"footnotes":""},"categories":[4,25,56],"tags":[],"class_list":["post-43459","post","type-post","status-publish","format-standard","has-post-thumbnail","hentry","category-bebedouro","category-cidades","category-concursos"],"yoast_head":"<!-- This site is optimized with the Yoast SEO plugin v27.4 - https:\/\/yoast.com\/product\/yoast-seo-wordpress\/ -->\n<title>Prefeitura de Bebedouro abre processo seletivo para contrata\u00e7\u00e3o de fonoaudi\u00f3logo - Regi\u00e3o News<\/title>\n<meta name=\"robots\" content=\"index, follow, max-snippet:-1, max-image-preview:large, max-video-preview:-1\" \/>\n<link rel=\"canonical\" href=\"https:\/\/regiaonews.net.br\/2022\/2021\/02\/23\/prefeitura-de-bebedouro-abre-processo-seletivo-para-contratacao-de-fonoaudiologo\/\" \/>\n<meta property=\"og:locale\" content=\"pt_BR\" \/>\n<meta property=\"og:type\" content=\"article\" \/>\n<meta property=\"og:title\" content=\"Prefeitura de Bebedouro abre processo seletivo para contrata\u00e7\u00e3o de fonoaudi\u00f3logo - Regi\u00e3o News\" \/>\n<meta property=\"og:description\" content=\"&nbsp; A Prefeitura de Bebedouro informa que est\u00e3o abertas as\" \/>\n<meta property=\"og:url\" content=\"https:\/\/regiaonews.net.br\/2022\/2021\/02\/23\/prefeitura-de-bebedouro-abre-processo-seletivo-para-contratacao-de-fonoaudiologo\/\" \/>\n<meta property=\"og:site_name\" content=\"Regi\u00e3o News\" \/>\n<meta property=\"article:published_time\" content=\"2021-02-23T23:11:38+00:00\" \/>\n<meta property=\"og:image\" content=\"https:\/\/regiaonews.net.br\/2022\/wp-content\/uploads\/2021\/02\/Processo-Seletivo.jpeg\" \/>\n\t<meta property=\"og:image:width\" content=\"695\" \/>\n\t<meta property=\"og:image:height\" content=\"481\" \/>\n\t<meta property=\"og:image:type\" content=\"image\/jpeg\" \/>\n<meta name=\"author\" content=\"Roberto\" \/>\n<meta name=\"twitter:card\" content=\"summary_large_image\" \/>\n<meta name=\"twitter:label1\" content=\"Escrito por\" \/>\n\t<meta name=\"twitter:data1\" content=\"Roberto\" \/>\n\t<meta name=\"twitter:label2\" content=\"Est. tempo de leitura\" \/>\n\t<meta name=\"twitter:data2\" content=\"1 minuto\" \/>\n<script type=\"application\/ld+json\" class=\"yoast-schema-graph\">{\"@context\":\"https:\\\/\\\/schema.org\",\"@graph\":[{\"@type\":\"Article\",\"@id\":\"https:\\\/\\\/regiaonews.net.br\\\/2022\\\/2021\\\/02\\\/23\\\/prefeitura-de-bebedouro-abre-processo-seletivo-para-contratacao-de-fonoaudiologo\\\/#article\",\"isPartOf\":{\"@id\":\"https:\\\/\\\/regiaonews.net.br\\\/2022\\\/2021\\\/02\\\/23\\\/prefeitura-de-bebedouro-abre-processo-seletivo-para-contratacao-de-fonoaudiologo\\\/\"},\"author\":{\"name\":\"Roberto\",\"@id\":\"https:\\\/\\\/regiaonews.net.br\\\/2022\\\/#\\\/schema\\\/person\\\/2d205a608a5aa97ac279d7a5e6d89ad8\"},\"headline\":\"Prefeitura de Bebedouro abre processo seletivo para contrata\u00e7\u00e3o de fonoaudi\u00f3logo\",\"datePublished\":\"2021-02-23T23:11:38+00:00\",\"mainEntityOfPage\":{\"@id\":\"https:\\\/\\\/regiaonews.net.br\\\/2022\\\/2021\\\/02\\\/23\\\/prefeitura-de-bebedouro-abre-processo-seletivo-para-contratacao-de-fonoaudiologo\\\/\"},\"wordCount\":204,\"commentCount\":0,\"publisher\":{\"@id\":\"https:\\\/\\\/regiaonews.net.br\\\/2022\\\/#organization\"},\"image\":{\"@id\":\"https:\\\/\\\/regiaonews.net.br\\\/2022\\\/2021\\\/02\\\/23\\\/prefeitura-de-bebedouro-abre-processo-seletivo-para-contratacao-de-fonoaudiologo\\\/#primaryimage\"},\"thumbnailUrl\":\"https:\\\/\\\/regiaonews.net.br\\\/2022\\\/wp-content\\\/uploads\\\/2021\\\/02\\\/Processo-Seletivo.jpeg\",\"articleSection\":[\"Bebedouro\",\"Cidades\",\"Concursos\"],\"inLanguage\":\"pt-BR\",\"potentialAction\":[{\"@type\":\"CommentAction\",\"name\":\"Comment\",\"target\":[\"https:\\\/\\\/regiaonews.net.br\\\/2022\\\/2021\\\/02\\\/23\\\/prefeitura-de-bebedouro-abre-processo-seletivo-para-contratacao-de-fonoaudiologo\\\/#respond\"]}]},{\"@type\":\"WebPage\",\"@id\":\"https:\\\/\\\/regiaonews.net.br\\\/2022\\\/2021\\\/02\\\/23\\\/prefeitura-de-bebedouro-abre-processo-seletivo-para-contratacao-de-fonoaudiologo\\\/\",\"url\":\"https:\\\/\\\/regiaonews.net.br\\\/2022\\\/2021\\\/02\\\/23\\\/prefeitura-de-bebedouro-abre-processo-seletivo-para-contratacao-de-fonoaudiologo\\\/\",\"name\":\"Prefeitura de Bebedouro abre processo seletivo para contrata\u00e7\u00e3o de fonoaudi\u00f3logo - Regi\u00e3o News\",\"isPartOf\":{\"@id\":\"https:\\\/\\\/regiaonews.net.br\\\/2022\\\/#website\"},\"primaryImageOfPage\":{\"@id\":\"https:\\\/\\\/regiaonews.net.br\\\/2022\\\/2021\\\/02\\\/23\\\/prefeitura-de-bebedouro-abre-processo-seletivo-para-contratacao-de-fonoaudiologo\\\/#primaryimage\"},\"image\":{\"@id\":\"https:\\\/\\\/regiaonews.net.br\\\/2022\\\/2021\\\/02\\\/23\\\/prefeitura-de-bebedouro-abre-processo-seletivo-para-contratacao-de-fonoaudiologo\\\/#primaryimage\"},\"thumbnailUrl\":\"https:\\\/\\\/regiaonews.net.br\\\/2022\\\/wp-content\\\/uploads\\\/2021\\\/02\\\/Processo-Seletivo.jpeg\",\"datePublished\":\"2021-02-23T23:11:38+00:00\",\"breadcrumb\":{\"@id\":\"https:\\\/\\\/regiaonews.net.br\\\/2022\\\/2021\\\/02\\\/23\\\/prefeitura-de-bebedouro-abre-processo-seletivo-para-contratacao-de-fonoaudiologo\\\/#breadcrumb\"},\"inLanguage\":\"pt-BR\",\"potentialAction\":[{\"@type\":\"ReadAction\",\"target\":[\"https:\\\/\\\/regiaonews.net.br\\\/2022\\\/2021\\\/02\\\/23\\\/prefeitura-de-bebedouro-abre-processo-seletivo-para-contratacao-de-fonoaudiologo\\\/\"]}]},{\"@type\":\"ImageObject\",\"inLanguage\":\"pt-BR\",\"@id\":\"https:\\\/\\\/regiaonews.net.br\\\/2022\\\/2021\\\/02\\\/23\\\/prefeitura-de-bebedouro-abre-processo-seletivo-para-contratacao-de-fonoaudiologo\\\/#primaryimage\",\"url\":\"https:\\\/\\\/regiaonews.net.br\\\/2022\\\/wp-content\\\/uploads\\\/2021\\\/02\\\/Processo-Seletivo.jpeg\",\"contentUrl\":\"https:\\\/\\\/regiaonews.net.br\\\/2022\\\/wp-content\\\/uploads\\\/2021\\\/02\\\/Processo-Seletivo.jpeg\",\"width\":695,\"height\":481},{\"@type\":\"BreadcrumbList\",\"@id\":\"https:\\\/\\\/regiaonews.net.br\\\/2022\\\/2021\\\/02\\\/23\\\/prefeitura-de-bebedouro-abre-processo-seletivo-para-contratacao-de-fonoaudiologo\\\/#breadcrumb\",\"itemListElement\":[{\"@type\":\"ListItem\",\"position\":1,\"name\":\"In\u00edcio\",\"item\":\"https:\\\/\\\/regiaonews.net.br\\\/2022\\\/\"},{\"@type\":\"ListItem\",\"position\":2,\"name\":\"Prefeitura de Bebedouro abre processo seletivo para contrata\u00e7\u00e3o de fonoaudi\u00f3logo\"}]},{\"@type\":\"WebSite\",\"@id\":\"https:\\\/\\\/regiaonews.net.br\\\/2022\\\/#website\",\"url\":\"https:\\\/\\\/regiaonews.net.br\\\/2022\\\/\",\"name\":\"Regi\u00e3o News\",\"description\":\"Site de Not\u00edcias de Barretos e regi\u00e3o\",\"publisher\":{\"@id\":\"https:\\\/\\\/regiaonews.net.br\\\/2022\\\/#organization\"},\"potentialAction\":[{\"@type\":\"SearchAction\",\"target\":{\"@type\":\"EntryPoint\",\"urlTemplate\":\"https:\\\/\\\/regiaonews.net.br\\\/2022\\\/?s={search_term_string}\"},\"query-input\":{\"@type\":\"PropertyValueSpecification\",\"valueRequired\":true,\"valueName\":\"search_term_string\"}}],\"inLanguage\":\"pt-BR\"},{\"@type\":\"Organization\",\"@id\":\"https:\\\/\\\/regiaonews.net.br\\\/2022\\\/#organization\",\"name\":\"Regi\u00e3o News\",\"url\":\"https:\\\/\\\/regiaonews.net.br\\\/2022\\\/\",\"logo\":{\"@type\":\"ImageObject\",\"inLanguage\":\"pt-BR\",\"@id\":\"https:\\\/\\\/regiaonews.net.br\\\/2022\\\/#\\\/schema\\\/logo\\\/image\\\/\",\"url\":\"https:\\\/\\\/regiaonews.net.br\\\/2022\\\/wp-content\\\/uploads\\\/2026\\\/03\\\/regiao-13-anos-scaled.jpg\",\"contentUrl\":\"https:\\\/\\\/regiaonews.net.br\\\/2022\\\/wp-content\\\/uploads\\\/2026\\\/03\\\/regiao-13-anos-scaled.jpg\",\"width\":2560,\"height\":635,\"caption\":\"Regi\u00e3o News\"},\"image\":{\"@id\":\"https:\\\/\\\/regiaonews.net.br\\\/2022\\\/#\\\/schema\\\/logo\\\/image\\\/\"}},{\"@type\":\"Person\",\"@id\":\"https:\\\/\\\/regiaonews.net.br\\\/2022\\\/#\\\/schema\\\/person\\\/2d205a608a5aa97ac279d7a5e6d89ad8\",\"name\":\"Roberto\",\"image\":{\"@type\":\"ImageObject\",\"inLanguage\":\"pt-BR\",\"@id\":\"https:\\\/\\\/secure.gravatar.com\\\/avatar\\\/42749d8b712ff9d59ca93dc150494e5b55a44134482993f5baeb97e61b7ecc89?s=96&d=mm&r=g\",\"url\":\"https:\\\/\\\/secure.gravatar.com\\\/avatar\\\/42749d8b712ff9d59ca93dc150494e5b55a44134482993f5baeb97e61b7ecc89?s=96&d=mm&r=g\",\"contentUrl\":\"https:\\\/\\\/secure.gravatar.com\\\/avatar\\\/42749d8b712ff9d59ca93dc150494e5b55a44134482993f5baeb97e61b7ecc89?s=96&d=mm&r=g\",\"caption\":\"Roberto\"},\"url\":\"https:\\\/\\\/regiaonews.net.br\\\/2022\\\/author\\\/roberto\\\/\"}]}<\/script>\n<!-- \/ Yoast SEO plugin. -->","yoast_head_json":{"title":"Prefeitura de Bebedouro abre processo seletivo para contrata\u00e7\u00e3o de fonoaudi\u00f3logo - Regi\u00e3o News","robots":{"index":"index","follow":"follow","max-snippet":"max-snippet:-1","max-image-preview":"max-image-preview:large","max-video-preview":"max-video-preview:-1"},"canonical":"https:\/\/regiaonews.net.br\/2022\/2021\/02\/23\/prefeitura-de-bebedouro-abre-processo-seletivo-para-contratacao-de-fonoaudiologo\/","og_locale":"pt_BR","og_type":"article","og_title":"Prefeitura de Bebedouro abre processo seletivo para contrata\u00e7\u00e3o de fonoaudi\u00f3logo - Regi\u00e3o News","og_description":"&nbsp; A Prefeitura de Bebedouro informa que est\u00e3o abertas as","og_url":"https:\/\/regiaonews.net.br\/2022\/2021\/02\/23\/prefeitura-de-bebedouro-abre-processo-seletivo-para-contratacao-de-fonoaudiologo\/","og_site_name":"Regi\u00e3o News","article_published_time":"2021-02-23T23:11:38+00:00","og_image":[{"width":695,"height":481,"url":"https:\/\/regiaonews.net.br\/2022\/wp-content\/uploads\/2021\/02\/Processo-Seletivo.jpeg","type":"image\/jpeg"}],"author":"Roberto","twitter_card":"summary_large_image","twitter_misc":{"Escrito por":"Roberto","Est. tempo de leitura":"1 minuto"},"schema":{"@context":"https:\/\/schema.org","@graph":[{"@type":"Article","@id":"https:\/\/regiaonews.net.br\/2022\/2021\/02\/23\/prefeitura-de-bebedouro-abre-processo-seletivo-para-contratacao-de-fonoaudiologo\/#article","isPartOf":{"@id":"https:\/\/regiaonews.net.br\/2022\/2021\/02\/23\/prefeitura-de-bebedouro-abre-processo-seletivo-para-contratacao-de-fonoaudiologo\/"},"author":{"name":"Roberto","@id":"https:\/\/regiaonews.net.br\/2022\/#\/schema\/person\/2d205a608a5aa97ac279d7a5e6d89ad8"},"headline":"Prefeitura de Bebedouro abre processo seletivo para contrata\u00e7\u00e3o de fonoaudi\u00f3logo","datePublished":"2021-02-23T23:11:38+00:00","mainEntityOfPage":{"@id":"https:\/\/regiaonews.net.br\/2022\/2021\/02\/23\/prefeitura-de-bebedouro-abre-processo-seletivo-para-contratacao-de-fonoaudiologo\/"},"wordCount":204,"commentCount":0,"publisher":{"@id":"https:\/\/regiaonews.net.br\/2022\/#organization"},"image":{"@id":"https:\/\/regiaonews.net.br\/2022\/2021\/02\/23\/prefeitura-de-bebedouro-abre-processo-seletivo-para-contratacao-de-fonoaudiologo\/#primaryimage"},"thumbnailUrl":"https:\/\/regiaonews.net.br\/2022\/wp-content\/uploads\/2021\/02\/Processo-Seletivo.jpeg","articleSection":["Bebedouro","Cidades","Concursos"],"inLanguage":"pt-BR","potentialAction":[{"@type":"CommentAction","name":"Comment","target":["https:\/\/regiaonews.net.br\/2022\/2021\/02\/23\/prefeitura-de-bebedouro-abre-processo-seletivo-para-contratacao-de-fonoaudiologo\/#respond"]}]},{"@type":"WebPage","@id":"https:\/\/regiaonews.net.br\/2022\/2021\/02\/23\/prefeitura-de-bebedouro-abre-processo-seletivo-para-contratacao-de-fonoaudiologo\/","url":"https:\/\/regiaonews.net.br\/2022\/2021\/02\/23\/prefeitura-de-bebedouro-abre-processo-seletivo-para-contratacao-de-fonoaudiologo\/","name":"Prefeitura de Bebedouro abre processo seletivo para contrata\u00e7\u00e3o de fonoaudi\u00f3logo - Regi\u00e3o News","isPartOf":{"@id":"https:\/\/regiaonews.net.br\/2022\/#website"},"primaryImageOfPage":{"@id":"https:\/\/regiaonews.net.br\/2022\/2021\/02\/23\/prefeitura-de-bebedouro-abre-processo-seletivo-para-contratacao-de-fonoaudiologo\/#primaryimage"},"image":{"@id":"https:\/\/regiaonews.net.br\/2022\/2021\/02\/23\/prefeitura-de-bebedouro-abre-processo-seletivo-para-contratacao-de-fonoaudiologo\/#primaryimage"},"thumbnailUrl":"https:\/\/regiaonews.net.br\/2022\/wp-content\/uploads\/2021\/02\/Processo-Seletivo.jpeg","datePublished":"2021-02-23T23:11:38+00:00","breadcrumb":{"@id":"https:\/\/regiaonews.net.br\/2022\/2021\/02\/23\/prefeitura-de-bebedouro-abre-processo-seletivo-para-contratacao-de-fonoaudiologo\/#breadcrumb"},"inLanguage":"pt-BR","potentialAction":[{"@type":"ReadAction","target":["https:\/\/regiaonews.net.br\/2022\/2021\/02\/23\/prefeitura-de-bebedouro-abre-processo-seletivo-para-contratacao-de-fonoaudiologo\/"]}]},{"@type":"ImageObject","inLanguage":"pt-BR","@id":"https:\/\/regiaonews.net.br\/2022\/2021\/02\/23\/prefeitura-de-bebedouro-abre-processo-seletivo-para-contratacao-de-fonoaudiologo\/#primaryimage","url":"https:\/\/regiaonews.net.br\/2022\/wp-content\/uploads\/2021\/02\/Processo-Seletivo.jpeg","contentUrl":"https:\/\/regiaonews.net.br\/2022\/wp-content\/uploads\/2021\/02\/Processo-Seletivo.jpeg","width":695,"height":481},{"@type":"BreadcrumbList","@id":"https:\/\/regiaonews.net.br\/2022\/2021\/02\/23\/prefeitura-de-bebedouro-abre-processo-seletivo-para-contratacao-de-fonoaudiologo\/#breadcrumb","itemListElement":[{"@type":"ListItem","position":1,"name":"In\u00edcio","item":"https:\/\/regiaonews.net.br\/2022\/"},{"@type":"ListItem","position":2,"name":"Prefeitura de Bebedouro abre processo seletivo para contrata\u00e7\u00e3o de fonoaudi\u00f3logo"}]},{"@type":"WebSite","@id":"https:\/\/regiaonews.net.br\/2022\/#website","url":"https:\/\/regiaonews.net.br\/2022\/","name":"Regi\u00e3o News","description":"Site de Not\u00edcias de Barretos e regi\u00e3o","publisher":{"@id":"https:\/\/regiaonews.net.br\/2022\/#organization"},"potentialAction":[{"@type":"SearchAction","target":{"@type":"EntryPoint","urlTemplate":"https:\/\/regiaonews.net.br\/2022\/?s={search_term_string}"},"query-input":{"@type":"PropertyValueSpecification","valueRequired":true,"valueName":"search_term_string"}}],"inLanguage":"pt-BR"},{"@type":"Organization","@id":"https:\/\/regiaonews.net.br\/2022\/#organization","name":"Regi\u00e3o News","url":"https:\/\/regiaonews.net.br\/2022\/","logo":{"@type":"ImageObject","inLanguage":"pt-BR","@id":"https:\/\/regiaonews.net.br\/2022\/#\/schema\/logo\/image\/","url":"https:\/\/regiaonews.net.br\/2022\/wp-content\/uploads\/2026\/03\/regiao-13-anos-scaled.jpg","contentUrl":"https:\/\/regiaonews.net.br\/2022\/wp-content\/uploads\/2026\/03\/regiao-13-anos-scaled.jpg","width":2560,"height":635,"caption":"Regi\u00e3o News"},"image":{"@id":"https:\/\/regiaonews.net.br\/2022\/#\/schema\/logo\/image\/"}},{"@type":"Person","@id":"https:\/\/regiaonews.net.br\/2022\/#\/schema\/person\/2d205a608a5aa97ac279d7a5e6d89ad8","name":"Roberto","image":{"@type":"ImageObject","inLanguage":"pt-BR","@id":"https:\/\/secure.gravatar.com\/avatar\/42749d8b712ff9d59ca93dc150494e5b55a44134482993f5baeb97e61b7ecc89?s=96&d=mm&r=g","url":"https:\/\/secure.gravatar.com\/avatar\/42749d8b712ff9d59ca93dc150494e5b55a44134482993f5baeb97e61b7ecc89?s=96&d=mm&r=g","contentUrl":"https:\/\/secure.gravatar.com\/avatar\/42749d8b712ff9d59ca93dc150494e5b55a44134482993f5baeb97e61b7ecc89?s=96&d=mm&r=g","caption":"Roberto"},"url":"https:\/\/regiaonews.net.br\/2022\/author\/roberto\/"}]}},"publishpress_future_action":{"enabled":false,"date":"2026-05-03 18:56:43","action":"change-status","newStatus":"draft","terms":[],"taxonomy":"category","extraData":[]},"publishpress_future_workflow_manual_trigger":{"enabledWorkflows":[]},"_links":{"self":[{"href":"https:\/\/regiaonews.net.br\/2022\/wp-json\/wp\/v2\/posts\/43459","targetHints":{"allow":["GET"]}}],"collection":[{"href":"https:\/\/regiaonews.net.br\/2022\/wp-json\/wp\/v2\/posts"}],"about":[{"href":"https:\/\/regiaonews.net.br\/2022\/wp-json\/wp\/v2\/types\/post"}],"author":[{"embeddable":true,"href":"https:\/\/regiaonews.net.br\/2022\/wp-json\/wp\/v2\/users\/2"}],"replies":[{"embeddable":true,"href":"https:\/\/regiaonews.net.br\/2022\/wp-json\/wp\/v2\/comments?post=43459"}],"version-history":[{"count":0,"href":"https:\/\/regiaonews.net.br\/2022\/wp-json\/wp\/v2\/posts\/43459\/revisions"}],"wp:featuredmedia":[{"embeddable":true,"href":"https:\/\/regiaonews.net.br\/2022\/wp-json\/wp\/v2\/media\/43460"}],"wp:attachment":[{"href":"https:\/\/regiaonews.net.br\/2022\/wp-json\/wp\/v2\/media?parent=43459"}],"wp:term":[{"taxonomy":"category","embeddable":true,"href":"https:\/\/regiaonews.net.br\/2022\/wp-json\/wp\/v2\/categories?post=43459"},{"taxonomy":"post_tag","embeddable":true,"href":"https:\/\/regiaonews.net.br\/2022\/wp-json\/wp\/v2\/tags?post=43459"}],"curies":[{"name":"wp","href":"https:\/\/api.w.org\/{rel}","templated":true}]}}