{"id":43454,"date":"2021-02-23T18:58:42","date_gmt":"2021-02-23T21:58:42","guid":{"rendered":"https:\/\/regiaonews.net.br\/2022\/?p=43454"},"modified":"2021-02-23T18:58:42","modified_gmt":"2021-02-23T21:58:42","slug":"deic-de-ribeirao-preto-detem-tres-homens-recupera-caminhonete-furtada-e-apreende-r-502-mil","status":"publish","type":"post","link":"https:\/\/regiaonews.net.br\/2022\/2021\/02\/23\/deic-de-ribeirao-preto-detem-tres-homens-recupera-caminhonete-furtada-e-apreende-r-502-mil\/","title":{"rendered":"Deic de Ribeir\u00e3o Preto det\u00e9m tr\u00eas homens, recupera caminhonete furtada e apreende R$ 50,2 mil"},"content":{"rendered":"<div>\n<h1 class=\"chapeu2 ng-binding\"><\/h1>\n<h2 class=\"titulopreto ng-binding\">Nas a\u00e7\u00f5es tamb\u00e9m foram recolhidas 158 pedras de crack e 17 quilos de cafe\u00edna<\/h2>\n<p><center><\/p>\n<h2 class=\"titulopreto ng-binding\"><\/h2>\n<p><\/center><\/div>\n<div id=\"notCorpo\" class=\"ng-binding\">\n<div>A Pol\u00edcia Civil prendeu tr\u00eas homens, entre 25 e 37 anos, durante a\u00e7\u00f5es para combater crimes, especialmente o tr\u00e1fico de drogas, em Ribeir\u00e3o Preto, no interior do Estado. As deten\u00e7\u00f5es aconteceram na \u00faltima sexta-feira (19). Como resultado, foram apreendidas drogas, cafe\u00edna e R$ 50,2 mil em esp\u00e9cie. Um carro produto de furto tamb\u00e9m foi recuperado e outro recolhido.<\/div>\n<div><\/div>\n<div>Os trabalhos foram desempenhados por equipes da Divis\u00e3o Especializada de Investiga\u00e7\u00f5es Criminais (Deic) do munic\u00edpio em tr\u00eas bairros distintos.<\/div>\n<div><\/div>\n<div>Em um im\u00f3vel na rua Japur\u00e1, no bairro Jardim Jandaia, um homem, de 25 anos, foi flagrado com 158 pedras de crack, uma balan\u00e7a de precis\u00e3o e R$ 930. Ele foi preso em flagrante.<\/div>\n<div><\/div>\n<div><img decoding=\"async\" src=\"http:\/\/www.ssp.sp.gov.br\/midia\/Imagem\/D00044010.png\" \/><\/div>\n<div><\/div>\n<div>Em outra resid\u00eancia, na rua Yolanda Zumelli Ferreira, no Parque S\u00e3o Sebasti\u00e3o, foi encontrada uma caminhonete com placas falsas, sendo verificado, ap\u00f3s pesquisas, que se tratava de um ve\u00edculo produto de furto. Dentro dela tamb\u00e9m foram localizados 17 quilos de cafe\u00edna &#8211; normalmente usada para o preparo de coca\u00edna.<\/div>\n<div><\/div>\n<div>O respons\u00e1vel pelo im\u00f3vel, de 28 anos, foi localizado na condu\u00e7\u00e3o de outro carro, na avenida Professora Dina Rizzi. Questionado, ele confessou ter adquirido a caminhonete sabendo que era furtada e que estava guardando a cafe\u00edna para um amigo. A caminhonete foi apreendida para ser restitu\u00edda \u00e0 propriet\u00e1ria e a cafe\u00edna recolhida para per\u00edcia. O carro do autor tamb\u00e9m foi apreendido e ele preso em flagrante.<\/div>\n<div><\/div>\n<div><img decoding=\"async\" src=\"http:\/\/www.ssp.sp.gov.br\/midia\/Imagem\/D00044012.png\" \/><\/div>\n<div><\/div>\n<div>Por \u00faltimo, os policiais civis se deslocaram at\u00e9 um im\u00f3vel na rua Clovis Marne, no Parque Anhanguera, onde capturaram um procurado pela Justi\u00e7a, de 37 anos, e apreenderam R$ 50,2 mil e anota\u00e7\u00f5es. O homem tentou fugir ao perceber a presen\u00e7a policial e se machucou ao tentar pular o muro de casas vizinhas. Ele foi levado para um hospital local, onde permaneceu detido sob escolta policial.<\/div>\n<div><\/div>\n<div><img decoding=\"async\" src=\"http:\/\/www.ssp.sp.gov.br\/midia\/Imagem\/D00044014.png\" \/><\/div>\n<div><\/div>\n<div>Todas as ocorr\u00eancias foram registradas na Deic como tr\u00e1fico de drogas, recepta\u00e7\u00e3o, adultera\u00e7\u00e3o de sinal identificador de ve\u00edculo automotor, favorecimento pessoal, captura de procurado e localiza\u00e7\u00e3o\/apreens\u00e3o de objeto.<\/div>\n<\/div>\n","protected":false},"excerpt":{"rendered":"<p>Nas a\u00e7\u00f5es tamb\u00e9m foram recolhidas 158 pedras de crack e<\/p>\n","protected":false},"author":2,"featured_media":43455,"comment_status":"open","ping_status":"open","sticky":false,"template":"","format":"standard","meta":{"footnotes":""},"categories":[25,23,32],"tags":[],"class_list":["post-43454","post","type-post","status-publish","format-standard","has-post-thumbnail","hentry","category-cidades","category-policia","category-ribeirao-preto"],"yoast_head":"<!-- This site is optimized with the Yoast SEO plugin v27.4 - https:\/\/yoast.com\/product\/yoast-seo-wordpress\/ -->\n<title>Deic de Ribeir\u00e3o Preto det\u00e9m tr\u00eas homens, recupera caminhonete furtada e apreende R$ 50,2 mil - Regi\u00e3o News<\/title>\n<meta name=\"robots\" content=\"index, follow, max-snippet:-1, max-image-preview:large, max-video-preview:-1\" \/>\n<link rel=\"canonical\" href=\"https:\/\/regiaonews.net.br\/2022\/2021\/02\/23\/deic-de-ribeirao-preto-detem-tres-homens-recupera-caminhonete-furtada-e-apreende-r-502-mil\/\" \/>\n<meta property=\"og:locale\" content=\"pt_BR\" \/>\n<meta property=\"og:type\" content=\"article\" \/>\n<meta property=\"og:title\" content=\"Deic de Ribeir\u00e3o Preto det\u00e9m tr\u00eas homens, recupera caminhonete furtada e apreende R$ 50,2 mil - Regi\u00e3o News\" \/>\n<meta property=\"og:description\" content=\"Nas a\u00e7\u00f5es tamb\u00e9m foram recolhidas 158 pedras de crack e\" \/>\n<meta property=\"og:url\" content=\"https:\/\/regiaonews.net.br\/2022\/2021\/02\/23\/deic-de-ribeirao-preto-detem-tres-homens-recupera-caminhonete-furtada-e-apreende-r-502-mil\/\" \/>\n<meta property=\"og:site_name\" content=\"Regi\u00e3o News\" \/>\n<meta property=\"article:published_time\" content=\"2021-02-23T21:58:42+00:00\" \/>\n<meta property=\"og:image\" content=\"https:\/\/regiaonews.net.br\/2022\/wp-content\/uploads\/2021\/02\/00044013.png\" \/>\n\t<meta property=\"og:image:width\" content=\"1000\" \/>\n\t<meta property=\"og:image:height\" content=\"459\" \/>\n\t<meta property=\"og:image:type\" content=\"image\/png\" \/>\n<meta name=\"author\" content=\"Roberto\" \/>\n<meta name=\"twitter:card\" content=\"summary_large_image\" \/>\n<meta name=\"twitter:label1\" content=\"Escrito por\" \/>\n\t<meta name=\"twitter:data1\" content=\"Roberto\" \/>\n\t<meta name=\"twitter:label2\" content=\"Est. tempo de leitura\" \/>\n\t<meta name=\"twitter:data2\" content=\"2 minutos\" \/>\n<script type=\"application\/ld+json\" class=\"yoast-schema-graph\">{\"@context\":\"https:\\\/\\\/schema.org\",\"@graph\":[{\"@type\":\"Article\",\"@id\":\"https:\\\/\\\/regiaonews.net.br\\\/2022\\\/2021\\\/02\\\/23\\\/deic-de-ribeirao-preto-detem-tres-homens-recupera-caminhonete-furtada-e-apreende-r-502-mil\\\/#article\",\"isPartOf\":{\"@id\":\"https:\\\/\\\/regiaonews.net.br\\\/2022\\\/2021\\\/02\\\/23\\\/deic-de-ribeirao-preto-detem-tres-homens-recupera-caminhonete-furtada-e-apreende-r-502-mil\\\/\"},\"author\":{\"name\":\"Roberto\",\"@id\":\"https:\\\/\\\/regiaonews.net.br\\\/2022\\\/#\\\/schema\\\/person\\\/2d205a608a5aa97ac279d7a5e6d89ad8\"},\"headline\":\"Deic de Ribeir\u00e3o Preto det\u00e9m tr\u00eas homens, recupera caminhonete furtada e apreende R$ 50,2 mil\",\"datePublished\":\"2021-02-23T21:58:42+00:00\",\"mainEntityOfPage\":{\"@id\":\"https:\\\/\\\/regiaonews.net.br\\\/2022\\\/2021\\\/02\\\/23\\\/deic-de-ribeirao-preto-detem-tres-homens-recupera-caminhonete-furtada-e-apreende-r-502-mil\\\/\"},\"wordCount\":385,\"commentCount\":0,\"publisher\":{\"@id\":\"https:\\\/\\\/regiaonews.net.br\\\/2022\\\/#organization\"},\"image\":{\"@id\":\"https:\\\/\\\/regiaonews.net.br\\\/2022\\\/2021\\\/02\\\/23\\\/deic-de-ribeirao-preto-detem-tres-homens-recupera-caminhonete-furtada-e-apreende-r-502-mil\\\/#primaryimage\"},\"thumbnailUrl\":\"https:\\\/\\\/regiaonews.net.br\\\/2022\\\/wp-content\\\/uploads\\\/2021\\\/02\\\/00044013.png\",\"articleSection\":[\"Cidades\",\"Policia\",\"Ribeir\u00e3o Preto\"],\"inLanguage\":\"pt-BR\",\"potentialAction\":[{\"@type\":\"CommentAction\",\"name\":\"Comment\",\"target\":[\"https:\\\/\\\/regiaonews.net.br\\\/2022\\\/2021\\\/02\\\/23\\\/deic-de-ribeirao-preto-detem-tres-homens-recupera-caminhonete-furtada-e-apreende-r-502-mil\\\/#respond\"]}]},{\"@type\":\"WebPage\",\"@id\":\"https:\\\/\\\/regiaonews.net.br\\\/2022\\\/2021\\\/02\\\/23\\\/deic-de-ribeirao-preto-detem-tres-homens-recupera-caminhonete-furtada-e-apreende-r-502-mil\\\/\",\"url\":\"https:\\\/\\\/regiaonews.net.br\\\/2022\\\/2021\\\/02\\\/23\\\/deic-de-ribeirao-preto-detem-tres-homens-recupera-caminhonete-furtada-e-apreende-r-502-mil\\\/\",\"name\":\"Deic de Ribeir\u00e3o Preto det\u00e9m tr\u00eas homens, recupera caminhonete furtada e apreende R$ 50,2 mil - Regi\u00e3o News\",\"isPartOf\":{\"@id\":\"https:\\\/\\\/regiaonews.net.br\\\/2022\\\/#website\"},\"primaryImageOfPage\":{\"@id\":\"https:\\\/\\\/regiaonews.net.br\\\/2022\\\/2021\\\/02\\\/23\\\/deic-de-ribeirao-preto-detem-tres-homens-recupera-caminhonete-furtada-e-apreende-r-502-mil\\\/#primaryimage\"},\"image\":{\"@id\":\"https:\\\/\\\/regiaonews.net.br\\\/2022\\\/2021\\\/02\\\/23\\\/deic-de-ribeirao-preto-detem-tres-homens-recupera-caminhonete-furtada-e-apreende-r-502-mil\\\/#primaryimage\"},\"thumbnailUrl\":\"https:\\\/\\\/regiaonews.net.br\\\/2022\\\/wp-content\\\/uploads\\\/2021\\\/02\\\/00044013.png\",\"datePublished\":\"2021-02-23T21:58:42+00:00\",\"breadcrumb\":{\"@id\":\"https:\\\/\\\/regiaonews.net.br\\\/2022\\\/2021\\\/02\\\/23\\\/deic-de-ribeirao-preto-detem-tres-homens-recupera-caminhonete-furtada-e-apreende-r-502-mil\\\/#breadcrumb\"},\"inLanguage\":\"pt-BR\",\"potentialAction\":[{\"@type\":\"ReadAction\",\"target\":[\"https:\\\/\\\/regiaonews.net.br\\\/2022\\\/2021\\\/02\\\/23\\\/deic-de-ribeirao-preto-detem-tres-homens-recupera-caminhonete-furtada-e-apreende-r-502-mil\\\/\"]}]},{\"@type\":\"ImageObject\",\"inLanguage\":\"pt-BR\",\"@id\":\"https:\\\/\\\/regiaonews.net.br\\\/2022\\\/2021\\\/02\\\/23\\\/deic-de-ribeirao-preto-detem-tres-homens-recupera-caminhonete-furtada-e-apreende-r-502-mil\\\/#primaryimage\",\"url\":\"https:\\\/\\\/regiaonews.net.br\\\/2022\\\/wp-content\\\/uploads\\\/2021\\\/02\\\/00044013.png\",\"contentUrl\":\"https:\\\/\\\/regiaonews.net.br\\\/2022\\\/wp-content\\\/uploads\\\/2021\\\/02\\\/00044013.png\",\"width\":1000,\"height\":459},{\"@type\":\"BreadcrumbList\",\"@id\":\"https:\\\/\\\/regiaonews.net.br\\\/2022\\\/2021\\\/02\\\/23\\\/deic-de-ribeirao-preto-detem-tres-homens-recupera-caminhonete-furtada-e-apreende-r-502-mil\\\/#breadcrumb\",\"itemListElement\":[{\"@type\":\"ListItem\",\"position\":1,\"name\":\"In\u00edcio\",\"item\":\"https:\\\/\\\/regiaonews.net.br\\\/2022\\\/\"},{\"@type\":\"ListItem\",\"position\":2,\"name\":\"Deic de Ribeir\u00e3o Preto det\u00e9m tr\u00eas homens, recupera caminhonete furtada e apreende R$ 50,2 mil\"}]},{\"@type\":\"WebSite\",\"@id\":\"https:\\\/\\\/regiaonews.net.br\\\/2022\\\/#website\",\"url\":\"https:\\\/\\\/regiaonews.net.br\\\/2022\\\/\",\"name\":\"Regi\u00e3o News\",\"description\":\"Site de Not\u00edcias de Barretos e regi\u00e3o\",\"publisher\":{\"@id\":\"https:\\\/\\\/regiaonews.net.br\\\/2022\\\/#organization\"},\"potentialAction\":[{\"@type\":\"SearchAction\",\"target\":{\"@type\":\"EntryPoint\",\"urlTemplate\":\"https:\\\/\\\/regiaonews.net.br\\\/2022\\\/?s={search_term_string}\"},\"query-input\":{\"@type\":\"PropertyValueSpecification\",\"valueRequired\":true,\"valueName\":\"search_term_string\"}}],\"inLanguage\":\"pt-BR\"},{\"@type\":\"Organization\",\"@id\":\"https:\\\/\\\/regiaonews.net.br\\\/2022\\\/#organization\",\"name\":\"Regi\u00e3o News\",\"url\":\"https:\\\/\\\/regiaonews.net.br\\\/2022\\\/\",\"logo\":{\"@type\":\"ImageObject\",\"inLanguage\":\"pt-BR\",\"@id\":\"https:\\\/\\\/regiaonews.net.br\\\/2022\\\/#\\\/schema\\\/logo\\\/image\\\/\",\"url\":\"https:\\\/\\\/regiaonews.net.br\\\/2022\\\/wp-content\\\/uploads\\\/2026\\\/03\\\/regiao-13-anos-scaled.jpg\",\"contentUrl\":\"https:\\\/\\\/regiaonews.net.br\\\/2022\\\/wp-content\\\/uploads\\\/2026\\\/03\\\/regiao-13-anos-scaled.jpg\",\"width\":2560,\"height\":635,\"caption\":\"Regi\u00e3o News\"},\"image\":{\"@id\":\"https:\\\/\\\/regiaonews.net.br\\\/2022\\\/#\\\/schema\\\/logo\\\/image\\\/\"}},{\"@type\":\"Person\",\"@id\":\"https:\\\/\\\/regiaonews.net.br\\\/2022\\\/#\\\/schema\\\/person\\\/2d205a608a5aa97ac279d7a5e6d89ad8\",\"name\":\"Roberto\",\"image\":{\"@type\":\"ImageObject\",\"inLanguage\":\"pt-BR\",\"@id\":\"https:\\\/\\\/secure.gravatar.com\\\/avatar\\\/42749d8b712ff9d59ca93dc150494e5b55a44134482993f5baeb97e61b7ecc89?s=96&d=mm&r=g\",\"url\":\"https:\\\/\\\/secure.gravatar.com\\\/avatar\\\/42749d8b712ff9d59ca93dc150494e5b55a44134482993f5baeb97e61b7ecc89?s=96&d=mm&r=g\",\"contentUrl\":\"https:\\\/\\\/secure.gravatar.com\\\/avatar\\\/42749d8b712ff9d59ca93dc150494e5b55a44134482993f5baeb97e61b7ecc89?s=96&d=mm&r=g\",\"caption\":\"Roberto\"},\"url\":\"https:\\\/\\\/regiaonews.net.br\\\/2022\\\/author\\\/roberto\\\/\"}]}<\/script>\n<!-- \/ Yoast SEO plugin. -->","yoast_head_json":{"title":"Deic de Ribeir\u00e3o Preto det\u00e9m tr\u00eas homens, recupera caminhonete furtada e apreende R$ 50,2 mil - Regi\u00e3o News","robots":{"index":"index","follow":"follow","max-snippet":"max-snippet:-1","max-image-preview":"max-image-preview:large","max-video-preview":"max-video-preview:-1"},"canonical":"https:\/\/regiaonews.net.br\/2022\/2021\/02\/23\/deic-de-ribeirao-preto-detem-tres-homens-recupera-caminhonete-furtada-e-apreende-r-502-mil\/","og_locale":"pt_BR","og_type":"article","og_title":"Deic de Ribeir\u00e3o Preto det\u00e9m tr\u00eas homens, recupera caminhonete furtada e apreende R$ 50,2 mil - Regi\u00e3o News","og_description":"Nas a\u00e7\u00f5es tamb\u00e9m foram recolhidas 158 pedras de crack e","og_url":"https:\/\/regiaonews.net.br\/2022\/2021\/02\/23\/deic-de-ribeirao-preto-detem-tres-homens-recupera-caminhonete-furtada-e-apreende-r-502-mil\/","og_site_name":"Regi\u00e3o News","article_published_time":"2021-02-23T21:58:42+00:00","og_image":[{"width":1000,"height":459,"url":"https:\/\/regiaonews.net.br\/2022\/wp-content\/uploads\/2021\/02\/00044013.png","type":"image\/png"}],"author":"Roberto","twitter_card":"summary_large_image","twitter_misc":{"Escrito por":"Roberto","Est. tempo de leitura":"2 minutos"},"schema":{"@context":"https:\/\/schema.org","@graph":[{"@type":"Article","@id":"https:\/\/regiaonews.net.br\/2022\/2021\/02\/23\/deic-de-ribeirao-preto-detem-tres-homens-recupera-caminhonete-furtada-e-apreende-r-502-mil\/#article","isPartOf":{"@id":"https:\/\/regiaonews.net.br\/2022\/2021\/02\/23\/deic-de-ribeirao-preto-detem-tres-homens-recupera-caminhonete-furtada-e-apreende-r-502-mil\/"},"author":{"name":"Roberto","@id":"https:\/\/regiaonews.net.br\/2022\/#\/schema\/person\/2d205a608a5aa97ac279d7a5e6d89ad8"},"headline":"Deic de Ribeir\u00e3o Preto det\u00e9m tr\u00eas homens, recupera caminhonete furtada e apreende R$ 50,2 mil","datePublished":"2021-02-23T21:58:42+00:00","mainEntityOfPage":{"@id":"https:\/\/regiaonews.net.br\/2022\/2021\/02\/23\/deic-de-ribeirao-preto-detem-tres-homens-recupera-caminhonete-furtada-e-apreende-r-502-mil\/"},"wordCount":385,"commentCount":0,"publisher":{"@id":"https:\/\/regiaonews.net.br\/2022\/#organization"},"image":{"@id":"https:\/\/regiaonews.net.br\/2022\/2021\/02\/23\/deic-de-ribeirao-preto-detem-tres-homens-recupera-caminhonete-furtada-e-apreende-r-502-mil\/#primaryimage"},"thumbnailUrl":"https:\/\/regiaonews.net.br\/2022\/wp-content\/uploads\/2021\/02\/00044013.png","articleSection":["Cidades","Policia","Ribeir\u00e3o Preto"],"inLanguage":"pt-BR","potentialAction":[{"@type":"CommentAction","name":"Comment","target":["https:\/\/regiaonews.net.br\/2022\/2021\/02\/23\/deic-de-ribeirao-preto-detem-tres-homens-recupera-caminhonete-furtada-e-apreende-r-502-mil\/#respond"]}]},{"@type":"WebPage","@id":"https:\/\/regiaonews.net.br\/2022\/2021\/02\/23\/deic-de-ribeirao-preto-detem-tres-homens-recupera-caminhonete-furtada-e-apreende-r-502-mil\/","url":"https:\/\/regiaonews.net.br\/2022\/2021\/02\/23\/deic-de-ribeirao-preto-detem-tres-homens-recupera-caminhonete-furtada-e-apreende-r-502-mil\/","name":"Deic de Ribeir\u00e3o Preto det\u00e9m tr\u00eas homens, recupera caminhonete furtada e apreende R$ 50,2 mil - Regi\u00e3o News","isPartOf":{"@id":"https:\/\/regiaonews.net.br\/2022\/#website"},"primaryImageOfPage":{"@id":"https:\/\/regiaonews.net.br\/2022\/2021\/02\/23\/deic-de-ribeirao-preto-detem-tres-homens-recupera-caminhonete-furtada-e-apreende-r-502-mil\/#primaryimage"},"image":{"@id":"https:\/\/regiaonews.net.br\/2022\/2021\/02\/23\/deic-de-ribeirao-preto-detem-tres-homens-recupera-caminhonete-furtada-e-apreende-r-502-mil\/#primaryimage"},"thumbnailUrl":"https:\/\/regiaonews.net.br\/2022\/wp-content\/uploads\/2021\/02\/00044013.png","datePublished":"2021-02-23T21:58:42+00:00","breadcrumb":{"@id":"https:\/\/regiaonews.net.br\/2022\/2021\/02\/23\/deic-de-ribeirao-preto-detem-tres-homens-recupera-caminhonete-furtada-e-apreende-r-502-mil\/#breadcrumb"},"inLanguage":"pt-BR","potentialAction":[{"@type":"ReadAction","target":["https:\/\/regiaonews.net.br\/2022\/2021\/02\/23\/deic-de-ribeirao-preto-detem-tres-homens-recupera-caminhonete-furtada-e-apreende-r-502-mil\/"]}]},{"@type":"ImageObject","inLanguage":"pt-BR","@id":"https:\/\/regiaonews.net.br\/2022\/2021\/02\/23\/deic-de-ribeirao-preto-detem-tres-homens-recupera-caminhonete-furtada-e-apreende-r-502-mil\/#primaryimage","url":"https:\/\/regiaonews.net.br\/2022\/wp-content\/uploads\/2021\/02\/00044013.png","contentUrl":"https:\/\/regiaonews.net.br\/2022\/wp-content\/uploads\/2021\/02\/00044013.png","width":1000,"height":459},{"@type":"BreadcrumbList","@id":"https:\/\/regiaonews.net.br\/2022\/2021\/02\/23\/deic-de-ribeirao-preto-detem-tres-homens-recupera-caminhonete-furtada-e-apreende-r-502-mil\/#breadcrumb","itemListElement":[{"@type":"ListItem","position":1,"name":"In\u00edcio","item":"https:\/\/regiaonews.net.br\/2022\/"},{"@type":"ListItem","position":2,"name":"Deic de Ribeir\u00e3o Preto det\u00e9m tr\u00eas homens, recupera caminhonete furtada e apreende R$ 50,2 mil"}]},{"@type":"WebSite","@id":"https:\/\/regiaonews.net.br\/2022\/#website","url":"https:\/\/regiaonews.net.br\/2022\/","name":"Regi\u00e3o News","description":"Site de Not\u00edcias de Barretos e regi\u00e3o","publisher":{"@id":"https:\/\/regiaonews.net.br\/2022\/#organization"},"potentialAction":[{"@type":"SearchAction","target":{"@type":"EntryPoint","urlTemplate":"https:\/\/regiaonews.net.br\/2022\/?s={search_term_string}"},"query-input":{"@type":"PropertyValueSpecification","valueRequired":true,"valueName":"search_term_string"}}],"inLanguage":"pt-BR"},{"@type":"Organization","@id":"https:\/\/regiaonews.net.br\/2022\/#organization","name":"Regi\u00e3o News","url":"https:\/\/regiaonews.net.br\/2022\/","logo":{"@type":"ImageObject","inLanguage":"pt-BR","@id":"https:\/\/regiaonews.net.br\/2022\/#\/schema\/logo\/image\/","url":"https:\/\/regiaonews.net.br\/2022\/wp-content\/uploads\/2026\/03\/regiao-13-anos-scaled.jpg","contentUrl":"https:\/\/regiaonews.net.br\/2022\/wp-content\/uploads\/2026\/03\/regiao-13-anos-scaled.jpg","width":2560,"height":635,"caption":"Regi\u00e3o News"},"image":{"@id":"https:\/\/regiaonews.net.br\/2022\/#\/schema\/logo\/image\/"}},{"@type":"Person","@id":"https:\/\/regiaonews.net.br\/2022\/#\/schema\/person\/2d205a608a5aa97ac279d7a5e6d89ad8","name":"Roberto","image":{"@type":"ImageObject","inLanguage":"pt-BR","@id":"https:\/\/secure.gravatar.com\/avatar\/42749d8b712ff9d59ca93dc150494e5b55a44134482993f5baeb97e61b7ecc89?s=96&d=mm&r=g","url":"https:\/\/secure.gravatar.com\/avatar\/42749d8b712ff9d59ca93dc150494e5b55a44134482993f5baeb97e61b7ecc89?s=96&d=mm&r=g","contentUrl":"https:\/\/secure.gravatar.com\/avatar\/42749d8b712ff9d59ca93dc150494e5b55a44134482993f5baeb97e61b7ecc89?s=96&d=mm&r=g","caption":"Roberto"},"url":"https:\/\/regiaonews.net.br\/2022\/author\/roberto\/"}]}},"publishpress_future_action":{"enabled":false,"date":"2026-05-03 17:34:24","action":"change-status","newStatus":"draft","terms":[],"taxonomy":"category","extraData":[]},"publishpress_future_workflow_manual_trigger":{"enabledWorkflows":[]},"_links":{"self":[{"href":"https:\/\/regiaonews.net.br\/2022\/wp-json\/wp\/v2\/posts\/43454","targetHints":{"allow":["GET"]}}],"collection":[{"href":"https:\/\/regiaonews.net.br\/2022\/wp-json\/wp\/v2\/posts"}],"about":[{"href":"https:\/\/regiaonews.net.br\/2022\/wp-json\/wp\/v2\/types\/post"}],"author":[{"embeddable":true,"href":"https:\/\/regiaonews.net.br\/2022\/wp-json\/wp\/v2\/users\/2"}],"replies":[{"embeddable":true,"href":"https:\/\/regiaonews.net.br\/2022\/wp-json\/wp\/v2\/comments?post=43454"}],"version-history":[{"count":0,"href":"https:\/\/regiaonews.net.br\/2022\/wp-json\/wp\/v2\/posts\/43454\/revisions"}],"wp:featuredmedia":[{"embeddable":true,"href":"https:\/\/regiaonews.net.br\/2022\/wp-json\/wp\/v2\/media\/43455"}],"wp:attachment":[{"href":"https:\/\/regiaonews.net.br\/2022\/wp-json\/wp\/v2\/media?parent=43454"}],"wp:term":[{"taxonomy":"category","embeddable":true,"href":"https:\/\/regiaonews.net.br\/2022\/wp-json\/wp\/v2\/categories?post=43454"},{"taxonomy":"post_tag","embeddable":true,"href":"https:\/\/regiaonews.net.br\/2022\/wp-json\/wp\/v2\/tags?post=43454"}],"curies":[{"name":"wp","href":"https:\/\/api.w.org\/{rel}","templated":true}]}}